{"id":82264,"date":"2024-02-29T13:38:40","date_gmt":"2024-02-29T16:38:40","guid":{"rendered":"https:\/\/www.celttv.com.ar\/?p=82264"},"modified":"2024-02-29T13:45:14","modified_gmt":"2024-02-29T16:45:14","slug":"todas-las-actividades-de-natacion-vuelven-a-concentrarse-en-la-pileta-climatizada","status":"publish","type":"post","link":"https:\/\/www.celttv.com.ar\/index.php\/2024\/02\/29\/todas-las-actividades-de-natacion-vuelven-a-concentrarse-en-la-pileta-climatizada\/","title":{"rendered":"Todas las actividades de nataci\u00f3n vuelven a concentrarse en la pileta climatizada"},"content":{"rendered":"<p align=\"JUSTIFY\"><span style=\"font-family: Arial, serif;\">Luego de la temporada estival, en la que algunas de las disciplinas de nataci\u00f3n se dictaron en las piletas descubiertas, desde el lunes 4 de marzo toda la actividad volver\u00e1 a concentrarse en el Natatorio Climatizado Municipal.<\/span><\/p>\n<p align=\"JUSTIFY\"><span style=\"font-family: Arial, serif;\">La piscina funcionar\u00e1 de lunes a viernes de 7 a 22 horas, con una amplia oferta de opciones para todas las edades y niveles.<\/span><\/p>\n<p align=\"JUSTIFY\"><span style=\"font-family: Arial, serif;\">Se dictar\u00e1n nataci\u00f3n para adultos, pileta libre, ambientaci\u00f3n (4 a 6 a\u00f1os), Iniciaci\u00f3n acu\u00e1tica (8 meses a 3 a\u00f1os), terapia acu\u00e1tica, aquagym y nataci\u00f3n niveles 1 (6 a 8 a\u00f1os), 2 (9 a 12) y 3 (adolescentes). <\/span><\/p>\n<p align=\"JUSTIFY\"><span style=\"font-family: Arial, serif;\">En el lugar tambi\u00e9n desarrollar\u00e1 actividades el CEF N\u00ba 9.<\/span><\/p>\n<p align=\"JUSTIFY\"><span style=\"font-family: Arial, serif;\">Por consultas, comunicarse de 7 a 22 hs por WhatsApp al 2915391088 o personalmente en el natatorio en el mismo horario.<\/span><\/p>\n<p align=\"JUSTIFY\"><img loading=\"lazy\" decoding=\"async\" class=\"alignnone wp-image-82265 size-large\" src=\"https:\/\/www.celttv.com.ar\/wp-content\/uploads\/2024\/02\/thumbnail-724x1024.jpg\" alt=\"\" width=\"724\" height=\"1024\" srcset=\"https:\/\/www.celttv.com.ar\/wp-content\/uploads\/2024\/02\/thumbnail-724x1024.jpg 724w, https:\/\/www.celttv.com.ar\/wp-content\/uploads\/2024\/02\/thumbnail-212x300.jpg 212w, https:\/\/www.celttv.com.ar\/wp-content\/uploads\/2024\/02\/thumbnail-768x1086.jpg 768w, https:\/\/www.celttv.com.ar\/wp-content\/uploads\/2024\/02\/thumbnail-750x1060.jpg 750w, https:\/\/www.celttv.com.ar\/wp-content\/uploads\/2024\/02\/thumbnail.jpg 1080w\" sizes=\"auto, (max-width: 724px) 100vw, 724px\" \/><\/p>\n","protected":false},"excerpt":{"rendered":"<p>Luego de la temporada estival, en la que algunas de las disciplinas de nataci\u00f3n se dictaron en las piletas descubiertas, desde el lunes 4 de marzo toda la actividad volver\u00e1 a concentrarse en el Natatorio Climatizado Municipal. La piscina funcionar\u00e1 de lunes a viernes de 7 a 22 horas, con una amplia oferta de opciones [&hellip;]<\/p>\n","protected":false},"author":5,"featured_media":82266,"comment_status":"closed","ping_status":"closed","sticky":false,"template":"","format":"standard","meta":{"footnotes":""},"categories":[55],"tags":[],"class_list":["post-82264","post","type-post","status-publish","format-standard","has-post-thumbnail","hentry","category-celt-tv-noticias"],"yoast_head":"<!-- This site is optimized with the Yoast SEO plugin v19.7.1 - https:\/\/yoast.com\/wordpress\/plugins\/seo\/ -->\n<title>Todas las actividades de nataci\u00f3n vuelven a concentrarse en la pileta climatizada - CELTTV<\/title>\n<meta name=\"description\" content=\"Sitio web de noticias de la localidad de Tornquist, provincia de Buenos Aires, Rep\u00fablica Argentina. Contenido propio originado por periodistas de CELTTV, el canal de TV local de la Cooperativa El\u00e9ctrica de Tornquist. Turismo, Pol\u00edtica, Sociedad, Deporte, Cultura y todo el contenido de inter\u00e9s general que la gente del pueblo y la regi\u00f3n debe conocer.\" \/>\n<meta name=\"robots\" content=\"index, follow, max-snippet:-1, max-image-preview:large, max-video-preview:-1\" \/>\n<link rel=\"canonical\" href=\"https:\/\/www.celttv.com.ar\/index.php\/2024\/02\/29\/todas-las-actividades-de-natacion-vuelven-a-concentrarse-en-la-pileta-climatizada\/\" \/>\n<meta property=\"og:locale\" content=\"es_ES\" \/>\n<meta property=\"og:type\" content=\"article\" \/>\n<meta property=\"og:title\" content=\"Todas las actividades de nataci\u00f3n vuelven a concentrarse en la pileta climatizada - CELTTV\" \/>\n<meta property=\"og:description\" content=\"Sitio web de noticias de la localidad de Tornquist, provincia de Buenos Aires, Rep\u00fablica Argentina. Contenido propio originado por periodistas de CELTTV, el canal de TV local de la Cooperativa El\u00e9ctrica de Tornquist. Turismo, Pol\u00edtica, Sociedad, Deporte, Cultura y todo el contenido de inter\u00e9s general que la gente del pueblo y la regi\u00f3n debe conocer.\" \/>\n<meta property=\"og:url\" content=\"https:\/\/www.celttv.com.ar\/index.php\/2024\/02\/29\/todas-las-actividades-de-natacion-vuelven-a-concentrarse-en-la-pileta-climatizada\/\" \/>\n<meta property=\"og:site_name\" content=\"CELTTV\" \/>\n<meta property=\"article:publisher\" content=\"https:\/\/www.facebook.com\/celtTV\/\" \/>\n<meta property=\"article:published_time\" content=\"2024-02-29T16:38:40+00:00\" \/>\n<meta property=\"article:modified_time\" content=\"2024-02-29T16:45:14+00:00\" \/>\n<meta property=\"og:image\" content=\"https:\/\/www.celttv.com.ar\/wp-content\/uploads\/2024\/02\/inauguracion-natatorio-municipal-3-copy-2.jpeg_1600.jpeg\" \/>\n\t<meta property=\"og:image:width\" content=\"1600\" \/>\n\t<meta property=\"og:image:height\" content=\"900\" \/>\n\t<meta property=\"og:image:type\" content=\"image\/jpeg\" \/>\n<meta name=\"author\" content=\"Miguel Herrada\" \/>\n<meta name=\"twitter:card\" content=\"summary_large_image\" \/>\n<meta name=\"twitter:label1\" content=\"Escrito por\" \/>\n\t<meta name=\"twitter:data1\" content=\"Miguel Herrada\" \/>\n\t<meta name=\"twitter:label2\" content=\"Tiempo de lectura\" \/>\n\t<meta name=\"twitter:data2\" content=\"1 minuto\" \/>\n<script type=\"application\/ld+json\" class=\"yoast-schema-graph\">{\"@context\":\"https:\/\/schema.org\",\"@graph\":[{\"@type\":\"NewsArticle\",\"@id\":\"https:\/\/www.celttv.com.ar\/index.php\/2024\/02\/29\/todas-las-actividades-de-natacion-vuelven-a-concentrarse-en-la-pileta-climatizada\/#article\",\"isPartOf\":{\"@id\":\"https:\/\/www.celttv.com.ar\/index.php\/2024\/02\/29\/todas-las-actividades-de-natacion-vuelven-a-concentrarse-en-la-pileta-climatizada\/\"},\"author\":{\"name\":\"Miguel Herrada\",\"@id\":\"https:\/\/www.celttv.com.ar\/#\/schema\/person\/9059dc91dc7204ef4182cdb65225f07d\"},\"headline\":\"Todas las actividades de nataci\u00f3n vuelven a concentrarse en la pileta climatizada\",\"datePublished\":\"2024-02-29T16:38:40+00:00\",\"dateModified\":\"2024-02-29T16:45:14+00:00\",\"mainEntityOfPage\":{\"@id\":\"https:\/\/www.celttv.com.ar\/index.php\/2024\/02\/29\/todas-las-actividades-de-natacion-vuelven-a-concentrarse-en-la-pileta-climatizada\/\"},\"wordCount\":136,\"publisher\":{\"@id\":\"https:\/\/www.celttv.com.ar\/#organization\"},\"articleSection\":[\"Celt TV Noticias\"],\"inLanguage\":\"es\"},{\"@type\":\"WebPage\",\"@id\":\"https:\/\/www.celttv.com.ar\/index.php\/2024\/02\/29\/todas-las-actividades-de-natacion-vuelven-a-concentrarse-en-la-pileta-climatizada\/\",\"url\":\"https:\/\/www.celttv.com.ar\/index.php\/2024\/02\/29\/todas-las-actividades-de-natacion-vuelven-a-concentrarse-en-la-pileta-climatizada\/\",\"name\":\"Todas las actividades de nataci\u00f3n vuelven a concentrarse en la pileta climatizada - CELTTV\",\"isPartOf\":{\"@id\":\"https:\/\/www.celttv.com.ar\/#website\"},\"datePublished\":\"2024-02-29T16:38:40+00:00\",\"dateModified\":\"2024-02-29T16:45:14+00:00\",\"description\":\"Sitio web de noticias de la localidad de Tornquist, provincia de Buenos Aires, Rep\u00fablica Argentina. Contenido propio originado por periodistas de CELTTV, el canal de TV local de la Cooperativa El\u00e9ctrica de Tornquist. Turismo, Pol\u00edtica, Sociedad, Deporte, Cultura y todo el contenido de inter\u00e9s general que la gente del pueblo y la regi\u00f3n debe conocer.\",\"breadcrumb\":{\"@id\":\"https:\/\/www.celttv.com.ar\/index.php\/2024\/02\/29\/todas-las-actividades-de-natacion-vuelven-a-concentrarse-en-la-pileta-climatizada\/#breadcrumb\"},\"inLanguage\":\"es\",\"potentialAction\":[{\"@type\":\"ReadAction\",\"target\":[\"https:\/\/www.celttv.com.ar\/index.php\/2024\/02\/29\/todas-las-actividades-de-natacion-vuelven-a-concentrarse-en-la-pileta-climatizada\/\"]}]},{\"@type\":\"BreadcrumbList\",\"@id\":\"https:\/\/www.celttv.com.ar\/index.php\/2024\/02\/29\/todas-las-actividades-de-natacion-vuelven-a-concentrarse-en-la-pileta-climatizada\/#breadcrumb\",\"itemListElement\":[{\"@type\":\"ListItem\",\"position\":1,\"name\":\"Inicio\",\"item\":\"https:\/\/www.celttv.com.ar\/\"},{\"@type\":\"ListItem\",\"position\":2,\"name\":\"Todas las actividades de nataci\u00f3n vuelven a concentrarse en la pileta climatizada\"}]},{\"@type\":\"WebSite\",\"@id\":\"https:\/\/www.celttv.com.ar\/#website\",\"url\":\"https:\/\/www.celttv.com.ar\/\",\"name\":\"CELTTV\",\"description\":\"Cooperativa El\u00e9ctrica de Tornquist\",\"publisher\":{\"@id\":\"https:\/\/www.celttv.com.ar\/#organization\"},\"potentialAction\":[{\"@type\":\"SearchAction\",\"target\":{\"@type\":\"EntryPoint\",\"urlTemplate\":\"https:\/\/www.celttv.com.ar\/?s={search_term_string}\"},\"query-input\":\"required name=search_term_string\"}],\"inLanguage\":\"es\"},{\"@type\":\"Organization\",\"@id\":\"https:\/\/www.celttv.com.ar\/#organization\",\"name\":\"CELTTV\",\"url\":\"https:\/\/www.celttv.com.ar\/\",\"sameAs\":[\"https:\/\/www.youtube.com\/channel\/UCz_oIt8Hig64Ub-EmcNPIhg\",\"https:\/\/www.facebook.com\/celtTV\/\"],\"logo\":{\"@type\":\"ImageObject\",\"inLanguage\":\"es\",\"@id\":\"https:\/\/www.celttv.com.ar\/#\/schema\/logo\/image\/\",\"url\":\"http:\/\/www.celttv.com.ar\/wp-content\/uploads\/2022\/08\/logo-1.png\",\"contentUrl\":\"http:\/\/www.celttv.com.ar\/wp-content\/uploads\/2022\/08\/logo-1.png\",\"width\":461,\"height\":159,\"caption\":\"CELTTV\"},\"image\":{\"@id\":\"https:\/\/www.celttv.com.ar\/#\/schema\/logo\/image\/\"}},{\"@type\":\"Person\",\"@id\":\"https:\/\/www.celttv.com.ar\/#\/schema\/person\/9059dc91dc7204ef4182cdb65225f07d\",\"name\":\"Miguel Herrada\",\"image\":{\"@type\":\"ImageObject\",\"inLanguage\":\"es\",\"@id\":\"https:\/\/www.celttv.com.ar\/#\/schema\/person\/image\/\",\"url\":\"https:\/\/secure.gravatar.com\/avatar\/67724d5b3c716623ffd76bec7e45841a442ac3b456e914dbba90b0fad2b8e0b1?s=96&d=mm&r=g\",\"contentUrl\":\"https:\/\/secure.gravatar.com\/avatar\/67724d5b3c716623ffd76bec7e45841a442ac3b456e914dbba90b0fad2b8e0b1?s=96&d=mm&r=g\",\"caption\":\"Miguel Herrada\"}}]}<\/script>\n<!-- \/ Yoast SEO plugin. -->","yoast_head_json":{"title":"Todas las actividades de nataci\u00f3n vuelven a concentrarse en la pileta climatizada - CELTTV","description":"Sitio web de noticias de la localidad de Tornquist, provincia de Buenos Aires, Rep\u00fablica Argentina. Contenido propio originado por periodistas de CELTTV, el canal de TV local de la Cooperativa El\u00e9ctrica de Tornquist. Turismo, Pol\u00edtica, Sociedad, Deporte, Cultura y todo el contenido de inter\u00e9s general que la gente del pueblo y la regi\u00f3n debe conocer.","robots":{"index":"index","follow":"follow","max-snippet":"max-snippet:-1","max-image-preview":"max-image-preview:large","max-video-preview":"max-video-preview:-1"},"canonical":"https:\/\/www.celttv.com.ar\/index.php\/2024\/02\/29\/todas-las-actividades-de-natacion-vuelven-a-concentrarse-en-la-pileta-climatizada\/","og_locale":"es_ES","og_type":"article","og_title":"Todas las actividades de nataci\u00f3n vuelven a concentrarse en la pileta climatizada - CELTTV","og_description":"Sitio web de noticias de la localidad de Tornquist, provincia de Buenos Aires, Rep\u00fablica Argentina. Contenido propio originado por periodistas de CELTTV, el canal de TV local de la Cooperativa El\u00e9ctrica de Tornquist. Turismo, Pol\u00edtica, Sociedad, Deporte, Cultura y todo el contenido de inter\u00e9s general que la gente del pueblo y la regi\u00f3n debe conocer.","og_url":"https:\/\/www.celttv.com.ar\/index.php\/2024\/02\/29\/todas-las-actividades-de-natacion-vuelven-a-concentrarse-en-la-pileta-climatizada\/","og_site_name":"CELTTV","article_publisher":"https:\/\/www.facebook.com\/celtTV\/","article_published_time":"2024-02-29T16:38:40+00:00","article_modified_time":"2024-02-29T16:45:14+00:00","og_image":[{"width":1600,"height":900,"url":"https:\/\/www.celttv.com.ar\/wp-content\/uploads\/2024\/02\/inauguracion-natatorio-municipal-3-copy-2.jpeg_1600.jpeg","type":"image\/jpeg"}],"author":"Miguel Herrada","twitter_card":"summary_large_image","twitter_misc":{"Escrito por":"Miguel Herrada","Tiempo de lectura":"1 minuto"},"schema":{"@context":"https:\/\/schema.org","@graph":[{"@type":"NewsArticle","@id":"https:\/\/www.celttv.com.ar\/index.php\/2024\/02\/29\/todas-las-actividades-de-natacion-vuelven-a-concentrarse-en-la-pileta-climatizada\/#article","isPartOf":{"@id":"https:\/\/www.celttv.com.ar\/index.php\/2024\/02\/29\/todas-las-actividades-de-natacion-vuelven-a-concentrarse-en-la-pileta-climatizada\/"},"author":{"name":"Miguel Herrada","@id":"https:\/\/www.celttv.com.ar\/#\/schema\/person\/9059dc91dc7204ef4182cdb65225f07d"},"headline":"Todas las actividades de nataci\u00f3n vuelven a concentrarse en la pileta climatizada","datePublished":"2024-02-29T16:38:40+00:00","dateModified":"2024-02-29T16:45:14+00:00","mainEntityOfPage":{"@id":"https:\/\/www.celttv.com.ar\/index.php\/2024\/02\/29\/todas-las-actividades-de-natacion-vuelven-a-concentrarse-en-la-pileta-climatizada\/"},"wordCount":136,"publisher":{"@id":"https:\/\/www.celttv.com.ar\/#organization"},"articleSection":["Celt TV Noticias"],"inLanguage":"es"},{"@type":"WebPage","@id":"https:\/\/www.celttv.com.ar\/index.php\/2024\/02\/29\/todas-las-actividades-de-natacion-vuelven-a-concentrarse-en-la-pileta-climatizada\/","url":"https:\/\/www.celttv.com.ar\/index.php\/2024\/02\/29\/todas-las-actividades-de-natacion-vuelven-a-concentrarse-en-la-pileta-climatizada\/","name":"Todas las actividades de nataci\u00f3n vuelven a concentrarse en la pileta climatizada - CELTTV","isPartOf":{"@id":"https:\/\/www.celttv.com.ar\/#website"},"datePublished":"2024-02-29T16:38:40+00:00","dateModified":"2024-02-29T16:45:14+00:00","description":"Sitio web de noticias de la localidad de Tornquist, provincia de Buenos Aires, Rep\u00fablica Argentina. Contenido propio originado por periodistas de CELTTV, el canal de TV local de la Cooperativa El\u00e9ctrica de Tornquist. Turismo, Pol\u00edtica, Sociedad, Deporte, Cultura y todo el contenido de inter\u00e9s general que la gente del pueblo y la regi\u00f3n debe conocer.","breadcrumb":{"@id":"https:\/\/www.celttv.com.ar\/index.php\/2024\/02\/29\/todas-las-actividades-de-natacion-vuelven-a-concentrarse-en-la-pileta-climatizada\/#breadcrumb"},"inLanguage":"es","potentialAction":[{"@type":"ReadAction","target":["https:\/\/www.celttv.com.ar\/index.php\/2024\/02\/29\/todas-las-actividades-de-natacion-vuelven-a-concentrarse-en-la-pileta-climatizada\/"]}]},{"@type":"BreadcrumbList","@id":"https:\/\/www.celttv.com.ar\/index.php\/2024\/02\/29\/todas-las-actividades-de-natacion-vuelven-a-concentrarse-en-la-pileta-climatizada\/#breadcrumb","itemListElement":[{"@type":"ListItem","position":1,"name":"Inicio","item":"https:\/\/www.celttv.com.ar\/"},{"@type":"ListItem","position":2,"name":"Todas las actividades de nataci\u00f3n vuelven a concentrarse en la pileta climatizada"}]},{"@type":"WebSite","@id":"https:\/\/www.celttv.com.ar\/#website","url":"https:\/\/www.celttv.com.ar\/","name":"CELTTV","description":"Cooperativa El\u00e9ctrica de Tornquist","publisher":{"@id":"https:\/\/www.celttv.com.ar\/#organization"},"potentialAction":[{"@type":"SearchAction","target":{"@type":"EntryPoint","urlTemplate":"https:\/\/www.celttv.com.ar\/?s={search_term_string}"},"query-input":"required name=search_term_string"}],"inLanguage":"es"},{"@type":"Organization","@id":"https:\/\/www.celttv.com.ar\/#organization","name":"CELTTV","url":"https:\/\/www.celttv.com.ar\/","sameAs":["https:\/\/www.youtube.com\/channel\/UCz_oIt8Hig64Ub-EmcNPIhg","https:\/\/www.facebook.com\/celtTV\/"],"logo":{"@type":"ImageObject","inLanguage":"es","@id":"https:\/\/www.celttv.com.ar\/#\/schema\/logo\/image\/","url":"http:\/\/www.celttv.com.ar\/wp-content\/uploads\/2022\/08\/logo-1.png","contentUrl":"http:\/\/www.celttv.com.ar\/wp-content\/uploads\/2022\/08\/logo-1.png","width":461,"height":159,"caption":"CELTTV"},"image":{"@id":"https:\/\/www.celttv.com.ar\/#\/schema\/logo\/image\/"}},{"@type":"Person","@id":"https:\/\/www.celttv.com.ar\/#\/schema\/person\/9059dc91dc7204ef4182cdb65225f07d","name":"Miguel Herrada","image":{"@type":"ImageObject","inLanguage":"es","@id":"https:\/\/www.celttv.com.ar\/#\/schema\/person\/image\/","url":"https:\/\/secure.gravatar.com\/avatar\/67724d5b3c716623ffd76bec7e45841a442ac3b456e914dbba90b0fad2b8e0b1?s=96&d=mm&r=g","contentUrl":"https:\/\/secure.gravatar.com\/avatar\/67724d5b3c716623ffd76bec7e45841a442ac3b456e914dbba90b0fad2b8e0b1?s=96&d=mm&r=g","caption":"Miguel Herrada"}}]}},"_links":{"self":[{"href":"https:\/\/www.celttv.com.ar\/index.php\/wp-json\/wp\/v2\/posts\/82264","targetHints":{"allow":["GET"]}}],"collection":[{"href":"https:\/\/www.celttv.com.ar\/index.php\/wp-json\/wp\/v2\/posts"}],"about":[{"href":"https:\/\/www.celttv.com.ar\/index.php\/wp-json\/wp\/v2\/types\/post"}],"author":[{"embeddable":true,"href":"https:\/\/www.celttv.com.ar\/index.php\/wp-json\/wp\/v2\/users\/5"}],"replies":[{"embeddable":true,"href":"https:\/\/www.celttv.com.ar\/index.php\/wp-json\/wp\/v2\/comments?post=82264"}],"version-history":[{"count":1,"href":"https:\/\/www.celttv.com.ar\/index.php\/wp-json\/wp\/v2\/posts\/82264\/revisions"}],"predecessor-version":[{"id":82267,"href":"https:\/\/www.celttv.com.ar\/index.php\/wp-json\/wp\/v2\/posts\/82264\/revisions\/82267"}],"wp:featuredmedia":[{"embeddable":true,"href":"https:\/\/www.celttv.com.ar\/index.php\/wp-json\/wp\/v2\/media\/82266"}],"wp:attachment":[{"href":"https:\/\/www.celttv.com.ar\/index.php\/wp-json\/wp\/v2\/media?parent=82264"}],"wp:term":[{"taxonomy":"category","embeddable":true,"href":"https:\/\/www.celttv.com.ar\/index.php\/wp-json\/wp\/v2\/categories?post=82264"},{"taxonomy":"post_tag","embeddable":true,"href":"https:\/\/www.celttv.com.ar\/index.php\/wp-json\/wp\/v2\/tags?post=82264"}],"curies":[{"name":"wp","href":"https:\/\/api.w.org\/{rel}","templated":true}]}}