{"id":82307,"date":"2024-03-01T23:11:57","date_gmt":"2024-03-02T02:11:57","guid":{"rendered":"https:\/\/www.celttv.com.ar\/?p=82307"},"modified":"2024-03-01T23:41:42","modified_gmt":"2024-03-02T02:41:42","slug":"bordoni-critico-al-gobierno-y-menciono-que-financiara-obras-con-el-presupuesto-municipal-video","status":"publish","type":"post","link":"https:\/\/www.celttv.com.ar\/index.php\/2024\/03\/01\/bordoni-critico-al-gobierno-y-menciono-que-financiara-obras-con-el-presupuesto-municipal-video\/","title":{"rendered":"Bordoni critic\u00f3 al gobierno y mencion\u00f3 que financiar\u00e1 obras con el presupuesto municipal (Video)"},"content":{"rendered":"<p>El intendente Sergio Bordoni, con una extensa alocuci\u00f3n en el que dej\u00f3 inaugurado el per\u00eddo ordinario del HCD, agradeci\u00f3 a la gente la preocupaci\u00f3n por su estado de salud, resalt\u00f3 la tarea realizada por el Ejecutivo Municipal, anunci\u00f3 la continuaci\u00f3n de obras en general, el pago del subsidio al transporte y adelant\u00f3 que se elabor\u00f3 un informe en el que buscar\u00e1 la futura disoluci\u00f3n de la Comisi\u00f3n Vial, entre otros temas.<\/p>\n<p>&#8220;Nos vamos a manejar este a\u00f1o como si estuvieramos en pandemia porque estamos en manos de un gobierno al que todavia no sabemos que puerta golpearle porque tiene \u00e1reas, como la obras p\u00fablicas, que no est\u00e1n cubiertas por ning\u00fan funcionario.Teniendo en cuenta que ten\u00edamos obras que estaban licitadas, otras\u00a0 empezadas o a punto de licitar&#8221;, remarc\u00f3 Bordoni.<\/p>\n<p>&#8220;A pesar del aumento de los servicios y los gastos que debe afrontar el municipio, no hemos resentido la prestaci\u00f3n de los mismos. En el presupuesto de este a\u00f1o teniamos calculado un combustible a 400 pesos, ya con eso el desbarajuste es enorme&#8221;, agreg\u00f3.<\/p>\n<p>Adem\u00e1s, indic\u00f3 que &#8220;voy a necesitar reajustar el presupuesto y para eso necesito de todos los concejales. Vamos a necesitar trabajar en conjunto con los ediles para trazar pol\u00edticas econ\u00f3micas que nos permita sacar \u00e9sto adelante&#8221;, afirm\u00f3.<\/p>\n<p><em><strong>OBRAS.<\/strong><\/em><\/p>\n<p>Con respecto a la obra de agua de Villa Serrana La Gruta, Bordoni mencion\u00f3 que la misma se encuentra neutralizada para ajustar los valores de la misma.<\/p>\n<p>&#8220;La obra no esta abandonada, seguro en pocos meses m\u00e1s los vecinos van a poder contar con el servicio de agua potable&#8221;, se\u00f1al\u00f3.<\/p>\n<p>Con respecto al geri\u00e1trico de Saldungaray, Bordoni mencion\u00f3 que se comenz\u00f3 con la restauraci\u00f3n del edificio y en breve se habilitar\u00e1 el mismo con una capacidad de 11 plazas.<\/p>\n<p>&#8220;Estimo que el geri\u00e1trico deber\u00eda estar funcionando entre los pr\u00f3ximos 60 o 90 d\u00edas. \u00c9sta como tantas obras que ten\u00edan partidas adjudicadas, la mismas no alcanzan, y ser\u00e1n terminadas con presupuesto municipal&#8221;. afirm\u00f3.<\/p>\n<p>A su vez, asegur\u00f3 que se continuar\u00e1 con la construcci\u00f3n de la pileta municipal de Saldungaray, ya que han dialogado con la empresa que est\u00e1 a cargo de la obra.<\/p>\n<p>&#8220;La obra no est\u00e1 abandonada, al igual que la pileta climatizada de Sierra de la Ventana, para la cual se ha hecho una licitaci\u00f3n de ocho millones de pesos para la colocaci\u00f3n de la lona. Creemos que \u00e9sta podr\u00eda estar funcionando para este invierno&#8221;, enfatiz\u00f3.<\/p>\n<p>Por otro lado, el jefe comunal hizo hincapi\u00e9 en la planta de GLP de Villa Ventana, en la cual se sigue trabajando, y asegur\u00f3 que est\u00e1 aguardando una rederterminaci\u00f3n de precios para continuar con la misma.<\/p>\n<p>&#8220;La semana pr\u00f3xima viene Axel Kicillof a Coronel Su\u00e1rez donde vamos a plantear varios temas vinculados a obras, donde los valores de \u00e9stas quedaron desactualizados y tenemos que seguir para poder terminarlas. Ojal\u00e1 la ampliaci\u00f3n en Villa se pueda terminar para el invierno&#8221;, confi\u00f3.<\/p>\n<p>En relaci\u00f3n a mejoras del servicio de agua potable para Sierra de la Ventana, Bordoni mencion\u00f3 que se consigui\u00f3 la realizaci\u00f3n de dos nuevas perforaciones y la construcci\u00f3n de una cisterna.<\/p>\n<p>En materia de viviendas, por un lado Bordoni anunci\u00f3 que viajar\u00e1 al Instituto de la Vivienda con integrantes del gremio de SUTEBA para gestionar viviendas para los docentes y, por el otro, dijo que se encuentran encaminadas la terminaci\u00f3n de 10 casas que ser\u00e1n destinadas al personal de la polic\u00eda de la provincia de Buenos Aires.<\/p>\n<p>Asimismo, adelant\u00f3 que el 14 de marzo se sortear\u00e1n las 29 viviendas constru\u00eddas en la localidad de Saldungaray.<\/p>\n<p>Por \u00faltimo, el intendente se refiri\u00f3 a la Comisi\u00f3n Asesora Vial, para la cual dijo que, si bien es un tema que debe pasar por el HCD, se elabor\u00f3 un informe en el que sugiere la disoluci\u00f3n de la misma.<\/p>\n<p><em><strong>Video de la sesi\u00f3n inaugural.<\/strong><\/em><\/p>\n<p><a href=\"https:\/\/www.facebook.com\/100092366491968\/videos\/905414248043922\/\">https:\/\/www.facebook.com\/100092366491968\/videos\/905414248043922\/<\/a><\/p>\n<p><img loading=\"lazy\" decoding=\"async\" class=\"alignnone wp-image-82308 size-full\" src=\"https:\/\/www.celttv.com.ar\/wp-content\/uploads\/2024\/03\/IMG_1930-Medium.jpg\" alt=\"\" width=\"1152\" height=\"768\" srcset=\"https:\/\/www.celttv.com.ar\/wp-content\/uploads\/2024\/03\/IMG_1930-Medium.jpg 1152w, https:\/\/www.celttv.com.ar\/wp-content\/uploads\/2024\/03\/IMG_1930-Medium-300x200.jpg 300w, https:\/\/www.celttv.com.ar\/wp-content\/uploads\/2024\/03\/IMG_1930-Medium-1024x683.jpg 1024w, https:\/\/www.celttv.com.ar\/wp-content\/uploads\/2024\/03\/IMG_1930-Medium-768x512.jpg 768w, https:\/\/www.celttv.com.ar\/wp-content\/uploads\/2024\/03\/IMG_1930-Medium-750x500.jpg 750w, https:\/\/www.celttv.com.ar\/wp-content\/uploads\/2024\/03\/IMG_1930-Medium-1140x760.jpg 1140w\" sizes=\"auto, (max-width: 1152px) 100vw, 1152px\" \/> <img loading=\"lazy\" decoding=\"async\" class=\"alignnone wp-image-82309 size-full\" src=\"https:\/\/www.celttv.com.ar\/wp-content\/uploads\/2024\/03\/IMG_1931-Medium.jpg\" alt=\"\" width=\"1152\" height=\"768\" srcset=\"https:\/\/www.celttv.com.ar\/wp-content\/uploads\/2024\/03\/IMG_1931-Medium.jpg 1152w, https:\/\/www.celttv.com.ar\/wp-content\/uploads\/2024\/03\/IMG_1931-Medium-300x200.jpg 300w, https:\/\/www.celttv.com.ar\/wp-content\/uploads\/2024\/03\/IMG_1931-Medium-1024x683.jpg 1024w, https:\/\/www.celttv.com.ar\/wp-content\/uploads\/2024\/03\/IMG_1931-Medium-768x512.jpg 768w, https:\/\/www.celttv.com.ar\/wp-content\/uploads\/2024\/03\/IMG_1931-Medium-750x500.jpg 750w, https:\/\/www.celttv.com.ar\/wp-content\/uploads\/2024\/03\/IMG_1931-Medium-1140x760.jpg 1140w\" sizes=\"auto, (max-width: 1152px) 100vw, 1152px\" \/> <img loading=\"lazy\" decoding=\"async\" class=\"alignnone wp-image-82310 size-full\" src=\"https:\/\/www.celttv.com.ar\/wp-content\/uploads\/2024\/03\/IMG_1933-Medium.jpg\" alt=\"\" width=\"1152\" height=\"768\" srcset=\"https:\/\/www.celttv.com.ar\/wp-content\/uploads\/2024\/03\/IMG_1933-Medium.jpg 1152w, https:\/\/www.celttv.com.ar\/wp-content\/uploads\/2024\/03\/IMG_1933-Medium-300x200.jpg 300w, https:\/\/www.celttv.com.ar\/wp-content\/uploads\/2024\/03\/IMG_1933-Medium-1024x683.jpg 1024w, https:\/\/www.celttv.com.ar\/wp-content\/uploads\/2024\/03\/IMG_1933-Medium-768x512.jpg 768w, https:\/\/www.celttv.com.ar\/wp-content\/uploads\/2024\/03\/IMG_1933-Medium-750x500.jpg 750w, https:\/\/www.celttv.com.ar\/wp-content\/uploads\/2024\/03\/IMG_1933-Medium-1140x760.jpg 1140w\" sizes=\"auto, (max-width: 1152px) 100vw, 1152px\" \/> <img loading=\"lazy\" decoding=\"async\" class=\"alignnone wp-image-82311 size-full\" src=\"https:\/\/www.celttv.com.ar\/wp-content\/uploads\/2024\/03\/IMG_1936-Medium.jpg\" alt=\"\" width=\"768\" height=\"1152\" srcset=\"https:\/\/www.celttv.com.ar\/wp-content\/uploads\/2024\/03\/IMG_1936-Medium.jpg 768w, https:\/\/www.celttv.com.ar\/wp-content\/uploads\/2024\/03\/IMG_1936-Medium-200x300.jpg 200w, https:\/\/www.celttv.com.ar\/wp-content\/uploads\/2024\/03\/IMG_1936-Medium-683x1024.jpg 683w, https:\/\/www.celttv.com.ar\/wp-content\/uploads\/2024\/03\/IMG_1936-Medium-750x1125.jpg 750w\" sizes=\"auto, (max-width: 768px) 100vw, 768px\" \/> <img loading=\"lazy\" decoding=\"async\" class=\"alignnone wp-image-82312 size-large\" src=\"https:\/\/www.celttv.com.ar\/wp-content\/uploads\/2024\/03\/IMG_1938-Medium-1024x683.jpg\" alt=\"\" width=\"1024\" height=\"683\" srcset=\"https:\/\/www.celttv.com.ar\/wp-content\/uploads\/2024\/03\/IMG_1938-Medium-1024x683.jpg 1024w, https:\/\/www.celttv.com.ar\/wp-content\/uploads\/2024\/03\/IMG_1938-Medium-300x200.jpg 300w, https:\/\/www.celttv.com.ar\/wp-content\/uploads\/2024\/03\/IMG_1938-Medium-768x512.jpg 768w, https:\/\/www.celttv.com.ar\/wp-content\/uploads\/2024\/03\/IMG_1938-Medium-750x500.jpg 750w, https:\/\/www.celttv.com.ar\/wp-content\/uploads\/2024\/03\/IMG_1938-Medium-1140x760.jpg 1140w, https:\/\/www.celttv.com.ar\/wp-content\/uploads\/2024\/03\/IMG_1938-Medium.jpg 1152w\" sizes=\"auto, (max-width: 1024px) 100vw, 1024px\" \/><\/p>\n<p><img loading=\"lazy\" decoding=\"async\" class=\"alignnone wp-image-82316 size-full\" src=\"https:\/\/www.celttv.com.ar\/wp-content\/uploads\/2024\/03\/IMG_7315-Medium.jpg\" alt=\"\" width=\"1024\" height=\"768\" srcset=\"https:\/\/www.celttv.com.ar\/wp-content\/uploads\/2024\/03\/IMG_7315-Medium.jpg 1024w, https:\/\/www.celttv.com.ar\/wp-content\/uploads\/2024\/03\/IMG_7315-Medium-300x225.jpg 300w, https:\/\/www.celttv.com.ar\/wp-content\/uploads\/2024\/03\/IMG_7315-Medium-768x576.jpg 768w, https:\/\/www.celttv.com.ar\/wp-content\/uploads\/2024\/03\/IMG_7315-Medium-750x563.jpg 750w\" sizes=\"auto, (max-width: 1024px) 100vw, 1024px\" \/> <img loading=\"lazy\" decoding=\"async\" class=\"alignnone wp-image-82317 size-full\" src=\"https:\/\/www.celttv.com.ar\/wp-content\/uploads\/2024\/03\/IMG_7317-Medium.jpg\" alt=\"\" width=\"1024\" height=\"768\" srcset=\"https:\/\/www.celttv.com.ar\/wp-content\/uploads\/2024\/03\/IMG_7317-Medium.jpg 1024w, https:\/\/www.celttv.com.ar\/wp-content\/uploads\/2024\/03\/IMG_7317-Medium-300x225.jpg 300w, https:\/\/www.celttv.com.ar\/wp-content\/uploads\/2024\/03\/IMG_7317-Medium-768x576.jpg 768w, https:\/\/www.celttv.com.ar\/wp-content\/uploads\/2024\/03\/IMG_7317-Medium-750x563.jpg 750w\" sizes=\"auto, (max-width: 1024px) 100vw, 1024px\" \/> <img loading=\"lazy\" decoding=\"async\" class=\"alignnone wp-image-82318 size-full\" src=\"https:\/\/www.celttv.com.ar\/wp-content\/uploads\/2024\/03\/IMG_7318-Medium.jpg\" alt=\"\" width=\"1024\" height=\"768\" srcset=\"https:\/\/www.celttv.com.ar\/wp-content\/uploads\/2024\/03\/IMG_7318-Medium.jpg 1024w, https:\/\/www.celttv.com.ar\/wp-content\/uploads\/2024\/03\/IMG_7318-Medium-300x225.jpg 300w, https:\/\/www.celttv.com.ar\/wp-content\/uploads\/2024\/03\/IMG_7318-Medium-768x576.jpg 768w, https:\/\/www.celttv.com.ar\/wp-content\/uploads\/2024\/03\/IMG_7318-Medium-750x563.jpg 750w\" sizes=\"auto, (max-width: 1024px) 100vw, 1024px\" \/> <img loading=\"lazy\" decoding=\"async\" class=\"alignnone wp-image-82319 size-full\" src=\"https:\/\/www.celttv.com.ar\/wp-content\/uploads\/2024\/03\/IMG_7319-Medium.jpg\" alt=\"\" width=\"1024\" height=\"768\" srcset=\"https:\/\/www.celttv.com.ar\/wp-content\/uploads\/2024\/03\/IMG_7319-Medium.jpg 1024w, https:\/\/www.celttv.com.ar\/wp-content\/uploads\/2024\/03\/IMG_7319-Medium-300x225.jpg 300w, https:\/\/www.celttv.com.ar\/wp-content\/uploads\/2024\/03\/IMG_7319-Medium-768x576.jpg 768w, https:\/\/www.celttv.com.ar\/wp-content\/uploads\/2024\/03\/IMG_7319-Medium-750x563.jpg 750w\" sizes=\"auto, (max-width: 1024px) 100vw, 1024px\" \/> <img loading=\"lazy\" decoding=\"async\" class=\"alignnone wp-image-82320 size-full\" src=\"https:\/\/www.celttv.com.ar\/wp-content\/uploads\/2024\/03\/IMG_7320-Medium.jpg\" alt=\"\" width=\"1024\" height=\"768\" srcset=\"https:\/\/www.celttv.com.ar\/wp-content\/uploads\/2024\/03\/IMG_7320-Medium.jpg 1024w, https:\/\/www.celttv.com.ar\/wp-content\/uploads\/2024\/03\/IMG_7320-Medium-300x225.jpg 300w, https:\/\/www.celttv.com.ar\/wp-content\/uploads\/2024\/03\/IMG_7320-Medium-768x576.jpg 768w, https:\/\/www.celttv.com.ar\/wp-content\/uploads\/2024\/03\/IMG_7320-Medium-750x563.jpg 750w\" sizes=\"auto, (max-width: 1024px) 100vw, 1024px\" \/> <img loading=\"lazy\" decoding=\"async\" class=\"alignnone wp-image-82321 size-full\" src=\"https:\/\/www.celttv.com.ar\/wp-content\/uploads\/2024\/03\/IMG_7321-Medium.jpg\" alt=\"\" width=\"1024\" height=\"768\" srcset=\"https:\/\/www.celttv.com.ar\/wp-content\/uploads\/2024\/03\/IMG_7321-Medium.jpg 1024w, https:\/\/www.celttv.com.ar\/wp-content\/uploads\/2024\/03\/IMG_7321-Medium-300x225.jpg 300w, https:\/\/www.celttv.com.ar\/wp-content\/uploads\/2024\/03\/IMG_7321-Medium-768x576.jpg 768w, https:\/\/www.celttv.com.ar\/wp-content\/uploads\/2024\/03\/IMG_7321-Medium-750x563.jpg 750w\" sizes=\"auto, (max-width: 1024px) 100vw, 1024px\" \/> <img loading=\"lazy\" decoding=\"async\" class=\"alignnone wp-image-82322 size-full\" src=\"https:\/\/www.celttv.com.ar\/wp-content\/uploads\/2024\/03\/IMG_7322-Medium.jpg\" alt=\"\" width=\"1024\" height=\"768\" srcset=\"https:\/\/www.celttv.com.ar\/wp-content\/uploads\/2024\/03\/IMG_7322-Medium.jpg 1024w, https:\/\/www.celttv.com.ar\/wp-content\/uploads\/2024\/03\/IMG_7322-Medium-300x225.jpg 300w, https:\/\/www.celttv.com.ar\/wp-content\/uploads\/2024\/03\/IMG_7322-Medium-768x576.jpg 768w, https:\/\/www.celttv.com.ar\/wp-content\/uploads\/2024\/03\/IMG_7322-Medium-750x563.jpg 750w\" sizes=\"auto, (max-width: 1024px) 100vw, 1024px\" \/><\/p>\n","protected":false},"excerpt":{"rendered":"<p>El intendente Sergio Bordoni, con una extensa alocuci\u00f3n en el que dej\u00f3 inaugurado el per\u00eddo ordinario del HCD, agradeci\u00f3 a la gente la preocupaci\u00f3n por su estado de salud, resalt\u00f3 la tarea realizada por el Ejecutivo Municipal, anunci\u00f3 la continuaci\u00f3n de obras en general, el pago del subsidio al transporte y adelant\u00f3 que se elabor\u00f3 [&hellip;]<\/p>\n","protected":false},"author":3,"featured_media":82312,"comment_status":"closed","ping_status":"closed","sticky":false,"template":"","format":"standard","meta":{"footnotes":""},"categories":[55,51,52,59],"tags":[],"class_list":["post-82307","post","type-post","status-publish","format-standard","has-post-thumbnail","hentry","category-celt-tv-noticias","category-comunidad","category-destacadas","category-municipales"],"yoast_head":"<!-- This site is optimized with the Yoast SEO plugin v19.7.1 - https:\/\/yoast.com\/wordpress\/plugins\/seo\/ -->\n<title>Bordoni critic\u00f3 al gobierno y mencion\u00f3 que financiar\u00e1 obras con el presupuesto municipal (Video) - CELTTV<\/title>\n<meta name=\"description\" content=\"Sitio web de noticias de la localidad de Tornquist, provincia de Buenos Aires, Rep\u00fablica Argentina. Contenido propio originado por periodistas de CELTTV, el canal de TV local de la Cooperativa El\u00e9ctrica de Tornquist. Turismo, Pol\u00edtica, Sociedad, Deporte, Cultura y todo el contenido de inter\u00e9s general que la gente del pueblo y la regi\u00f3n debe conocer.\" \/>\n<meta name=\"robots\" content=\"index, follow, max-snippet:-1, max-image-preview:large, max-video-preview:-1\" \/>\n<link rel=\"canonical\" href=\"https:\/\/www.celttv.com.ar\/index.php\/2024\/03\/01\/bordoni-critico-al-gobierno-y-menciono-que-financiara-obras-con-el-presupuesto-municipal-video\/\" \/>\n<meta property=\"og:locale\" content=\"es_ES\" \/>\n<meta property=\"og:type\" content=\"article\" \/>\n<meta property=\"og:title\" content=\"Bordoni critic\u00f3 al gobierno y mencion\u00f3 que financiar\u00e1 obras con el presupuesto municipal (Video) - CELTTV\" \/>\n<meta property=\"og:description\" content=\"Sitio web de noticias de la localidad de Tornquist, provincia de Buenos Aires, Rep\u00fablica Argentina. Contenido propio originado por periodistas de CELTTV, el canal de TV local de la Cooperativa El\u00e9ctrica de Tornquist. Turismo, Pol\u00edtica, Sociedad, Deporte, Cultura y todo el contenido de inter\u00e9s general que la gente del pueblo y la regi\u00f3n debe conocer.\" \/>\n<meta property=\"og:url\" content=\"https:\/\/www.celttv.com.ar\/index.php\/2024\/03\/01\/bordoni-critico-al-gobierno-y-menciono-que-financiara-obras-con-el-presupuesto-municipal-video\/\" \/>\n<meta property=\"og:site_name\" content=\"CELTTV\" \/>\n<meta property=\"article:publisher\" content=\"https:\/\/www.facebook.com\/celtTV\/\" \/>\n<meta property=\"article:published_time\" content=\"2024-03-02T02:11:57+00:00\" \/>\n<meta property=\"article:modified_time\" content=\"2024-03-02T02:41:42+00:00\" \/>\n<meta property=\"og:image\" content=\"https:\/\/www.celttv.com.ar\/wp-content\/uploads\/2024\/03\/IMG_1938-Medium.jpg\" \/>\n\t<meta property=\"og:image:width\" content=\"1152\" \/>\n\t<meta property=\"og:image:height\" content=\"768\" \/>\n\t<meta property=\"og:image:type\" content=\"image\/jpeg\" \/>\n<meta name=\"author\" content=\"Rodrigo Sgammini\" \/>\n<meta name=\"twitter:card\" content=\"summary_large_image\" \/>\n<meta name=\"twitter:label1\" content=\"Escrito por\" \/>\n\t<meta name=\"twitter:data1\" content=\"Rodrigo Sgammini\" \/>\n\t<meta name=\"twitter:label2\" content=\"Tiempo de lectura\" \/>\n\t<meta name=\"twitter:data2\" content=\"3 minutos\" \/>\n<script type=\"application\/ld+json\" class=\"yoast-schema-graph\">{\"@context\":\"https:\/\/schema.org\",\"@graph\":[{\"@type\":\"NewsArticle\",\"@id\":\"https:\/\/www.celttv.com.ar\/index.php\/2024\/03\/01\/bordoni-critico-al-gobierno-y-menciono-que-financiara-obras-con-el-presupuesto-municipal-video\/#article\",\"isPartOf\":{\"@id\":\"https:\/\/www.celttv.com.ar\/index.php\/2024\/03\/01\/bordoni-critico-al-gobierno-y-menciono-que-financiara-obras-con-el-presupuesto-municipal-video\/\"},\"author\":{\"name\":\"Rodrigo Sgammini\",\"@id\":\"https:\/\/www.celttv.com.ar\/#\/schema\/person\/495be51d064edd971d8457f8f64eb172\"},\"headline\":\"Bordoni critic\u00f3 al gobierno y mencion\u00f3 que financiar\u00e1 obras con el presupuesto municipal (Video)\",\"datePublished\":\"2024-03-02T02:11:57+00:00\",\"dateModified\":\"2024-03-02T02:41:42+00:00\",\"mainEntityOfPage\":{\"@id\":\"https:\/\/www.celttv.com.ar\/index.php\/2024\/03\/01\/bordoni-critico-al-gobierno-y-menciono-que-financiara-obras-con-el-presupuesto-municipal-video\/\"},\"wordCount\":685,\"publisher\":{\"@id\":\"https:\/\/www.celttv.com.ar\/#organization\"},\"articleSection\":[\"Celt TV Noticias\",\"Comunidad\",\"Destacadas\",\"Municipales\"],\"inLanguage\":\"es\"},{\"@type\":\"WebPage\",\"@id\":\"https:\/\/www.celttv.com.ar\/index.php\/2024\/03\/01\/bordoni-critico-al-gobierno-y-menciono-que-financiara-obras-con-el-presupuesto-municipal-video\/\",\"url\":\"https:\/\/www.celttv.com.ar\/index.php\/2024\/03\/01\/bordoni-critico-al-gobierno-y-menciono-que-financiara-obras-con-el-presupuesto-municipal-video\/\",\"name\":\"Bordoni critic\u00f3 al gobierno y mencion\u00f3 que financiar\u00e1 obras con el presupuesto municipal (Video) - CELTTV\",\"isPartOf\":{\"@id\":\"https:\/\/www.celttv.com.ar\/#website\"},\"datePublished\":\"2024-03-02T02:11:57+00:00\",\"dateModified\":\"2024-03-02T02:41:42+00:00\",\"description\":\"Sitio web de noticias de la localidad de Tornquist, provincia de Buenos Aires, Rep\u00fablica Argentina. Contenido propio originado por periodistas de CELTTV, el canal de TV local de la Cooperativa El\u00e9ctrica de Tornquist. Turismo, Pol\u00edtica, Sociedad, Deporte, Cultura y todo el contenido de inter\u00e9s general que la gente del pueblo y la regi\u00f3n debe conocer.\",\"breadcrumb\":{\"@id\":\"https:\/\/www.celttv.com.ar\/index.php\/2024\/03\/01\/bordoni-critico-al-gobierno-y-menciono-que-financiara-obras-con-el-presupuesto-municipal-video\/#breadcrumb\"},\"inLanguage\":\"es\",\"potentialAction\":[{\"@type\":\"ReadAction\",\"target\":[\"https:\/\/www.celttv.com.ar\/index.php\/2024\/03\/01\/bordoni-critico-al-gobierno-y-menciono-que-financiara-obras-con-el-presupuesto-municipal-video\/\"]}]},{\"@type\":\"BreadcrumbList\",\"@id\":\"https:\/\/www.celttv.com.ar\/index.php\/2024\/03\/01\/bordoni-critico-al-gobierno-y-menciono-que-financiara-obras-con-el-presupuesto-municipal-video\/#breadcrumb\",\"itemListElement\":[{\"@type\":\"ListItem\",\"position\":1,\"name\":\"Inicio\",\"item\":\"https:\/\/www.celttv.com.ar\/\"},{\"@type\":\"ListItem\",\"position\":2,\"name\":\"Bordoni critic\u00f3 al gobierno y mencion\u00f3 que financiar\u00e1 obras con el presupuesto municipal (Video)\"}]},{\"@type\":\"WebSite\",\"@id\":\"https:\/\/www.celttv.com.ar\/#website\",\"url\":\"https:\/\/www.celttv.com.ar\/\",\"name\":\"CELTTV\",\"description\":\"Cooperativa El\u00e9ctrica de Tornquist\",\"publisher\":{\"@id\":\"https:\/\/www.celttv.com.ar\/#organization\"},\"potentialAction\":[{\"@type\":\"SearchAction\",\"target\":{\"@type\":\"EntryPoint\",\"urlTemplate\":\"https:\/\/www.celttv.com.ar\/?s={search_term_string}\"},\"query-input\":\"required name=search_term_string\"}],\"inLanguage\":\"es\"},{\"@type\":\"Organization\",\"@id\":\"https:\/\/www.celttv.com.ar\/#organization\",\"name\":\"CELTTV\",\"url\":\"https:\/\/www.celttv.com.ar\/\",\"sameAs\":[\"https:\/\/www.youtube.com\/channel\/UCz_oIt8Hig64Ub-EmcNPIhg\",\"https:\/\/www.facebook.com\/celtTV\/\"],\"logo\":{\"@type\":\"ImageObject\",\"inLanguage\":\"es\",\"@id\":\"https:\/\/www.celttv.com.ar\/#\/schema\/logo\/image\/\",\"url\":\"http:\/\/www.celttv.com.ar\/wp-content\/uploads\/2022\/08\/logo-1.png\",\"contentUrl\":\"http:\/\/www.celttv.com.ar\/wp-content\/uploads\/2022\/08\/logo-1.png\",\"width\":461,\"height\":159,\"caption\":\"CELTTV\"},\"image\":{\"@id\":\"https:\/\/www.celttv.com.ar\/#\/schema\/logo\/image\/\"}},{\"@type\":\"Person\",\"@id\":\"https:\/\/www.celttv.com.ar\/#\/schema\/person\/495be51d064edd971d8457f8f64eb172\",\"name\":\"Rodrigo Sgammini\",\"image\":{\"@type\":\"ImageObject\",\"inLanguage\":\"es\",\"@id\":\"https:\/\/www.celttv.com.ar\/#\/schema\/person\/image\/\",\"url\":\"https:\/\/secure.gravatar.com\/avatar\/68f7848d42735e7a9276b47cd6e606327d88f521c51ae39d88888b76902e2987?s=96&d=mm&r=g\",\"contentUrl\":\"https:\/\/secure.gravatar.com\/avatar\/68f7848d42735e7a9276b47cd6e606327d88f521c51ae39d88888b76902e2987?s=96&d=mm&r=g\",\"caption\":\"Rodrigo Sgammini\"}}]}<\/script>\n<!-- \/ Yoast SEO plugin. -->","yoast_head_json":{"title":"Bordoni critic\u00f3 al gobierno y mencion\u00f3 que financiar\u00e1 obras con el presupuesto municipal (Video) - CELTTV","description":"Sitio web de noticias de la localidad de Tornquist, provincia de Buenos Aires, Rep\u00fablica Argentina. Contenido propio originado por periodistas de CELTTV, el canal de TV local de la Cooperativa El\u00e9ctrica de Tornquist. Turismo, Pol\u00edtica, Sociedad, Deporte, Cultura y todo el contenido de inter\u00e9s general que la gente del pueblo y la regi\u00f3n debe conocer.","robots":{"index":"index","follow":"follow","max-snippet":"max-snippet:-1","max-image-preview":"max-image-preview:large","max-video-preview":"max-video-preview:-1"},"canonical":"https:\/\/www.celttv.com.ar\/index.php\/2024\/03\/01\/bordoni-critico-al-gobierno-y-menciono-que-financiara-obras-con-el-presupuesto-municipal-video\/","og_locale":"es_ES","og_type":"article","og_title":"Bordoni critic\u00f3 al gobierno y mencion\u00f3 que financiar\u00e1 obras con el presupuesto municipal (Video) - CELTTV","og_description":"Sitio web de noticias de la localidad de Tornquist, provincia de Buenos Aires, Rep\u00fablica Argentina. Contenido propio originado por periodistas de CELTTV, el canal de TV local de la Cooperativa El\u00e9ctrica de Tornquist. Turismo, Pol\u00edtica, Sociedad, Deporte, Cultura y todo el contenido de inter\u00e9s general que la gente del pueblo y la regi\u00f3n debe conocer.","og_url":"https:\/\/www.celttv.com.ar\/index.php\/2024\/03\/01\/bordoni-critico-al-gobierno-y-menciono-que-financiara-obras-con-el-presupuesto-municipal-video\/","og_site_name":"CELTTV","article_publisher":"https:\/\/www.facebook.com\/celtTV\/","article_published_time":"2024-03-02T02:11:57+00:00","article_modified_time":"2024-03-02T02:41:42+00:00","og_image":[{"width":1152,"height":768,"url":"https:\/\/www.celttv.com.ar\/wp-content\/uploads\/2024\/03\/IMG_1938-Medium.jpg","type":"image\/jpeg"}],"author":"Rodrigo Sgammini","twitter_card":"summary_large_image","twitter_misc":{"Escrito por":"Rodrigo Sgammini","Tiempo de lectura":"3 minutos"},"schema":{"@context":"https:\/\/schema.org","@graph":[{"@type":"NewsArticle","@id":"https:\/\/www.celttv.com.ar\/index.php\/2024\/03\/01\/bordoni-critico-al-gobierno-y-menciono-que-financiara-obras-con-el-presupuesto-municipal-video\/#article","isPartOf":{"@id":"https:\/\/www.celttv.com.ar\/index.php\/2024\/03\/01\/bordoni-critico-al-gobierno-y-menciono-que-financiara-obras-con-el-presupuesto-municipal-video\/"},"author":{"name":"Rodrigo Sgammini","@id":"https:\/\/www.celttv.com.ar\/#\/schema\/person\/495be51d064edd971d8457f8f64eb172"},"headline":"Bordoni critic\u00f3 al gobierno y mencion\u00f3 que financiar\u00e1 obras con el presupuesto municipal (Video)","datePublished":"2024-03-02T02:11:57+00:00","dateModified":"2024-03-02T02:41:42+00:00","mainEntityOfPage":{"@id":"https:\/\/www.celttv.com.ar\/index.php\/2024\/03\/01\/bordoni-critico-al-gobierno-y-menciono-que-financiara-obras-con-el-presupuesto-municipal-video\/"},"wordCount":685,"publisher":{"@id":"https:\/\/www.celttv.com.ar\/#organization"},"articleSection":["Celt TV Noticias","Comunidad","Destacadas","Municipales"],"inLanguage":"es"},{"@type":"WebPage","@id":"https:\/\/www.celttv.com.ar\/index.php\/2024\/03\/01\/bordoni-critico-al-gobierno-y-menciono-que-financiara-obras-con-el-presupuesto-municipal-video\/","url":"https:\/\/www.celttv.com.ar\/index.php\/2024\/03\/01\/bordoni-critico-al-gobierno-y-menciono-que-financiara-obras-con-el-presupuesto-municipal-video\/","name":"Bordoni critic\u00f3 al gobierno y mencion\u00f3 que financiar\u00e1 obras con el presupuesto municipal (Video) - CELTTV","isPartOf":{"@id":"https:\/\/www.celttv.com.ar\/#website"},"datePublished":"2024-03-02T02:11:57+00:00","dateModified":"2024-03-02T02:41:42+00:00","description":"Sitio web de noticias de la localidad de Tornquist, provincia de Buenos Aires, Rep\u00fablica Argentina. Contenido propio originado por periodistas de CELTTV, el canal de TV local de la Cooperativa El\u00e9ctrica de Tornquist. Turismo, Pol\u00edtica, Sociedad, Deporte, Cultura y todo el contenido de inter\u00e9s general que la gente del pueblo y la regi\u00f3n debe conocer.","breadcrumb":{"@id":"https:\/\/www.celttv.com.ar\/index.php\/2024\/03\/01\/bordoni-critico-al-gobierno-y-menciono-que-financiara-obras-con-el-presupuesto-municipal-video\/#breadcrumb"},"inLanguage":"es","potentialAction":[{"@type":"ReadAction","target":["https:\/\/www.celttv.com.ar\/index.php\/2024\/03\/01\/bordoni-critico-al-gobierno-y-menciono-que-financiara-obras-con-el-presupuesto-municipal-video\/"]}]},{"@type":"BreadcrumbList","@id":"https:\/\/www.celttv.com.ar\/index.php\/2024\/03\/01\/bordoni-critico-al-gobierno-y-menciono-que-financiara-obras-con-el-presupuesto-municipal-video\/#breadcrumb","itemListElement":[{"@type":"ListItem","position":1,"name":"Inicio","item":"https:\/\/www.celttv.com.ar\/"},{"@type":"ListItem","position":2,"name":"Bordoni critic\u00f3 al gobierno y mencion\u00f3 que financiar\u00e1 obras con el presupuesto municipal (Video)"}]},{"@type":"WebSite","@id":"https:\/\/www.celttv.com.ar\/#website","url":"https:\/\/www.celttv.com.ar\/","name":"CELTTV","description":"Cooperativa El\u00e9ctrica de Tornquist","publisher":{"@id":"https:\/\/www.celttv.com.ar\/#organization"},"potentialAction":[{"@type":"SearchAction","target":{"@type":"EntryPoint","urlTemplate":"https:\/\/www.celttv.com.ar\/?s={search_term_string}"},"query-input":"required name=search_term_string"}],"inLanguage":"es"},{"@type":"Organization","@id":"https:\/\/www.celttv.com.ar\/#organization","name":"CELTTV","url":"https:\/\/www.celttv.com.ar\/","sameAs":["https:\/\/www.youtube.com\/channel\/UCz_oIt8Hig64Ub-EmcNPIhg","https:\/\/www.facebook.com\/celtTV\/"],"logo":{"@type":"ImageObject","inLanguage":"es","@id":"https:\/\/www.celttv.com.ar\/#\/schema\/logo\/image\/","url":"http:\/\/www.celttv.com.ar\/wp-content\/uploads\/2022\/08\/logo-1.png","contentUrl":"http:\/\/www.celttv.com.ar\/wp-content\/uploads\/2022\/08\/logo-1.png","width":461,"height":159,"caption":"CELTTV"},"image":{"@id":"https:\/\/www.celttv.com.ar\/#\/schema\/logo\/image\/"}},{"@type":"Person","@id":"https:\/\/www.celttv.com.ar\/#\/schema\/person\/495be51d064edd971d8457f8f64eb172","name":"Rodrigo Sgammini","image":{"@type":"ImageObject","inLanguage":"es","@id":"https:\/\/www.celttv.com.ar\/#\/schema\/person\/image\/","url":"https:\/\/secure.gravatar.com\/avatar\/68f7848d42735e7a9276b47cd6e606327d88f521c51ae39d88888b76902e2987?s=96&d=mm&r=g","contentUrl":"https:\/\/secure.gravatar.com\/avatar\/68f7848d42735e7a9276b47cd6e606327d88f521c51ae39d88888b76902e2987?s=96&d=mm&r=g","caption":"Rodrigo Sgammini"}}]}},"_links":{"self":[{"href":"https:\/\/www.celttv.com.ar\/index.php\/wp-json\/wp\/v2\/posts\/82307","targetHints":{"allow":["GET"]}}],"collection":[{"href":"https:\/\/www.celttv.com.ar\/index.php\/wp-json\/wp\/v2\/posts"}],"about":[{"href":"https:\/\/www.celttv.com.ar\/index.php\/wp-json\/wp\/v2\/types\/post"}],"author":[{"embeddable":true,"href":"https:\/\/www.celttv.com.ar\/index.php\/wp-json\/wp\/v2\/users\/3"}],"replies":[{"embeddable":true,"href":"https:\/\/www.celttv.com.ar\/index.php\/wp-json\/wp\/v2\/comments?post=82307"}],"version-history":[{"count":3,"href":"https:\/\/www.celttv.com.ar\/index.php\/wp-json\/wp\/v2\/posts\/82307\/revisions"}],"predecessor-version":[{"id":82323,"href":"https:\/\/www.celttv.com.ar\/index.php\/wp-json\/wp\/v2\/posts\/82307\/revisions\/82323"}],"wp:featuredmedia":[{"embeddable":true,"href":"https:\/\/www.celttv.com.ar\/index.php\/wp-json\/wp\/v2\/media\/82312"}],"wp:attachment":[{"href":"https:\/\/www.celttv.com.ar\/index.php\/wp-json\/wp\/v2\/media?parent=82307"}],"wp:term":[{"taxonomy":"category","embeddable":true,"href":"https:\/\/www.celttv.com.ar\/index.php\/wp-json\/wp\/v2\/categories?post=82307"},{"taxonomy":"post_tag","embeddable":true,"href":"https:\/\/www.celttv.com.ar\/index.php\/wp-json\/wp\/v2\/tags?post=82307"}],"curies":[{"name":"wp","href":"https:\/\/api.w.org\/{rel}","templated":true}]}}