{"id":82373,"date":"2024-03-05T23:35:36","date_gmt":"2024-03-06T02:35:36","guid":{"rendered":"https:\/\/www.celttv.com.ar\/?p=82373"},"modified":"2024-03-05T23:35:36","modified_gmt":"2024-03-06T02:35:36","slug":"ernesto-palenzona-44-anos-presidiendo-la-liga-regional-de-futbol-es-una-exageracion-pero-no-te-podes-resistir-y-tengo-mas-ganas-que-cuando-empece","status":"publish","type":"post","link":"https:\/\/www.celttv.com.ar\/index.php\/2024\/03\/05\/ernesto-palenzona-44-anos-presidiendo-la-liga-regional-de-futbol-es-una-exageracion-pero-no-te-podes-resistir-y-tengo-mas-ganas-que-cuando-empece\/","title":{"rendered":"Ernesto Palenzona 44 a\u00f1os presidiendo la Liga Regional de F\u00fatbol \u201cEs una exageraci\u00f3n, pero no te podes resistir y tengo m\u00e1s ganas que cuando empec\u00e9\u201d"},"content":{"rendered":"<p>Ernesto Palenzona fue reelecto presidente de la Liga Regional de F\u00fatbol y es su ejercicio N\u00ba 44 al frente del ente liguista.<br \/>\n\u201cArrancando un a\u00f1o m\u00e1s y es una exageraci\u00f3n, pero bueno, es cierto pero no te podes resistir\u201d Se pregunta y a la vez se responde el experimentado dirigente liguista.<\/p>\n<p>\u201cLos clubes quieren que siga y sigo, es mi vida la liga y bueno tan mal no nos debe ir, o no debemos estar haciendo las cosas mal porque de lo contrario, a\u00f1o a a\u00f1o, te pueden cambiar\u201d reflexiona Palenzona.<br \/>\n\u201cEstoy contento porque empieza otro campeonato\u201d dijo el presidente liguista, aunque reconoci\u00f3 que no le gusta el tipo de campeonato.<br \/>\n\u201cNo me gusta el campeonato, pero eso hace a\u00f1os que no me gustan los campeonatos pero es as\u00ed, la gente tiene que entender que estos campeonatos lo diagraman los clubes cierto y por ampl\u00edsima mayor\u00eda o casi por unanimidad lo van haciendo\u201d agreg\u00f3.<br \/>\n\u201cNo me gusta porque hay clubes que est\u00e1n en la misma liga y que hace a\u00f1os que no se enfrentan, parece como que fueran extra\u00f1os. Hab\u00eda hab\u00eda a\u00f1os que no se daban ni los cl\u00e1sicos cuando hab\u00eda zonas o algo as\u00ed pero lo eligen los dirigentes y hacen lo mejor que pueden y un reconocimiento muy grande al dirigente deportivo que deja muchas cosas, su familia su trabajo sus cosas y se sacrifica por una instituci\u00f3n\u201d<\/p>\n<p>Palenzona habl\u00f3 tambi\u00e9n del esfuerzo econ\u00f3mico realizado por los distintos clubes este a\u00f1o \u201cSalta la vista han apostado en grande, han invertido y van a gastar todo el a\u00f1o. Dicen los que sacan las cuentas que este campeonato va a terminar entre Navidad y A\u00f1o Nuevo y, si hay lluvia, el a\u00f1o que viene\u201d<\/p>\n<p>\u201cNuestra liga es una liga muy importante; yo este fin de semana particip\u00e9 de una reuni\u00f3n en Tandil de la Federaci\u00f3n Bonaerense Pampeana y somos dignos de admiraci\u00f3n y envidia, porque no todas las ligas tienen 24 clubes de 12 o 13 ciudades o localidades de seis distritos\u201d<br \/>\n\u201cEsto contento porque es un logro personal. Cuando yo ingres\u00e9 en la liga \u00e9ramos 10 o 12 clubes de Su\u00e1rez y Pig\u00fc\u00e9 y yo me di cuenta que eso no caminaba, no era lo que correspond\u00eda ten\u00eda nombre regional pero no era regional y entonces empec\u00e9 a trabajar por el tema de absorber otras jurisdicciones y se dio que otras ligas fueron desapareciendo; primero la de Puan. despu\u00e9s la de Carhu\u00e9, luego la de Guamin\u00ed y por \u00faltimo la de Las Sierras y ahora est\u00e1n todos ac\u00e1\u201d destac\u00f3 Palenzona<\/p>\n<p>Respecto a los arbitrajes, Palenzona no se guard\u00f3 nada: \u201cSe ha experimentado alguna mejor\u00eda y es dif\u00edcil ser \u00e1rbitro y a veces uno quiere que se acerque gente pero hay una cr\u00edtica media despiadada y yo creo en la buena fe del \u00e1rbitro, m\u00e1s all\u00e1 del error\u201d se\u00f1al\u00f3<br \/>\n\u201cSi un delantero erra varios goles por partido y un defensor le pifia un arquero no llega porque se equivocan; un \u00e1rbitro es un ser humano como cualquier otro\u201d<br \/>\n\u201cEste a\u00f1o apostamos de vuelta a la escuela escuela de \u00e1rbitros El a\u00f1o pasado terminamos trayendo uno o dos de Olavarr\u00eda de muy buen nivel, para mejorar. Es un tema recurrente siempre hay quejas y lo m\u00e1s f\u00e1cil echar la culpa al \u00e1rbitro\u201d<br \/>\n\u201cEst\u00e1n todos embalados y han invertido en jugadores en t\u00e9cnicos en todos los clubes, pero el campe\u00f3n va a salir uno solo\u201d sintetiz\u00f3.<br \/>\n\u201cHay que apoyar a los clubes, hay que apoyar los dirigentes , hay que apoyar a todo el mundo destacar el nivel que tenemos, estamos a la altura de cualquiera y tambi\u00e9n quiero destacar el nivel period\u00edstico con la dedicaci\u00f3n que tienen, el af\u00e1n que ponen y todo esto para ser cada d\u00eda m\u00e1s grande esta liga que que la llevo en el alma\u201d<br \/>\n\u201cAlgunos dir\u00e1n \u201ceste tipo no se cansa\u201d No me canso, te voy a decir una cosa, tengo m\u00e1s ganas que cuando empec\u00e9\u201d<br \/>\n\u201cTengo much\u00edsimas ganas de seguir, estoy contento, contento con lo que tenemos\u201d<\/p>\n<p>Respecto ala posibilidad de un campeonato con ascenso y descenso<br \/>\n\u201cUn d\u00eda se hizo una asamblea la cual se propuso eliminar la categor\u00eda B, yo cuando se vot\u00f3 y se elimin\u00f3 y dije nunca m\u00e1s vamos a tener la la categor\u00eda a y b, porque la liga tiene un sistema de modificaciones de su estatuto bastante exigente. Por ejemplo se precisa, para que entre en el orden del d\u00eda el tema se precisa que dos tercios de los clubes afiliados lo pidan. O sea que necesitas que 16 clubes te manden una nota donde pidan que se incluya en el orden del d\u00eda por ejemplo la creaci\u00f3n de la primera B pero a su vez necesita que en la asamblea tres cuartas partes de los clubes o sea 18 lo aprueben y no hay 18 porque hay m\u00e1s de seis que no tienen la m\u00e1s m\u00ednima intenci\u00f3n de que se cree la B porque tienen miedo de irse a la B y no quiere jugar en la B quiere jugar en la B, aunque pierdan, que jueguen por nada, pero quieren jugar con los clubes de punta\u201d sostuvo Palenzona.<\/p>\n<p><strong>NOTA DE CELTTV NOTICIAS CON EL PRESIDENTE DE LA LIGA REGIONAL DE FUTBOL ERNESTO PALENZONA<\/strong><\/p>\n<p><iframe loading=\"lazy\" title=\"2024 02 29 COMUNICACION TELEFONICA CON ERNESTO PALENZONA\" width=\"500\" height=\"281\" src=\"https:\/\/www.youtube.com\/embed\/bAfKh1AdKls?feature=oembed\" frameborder=\"0\" allow=\"accelerometer; autoplay; clipboard-write; encrypted-media; gyroscope; picture-in-picture; web-share\" referrerpolicy=\"strict-origin-when-cross-origin\" allowfullscreen><\/iframe><\/p>\n","protected":false},"excerpt":{"rendered":"<p>Ernesto Palenzona fue reelecto presidente de la Liga Regional de F\u00fatbol y es su ejercicio N\u00ba 44 al frente del ente liguista. \u201cArrancando un a\u00f1o m\u00e1s y es una exageraci\u00f3n, pero bueno, es cierto pero no te podes resistir\u201d Se pregunta y a la vez se responde el experimentado dirigente liguista. \u201cLos clubes quieren que [&hellip;]<\/p>\n","protected":false},"author":5,"featured_media":82374,"comment_status":"closed","ping_status":"closed","sticky":false,"template":"","format":"standard","meta":{"footnotes":""},"categories":[51,62,52],"tags":[],"class_list":["post-82373","post","type-post","status-publish","format-standard","has-post-thumbnail","hentry","category-comunidad","category-deportes","category-destacadas"],"yoast_head":"<!-- This site is optimized with the Yoast SEO plugin v19.7.1 - https:\/\/yoast.com\/wordpress\/plugins\/seo\/ -->\n<title>Ernesto Palenzona 44 a\u00f1os presidiendo la Liga Regional de F\u00fatbol \u201cEs una exageraci\u00f3n, pero no te podes resistir y tengo m\u00e1s ganas que cuando empec\u00e9\u201d - CELTTV<\/title>\n<meta name=\"description\" content=\"Sitio web de noticias de la localidad de Tornquist, provincia de Buenos Aires, Rep\u00fablica Argentina. Contenido propio originado por periodistas de CELTTV, el canal de TV local de la Cooperativa El\u00e9ctrica de Tornquist. Turismo, Pol\u00edtica, Sociedad, Deporte, Cultura y todo el contenido de inter\u00e9s general que la gente del pueblo y la regi\u00f3n debe conocer.\" \/>\n<meta name=\"robots\" content=\"index, follow, max-snippet:-1, max-image-preview:large, max-video-preview:-1\" \/>\n<link rel=\"canonical\" href=\"https:\/\/www.celttv.com.ar\/index.php\/2024\/03\/05\/ernesto-palenzona-44-anos-presidiendo-la-liga-regional-de-futbol-es-una-exageracion-pero-no-te-podes-resistir-y-tengo-mas-ganas-que-cuando-empece\/\" \/>\n<meta property=\"og:locale\" content=\"es_ES\" \/>\n<meta property=\"og:type\" content=\"article\" \/>\n<meta property=\"og:title\" content=\"Ernesto Palenzona 44 a\u00f1os presidiendo la Liga Regional de F\u00fatbol \u201cEs una exageraci\u00f3n, pero no te podes resistir y tengo m\u00e1s ganas que cuando empec\u00e9\u201d - CELTTV\" \/>\n<meta property=\"og:description\" content=\"Sitio web de noticias de la localidad de Tornquist, provincia de Buenos Aires, Rep\u00fablica Argentina. Contenido propio originado por periodistas de CELTTV, el canal de TV local de la Cooperativa El\u00e9ctrica de Tornquist. Turismo, Pol\u00edtica, Sociedad, Deporte, Cultura y todo el contenido de inter\u00e9s general que la gente del pueblo y la regi\u00f3n debe conocer.\" \/>\n<meta property=\"og:url\" content=\"https:\/\/www.celttv.com.ar\/index.php\/2024\/03\/05\/ernesto-palenzona-44-anos-presidiendo-la-liga-regional-de-futbol-es-una-exageracion-pero-no-te-podes-resistir-y-tengo-mas-ganas-que-cuando-empece\/\" \/>\n<meta property=\"og:site_name\" content=\"CELTTV\" \/>\n<meta property=\"article:publisher\" content=\"https:\/\/www.facebook.com\/celtTV\/\" \/>\n<meta property=\"article:published_time\" content=\"2024-03-06T02:35:36+00:00\" \/>\n<meta property=\"og:image\" content=\"https:\/\/www.celttv.com.ar\/wp-content\/uploads\/2024\/03\/PALENZONA.jpg\" \/>\n\t<meta property=\"og:image:width\" content=\"759\" \/>\n\t<meta property=\"og:image:height\" content=\"481\" \/>\n\t<meta property=\"og:image:type\" content=\"image\/jpeg\" \/>\n<meta name=\"author\" content=\"Miguel Herrada\" \/>\n<meta name=\"twitter:card\" content=\"summary_large_image\" \/>\n<meta name=\"twitter:label1\" content=\"Escrito por\" \/>\n\t<meta name=\"twitter:data1\" content=\"Miguel Herrada\" \/>\n\t<meta name=\"twitter:label2\" content=\"Tiempo de lectura\" \/>\n\t<meta name=\"twitter:data2\" content=\"5 minutos\" \/>\n<script type=\"application\/ld+json\" class=\"yoast-schema-graph\">{\"@context\":\"https:\/\/schema.org\",\"@graph\":[{\"@type\":\"NewsArticle\",\"@id\":\"https:\/\/www.celttv.com.ar\/index.php\/2024\/03\/05\/ernesto-palenzona-44-anos-presidiendo-la-liga-regional-de-futbol-es-una-exageracion-pero-no-te-podes-resistir-y-tengo-mas-ganas-que-cuando-empece\/#article\",\"isPartOf\":{\"@id\":\"https:\/\/www.celttv.com.ar\/index.php\/2024\/03\/05\/ernesto-palenzona-44-anos-presidiendo-la-liga-regional-de-futbol-es-una-exageracion-pero-no-te-podes-resistir-y-tengo-mas-ganas-que-cuando-empece\/\"},\"author\":{\"name\":\"Miguel Herrada\",\"@id\":\"https:\/\/www.celttv.com.ar\/#\/schema\/person\/9059dc91dc7204ef4182cdb65225f07d\"},\"headline\":\"Ernesto Palenzona 44 a\u00f1os presidiendo la Liga Regional de F\u00fatbol \u201cEs una exageraci\u00f3n, pero no te podes resistir y tengo m\u00e1s ganas que cuando empec\u00e9\u201d\",\"datePublished\":\"2024-03-06T02:35:36+00:00\",\"dateModified\":\"2024-03-06T02:35:36+00:00\",\"mainEntityOfPage\":{\"@id\":\"https:\/\/www.celttv.com.ar\/index.php\/2024\/03\/05\/ernesto-palenzona-44-anos-presidiendo-la-liga-regional-de-futbol-es-una-exageracion-pero-no-te-podes-resistir-y-tengo-mas-ganas-que-cuando-empece\/\"},\"wordCount\":954,\"publisher\":{\"@id\":\"https:\/\/www.celttv.com.ar\/#organization\"},\"articleSection\":[\"Comunidad\",\"Deportes\",\"Destacadas\"],\"inLanguage\":\"es\"},{\"@type\":\"WebPage\",\"@id\":\"https:\/\/www.celttv.com.ar\/index.php\/2024\/03\/05\/ernesto-palenzona-44-anos-presidiendo-la-liga-regional-de-futbol-es-una-exageracion-pero-no-te-podes-resistir-y-tengo-mas-ganas-que-cuando-empece\/\",\"url\":\"https:\/\/www.celttv.com.ar\/index.php\/2024\/03\/05\/ernesto-palenzona-44-anos-presidiendo-la-liga-regional-de-futbol-es-una-exageracion-pero-no-te-podes-resistir-y-tengo-mas-ganas-que-cuando-empece\/\",\"name\":\"Ernesto Palenzona 44 a\u00f1os presidiendo la Liga Regional de F\u00fatbol \u201cEs una exageraci\u00f3n, pero no te podes resistir y tengo m\u00e1s ganas que cuando empec\u00e9\u201d - CELTTV\",\"isPartOf\":{\"@id\":\"https:\/\/www.celttv.com.ar\/#website\"},\"datePublished\":\"2024-03-06T02:35:36+00:00\",\"dateModified\":\"2024-03-06T02:35:36+00:00\",\"description\":\"Sitio web de noticias de la localidad de Tornquist, provincia de Buenos Aires, Rep\u00fablica Argentina. Contenido propio originado por periodistas de CELTTV, el canal de TV local de la Cooperativa El\u00e9ctrica de Tornquist. Turismo, Pol\u00edtica, Sociedad, Deporte, Cultura y todo el contenido de inter\u00e9s general que la gente del pueblo y la regi\u00f3n debe conocer.\",\"breadcrumb\":{\"@id\":\"https:\/\/www.celttv.com.ar\/index.php\/2024\/03\/05\/ernesto-palenzona-44-anos-presidiendo-la-liga-regional-de-futbol-es-una-exageracion-pero-no-te-podes-resistir-y-tengo-mas-ganas-que-cuando-empece\/#breadcrumb\"},\"inLanguage\":\"es\",\"potentialAction\":[{\"@type\":\"ReadAction\",\"target\":[\"https:\/\/www.celttv.com.ar\/index.php\/2024\/03\/05\/ernesto-palenzona-44-anos-presidiendo-la-liga-regional-de-futbol-es-una-exageracion-pero-no-te-podes-resistir-y-tengo-mas-ganas-que-cuando-empece\/\"]}]},{\"@type\":\"BreadcrumbList\",\"@id\":\"https:\/\/www.celttv.com.ar\/index.php\/2024\/03\/05\/ernesto-palenzona-44-anos-presidiendo-la-liga-regional-de-futbol-es-una-exageracion-pero-no-te-podes-resistir-y-tengo-mas-ganas-que-cuando-empece\/#breadcrumb\",\"itemListElement\":[{\"@type\":\"ListItem\",\"position\":1,\"name\":\"Inicio\",\"item\":\"https:\/\/www.celttv.com.ar\/\"},{\"@type\":\"ListItem\",\"position\":2,\"name\":\"Ernesto Palenzona 44 a\u00f1os presidiendo la Liga Regional de F\u00fatbol \u201cEs una exageraci\u00f3n, pero no te podes resistir y tengo m\u00e1s ganas que cuando empec\u00e9\u201d\"}]},{\"@type\":\"WebSite\",\"@id\":\"https:\/\/www.celttv.com.ar\/#website\",\"url\":\"https:\/\/www.celttv.com.ar\/\",\"name\":\"CELTTV\",\"description\":\"Cooperativa El\u00e9ctrica de Tornquist\",\"publisher\":{\"@id\":\"https:\/\/www.celttv.com.ar\/#organization\"},\"potentialAction\":[{\"@type\":\"SearchAction\",\"target\":{\"@type\":\"EntryPoint\",\"urlTemplate\":\"https:\/\/www.celttv.com.ar\/?s={search_term_string}\"},\"query-input\":\"required name=search_term_string\"}],\"inLanguage\":\"es\"},{\"@type\":\"Organization\",\"@id\":\"https:\/\/www.celttv.com.ar\/#organization\",\"name\":\"CELTTV\",\"url\":\"https:\/\/www.celttv.com.ar\/\",\"sameAs\":[\"https:\/\/www.youtube.com\/channel\/UCz_oIt8Hig64Ub-EmcNPIhg\",\"https:\/\/www.facebook.com\/celtTV\/\"],\"logo\":{\"@type\":\"ImageObject\",\"inLanguage\":\"es\",\"@id\":\"https:\/\/www.celttv.com.ar\/#\/schema\/logo\/image\/\",\"url\":\"http:\/\/www.celttv.com.ar\/wp-content\/uploads\/2022\/08\/logo-1.png\",\"contentUrl\":\"http:\/\/www.celttv.com.ar\/wp-content\/uploads\/2022\/08\/logo-1.png\",\"width\":461,\"height\":159,\"caption\":\"CELTTV\"},\"image\":{\"@id\":\"https:\/\/www.celttv.com.ar\/#\/schema\/logo\/image\/\"}},{\"@type\":\"Person\",\"@id\":\"https:\/\/www.celttv.com.ar\/#\/schema\/person\/9059dc91dc7204ef4182cdb65225f07d\",\"name\":\"Miguel Herrada\",\"image\":{\"@type\":\"ImageObject\",\"inLanguage\":\"es\",\"@id\":\"https:\/\/www.celttv.com.ar\/#\/schema\/person\/image\/\",\"url\":\"https:\/\/secure.gravatar.com\/avatar\/67724d5b3c716623ffd76bec7e45841a442ac3b456e914dbba90b0fad2b8e0b1?s=96&d=mm&r=g\",\"contentUrl\":\"https:\/\/secure.gravatar.com\/avatar\/67724d5b3c716623ffd76bec7e45841a442ac3b456e914dbba90b0fad2b8e0b1?s=96&d=mm&r=g\",\"caption\":\"Miguel Herrada\"}}]}<\/script>\n<!-- \/ Yoast SEO plugin. -->","yoast_head_json":{"title":"Ernesto Palenzona 44 a\u00f1os presidiendo la Liga Regional de F\u00fatbol \u201cEs una exageraci\u00f3n, pero no te podes resistir y tengo m\u00e1s ganas que cuando empec\u00e9\u201d - CELTTV","description":"Sitio web de noticias de la localidad de Tornquist, provincia de Buenos Aires, Rep\u00fablica Argentina. Contenido propio originado por periodistas de CELTTV, el canal de TV local de la Cooperativa El\u00e9ctrica de Tornquist. Turismo, Pol\u00edtica, Sociedad, Deporte, Cultura y todo el contenido de inter\u00e9s general que la gente del pueblo y la regi\u00f3n debe conocer.","robots":{"index":"index","follow":"follow","max-snippet":"max-snippet:-1","max-image-preview":"max-image-preview:large","max-video-preview":"max-video-preview:-1"},"canonical":"https:\/\/www.celttv.com.ar\/index.php\/2024\/03\/05\/ernesto-palenzona-44-anos-presidiendo-la-liga-regional-de-futbol-es-una-exageracion-pero-no-te-podes-resistir-y-tengo-mas-ganas-que-cuando-empece\/","og_locale":"es_ES","og_type":"article","og_title":"Ernesto Palenzona 44 a\u00f1os presidiendo la Liga Regional de F\u00fatbol \u201cEs una exageraci\u00f3n, pero no te podes resistir y tengo m\u00e1s ganas que cuando empec\u00e9\u201d - CELTTV","og_description":"Sitio web de noticias de la localidad de Tornquist, provincia de Buenos Aires, Rep\u00fablica Argentina. Contenido propio originado por periodistas de CELTTV, el canal de TV local de la Cooperativa El\u00e9ctrica de Tornquist. Turismo, Pol\u00edtica, Sociedad, Deporte, Cultura y todo el contenido de inter\u00e9s general que la gente del pueblo y la regi\u00f3n debe conocer.","og_url":"https:\/\/www.celttv.com.ar\/index.php\/2024\/03\/05\/ernesto-palenzona-44-anos-presidiendo-la-liga-regional-de-futbol-es-una-exageracion-pero-no-te-podes-resistir-y-tengo-mas-ganas-que-cuando-empece\/","og_site_name":"CELTTV","article_publisher":"https:\/\/www.facebook.com\/celtTV\/","article_published_time":"2024-03-06T02:35:36+00:00","og_image":[{"width":759,"height":481,"url":"https:\/\/www.celttv.com.ar\/wp-content\/uploads\/2024\/03\/PALENZONA.jpg","type":"image\/jpeg"}],"author":"Miguel Herrada","twitter_card":"summary_large_image","twitter_misc":{"Escrito por":"Miguel Herrada","Tiempo de lectura":"5 minutos"},"schema":{"@context":"https:\/\/schema.org","@graph":[{"@type":"NewsArticle","@id":"https:\/\/www.celttv.com.ar\/index.php\/2024\/03\/05\/ernesto-palenzona-44-anos-presidiendo-la-liga-regional-de-futbol-es-una-exageracion-pero-no-te-podes-resistir-y-tengo-mas-ganas-que-cuando-empece\/#article","isPartOf":{"@id":"https:\/\/www.celttv.com.ar\/index.php\/2024\/03\/05\/ernesto-palenzona-44-anos-presidiendo-la-liga-regional-de-futbol-es-una-exageracion-pero-no-te-podes-resistir-y-tengo-mas-ganas-que-cuando-empece\/"},"author":{"name":"Miguel Herrada","@id":"https:\/\/www.celttv.com.ar\/#\/schema\/person\/9059dc91dc7204ef4182cdb65225f07d"},"headline":"Ernesto Palenzona 44 a\u00f1os presidiendo la Liga Regional de F\u00fatbol \u201cEs una exageraci\u00f3n, pero no te podes resistir y tengo m\u00e1s ganas que cuando empec\u00e9\u201d","datePublished":"2024-03-06T02:35:36+00:00","dateModified":"2024-03-06T02:35:36+00:00","mainEntityOfPage":{"@id":"https:\/\/www.celttv.com.ar\/index.php\/2024\/03\/05\/ernesto-palenzona-44-anos-presidiendo-la-liga-regional-de-futbol-es-una-exageracion-pero-no-te-podes-resistir-y-tengo-mas-ganas-que-cuando-empece\/"},"wordCount":954,"publisher":{"@id":"https:\/\/www.celttv.com.ar\/#organization"},"articleSection":["Comunidad","Deportes","Destacadas"],"inLanguage":"es"},{"@type":"WebPage","@id":"https:\/\/www.celttv.com.ar\/index.php\/2024\/03\/05\/ernesto-palenzona-44-anos-presidiendo-la-liga-regional-de-futbol-es-una-exageracion-pero-no-te-podes-resistir-y-tengo-mas-ganas-que-cuando-empece\/","url":"https:\/\/www.celttv.com.ar\/index.php\/2024\/03\/05\/ernesto-palenzona-44-anos-presidiendo-la-liga-regional-de-futbol-es-una-exageracion-pero-no-te-podes-resistir-y-tengo-mas-ganas-que-cuando-empece\/","name":"Ernesto Palenzona 44 a\u00f1os presidiendo la Liga Regional de F\u00fatbol \u201cEs una exageraci\u00f3n, pero no te podes resistir y tengo m\u00e1s ganas que cuando empec\u00e9\u201d - CELTTV","isPartOf":{"@id":"https:\/\/www.celttv.com.ar\/#website"},"datePublished":"2024-03-06T02:35:36+00:00","dateModified":"2024-03-06T02:35:36+00:00","description":"Sitio web de noticias de la localidad de Tornquist, provincia de Buenos Aires, Rep\u00fablica Argentina. Contenido propio originado por periodistas de CELTTV, el canal de TV local de la Cooperativa El\u00e9ctrica de Tornquist. Turismo, Pol\u00edtica, Sociedad, Deporte, Cultura y todo el contenido de inter\u00e9s general que la gente del pueblo y la regi\u00f3n debe conocer.","breadcrumb":{"@id":"https:\/\/www.celttv.com.ar\/index.php\/2024\/03\/05\/ernesto-palenzona-44-anos-presidiendo-la-liga-regional-de-futbol-es-una-exageracion-pero-no-te-podes-resistir-y-tengo-mas-ganas-que-cuando-empece\/#breadcrumb"},"inLanguage":"es","potentialAction":[{"@type":"ReadAction","target":["https:\/\/www.celttv.com.ar\/index.php\/2024\/03\/05\/ernesto-palenzona-44-anos-presidiendo-la-liga-regional-de-futbol-es-una-exageracion-pero-no-te-podes-resistir-y-tengo-mas-ganas-que-cuando-empece\/"]}]},{"@type":"BreadcrumbList","@id":"https:\/\/www.celttv.com.ar\/index.php\/2024\/03\/05\/ernesto-palenzona-44-anos-presidiendo-la-liga-regional-de-futbol-es-una-exageracion-pero-no-te-podes-resistir-y-tengo-mas-ganas-que-cuando-empece\/#breadcrumb","itemListElement":[{"@type":"ListItem","position":1,"name":"Inicio","item":"https:\/\/www.celttv.com.ar\/"},{"@type":"ListItem","position":2,"name":"Ernesto Palenzona 44 a\u00f1os presidiendo la Liga Regional de F\u00fatbol \u201cEs una exageraci\u00f3n, pero no te podes resistir y tengo m\u00e1s ganas que cuando empec\u00e9\u201d"}]},{"@type":"WebSite","@id":"https:\/\/www.celttv.com.ar\/#website","url":"https:\/\/www.celttv.com.ar\/","name":"CELTTV","description":"Cooperativa El\u00e9ctrica de Tornquist","publisher":{"@id":"https:\/\/www.celttv.com.ar\/#organization"},"potentialAction":[{"@type":"SearchAction","target":{"@type":"EntryPoint","urlTemplate":"https:\/\/www.celttv.com.ar\/?s={search_term_string}"},"query-input":"required name=search_term_string"}],"inLanguage":"es"},{"@type":"Organization","@id":"https:\/\/www.celttv.com.ar\/#organization","name":"CELTTV","url":"https:\/\/www.celttv.com.ar\/","sameAs":["https:\/\/www.youtube.com\/channel\/UCz_oIt8Hig64Ub-EmcNPIhg","https:\/\/www.facebook.com\/celtTV\/"],"logo":{"@type":"ImageObject","inLanguage":"es","@id":"https:\/\/www.celttv.com.ar\/#\/schema\/logo\/image\/","url":"http:\/\/www.celttv.com.ar\/wp-content\/uploads\/2022\/08\/logo-1.png","contentUrl":"http:\/\/www.celttv.com.ar\/wp-content\/uploads\/2022\/08\/logo-1.png","width":461,"height":159,"caption":"CELTTV"},"image":{"@id":"https:\/\/www.celttv.com.ar\/#\/schema\/logo\/image\/"}},{"@type":"Person","@id":"https:\/\/www.celttv.com.ar\/#\/schema\/person\/9059dc91dc7204ef4182cdb65225f07d","name":"Miguel Herrada","image":{"@type":"ImageObject","inLanguage":"es","@id":"https:\/\/www.celttv.com.ar\/#\/schema\/person\/image\/","url":"https:\/\/secure.gravatar.com\/avatar\/67724d5b3c716623ffd76bec7e45841a442ac3b456e914dbba90b0fad2b8e0b1?s=96&d=mm&r=g","contentUrl":"https:\/\/secure.gravatar.com\/avatar\/67724d5b3c716623ffd76bec7e45841a442ac3b456e914dbba90b0fad2b8e0b1?s=96&d=mm&r=g","caption":"Miguel Herrada"}}]}},"_links":{"self":[{"href":"https:\/\/www.celttv.com.ar\/index.php\/wp-json\/wp\/v2\/posts\/82373","targetHints":{"allow":["GET"]}}],"collection":[{"href":"https:\/\/www.celttv.com.ar\/index.php\/wp-json\/wp\/v2\/posts"}],"about":[{"href":"https:\/\/www.celttv.com.ar\/index.php\/wp-json\/wp\/v2\/types\/post"}],"author":[{"embeddable":true,"href":"https:\/\/www.celttv.com.ar\/index.php\/wp-json\/wp\/v2\/users\/5"}],"replies":[{"embeddable":true,"href":"https:\/\/www.celttv.com.ar\/index.php\/wp-json\/wp\/v2\/comments?post=82373"}],"version-history":[{"count":1,"href":"https:\/\/www.celttv.com.ar\/index.php\/wp-json\/wp\/v2\/posts\/82373\/revisions"}],"predecessor-version":[{"id":82375,"href":"https:\/\/www.celttv.com.ar\/index.php\/wp-json\/wp\/v2\/posts\/82373\/revisions\/82375"}],"wp:featuredmedia":[{"embeddable":true,"href":"https:\/\/www.celttv.com.ar\/index.php\/wp-json\/wp\/v2\/media\/82374"}],"wp:attachment":[{"href":"https:\/\/www.celttv.com.ar\/index.php\/wp-json\/wp\/v2\/media?parent=82373"}],"wp:term":[{"taxonomy":"category","embeddable":true,"href":"https:\/\/www.celttv.com.ar\/index.php\/wp-json\/wp\/v2\/categories?post=82373"},{"taxonomy":"post_tag","embeddable":true,"href":"https:\/\/www.celttv.com.ar\/index.php\/wp-json\/wp\/v2\/tags?post=82373"}],"curies":[{"name":"wp","href":"https:\/\/api.w.org\/{rel}","templated":true}]}}