{"id":82376,"date":"2024-03-07T10:30:34","date_gmt":"2024-03-07T13:30:34","guid":{"rendered":"https:\/\/www.celttv.com.ar\/?p=82376"},"modified":"2024-03-07T10:30:34","modified_gmt":"2024-03-07T13:30:34","slug":"liga-regional-de-futbol-fue-aprobado-el-fixture-de-divisiones-inferiores","status":"publish","type":"post","link":"https:\/\/www.celttv.com.ar\/index.php\/2024\/03\/07\/liga-regional-de-futbol-fue-aprobado-el-fixture-de-divisiones-inferiores\/","title":{"rendered":"Liga Regional de F\u00fatbol: fue aprobado el fixture de divisiones inferiores"},"content":{"rendered":"<p>En la reuni\u00f3n que este lunes llev\u00f3 a cabo el consejo directivo de la Liga Regional de F\u00fatbol de Coronel Su\u00e1rez, que preside Ernesto Manuel Palenzona, qued\u00f3 aprobado el fixture del torneo Apertura de divisiones inferiores diagramado por el secretario rentado en la reuni\u00f3n del mi\u00e9rcoles anterior.<\/p>\n<p>Los clubes participantes, con la incorporaci\u00f3n de Deportivo Sarmiento con una l\u00ednea \u201cB\u201d en 7\u00aa y en 8\u00aa y Tiro Federal de Coronel Su\u00e1rez en 8\u00aa respecto del Clausura 2023 (formato similar, local\u00edas invertidas), est\u00e1n divididos en tres zonas geogr\u00e1ficas, una de ellas de ocho y las dos restantes de nueve.<\/p>\n<p>Se juega a una sola rueda, tras la cual clasificar\u00e1n para los cuartos de final los dos primeros de cada zona y los dos mejores terceros. Para determinar estos \u00faltimos, se realizar\u00e1 el promedio entre puntos y partidos dado que no todos juegan la misma cantidad.<\/p>\n<p>Cabe se\u00f1alar que hay clubes que manifestaron la posibilidad de presentar alguna divisi\u00f3n m\u00e1s, como es el caso de San Mart\u00edn de Saavedra, por tal motivo se les pidi\u00f3 que se definan lo antes posible.<\/p>\n<p><strong>El programa de partidos es el siguiente:<\/strong><\/p>\n<p><strong>Zona \u201cA\u201d<\/strong><\/p>\n<p>Primera fecha: Deportivo Rivera vs. Pe\u00f1arol de Guamin\u00ed (7\u00aa y 8\u00aa); Uni\u00f3n Pig\u00fc\u00e9 vs. Automoto (6\u00aa, 7\u00aa y 8\u00aa); Racing Club vs. Atl\u00e9tico Huanguel\u00e9n (5\u00aa, 6\u00aa, 7\u00aa y 8\u00aa) y Club Sarmiento vs. Pe\u00f1arol de Pig\u00fc\u00e9 (5\u00aa, 6\u00aa, 7\u00aa y 8\u00aa).<\/p>\n<p>Segunda fecha: Pe\u00f1arol de Guamin\u00ed vs. Pe\u00f1arol de Pig\u00fc\u00e9 (7\u00aa y 8\u00aa); Atl\u00e9tico Huanguel\u00e9n vs. Club Sarmiento (5\u00aa, 6\u00aa, 7\u00aa y 8\u00aa); Automoto vs. Racing Club (5\u00aa, 6\u00aa, 7\u00aa y 8\u00aa) y Deportivo Rivera vs. Uni\u00f3n Pig\u00fc\u00e9 (6\u00aa, 7\u00aa y 8\u00aa).<\/p>\n<p>Tercera fecha: Uni\u00f3n Pig\u00fc\u00e9 vs. Pe\u00f1arol de Guamin\u00ed (7\u00aa y 8\u00aa); Racing Club vs. Deportivo Rivera (5\u00aa, 6\u00aa, 7\u00aa y 8\u00aa); Club Sarmiento vs. Automoto (5\u00aa, 6\u00aa, 7\u00aa y 8\u00aa) y Pe\u00f1arol de Pig\u00fc\u00e9 vs. Atl\u00e9tico Huanguel\u00e9n (5\u00aa, 6\u00aa, 7\u00aa y 8\u00aa).<\/p>\n<p>Cuarta fecha: Pe\u00f1arol de Guamin\u00ed vs. Atl\u00e9tico Huanguel\u00e9n (7\u00aa y 8\u00aa); Automoto vs. Pe\u00f1arol de Pig\u00fc\u00e9 (5\u00aa, 6\u00aa, 7\u00aa y 8\u00aa); Deportivo Rivera vs. Club Sarmiento (5\u00aa, 6\u00aa, 7\u00aa y 8\u00aa) y Uni\u00f3n Pig\u00fc\u00e9 vs. Racing Club (6\u00aa, 7\u00aa y 8\u00aa).<\/p>\n<p>Quinta fecha: Racing Club vs. Pe\u00f1arol de Guamin\u00ed (7\u00aa y 8\u00aa); Club Sarmiento vs. Uni\u00f3n Pig\u00fc\u00e9 (6\u00aa, 7\u00aa y 8\u00aa); Pe\u00f1arol de Pig\u00fc\u00e9 vs. Deportivo Rivera (5\u00aa, 6\u00aa, 7\u00aa y 8\u00aa) y Atl\u00e9tico Huanguel\u00e9n vs. Automoto (5\u00aa, 6\u00aa, 7\u00aa y 8\u00aa).<\/p>\n<p>Sexta fecha: Pe\u00f1arol de Guamin\u00ed vs. Automoto (7\u00aa y 8\u00aa); Deportivo Rivera vs. Atl\u00e9tico Huanguel\u00e9n (5\u00aa, 6\u00aa, 7\u00aa y 8\u00aa); Uni\u00f3n Pig\u00fc\u00e9 vs. Pe\u00f1arol de Pig\u00fc\u00e9 (6\u00aa, 7\u00aa y 8\u00aa) y Racing Club vs. Club Sarmiento (5\u00aa, 6\u00aa, 7\u00aa y 8\u00aa).<\/p>\n<p>S\u00e9ptima fecha: Club Sarmiento vs. Pe\u00f1arol de Guamin\u00ed (7\u00aa y 8\u00aa); Pe\u00f1arol de Pig\u00fc\u00e9 vs. Racing Club (5\u00aa, 6\u00aa, 7\u00aa y 8\u00aa); Atl\u00e9tico Huanguel\u00e9n vs. Uni\u00f3n Pig\u00fc\u00e9 (6\u00aa, 7\u00aa y 8\u00aa) y Automoto vs. Deportivo Rivera (5\u00aa, 6\u00aa, 7\u00aa y 8\u00aa).<\/p>\n<p><strong>Zona \u201cB\u201d<\/strong><\/p>\n<p>Primera fecha: El Progreso vs. San Mart\u00edn de Carhu\u00e9 (6\u00aa, 7\u00aa y 8\u00aa); San Mart\u00edn de Santa Trinidad vs. Deportivo Argentino (5\u00aa, 6\u00aa, 7\u00aa y 8\u00aa) y Tiro Federal de Puan vs. Deportivo Sarmiento \u201cA\u201d (5\u00aa, 6\u00aa, 7\u00aa y 8\u00aa). Libres: Tiro Federal de Coronel Su\u00e1rez, Blanco y Negro \u201cB\u201d y San Mart\u00edn de Saavedra.<\/p>\n<p>Segunda fecha: Deportivo Sarmiento \u201cA\u201d vs. San Mart\u00edn de Santa Trinidad (5\u00aa, 6\u00aa, 7\u00aa y 8\u00aa); Deportivo Argentino vs. El Progreso (6\u00aa, 7\u00aa y 8\u00aa); San Mart\u00edn de Carhu\u00e9 vs. Blanco y Negro \u201cB\u201d (6\u00aa, 7\u00aa y 8\u00aa). Libres: Tiro Federal de Puan, San Mart\u00edn de Saavedra y Tiro Federal de Coronel Su\u00e1rez.<\/p>\n<p>Tercera fecha: Tiro Federal de Coronel Su\u00e1rez vs. San Mart\u00edn de Carhu\u00e9 (8\u00aa); Blanco y Negro \u201cB\u201d vs. Deportivo Argentino (6\u00aa, 7\u00aa y 8\u00aa); El Progreso vs. Deportivo Sarmiento \u201cA\u201d (6\u00aa, 7\u00aa y 8\u00aa); San Mart\u00edn de Santa Trinidad vs. Tiro Federal de Puan (5\u00aa, 6\u00aa, 7\u00aa y 8\u00aa). Libre: San Mart\u00edn de Saavedra.<\/p>\n<p>Cuarta fecha: Tiro Federal de Puan vs. El Progreso (6\u00aa, 7\u00aa y 8\u00aa); Deportivo Sarmiento \u201cA\u201d vs. Blanco y Negro \u201cB\u201d (6\u00aa, 7\u00aa y 8\u00aa); Deportivo Argentino vs. Tiro Federal de Coronel Su\u00e1rez (8\u00aa) y San Mart\u00edn de Saavedra vs. San Mart\u00edn de Carhu\u00e9 (5\u00aa). Libre: San Mart\u00edn de Santa Trinidad.<\/p>\n<p>Quinta fecha: San Mart\u00edn de Saavedra vs. Deportivo Argentino (5a); Tiro Federal de Coronel Su\u00e1rez vs. Deportivo Sarmiento \u201cA\u201d (8\u00aa); Blanco y Negro \u201cB\u201d vs. Tiro Federal de Puan (5\u00aa, 6\u00aa, 7\u00aa y 8\u00aa) y El Progreso vs. San Mart\u00edn de Santa Trinidad (5\u00aa, 6\u00aa, 7\u00aa y 8\u00aa). Libre: San Mart\u00edn de Carhu\u00e9.<\/p>\n<p>Sexta fecha: San Mart\u00edn de Santa Trinidad vs. Blanco y Negro \u201cB\u201d (6\u00aa, 7\u00aa y 8\u00aa); Tiro Federal de Puan vs. Tiro Federal de Coronel Su\u00e1rez (8\u00aa); Deportivo Argentino vs. San Mart\u00edn de Carhu\u00e9 (5\u00aa, 6\u00aa, 7\u00aa y 8\u00aa) y San Mart\u00edn de Saavedra vs. Deportivo Sarmiento \u201cA\u201d (5\u00aa). Libre: El Progreso.<\/p>\n<p>S\u00e9ptima fecha: San Mart\u00edn de Carhu\u00e9 vs. Deportivo Sarmiento \u201cA\u201d (5\u00aa, 6\u00aa, 7\u00aa y 8\u00aa); Tiro Federal de Puan vs. San Mart\u00edn de Saavedra (5a); Tiro Federal de Coronel Su\u00e1rez vs. San Mart\u00edn de Santa Trinidad (8\u00aa) y Blanco y Negro \u201cB\u201d vs. El Progreso (6\u00aa, 7\u00aa y 8\u00aa). Libre: Deportivo Argentino.<\/p>\n<p>Octava fecha: El Progreso vs. Tiro Federal de Coronel Su\u00e1rez (8\u00aa); San Mart\u00edn de Santa Trinidad vs. San Mart\u00edn de Saavedra (5\u00aa); Tiro Federal de Puan vs. San Mart\u00edn de Carhu\u00e9 (5\u00aa, 6\u00aa, 7\u00aa y 8\u00aa) y Deportivo Sarmiento \u201cA\u201d vs. Deportivo Argentino (5\u00aa, 6\u00aa, 7\u00aa y 8\u00aa). Libre: Blanco y Negro \u201cB\u201d.<\/p>\n<p>Novena fecha: Deportivo Argentino vs. Tiro Federal de Puan (5\u00aa, 6\u00aa, 7\u00aa y 8\u00aa); San Mart\u00edn de Carhu\u00e9 vs. San Mart\u00edn de Santa Trinidad (5\u00aa, 6\u00aa, 7\u00aa y 8\u00aa); Tiro Federal de Coronel Su\u00e1rez vs. Blanco y Negro \u201cB\u201d (8\u00aa). Libres: Deportivo Sarmiento \u201cA\u201d, El Progreso y San Mart\u00edn de Saavedra.<\/p>\n<p>Nota: si San Mart\u00edn de Saavedra presenta 7\u00aa, en la primera fecha confrontar\u00e1 con Blanco y Negro \u201cB\u201d y en la novena fecha con El Progreso.<\/p>\n<p>Si finalmente no la agrega, se puede adelantar Tiro Federal (CS) vs. Blanco y Negro \u201cB\u201d a la fecha 1 y Tiro Federal (Puan) vs. Tiro Federal (CS) a la fecha 2.<\/p>\n<p><strong>Zona \u201cC\u201d<\/strong><\/p>\n<p>Primera fecha: Sportivo Belgrano de Espartillar vs. Independiente de Rivera (5\u00aa, 7\u00aa y 8\u00aa); Independiente de San Jos\u00e9 vs. Blanco y Negro \u201cA\u201d (5\u00aa, 6\u00aa, 7\u00aa y 8\u00aa); Puan F. Club vs. Boca Juniors (5\u00aa, 7\u00aa y 8\u00aa) y Uni\u00f3n de Tornquist vs. Empleados de Comercio (5\u00aa, 6\u00aa, 7\u00aa y 8\u00aa). Libre: Deportivo Sarmiento \u201cB\u201d.<\/p>\n<p>Segunda fecha: Boca Juniors vs. Uni\u00f3n de Tornquist (5\u00aa, 6\u00aa, 7\u00aa y 8\u00aa); Blanco y Negro \u201cA\u201d vs. Puan F. Club (5\u00aa, 7\u00aa y 8\u00aa); Independiente de San Jos\u00e9 vs. Independiente de Rivera (5\u00aa, 7\u00aa y 8\u00aa) y Sportivo Belgrano de Espartillar vs. Deportivo Sarmiento \u201cB\u201d (7\u00aa y 8\u00aa). Libre: Empleados de Comercio.<\/p>\n<p>Tercera fecha: Deportivo Sarmiento \u201cB\u201d vs. Independiente de San Jos\u00e9 (7\u00aa y 8\u00aa); Puan F. Club vs. Independiente de Rivera (5\u00aa, 7\u00aa y 8\u00aa); Uni\u00f3n de Tornquist vs. Blanco y Negro \u201cA\u201d (5\u00aa, 6\u00aa, 7\u00aa y 8\u00aa) y Empleados de Comercio vs. Boca Juniors (5\u00aa, 6\u00aa, 7\u00aa y 8\u00aa). Libre: Sportivo Belgrano.<\/p>\n<p>Cuarta fecha: Blanco y Negro \u201cA\u201d vs. Empleados de Comercio (5\u00aa, 6\u00aa, 7\u00aa y 8\u00aa); Uni\u00f3n de Tornquist vs. Independiente de Rivera (5\u00aa, 7\u00aa y 8\u00aa); Puan F. Club vs. Deportivo Sarmiento \u201cB\u201d (7\u00aa y 8\u00aa) y Sportivo Belgrano de Espartillar vs. Independiente de San Jos\u00e9 (5\u00aa, 6\u00aa, 7\u00aa y 8\u00aa). Libre: Boca Juniors.<\/p>\n<p>Quinta fecha: Puan F. Club vs. Sportivo Belgrano de Espartillar (5\u00aa, 7\u00aa y 8\u00aa); Deportivo Sarmiento \u201cB\u201d vs. Uni\u00f3n de Tornquist (7\u00aa y 8\u00aa); Independiente de Rivera vs. Empleados de Comercio (5\u00aa, 7\u00aa y 8\u00aa) y Boca Juniors vs. Blanco y Negro \u201cA\u201d (5\u00aa, 6\u00aa, 7\u00aa y 8\u00aa). Libre: Independiente de San Jos\u00e9.<\/p>\n<p>Sexta fecha: Independiente de Rivera vs. Boca Juniors (5\u00aa, 7\u00aa y 8\u00aa); Deportivo Sarmiento \u201cB\u201d vs. Empleados de Comercio (7\u00aa y 8\u00aa); Sportivo Belgrano de Espartillar vs. Uni\u00f3n de Tornquist (5\u00aa, 6\u00aa, 7\u00aa y 8\u00aa) e Independiente de San Jos\u00e9 vs. Puan F. Club (5\u00aa, 7\u00aa y 8\u00aa). Libre: Blanco y Negro \u201cA\u201d.<\/p>\n<p>S\u00e9ptima fecha: Uni\u00f3n de Tornquist vs. Independiente de San Jos\u00e9 (5\u00aa, 6\u00aa, 7\u00aa y 8\u00aa); Empleados de Comercio vs. Sportivo Belgrano de Espartillar (5\u00aa, 6\u00aa, 7\u00aa y 8\u00aa); Deportivo Sarmiento \u201cB\u201d vs. Boca Juniors (7\u00aa y 8\u00aa) e Independiente de Rivera vs. Blanco y Negro \u201cA\u201d (5\u00aa, 7\u00aa y 8\u00aa). Libre: Puan F. Club.<\/p>\n<p>Octava fecha: Blanco y Negro \u201cA\u201d vs. Deportivo Sarmiento \u201cB\u201d (7\u00aa y 8\u00aa); Sportivo Belgrano de Espartillar vs. Boca Juniors (5\u00aa, 6\u00aa, 7\u00aa y 8\u00aa); Independiente de San Jos\u00e9 vs. Empleados de Comercio (5\u00aa, 6\u00aa, 7\u00aa y 8\u00aa); Puan F. Club vs. Uni\u00f3n de Tornquist (5\u00aa, 7\u00aa y 8\u00aa). Libre: Independiente de Rivera.<\/p>\n<p>Novena fecha: Empleados de Comercio vs. Puan F. Club (5\u00aa, 7\u00aa y 8\u00aa); Boca Juniors vs. Independiente de San Jos\u00e9 (5\u00aa, 6\u00aa, 7\u00aa y 8\u00aa); Blanco y Negro \u201cA\u201d vs. Sportivo Belgrano de Espartillar (5\u00aa, 6\u00aa, 7\u00aa y 8\u00aa) y Deportivo Sarmiento \u201cB\u201d vs. Independiente de Rivera (7\u00aa y 8\u00aa). Libre: Uni\u00f3n de Tornquist.<\/p>\n<p>Claudio Meier \u2013 Nuevo Dia<\/p>\n","protected":false},"excerpt":{"rendered":"<p>En la reuni\u00f3n que este lunes llev\u00f3 a cabo el consejo directivo de la Liga Regional de F\u00fatbol de Coronel Su\u00e1rez, que preside Ernesto Manuel Palenzona, qued\u00f3 aprobado el fixture del torneo Apertura de divisiones inferiores diagramado por el secretario rentado en la reuni\u00f3n del mi\u00e9rcoles anterior. Los clubes participantes, con la incorporaci\u00f3n de Deportivo [&hellip;]<\/p>\n","protected":false},"author":5,"featured_media":82377,"comment_status":"closed","ping_status":"closed","sticky":false,"template":"","format":"standard","meta":{"footnotes":""},"categories":[60],"tags":[],"class_list":["post-82376","post","type-post","status-publish","format-standard","has-post-thumbnail","hentry","category-deporte"],"yoast_head":"<!-- This site is optimized with the Yoast SEO plugin v19.7.1 - https:\/\/yoast.com\/wordpress\/plugins\/seo\/ -->\n<title>Liga Regional de F\u00fatbol: fue aprobado el fixture de divisiones inferiores - CELTTV<\/title>\n<meta name=\"description\" content=\"Sitio web de noticias de la localidad de Tornquist, provincia de Buenos Aires, Rep\u00fablica Argentina. Contenido propio originado por periodistas de CELTTV, el canal de TV local de la Cooperativa El\u00e9ctrica de Tornquist. Turismo, Pol\u00edtica, Sociedad, Deporte, Cultura y todo el contenido de inter\u00e9s general que la gente del pueblo y la regi\u00f3n debe conocer.\" \/>\n<meta name=\"robots\" content=\"index, follow, max-snippet:-1, max-image-preview:large, max-video-preview:-1\" \/>\n<link rel=\"canonical\" href=\"https:\/\/www.celttv.com.ar\/index.php\/2024\/03\/07\/liga-regional-de-futbol-fue-aprobado-el-fixture-de-divisiones-inferiores\/\" \/>\n<meta property=\"og:locale\" content=\"es_ES\" \/>\n<meta property=\"og:type\" content=\"article\" \/>\n<meta property=\"og:title\" content=\"Liga Regional de F\u00fatbol: fue aprobado el fixture de divisiones inferiores - CELTTV\" \/>\n<meta property=\"og:description\" content=\"Sitio web de noticias de la localidad de Tornquist, provincia de Buenos Aires, Rep\u00fablica Argentina. Contenido propio originado por periodistas de CELTTV, el canal de TV local de la Cooperativa El\u00e9ctrica de Tornquist. Turismo, Pol\u00edtica, Sociedad, Deporte, Cultura y todo el contenido de inter\u00e9s general que la gente del pueblo y la regi\u00f3n debe conocer.\" \/>\n<meta property=\"og:url\" content=\"https:\/\/www.celttv.com.ar\/index.php\/2024\/03\/07\/liga-regional-de-futbol-fue-aprobado-el-fixture-de-divisiones-inferiores\/\" \/>\n<meta property=\"og:site_name\" content=\"CELTTV\" \/>\n<meta property=\"article:publisher\" content=\"https:\/\/www.facebook.com\/celtTV\/\" \/>\n<meta property=\"article:published_time\" content=\"2024-03-07T13:30:34+00:00\" \/>\n<meta property=\"og:image\" content=\"https:\/\/www.celttv.com.ar\/wp-content\/uploads\/2024\/03\/reunion-lrf-06-750x361-1.jpg\" \/>\n\t<meta property=\"og:image:width\" content=\"750\" \/>\n\t<meta property=\"og:image:height\" content=\"361\" \/>\n\t<meta property=\"og:image:type\" content=\"image\/jpeg\" \/>\n<meta name=\"author\" content=\"Miguel Herrada\" \/>\n<meta name=\"twitter:card\" content=\"summary_large_image\" \/>\n<meta name=\"twitter:label1\" content=\"Escrito por\" \/>\n\t<meta name=\"twitter:data1\" content=\"Miguel Herrada\" \/>\n\t<meta name=\"twitter:label2\" content=\"Tiempo de lectura\" \/>\n\t<meta name=\"twitter:data2\" content=\"6 minutos\" \/>\n<script type=\"application\/ld+json\" class=\"yoast-schema-graph\">{\"@context\":\"https:\/\/schema.org\",\"@graph\":[{\"@type\":\"NewsArticle\",\"@id\":\"https:\/\/www.celttv.com.ar\/index.php\/2024\/03\/07\/liga-regional-de-futbol-fue-aprobado-el-fixture-de-divisiones-inferiores\/#article\",\"isPartOf\":{\"@id\":\"https:\/\/www.celttv.com.ar\/index.php\/2024\/03\/07\/liga-regional-de-futbol-fue-aprobado-el-fixture-de-divisiones-inferiores\/\"},\"author\":{\"name\":\"Miguel Herrada\",\"@id\":\"https:\/\/www.celttv.com.ar\/#\/schema\/person\/9059dc91dc7204ef4182cdb65225f07d\"},\"headline\":\"Liga Regional de F\u00fatbol: fue aprobado el fixture de divisiones inferiores\",\"datePublished\":\"2024-03-07T13:30:34+00:00\",\"dateModified\":\"2024-03-07T13:30:34+00:00\",\"mainEntityOfPage\":{\"@id\":\"https:\/\/www.celttv.com.ar\/index.php\/2024\/03\/07\/liga-regional-de-futbol-fue-aprobado-el-fixture-de-divisiones-inferiores\/\"},\"wordCount\":1310,\"publisher\":{\"@id\":\"https:\/\/www.celttv.com.ar\/#organization\"},\"articleSection\":[\"Deporte\"],\"inLanguage\":\"es\"},{\"@type\":\"WebPage\",\"@id\":\"https:\/\/www.celttv.com.ar\/index.php\/2024\/03\/07\/liga-regional-de-futbol-fue-aprobado-el-fixture-de-divisiones-inferiores\/\",\"url\":\"https:\/\/www.celttv.com.ar\/index.php\/2024\/03\/07\/liga-regional-de-futbol-fue-aprobado-el-fixture-de-divisiones-inferiores\/\",\"name\":\"Liga Regional de F\u00fatbol: fue aprobado el fixture de divisiones inferiores - CELTTV\",\"isPartOf\":{\"@id\":\"https:\/\/www.celttv.com.ar\/#website\"},\"datePublished\":\"2024-03-07T13:30:34+00:00\",\"dateModified\":\"2024-03-07T13:30:34+00:00\",\"description\":\"Sitio web de noticias de la localidad de Tornquist, provincia de Buenos Aires, Rep\u00fablica Argentina. Contenido propio originado por periodistas de CELTTV, el canal de TV local de la Cooperativa El\u00e9ctrica de Tornquist. Turismo, Pol\u00edtica, Sociedad, Deporte, Cultura y todo el contenido de inter\u00e9s general que la gente del pueblo y la regi\u00f3n debe conocer.\",\"breadcrumb\":{\"@id\":\"https:\/\/www.celttv.com.ar\/index.php\/2024\/03\/07\/liga-regional-de-futbol-fue-aprobado-el-fixture-de-divisiones-inferiores\/#breadcrumb\"},\"inLanguage\":\"es\",\"potentialAction\":[{\"@type\":\"ReadAction\",\"target\":[\"https:\/\/www.celttv.com.ar\/index.php\/2024\/03\/07\/liga-regional-de-futbol-fue-aprobado-el-fixture-de-divisiones-inferiores\/\"]}]},{\"@type\":\"BreadcrumbList\",\"@id\":\"https:\/\/www.celttv.com.ar\/index.php\/2024\/03\/07\/liga-regional-de-futbol-fue-aprobado-el-fixture-de-divisiones-inferiores\/#breadcrumb\",\"itemListElement\":[{\"@type\":\"ListItem\",\"position\":1,\"name\":\"Inicio\",\"item\":\"https:\/\/www.celttv.com.ar\/\"},{\"@type\":\"ListItem\",\"position\":2,\"name\":\"Liga Regional de F\u00fatbol: fue aprobado el fixture de divisiones inferiores\"}]},{\"@type\":\"WebSite\",\"@id\":\"https:\/\/www.celttv.com.ar\/#website\",\"url\":\"https:\/\/www.celttv.com.ar\/\",\"name\":\"CELTTV\",\"description\":\"Cooperativa El\u00e9ctrica de Tornquist\",\"publisher\":{\"@id\":\"https:\/\/www.celttv.com.ar\/#organization\"},\"potentialAction\":[{\"@type\":\"SearchAction\",\"target\":{\"@type\":\"EntryPoint\",\"urlTemplate\":\"https:\/\/www.celttv.com.ar\/?s={search_term_string}\"},\"query-input\":\"required name=search_term_string\"}],\"inLanguage\":\"es\"},{\"@type\":\"Organization\",\"@id\":\"https:\/\/www.celttv.com.ar\/#organization\",\"name\":\"CELTTV\",\"url\":\"https:\/\/www.celttv.com.ar\/\",\"sameAs\":[\"https:\/\/www.youtube.com\/channel\/UCz_oIt8Hig64Ub-EmcNPIhg\",\"https:\/\/www.facebook.com\/celtTV\/\"],\"logo\":{\"@type\":\"ImageObject\",\"inLanguage\":\"es\",\"@id\":\"https:\/\/www.celttv.com.ar\/#\/schema\/logo\/image\/\",\"url\":\"http:\/\/www.celttv.com.ar\/wp-content\/uploads\/2022\/08\/logo-1.png\",\"contentUrl\":\"http:\/\/www.celttv.com.ar\/wp-content\/uploads\/2022\/08\/logo-1.png\",\"width\":461,\"height\":159,\"caption\":\"CELTTV\"},\"image\":{\"@id\":\"https:\/\/www.celttv.com.ar\/#\/schema\/logo\/image\/\"}},{\"@type\":\"Person\",\"@id\":\"https:\/\/www.celttv.com.ar\/#\/schema\/person\/9059dc91dc7204ef4182cdb65225f07d\",\"name\":\"Miguel Herrada\",\"image\":{\"@type\":\"ImageObject\",\"inLanguage\":\"es\",\"@id\":\"https:\/\/www.celttv.com.ar\/#\/schema\/person\/image\/\",\"url\":\"https:\/\/secure.gravatar.com\/avatar\/67724d5b3c716623ffd76bec7e45841a442ac3b456e914dbba90b0fad2b8e0b1?s=96&d=mm&r=g\",\"contentUrl\":\"https:\/\/secure.gravatar.com\/avatar\/67724d5b3c716623ffd76bec7e45841a442ac3b456e914dbba90b0fad2b8e0b1?s=96&d=mm&r=g\",\"caption\":\"Miguel Herrada\"}}]}<\/script>\n<!-- \/ Yoast SEO plugin. -->","yoast_head_json":{"title":"Liga Regional de F\u00fatbol: fue aprobado el fixture de divisiones inferiores - CELTTV","description":"Sitio web de noticias de la localidad de Tornquist, provincia de Buenos Aires, Rep\u00fablica Argentina. Contenido propio originado por periodistas de CELTTV, el canal de TV local de la Cooperativa El\u00e9ctrica de Tornquist. Turismo, Pol\u00edtica, Sociedad, Deporte, Cultura y todo el contenido de inter\u00e9s general que la gente del pueblo y la regi\u00f3n debe conocer.","robots":{"index":"index","follow":"follow","max-snippet":"max-snippet:-1","max-image-preview":"max-image-preview:large","max-video-preview":"max-video-preview:-1"},"canonical":"https:\/\/www.celttv.com.ar\/index.php\/2024\/03\/07\/liga-regional-de-futbol-fue-aprobado-el-fixture-de-divisiones-inferiores\/","og_locale":"es_ES","og_type":"article","og_title":"Liga Regional de F\u00fatbol: fue aprobado el fixture de divisiones inferiores - CELTTV","og_description":"Sitio web de noticias de la localidad de Tornquist, provincia de Buenos Aires, Rep\u00fablica Argentina. Contenido propio originado por periodistas de CELTTV, el canal de TV local de la Cooperativa El\u00e9ctrica de Tornquist. Turismo, Pol\u00edtica, Sociedad, Deporte, Cultura y todo el contenido de inter\u00e9s general que la gente del pueblo y la regi\u00f3n debe conocer.","og_url":"https:\/\/www.celttv.com.ar\/index.php\/2024\/03\/07\/liga-regional-de-futbol-fue-aprobado-el-fixture-de-divisiones-inferiores\/","og_site_name":"CELTTV","article_publisher":"https:\/\/www.facebook.com\/celtTV\/","article_published_time":"2024-03-07T13:30:34+00:00","og_image":[{"width":750,"height":361,"url":"https:\/\/www.celttv.com.ar\/wp-content\/uploads\/2024\/03\/reunion-lrf-06-750x361-1.jpg","type":"image\/jpeg"}],"author":"Miguel Herrada","twitter_card":"summary_large_image","twitter_misc":{"Escrito por":"Miguel Herrada","Tiempo de lectura":"6 minutos"},"schema":{"@context":"https:\/\/schema.org","@graph":[{"@type":"NewsArticle","@id":"https:\/\/www.celttv.com.ar\/index.php\/2024\/03\/07\/liga-regional-de-futbol-fue-aprobado-el-fixture-de-divisiones-inferiores\/#article","isPartOf":{"@id":"https:\/\/www.celttv.com.ar\/index.php\/2024\/03\/07\/liga-regional-de-futbol-fue-aprobado-el-fixture-de-divisiones-inferiores\/"},"author":{"name":"Miguel Herrada","@id":"https:\/\/www.celttv.com.ar\/#\/schema\/person\/9059dc91dc7204ef4182cdb65225f07d"},"headline":"Liga Regional de F\u00fatbol: fue aprobado el fixture de divisiones inferiores","datePublished":"2024-03-07T13:30:34+00:00","dateModified":"2024-03-07T13:30:34+00:00","mainEntityOfPage":{"@id":"https:\/\/www.celttv.com.ar\/index.php\/2024\/03\/07\/liga-regional-de-futbol-fue-aprobado-el-fixture-de-divisiones-inferiores\/"},"wordCount":1310,"publisher":{"@id":"https:\/\/www.celttv.com.ar\/#organization"},"articleSection":["Deporte"],"inLanguage":"es"},{"@type":"WebPage","@id":"https:\/\/www.celttv.com.ar\/index.php\/2024\/03\/07\/liga-regional-de-futbol-fue-aprobado-el-fixture-de-divisiones-inferiores\/","url":"https:\/\/www.celttv.com.ar\/index.php\/2024\/03\/07\/liga-regional-de-futbol-fue-aprobado-el-fixture-de-divisiones-inferiores\/","name":"Liga Regional de F\u00fatbol: fue aprobado el fixture de divisiones inferiores - CELTTV","isPartOf":{"@id":"https:\/\/www.celttv.com.ar\/#website"},"datePublished":"2024-03-07T13:30:34+00:00","dateModified":"2024-03-07T13:30:34+00:00","description":"Sitio web de noticias de la localidad de Tornquist, provincia de Buenos Aires, Rep\u00fablica Argentina. Contenido propio originado por periodistas de CELTTV, el canal de TV local de la Cooperativa El\u00e9ctrica de Tornquist. Turismo, Pol\u00edtica, Sociedad, Deporte, Cultura y todo el contenido de inter\u00e9s general que la gente del pueblo y la regi\u00f3n debe conocer.","breadcrumb":{"@id":"https:\/\/www.celttv.com.ar\/index.php\/2024\/03\/07\/liga-regional-de-futbol-fue-aprobado-el-fixture-de-divisiones-inferiores\/#breadcrumb"},"inLanguage":"es","potentialAction":[{"@type":"ReadAction","target":["https:\/\/www.celttv.com.ar\/index.php\/2024\/03\/07\/liga-regional-de-futbol-fue-aprobado-el-fixture-de-divisiones-inferiores\/"]}]},{"@type":"BreadcrumbList","@id":"https:\/\/www.celttv.com.ar\/index.php\/2024\/03\/07\/liga-regional-de-futbol-fue-aprobado-el-fixture-de-divisiones-inferiores\/#breadcrumb","itemListElement":[{"@type":"ListItem","position":1,"name":"Inicio","item":"https:\/\/www.celttv.com.ar\/"},{"@type":"ListItem","position":2,"name":"Liga Regional de F\u00fatbol: fue aprobado el fixture de divisiones inferiores"}]},{"@type":"WebSite","@id":"https:\/\/www.celttv.com.ar\/#website","url":"https:\/\/www.celttv.com.ar\/","name":"CELTTV","description":"Cooperativa El\u00e9ctrica de Tornquist","publisher":{"@id":"https:\/\/www.celttv.com.ar\/#organization"},"potentialAction":[{"@type":"SearchAction","target":{"@type":"EntryPoint","urlTemplate":"https:\/\/www.celttv.com.ar\/?s={search_term_string}"},"query-input":"required name=search_term_string"}],"inLanguage":"es"},{"@type":"Organization","@id":"https:\/\/www.celttv.com.ar\/#organization","name":"CELTTV","url":"https:\/\/www.celttv.com.ar\/","sameAs":["https:\/\/www.youtube.com\/channel\/UCz_oIt8Hig64Ub-EmcNPIhg","https:\/\/www.facebook.com\/celtTV\/"],"logo":{"@type":"ImageObject","inLanguage":"es","@id":"https:\/\/www.celttv.com.ar\/#\/schema\/logo\/image\/","url":"http:\/\/www.celttv.com.ar\/wp-content\/uploads\/2022\/08\/logo-1.png","contentUrl":"http:\/\/www.celttv.com.ar\/wp-content\/uploads\/2022\/08\/logo-1.png","width":461,"height":159,"caption":"CELTTV"},"image":{"@id":"https:\/\/www.celttv.com.ar\/#\/schema\/logo\/image\/"}},{"@type":"Person","@id":"https:\/\/www.celttv.com.ar\/#\/schema\/person\/9059dc91dc7204ef4182cdb65225f07d","name":"Miguel Herrada","image":{"@type":"ImageObject","inLanguage":"es","@id":"https:\/\/www.celttv.com.ar\/#\/schema\/person\/image\/","url":"https:\/\/secure.gravatar.com\/avatar\/67724d5b3c716623ffd76bec7e45841a442ac3b456e914dbba90b0fad2b8e0b1?s=96&d=mm&r=g","contentUrl":"https:\/\/secure.gravatar.com\/avatar\/67724d5b3c716623ffd76bec7e45841a442ac3b456e914dbba90b0fad2b8e0b1?s=96&d=mm&r=g","caption":"Miguel Herrada"}}]}},"_links":{"self":[{"href":"https:\/\/www.celttv.com.ar\/index.php\/wp-json\/wp\/v2\/posts\/82376","targetHints":{"allow":["GET"]}}],"collection":[{"href":"https:\/\/www.celttv.com.ar\/index.php\/wp-json\/wp\/v2\/posts"}],"about":[{"href":"https:\/\/www.celttv.com.ar\/index.php\/wp-json\/wp\/v2\/types\/post"}],"author":[{"embeddable":true,"href":"https:\/\/www.celttv.com.ar\/index.php\/wp-json\/wp\/v2\/users\/5"}],"replies":[{"embeddable":true,"href":"https:\/\/www.celttv.com.ar\/index.php\/wp-json\/wp\/v2\/comments?post=82376"}],"version-history":[{"count":1,"href":"https:\/\/www.celttv.com.ar\/index.php\/wp-json\/wp\/v2\/posts\/82376\/revisions"}],"predecessor-version":[{"id":82378,"href":"https:\/\/www.celttv.com.ar\/index.php\/wp-json\/wp\/v2\/posts\/82376\/revisions\/82378"}],"wp:featuredmedia":[{"embeddable":true,"href":"https:\/\/www.celttv.com.ar\/index.php\/wp-json\/wp\/v2\/media\/82377"}],"wp:attachment":[{"href":"https:\/\/www.celttv.com.ar\/index.php\/wp-json\/wp\/v2\/media?parent=82376"}],"wp:term":[{"taxonomy":"category","embeddable":true,"href":"https:\/\/www.celttv.com.ar\/index.php\/wp-json\/wp\/v2\/categories?post=82376"},{"taxonomy":"post_tag","embeddable":true,"href":"https:\/\/www.celttv.com.ar\/index.php\/wp-json\/wp\/v2\/tags?post=82376"}],"curies":[{"name":"wp","href":"https:\/\/api.w.org\/{rel}","templated":true}]}}