{"id":82392,"date":"2024-03-07T17:59:55","date_gmt":"2024-03-07T20:59:55","guid":{"rendered":"https:\/\/www.celttv.com.ar\/?p=82392"},"modified":"2024-03-07T17:59:55","modified_gmt":"2024-03-07T20:59:55","slug":"tornquist-expo-mostrarte-un-taller-y-deporte-en-el-dia-internacional-de-la-mujer","status":"publish","type":"post","link":"https:\/\/www.celttv.com.ar\/index.php\/2024\/03\/07\/tornquist-expo-mostrarte-un-taller-y-deporte-en-el-dia-internacional-de-la-mujer\/","title":{"rendered":"Tornquist: Expo Mostrarte, un taller y deporte en el D\u00eda Internacional de la Mujer"},"content":{"rendered":"<p>Como cada a\u00f1o, Tornquist Municipio organizar\u00e1 para este viernes una serie de actividades en el marco del D\u00eda Internacional de la Mujer, que se conmemora cada 8 de marzo.<\/p>\n<p>Desde las 13.15 hs en la Biblioteca Popular \u2018Ernesto Tornquist\u2019, tendr\u00e1 lugar una charla de asesoramiento legal sobre tr\u00e1mites judiciales a cargo de las abogadas Mar\u00eda Arantzazu Keller y Mar\u00eda Eugenia Gonz\u00e1lez Marasca.<\/p>\n<p>A partir de las 18 hs, en tanto, se llevar\u00e1 a cabo una nueva edici\u00f3n de la Expo Mostrarte Mujer. Ser\u00e1 frente al Teatro Municipal \u2018Rodolfo Funke\u2019, con paseo de emprendedoras y artesanas y presentaciones art\u00edsticas en vivo.<\/p>\n<p>Adem\u00e1s, durante la jornada, habr\u00e1 un encuentro recreativo de newcom en el Gimnasio Municipal \u2018Eva Per\u00f3n\u2019 (17.30 hs) y una carrera de postas, organizada por running, desde las 19 en la Plaza Ernesto Tornquist.<\/p>\n<p><img loading=\"lazy\" decoding=\"async\" class=\"alignnone wp-image-82393 size-large\" src=\"https:\/\/www.celttv.com.ar\/wp-content\/uploads\/2024\/03\/8M-tqt-1024x1024.jpeg\" alt=\"\" width=\"1024\" height=\"1024\" srcset=\"https:\/\/www.celttv.com.ar\/wp-content\/uploads\/2024\/03\/8M-tqt-1024x1024.jpeg 1024w, https:\/\/www.celttv.com.ar\/wp-content\/uploads\/2024\/03\/8M-tqt-300x300.jpeg 300w, https:\/\/www.celttv.com.ar\/wp-content\/uploads\/2024\/03\/8M-tqt-150x150.jpeg 150w, https:\/\/www.celttv.com.ar\/wp-content\/uploads\/2024\/03\/8M-tqt-768x768.jpeg 768w, https:\/\/www.celttv.com.ar\/wp-content\/uploads\/2024\/03\/8M-tqt-75x75.jpeg 75w, https:\/\/www.celttv.com.ar\/wp-content\/uploads\/2024\/03\/8M-tqt-750x750.jpeg 750w, https:\/\/www.celttv.com.ar\/wp-content\/uploads\/2024\/03\/8M-tqt.jpeg 1080w\" sizes=\"auto, (max-width: 1024px) 100vw, 1024px\" \/><\/p>\n","protected":false},"excerpt":{"rendered":"<p>Como cada a\u00f1o, Tornquist Municipio organizar\u00e1 para este viernes una serie de actividades en el marco del D\u00eda Internacional de la Mujer, que se conmemora cada 8 de marzo. Desde las 13.15 hs en la Biblioteca Popular \u2018Ernesto Tornquist\u2019, tendr\u00e1 lugar una charla de asesoramiento legal sobre tr\u00e1mites judiciales a cargo de las abogadas Mar\u00eda [&hellip;]<\/p>\n","protected":false},"author":5,"featured_media":82393,"comment_status":"closed","ping_status":"closed","sticky":false,"template":"","format":"standard","meta":{"footnotes":""},"categories":[60,52],"tags":[],"class_list":["post-82392","post","type-post","status-publish","format-standard","has-post-thumbnail","hentry","category-deporte","category-destacadas"],"yoast_head":"<!-- This site is optimized with the Yoast SEO plugin v19.7.1 - https:\/\/yoast.com\/wordpress\/plugins\/seo\/ -->\n<title>Tornquist: Expo Mostrarte, un taller y deporte en el D\u00eda Internacional de la Mujer - CELTTV<\/title>\n<meta name=\"description\" content=\"Sitio web de noticias de la localidad de Tornquist, provincia de Buenos Aires, Rep\u00fablica Argentina. Contenido propio originado por periodistas de CELTTV, el canal de TV local de la Cooperativa El\u00e9ctrica de Tornquist. Turismo, Pol\u00edtica, Sociedad, Deporte, Cultura y todo el contenido de inter\u00e9s general que la gente del pueblo y la regi\u00f3n debe conocer.\" \/>\n<meta name=\"robots\" content=\"index, follow, max-snippet:-1, max-image-preview:large, max-video-preview:-1\" \/>\n<link rel=\"canonical\" href=\"https:\/\/www.celttv.com.ar\/index.php\/2024\/03\/07\/tornquist-expo-mostrarte-un-taller-y-deporte-en-el-dia-internacional-de-la-mujer\/\" \/>\n<meta property=\"og:locale\" content=\"es_ES\" \/>\n<meta property=\"og:type\" content=\"article\" \/>\n<meta property=\"og:title\" content=\"Tornquist: Expo Mostrarte, un taller y deporte en el D\u00eda Internacional de la Mujer - CELTTV\" \/>\n<meta property=\"og:description\" content=\"Sitio web de noticias de la localidad de Tornquist, provincia de Buenos Aires, Rep\u00fablica Argentina. Contenido propio originado por periodistas de CELTTV, el canal de TV local de la Cooperativa El\u00e9ctrica de Tornquist. Turismo, Pol\u00edtica, Sociedad, Deporte, Cultura y todo el contenido de inter\u00e9s general que la gente del pueblo y la regi\u00f3n debe conocer.\" \/>\n<meta property=\"og:url\" content=\"https:\/\/www.celttv.com.ar\/index.php\/2024\/03\/07\/tornquist-expo-mostrarte-un-taller-y-deporte-en-el-dia-internacional-de-la-mujer\/\" \/>\n<meta property=\"og:site_name\" content=\"CELTTV\" \/>\n<meta property=\"article:publisher\" content=\"https:\/\/www.facebook.com\/celtTV\/\" \/>\n<meta property=\"article:published_time\" content=\"2024-03-07T20:59:55+00:00\" \/>\n<meta property=\"og:image\" content=\"https:\/\/www.celttv.com.ar\/wp-content\/uploads\/2024\/03\/8M-tqt.jpeg\" \/>\n\t<meta property=\"og:image:width\" content=\"1080\" \/>\n\t<meta property=\"og:image:height\" content=\"1080\" \/>\n\t<meta property=\"og:image:type\" content=\"image\/jpeg\" \/>\n<meta name=\"author\" content=\"Miguel Herrada\" \/>\n<meta name=\"twitter:card\" content=\"summary_large_image\" \/>\n<meta name=\"twitter:label1\" content=\"Escrito por\" \/>\n\t<meta name=\"twitter:data1\" content=\"Miguel Herrada\" \/>\n\t<meta name=\"twitter:label2\" content=\"Tiempo de lectura\" \/>\n\t<meta name=\"twitter:data2\" content=\"1 minuto\" \/>\n<script type=\"application\/ld+json\" class=\"yoast-schema-graph\">{\"@context\":\"https:\/\/schema.org\",\"@graph\":[{\"@type\":\"NewsArticle\",\"@id\":\"https:\/\/www.celttv.com.ar\/index.php\/2024\/03\/07\/tornquist-expo-mostrarte-un-taller-y-deporte-en-el-dia-internacional-de-la-mujer\/#article\",\"isPartOf\":{\"@id\":\"https:\/\/www.celttv.com.ar\/index.php\/2024\/03\/07\/tornquist-expo-mostrarte-un-taller-y-deporte-en-el-dia-internacional-de-la-mujer\/\"},\"author\":{\"name\":\"Miguel Herrada\",\"@id\":\"https:\/\/www.celttv.com.ar\/#\/schema\/person\/9059dc91dc7204ef4182cdb65225f07d\"},\"headline\":\"Tornquist: Expo Mostrarte, un taller y deporte en el D\u00eda Internacional de la Mujer\",\"datePublished\":\"2024-03-07T20:59:55+00:00\",\"dateModified\":\"2024-03-07T20:59:55+00:00\",\"mainEntityOfPage\":{\"@id\":\"https:\/\/www.celttv.com.ar\/index.php\/2024\/03\/07\/tornquist-expo-mostrarte-un-taller-y-deporte-en-el-dia-internacional-de-la-mujer\/\"},\"wordCount\":154,\"publisher\":{\"@id\":\"https:\/\/www.celttv.com.ar\/#organization\"},\"articleSection\":[\"Deporte\",\"Destacadas\"],\"inLanguage\":\"es\"},{\"@type\":\"WebPage\",\"@id\":\"https:\/\/www.celttv.com.ar\/index.php\/2024\/03\/07\/tornquist-expo-mostrarte-un-taller-y-deporte-en-el-dia-internacional-de-la-mujer\/\",\"url\":\"https:\/\/www.celttv.com.ar\/index.php\/2024\/03\/07\/tornquist-expo-mostrarte-un-taller-y-deporte-en-el-dia-internacional-de-la-mujer\/\",\"name\":\"Tornquist: Expo Mostrarte, un taller y deporte en el D\u00eda Internacional de la Mujer - CELTTV\",\"isPartOf\":{\"@id\":\"https:\/\/www.celttv.com.ar\/#website\"},\"datePublished\":\"2024-03-07T20:59:55+00:00\",\"dateModified\":\"2024-03-07T20:59:55+00:00\",\"description\":\"Sitio web de noticias de la localidad de Tornquist, provincia de Buenos Aires, Rep\u00fablica Argentina. Contenido propio originado por periodistas de CELTTV, el canal de TV local de la Cooperativa El\u00e9ctrica de Tornquist. Turismo, Pol\u00edtica, Sociedad, Deporte, Cultura y todo el contenido de inter\u00e9s general que la gente del pueblo y la regi\u00f3n debe conocer.\",\"breadcrumb\":{\"@id\":\"https:\/\/www.celttv.com.ar\/index.php\/2024\/03\/07\/tornquist-expo-mostrarte-un-taller-y-deporte-en-el-dia-internacional-de-la-mujer\/#breadcrumb\"},\"inLanguage\":\"es\",\"potentialAction\":[{\"@type\":\"ReadAction\",\"target\":[\"https:\/\/www.celttv.com.ar\/index.php\/2024\/03\/07\/tornquist-expo-mostrarte-un-taller-y-deporte-en-el-dia-internacional-de-la-mujer\/\"]}]},{\"@type\":\"BreadcrumbList\",\"@id\":\"https:\/\/www.celttv.com.ar\/index.php\/2024\/03\/07\/tornquist-expo-mostrarte-un-taller-y-deporte-en-el-dia-internacional-de-la-mujer\/#breadcrumb\",\"itemListElement\":[{\"@type\":\"ListItem\",\"position\":1,\"name\":\"Inicio\",\"item\":\"https:\/\/www.celttv.com.ar\/\"},{\"@type\":\"ListItem\",\"position\":2,\"name\":\"Tornquist: Expo Mostrarte, un taller y deporte en el D\u00eda Internacional de la Mujer\"}]},{\"@type\":\"WebSite\",\"@id\":\"https:\/\/www.celttv.com.ar\/#website\",\"url\":\"https:\/\/www.celttv.com.ar\/\",\"name\":\"CELTTV\",\"description\":\"Cooperativa El\u00e9ctrica de Tornquist\",\"publisher\":{\"@id\":\"https:\/\/www.celttv.com.ar\/#organization\"},\"potentialAction\":[{\"@type\":\"SearchAction\",\"target\":{\"@type\":\"EntryPoint\",\"urlTemplate\":\"https:\/\/www.celttv.com.ar\/?s={search_term_string}\"},\"query-input\":\"required name=search_term_string\"}],\"inLanguage\":\"es\"},{\"@type\":\"Organization\",\"@id\":\"https:\/\/www.celttv.com.ar\/#organization\",\"name\":\"CELTTV\",\"url\":\"https:\/\/www.celttv.com.ar\/\",\"sameAs\":[\"https:\/\/www.youtube.com\/channel\/UCz_oIt8Hig64Ub-EmcNPIhg\",\"https:\/\/www.facebook.com\/celtTV\/\"],\"logo\":{\"@type\":\"ImageObject\",\"inLanguage\":\"es\",\"@id\":\"https:\/\/www.celttv.com.ar\/#\/schema\/logo\/image\/\",\"url\":\"http:\/\/www.celttv.com.ar\/wp-content\/uploads\/2022\/08\/logo-1.png\",\"contentUrl\":\"http:\/\/www.celttv.com.ar\/wp-content\/uploads\/2022\/08\/logo-1.png\",\"width\":461,\"height\":159,\"caption\":\"CELTTV\"},\"image\":{\"@id\":\"https:\/\/www.celttv.com.ar\/#\/schema\/logo\/image\/\"}},{\"@type\":\"Person\",\"@id\":\"https:\/\/www.celttv.com.ar\/#\/schema\/person\/9059dc91dc7204ef4182cdb65225f07d\",\"name\":\"Miguel Herrada\",\"image\":{\"@type\":\"ImageObject\",\"inLanguage\":\"es\",\"@id\":\"https:\/\/www.celttv.com.ar\/#\/schema\/person\/image\/\",\"url\":\"https:\/\/secure.gravatar.com\/avatar\/67724d5b3c716623ffd76bec7e45841a442ac3b456e914dbba90b0fad2b8e0b1?s=96&d=mm&r=g\",\"contentUrl\":\"https:\/\/secure.gravatar.com\/avatar\/67724d5b3c716623ffd76bec7e45841a442ac3b456e914dbba90b0fad2b8e0b1?s=96&d=mm&r=g\",\"caption\":\"Miguel Herrada\"}}]}<\/script>\n<!-- \/ Yoast SEO plugin. -->","yoast_head_json":{"title":"Tornquist: Expo Mostrarte, un taller y deporte en el D\u00eda Internacional de la Mujer - CELTTV","description":"Sitio web de noticias de la localidad de Tornquist, provincia de Buenos Aires, Rep\u00fablica Argentina. Contenido propio originado por periodistas de CELTTV, el canal de TV local de la Cooperativa El\u00e9ctrica de Tornquist. Turismo, Pol\u00edtica, Sociedad, Deporte, Cultura y todo el contenido de inter\u00e9s general que la gente del pueblo y la regi\u00f3n debe conocer.","robots":{"index":"index","follow":"follow","max-snippet":"max-snippet:-1","max-image-preview":"max-image-preview:large","max-video-preview":"max-video-preview:-1"},"canonical":"https:\/\/www.celttv.com.ar\/index.php\/2024\/03\/07\/tornquist-expo-mostrarte-un-taller-y-deporte-en-el-dia-internacional-de-la-mujer\/","og_locale":"es_ES","og_type":"article","og_title":"Tornquist: Expo Mostrarte, un taller y deporte en el D\u00eda Internacional de la Mujer - CELTTV","og_description":"Sitio web de noticias de la localidad de Tornquist, provincia de Buenos Aires, Rep\u00fablica Argentina. Contenido propio originado por periodistas de CELTTV, el canal de TV local de la Cooperativa El\u00e9ctrica de Tornquist. Turismo, Pol\u00edtica, Sociedad, Deporte, Cultura y todo el contenido de inter\u00e9s general que la gente del pueblo y la regi\u00f3n debe conocer.","og_url":"https:\/\/www.celttv.com.ar\/index.php\/2024\/03\/07\/tornquist-expo-mostrarte-un-taller-y-deporte-en-el-dia-internacional-de-la-mujer\/","og_site_name":"CELTTV","article_publisher":"https:\/\/www.facebook.com\/celtTV\/","article_published_time":"2024-03-07T20:59:55+00:00","og_image":[{"width":1080,"height":1080,"url":"https:\/\/www.celttv.com.ar\/wp-content\/uploads\/2024\/03\/8M-tqt.jpeg","type":"image\/jpeg"}],"author":"Miguel Herrada","twitter_card":"summary_large_image","twitter_misc":{"Escrito por":"Miguel Herrada","Tiempo de lectura":"1 minuto"},"schema":{"@context":"https:\/\/schema.org","@graph":[{"@type":"NewsArticle","@id":"https:\/\/www.celttv.com.ar\/index.php\/2024\/03\/07\/tornquist-expo-mostrarte-un-taller-y-deporte-en-el-dia-internacional-de-la-mujer\/#article","isPartOf":{"@id":"https:\/\/www.celttv.com.ar\/index.php\/2024\/03\/07\/tornquist-expo-mostrarte-un-taller-y-deporte-en-el-dia-internacional-de-la-mujer\/"},"author":{"name":"Miguel Herrada","@id":"https:\/\/www.celttv.com.ar\/#\/schema\/person\/9059dc91dc7204ef4182cdb65225f07d"},"headline":"Tornquist: Expo Mostrarte, un taller y deporte en el D\u00eda Internacional de la Mujer","datePublished":"2024-03-07T20:59:55+00:00","dateModified":"2024-03-07T20:59:55+00:00","mainEntityOfPage":{"@id":"https:\/\/www.celttv.com.ar\/index.php\/2024\/03\/07\/tornquist-expo-mostrarte-un-taller-y-deporte-en-el-dia-internacional-de-la-mujer\/"},"wordCount":154,"publisher":{"@id":"https:\/\/www.celttv.com.ar\/#organization"},"articleSection":["Deporte","Destacadas"],"inLanguage":"es"},{"@type":"WebPage","@id":"https:\/\/www.celttv.com.ar\/index.php\/2024\/03\/07\/tornquist-expo-mostrarte-un-taller-y-deporte-en-el-dia-internacional-de-la-mujer\/","url":"https:\/\/www.celttv.com.ar\/index.php\/2024\/03\/07\/tornquist-expo-mostrarte-un-taller-y-deporte-en-el-dia-internacional-de-la-mujer\/","name":"Tornquist: Expo Mostrarte, un taller y deporte en el D\u00eda Internacional de la Mujer - CELTTV","isPartOf":{"@id":"https:\/\/www.celttv.com.ar\/#website"},"datePublished":"2024-03-07T20:59:55+00:00","dateModified":"2024-03-07T20:59:55+00:00","description":"Sitio web de noticias de la localidad de Tornquist, provincia de Buenos Aires, Rep\u00fablica Argentina. Contenido propio originado por periodistas de CELTTV, el canal de TV local de la Cooperativa El\u00e9ctrica de Tornquist. Turismo, Pol\u00edtica, Sociedad, Deporte, Cultura y todo el contenido de inter\u00e9s general que la gente del pueblo y la regi\u00f3n debe conocer.","breadcrumb":{"@id":"https:\/\/www.celttv.com.ar\/index.php\/2024\/03\/07\/tornquist-expo-mostrarte-un-taller-y-deporte-en-el-dia-internacional-de-la-mujer\/#breadcrumb"},"inLanguage":"es","potentialAction":[{"@type":"ReadAction","target":["https:\/\/www.celttv.com.ar\/index.php\/2024\/03\/07\/tornquist-expo-mostrarte-un-taller-y-deporte-en-el-dia-internacional-de-la-mujer\/"]}]},{"@type":"BreadcrumbList","@id":"https:\/\/www.celttv.com.ar\/index.php\/2024\/03\/07\/tornquist-expo-mostrarte-un-taller-y-deporte-en-el-dia-internacional-de-la-mujer\/#breadcrumb","itemListElement":[{"@type":"ListItem","position":1,"name":"Inicio","item":"https:\/\/www.celttv.com.ar\/"},{"@type":"ListItem","position":2,"name":"Tornquist: Expo Mostrarte, un taller y deporte en el D\u00eda Internacional de la Mujer"}]},{"@type":"WebSite","@id":"https:\/\/www.celttv.com.ar\/#website","url":"https:\/\/www.celttv.com.ar\/","name":"CELTTV","description":"Cooperativa El\u00e9ctrica de Tornquist","publisher":{"@id":"https:\/\/www.celttv.com.ar\/#organization"},"potentialAction":[{"@type":"SearchAction","target":{"@type":"EntryPoint","urlTemplate":"https:\/\/www.celttv.com.ar\/?s={search_term_string}"},"query-input":"required name=search_term_string"}],"inLanguage":"es"},{"@type":"Organization","@id":"https:\/\/www.celttv.com.ar\/#organization","name":"CELTTV","url":"https:\/\/www.celttv.com.ar\/","sameAs":["https:\/\/www.youtube.com\/channel\/UCz_oIt8Hig64Ub-EmcNPIhg","https:\/\/www.facebook.com\/celtTV\/"],"logo":{"@type":"ImageObject","inLanguage":"es","@id":"https:\/\/www.celttv.com.ar\/#\/schema\/logo\/image\/","url":"http:\/\/www.celttv.com.ar\/wp-content\/uploads\/2022\/08\/logo-1.png","contentUrl":"http:\/\/www.celttv.com.ar\/wp-content\/uploads\/2022\/08\/logo-1.png","width":461,"height":159,"caption":"CELTTV"},"image":{"@id":"https:\/\/www.celttv.com.ar\/#\/schema\/logo\/image\/"}},{"@type":"Person","@id":"https:\/\/www.celttv.com.ar\/#\/schema\/person\/9059dc91dc7204ef4182cdb65225f07d","name":"Miguel Herrada","image":{"@type":"ImageObject","inLanguage":"es","@id":"https:\/\/www.celttv.com.ar\/#\/schema\/person\/image\/","url":"https:\/\/secure.gravatar.com\/avatar\/67724d5b3c716623ffd76bec7e45841a442ac3b456e914dbba90b0fad2b8e0b1?s=96&d=mm&r=g","contentUrl":"https:\/\/secure.gravatar.com\/avatar\/67724d5b3c716623ffd76bec7e45841a442ac3b456e914dbba90b0fad2b8e0b1?s=96&d=mm&r=g","caption":"Miguel Herrada"}}]}},"_links":{"self":[{"href":"https:\/\/www.celttv.com.ar\/index.php\/wp-json\/wp\/v2\/posts\/82392","targetHints":{"allow":["GET"]}}],"collection":[{"href":"https:\/\/www.celttv.com.ar\/index.php\/wp-json\/wp\/v2\/posts"}],"about":[{"href":"https:\/\/www.celttv.com.ar\/index.php\/wp-json\/wp\/v2\/types\/post"}],"author":[{"embeddable":true,"href":"https:\/\/www.celttv.com.ar\/index.php\/wp-json\/wp\/v2\/users\/5"}],"replies":[{"embeddable":true,"href":"https:\/\/www.celttv.com.ar\/index.php\/wp-json\/wp\/v2\/comments?post=82392"}],"version-history":[{"count":1,"href":"https:\/\/www.celttv.com.ar\/index.php\/wp-json\/wp\/v2\/posts\/82392\/revisions"}],"predecessor-version":[{"id":82394,"href":"https:\/\/www.celttv.com.ar\/index.php\/wp-json\/wp\/v2\/posts\/82392\/revisions\/82394"}],"wp:featuredmedia":[{"embeddable":true,"href":"https:\/\/www.celttv.com.ar\/index.php\/wp-json\/wp\/v2\/media\/82393"}],"wp:attachment":[{"href":"https:\/\/www.celttv.com.ar\/index.php\/wp-json\/wp\/v2\/media?parent=82392"}],"wp:term":[{"taxonomy":"category","embeddable":true,"href":"https:\/\/www.celttv.com.ar\/index.php\/wp-json\/wp\/v2\/categories?post=82392"},{"taxonomy":"post_tag","embeddable":true,"href":"https:\/\/www.celttv.com.ar\/index.php\/wp-json\/wp\/v2\/tags?post=82392"}],"curies":[{"name":"wp","href":"https:\/\/api.w.org\/{rel}","templated":true}]}}