{"id":82400,"date":"2024-03-07T23:26:24","date_gmt":"2024-03-08T02:26:24","guid":{"rendered":"https:\/\/www.celttv.com.ar\/?p=82400"},"modified":"2024-03-07T23:26:24","modified_gmt":"2024-03-08T02:26:24","slug":"comunicado-del-consejo-de-las-mujeres-tornquist-2","status":"publish","type":"post","link":"https:\/\/www.celttv.com.ar\/index.php\/2024\/03\/07\/comunicado-del-consejo-de-las-mujeres-tornquist-2\/","title":{"rendered":"Comunicado del Consejo de las Mujeres Tornquist"},"content":{"rendered":"<p style=\"font-weight: 400;\"><strong><u>\u201cDIA INTERNACIONAL DE LA MUJER TRABAJADORA\u201d<\/u><\/strong><\/p>\n<p style=\"font-weight: 400;\"><strong><u>&#8220;<\/u><\/strong>Si no hay igualdad, no hay libertad\u201d.<\/p>\n<p style=\"font-weight: 400;\">\n<p style=\"font-weight: 400;\">El 8 de marzo es una fecha que est\u00e1 estrechamente ligada a la extensa y ardua lucha que las\u00a0\u00a0 mujeres venimos llevamos adelante a lo largo de la historia.<\/p>\n<p style=\"font-weight: 400;\">Este a\u00f1o el 8M salimos a las calles de la patria por la soberan\u00eda sobre nuestros cuerpos y nuestros territorios, por la soberan\u00eda econ\u00f3mica y alimentaria y porque las pol\u00edticas p\u00fablicas de ajuste y de crueldad extrema afectan de manera particular a las mujeres y disidencias y, sobre todo, a las mujeres solas con menores a cargo que no pueden hacen\u00a0 frente a los aumentos de precios\u00a0 totalmente descontrolados.<\/p>\n<p style=\"font-weight: 400;\">Salimos para exigir que el DNU 70\/2023 anticonstitucional y antidemocr\u00e1tico caiga porque est\u00e1 produciendo efectos desoladores en nuestra\u00a0 vida cotidiana.<\/p>\n<p style=\"font-weight: 400;\">Salimos porque queremos vivir en una sociedad m\u00e1s justa e igualitaria, donde se respete el orden jur\u00eddico y de convivencia de nuestro pueblo, nuestra historia de lucha, los derechos adquiridos, nuestra memoria.<\/p>\n<p style=\"font-weight: 400;\">El D\u00eda Internacional de la Mujer\u00a0 significa un recuerdo y una reivindicaci\u00f3n de la igualdad conseguida a lo largo del tiempo, la conquista de derechos y de espacios que tantas veces fueron negados y, principalmente, del comienzo de la liberaci\u00f3n de todo sometimiento.<\/p>\n<p style=\"font-weight: 400;\">Muchas voluntades se aunaron para la conmemoraci\u00f3n en el distrito de Tornquist. Te esperamos para compartirla.<\/p>\n<p style=\"font-weight: 400;\"><img loading=\"lazy\" decoding=\"async\" class=\"alignnone wp-image-82401 size-full\" src=\"https:\/\/www.celttv.com.ar\/wp-content\/uploads\/2024\/03\/DIA-DE-LA-MUJER.jpg\" alt=\"\" width=\"602\" height=\"616\" srcset=\"https:\/\/www.celttv.com.ar\/wp-content\/uploads\/2024\/03\/DIA-DE-LA-MUJER.jpg 602w, https:\/\/www.celttv.com.ar\/wp-content\/uploads\/2024\/03\/DIA-DE-LA-MUJER-293x300.jpg 293w\" sizes=\"auto, (max-width: 602px) 100vw, 602px\" \/><\/p>\n","protected":false},"excerpt":{"rendered":"<p>\u201cDIA INTERNACIONAL DE LA MUJER TRABAJADORA\u201d &#8220;Si no hay igualdad, no hay libertad\u201d. El 8 de marzo es una fecha que est\u00e1 estrechamente ligada a la extensa y ardua lucha que las\u00a0\u00a0 mujeres venimos llevamos adelante a lo largo de la historia. Este a\u00f1o el 8M salimos a las calles de la patria por la [&hellip;]<\/p>\n","protected":false},"author":5,"featured_media":82401,"comment_status":"closed","ping_status":"closed","sticky":false,"template":"","format":"standard","meta":{"footnotes":""},"categories":[51,52],"tags":[],"class_list":["post-82400","post","type-post","status-publish","format-standard","has-post-thumbnail","hentry","category-comunidad","category-destacadas"],"yoast_head":"<!-- This site is optimized with the Yoast SEO plugin v19.7.1 - https:\/\/yoast.com\/wordpress\/plugins\/seo\/ -->\n<title>Comunicado del Consejo de las Mujeres Tornquist - CELTTV<\/title>\n<meta name=\"description\" content=\"Sitio web de noticias de la localidad de Tornquist, provincia de Buenos Aires, Rep\u00fablica Argentina. Contenido propio originado por periodistas de CELTTV, el canal de TV local de la Cooperativa El\u00e9ctrica de Tornquist. Turismo, Pol\u00edtica, Sociedad, Deporte, Cultura y todo el contenido de inter\u00e9s general que la gente del pueblo y la regi\u00f3n debe conocer.\" \/>\n<meta name=\"robots\" content=\"index, follow, max-snippet:-1, max-image-preview:large, max-video-preview:-1\" \/>\n<link rel=\"canonical\" href=\"https:\/\/www.celttv.com.ar\/index.php\/2024\/03\/07\/comunicado-del-consejo-de-las-mujeres-tornquist-2\/\" \/>\n<meta property=\"og:locale\" content=\"es_ES\" \/>\n<meta property=\"og:type\" content=\"article\" \/>\n<meta property=\"og:title\" content=\"Comunicado del Consejo de las Mujeres Tornquist - CELTTV\" \/>\n<meta property=\"og:description\" content=\"Sitio web de noticias de la localidad de Tornquist, provincia de Buenos Aires, Rep\u00fablica Argentina. Contenido propio originado por periodistas de CELTTV, el canal de TV local de la Cooperativa El\u00e9ctrica de Tornquist. Turismo, Pol\u00edtica, Sociedad, Deporte, Cultura y todo el contenido de inter\u00e9s general que la gente del pueblo y la regi\u00f3n debe conocer.\" \/>\n<meta property=\"og:url\" content=\"https:\/\/www.celttv.com.ar\/index.php\/2024\/03\/07\/comunicado-del-consejo-de-las-mujeres-tornquist-2\/\" \/>\n<meta property=\"og:site_name\" content=\"CELTTV\" \/>\n<meta property=\"article:publisher\" content=\"https:\/\/www.facebook.com\/celtTV\/\" \/>\n<meta property=\"article:published_time\" content=\"2024-03-08T02:26:24+00:00\" \/>\n<meta property=\"og:image\" content=\"https:\/\/www.celttv.com.ar\/wp-content\/uploads\/2024\/03\/DIA-DE-LA-MUJER.jpg\" \/>\n\t<meta property=\"og:image:width\" content=\"602\" \/>\n\t<meta property=\"og:image:height\" content=\"616\" \/>\n\t<meta property=\"og:image:type\" content=\"image\/jpeg\" \/>\n<meta name=\"author\" content=\"Miguel Herrada\" \/>\n<meta name=\"twitter:card\" content=\"summary_large_image\" \/>\n<meta name=\"twitter:label1\" content=\"Escrito por\" \/>\n\t<meta name=\"twitter:data1\" content=\"Miguel Herrada\" \/>\n\t<meta name=\"twitter:label2\" content=\"Tiempo de lectura\" \/>\n\t<meta name=\"twitter:data2\" content=\"1 minuto\" \/>\n<script type=\"application\/ld+json\" class=\"yoast-schema-graph\">{\"@context\":\"https:\/\/schema.org\",\"@graph\":[{\"@type\":\"NewsArticle\",\"@id\":\"https:\/\/www.celttv.com.ar\/index.php\/2024\/03\/07\/comunicado-del-consejo-de-las-mujeres-tornquist-2\/#article\",\"isPartOf\":{\"@id\":\"https:\/\/www.celttv.com.ar\/index.php\/2024\/03\/07\/comunicado-del-consejo-de-las-mujeres-tornquist-2\/\"},\"author\":{\"name\":\"Miguel Herrada\",\"@id\":\"https:\/\/www.celttv.com.ar\/#\/schema\/person\/9059dc91dc7204ef4182cdb65225f07d\"},\"headline\":\"Comunicado del Consejo de las Mujeres Tornquist\",\"datePublished\":\"2024-03-08T02:26:24+00:00\",\"dateModified\":\"2024-03-08T02:26:24+00:00\",\"mainEntityOfPage\":{\"@id\":\"https:\/\/www.celttv.com.ar\/index.php\/2024\/03\/07\/comunicado-del-consejo-de-las-mujeres-tornquist-2\/\"},\"wordCount\":240,\"publisher\":{\"@id\":\"https:\/\/www.celttv.com.ar\/#organization\"},\"articleSection\":[\"Comunidad\",\"Destacadas\"],\"inLanguage\":\"es\"},{\"@type\":\"WebPage\",\"@id\":\"https:\/\/www.celttv.com.ar\/index.php\/2024\/03\/07\/comunicado-del-consejo-de-las-mujeres-tornquist-2\/\",\"url\":\"https:\/\/www.celttv.com.ar\/index.php\/2024\/03\/07\/comunicado-del-consejo-de-las-mujeres-tornquist-2\/\",\"name\":\"Comunicado del Consejo de las Mujeres Tornquist - CELTTV\",\"isPartOf\":{\"@id\":\"https:\/\/www.celttv.com.ar\/#website\"},\"datePublished\":\"2024-03-08T02:26:24+00:00\",\"dateModified\":\"2024-03-08T02:26:24+00:00\",\"description\":\"Sitio web de noticias de la localidad de Tornquist, provincia de Buenos Aires, Rep\u00fablica Argentina. Contenido propio originado por periodistas de CELTTV, el canal de TV local de la Cooperativa El\u00e9ctrica de Tornquist. Turismo, Pol\u00edtica, Sociedad, Deporte, Cultura y todo el contenido de inter\u00e9s general que la gente del pueblo y la regi\u00f3n debe conocer.\",\"breadcrumb\":{\"@id\":\"https:\/\/www.celttv.com.ar\/index.php\/2024\/03\/07\/comunicado-del-consejo-de-las-mujeres-tornquist-2\/#breadcrumb\"},\"inLanguage\":\"es\",\"potentialAction\":[{\"@type\":\"ReadAction\",\"target\":[\"https:\/\/www.celttv.com.ar\/index.php\/2024\/03\/07\/comunicado-del-consejo-de-las-mujeres-tornquist-2\/\"]}]},{\"@type\":\"BreadcrumbList\",\"@id\":\"https:\/\/www.celttv.com.ar\/index.php\/2024\/03\/07\/comunicado-del-consejo-de-las-mujeres-tornquist-2\/#breadcrumb\",\"itemListElement\":[{\"@type\":\"ListItem\",\"position\":1,\"name\":\"Inicio\",\"item\":\"https:\/\/www.celttv.com.ar\/\"},{\"@type\":\"ListItem\",\"position\":2,\"name\":\"Comunicado del Consejo de las Mujeres Tornquist\"}]},{\"@type\":\"WebSite\",\"@id\":\"https:\/\/www.celttv.com.ar\/#website\",\"url\":\"https:\/\/www.celttv.com.ar\/\",\"name\":\"CELTTV\",\"description\":\"Cooperativa El\u00e9ctrica de Tornquist\",\"publisher\":{\"@id\":\"https:\/\/www.celttv.com.ar\/#organization\"},\"potentialAction\":[{\"@type\":\"SearchAction\",\"target\":{\"@type\":\"EntryPoint\",\"urlTemplate\":\"https:\/\/www.celttv.com.ar\/?s={search_term_string}\"},\"query-input\":\"required name=search_term_string\"}],\"inLanguage\":\"es\"},{\"@type\":\"Organization\",\"@id\":\"https:\/\/www.celttv.com.ar\/#organization\",\"name\":\"CELTTV\",\"url\":\"https:\/\/www.celttv.com.ar\/\",\"sameAs\":[\"https:\/\/www.youtube.com\/channel\/UCz_oIt8Hig64Ub-EmcNPIhg\",\"https:\/\/www.facebook.com\/celtTV\/\"],\"logo\":{\"@type\":\"ImageObject\",\"inLanguage\":\"es\",\"@id\":\"https:\/\/www.celttv.com.ar\/#\/schema\/logo\/image\/\",\"url\":\"http:\/\/www.celttv.com.ar\/wp-content\/uploads\/2022\/08\/logo-1.png\",\"contentUrl\":\"http:\/\/www.celttv.com.ar\/wp-content\/uploads\/2022\/08\/logo-1.png\",\"width\":461,\"height\":159,\"caption\":\"CELTTV\"},\"image\":{\"@id\":\"https:\/\/www.celttv.com.ar\/#\/schema\/logo\/image\/\"}},{\"@type\":\"Person\",\"@id\":\"https:\/\/www.celttv.com.ar\/#\/schema\/person\/9059dc91dc7204ef4182cdb65225f07d\",\"name\":\"Miguel Herrada\",\"image\":{\"@type\":\"ImageObject\",\"inLanguage\":\"es\",\"@id\":\"https:\/\/www.celttv.com.ar\/#\/schema\/person\/image\/\",\"url\":\"https:\/\/secure.gravatar.com\/avatar\/67724d5b3c716623ffd76bec7e45841a442ac3b456e914dbba90b0fad2b8e0b1?s=96&d=mm&r=g\",\"contentUrl\":\"https:\/\/secure.gravatar.com\/avatar\/67724d5b3c716623ffd76bec7e45841a442ac3b456e914dbba90b0fad2b8e0b1?s=96&d=mm&r=g\",\"caption\":\"Miguel Herrada\"}}]}<\/script>\n<!-- \/ Yoast SEO plugin. -->","yoast_head_json":{"title":"Comunicado del Consejo de las Mujeres Tornquist - CELTTV","description":"Sitio web de noticias de la localidad de Tornquist, provincia de Buenos Aires, Rep\u00fablica Argentina. Contenido propio originado por periodistas de CELTTV, el canal de TV local de la Cooperativa El\u00e9ctrica de Tornquist. Turismo, Pol\u00edtica, Sociedad, Deporte, Cultura y todo el contenido de inter\u00e9s general que la gente del pueblo y la regi\u00f3n debe conocer.","robots":{"index":"index","follow":"follow","max-snippet":"max-snippet:-1","max-image-preview":"max-image-preview:large","max-video-preview":"max-video-preview:-1"},"canonical":"https:\/\/www.celttv.com.ar\/index.php\/2024\/03\/07\/comunicado-del-consejo-de-las-mujeres-tornquist-2\/","og_locale":"es_ES","og_type":"article","og_title":"Comunicado del Consejo de las Mujeres Tornquist - CELTTV","og_description":"Sitio web de noticias de la localidad de Tornquist, provincia de Buenos Aires, Rep\u00fablica Argentina. Contenido propio originado por periodistas de CELTTV, el canal de TV local de la Cooperativa El\u00e9ctrica de Tornquist. Turismo, Pol\u00edtica, Sociedad, Deporte, Cultura y todo el contenido de inter\u00e9s general que la gente del pueblo y la regi\u00f3n debe conocer.","og_url":"https:\/\/www.celttv.com.ar\/index.php\/2024\/03\/07\/comunicado-del-consejo-de-las-mujeres-tornquist-2\/","og_site_name":"CELTTV","article_publisher":"https:\/\/www.facebook.com\/celtTV\/","article_published_time":"2024-03-08T02:26:24+00:00","og_image":[{"width":602,"height":616,"url":"https:\/\/www.celttv.com.ar\/wp-content\/uploads\/2024\/03\/DIA-DE-LA-MUJER.jpg","type":"image\/jpeg"}],"author":"Miguel Herrada","twitter_card":"summary_large_image","twitter_misc":{"Escrito por":"Miguel Herrada","Tiempo de lectura":"1 minuto"},"schema":{"@context":"https:\/\/schema.org","@graph":[{"@type":"NewsArticle","@id":"https:\/\/www.celttv.com.ar\/index.php\/2024\/03\/07\/comunicado-del-consejo-de-las-mujeres-tornquist-2\/#article","isPartOf":{"@id":"https:\/\/www.celttv.com.ar\/index.php\/2024\/03\/07\/comunicado-del-consejo-de-las-mujeres-tornquist-2\/"},"author":{"name":"Miguel Herrada","@id":"https:\/\/www.celttv.com.ar\/#\/schema\/person\/9059dc91dc7204ef4182cdb65225f07d"},"headline":"Comunicado del Consejo de las Mujeres Tornquist","datePublished":"2024-03-08T02:26:24+00:00","dateModified":"2024-03-08T02:26:24+00:00","mainEntityOfPage":{"@id":"https:\/\/www.celttv.com.ar\/index.php\/2024\/03\/07\/comunicado-del-consejo-de-las-mujeres-tornquist-2\/"},"wordCount":240,"publisher":{"@id":"https:\/\/www.celttv.com.ar\/#organization"},"articleSection":["Comunidad","Destacadas"],"inLanguage":"es"},{"@type":"WebPage","@id":"https:\/\/www.celttv.com.ar\/index.php\/2024\/03\/07\/comunicado-del-consejo-de-las-mujeres-tornquist-2\/","url":"https:\/\/www.celttv.com.ar\/index.php\/2024\/03\/07\/comunicado-del-consejo-de-las-mujeres-tornquist-2\/","name":"Comunicado del Consejo de las Mujeres Tornquist - CELTTV","isPartOf":{"@id":"https:\/\/www.celttv.com.ar\/#website"},"datePublished":"2024-03-08T02:26:24+00:00","dateModified":"2024-03-08T02:26:24+00:00","description":"Sitio web de noticias de la localidad de Tornquist, provincia de Buenos Aires, Rep\u00fablica Argentina. Contenido propio originado por periodistas de CELTTV, el canal de TV local de la Cooperativa El\u00e9ctrica de Tornquist. Turismo, Pol\u00edtica, Sociedad, Deporte, Cultura y todo el contenido de inter\u00e9s general que la gente del pueblo y la regi\u00f3n debe conocer.","breadcrumb":{"@id":"https:\/\/www.celttv.com.ar\/index.php\/2024\/03\/07\/comunicado-del-consejo-de-las-mujeres-tornquist-2\/#breadcrumb"},"inLanguage":"es","potentialAction":[{"@type":"ReadAction","target":["https:\/\/www.celttv.com.ar\/index.php\/2024\/03\/07\/comunicado-del-consejo-de-las-mujeres-tornquist-2\/"]}]},{"@type":"BreadcrumbList","@id":"https:\/\/www.celttv.com.ar\/index.php\/2024\/03\/07\/comunicado-del-consejo-de-las-mujeres-tornquist-2\/#breadcrumb","itemListElement":[{"@type":"ListItem","position":1,"name":"Inicio","item":"https:\/\/www.celttv.com.ar\/"},{"@type":"ListItem","position":2,"name":"Comunicado del Consejo de las Mujeres Tornquist"}]},{"@type":"WebSite","@id":"https:\/\/www.celttv.com.ar\/#website","url":"https:\/\/www.celttv.com.ar\/","name":"CELTTV","description":"Cooperativa El\u00e9ctrica de Tornquist","publisher":{"@id":"https:\/\/www.celttv.com.ar\/#organization"},"potentialAction":[{"@type":"SearchAction","target":{"@type":"EntryPoint","urlTemplate":"https:\/\/www.celttv.com.ar\/?s={search_term_string}"},"query-input":"required name=search_term_string"}],"inLanguage":"es"},{"@type":"Organization","@id":"https:\/\/www.celttv.com.ar\/#organization","name":"CELTTV","url":"https:\/\/www.celttv.com.ar\/","sameAs":["https:\/\/www.youtube.com\/channel\/UCz_oIt8Hig64Ub-EmcNPIhg","https:\/\/www.facebook.com\/celtTV\/"],"logo":{"@type":"ImageObject","inLanguage":"es","@id":"https:\/\/www.celttv.com.ar\/#\/schema\/logo\/image\/","url":"http:\/\/www.celttv.com.ar\/wp-content\/uploads\/2022\/08\/logo-1.png","contentUrl":"http:\/\/www.celttv.com.ar\/wp-content\/uploads\/2022\/08\/logo-1.png","width":461,"height":159,"caption":"CELTTV"},"image":{"@id":"https:\/\/www.celttv.com.ar\/#\/schema\/logo\/image\/"}},{"@type":"Person","@id":"https:\/\/www.celttv.com.ar\/#\/schema\/person\/9059dc91dc7204ef4182cdb65225f07d","name":"Miguel Herrada","image":{"@type":"ImageObject","inLanguage":"es","@id":"https:\/\/www.celttv.com.ar\/#\/schema\/person\/image\/","url":"https:\/\/secure.gravatar.com\/avatar\/67724d5b3c716623ffd76bec7e45841a442ac3b456e914dbba90b0fad2b8e0b1?s=96&d=mm&r=g","contentUrl":"https:\/\/secure.gravatar.com\/avatar\/67724d5b3c716623ffd76bec7e45841a442ac3b456e914dbba90b0fad2b8e0b1?s=96&d=mm&r=g","caption":"Miguel Herrada"}}]}},"_links":{"self":[{"href":"https:\/\/www.celttv.com.ar\/index.php\/wp-json\/wp\/v2\/posts\/82400","targetHints":{"allow":["GET"]}}],"collection":[{"href":"https:\/\/www.celttv.com.ar\/index.php\/wp-json\/wp\/v2\/posts"}],"about":[{"href":"https:\/\/www.celttv.com.ar\/index.php\/wp-json\/wp\/v2\/types\/post"}],"author":[{"embeddable":true,"href":"https:\/\/www.celttv.com.ar\/index.php\/wp-json\/wp\/v2\/users\/5"}],"replies":[{"embeddable":true,"href":"https:\/\/www.celttv.com.ar\/index.php\/wp-json\/wp\/v2\/comments?post=82400"}],"version-history":[{"count":1,"href":"https:\/\/www.celttv.com.ar\/index.php\/wp-json\/wp\/v2\/posts\/82400\/revisions"}],"predecessor-version":[{"id":82402,"href":"https:\/\/www.celttv.com.ar\/index.php\/wp-json\/wp\/v2\/posts\/82400\/revisions\/82402"}],"wp:featuredmedia":[{"embeddable":true,"href":"https:\/\/www.celttv.com.ar\/index.php\/wp-json\/wp\/v2\/media\/82401"}],"wp:attachment":[{"href":"https:\/\/www.celttv.com.ar\/index.php\/wp-json\/wp\/v2\/media?parent=82400"}],"wp:term":[{"taxonomy":"category","embeddable":true,"href":"https:\/\/www.celttv.com.ar\/index.php\/wp-json\/wp\/v2\/categories?post=82400"},{"taxonomy":"post_tag","embeddable":true,"href":"https:\/\/www.celttv.com.ar\/index.php\/wp-json\/wp\/v2\/tags?post=82400"}],"curies":[{"name":"wp","href":"https:\/\/api.w.org\/{rel}","templated":true}]}}