{"id":82413,"date":"2024-03-11T11:03:46","date_gmt":"2024-03-11T14:03:46","guid":{"rendered":"https:\/\/www.celttv.com.ar\/?p=82413"},"modified":"2024-03-11T11:03:53","modified_gmt":"2024-03-11T14:03:53","slug":"futbol-femenino-las-chicas-de-automoto-debutaron-con-un-empate-ante-san-martin-de-saavedra","status":"publish","type":"post","link":"https:\/\/www.celttv.com.ar\/index.php\/2024\/03\/11\/futbol-femenino-las-chicas-de-automoto-debutaron-con-un-empate-ante-san-martin-de-saavedra\/","title":{"rendered":"F\u00fatbol femenino: Las chicas de Automoto debutaron con un empate ante San Martin de Saavedra"},"content":{"rendered":"<p>En un partido entretenido, al que s\u00f3lo le faltaron los goles, el equipo Femenino del Automoto Club Deportivo debut\u00f3 oficialmente en la Liga Regional con un empate 0 a 0 ante San Mart\u00edn de Saavedra.<\/p>\n<p>El conjunto dirigido por Bruno P\u00e1ez mostr\u00f3 alguna aptitudes muy interesantes, con buen juego asociado y llegadas al arco rival, pero careci\u00f3 de punter\u00eda para vulnerar el arco contrario.<\/p>\n<p><strong>El equipo<\/strong><\/p>\n<p>Anah\u00ed Ibarra; Sof\u00eda Urriaga, Fiorella Brau, Brenda Ferreyra (Leticia Rivarola), D\u00e9bora Foitzick; Pamela Abru\u00f1edo (Paula D\u00edaz), Natalia Rojas, Priscila Sandoval, Luisina Lascalea (Ludmila Roth), Marcia Gonz\u00e1lez y Luciana Resch.<\/p>\n<p><img loading=\"lazy\" decoding=\"async\" class=\"alignnone wp-image-82418 size-full\" src=\"https:\/\/www.celttv.com.ar\/wp-content\/uploads\/2024\/03\/430096283_795002059338266_1165374008249887255_n.jpg\" alt=\"\" width=\"720\" height=\"400\" srcset=\"https:\/\/www.celttv.com.ar\/wp-content\/uploads\/2024\/03\/430096283_795002059338266_1165374008249887255_n.jpg 720w, https:\/\/www.celttv.com.ar\/wp-content\/uploads\/2024\/03\/430096283_795002059338266_1165374008249887255_n-300x167.jpg 300w\" sizes=\"auto, (max-width: 720px) 100vw, 720px\" \/><\/p>\n<p><strong>La presentaci\u00f3n<\/strong><\/p>\n<p>El primer juego oficial de Automoto en el f\u00fatbol femenino de la liga suarense cont\u00f3 con la presencia del presidente de la instituci\u00f3n, Ernesto Palenzona. El suarense realiz\u00f3 el punta pi\u00e9 inicial de la temporada junto al intendente Sergio Bordoni.<\/p>\n<p><img loading=\"lazy\" decoding=\"async\" class=\"alignnone wp-image-82417 size-full\" src=\"https:\/\/www.celttv.com.ar\/wp-content\/uploads\/2024\/03\/430074159_795002079338264_2303719789836812652_n.jpg\" alt=\"\" width=\"720\" height=\"423\" srcset=\"https:\/\/www.celttv.com.ar\/wp-content\/uploads\/2024\/03\/430074159_795002079338264_2303719789836812652_n.jpg 720w, https:\/\/www.celttv.com.ar\/wp-content\/uploads\/2024\/03\/430074159_795002079338264_2303719789836812652_n-300x176.jpg 300w\" sizes=\"auto, (max-width: 720px) 100vw, 720px\" \/><\/p>\n<p><strong>Lo que viene<\/strong><\/p>\n<p>El pr\u00f3ximo domingo, las chicas tendr\u00e1n fecha libre porque Deportivo Sarmiento no posee equipo femenino. Luego, se medir\u00e1n ante Deportivo Argentino, en la primera presentaci\u00f3n de la Primera y la Reserva masculina en condici\u00f3n de local.<\/p>\n<p>Prensa Automoto Club Deportivo<\/p>\n<p><img loading=\"lazy\" decoding=\"async\" class=\"alignnone wp-image-82414 size-full\" src=\"https:\/\/www.celttv.com.ar\/wp-content\/uploads\/2024\/03\/430022974_795002066004932_8613296327704984175_n.jpg\" alt=\"\" width=\"720\" height=\"616\" srcset=\"https:\/\/www.celttv.com.ar\/wp-content\/uploads\/2024\/03\/430022974_795002066004932_8613296327704984175_n.jpg 720w, https:\/\/www.celttv.com.ar\/wp-content\/uploads\/2024\/03\/430022974_795002066004932_8613296327704984175_n-300x257.jpg 300w\" sizes=\"auto, (max-width: 720px) 100vw, 720px\" \/> <img loading=\"lazy\" decoding=\"async\" class=\"alignnone wp-image-82415 size-full\" src=\"https:\/\/www.celttv.com.ar\/wp-content\/uploads\/2024\/03\/430028791_795002086004930_2175816521810362097_n.jpg\" alt=\"\" width=\"720\" height=\"486\" srcset=\"https:\/\/www.celttv.com.ar\/wp-content\/uploads\/2024\/03\/430028791_795002086004930_2175816521810362097_n.jpg 720w, https:\/\/www.celttv.com.ar\/wp-content\/uploads\/2024\/03\/430028791_795002086004930_2175816521810362097_n-300x203.jpg 300w\" sizes=\"auto, (max-width: 720px) 100vw, 720px\" \/> <img loading=\"lazy\" decoding=\"async\" class=\"alignnone wp-image-82416 size-full\" src=\"https:\/\/www.celttv.com.ar\/wp-content\/uploads\/2024\/03\/430039712_795002072671598_3102980483374673275_n.jpg\" alt=\"\" width=\"716\" height=\"398\" srcset=\"https:\/\/www.celttv.com.ar\/wp-content\/uploads\/2024\/03\/430039712_795002072671598_3102980483374673275_n.jpg 716w, https:\/\/www.celttv.com.ar\/wp-content\/uploads\/2024\/03\/430039712_795002072671598_3102980483374673275_n-300x167.jpg 300w\" sizes=\"auto, (max-width: 716px) 100vw, 716px\" \/> <img loading=\"lazy\" decoding=\"async\" class=\"alignnone wp-image-82419 size-full\" src=\"https:\/\/www.celttv.com.ar\/wp-content\/uploads\/2024\/03\/430133308_795002069338265_1111260452924978398_n.jpg\" alt=\"\" width=\"720\" height=\"577\" srcset=\"https:\/\/www.celttv.com.ar\/wp-content\/uploads\/2024\/03\/430133308_795002069338265_1111260452924978398_n.jpg 720w, https:\/\/www.celttv.com.ar\/wp-content\/uploads\/2024\/03\/430133308_795002069338265_1111260452924978398_n-300x240.jpg 300w\" sizes=\"auto, (max-width: 720px) 100vw, 720px\" \/> <img loading=\"lazy\" decoding=\"async\" class=\"alignnone wp-image-82420 size-full\" src=\"https:\/\/www.celttv.com.ar\/wp-content\/uploads\/2024\/03\/430597773_795002076004931_8271573541512795749_n.jpg\" alt=\"\" width=\"720\" height=\"568\" srcset=\"https:\/\/www.celttv.com.ar\/wp-content\/uploads\/2024\/03\/430597773_795002076004931_8271573541512795749_n.jpg 720w, https:\/\/www.celttv.com.ar\/wp-content\/uploads\/2024\/03\/430597773_795002076004931_8271573541512795749_n-300x237.jpg 300w\" sizes=\"auto, (max-width: 720px) 100vw, 720px\" \/><\/p>\n","protected":false},"excerpt":{"rendered":"<p>En un partido entretenido, al que s\u00f3lo le faltaron los goles, el equipo Femenino del Automoto Club Deportivo debut\u00f3 oficialmente en la Liga Regional con un empate 0 a 0 ante San Mart\u00edn de Saavedra. El conjunto dirigido por Bruno P\u00e1ez mostr\u00f3 alguna aptitudes muy interesantes, con buen juego asociado y llegadas al arco rival, [&hellip;]<\/p>\n","protected":false},"author":5,"featured_media":82416,"comment_status":"closed","ping_status":"closed","sticky":false,"template":"","format":"standard","meta":{"footnotes":""},"categories":[55],"tags":[],"class_list":["post-82413","post","type-post","status-publish","format-standard","has-post-thumbnail","hentry","category-celt-tv-noticias"],"yoast_head":"<!-- This site is optimized with the Yoast SEO plugin v19.7.1 - https:\/\/yoast.com\/wordpress\/plugins\/seo\/ -->\n<title>F\u00fatbol femenino: Las chicas de Automoto debutaron con un empate ante San Martin de Saavedra - CELTTV<\/title>\n<meta name=\"description\" content=\"Sitio web de noticias de la localidad de Tornquist, provincia de Buenos Aires, Rep\u00fablica Argentina. Contenido propio originado por periodistas de CELTTV, el canal de TV local de la Cooperativa El\u00e9ctrica de Tornquist. Turismo, Pol\u00edtica, Sociedad, Deporte, Cultura y todo el contenido de inter\u00e9s general que la gente del pueblo y la regi\u00f3n debe conocer.\" \/>\n<meta name=\"robots\" content=\"index, follow, max-snippet:-1, max-image-preview:large, max-video-preview:-1\" \/>\n<link rel=\"canonical\" href=\"https:\/\/www.celttv.com.ar\/index.php\/2024\/03\/11\/futbol-femenino-las-chicas-de-automoto-debutaron-con-un-empate-ante-san-martin-de-saavedra\/\" \/>\n<meta property=\"og:locale\" content=\"es_ES\" \/>\n<meta property=\"og:type\" content=\"article\" \/>\n<meta property=\"og:title\" content=\"F\u00fatbol femenino: Las chicas de Automoto debutaron con un empate ante San Martin de Saavedra - CELTTV\" \/>\n<meta property=\"og:description\" content=\"Sitio web de noticias de la localidad de Tornquist, provincia de Buenos Aires, Rep\u00fablica Argentina. Contenido propio originado por periodistas de CELTTV, el canal de TV local de la Cooperativa El\u00e9ctrica de Tornquist. Turismo, Pol\u00edtica, Sociedad, Deporte, Cultura y todo el contenido de inter\u00e9s general que la gente del pueblo y la regi\u00f3n debe conocer.\" \/>\n<meta property=\"og:url\" content=\"https:\/\/www.celttv.com.ar\/index.php\/2024\/03\/11\/futbol-femenino-las-chicas-de-automoto-debutaron-con-un-empate-ante-san-martin-de-saavedra\/\" \/>\n<meta property=\"og:site_name\" content=\"CELTTV\" \/>\n<meta property=\"article:publisher\" content=\"https:\/\/www.facebook.com\/celtTV\/\" \/>\n<meta property=\"article:published_time\" content=\"2024-03-11T14:03:46+00:00\" \/>\n<meta property=\"article:modified_time\" content=\"2024-03-11T14:03:53+00:00\" \/>\n<meta property=\"og:image\" content=\"https:\/\/www.celttv.com.ar\/wp-content\/uploads\/2024\/03\/430039712_795002072671598_3102980483374673275_n.jpg\" \/>\n\t<meta property=\"og:image:width\" content=\"716\" \/>\n\t<meta property=\"og:image:height\" content=\"398\" \/>\n\t<meta property=\"og:image:type\" content=\"image\/jpeg\" \/>\n<meta name=\"author\" content=\"Miguel Herrada\" \/>\n<meta name=\"twitter:card\" content=\"summary_large_image\" \/>\n<meta name=\"twitter:label1\" content=\"Escrito por\" \/>\n\t<meta name=\"twitter:data1\" content=\"Miguel Herrada\" \/>\n\t<meta name=\"twitter:label2\" content=\"Tiempo de lectura\" \/>\n\t<meta name=\"twitter:data2\" content=\"1 minuto\" \/>\n<script type=\"application\/ld+json\" class=\"yoast-schema-graph\">{\"@context\":\"https:\/\/schema.org\",\"@graph\":[{\"@type\":\"NewsArticle\",\"@id\":\"https:\/\/www.celttv.com.ar\/index.php\/2024\/03\/11\/futbol-femenino-las-chicas-de-automoto-debutaron-con-un-empate-ante-san-martin-de-saavedra\/#article\",\"isPartOf\":{\"@id\":\"https:\/\/www.celttv.com.ar\/index.php\/2024\/03\/11\/futbol-femenino-las-chicas-de-automoto-debutaron-con-un-empate-ante-san-martin-de-saavedra\/\"},\"author\":{\"name\":\"Miguel Herrada\",\"@id\":\"https:\/\/www.celttv.com.ar\/#\/schema\/person\/9059dc91dc7204ef4182cdb65225f07d\"},\"headline\":\"F\u00fatbol femenino: Las chicas de Automoto debutaron con un empate ante San Martin de Saavedra\",\"datePublished\":\"2024-03-11T14:03:46+00:00\",\"dateModified\":\"2024-03-11T14:03:53+00:00\",\"mainEntityOfPage\":{\"@id\":\"https:\/\/www.celttv.com.ar\/index.php\/2024\/03\/11\/futbol-femenino-las-chicas-de-automoto-debutaron-con-un-empate-ante-san-martin-de-saavedra\/\"},\"wordCount\":211,\"publisher\":{\"@id\":\"https:\/\/www.celttv.com.ar\/#organization\"},\"articleSection\":[\"Celt TV Noticias\"],\"inLanguage\":\"es\"},{\"@type\":\"WebPage\",\"@id\":\"https:\/\/www.celttv.com.ar\/index.php\/2024\/03\/11\/futbol-femenino-las-chicas-de-automoto-debutaron-con-un-empate-ante-san-martin-de-saavedra\/\",\"url\":\"https:\/\/www.celttv.com.ar\/index.php\/2024\/03\/11\/futbol-femenino-las-chicas-de-automoto-debutaron-con-un-empate-ante-san-martin-de-saavedra\/\",\"name\":\"F\u00fatbol femenino: Las chicas de Automoto debutaron con un empate ante San Martin de Saavedra - CELTTV\",\"isPartOf\":{\"@id\":\"https:\/\/www.celttv.com.ar\/#website\"},\"datePublished\":\"2024-03-11T14:03:46+00:00\",\"dateModified\":\"2024-03-11T14:03:53+00:00\",\"description\":\"Sitio web de noticias de la localidad de Tornquist, provincia de Buenos Aires, Rep\u00fablica Argentina. Contenido propio originado por periodistas de CELTTV, el canal de TV local de la Cooperativa El\u00e9ctrica de Tornquist. Turismo, Pol\u00edtica, Sociedad, Deporte, Cultura y todo el contenido de inter\u00e9s general que la gente del pueblo y la regi\u00f3n debe conocer.\",\"breadcrumb\":{\"@id\":\"https:\/\/www.celttv.com.ar\/index.php\/2024\/03\/11\/futbol-femenino-las-chicas-de-automoto-debutaron-con-un-empate-ante-san-martin-de-saavedra\/#breadcrumb\"},\"inLanguage\":\"es\",\"potentialAction\":[{\"@type\":\"ReadAction\",\"target\":[\"https:\/\/www.celttv.com.ar\/index.php\/2024\/03\/11\/futbol-femenino-las-chicas-de-automoto-debutaron-con-un-empate-ante-san-martin-de-saavedra\/\"]}]},{\"@type\":\"BreadcrumbList\",\"@id\":\"https:\/\/www.celttv.com.ar\/index.php\/2024\/03\/11\/futbol-femenino-las-chicas-de-automoto-debutaron-con-un-empate-ante-san-martin-de-saavedra\/#breadcrumb\",\"itemListElement\":[{\"@type\":\"ListItem\",\"position\":1,\"name\":\"Inicio\",\"item\":\"https:\/\/www.celttv.com.ar\/\"},{\"@type\":\"ListItem\",\"position\":2,\"name\":\"F\u00fatbol femenino: Las chicas de Automoto debutaron con un empate ante San Martin de Saavedra\"}]},{\"@type\":\"WebSite\",\"@id\":\"https:\/\/www.celttv.com.ar\/#website\",\"url\":\"https:\/\/www.celttv.com.ar\/\",\"name\":\"CELTTV\",\"description\":\"Cooperativa El\u00e9ctrica de Tornquist\",\"publisher\":{\"@id\":\"https:\/\/www.celttv.com.ar\/#organization\"},\"potentialAction\":[{\"@type\":\"SearchAction\",\"target\":{\"@type\":\"EntryPoint\",\"urlTemplate\":\"https:\/\/www.celttv.com.ar\/?s={search_term_string}\"},\"query-input\":\"required name=search_term_string\"}],\"inLanguage\":\"es\"},{\"@type\":\"Organization\",\"@id\":\"https:\/\/www.celttv.com.ar\/#organization\",\"name\":\"CELTTV\",\"url\":\"https:\/\/www.celttv.com.ar\/\",\"sameAs\":[\"https:\/\/www.youtube.com\/channel\/UCz_oIt8Hig64Ub-EmcNPIhg\",\"https:\/\/www.facebook.com\/celtTV\/\"],\"logo\":{\"@type\":\"ImageObject\",\"inLanguage\":\"es\",\"@id\":\"https:\/\/www.celttv.com.ar\/#\/schema\/logo\/image\/\",\"url\":\"http:\/\/www.celttv.com.ar\/wp-content\/uploads\/2022\/08\/logo-1.png\",\"contentUrl\":\"http:\/\/www.celttv.com.ar\/wp-content\/uploads\/2022\/08\/logo-1.png\",\"width\":461,\"height\":159,\"caption\":\"CELTTV\"},\"image\":{\"@id\":\"https:\/\/www.celttv.com.ar\/#\/schema\/logo\/image\/\"}},{\"@type\":\"Person\",\"@id\":\"https:\/\/www.celttv.com.ar\/#\/schema\/person\/9059dc91dc7204ef4182cdb65225f07d\",\"name\":\"Miguel Herrada\",\"image\":{\"@type\":\"ImageObject\",\"inLanguage\":\"es\",\"@id\":\"https:\/\/www.celttv.com.ar\/#\/schema\/person\/image\/\",\"url\":\"https:\/\/secure.gravatar.com\/avatar\/67724d5b3c716623ffd76bec7e45841a442ac3b456e914dbba90b0fad2b8e0b1?s=96&d=mm&r=g\",\"contentUrl\":\"https:\/\/secure.gravatar.com\/avatar\/67724d5b3c716623ffd76bec7e45841a442ac3b456e914dbba90b0fad2b8e0b1?s=96&d=mm&r=g\",\"caption\":\"Miguel Herrada\"}}]}<\/script>\n<!-- \/ Yoast SEO plugin. -->","yoast_head_json":{"title":"F\u00fatbol femenino: Las chicas de Automoto debutaron con un empate ante San Martin de Saavedra - CELTTV","description":"Sitio web de noticias de la localidad de Tornquist, provincia de Buenos Aires, Rep\u00fablica Argentina. Contenido propio originado por periodistas de CELTTV, el canal de TV local de la Cooperativa El\u00e9ctrica de Tornquist. Turismo, Pol\u00edtica, Sociedad, Deporte, Cultura y todo el contenido de inter\u00e9s general que la gente del pueblo y la regi\u00f3n debe conocer.","robots":{"index":"index","follow":"follow","max-snippet":"max-snippet:-1","max-image-preview":"max-image-preview:large","max-video-preview":"max-video-preview:-1"},"canonical":"https:\/\/www.celttv.com.ar\/index.php\/2024\/03\/11\/futbol-femenino-las-chicas-de-automoto-debutaron-con-un-empate-ante-san-martin-de-saavedra\/","og_locale":"es_ES","og_type":"article","og_title":"F\u00fatbol femenino: Las chicas de Automoto debutaron con un empate ante San Martin de Saavedra - CELTTV","og_description":"Sitio web de noticias de la localidad de Tornquist, provincia de Buenos Aires, Rep\u00fablica Argentina. Contenido propio originado por periodistas de CELTTV, el canal de TV local de la Cooperativa El\u00e9ctrica de Tornquist. Turismo, Pol\u00edtica, Sociedad, Deporte, Cultura y todo el contenido de inter\u00e9s general que la gente del pueblo y la regi\u00f3n debe conocer.","og_url":"https:\/\/www.celttv.com.ar\/index.php\/2024\/03\/11\/futbol-femenino-las-chicas-de-automoto-debutaron-con-un-empate-ante-san-martin-de-saavedra\/","og_site_name":"CELTTV","article_publisher":"https:\/\/www.facebook.com\/celtTV\/","article_published_time":"2024-03-11T14:03:46+00:00","article_modified_time":"2024-03-11T14:03:53+00:00","og_image":[{"width":716,"height":398,"url":"https:\/\/www.celttv.com.ar\/wp-content\/uploads\/2024\/03\/430039712_795002072671598_3102980483374673275_n.jpg","type":"image\/jpeg"}],"author":"Miguel Herrada","twitter_card":"summary_large_image","twitter_misc":{"Escrito por":"Miguel Herrada","Tiempo de lectura":"1 minuto"},"schema":{"@context":"https:\/\/schema.org","@graph":[{"@type":"NewsArticle","@id":"https:\/\/www.celttv.com.ar\/index.php\/2024\/03\/11\/futbol-femenino-las-chicas-de-automoto-debutaron-con-un-empate-ante-san-martin-de-saavedra\/#article","isPartOf":{"@id":"https:\/\/www.celttv.com.ar\/index.php\/2024\/03\/11\/futbol-femenino-las-chicas-de-automoto-debutaron-con-un-empate-ante-san-martin-de-saavedra\/"},"author":{"name":"Miguel Herrada","@id":"https:\/\/www.celttv.com.ar\/#\/schema\/person\/9059dc91dc7204ef4182cdb65225f07d"},"headline":"F\u00fatbol femenino: Las chicas de Automoto debutaron con un empate ante San Martin de Saavedra","datePublished":"2024-03-11T14:03:46+00:00","dateModified":"2024-03-11T14:03:53+00:00","mainEntityOfPage":{"@id":"https:\/\/www.celttv.com.ar\/index.php\/2024\/03\/11\/futbol-femenino-las-chicas-de-automoto-debutaron-con-un-empate-ante-san-martin-de-saavedra\/"},"wordCount":211,"publisher":{"@id":"https:\/\/www.celttv.com.ar\/#organization"},"articleSection":["Celt TV Noticias"],"inLanguage":"es"},{"@type":"WebPage","@id":"https:\/\/www.celttv.com.ar\/index.php\/2024\/03\/11\/futbol-femenino-las-chicas-de-automoto-debutaron-con-un-empate-ante-san-martin-de-saavedra\/","url":"https:\/\/www.celttv.com.ar\/index.php\/2024\/03\/11\/futbol-femenino-las-chicas-de-automoto-debutaron-con-un-empate-ante-san-martin-de-saavedra\/","name":"F\u00fatbol femenino: Las chicas de Automoto debutaron con un empate ante San Martin de Saavedra - CELTTV","isPartOf":{"@id":"https:\/\/www.celttv.com.ar\/#website"},"datePublished":"2024-03-11T14:03:46+00:00","dateModified":"2024-03-11T14:03:53+00:00","description":"Sitio web de noticias de la localidad de Tornquist, provincia de Buenos Aires, Rep\u00fablica Argentina. Contenido propio originado por periodistas de CELTTV, el canal de TV local de la Cooperativa El\u00e9ctrica de Tornquist. Turismo, Pol\u00edtica, Sociedad, Deporte, Cultura y todo el contenido de inter\u00e9s general que la gente del pueblo y la regi\u00f3n debe conocer.","breadcrumb":{"@id":"https:\/\/www.celttv.com.ar\/index.php\/2024\/03\/11\/futbol-femenino-las-chicas-de-automoto-debutaron-con-un-empate-ante-san-martin-de-saavedra\/#breadcrumb"},"inLanguage":"es","potentialAction":[{"@type":"ReadAction","target":["https:\/\/www.celttv.com.ar\/index.php\/2024\/03\/11\/futbol-femenino-las-chicas-de-automoto-debutaron-con-un-empate-ante-san-martin-de-saavedra\/"]}]},{"@type":"BreadcrumbList","@id":"https:\/\/www.celttv.com.ar\/index.php\/2024\/03\/11\/futbol-femenino-las-chicas-de-automoto-debutaron-con-un-empate-ante-san-martin-de-saavedra\/#breadcrumb","itemListElement":[{"@type":"ListItem","position":1,"name":"Inicio","item":"https:\/\/www.celttv.com.ar\/"},{"@type":"ListItem","position":2,"name":"F\u00fatbol femenino: Las chicas de Automoto debutaron con un empate ante San Martin de Saavedra"}]},{"@type":"WebSite","@id":"https:\/\/www.celttv.com.ar\/#website","url":"https:\/\/www.celttv.com.ar\/","name":"CELTTV","description":"Cooperativa El\u00e9ctrica de Tornquist","publisher":{"@id":"https:\/\/www.celttv.com.ar\/#organization"},"potentialAction":[{"@type":"SearchAction","target":{"@type":"EntryPoint","urlTemplate":"https:\/\/www.celttv.com.ar\/?s={search_term_string}"},"query-input":"required name=search_term_string"}],"inLanguage":"es"},{"@type":"Organization","@id":"https:\/\/www.celttv.com.ar\/#organization","name":"CELTTV","url":"https:\/\/www.celttv.com.ar\/","sameAs":["https:\/\/www.youtube.com\/channel\/UCz_oIt8Hig64Ub-EmcNPIhg","https:\/\/www.facebook.com\/celtTV\/"],"logo":{"@type":"ImageObject","inLanguage":"es","@id":"https:\/\/www.celttv.com.ar\/#\/schema\/logo\/image\/","url":"http:\/\/www.celttv.com.ar\/wp-content\/uploads\/2022\/08\/logo-1.png","contentUrl":"http:\/\/www.celttv.com.ar\/wp-content\/uploads\/2022\/08\/logo-1.png","width":461,"height":159,"caption":"CELTTV"},"image":{"@id":"https:\/\/www.celttv.com.ar\/#\/schema\/logo\/image\/"}},{"@type":"Person","@id":"https:\/\/www.celttv.com.ar\/#\/schema\/person\/9059dc91dc7204ef4182cdb65225f07d","name":"Miguel Herrada","image":{"@type":"ImageObject","inLanguage":"es","@id":"https:\/\/www.celttv.com.ar\/#\/schema\/person\/image\/","url":"https:\/\/secure.gravatar.com\/avatar\/67724d5b3c716623ffd76bec7e45841a442ac3b456e914dbba90b0fad2b8e0b1?s=96&d=mm&r=g","contentUrl":"https:\/\/secure.gravatar.com\/avatar\/67724d5b3c716623ffd76bec7e45841a442ac3b456e914dbba90b0fad2b8e0b1?s=96&d=mm&r=g","caption":"Miguel Herrada"}}]}},"_links":{"self":[{"href":"https:\/\/www.celttv.com.ar\/index.php\/wp-json\/wp\/v2\/posts\/82413","targetHints":{"allow":["GET"]}}],"collection":[{"href":"https:\/\/www.celttv.com.ar\/index.php\/wp-json\/wp\/v2\/posts"}],"about":[{"href":"https:\/\/www.celttv.com.ar\/index.php\/wp-json\/wp\/v2\/types\/post"}],"author":[{"embeddable":true,"href":"https:\/\/www.celttv.com.ar\/index.php\/wp-json\/wp\/v2\/users\/5"}],"replies":[{"embeddable":true,"href":"https:\/\/www.celttv.com.ar\/index.php\/wp-json\/wp\/v2\/comments?post=82413"}],"version-history":[{"count":1,"href":"https:\/\/www.celttv.com.ar\/index.php\/wp-json\/wp\/v2\/posts\/82413\/revisions"}],"predecessor-version":[{"id":82421,"href":"https:\/\/www.celttv.com.ar\/index.php\/wp-json\/wp\/v2\/posts\/82413\/revisions\/82421"}],"wp:featuredmedia":[{"embeddable":true,"href":"https:\/\/www.celttv.com.ar\/index.php\/wp-json\/wp\/v2\/media\/82416"}],"wp:attachment":[{"href":"https:\/\/www.celttv.com.ar\/index.php\/wp-json\/wp\/v2\/media?parent=82413"}],"wp:term":[{"taxonomy":"category","embeddable":true,"href":"https:\/\/www.celttv.com.ar\/index.php\/wp-json\/wp\/v2\/categories?post=82413"},{"taxonomy":"post_tag","embeddable":true,"href":"https:\/\/www.celttv.com.ar\/index.php\/wp-json\/wp\/v2\/tags?post=82413"}],"curies":[{"name":"wp","href":"https:\/\/api.w.org\/{rel}","templated":true}]}}