{"id":8244,"date":"2012-09-15T18:32:25","date_gmt":"2012-09-15T18:32:25","guid":{"rendered":"http:\/\/www.tvcnoticias.com.ar\/?p=8244"},"modified":"2012-09-15T18:32:25","modified_gmt":"2012-09-15T18:32:25","slug":"turismo-la-region-consolida-su-proyecto-en-materia-turistica","status":"publish","type":"post","link":"https:\/\/www.celttv.com.ar\/index.php\/2012\/09\/15\/turismo-la-region-consolida-su-proyecto-en-materia-turistica\/","title":{"rendered":"TURISMO: LA REGION CONSOLIDA SU PROYECTO EN MATERIA TURISTICA"},"content":{"rendered":"<p><br \/>\n\u00a0La directora de Turismo de la Municipalidad de Tornquist, licenciada Yanina Torres, particip\u00f3 en M\u00e9danos de una charla sobre \u201cExperiencias Exitosas en Turismo\u201d, encabezada por la directora de Turismo del partido de Villarino, Noelia Sensini, y dirigida a prestadores tur\u00edsticos.<br \/>\n\u00a0\u00a0 La misma estuvo a cargo del secretario de Turismo del Partido de la Costa, licenciado Rodrigo Torre, y del director de Turismo del partido de Guamin\u00ed, Pablo Ledesma, quienes contaron sus experiencias de gesti\u00f3n en pol\u00edticas tur\u00edsticas. Tambi\u00e9n particip\u00f3 como asistente el director de Turismo de Adolfo Alsina, licenciado Javier Andr\u00e9s.<br \/>\n\u00a0\u00a0 Posteriormente, se realiz\u00f3 una reuni\u00f3n entre los funcionarios presentes para continuar desarrollando la idea de una regi\u00f3n tur\u00edstica en el sudoeste de la provincia, con el objetivo de aumentar la estad\u00eda de los visitantes en la zona, desarrollando entre los distritos una oferta complementaria de productos y circuitos, que se encuentra a tan s\u00f3lo \u201cun termo de mate\u201d de distancia.<br \/>\n\u00a0\u00a0 En este marco, el licenciado Rodrigo Torre cont\u00f3 a los directores su experiencia de conformaci\u00f3n de una regi\u00f3n con los municipios de su zona y qued\u00f3 a disposici\u00f3n para cualquier inquietud que se presente.<br \/>\n\u00a0\u00a0 Adem\u00e1s, en consonancia con este trabajo regional, se realiz\u00f3 un desayuno de prensa en el restaurant Pavarotti de la ciudad de Bah\u00eda Blanca, el cual estuvo encabezado por la intendenta del partido de Villarino, doctora Patricia Cobello, quien fue secundada por su directora de Turismo, y al cual fueron invitados los funcionarios de la regi\u00f3n antes mencionados, a quienes se sum\u00f3 la directora de Turismo de Puan, licenciada Cora Biondini.<br \/>\n\u00a0\u00a0 La finalidad de este desayuno fue presentar ante la prensa de Bah\u00eda Blanca, uno de los principales centros emisores, el proyecto de conformar esta regi\u00f3n tur\u00edstica, a la vez que cada director present\u00f3 su oferta particular para esta primavera.<br \/>\n\u00a0\u00a0 Este trabajo mancomunado demuestra el inter\u00e9s de nuestro intendente municipal, licenciado Gustavo Trankels, de continuar fomentando acciones que permitan un vasto desarrollo tur\u00edstico, debido a que el turismo es uno de los motores del desarrollo econ\u00f3mico de nuestro municipio y la regi\u00f3n.<br \/>\n\u00a0\u00a0 Por \u00faltimo, la Direcci\u00f3n de Turismo desea agradecer la cordialidad y amabilidad brindada por los anfitriones de Villarino durante ambas jornadas.<\/p>\n","protected":false},"excerpt":{"rendered":"<p>\u00a0La directora de Turismo de la Municipalidad de Tornquist, licenciada Yanina Torres, particip\u00f3 en M\u00e9danos de una charla sobre \u201cExperiencias Exitosas en Turismo\u201d, encabezada por la directora de Turismo del partido de Villarino, Noelia Sensini, y dirigida a prestadores tur\u00edsticos. \u00a0\u00a0 La misma estuvo a cargo del secretario de Turismo del Partido de la Costa, [&hellip;]<\/p>\n","protected":false},"author":1,"featured_media":0,"comment_status":"closed","ping_status":"open","sticky":false,"template":"","format":"standard","meta":{"footnotes":""},"categories":[52,53],"tags":[],"class_list":["post-8244","post","type-post","status-publish","format-standard","hentry","category-destacadas","category-politica"],"yoast_head":"<!-- This site is optimized with the Yoast SEO plugin v19.7.1 - https:\/\/yoast.com\/wordpress\/plugins\/seo\/ -->\n<title>TURISMO: LA REGION CONSOLIDA SU PROYECTO EN MATERIA TURISTICA - CELTTV<\/title>\n<meta name=\"description\" content=\"Sitio web de noticias de la localidad de Tornquist, provincia de Buenos Aires, Rep\u00fablica Argentina. Contenido propio originado por periodistas de CELTTV, el canal de TV local de la Cooperativa El\u00e9ctrica de Tornquist. Turismo, Pol\u00edtica, Sociedad, Deporte, Cultura y todo el contenido de inter\u00e9s general que la gente del pueblo y la regi\u00f3n debe conocer.\" \/>\n<meta name=\"robots\" content=\"index, follow, max-snippet:-1, max-image-preview:large, max-video-preview:-1\" \/>\n<link rel=\"canonical\" href=\"https:\/\/www.celttv.com.ar\/index.php\/2012\/09\/15\/turismo-la-region-consolida-su-proyecto-en-materia-turistica\/\" \/>\n<meta property=\"og:locale\" content=\"es_ES\" \/>\n<meta property=\"og:type\" content=\"article\" \/>\n<meta property=\"og:title\" content=\"TURISMO: LA REGION CONSOLIDA SU PROYECTO EN MATERIA TURISTICA - CELTTV\" \/>\n<meta property=\"og:description\" content=\"Sitio web de noticias de la localidad de Tornquist, provincia de Buenos Aires, Rep\u00fablica Argentina. Contenido propio originado por periodistas de CELTTV, el canal de TV local de la Cooperativa El\u00e9ctrica de Tornquist. Turismo, Pol\u00edtica, Sociedad, Deporte, Cultura y todo el contenido de inter\u00e9s general que la gente del pueblo y la regi\u00f3n debe conocer.\" \/>\n<meta property=\"og:url\" content=\"https:\/\/www.celttv.com.ar\/index.php\/2012\/09\/15\/turismo-la-region-consolida-su-proyecto-en-materia-turistica\/\" \/>\n<meta property=\"og:site_name\" content=\"CELTTV\" \/>\n<meta property=\"article:publisher\" content=\"https:\/\/www.facebook.com\/celtTV\/\" \/>\n<meta property=\"article:published_time\" content=\"2012-09-15T18:32:25+00:00\" \/>\n<meta name=\"author\" content=\"ulises\" \/>\n<meta name=\"twitter:card\" content=\"summary_large_image\" \/>\n<meta name=\"twitter:label1\" content=\"Escrito por\" \/>\n\t<meta name=\"twitter:data1\" content=\"ulises\" \/>\n\t<meta name=\"twitter:label2\" content=\"Tiempo de lectura\" \/>\n\t<meta name=\"twitter:data2\" content=\"2 minutos\" \/>\n<script type=\"application\/ld+json\" class=\"yoast-schema-graph\">{\"@context\":\"https:\/\/schema.org\",\"@graph\":[{\"@type\":\"NewsArticle\",\"@id\":\"https:\/\/www.celttv.com.ar\/index.php\/2012\/09\/15\/turismo-la-region-consolida-su-proyecto-en-materia-turistica\/#article\",\"isPartOf\":{\"@id\":\"https:\/\/www.celttv.com.ar\/index.php\/2012\/09\/15\/turismo-la-region-consolida-su-proyecto-en-materia-turistica\/\"},\"author\":{\"name\":\"ulises\",\"@id\":\"https:\/\/www.celttv.com.ar\/#\/schema\/person\/6d99c072dba59953809c81446e9d0ace\"},\"headline\":\"TURISMO: LA REGION CONSOLIDA SU PROYECTO EN MATERIA TURISTICA\",\"datePublished\":\"2012-09-15T18:32:25+00:00\",\"dateModified\":\"2012-09-15T18:32:25+00:00\",\"mainEntityOfPage\":{\"@id\":\"https:\/\/www.celttv.com.ar\/index.php\/2012\/09\/15\/turismo-la-region-consolida-su-proyecto-en-materia-turistica\/\"},\"wordCount\":396,\"publisher\":{\"@id\":\"https:\/\/www.celttv.com.ar\/#organization\"},\"articleSection\":[\"Destacadas\",\"Pol\u00edtica\"],\"inLanguage\":\"es\"},{\"@type\":\"WebPage\",\"@id\":\"https:\/\/www.celttv.com.ar\/index.php\/2012\/09\/15\/turismo-la-region-consolida-su-proyecto-en-materia-turistica\/\",\"url\":\"https:\/\/www.celttv.com.ar\/index.php\/2012\/09\/15\/turismo-la-region-consolida-su-proyecto-en-materia-turistica\/\",\"name\":\"TURISMO: LA REGION CONSOLIDA SU PROYECTO EN MATERIA TURISTICA - CELTTV\",\"isPartOf\":{\"@id\":\"https:\/\/www.celttv.com.ar\/#website\"},\"datePublished\":\"2012-09-15T18:32:25+00:00\",\"dateModified\":\"2012-09-15T18:32:25+00:00\",\"description\":\"Sitio web de noticias de la localidad de Tornquist, provincia de Buenos Aires, Rep\u00fablica Argentina. Contenido propio originado por periodistas de CELTTV, el canal de TV local de la Cooperativa El\u00e9ctrica de Tornquist. Turismo, Pol\u00edtica, Sociedad, Deporte, Cultura y todo el contenido de inter\u00e9s general que la gente del pueblo y la regi\u00f3n debe conocer.\",\"breadcrumb\":{\"@id\":\"https:\/\/www.celttv.com.ar\/index.php\/2012\/09\/15\/turismo-la-region-consolida-su-proyecto-en-materia-turistica\/#breadcrumb\"},\"inLanguage\":\"es\",\"potentialAction\":[{\"@type\":\"ReadAction\",\"target\":[\"https:\/\/www.celttv.com.ar\/index.php\/2012\/09\/15\/turismo-la-region-consolida-su-proyecto-en-materia-turistica\/\"]}]},{\"@type\":\"BreadcrumbList\",\"@id\":\"https:\/\/www.celttv.com.ar\/index.php\/2012\/09\/15\/turismo-la-region-consolida-su-proyecto-en-materia-turistica\/#breadcrumb\",\"itemListElement\":[{\"@type\":\"ListItem\",\"position\":1,\"name\":\"Inicio\",\"item\":\"https:\/\/www.celttv.com.ar\/\"},{\"@type\":\"ListItem\",\"position\":2,\"name\":\"TURISMO: LA REGION CONSOLIDA SU PROYECTO EN MATERIA TURISTICA\"}]},{\"@type\":\"WebSite\",\"@id\":\"https:\/\/www.celttv.com.ar\/#website\",\"url\":\"https:\/\/www.celttv.com.ar\/\",\"name\":\"CELTTV\",\"description\":\"Cooperativa El\u00e9ctrica de Tornquist\",\"publisher\":{\"@id\":\"https:\/\/www.celttv.com.ar\/#organization\"},\"potentialAction\":[{\"@type\":\"SearchAction\",\"target\":{\"@type\":\"EntryPoint\",\"urlTemplate\":\"https:\/\/www.celttv.com.ar\/?s={search_term_string}\"},\"query-input\":\"required name=search_term_string\"}],\"inLanguage\":\"es\"},{\"@type\":\"Organization\",\"@id\":\"https:\/\/www.celttv.com.ar\/#organization\",\"name\":\"CELTTV\",\"url\":\"https:\/\/www.celttv.com.ar\/\",\"sameAs\":[\"https:\/\/www.youtube.com\/channel\/UCz_oIt8Hig64Ub-EmcNPIhg\",\"https:\/\/www.facebook.com\/celtTV\/\"],\"logo\":{\"@type\":\"ImageObject\",\"inLanguage\":\"es\",\"@id\":\"https:\/\/www.celttv.com.ar\/#\/schema\/logo\/image\/\",\"url\":\"http:\/\/www.celttv.com.ar\/wp-content\/uploads\/2022\/08\/logo-1.png\",\"contentUrl\":\"http:\/\/www.celttv.com.ar\/wp-content\/uploads\/2022\/08\/logo-1.png\",\"width\":461,\"height\":159,\"caption\":\"CELTTV\"},\"image\":{\"@id\":\"https:\/\/www.celttv.com.ar\/#\/schema\/logo\/image\/\"}},{\"@type\":\"Person\",\"@id\":\"https:\/\/www.celttv.com.ar\/#\/schema\/person\/6d99c072dba59953809c81446e9d0ace\",\"name\":\"ulises\",\"image\":{\"@type\":\"ImageObject\",\"inLanguage\":\"es\",\"@id\":\"https:\/\/www.celttv.com.ar\/#\/schema\/person\/image\/\",\"url\":\"https:\/\/secure.gravatar.com\/avatar\/7f2c48bdc33b30088f941fb6082e555f2874c98e20cb159d7b92b50eadfce793?s=96&d=mm&r=g\",\"contentUrl\":\"https:\/\/secure.gravatar.com\/avatar\/7f2c48bdc33b30088f941fb6082e555f2874c98e20cb159d7b92b50eadfce793?s=96&d=mm&r=g\",\"caption\":\"ulises\"},\"sameAs\":[\"http:\/\/www.celttv.com.ar\"]}]}<\/script>\n<!-- \/ Yoast SEO plugin. -->","yoast_head_json":{"title":"TURISMO: LA REGION CONSOLIDA SU PROYECTO EN MATERIA TURISTICA - CELTTV","description":"Sitio web de noticias de la localidad de Tornquist, provincia de Buenos Aires, Rep\u00fablica Argentina. Contenido propio originado por periodistas de CELTTV, el canal de TV local de la Cooperativa El\u00e9ctrica de Tornquist. Turismo, Pol\u00edtica, Sociedad, Deporte, Cultura y todo el contenido de inter\u00e9s general que la gente del pueblo y la regi\u00f3n debe conocer.","robots":{"index":"index","follow":"follow","max-snippet":"max-snippet:-1","max-image-preview":"max-image-preview:large","max-video-preview":"max-video-preview:-1"},"canonical":"https:\/\/www.celttv.com.ar\/index.php\/2012\/09\/15\/turismo-la-region-consolida-su-proyecto-en-materia-turistica\/","og_locale":"es_ES","og_type":"article","og_title":"TURISMO: LA REGION CONSOLIDA SU PROYECTO EN MATERIA TURISTICA - CELTTV","og_description":"Sitio web de noticias de la localidad de Tornquist, provincia de Buenos Aires, Rep\u00fablica Argentina. Contenido propio originado por periodistas de CELTTV, el canal de TV local de la Cooperativa El\u00e9ctrica de Tornquist. Turismo, Pol\u00edtica, Sociedad, Deporte, Cultura y todo el contenido de inter\u00e9s general que la gente del pueblo y la regi\u00f3n debe conocer.","og_url":"https:\/\/www.celttv.com.ar\/index.php\/2012\/09\/15\/turismo-la-region-consolida-su-proyecto-en-materia-turistica\/","og_site_name":"CELTTV","article_publisher":"https:\/\/www.facebook.com\/celtTV\/","article_published_time":"2012-09-15T18:32:25+00:00","author":"ulises","twitter_card":"summary_large_image","twitter_misc":{"Escrito por":"ulises","Tiempo de lectura":"2 minutos"},"schema":{"@context":"https:\/\/schema.org","@graph":[{"@type":"NewsArticle","@id":"https:\/\/www.celttv.com.ar\/index.php\/2012\/09\/15\/turismo-la-region-consolida-su-proyecto-en-materia-turistica\/#article","isPartOf":{"@id":"https:\/\/www.celttv.com.ar\/index.php\/2012\/09\/15\/turismo-la-region-consolida-su-proyecto-en-materia-turistica\/"},"author":{"name":"ulises","@id":"https:\/\/www.celttv.com.ar\/#\/schema\/person\/6d99c072dba59953809c81446e9d0ace"},"headline":"TURISMO: LA REGION CONSOLIDA SU PROYECTO EN MATERIA TURISTICA","datePublished":"2012-09-15T18:32:25+00:00","dateModified":"2012-09-15T18:32:25+00:00","mainEntityOfPage":{"@id":"https:\/\/www.celttv.com.ar\/index.php\/2012\/09\/15\/turismo-la-region-consolida-su-proyecto-en-materia-turistica\/"},"wordCount":396,"publisher":{"@id":"https:\/\/www.celttv.com.ar\/#organization"},"articleSection":["Destacadas","Pol\u00edtica"],"inLanguage":"es"},{"@type":"WebPage","@id":"https:\/\/www.celttv.com.ar\/index.php\/2012\/09\/15\/turismo-la-region-consolida-su-proyecto-en-materia-turistica\/","url":"https:\/\/www.celttv.com.ar\/index.php\/2012\/09\/15\/turismo-la-region-consolida-su-proyecto-en-materia-turistica\/","name":"TURISMO: LA REGION CONSOLIDA SU PROYECTO EN MATERIA TURISTICA - CELTTV","isPartOf":{"@id":"https:\/\/www.celttv.com.ar\/#website"},"datePublished":"2012-09-15T18:32:25+00:00","dateModified":"2012-09-15T18:32:25+00:00","description":"Sitio web de noticias de la localidad de Tornquist, provincia de Buenos Aires, Rep\u00fablica Argentina. Contenido propio originado por periodistas de CELTTV, el canal de TV local de la Cooperativa El\u00e9ctrica de Tornquist. Turismo, Pol\u00edtica, Sociedad, Deporte, Cultura y todo el contenido de inter\u00e9s general que la gente del pueblo y la regi\u00f3n debe conocer.","breadcrumb":{"@id":"https:\/\/www.celttv.com.ar\/index.php\/2012\/09\/15\/turismo-la-region-consolida-su-proyecto-en-materia-turistica\/#breadcrumb"},"inLanguage":"es","potentialAction":[{"@type":"ReadAction","target":["https:\/\/www.celttv.com.ar\/index.php\/2012\/09\/15\/turismo-la-region-consolida-su-proyecto-en-materia-turistica\/"]}]},{"@type":"BreadcrumbList","@id":"https:\/\/www.celttv.com.ar\/index.php\/2012\/09\/15\/turismo-la-region-consolida-su-proyecto-en-materia-turistica\/#breadcrumb","itemListElement":[{"@type":"ListItem","position":1,"name":"Inicio","item":"https:\/\/www.celttv.com.ar\/"},{"@type":"ListItem","position":2,"name":"TURISMO: LA REGION CONSOLIDA SU PROYECTO EN MATERIA TURISTICA"}]},{"@type":"WebSite","@id":"https:\/\/www.celttv.com.ar\/#website","url":"https:\/\/www.celttv.com.ar\/","name":"CELTTV","description":"Cooperativa El\u00e9ctrica de Tornquist","publisher":{"@id":"https:\/\/www.celttv.com.ar\/#organization"},"potentialAction":[{"@type":"SearchAction","target":{"@type":"EntryPoint","urlTemplate":"https:\/\/www.celttv.com.ar\/?s={search_term_string}"},"query-input":"required name=search_term_string"}],"inLanguage":"es"},{"@type":"Organization","@id":"https:\/\/www.celttv.com.ar\/#organization","name":"CELTTV","url":"https:\/\/www.celttv.com.ar\/","sameAs":["https:\/\/www.youtube.com\/channel\/UCz_oIt8Hig64Ub-EmcNPIhg","https:\/\/www.facebook.com\/celtTV\/"],"logo":{"@type":"ImageObject","inLanguage":"es","@id":"https:\/\/www.celttv.com.ar\/#\/schema\/logo\/image\/","url":"http:\/\/www.celttv.com.ar\/wp-content\/uploads\/2022\/08\/logo-1.png","contentUrl":"http:\/\/www.celttv.com.ar\/wp-content\/uploads\/2022\/08\/logo-1.png","width":461,"height":159,"caption":"CELTTV"},"image":{"@id":"https:\/\/www.celttv.com.ar\/#\/schema\/logo\/image\/"}},{"@type":"Person","@id":"https:\/\/www.celttv.com.ar\/#\/schema\/person\/6d99c072dba59953809c81446e9d0ace","name":"ulises","image":{"@type":"ImageObject","inLanguage":"es","@id":"https:\/\/www.celttv.com.ar\/#\/schema\/person\/image\/","url":"https:\/\/secure.gravatar.com\/avatar\/7f2c48bdc33b30088f941fb6082e555f2874c98e20cb159d7b92b50eadfce793?s=96&d=mm&r=g","contentUrl":"https:\/\/secure.gravatar.com\/avatar\/7f2c48bdc33b30088f941fb6082e555f2874c98e20cb159d7b92b50eadfce793?s=96&d=mm&r=g","caption":"ulises"},"sameAs":["http:\/\/www.celttv.com.ar"]}]}},"_links":{"self":[{"href":"https:\/\/www.celttv.com.ar\/index.php\/wp-json\/wp\/v2\/posts\/8244","targetHints":{"allow":["GET"]}}],"collection":[{"href":"https:\/\/www.celttv.com.ar\/index.php\/wp-json\/wp\/v2\/posts"}],"about":[{"href":"https:\/\/www.celttv.com.ar\/index.php\/wp-json\/wp\/v2\/types\/post"}],"author":[{"embeddable":true,"href":"https:\/\/www.celttv.com.ar\/index.php\/wp-json\/wp\/v2\/users\/1"}],"replies":[{"embeddable":true,"href":"https:\/\/www.celttv.com.ar\/index.php\/wp-json\/wp\/v2\/comments?post=8244"}],"version-history":[{"count":0,"href":"https:\/\/www.celttv.com.ar\/index.php\/wp-json\/wp\/v2\/posts\/8244\/revisions"}],"wp:attachment":[{"href":"https:\/\/www.celttv.com.ar\/index.php\/wp-json\/wp\/v2\/media?parent=8244"}],"wp:term":[{"taxonomy":"category","embeddable":true,"href":"https:\/\/www.celttv.com.ar\/index.php\/wp-json\/wp\/v2\/categories?post=8244"},{"taxonomy":"post_tag","embeddable":true,"href":"https:\/\/www.celttv.com.ar\/index.php\/wp-json\/wp\/v2\/tags?post=8244"}],"curies":[{"name":"wp","href":"https:\/\/api.w.org\/{rel}","templated":true}]}}