{"id":82617,"date":"2024-03-23T16:37:23","date_gmt":"2024-03-23T19:37:23","guid":{"rendered":"https:\/\/www.celttv.com.ar\/?p=82617"},"modified":"2024-03-23T16:37:23","modified_gmt":"2024-03-23T19:37:23","slug":"tornquist-basket-debuto-en-el-torneo-regional-formativo-con-un-triunfo","status":"publish","type":"post","link":"https:\/\/www.celttv.com.ar\/index.php\/2024\/03\/23\/tornquist-basket-debuto-en-el-torneo-regional-formativo-con-un-triunfo\/","title":{"rendered":"Tornquist Basket debut\u00f3 en el Torneo Regional Formativo con un triunfo"},"content":{"rendered":"<p>Tornquist Basket, el equipo que representa a la Subsecretar\u00eda de Deportes de Tornquist Municipio, debut\u00f3 con triunfo en el Torneo Regional Formativo (TRF) 2024, donde comenz\u00f3 su segunda temporada consecutiva.<\/p>\n<p>Ante un muy buen marco de p\u00fablico en el Gimnasio Municipal \u2018Eva Per\u00f3n\u2019, el elenco esta vez dirigido por Joaqu\u00edn Serafini, se impuso 64 a 56 ante Carhu\u00e9 B\u00e1squet, con 25 puntos de Facundo Zuccoli, y 22 de Leonardo Robledo, como m\u00e1ximos anotadores del equipo.<\/p>\n<p>Para esta primera fecha, el plantel estuvo integrado por Facundo Zuccoli, Lucas Binaghi, Leonardo Robledo, Guillermo Gomba, Sebastian Bertellys, Mariano Duval, Dennis Iraola, Gabriel Keitly, Genaro Antinori, Claudio Schaffner, Alexis Chaija y Facundo Maidana.<\/p>\n<p>En la pr\u00f3xima jornada, a disputarse el s\u00e1bado 6 de abril, Tornquist Basket enfrentar\u00e1, nuevamente de local, a Almaceneros de Coronel Pr\u00edngles.<\/p>\n<p><img loading=\"lazy\" decoding=\"async\" class=\"alignnone wp-image-82618 size-large\" src=\"https:\/\/www.celttv.com.ar\/wp-content\/uploads\/2024\/03\/Tornquist-Basket-1-1024x683.jpeg\" alt=\"\" width=\"1024\" height=\"683\" srcset=\"https:\/\/www.celttv.com.ar\/wp-content\/uploads\/2024\/03\/Tornquist-Basket-1-1024x683.jpeg 1024w, https:\/\/www.celttv.com.ar\/wp-content\/uploads\/2024\/03\/Tornquist-Basket-1-300x200.jpeg 300w, https:\/\/www.celttv.com.ar\/wp-content\/uploads\/2024\/03\/Tornquist-Basket-1-768x512.jpeg 768w, https:\/\/www.celttv.com.ar\/wp-content\/uploads\/2024\/03\/Tornquist-Basket-1-750x500.jpeg 750w, https:\/\/www.celttv.com.ar\/wp-content\/uploads\/2024\/03\/Tornquist-Basket-1-1140x760.jpeg 1140w, https:\/\/www.celttv.com.ar\/wp-content\/uploads\/2024\/03\/Tornquist-Basket-1.jpeg 1482w\" sizes=\"auto, (max-width: 1024px) 100vw, 1024px\" \/> <img loading=\"lazy\" decoding=\"async\" class=\"alignnone wp-image-82619 size-large\" src=\"https:\/\/www.celttv.com.ar\/wp-content\/uploads\/2024\/03\/Tornquist-Basket-2-1024x682.jpeg\" alt=\"\" width=\"1024\" height=\"682\" srcset=\"https:\/\/www.celttv.com.ar\/wp-content\/uploads\/2024\/03\/Tornquist-Basket-2-1024x682.jpeg 1024w, https:\/\/www.celttv.com.ar\/wp-content\/uploads\/2024\/03\/Tornquist-Basket-2-300x200.jpeg 300w, https:\/\/www.celttv.com.ar\/wp-content\/uploads\/2024\/03\/Tornquist-Basket-2-768x512.jpeg 768w, https:\/\/www.celttv.com.ar\/wp-content\/uploads\/2024\/03\/Tornquist-Basket-2-1536x1023.jpeg 1536w, https:\/\/www.celttv.com.ar\/wp-content\/uploads\/2024\/03\/Tornquist-Basket-2-750x500.jpeg 750w, https:\/\/www.celttv.com.ar\/wp-content\/uploads\/2024\/03\/Tornquist-Basket-2-1140x760.jpeg 1140w, https:\/\/www.celttv.com.ar\/wp-content\/uploads\/2024\/03\/Tornquist-Basket-2.jpeg 1600w\" sizes=\"auto, (max-width: 1024px) 100vw, 1024px\" \/> <img loading=\"lazy\" decoding=\"async\" class=\"alignnone wp-image-82620 size-large\" src=\"https:\/\/www.celttv.com.ar\/wp-content\/uploads\/2024\/03\/Tornquist-Basket-3-682x1024.jpeg\" alt=\"\" width=\"682\" height=\"1024\" srcset=\"https:\/\/www.celttv.com.ar\/wp-content\/uploads\/2024\/03\/Tornquist-Basket-3-682x1024.jpeg 682w, https:\/\/www.celttv.com.ar\/wp-content\/uploads\/2024\/03\/Tornquist-Basket-3-200x300.jpeg 200w, https:\/\/www.celttv.com.ar\/wp-content\/uploads\/2024\/03\/Tornquist-Basket-3-768x1153.jpeg 768w, https:\/\/www.celttv.com.ar\/wp-content\/uploads\/2024\/03\/Tornquist-Basket-3-1023x1536.jpeg 1023w, https:\/\/www.celttv.com.ar\/wp-content\/uploads\/2024\/03\/Tornquist-Basket-3-750x1126.jpeg 750w, https:\/\/www.celttv.com.ar\/wp-content\/uploads\/2024\/03\/Tornquist-Basket-3.jpeg 1066w\" sizes=\"auto, (max-width: 682px) 100vw, 682px\" \/> <img loading=\"lazy\" decoding=\"async\" class=\"alignnone wp-image-82621 size-large\" src=\"https:\/\/www.celttv.com.ar\/wp-content\/uploads\/2024\/03\/Tornquist-Basket-4-1024x683.jpeg\" alt=\"\" width=\"1024\" height=\"683\" srcset=\"https:\/\/www.celttv.com.ar\/wp-content\/uploads\/2024\/03\/Tornquist-Basket-4-1024x683.jpeg 1024w, https:\/\/www.celttv.com.ar\/wp-content\/uploads\/2024\/03\/Tornquist-Basket-4-300x200.jpeg 300w, https:\/\/www.celttv.com.ar\/wp-content\/uploads\/2024\/03\/Tornquist-Basket-4-768x512.jpeg 768w, https:\/\/www.celttv.com.ar\/wp-content\/uploads\/2024\/03\/Tornquist-Basket-4-750x500.jpeg 750w, https:\/\/www.celttv.com.ar\/wp-content\/uploads\/2024\/03\/Tornquist-Basket-4-1140x760.jpeg 1140w, https:\/\/www.celttv.com.ar\/wp-content\/uploads\/2024\/03\/Tornquist-Basket-4.jpeg 1489w\" sizes=\"auto, (max-width: 1024px) 100vw, 1024px\" \/> <img loading=\"lazy\" decoding=\"async\" class=\"alignnone wp-image-82622 size-large\" src=\"https:\/\/www.celttv.com.ar\/wp-content\/uploads\/2024\/03\/Tornquist-Basket-5-1024x693.jpeg\" alt=\"\" width=\"1024\" height=\"693\" srcset=\"https:\/\/www.celttv.com.ar\/wp-content\/uploads\/2024\/03\/Tornquist-Basket-5-1024x693.jpeg 1024w, https:\/\/www.celttv.com.ar\/wp-content\/uploads\/2024\/03\/Tornquist-Basket-5-300x203.jpeg 300w, https:\/\/www.celttv.com.ar\/wp-content\/uploads\/2024\/03\/Tornquist-Basket-5-768x519.jpeg 768w, https:\/\/www.celttv.com.ar\/wp-content\/uploads\/2024\/03\/Tornquist-Basket-5-750x507.jpeg 750w, https:\/\/www.celttv.com.ar\/wp-content\/uploads\/2024\/03\/Tornquist-Basket-5-1140x771.jpeg 1140w, https:\/\/www.celttv.com.ar\/wp-content\/uploads\/2024\/03\/Tornquist-Basket-5.jpeg 1483w\" sizes=\"auto, (max-width: 1024px) 100vw, 1024px\" \/> <img loading=\"lazy\" decoding=\"async\" class=\"alignnone wp-image-82623 size-large\" src=\"https:\/\/www.celttv.com.ar\/wp-content\/uploads\/2024\/03\/Tornquist-Basket-6-1024x682.jpeg\" alt=\"\" width=\"1024\" height=\"682\" srcset=\"https:\/\/www.celttv.com.ar\/wp-content\/uploads\/2024\/03\/Tornquist-Basket-6-1024x682.jpeg 1024w, https:\/\/www.celttv.com.ar\/wp-content\/uploads\/2024\/03\/Tornquist-Basket-6-300x200.jpeg 300w, https:\/\/www.celttv.com.ar\/wp-content\/uploads\/2024\/03\/Tornquist-Basket-6-768x512.jpeg 768w, https:\/\/www.celttv.com.ar\/wp-content\/uploads\/2024\/03\/Tornquist-Basket-6-1536x1023.jpeg 1536w, https:\/\/www.celttv.com.ar\/wp-content\/uploads\/2024\/03\/Tornquist-Basket-6-750x500.jpeg 750w, https:\/\/www.celttv.com.ar\/wp-content\/uploads\/2024\/03\/Tornquist-Basket-6-1140x760.jpeg 1140w, https:\/\/www.celttv.com.ar\/wp-content\/uploads\/2024\/03\/Tornquist-Basket-6.jpeg 1600w\" sizes=\"auto, (max-width: 1024px) 100vw, 1024px\" \/> <img loading=\"lazy\" decoding=\"async\" class=\"alignnone wp-image-82624 size-large\" src=\"https:\/\/www.celttv.com.ar\/wp-content\/uploads\/2024\/03\/Tornquist-Basket-7-1024x682.jpeg\" alt=\"\" width=\"1024\" height=\"682\" srcset=\"https:\/\/www.celttv.com.ar\/wp-content\/uploads\/2024\/03\/Tornquist-Basket-7-1024x682.jpeg 1024w, https:\/\/www.celttv.com.ar\/wp-content\/uploads\/2024\/03\/Tornquist-Basket-7-300x200.jpeg 300w, https:\/\/www.celttv.com.ar\/wp-content\/uploads\/2024\/03\/Tornquist-Basket-7-768x512.jpeg 768w, https:\/\/www.celttv.com.ar\/wp-content\/uploads\/2024\/03\/Tornquist-Basket-7-1536x1023.jpeg 1536w, https:\/\/www.celttv.com.ar\/wp-content\/uploads\/2024\/03\/Tornquist-Basket-7-750x500.jpeg 750w, https:\/\/www.celttv.com.ar\/wp-content\/uploads\/2024\/03\/Tornquist-Basket-7-1140x760.jpeg 1140w, https:\/\/www.celttv.com.ar\/wp-content\/uploads\/2024\/03\/Tornquist-Basket-7.jpeg 1600w\" sizes=\"auto, (max-width: 1024px) 100vw, 1024px\" \/> <img loading=\"lazy\" decoding=\"async\" class=\"alignnone wp-image-82625 size-large\" src=\"https:\/\/www.celttv.com.ar\/wp-content\/uploads\/2024\/03\/Tornquist-Basket-8-1024x682.jpeg\" alt=\"\" width=\"1024\" height=\"682\" srcset=\"https:\/\/www.celttv.com.ar\/wp-content\/uploads\/2024\/03\/Tornquist-Basket-8-1024x682.jpeg 1024w, https:\/\/www.celttv.com.ar\/wp-content\/uploads\/2024\/03\/Tornquist-Basket-8-300x200.jpeg 300w, https:\/\/www.celttv.com.ar\/wp-content\/uploads\/2024\/03\/Tornquist-Basket-8-768x512.jpeg 768w, https:\/\/www.celttv.com.ar\/wp-content\/uploads\/2024\/03\/Tornquist-Basket-8-1536x1023.jpeg 1536w, https:\/\/www.celttv.com.ar\/wp-content\/uploads\/2024\/03\/Tornquist-Basket-8-750x500.jpeg 750w, https:\/\/www.celttv.com.ar\/wp-content\/uploads\/2024\/03\/Tornquist-Basket-8-1140x760.jpeg 1140w, https:\/\/www.celttv.com.ar\/wp-content\/uploads\/2024\/03\/Tornquist-Basket-8.jpeg 1600w\" sizes=\"auto, (max-width: 1024px) 100vw, 1024px\" \/> <img loading=\"lazy\" decoding=\"async\" class=\"alignnone wp-image-82626 size-large\" src=\"https:\/\/www.celttv.com.ar\/wp-content\/uploads\/2024\/03\/Tornquist-Basket-9-1024x682.jpeg\" alt=\"\" width=\"1024\" height=\"682\" srcset=\"https:\/\/www.celttv.com.ar\/wp-content\/uploads\/2024\/03\/Tornquist-Basket-9-1024x682.jpeg 1024w, https:\/\/www.celttv.com.ar\/wp-content\/uploads\/2024\/03\/Tornquist-Basket-9-300x200.jpeg 300w, https:\/\/www.celttv.com.ar\/wp-content\/uploads\/2024\/03\/Tornquist-Basket-9-768x512.jpeg 768w, https:\/\/www.celttv.com.ar\/wp-content\/uploads\/2024\/03\/Tornquist-Basket-9-1536x1023.jpeg 1536w, https:\/\/www.celttv.com.ar\/wp-content\/uploads\/2024\/03\/Tornquist-Basket-9-750x500.jpeg 750w, https:\/\/www.celttv.com.ar\/wp-content\/uploads\/2024\/03\/Tornquist-Basket-9-1140x760.jpeg 1140w, https:\/\/www.celttv.com.ar\/wp-content\/uploads\/2024\/03\/Tornquist-Basket-9.jpeg 1600w\" sizes=\"auto, (max-width: 1024px) 100vw, 1024px\" \/> <img loading=\"lazy\" decoding=\"async\" class=\"alignnone wp-image-82627 size-full\" src=\"https:\/\/www.celttv.com.ar\/wp-content\/uploads\/2024\/03\/Tornquist-Basket-10.jpeg\" alt=\"\" width=\"1600\" height=\"1066\" srcset=\"https:\/\/www.celttv.com.ar\/wp-content\/uploads\/2024\/03\/Tornquist-Basket-10.jpeg 1600w, https:\/\/www.celttv.com.ar\/wp-content\/uploads\/2024\/03\/Tornquist-Basket-10-300x200.jpeg 300w, https:\/\/www.celttv.com.ar\/wp-content\/uploads\/2024\/03\/Tornquist-Basket-10-1024x682.jpeg 1024w, https:\/\/www.celttv.com.ar\/wp-content\/uploads\/2024\/03\/Tornquist-Basket-10-768x512.jpeg 768w, https:\/\/www.celttv.com.ar\/wp-content\/uploads\/2024\/03\/Tornquist-Basket-10-1536x1023.jpeg 1536w, https:\/\/www.celttv.com.ar\/wp-content\/uploads\/2024\/03\/Tornquist-Basket-10-750x500.jpeg 750w, https:\/\/www.celttv.com.ar\/wp-content\/uploads\/2024\/03\/Tornquist-Basket-10-1140x760.jpeg 1140w\" sizes=\"auto, (max-width: 1600px) 100vw, 1600px\" \/> <img loading=\"lazy\" decoding=\"async\" class=\"alignnone wp-image-82628 size-large\" src=\"https:\/\/www.celttv.com.ar\/wp-content\/uploads\/2024\/03\/Tornquist-Basket-11-1024x682.jpeg\" alt=\"\" width=\"1024\" height=\"682\" srcset=\"https:\/\/www.celttv.com.ar\/wp-content\/uploads\/2024\/03\/Tornquist-Basket-11-1024x682.jpeg 1024w, https:\/\/www.celttv.com.ar\/wp-content\/uploads\/2024\/03\/Tornquist-Basket-11-300x200.jpeg 300w, https:\/\/www.celttv.com.ar\/wp-content\/uploads\/2024\/03\/Tornquist-Basket-11-768x512.jpeg 768w, https:\/\/www.celttv.com.ar\/wp-content\/uploads\/2024\/03\/Tornquist-Basket-11-1536x1023.jpeg 1536w, https:\/\/www.celttv.com.ar\/wp-content\/uploads\/2024\/03\/Tornquist-Basket-11-750x500.jpeg 750w, https:\/\/www.celttv.com.ar\/wp-content\/uploads\/2024\/03\/Tornquist-Basket-11-1140x760.jpeg 1140w, https:\/\/www.celttv.com.ar\/wp-content\/uploads\/2024\/03\/Tornquist-Basket-11.jpeg 1600w\" sizes=\"auto, (max-width: 1024px) 100vw, 1024px\" \/> <img loading=\"lazy\" decoding=\"async\" class=\"alignnone wp-image-82629 size-large\" src=\"https:\/\/www.celttv.com.ar\/wp-content\/uploads\/2024\/03\/Tornquist-Basket-12-1024x682.jpeg\" alt=\"\" width=\"1024\" height=\"682\" srcset=\"https:\/\/www.celttv.com.ar\/wp-content\/uploads\/2024\/03\/Tornquist-Basket-12-1024x682.jpeg 1024w, https:\/\/www.celttv.com.ar\/wp-content\/uploads\/2024\/03\/Tornquist-Basket-12-300x200.jpeg 300w, https:\/\/www.celttv.com.ar\/wp-content\/uploads\/2024\/03\/Tornquist-Basket-12-768x512.jpeg 768w, https:\/\/www.celttv.com.ar\/wp-content\/uploads\/2024\/03\/Tornquist-Basket-12-1536x1023.jpeg 1536w, https:\/\/www.celttv.com.ar\/wp-content\/uploads\/2024\/03\/Tornquist-Basket-12-750x500.jpeg 750w, https:\/\/www.celttv.com.ar\/wp-content\/uploads\/2024\/03\/Tornquist-Basket-12-1140x760.jpeg 1140w, https:\/\/www.celttv.com.ar\/wp-content\/uploads\/2024\/03\/Tornquist-Basket-12.jpeg 1600w\" sizes=\"auto, (max-width: 1024px) 100vw, 1024px\" \/><\/p>\n","protected":false},"excerpt":{"rendered":"<p>Tornquist Basket, el equipo que representa a la Subsecretar\u00eda de Deportes de Tornquist Municipio, debut\u00f3 con triunfo en el Torneo Regional Formativo (TRF) 2024, donde comenz\u00f3 su segunda temporada consecutiva. Ante un muy buen marco de p\u00fablico en el Gimnasio Municipal \u2018Eva Per\u00f3n\u2019, el elenco esta vez dirigido por Joaqu\u00edn Serafini, se impuso 64 a [&hellip;]<\/p>\n","protected":false},"author":5,"featured_media":82618,"comment_status":"closed","ping_status":"closed","sticky":false,"template":"","format":"standard","meta":{"footnotes":""},"categories":[51,62,52,59],"tags":[],"class_list":["post-82617","post","type-post","status-publish","format-standard","has-post-thumbnail","hentry","category-comunidad","category-deportes","category-destacadas","category-municipales"],"yoast_head":"<!-- This site is optimized with the Yoast SEO plugin v19.7.1 - https:\/\/yoast.com\/wordpress\/plugins\/seo\/ -->\n<title>Tornquist Basket debut\u00f3 en el Torneo Regional Formativo con un triunfo - CELTTV<\/title>\n<meta name=\"description\" content=\"Sitio web de noticias de la localidad de Tornquist, provincia de Buenos Aires, Rep\u00fablica Argentina. Contenido propio originado por periodistas de CELTTV, el canal de TV local de la Cooperativa El\u00e9ctrica de Tornquist. Turismo, Pol\u00edtica, Sociedad, Deporte, Cultura y todo el contenido de inter\u00e9s general que la gente del pueblo y la regi\u00f3n debe conocer.\" \/>\n<meta name=\"robots\" content=\"index, follow, max-snippet:-1, max-image-preview:large, max-video-preview:-1\" \/>\n<link rel=\"canonical\" href=\"https:\/\/www.celttv.com.ar\/index.php\/2024\/03\/23\/tornquist-basket-debuto-en-el-torneo-regional-formativo-con-un-triunfo\/\" \/>\n<meta property=\"og:locale\" content=\"es_ES\" \/>\n<meta property=\"og:type\" content=\"article\" \/>\n<meta property=\"og:title\" content=\"Tornquist Basket debut\u00f3 en el Torneo Regional Formativo con un triunfo - CELTTV\" \/>\n<meta property=\"og:description\" content=\"Sitio web de noticias de la localidad de Tornquist, provincia de Buenos Aires, Rep\u00fablica Argentina. Contenido propio originado por periodistas de CELTTV, el canal de TV local de la Cooperativa El\u00e9ctrica de Tornquist. Turismo, Pol\u00edtica, Sociedad, Deporte, Cultura y todo el contenido de inter\u00e9s general que la gente del pueblo y la regi\u00f3n debe conocer.\" \/>\n<meta property=\"og:url\" content=\"https:\/\/www.celttv.com.ar\/index.php\/2024\/03\/23\/tornquist-basket-debuto-en-el-torneo-regional-formativo-con-un-triunfo\/\" \/>\n<meta property=\"og:site_name\" content=\"CELTTV\" \/>\n<meta property=\"article:publisher\" content=\"https:\/\/www.facebook.com\/celtTV\/\" \/>\n<meta property=\"article:published_time\" content=\"2024-03-23T19:37:23+00:00\" \/>\n<meta property=\"og:image\" content=\"https:\/\/www.celttv.com.ar\/wp-content\/uploads\/2024\/03\/Tornquist-Basket-1.jpeg\" \/>\n\t<meta property=\"og:image:width\" content=\"1482\" \/>\n\t<meta property=\"og:image:height\" content=\"988\" \/>\n\t<meta property=\"og:image:type\" content=\"image\/jpeg\" \/>\n<meta name=\"author\" content=\"Miguel Herrada\" \/>\n<meta name=\"twitter:card\" content=\"summary_large_image\" \/>\n<meta name=\"twitter:label1\" content=\"Escrito por\" \/>\n\t<meta name=\"twitter:data1\" content=\"Miguel Herrada\" \/>\n\t<meta name=\"twitter:label2\" content=\"Tiempo de lectura\" \/>\n\t<meta name=\"twitter:data2\" content=\"1 minuto\" \/>\n<script type=\"application\/ld+json\" class=\"yoast-schema-graph\">{\"@context\":\"https:\/\/schema.org\",\"@graph\":[{\"@type\":\"NewsArticle\",\"@id\":\"https:\/\/www.celttv.com.ar\/index.php\/2024\/03\/23\/tornquist-basket-debuto-en-el-torneo-regional-formativo-con-un-triunfo\/#article\",\"isPartOf\":{\"@id\":\"https:\/\/www.celttv.com.ar\/index.php\/2024\/03\/23\/tornquist-basket-debuto-en-el-torneo-regional-formativo-con-un-triunfo\/\"},\"author\":{\"name\":\"Miguel Herrada\",\"@id\":\"https:\/\/www.celttv.com.ar\/#\/schema\/person\/9059dc91dc7204ef4182cdb65225f07d\"},\"headline\":\"Tornquist Basket debut\u00f3 en el Torneo Regional Formativo con un triunfo\",\"datePublished\":\"2024-03-23T19:37:23+00:00\",\"dateModified\":\"2024-03-23T19:37:23+00:00\",\"mainEntityOfPage\":{\"@id\":\"https:\/\/www.celttv.com.ar\/index.php\/2024\/03\/23\/tornquist-basket-debuto-en-el-torneo-regional-formativo-con-un-triunfo\/\"},\"wordCount\":145,\"publisher\":{\"@id\":\"https:\/\/www.celttv.com.ar\/#organization\"},\"articleSection\":[\"Comunidad\",\"Deportes\",\"Destacadas\",\"Municipales\"],\"inLanguage\":\"es\"},{\"@type\":\"WebPage\",\"@id\":\"https:\/\/www.celttv.com.ar\/index.php\/2024\/03\/23\/tornquist-basket-debuto-en-el-torneo-regional-formativo-con-un-triunfo\/\",\"url\":\"https:\/\/www.celttv.com.ar\/index.php\/2024\/03\/23\/tornquist-basket-debuto-en-el-torneo-regional-formativo-con-un-triunfo\/\",\"name\":\"Tornquist Basket debut\u00f3 en el Torneo Regional Formativo con un triunfo - CELTTV\",\"isPartOf\":{\"@id\":\"https:\/\/www.celttv.com.ar\/#website\"},\"datePublished\":\"2024-03-23T19:37:23+00:00\",\"dateModified\":\"2024-03-23T19:37:23+00:00\",\"description\":\"Sitio web de noticias de la localidad de Tornquist, provincia de Buenos Aires, Rep\u00fablica Argentina. Contenido propio originado por periodistas de CELTTV, el canal de TV local de la Cooperativa El\u00e9ctrica de Tornquist. Turismo, Pol\u00edtica, Sociedad, Deporte, Cultura y todo el contenido de inter\u00e9s general que la gente del pueblo y la regi\u00f3n debe conocer.\",\"breadcrumb\":{\"@id\":\"https:\/\/www.celttv.com.ar\/index.php\/2024\/03\/23\/tornquist-basket-debuto-en-el-torneo-regional-formativo-con-un-triunfo\/#breadcrumb\"},\"inLanguage\":\"es\",\"potentialAction\":[{\"@type\":\"ReadAction\",\"target\":[\"https:\/\/www.celttv.com.ar\/index.php\/2024\/03\/23\/tornquist-basket-debuto-en-el-torneo-regional-formativo-con-un-triunfo\/\"]}]},{\"@type\":\"BreadcrumbList\",\"@id\":\"https:\/\/www.celttv.com.ar\/index.php\/2024\/03\/23\/tornquist-basket-debuto-en-el-torneo-regional-formativo-con-un-triunfo\/#breadcrumb\",\"itemListElement\":[{\"@type\":\"ListItem\",\"position\":1,\"name\":\"Inicio\",\"item\":\"https:\/\/www.celttv.com.ar\/\"},{\"@type\":\"ListItem\",\"position\":2,\"name\":\"Tornquist Basket debut\u00f3 en el Torneo Regional Formativo con un triunfo\"}]},{\"@type\":\"WebSite\",\"@id\":\"https:\/\/www.celttv.com.ar\/#website\",\"url\":\"https:\/\/www.celttv.com.ar\/\",\"name\":\"CELTTV\",\"description\":\"Cooperativa El\u00e9ctrica de Tornquist\",\"publisher\":{\"@id\":\"https:\/\/www.celttv.com.ar\/#organization\"},\"potentialAction\":[{\"@type\":\"SearchAction\",\"target\":{\"@type\":\"EntryPoint\",\"urlTemplate\":\"https:\/\/www.celttv.com.ar\/?s={search_term_string}\"},\"query-input\":\"required name=search_term_string\"}],\"inLanguage\":\"es\"},{\"@type\":\"Organization\",\"@id\":\"https:\/\/www.celttv.com.ar\/#organization\",\"name\":\"CELTTV\",\"url\":\"https:\/\/www.celttv.com.ar\/\",\"sameAs\":[\"https:\/\/www.youtube.com\/channel\/UCz_oIt8Hig64Ub-EmcNPIhg\",\"https:\/\/www.facebook.com\/celtTV\/\"],\"logo\":{\"@type\":\"ImageObject\",\"inLanguage\":\"es\",\"@id\":\"https:\/\/www.celttv.com.ar\/#\/schema\/logo\/image\/\",\"url\":\"http:\/\/www.celttv.com.ar\/wp-content\/uploads\/2022\/08\/logo-1.png\",\"contentUrl\":\"http:\/\/www.celttv.com.ar\/wp-content\/uploads\/2022\/08\/logo-1.png\",\"width\":461,\"height\":159,\"caption\":\"CELTTV\"},\"image\":{\"@id\":\"https:\/\/www.celttv.com.ar\/#\/schema\/logo\/image\/\"}},{\"@type\":\"Person\",\"@id\":\"https:\/\/www.celttv.com.ar\/#\/schema\/person\/9059dc91dc7204ef4182cdb65225f07d\",\"name\":\"Miguel Herrada\",\"image\":{\"@type\":\"ImageObject\",\"inLanguage\":\"es\",\"@id\":\"https:\/\/www.celttv.com.ar\/#\/schema\/person\/image\/\",\"url\":\"https:\/\/secure.gravatar.com\/avatar\/67724d5b3c716623ffd76bec7e45841a442ac3b456e914dbba90b0fad2b8e0b1?s=96&d=mm&r=g\",\"contentUrl\":\"https:\/\/secure.gravatar.com\/avatar\/67724d5b3c716623ffd76bec7e45841a442ac3b456e914dbba90b0fad2b8e0b1?s=96&d=mm&r=g\",\"caption\":\"Miguel Herrada\"}}]}<\/script>\n<!-- \/ Yoast SEO plugin. -->","yoast_head_json":{"title":"Tornquist Basket debut\u00f3 en el Torneo Regional Formativo con un triunfo - CELTTV","description":"Sitio web de noticias de la localidad de Tornquist, provincia de Buenos Aires, Rep\u00fablica Argentina. Contenido propio originado por periodistas de CELTTV, el canal de TV local de la Cooperativa El\u00e9ctrica de Tornquist. Turismo, Pol\u00edtica, Sociedad, Deporte, Cultura y todo el contenido de inter\u00e9s general que la gente del pueblo y la regi\u00f3n debe conocer.","robots":{"index":"index","follow":"follow","max-snippet":"max-snippet:-1","max-image-preview":"max-image-preview:large","max-video-preview":"max-video-preview:-1"},"canonical":"https:\/\/www.celttv.com.ar\/index.php\/2024\/03\/23\/tornquist-basket-debuto-en-el-torneo-regional-formativo-con-un-triunfo\/","og_locale":"es_ES","og_type":"article","og_title":"Tornquist Basket debut\u00f3 en el Torneo Regional Formativo con un triunfo - CELTTV","og_description":"Sitio web de noticias de la localidad de Tornquist, provincia de Buenos Aires, Rep\u00fablica Argentina. Contenido propio originado por periodistas de CELTTV, el canal de TV local de la Cooperativa El\u00e9ctrica de Tornquist. Turismo, Pol\u00edtica, Sociedad, Deporte, Cultura y todo el contenido de inter\u00e9s general que la gente del pueblo y la regi\u00f3n debe conocer.","og_url":"https:\/\/www.celttv.com.ar\/index.php\/2024\/03\/23\/tornquist-basket-debuto-en-el-torneo-regional-formativo-con-un-triunfo\/","og_site_name":"CELTTV","article_publisher":"https:\/\/www.facebook.com\/celtTV\/","article_published_time":"2024-03-23T19:37:23+00:00","og_image":[{"width":1482,"height":988,"url":"https:\/\/www.celttv.com.ar\/wp-content\/uploads\/2024\/03\/Tornquist-Basket-1.jpeg","type":"image\/jpeg"}],"author":"Miguel Herrada","twitter_card":"summary_large_image","twitter_misc":{"Escrito por":"Miguel Herrada","Tiempo de lectura":"1 minuto"},"schema":{"@context":"https:\/\/schema.org","@graph":[{"@type":"NewsArticle","@id":"https:\/\/www.celttv.com.ar\/index.php\/2024\/03\/23\/tornquist-basket-debuto-en-el-torneo-regional-formativo-con-un-triunfo\/#article","isPartOf":{"@id":"https:\/\/www.celttv.com.ar\/index.php\/2024\/03\/23\/tornquist-basket-debuto-en-el-torneo-regional-formativo-con-un-triunfo\/"},"author":{"name":"Miguel Herrada","@id":"https:\/\/www.celttv.com.ar\/#\/schema\/person\/9059dc91dc7204ef4182cdb65225f07d"},"headline":"Tornquist Basket debut\u00f3 en el Torneo Regional Formativo con un triunfo","datePublished":"2024-03-23T19:37:23+00:00","dateModified":"2024-03-23T19:37:23+00:00","mainEntityOfPage":{"@id":"https:\/\/www.celttv.com.ar\/index.php\/2024\/03\/23\/tornquist-basket-debuto-en-el-torneo-regional-formativo-con-un-triunfo\/"},"wordCount":145,"publisher":{"@id":"https:\/\/www.celttv.com.ar\/#organization"},"articleSection":["Comunidad","Deportes","Destacadas","Municipales"],"inLanguage":"es"},{"@type":"WebPage","@id":"https:\/\/www.celttv.com.ar\/index.php\/2024\/03\/23\/tornquist-basket-debuto-en-el-torneo-regional-formativo-con-un-triunfo\/","url":"https:\/\/www.celttv.com.ar\/index.php\/2024\/03\/23\/tornquist-basket-debuto-en-el-torneo-regional-formativo-con-un-triunfo\/","name":"Tornquist Basket debut\u00f3 en el Torneo Regional Formativo con un triunfo - CELTTV","isPartOf":{"@id":"https:\/\/www.celttv.com.ar\/#website"},"datePublished":"2024-03-23T19:37:23+00:00","dateModified":"2024-03-23T19:37:23+00:00","description":"Sitio web de noticias de la localidad de Tornquist, provincia de Buenos Aires, Rep\u00fablica Argentina. Contenido propio originado por periodistas de CELTTV, el canal de TV local de la Cooperativa El\u00e9ctrica de Tornquist. Turismo, Pol\u00edtica, Sociedad, Deporte, Cultura y todo el contenido de inter\u00e9s general que la gente del pueblo y la regi\u00f3n debe conocer.","breadcrumb":{"@id":"https:\/\/www.celttv.com.ar\/index.php\/2024\/03\/23\/tornquist-basket-debuto-en-el-torneo-regional-formativo-con-un-triunfo\/#breadcrumb"},"inLanguage":"es","potentialAction":[{"@type":"ReadAction","target":["https:\/\/www.celttv.com.ar\/index.php\/2024\/03\/23\/tornquist-basket-debuto-en-el-torneo-regional-formativo-con-un-triunfo\/"]}]},{"@type":"BreadcrumbList","@id":"https:\/\/www.celttv.com.ar\/index.php\/2024\/03\/23\/tornquist-basket-debuto-en-el-torneo-regional-formativo-con-un-triunfo\/#breadcrumb","itemListElement":[{"@type":"ListItem","position":1,"name":"Inicio","item":"https:\/\/www.celttv.com.ar\/"},{"@type":"ListItem","position":2,"name":"Tornquist Basket debut\u00f3 en el Torneo Regional Formativo con un triunfo"}]},{"@type":"WebSite","@id":"https:\/\/www.celttv.com.ar\/#website","url":"https:\/\/www.celttv.com.ar\/","name":"CELTTV","description":"Cooperativa El\u00e9ctrica de Tornquist","publisher":{"@id":"https:\/\/www.celttv.com.ar\/#organization"},"potentialAction":[{"@type":"SearchAction","target":{"@type":"EntryPoint","urlTemplate":"https:\/\/www.celttv.com.ar\/?s={search_term_string}"},"query-input":"required name=search_term_string"}],"inLanguage":"es"},{"@type":"Organization","@id":"https:\/\/www.celttv.com.ar\/#organization","name":"CELTTV","url":"https:\/\/www.celttv.com.ar\/","sameAs":["https:\/\/www.youtube.com\/channel\/UCz_oIt8Hig64Ub-EmcNPIhg","https:\/\/www.facebook.com\/celtTV\/"],"logo":{"@type":"ImageObject","inLanguage":"es","@id":"https:\/\/www.celttv.com.ar\/#\/schema\/logo\/image\/","url":"http:\/\/www.celttv.com.ar\/wp-content\/uploads\/2022\/08\/logo-1.png","contentUrl":"http:\/\/www.celttv.com.ar\/wp-content\/uploads\/2022\/08\/logo-1.png","width":461,"height":159,"caption":"CELTTV"},"image":{"@id":"https:\/\/www.celttv.com.ar\/#\/schema\/logo\/image\/"}},{"@type":"Person","@id":"https:\/\/www.celttv.com.ar\/#\/schema\/person\/9059dc91dc7204ef4182cdb65225f07d","name":"Miguel Herrada","image":{"@type":"ImageObject","inLanguage":"es","@id":"https:\/\/www.celttv.com.ar\/#\/schema\/person\/image\/","url":"https:\/\/secure.gravatar.com\/avatar\/67724d5b3c716623ffd76bec7e45841a442ac3b456e914dbba90b0fad2b8e0b1?s=96&d=mm&r=g","contentUrl":"https:\/\/secure.gravatar.com\/avatar\/67724d5b3c716623ffd76bec7e45841a442ac3b456e914dbba90b0fad2b8e0b1?s=96&d=mm&r=g","caption":"Miguel Herrada"}}]}},"_links":{"self":[{"href":"https:\/\/www.celttv.com.ar\/index.php\/wp-json\/wp\/v2\/posts\/82617","targetHints":{"allow":["GET"]}}],"collection":[{"href":"https:\/\/www.celttv.com.ar\/index.php\/wp-json\/wp\/v2\/posts"}],"about":[{"href":"https:\/\/www.celttv.com.ar\/index.php\/wp-json\/wp\/v2\/types\/post"}],"author":[{"embeddable":true,"href":"https:\/\/www.celttv.com.ar\/index.php\/wp-json\/wp\/v2\/users\/5"}],"replies":[{"embeddable":true,"href":"https:\/\/www.celttv.com.ar\/index.php\/wp-json\/wp\/v2\/comments?post=82617"}],"version-history":[{"count":1,"href":"https:\/\/www.celttv.com.ar\/index.php\/wp-json\/wp\/v2\/posts\/82617\/revisions"}],"predecessor-version":[{"id":82630,"href":"https:\/\/www.celttv.com.ar\/index.php\/wp-json\/wp\/v2\/posts\/82617\/revisions\/82630"}],"wp:featuredmedia":[{"embeddable":true,"href":"https:\/\/www.celttv.com.ar\/index.php\/wp-json\/wp\/v2\/media\/82618"}],"wp:attachment":[{"href":"https:\/\/www.celttv.com.ar\/index.php\/wp-json\/wp\/v2\/media?parent=82617"}],"wp:term":[{"taxonomy":"category","embeddable":true,"href":"https:\/\/www.celttv.com.ar\/index.php\/wp-json\/wp\/v2\/categories?post=82617"},{"taxonomy":"post_tag","embeddable":true,"href":"https:\/\/www.celttv.com.ar\/index.php\/wp-json\/wp\/v2\/tags?post=82617"}],"curies":[{"name":"wp","href":"https:\/\/api.w.org\/{rel}","templated":true}]}}