{"id":82631,"date":"2024-03-23T16:53:15","date_gmt":"2024-03-23T19:53:15","guid":{"rendered":"https:\/\/www.celttv.com.ar\/?p=82631"},"modified":"2024-03-23T16:53:15","modified_gmt":"2024-03-23T19:53:15","slug":"hcd-informe-de-la-sesion-ordinaria-del-20-03-24","status":"publish","type":"post","link":"https:\/\/www.celttv.com.ar\/index.php\/2024\/03\/23\/hcd-informe-de-la-sesion-ordinaria-del-20-03-24\/","title":{"rendered":"HCD: Informe de la sesi\u00f3n ordinaria del 20-03-24"},"content":{"rendered":"<p><strong><u>Comunicaciones Oficiales<\/u><\/strong><strong>: <\/strong><\/p>\n<p><strong><u>Expte. N\u00ba 29<\/u><\/strong><strong><u>\/24<\/u><\/strong><strong><u>:<\/u><\/strong> &#8211; D.E. &#8211; Incremento Salarial Ejercicio 2024.<\/p>\n<p>Se solicita tratamiento sobre Tablas.<\/p>\n<p>Se aprueba por unanimidad la Ordenanza N\u00ba 3759\/24 por la que se otorga un incremento salarial del 10% (DIEZ por ciento) a partir del 1 de MARZO de 2024, para todas las categor\u00edas de los sueldos del personal municipal.-<\/p>\n<p><strong><u>\u00a0<\/u><\/strong><\/p>\n<p><strong><u>Expte. N\u00ba 105<\/u><\/strong><strong><u>\/24<\/u><\/strong><strong><u>:<\/u><\/strong> &#8211; Exp. S.P. Municipalidad de Bah\u00eda Blanca solicita chipeadora DEISA en comodato.<\/p>\n<p>Se solicita tratamiento sobre Tablas.<\/p>\n<p>Se aprueba por unanimidad la Ordenanza N\u00ba 3760\/24 por la cual se autoriza la firma del Contrato de Permiso de Uso celebrado entre la Municipalidad de\u00a0 Tornquist representada por el Sr. Intendente Municipal Sergio Fabi\u00e1n Bordoni y la Municipalidad de Bah\u00eda Blanca, representada por el Sr. Intendente Municipal Federico Esteban Susbieles.-<\/p>\n<p>Por este Contrato La Municipalidad entrega en car\u00e1cter de permiso de uso gratuito una maquina CHIPEADORA DEISA, de su propiedad, registrada bajo el n\u00famero de inventario 6743; con las siguientes caracter\u00edsticas: CHIPEADORA marca DEISA Mod. CH750M2 Motor MWM N\u00b0 B1N462985-67hp Boca de alimentaci\u00f3n estimada entre 18 y 30 m3\/h. Se deja constancia que se entrega sin bater\u00eda, con el motor en funcionamiento y las cubiertas en buen estado. El plazo de duraci\u00f3n del permiso de uso se estableci\u00f3 en seis (6) meses desde la firma del presente, prorrogables por seis (6) meses a criterio de \u201cLa Permisionante\u201d. \u201cLa Permisionaria\u201d se obliga a devolver la CHIPEADORA una vez finalizado el plazo, en perfectas condiciones de funcionamiento, mantenimiento y con bater\u00eda.-<\/p>\n<p><strong><u>\u00a0<\/u><\/strong><\/p>\n<p><strong><u>Expte. N\u00ba 133<\/u><\/strong><strong><u>\/24<\/u><\/strong><strong><u>:<\/u><\/strong> &#8211; D.E. &#8211; Creaci\u00f3n del Derecho de Uso del espacio en la Fiesta Provincial de la Vendimia en la localidad de Saldungaray.<\/p>\n<p>Se solicita tratamiento sobre Tablas.<\/p>\n<p>Se aprueba por unanimidad la Ordenanza N\u00ba 3761\/24 por la que se crea el Derecho de uso del espacio en la Fiesta Provincial de la Vendimia en la localidad de Saldungaray, a celebrarse los d\u00edas 30 y 31 de marzo de 2024.-<\/p>\n<p>Se autoriza al D.E al cobro de los siguientes valores a quienes realicen actividades comerciales en el predio donde se llevar\u00e1 a cabo la Fiesta, a saber:<\/p>\n<ul>\n<li>Food trucks cuyo propietario no tenga residencia en el Distrito $ 160.000,00 por los dos d\u00edas.-<\/li>\n<li>Food trucks cuyo propietario sea residente en el Distrito $ 80.000,00 por los dos d\u00edas.-<\/li>\n<li>Artesanos y Manualistas que no tengan residencia en el Distrito $ 30.000,00 por los dos d\u00edas.-<\/li>\n<li>Artesanos y Manualistas con residencia en el Distrito $ 15.000,00 por los dos d\u00edas.-<\/li>\n<li>Parque de Diversiones y\/o Juegos Inflables $ 600.000,00.-<\/li>\n<\/ul>\n<p>&nbsp;<\/p>\n<p>En el caso de los food trucks deben contar con la correspondiente habilitaci\u00f3n municipal y para los juegos y\/o parques deber\u00e1n presentar los seguros de responsabilidad civil que el municipio les solicite.-<\/p>\n<p>&nbsp;<\/p>\n<p><strong><u>Dict\u00e1menes de las Comisiones<\/u><\/strong><strong><u>: <\/u><\/strong><\/p>\n<p><strong><u>\u00a0<\/u><\/strong><\/p>\n<p>#<strong><u>Expte. N\u00ba 186\/23:<\/u><\/strong> &#8211; N.P. \u2013 Directora de la Escuela de Educaci\u00f3n Secundaria Agraria N\u00ba 1 de Tornquist, solicita donaci\u00f3n de sembradoras.<\/p>\n<p>Seg\u00fan el dictamen de las Comisiones de PRODUCCI\u00d3N, COMERCIO e INDUSTRIA; Y ASUNTOS MUNICIPALES; se aprueba por unanimidad la Ordenanza N\u00ba 3762\/24 por la que se autoriza \u00a0al Departamento Ejecutivo a realizar la donaci\u00f3n sin cargo a favor de la Asociaci\u00f3n Cooperadora Escuela de Educaci\u00f3n Secundaria Agraria N\u00ba 1 (E.E.S.A. N\u00ba 1) de Tornquist, de dos (2) m\u00e1quinas sembradoras de granos finos y pasturas de siembra directa marca Agrometal MXY II, m\u00e1quinas nros. 0712116880 y 0712116881.-<\/p>\n<p>Se autoriza al Sr. Intendente Municipal Sergio Fabi\u00e1n Bordoni a suscribir el contrato de donaci\u00f3n y la documentaci\u00f3n pertinente a efectos de realizar la transferencia de los bienes a favor de la donataria.-<\/p>\n<p>Se autoriza a la Oficina a cargo del Registro Patrimonial Municipal, a dar de baja del Libro de Inventario, los bienes 7980 y 7981.-<\/p>\n<p>&nbsp;<\/p>\n<p>#<strong><u>Expte. N\u00ba 202\/23:<\/u><\/strong> &#8211; N.P. \u2013 Alan Emir Moreno Ref. avances del Proyecto de Ordenanza p\/la utilizaci\u00f3n del espacio de estacionamiento en los locales gastron\u00f3micos.<\/p>\n<p>Se aprueba por unanimidad el dictamen de las Comisiones de TURISMO Y DESARROLLO; Y PRODUCCI\u00d3N, COMERCIO e INDUSTRIA; que aconseja enviar los actuados al Departamento Ejecutivo para su Archivo.-<\/p>\n<p>&nbsp;<\/p>\n<p>#<strong><u>Expte. N\u00ba 05<\/u><\/strong><strong><u>\/24<\/u><\/strong><strong><u>:<\/u><\/strong> &#8211; N.P. \u2013 Lange Dante Ra\u00fal Pte. De V\u00eda 51 Viaje S.A. solicita autorizaci\u00f3n tarifas transporte p\u00fablico de l\u00ednea urbana Saldungaray-Tornquist.<\/p>\n<p>De acuerdo al dictamen de la Comisi\u00f3n de ASUNTOS MUNICIPALES; y luego de haber mantenido reuni\u00f3n de acuerdo al dictamen sobre tablas aprobado por unanimidad en Sesi\u00f3n Extraordinaria del d\u00eda 13\/03\/24, se aprueba por unanimidad la Ordenanza N\u00ba 3763\/24 por la que se autoriza al prestatario del Servicio P\u00fablico de Pasajeros por\u00a0 Automotor de Jurisdicci\u00f3n Municipal, V\u00eda 51 Viajes S.A. (Servicio P\u00fablico L\u00ednea N\u00ba 1), a cobrar las tarifas que a continuaci\u00f3n se detallan:<\/p>\n<p>&nbsp;<\/p>\n<table>\n<tbody>\n<tr>\n<td width=\"408\">TRAMO<\/td>\n<td width=\"123\">IMPORTE<\/td>\n<\/tr>\n<tr>\n<td width=\"408\">Saldungaray &#8211; Sierra de la Ventana<\/td>\n<td width=\"123\">$ 909,00<\/td>\n<\/tr>\n<tr>\n<td width=\"408\">Saldungaray &#8211; Villa Ventana<\/td>\n<td width=\"123\">$ 1.922,00<\/td>\n<\/tr>\n<tr>\n<td width=\"408\">Saldungaray- Paraje La Gruta<\/td>\n<td width=\"123\">$ 2.936,00<\/td>\n<\/tr>\n<tr>\n<td width=\"408\">Saldungaray-Tornquist<\/td>\n<td width=\"123\">$ 3.950,00<\/td>\n<\/tr>\n<tr>\n<td width=\"408\">Sierra de la Ventana &#8211; Villa Ventana<\/td>\n<td width=\"123\">$ 1.014,00<\/td>\n<\/tr>\n<tr>\n<td width=\"408\">Sierra de la Ventana \u2013 Tornquist<\/td>\n<td width=\"123\">$ 3.042,00<\/td>\n<\/tr>\n<tr>\n<td width=\"408\">Sierra de la Ventana \u2013 Paraje La Gruta<\/td>\n<td width=\"123\">$ 2.028,00<\/td>\n<\/tr>\n<tr>\n<td width=\"408\">Villa Ventana \u2013 Paraje La Gruta<\/td>\n<td width=\"123\">$ 1.014,00<\/td>\n<\/tr>\n<tr>\n<td width=\"408\">Villa Ventana \u2013 Tornquist<\/td>\n<td width=\"123\">$ 2.028,00<\/td>\n<\/tr>\n<tr>\n<td width=\"408\">La Gruta &#8211; Tornquist<\/td>\n<td width=\"123\">$ 1.014,00<\/td>\n<\/tr>\n<\/tbody>\n<\/table>\n<p>&nbsp;<\/p>\n<p>#<strong><u>Expte. N\u00ba 17<\/u><\/strong><strong><u>\/24<\/u><\/strong><strong><u>:<\/u><\/strong> &#8211; D.E. \u2013 \u201cSolicitud de informaci\u00f3n de tareas de la Comisi\u00f3n Asesora Vial\u201d.<\/p>\n<p>Este Expediente tiene dos dict\u00e1menes:<\/p>\n<p>El primero dice:<\/p>\n<p>\u201cLas Comisiones de PRESUPUESTO Y HACIENDA (en mayor\u00eda); INTERPRETACI\u00d3N Y REGLAMENTO (en minor\u00eda); ASUNTOS MUNICIPALES (en mayor\u00eda) Y OBRAS P\u00daBLICAS (en mayor\u00eda); habiendo analizado el Expte. N\u00ba 17\/24, aconsejan mantener una reuni\u00f3n con el Presidente de la Comisi\u00f3n Vial\u201d.-<\/p>\n<p>El segundo dice:<\/p>\n<p>\u201cLas Comisiones de PRESUPUESTO Y HACIENDA (en minor\u00eda); INTERPRETACI\u00d3N Y REGLAMENTO (en mayor\u00eda); ASUNTOS MUNICIPALES (en minor\u00eda) Y OBRAS P\u00daBLICAS (en minor\u00eda); habiendo analizado el Expte. N\u00ba 17\/24, aconsejan no aprobar el Proyecto de Ordenanza obrante de fs. 54 a 56\u201d\u201d.-<\/p>\n<p>&nbsp;<\/p>\n<p>Concejal Susana Marcolini:<\/p>\n<p>\u201cSi, es para fundamentar la decisi\u00f3n de nuestra, de nuestro dictamen, y en consecuencia fundamentar lo que va a ser nuestro voto. Este tema que ha sido suficientemente comentado ya y que hace tiempo que lo tenemos en cartera, lamentablemente nos encuentra en posiciones que nos ponen inc\u00f3modos con la realidad. Mire,\u00a0 hemos escuchado los m\u00e1s diversos comentarios en este tiempo, y la verdad es que nos empe\u00f1amos en tratar de aclarar cu\u00e1les son nuestros argumentos. Reducir la posici\u00f3n de estos Bloques al hecho de defender a la Comisi\u00f3n Vial actual o la Comisi\u00f3n Vial nos parece una reducci\u00f3n a la m\u00ednima expresi\u00f3n, y la verdad que es casi como una falta de respeto. Por lo tanto nosotros queremos decir que no estamos de acuerdo con la disoluci\u00f3n de la Comisi\u00f3n Asesora Vial, no estamos de acuerdo con la derogaci\u00f3n de la ordenanza que la cre\u00f3, pero porque no estamos de acuerdo con:\u00a0 primero, tirar por la borda todo el trabajo y el avance que se ha hecho y que se hizo a trav\u00e9s de 40 a\u00f1os de democracia para lograr la participaci\u00f3n comprometida de los productores agropecuarios en un tema tan sensible y particularmente sensible para los productores como es el arreglo de los caminos. Nosotros venimos de una historia que podemos fundamentar de los consorcios viales pasando por distintas administraciones y pasando por el trabajo intens\u00edsimo que se hizo desde los bloques pol\u00edticos y con las instituciones representativas del sector, particularmente Cooperativa Rural y Asociaci\u00f3n Rural, para desembocar en esta ordenanza. Entonces nosotros creemos que lo que hay es un gran margen para poder mejorar el sistema y entonces estamos de acuerdo en que la situaci\u00f3n nos comprometer\u00eda a todos para sentarnos alrededor de una mesa y mejorar lo mejorable del sistema. \u00a0Por lo tanto adem\u00e1s de estar exponiendo nuestros argumentos queremos invitar a los Bloques de Concejales oficialistas a que analicemos esta posibilidad. No nos queda demasiado claro cu\u00e1les son las dudas que a esta altura los Bloques oficialistas tienen para, para proponer, pero s\u00ed estamos dispuestos a pesar de que no vamos a votar el dictamen que ellos proponen, por supuesto a participar de cuantas reuniones sean necesarias. Pero a esa reuni\u00f3n vamos a ir con esta posici\u00f3n que tenemos desde el primer momento, no estamos defendiendo ninguna Comisi\u00f3n Vial, estamos defendiendo el sistema de participaci\u00f3n de los productores en estas responsabilidades. Y entonces en torno a esto queremos ver c\u00f3mo poder analizar bastante separados de las pasiones del momento, digamos, esas consideraciones que en el Expediente constan firmadas por los funcionarios municipales donde se ponen en tela de juicio muchas cosas, y donde se olvida particularmente que seg\u00fan la creaci\u00f3n de la Ordenanza de la Comisi\u00f3n Asesora Vial el Gobierno Municipal a trav\u00e9s de Obras P\u00fablicas es parte de la Comisi\u00f3n Asesora Vial. Sin embargo este argumento se torna contrario a la realidad y se quiere achacar como un motivo para la disoluci\u00f3n, el hecho de estar falt\u00e1ndole esta comunicaci\u00f3n a la Comisi\u00f3n Asesora Vial. Eso entre otras cosas, porque adem\u00e1s parecer\u00eda ser que los argumentos fueron escritos por alguien con no vive en la realidad, porque no se mencionan y no se, perd\u00f3n, \u00a0dimensionan como corresponde, por ejemplo los temas clim\u00e1ticos, que son fundamentales para la prestaci\u00f3n de este servicio. Por ejemplo no se hace menci\u00f3n a los trabajos que se hubieren realizado de alteo y reconstrucci\u00f3n en a\u00f1os anteriores precisamente a este \u00faltimo, en el que no se pudo hacer nada de eso, entre otras cosas por falta de maquinarias y entre otras cosas porque el tiempo, las cuestiones clim\u00e1ticas, ustedes saben que venimos de un tiempo de muchas sequ\u00eda que sigue, no lo permitieron. \u00a0Cu\u00e1les son las alternativas que podemos analizar, c\u00f3mo podemos estar abiertos al debate sin perder de vista que es lo importante, lo realmente importante. C\u00f3mo podemos permitirle a un funcionario que firme un dictamen en el cual se sospecha de los manejos de los recursos, cuando en realidad se dice que no se expresan qu\u00e9 trabajos particulares se hicieron. Cuando uno da por sentado y cualquier di\u00e1logo puede mantenerse en torno a eso, que cuando no se dice qu\u00e9 trabajos particulares se hicieron es porque no se hicieron trabajos particulares. \u00a0C\u00f3mo se puede tener dudas respecto de si se atendieron los reclamos que se le hicieron a la Comisi\u00f3n Vial, cuando en realidad se leen que existen los reclamos y se reclama que no existen las respuestas. Hay una directa conexi\u00f3n que termina en un camino que es pr\u00e1cticamente como la cr\u00f3nica de una muerte anunciada. \u00a0Todo, el lugar de plantear c\u00f3mo puede rectificarse est\u00e1 acentuado para que se determine precisamente esto, la derogaci\u00f3n de la norma y la disoluci\u00f3n de la Comisi\u00f3n Vial. Entendemos que es una pena, entendemos que estamos perdiendo un tiempo hermoso, y entendemos tambi\u00e9n que estamos retrocediendo en esta cuesti\u00f3n que en realidad la democracia nos tendr\u00eda que tener mucho m\u00e1s activos para defender. Gracias\u201d.<\/p>\n<p>Se aprueba por mayor\u00eda (votaci\u00f3n 6 a 6, define el voto del Presidente), el primer dictamen.-<\/p>\n<p>&nbsp;<\/p>\n<p>#<strong><u>Expte. N\u00ba 40<\/u><\/strong><strong><u>\/24<\/u><\/strong><strong><u>:<\/u><\/strong> &#8211; S.S. \u2013 Solicitar donaci\u00f3n efectuada por el Sr. Bond\u00eda Jos\u00e9 Mar\u00eda.<\/p>\n<p>De acuerdo al dictamen de las Comisiones de SALUD PUBLICA y ASUNTOS MUNICIPALES, se aprueba por unanimidad la \u00a0Ordenanza N\u00ba 3764\/24 por la que se acepta la donaci\u00f3n del Sr. Bond\u00eda, Jos\u00e9 Mar\u00eda de los elementos detallados a continuaci\u00f3n, destinados a la Secretar\u00eda de Salud de la Municipalidad de Tornquist:<\/p>\n<ol>\n<li>Aparato Tems compuesto y funcionando con todos sus elementos correspondientes.<\/li>\n<li>Camilla para uso de Kin\u00e9sico con dimensiones especiales nuevas.<\/li>\n<li>Aparato de tracci\u00f3n cervical y polleo terapia con sus respectivos rodamientos.<\/li>\n<li>Soporte pie articulado para rayos ultravioleta e infrarrojos.<\/li>\n<li>Lampara de rayos infrarrojos funcionando.<\/li>\n<li>Aparato de Ultrasonido de uso hospitalario con su respectiva mesa.<\/li>\n<\/ol>\n<p>Se incorporan \u00a0al Patrimonio Municipal los bienes detallados anteriormente.<\/p>\n<p>Adem\u00e1s,\u00a0 se aprueba por unanimidad las siguientes modificaciones propuestas por dictamen:<\/p>\n<p>Donde Dice ART\u00cdCULO 3\u00ba: De forma, deber\u00e1 decir: \u201cART\u00cdCULO 3\u00ba: Determ\u00ednase que con la donaci\u00f3n se conforme el consultorio de atenci\u00f3n kinesiol\u00f3gica en el Hospital Municipal Dr. Alberto T. Castro\u201d.-<\/p>\n<p>Incluir el Art\u00edculo 4\u00ba que quedar\u00e1 redactado de la siguiente manera: \u201cART\u00cdCULO 4\u00ba: \u201cExh\u00f3rtese al Departamento Ejecutivo Municipal a que se realice un acto protocolar el d\u00eda de la inauguraci\u00f3n con la presencia del Sr. Jos\u00e9 Mar\u00eda Bond\u00eda y su familia\u201d.<\/p>\n<p>Incluir Art\u00edculo 5\u00ba que quedar\u00e1 redactado de la siguiente manera: ART\u00cdCULO 5\u00ba: Res\u00e9rvese el nombre del Sr. Jos\u00e9 Mar\u00eda Bond\u00eda para el consultorio de atenci\u00f3n kinesiol\u00f3gico que se inaugure\u201d.<\/p>\n<p>Incluir Art\u00edculo 6: De forma.-<\/p>\n<p>&nbsp;<\/p>\n<p>#<strong><u>Expte. N\u00ba <\/u><\/strong><strong><u>58\/24<\/u><\/strong><strong><u>:<\/u><\/strong> &#8211; D.E. \u2013 Convalida Decreto del Departamento Ejecutivo N\u00ba 174\/24 en donde se autoriza a abonar los gastos extraordinarios que se originan en consecuencia en la lucha contra los incendios.-<\/p>\n<p>Este Expediente tiene dos dict\u00e1menes:<\/p>\n<p>El primero dice:<\/p>\n<p>\u201cLas Comisiones de ASUNTOS MUNICIPALES (en mayor\u00eda); y PRESUPUESTO Y HACIENDA (en mayor\u00eda); habiendo analizado el Expte. N\u00ba 58\/24, aconsejan aprobar el Proyecto de Ordenanza obrante a fs. 1\u201d.-<\/p>\n<p>El segundo dice:<\/p>\n<p>\u201cLas Comisiones de ASUNTOS MUNICIPALES (en minor\u00eda); Y PRESUPUESTO Y HACIENDA (en minor\u00eda); habiendo analizado el Expte. N\u00ba 58\/24, aconsejan no aprobar el Proyecto de Ordenanza obrante a fs. 1\u201d.-<\/p>\n<p>Se aprueba por mayor\u00eda (votaci\u00f3n 7 a 5) el primer dictamen, por lo que se aprueba por mayor\u00eda la Ordenanza N\u00ba 3765\/24 que convalida el Decreto del Departamento Ejecutivo N\u00b0 174\/24 en donde se autoriza a abonar los gastos extraordinarios que se originan como consecuencia de la lucha contra los incendios.-<\/p>\n<p>&nbsp;<\/p>\n<p>#<strong><u>Expte. N\u00ba <\/u><\/strong><strong><u>61\/24<\/u><\/strong><strong><u>:<\/u><\/strong> &#8211; D.E. \u2013 Baja de bienes f\u00edsicos en estado de deterioro Ejercicio 2024.<\/p>\n<p>Seg\u00fan el dictamen de la Comisi\u00f3n de ASUNTOS MUNICIPALES; se aprueba por unanimidad la Ordenanza N\u00ba 3766\/24 por la que se autoriza\u00a0 al Departamento Ejecutivo a realizar la baja de los bienes f\u00edsicos que figuran en el Anexo I que forma parte integrante de la presente Ordenanza.-<\/p>\n<p>Se autoriza a la Oficina de Bienes F\u00edsicos a proceder con la Baja Definitiva del libro de inventario de los bienes mencionados en el Anexo I.-<\/p>\n<p>&nbsp;<\/p>\n<p>#<strong><u>Expte. N\u00ba 108\/<\/u><\/strong><strong><u>24<\/u><\/strong><strong><u>:<\/u><\/strong> &#8211; D.E. \u2013 Convalida la firma del Contrato de Alquiler celebrado e\/COMSUR S.R.L. y la Municipalidad de Tornquist.<\/p>\n<p>De acuerdo al dictamen de las Comisiones de PRESUPUESTO Y HACIENDA; INTERPRETACI\u00d3N Y REGLAMENTO; y CULTURA, EDUCACI\u00d3N, CIENCIA Y TECNOLOG\u00cdA se aprueba por unanimidad la Ordenanza N\u00ba 3767\/24 por la que se convalida la firma del Contrato de alquiler celebrado entre COMSUR S.R.L., representada por su Socio Gerente Sr. Carlos Muro y la Municipalidad de Tornquist representada por el Sr. Intendente Municipal Sergio Fabi\u00e1n Bordoni.- Por dicho Contrato, se alquila una ampliaci\u00f3n de Sistema Telef\u00f3nico en un (1) m\u00f3dulo de canales IP, para permitir la implementaci\u00f3n y tr\u00e1fico de tel\u00e9fonos de dicha tecnolog\u00eda en el Palacio Municipal. El plazo de duraci\u00f3n del contrato se estableci\u00f3 en cuarenta y ocho meses a partir de la puesta en funcionamiento del sistema; contando a partir del 1 de marzo de 2024. La \u00a0tarifa mensual por el alquiler del sistema es de $ 84.980,00 + IVA (PESOS OCHENTA Y CUATRO MIL NOVECIENTOS OCHENTA CON 00\/100).-<\/p>\n<p>&nbsp;<\/p>\n<p>#<strong><u>Expte. N\u00ba 7654<\/u><\/strong><strong><u>\/23<\/u><\/strong><strong><u>:<\/u><\/strong> &#8211; Bloque Frente de Todos \u2013 Pedido de Informe: En ref. a aparatolog\u00eda donada por el Sr. Bond\u00eda.<\/p>\n<p>Se aprueba por unanimidad el dictamen de las Comisiones de ASUNTOS MUNICIPALES; Y SALUD P\u00daBLICA; que \u00a0aconseja enviar el Expediente al Archivo debido a que el Pedido de Informe obtuvo respuesta y el Departamento Ejecutivo elev\u00f3 Proyecto de Ordenanza con la aceptaci\u00f3n de la donaci\u00f3n del Sr. Bond\u00eda.-<\/p>\n<p>&nbsp;<\/p>\n<p>#<strong><u>Expte. N\u00ba 7711<\/u><\/strong><strong><u>\/23<\/u><\/strong><strong><u>:<\/u><\/strong> &#8211; Bloques Juntos y Juntos por el Cambio \u2013 Proyecto de Ordenanza: Adhiere a la Municipalidad de Tornquist a la Ley Provincial N\u00ba 15329, ref. \u201cDerecho a la Identidad de Origen\u201d.<\/p>\n<p>Se aprueba por unanimidad el dictamen de las Comisiones de INTERPRETACI\u00d3N Y REGLAMENTO; Y ASUNTOS MUNICIPALES; que aconseja mantener una reuni\u00f3n con vecinos denominados \u201cBuscadores de Identidad\u201d, impulsores del Proyecto.-<\/p>\n<p>&nbsp;<\/p>\n<p>#<strong><u>Expte. N\u00ba 7712\/23:<\/u><\/strong> &#8211; NP. &#8211; Consejo Municipal de las Mujeres Tornquist: Ref. Resoluci\u00f3n N\u00ba 42\/23. Adhesi\u00f3n al Decreto Nacional N\u00ba 1406\/98.<\/p>\n<p>Se aprueba por unanimidad el dictamen de las Comisiones de INTERPRETACI\u00d3N Y REGLAMENTO, y SALUD P\u00daBLICA; que \u00a0aconseja coordinar por Presidencia una reuni\u00f3n con las peticionantes.-<\/p>\n<p>&nbsp;<\/p>\n<p>#<strong><u>Expte. N\u00ba 7730<\/u><\/strong><strong><u>\/24<\/u><\/strong><strong><u>:<\/u><\/strong> &#8211; N.P. \u2013 Leonardo Bonotti, Pte. Comisi\u00f3n Asesora Vial Municipal Tornquist: Copia de notas enviadas al D.E. en Ref. al estado de las Partidas y tr\u00e1mites administrativos.<\/p>\n<p>Se aprueba por unanimidad el dictamen de las Comisiones de PRESUPUESTO Y HACIENDA; ASUNTOS MUNICIPALES; Y OBRAS P\u00daBLICAS; que \u00a0aconseja adjuntar al Expediente N\u00ba 7707\/23 debido a que versan sobre tem\u00e1tica similar.-<\/p>\n<p>&nbsp;<\/p>\n<p>#<strong><u>Expte. N\u00ba 7731<\/u><\/strong><strong><u>\/24<\/u><\/strong><strong><u>:<\/u><\/strong> &#8211; N.P. \u2013 Vecinos de Sierra de la Ventana y Saldungaray: Plantean la posibilidad de trasladar los residuos h\u00famedos a Tornquist.-<\/p>\n<p>Se aprueba por unanimidad el dictamen de las Comisiones de ECOLOG\u00cdA Y MEDIO AMBIENTE, OBRAS P\u00daBLICAS Y SALUD P\u00daBLICA; que aconseja acordar una reuni\u00f3n a la brevedad con la Subsecretar\u00eda de Medio Ambiente.-<\/p>\n<p>&nbsp;<\/p>\n<p>#<strong><u>Expte. N\u00ba 7732<\/u><\/strong><strong><u>\/24<\/u><\/strong><strong><u>:<\/u><\/strong> &#8211; N.P. \u2013 Sergio Marto \u2013 Solicita Uso Banca Concejal N\u00ba 13 (Aspectos referentes a la actividad tur\u00edstica y financiera del Distrito).-<\/p>\n<p>Se aprueba por unanimidad el dictamen de las Comisiones de INTERPRETACI\u00d3N Y REGLAMENTO; ASUNTOS MUNICIPALES; que aconseja comunicar al Sr. Sergio Marto que podr\u00e1 hacer uso de la Banca 13, el d\u00eda 03\/04\/24 a las 20:00.-<\/p>\n<p><strong><u>\u00a0<\/u><\/strong><\/p>\n<p><strong><u>Proyectos Presentados <\/u><\/strong><\/p>\n<p><strong><u>\u00a0<\/u><\/strong><\/p>\n<p><strong><u>Bloques Juntos y Juntos por el Cambio: Minuta de Comuniciaci\u00f3n:<\/u><\/strong> Requerir al Ejecutivo Municipal, que a trav\u00e9s del \u00e1rea que corresponda informe si est\u00e1 en conocimiento de la posible instalaci\u00f3n de equipos de riego en el \u00e1rea rural oeste del Distrito.<\/p>\n<p>Solicitar si se han realizado acciones tendientes a conocer y\/o minimizar las consecuencias que tales instalaciones acarrear\u00edan.<\/p>\n<p>Solicitar, se informe si correspondiera, el resultado de estudio de impacto ambiental en la zona de influencia de las instalaciones.<\/p>\n<p>Enviar copia a la Autoridad del Agua de la Provincia de Buenos Aires.<\/p>\n<p>Este Proyecto consta de 5 Art\u00edculos.<\/p>\n<p>Firmado por:<\/p>\n<p>Luis Castro, Presidente Bloque Juntos.<\/p>\n<p>Susana Marcolini, Presidente Bloque Juntos por el Cambio.<\/p>\n<p>Se solicita formaci\u00f3n de Expediente y tratamiento sobre Tablas. Se forma el Expediente N\u00ba 7734\/24 y se aprueba por mayor\u00eda girar el Expediente al Departamento Ejecutivo a fin de que se d\u00e9 respuesta al mismo.-<\/p>\n<p>&nbsp;<\/p>\n<p><strong><u>Asuntos Particulares<\/u><\/strong><\/p>\n<p>&nbsp;<\/p>\n<p><strong><u>Nota N\u00ba 23\/24<\/u><\/strong>: Padres de alumnos\/as de la E.E.T. N\u00ba 1 de Saldungaray, Sierra de la Ventana, Villa Ventana, Villa Serrana La Gruta y Zona Rural, solicitan apoyo y urgente tratamiento de la solicitud presentada el d\u00eda 19 de febrero ante el Consejo Escolar y el Municipio de Tornquist, \u00a0en referencia al transporte p\u00fablico de pasajeros.-<\/p>\n<p>&nbsp;<\/p>\n<p><strong><u>Nota N\u00ba 24\/24<\/u><\/strong>: Vecinas autoconvadas el d\u00eda 8 de marzo, se movilizan en defensa de sus vidas y sus derechos, \u201csi no hay igualdad no hay libertad\u201d, presentan un petitorio y solicitan reuni\u00f3n con los integrantes del Honorable Concejo Deliberante.<\/p>\n<p>Desde Presidencia se organizar\u00e1 la reuni\u00f3n solicitada.-<\/p>\n<p>&nbsp;<\/p>\n<p><strong><u>Nota N\u00ba 25\/24<\/u><\/strong>: Julio Mayol, Presidente Asociaci\u00f3n Rural de Tornquist: en referencia a la derogaci\u00f3n de la Ordenanza N\u00ba 1779\/06 de la Creaci\u00f3n Comisi\u00f3n Asesora Vial. Manifiesta su posici\u00f3n ante este tema, y solicita avanzar sobre un proyecto de reforma con el correspondiente debate.<\/p>\n<p>Se aprueba por unanimidad adjuntar la nota al Expediente N\u00ba 17\/24.-<\/p>\n<p>&nbsp;<\/p>\n<p><strong><u>Nota N\u00ba 26\/24<\/u><\/strong>: Asamblea abierta y permanente de Sierra de la Ventana: ref. actitud intimidatoria de la polic\u00eda. Presentan documento adjunto donde manifiestan asombro y malestar ante la visita de un efectivo policial que expres\u00f3 tener que tomar fotos de la Asamblea por orden de la superioridad. Ante la gravedad de este hecho, solicitan al Jefe de la Polic\u00eda Comunal de Seguridad, aclare p\u00fablicamente el alcance y procedencia de este acto.<\/p>\n<p>&nbsp;<\/p>\n<p><strong><u>Nota N\u00ba 27\/24:<\/u><\/strong> Sandra Romiti, Presidente ONG PUAF (Por un animal feliz). Solicita uso de la Banca de Concejal N\u00ba 13 para dar a conocer la situaci\u00f3n actual\u00a0 de la protectora.<\/p>\n<p>Se aprueba por unanimidad la formaci\u00f3n de Expediente y el pase a Comisi\u00f3n.-<\/p>\n<p>&nbsp;<\/p>\n<p>Alocuciones de los Concejales:<\/p>\n<p>&nbsp;<\/p>\n<p>Concejal Luis Castro:<\/p>\n<p>\u201cNo, quer\u00eda hacer referencia, \u00a0hacer un resumen del Proyecto que tiene que ver con la, con la Minuta que se aprob\u00f3 por mayor\u00eda de, que tiene que ver con el riego artificial principalmente por lo que sabemos en la zona oeste en nuestro Distrito. En realidad, ser\u00eda bueno tener la, el motivo de por qu\u00e9 la Concejal Gimenez se abstuvo, o sea, seguramente tenga un motivo, pero ser\u00eda bueno saberlo porque es un tema importante, que tiene que ver con el recurso natural como el agua, que es limitado y m\u00e1s en el oeste, que sabemos los problemas que tienen con la sequ\u00eda, y que tambi\u00e9n sabemos que hay vecinos que ya est\u00e1n sufriendo la modificaci\u00f3n, o falta de agua, o \u00a0est\u00e1n empezando a notar la falta de agua en las napas. La informaci\u00f3n que tenemos es que ac\u00e1 a pocos kil\u00f3metros se est\u00e1n haciendo inversiones importantes, hay un campo que hizo m\u00e1s, por lo que nos comentan los vecinos, m\u00e1s de diez perforaciones, \u00a0eso imag\u00ednense la cuesti\u00f3n que puede generar en las napas, pero m\u00e1s all\u00e1 de eso justamente pedimos informaci\u00f3n. Tambi\u00e9n sabemos que el Ejecutivo ya form\u00f3 un Expediente con respecto al tema, porque tambi\u00e9n los productores de la zona, los productores vecinos de esos campos plantearon el tema en el Ejecutivo y por lo que sabemos habr\u00eda un Expediente con respecto a esto. Pero bueno, \u00a0creo que es un tema preocupante, m\u00e1s que nada para saber si realmente las inversiones que se est\u00e1n haciendo en los campos, principalmente el oeste, cumplen con todas las cuestiones, en principio estudios impacto-ambiental, y todo lo que sabemos que tienen que haber con respecto a esas inversiones. Y m\u00e1s en una zona del oeste que es m\u00e1s ganadera que agr\u00edcola, por eso llama la atenci\u00f3n \u00a0semejantes inversiones. Pero bueno, ser\u00eda bueno tener el por qu\u00e9 de la Concejal Gimenez que se abstuvo. Muchas gracias\u201d.<\/p>\n<p>&nbsp;<\/p>\n<p>HONORABLE CONCEJO DELIBERANTE<\/p>\n<p><img loading=\"lazy\" decoding=\"async\" class=\"alignnone wp-image-82632 size-large\" src=\"https:\/\/www.celttv.com.ar\/wp-content\/uploads\/2024\/03\/WhatsApp-Image-2024-03-22-at-11.00.28-1-1024x783.jpeg\" alt=\"\" width=\"1024\" height=\"783\" srcset=\"https:\/\/www.celttv.com.ar\/wp-content\/uploads\/2024\/03\/WhatsApp-Image-2024-03-22-at-11.00.28-1-1024x783.jpeg 1024w, https:\/\/www.celttv.com.ar\/wp-content\/uploads\/2024\/03\/WhatsApp-Image-2024-03-22-at-11.00.28-1-300x229.jpeg 300w, https:\/\/www.celttv.com.ar\/wp-content\/uploads\/2024\/03\/WhatsApp-Image-2024-03-22-at-11.00.28-1-768x587.jpeg 768w, https:\/\/www.celttv.com.ar\/wp-content\/uploads\/2024\/03\/WhatsApp-Image-2024-03-22-at-11.00.28-1-1536x1174.jpeg 1536w, https:\/\/www.celttv.com.ar\/wp-content\/uploads\/2024\/03\/WhatsApp-Image-2024-03-22-at-11.00.28-1-750x573.jpeg 750w, https:\/\/www.celttv.com.ar\/wp-content\/uploads\/2024\/03\/WhatsApp-Image-2024-03-22-at-11.00.28-1-1140x871.jpeg 1140w, https:\/\/www.celttv.com.ar\/wp-content\/uploads\/2024\/03\/WhatsApp-Image-2024-03-22-at-11.00.28-1.jpeg 1600w\" sizes=\"auto, (max-width: 1024px) 100vw, 1024px\" \/> <img loading=\"lazy\" decoding=\"async\" class=\"alignnone wp-image-82633 size-large\" src=\"https:\/\/www.celttv.com.ar\/wp-content\/uploads\/2024\/03\/WhatsApp-Image-2024-03-22-at-11.00.28-768x1024.jpeg\" alt=\"\" width=\"768\" height=\"1024\" srcset=\"https:\/\/www.celttv.com.ar\/wp-content\/uploads\/2024\/03\/WhatsApp-Image-2024-03-22-at-11.00.28-768x1024.jpeg 768w, https:\/\/www.celttv.com.ar\/wp-content\/uploads\/2024\/03\/WhatsApp-Image-2024-03-22-at-11.00.28-225x300.jpeg 225w, https:\/\/www.celttv.com.ar\/wp-content\/uploads\/2024\/03\/WhatsApp-Image-2024-03-22-at-11.00.28-1152x1536.jpeg 1152w, https:\/\/www.celttv.com.ar\/wp-content\/uploads\/2024\/03\/WhatsApp-Image-2024-03-22-at-11.00.28-750x1000.jpeg 750w, https:\/\/www.celttv.com.ar\/wp-content\/uploads\/2024\/03\/WhatsApp-Image-2024-03-22-at-11.00.28-1140x1520.jpeg 1140w, https:\/\/www.celttv.com.ar\/wp-content\/uploads\/2024\/03\/WhatsApp-Image-2024-03-22-at-11.00.28.jpeg 1200w\" sizes=\"auto, (max-width: 768px) 100vw, 768px\" \/> <img loading=\"lazy\" decoding=\"async\" class=\"alignnone wp-image-82634 size-large\" src=\"https:\/\/www.celttv.com.ar\/wp-content\/uploads\/2024\/03\/WhatsApp-Image-2024-03-22-at-11.00.29-1-1024x576.jpeg\" alt=\"\" width=\"1024\" height=\"576\" srcset=\"https:\/\/www.celttv.com.ar\/wp-content\/uploads\/2024\/03\/WhatsApp-Image-2024-03-22-at-11.00.29-1-1024x576.jpeg 1024w, https:\/\/www.celttv.com.ar\/wp-content\/uploads\/2024\/03\/WhatsApp-Image-2024-03-22-at-11.00.29-1-300x169.jpeg 300w, https:\/\/www.celttv.com.ar\/wp-content\/uploads\/2024\/03\/WhatsApp-Image-2024-03-22-at-11.00.29-1-768x432.jpeg 768w, https:\/\/www.celttv.com.ar\/wp-content\/uploads\/2024\/03\/WhatsApp-Image-2024-03-22-at-11.00.29-1-1536x864.jpeg 1536w, https:\/\/www.celttv.com.ar\/wp-content\/uploads\/2024\/03\/WhatsApp-Image-2024-03-22-at-11.00.29-1-750x422.jpeg 750w, https:\/\/www.celttv.com.ar\/wp-content\/uploads\/2024\/03\/WhatsApp-Image-2024-03-22-at-11.00.29-1-1140x641.jpeg 1140w, https:\/\/www.celttv.com.ar\/wp-content\/uploads\/2024\/03\/WhatsApp-Image-2024-03-22-at-11.00.29-1.jpeg 1600w\" sizes=\"auto, (max-width: 1024px) 100vw, 1024px\" \/> <img loading=\"lazy\" decoding=\"async\" class=\"alignnone wp-image-82635 size-large\" src=\"https:\/\/www.celttv.com.ar\/wp-content\/uploads\/2024\/03\/WhatsApp-Image-2024-03-22-at-11.00.29-1024x768.jpeg\" alt=\"\" width=\"1024\" height=\"768\" srcset=\"https:\/\/www.celttv.com.ar\/wp-content\/uploads\/2024\/03\/WhatsApp-Image-2024-03-22-at-11.00.29-1024x768.jpeg 1024w, https:\/\/www.celttv.com.ar\/wp-content\/uploads\/2024\/03\/WhatsApp-Image-2024-03-22-at-11.00.29-300x225.jpeg 300w, https:\/\/www.celttv.com.ar\/wp-content\/uploads\/2024\/03\/WhatsApp-Image-2024-03-22-at-11.00.29-768x576.jpeg 768w, https:\/\/www.celttv.com.ar\/wp-content\/uploads\/2024\/03\/WhatsApp-Image-2024-03-22-at-11.00.29-1536x1152.jpeg 1536w, https:\/\/www.celttv.com.ar\/wp-content\/uploads\/2024\/03\/WhatsApp-Image-2024-03-22-at-11.00.29-750x563.jpeg 750w, https:\/\/www.celttv.com.ar\/wp-content\/uploads\/2024\/03\/WhatsApp-Image-2024-03-22-at-11.00.29-1140x855.jpeg 1140w, https:\/\/www.celttv.com.ar\/wp-content\/uploads\/2024\/03\/WhatsApp-Image-2024-03-22-at-11.00.29.jpeg 1600w\" sizes=\"auto, (max-width: 1024px) 100vw, 1024px\" \/><\/p>\n","protected":false},"excerpt":{"rendered":"<p>Comunicaciones Oficiales: Expte. N\u00ba 29\/24: &#8211; D.E. &#8211; Incremento Salarial Ejercicio 2024. Se solicita tratamiento sobre Tablas. Se aprueba por unanimidad la Ordenanza N\u00ba 3759\/24 por la que se otorga un incremento salarial del 10% (DIEZ por ciento) a partir del 1 de MARZO de 2024, para todas las categor\u00edas de los sueldos del personal [&hellip;]<\/p>\n","protected":false},"author":5,"featured_media":82632,"comment_status":"closed","ping_status":"closed","sticky":false,"template":"","format":"standard","meta":{"footnotes":""},"categories":[51,52],"tags":[],"class_list":["post-82631","post","type-post","status-publish","format-standard","has-post-thumbnail","hentry","category-comunidad","category-destacadas"],"yoast_head":"<!-- This site is optimized with the Yoast SEO plugin v19.7.1 - https:\/\/yoast.com\/wordpress\/plugins\/seo\/ -->\n<title>HCD: Informe de la sesi\u00f3n ordinaria del 20-03-24 - CELTTV<\/title>\n<meta name=\"description\" content=\"Sitio web de noticias de la localidad de Tornquist, provincia de Buenos Aires, Rep\u00fablica Argentina. Contenido propio originado por periodistas de CELTTV, el canal de TV local de la Cooperativa El\u00e9ctrica de Tornquist. Turismo, Pol\u00edtica, Sociedad, Deporte, Cultura y todo el contenido de inter\u00e9s general que la gente del pueblo y la regi\u00f3n debe conocer.\" \/>\n<meta name=\"robots\" content=\"index, follow, max-snippet:-1, max-image-preview:large, max-video-preview:-1\" \/>\n<link rel=\"canonical\" href=\"https:\/\/www.celttv.com.ar\/index.php\/2024\/03\/23\/hcd-informe-de-la-sesion-ordinaria-del-20-03-24\/\" \/>\n<meta property=\"og:locale\" content=\"es_ES\" \/>\n<meta property=\"og:type\" content=\"article\" \/>\n<meta property=\"og:title\" content=\"HCD: Informe de la sesi\u00f3n ordinaria del 20-03-24 - CELTTV\" \/>\n<meta property=\"og:description\" content=\"Sitio web de noticias de la localidad de Tornquist, provincia de Buenos Aires, Rep\u00fablica Argentina. Contenido propio originado por periodistas de CELTTV, el canal de TV local de la Cooperativa El\u00e9ctrica de Tornquist. Turismo, Pol\u00edtica, Sociedad, Deporte, Cultura y todo el contenido de inter\u00e9s general que la gente del pueblo y la regi\u00f3n debe conocer.\" \/>\n<meta property=\"og:url\" content=\"https:\/\/www.celttv.com.ar\/index.php\/2024\/03\/23\/hcd-informe-de-la-sesion-ordinaria-del-20-03-24\/\" \/>\n<meta property=\"og:site_name\" content=\"CELTTV\" \/>\n<meta property=\"article:publisher\" content=\"https:\/\/www.facebook.com\/celtTV\/\" \/>\n<meta property=\"article:published_time\" content=\"2024-03-23T19:53:15+00:00\" \/>\n<meta property=\"og:image\" content=\"https:\/\/www.celttv.com.ar\/wp-content\/uploads\/2024\/03\/WhatsApp-Image-2024-03-22-at-11.00.28-1.jpeg\" \/>\n\t<meta property=\"og:image:width\" content=\"1600\" \/>\n\t<meta property=\"og:image:height\" content=\"1223\" \/>\n\t<meta property=\"og:image:type\" content=\"image\/jpeg\" \/>\n<meta name=\"author\" content=\"Miguel Herrada\" \/>\n<meta name=\"twitter:card\" content=\"summary_large_image\" \/>\n<meta name=\"twitter:label1\" content=\"Escrito por\" \/>\n\t<meta name=\"twitter:data1\" content=\"Miguel Herrada\" \/>\n\t<meta name=\"twitter:label2\" content=\"Tiempo de lectura\" \/>\n\t<meta name=\"twitter:data2\" content=\"19 minutos\" \/>\n<script type=\"application\/ld+json\" class=\"yoast-schema-graph\">{\"@context\":\"https:\/\/schema.org\",\"@graph\":[{\"@type\":\"NewsArticle\",\"@id\":\"https:\/\/www.celttv.com.ar\/index.php\/2024\/03\/23\/hcd-informe-de-la-sesion-ordinaria-del-20-03-24\/#article\",\"isPartOf\":{\"@id\":\"https:\/\/www.celttv.com.ar\/index.php\/2024\/03\/23\/hcd-informe-de-la-sesion-ordinaria-del-20-03-24\/\"},\"author\":{\"name\":\"Miguel Herrada\",\"@id\":\"https:\/\/www.celttv.com.ar\/#\/schema\/person\/9059dc91dc7204ef4182cdb65225f07d\"},\"headline\":\"HCD: Informe de la sesi\u00f3n ordinaria del 20-03-24\",\"datePublished\":\"2024-03-23T19:53:15+00:00\",\"dateModified\":\"2024-03-23T19:53:15+00:00\",\"mainEntityOfPage\":{\"@id\":\"https:\/\/www.celttv.com.ar\/index.php\/2024\/03\/23\/hcd-informe-de-la-sesion-ordinaria-del-20-03-24\/\"},\"wordCount\":3778,\"publisher\":{\"@id\":\"https:\/\/www.celttv.com.ar\/#organization\"},\"articleSection\":[\"Comunidad\",\"Destacadas\"],\"inLanguage\":\"es\"},{\"@type\":\"WebPage\",\"@id\":\"https:\/\/www.celttv.com.ar\/index.php\/2024\/03\/23\/hcd-informe-de-la-sesion-ordinaria-del-20-03-24\/\",\"url\":\"https:\/\/www.celttv.com.ar\/index.php\/2024\/03\/23\/hcd-informe-de-la-sesion-ordinaria-del-20-03-24\/\",\"name\":\"HCD: Informe de la sesi\u00f3n ordinaria del 20-03-24 - CELTTV\",\"isPartOf\":{\"@id\":\"https:\/\/www.celttv.com.ar\/#website\"},\"datePublished\":\"2024-03-23T19:53:15+00:00\",\"dateModified\":\"2024-03-23T19:53:15+00:00\",\"description\":\"Sitio web de noticias de la localidad de Tornquist, provincia de Buenos Aires, Rep\u00fablica Argentina. Contenido propio originado por periodistas de CELTTV, el canal de TV local de la Cooperativa El\u00e9ctrica de Tornquist. Turismo, Pol\u00edtica, Sociedad, Deporte, Cultura y todo el contenido de inter\u00e9s general que la gente del pueblo y la regi\u00f3n debe conocer.\",\"breadcrumb\":{\"@id\":\"https:\/\/www.celttv.com.ar\/index.php\/2024\/03\/23\/hcd-informe-de-la-sesion-ordinaria-del-20-03-24\/#breadcrumb\"},\"inLanguage\":\"es\",\"potentialAction\":[{\"@type\":\"ReadAction\",\"target\":[\"https:\/\/www.celttv.com.ar\/index.php\/2024\/03\/23\/hcd-informe-de-la-sesion-ordinaria-del-20-03-24\/\"]}]},{\"@type\":\"BreadcrumbList\",\"@id\":\"https:\/\/www.celttv.com.ar\/index.php\/2024\/03\/23\/hcd-informe-de-la-sesion-ordinaria-del-20-03-24\/#breadcrumb\",\"itemListElement\":[{\"@type\":\"ListItem\",\"position\":1,\"name\":\"Inicio\",\"item\":\"https:\/\/www.celttv.com.ar\/\"},{\"@type\":\"ListItem\",\"position\":2,\"name\":\"HCD: Informe de la sesi\u00f3n ordinaria del 20-03-24\"}]},{\"@type\":\"WebSite\",\"@id\":\"https:\/\/www.celttv.com.ar\/#website\",\"url\":\"https:\/\/www.celttv.com.ar\/\",\"name\":\"CELTTV\",\"description\":\"Cooperativa El\u00e9ctrica de Tornquist\",\"publisher\":{\"@id\":\"https:\/\/www.celttv.com.ar\/#organization\"},\"potentialAction\":[{\"@type\":\"SearchAction\",\"target\":{\"@type\":\"EntryPoint\",\"urlTemplate\":\"https:\/\/www.celttv.com.ar\/?s={search_term_string}\"},\"query-input\":\"required name=search_term_string\"}],\"inLanguage\":\"es\"},{\"@type\":\"Organization\",\"@id\":\"https:\/\/www.celttv.com.ar\/#organization\",\"name\":\"CELTTV\",\"url\":\"https:\/\/www.celttv.com.ar\/\",\"sameAs\":[\"https:\/\/www.youtube.com\/channel\/UCz_oIt8Hig64Ub-EmcNPIhg\",\"https:\/\/www.facebook.com\/celtTV\/\"],\"logo\":{\"@type\":\"ImageObject\",\"inLanguage\":\"es\",\"@id\":\"https:\/\/www.celttv.com.ar\/#\/schema\/logo\/image\/\",\"url\":\"http:\/\/www.celttv.com.ar\/wp-content\/uploads\/2022\/08\/logo-1.png\",\"contentUrl\":\"http:\/\/www.celttv.com.ar\/wp-content\/uploads\/2022\/08\/logo-1.png\",\"width\":461,\"height\":159,\"caption\":\"CELTTV\"},\"image\":{\"@id\":\"https:\/\/www.celttv.com.ar\/#\/schema\/logo\/image\/\"}},{\"@type\":\"Person\",\"@id\":\"https:\/\/www.celttv.com.ar\/#\/schema\/person\/9059dc91dc7204ef4182cdb65225f07d\",\"name\":\"Miguel Herrada\",\"image\":{\"@type\":\"ImageObject\",\"inLanguage\":\"es\",\"@id\":\"https:\/\/www.celttv.com.ar\/#\/schema\/person\/image\/\",\"url\":\"https:\/\/secure.gravatar.com\/avatar\/67724d5b3c716623ffd76bec7e45841a442ac3b456e914dbba90b0fad2b8e0b1?s=96&d=mm&r=g\",\"contentUrl\":\"https:\/\/secure.gravatar.com\/avatar\/67724d5b3c716623ffd76bec7e45841a442ac3b456e914dbba90b0fad2b8e0b1?s=96&d=mm&r=g\",\"caption\":\"Miguel Herrada\"}}]}<\/script>\n<!-- \/ Yoast SEO plugin. -->","yoast_head_json":{"title":"HCD: Informe de la sesi\u00f3n ordinaria del 20-03-24 - CELTTV","description":"Sitio web de noticias de la localidad de Tornquist, provincia de Buenos Aires, Rep\u00fablica Argentina. Contenido propio originado por periodistas de CELTTV, el canal de TV local de la Cooperativa El\u00e9ctrica de Tornquist. Turismo, Pol\u00edtica, Sociedad, Deporte, Cultura y todo el contenido de inter\u00e9s general que la gente del pueblo y la regi\u00f3n debe conocer.","robots":{"index":"index","follow":"follow","max-snippet":"max-snippet:-1","max-image-preview":"max-image-preview:large","max-video-preview":"max-video-preview:-1"},"canonical":"https:\/\/www.celttv.com.ar\/index.php\/2024\/03\/23\/hcd-informe-de-la-sesion-ordinaria-del-20-03-24\/","og_locale":"es_ES","og_type":"article","og_title":"HCD: Informe de la sesi\u00f3n ordinaria del 20-03-24 - CELTTV","og_description":"Sitio web de noticias de la localidad de Tornquist, provincia de Buenos Aires, Rep\u00fablica Argentina. Contenido propio originado por periodistas de CELTTV, el canal de TV local de la Cooperativa El\u00e9ctrica de Tornquist. Turismo, Pol\u00edtica, Sociedad, Deporte, Cultura y todo el contenido de inter\u00e9s general que la gente del pueblo y la regi\u00f3n debe conocer.","og_url":"https:\/\/www.celttv.com.ar\/index.php\/2024\/03\/23\/hcd-informe-de-la-sesion-ordinaria-del-20-03-24\/","og_site_name":"CELTTV","article_publisher":"https:\/\/www.facebook.com\/celtTV\/","article_published_time":"2024-03-23T19:53:15+00:00","og_image":[{"width":1600,"height":1223,"url":"https:\/\/www.celttv.com.ar\/wp-content\/uploads\/2024\/03\/WhatsApp-Image-2024-03-22-at-11.00.28-1.jpeg","type":"image\/jpeg"}],"author":"Miguel Herrada","twitter_card":"summary_large_image","twitter_misc":{"Escrito por":"Miguel Herrada","Tiempo de lectura":"19 minutos"},"schema":{"@context":"https:\/\/schema.org","@graph":[{"@type":"NewsArticle","@id":"https:\/\/www.celttv.com.ar\/index.php\/2024\/03\/23\/hcd-informe-de-la-sesion-ordinaria-del-20-03-24\/#article","isPartOf":{"@id":"https:\/\/www.celttv.com.ar\/index.php\/2024\/03\/23\/hcd-informe-de-la-sesion-ordinaria-del-20-03-24\/"},"author":{"name":"Miguel Herrada","@id":"https:\/\/www.celttv.com.ar\/#\/schema\/person\/9059dc91dc7204ef4182cdb65225f07d"},"headline":"HCD: Informe de la sesi\u00f3n ordinaria del 20-03-24","datePublished":"2024-03-23T19:53:15+00:00","dateModified":"2024-03-23T19:53:15+00:00","mainEntityOfPage":{"@id":"https:\/\/www.celttv.com.ar\/index.php\/2024\/03\/23\/hcd-informe-de-la-sesion-ordinaria-del-20-03-24\/"},"wordCount":3778,"publisher":{"@id":"https:\/\/www.celttv.com.ar\/#organization"},"articleSection":["Comunidad","Destacadas"],"inLanguage":"es"},{"@type":"WebPage","@id":"https:\/\/www.celttv.com.ar\/index.php\/2024\/03\/23\/hcd-informe-de-la-sesion-ordinaria-del-20-03-24\/","url":"https:\/\/www.celttv.com.ar\/index.php\/2024\/03\/23\/hcd-informe-de-la-sesion-ordinaria-del-20-03-24\/","name":"HCD: Informe de la sesi\u00f3n ordinaria del 20-03-24 - CELTTV","isPartOf":{"@id":"https:\/\/www.celttv.com.ar\/#website"},"datePublished":"2024-03-23T19:53:15+00:00","dateModified":"2024-03-23T19:53:15+00:00","description":"Sitio web de noticias de la localidad de Tornquist, provincia de Buenos Aires, Rep\u00fablica Argentina. Contenido propio originado por periodistas de CELTTV, el canal de TV local de la Cooperativa El\u00e9ctrica de Tornquist. Turismo, Pol\u00edtica, Sociedad, Deporte, Cultura y todo el contenido de inter\u00e9s general que la gente del pueblo y la regi\u00f3n debe conocer.","breadcrumb":{"@id":"https:\/\/www.celttv.com.ar\/index.php\/2024\/03\/23\/hcd-informe-de-la-sesion-ordinaria-del-20-03-24\/#breadcrumb"},"inLanguage":"es","potentialAction":[{"@type":"ReadAction","target":["https:\/\/www.celttv.com.ar\/index.php\/2024\/03\/23\/hcd-informe-de-la-sesion-ordinaria-del-20-03-24\/"]}]},{"@type":"BreadcrumbList","@id":"https:\/\/www.celttv.com.ar\/index.php\/2024\/03\/23\/hcd-informe-de-la-sesion-ordinaria-del-20-03-24\/#breadcrumb","itemListElement":[{"@type":"ListItem","position":1,"name":"Inicio","item":"https:\/\/www.celttv.com.ar\/"},{"@type":"ListItem","position":2,"name":"HCD: Informe de la sesi\u00f3n ordinaria del 20-03-24"}]},{"@type":"WebSite","@id":"https:\/\/www.celttv.com.ar\/#website","url":"https:\/\/www.celttv.com.ar\/","name":"CELTTV","description":"Cooperativa El\u00e9ctrica de Tornquist","publisher":{"@id":"https:\/\/www.celttv.com.ar\/#organization"},"potentialAction":[{"@type":"SearchAction","target":{"@type":"EntryPoint","urlTemplate":"https:\/\/www.celttv.com.ar\/?s={search_term_string}"},"query-input":"required name=search_term_string"}],"inLanguage":"es"},{"@type":"Organization","@id":"https:\/\/www.celttv.com.ar\/#organization","name":"CELTTV","url":"https:\/\/www.celttv.com.ar\/","sameAs":["https:\/\/www.youtube.com\/channel\/UCz_oIt8Hig64Ub-EmcNPIhg","https:\/\/www.facebook.com\/celtTV\/"],"logo":{"@type":"ImageObject","inLanguage":"es","@id":"https:\/\/www.celttv.com.ar\/#\/schema\/logo\/image\/","url":"http:\/\/www.celttv.com.ar\/wp-content\/uploads\/2022\/08\/logo-1.png","contentUrl":"http:\/\/www.celttv.com.ar\/wp-content\/uploads\/2022\/08\/logo-1.png","width":461,"height":159,"caption":"CELTTV"},"image":{"@id":"https:\/\/www.celttv.com.ar\/#\/schema\/logo\/image\/"}},{"@type":"Person","@id":"https:\/\/www.celttv.com.ar\/#\/schema\/person\/9059dc91dc7204ef4182cdb65225f07d","name":"Miguel Herrada","image":{"@type":"ImageObject","inLanguage":"es","@id":"https:\/\/www.celttv.com.ar\/#\/schema\/person\/image\/","url":"https:\/\/secure.gravatar.com\/avatar\/67724d5b3c716623ffd76bec7e45841a442ac3b456e914dbba90b0fad2b8e0b1?s=96&d=mm&r=g","contentUrl":"https:\/\/secure.gravatar.com\/avatar\/67724d5b3c716623ffd76bec7e45841a442ac3b456e914dbba90b0fad2b8e0b1?s=96&d=mm&r=g","caption":"Miguel Herrada"}}]}},"_links":{"self":[{"href":"https:\/\/www.celttv.com.ar\/index.php\/wp-json\/wp\/v2\/posts\/82631","targetHints":{"allow":["GET"]}}],"collection":[{"href":"https:\/\/www.celttv.com.ar\/index.php\/wp-json\/wp\/v2\/posts"}],"about":[{"href":"https:\/\/www.celttv.com.ar\/index.php\/wp-json\/wp\/v2\/types\/post"}],"author":[{"embeddable":true,"href":"https:\/\/www.celttv.com.ar\/index.php\/wp-json\/wp\/v2\/users\/5"}],"replies":[{"embeddable":true,"href":"https:\/\/www.celttv.com.ar\/index.php\/wp-json\/wp\/v2\/comments?post=82631"}],"version-history":[{"count":1,"href":"https:\/\/www.celttv.com.ar\/index.php\/wp-json\/wp\/v2\/posts\/82631\/revisions"}],"predecessor-version":[{"id":82636,"href":"https:\/\/www.celttv.com.ar\/index.php\/wp-json\/wp\/v2\/posts\/82631\/revisions\/82636"}],"wp:featuredmedia":[{"embeddable":true,"href":"https:\/\/www.celttv.com.ar\/index.php\/wp-json\/wp\/v2\/media\/82632"}],"wp:attachment":[{"href":"https:\/\/www.celttv.com.ar\/index.php\/wp-json\/wp\/v2\/media?parent=82631"}],"wp:term":[{"taxonomy":"category","embeddable":true,"href":"https:\/\/www.celttv.com.ar\/index.php\/wp-json\/wp\/v2\/categories?post=82631"},{"taxonomy":"post_tag","embeddable":true,"href":"https:\/\/www.celttv.com.ar\/index.php\/wp-json\/wp\/v2\/tags?post=82631"}],"curies":[{"name":"wp","href":"https:\/\/api.w.org\/{rel}","templated":true}]}}