{"id":8282,"date":"2012-09-18T20:51:31","date_gmt":"2012-09-18T20:51:31","guid":{"rendered":"http:\/\/www.tvcnoticias.com.ar\/?p=8282"},"modified":"2012-09-18T20:51:31","modified_gmt":"2012-09-18T20:51:31","slug":"liga-regional-de-futbol-dieron-a-conocer-el-programa-del-clausura","status":"publish","type":"post","link":"https:\/\/www.celttv.com.ar\/index.php\/2012\/09\/18\/liga-regional-de-futbol-dieron-a-conocer-el-programa-del-clausura\/","title":{"rendered":"LIGA REGIONAL DE FUTBOL: DIERON A CONOCER EL PROGRAMA DEL CLAUSURA"},"content":{"rendered":"<p><a rel=\"attachment wp-att-8283\" href=\"http:\/\/www.tvcnoticias.com.ar\/?attachment_id=8283\"><img loading=\"lazy\" decoding=\"async\" class=\"aligncenter size-full wp-image-8283\" title=\"arco_y_pelota (Medium)\" src=\"http:\/\/www.tvcnoticias.com.ar\/wp-content\/uploads\/2012\/09\/arco_y_pelota-Medium3.jpg\" alt=\"\" width=\"800\" height=\"465\" \/><\/a>En la cancha del Parque \u201cFelisa Igart\u00faa de Alberdi\u201d del Centro Blanco y Negro se jugar\u00e1 el pr\u00f3ximo domingo, a partir de las 15:30, la final del Repechaje de Primera divisi\u00f3n entre San Mart\u00edn de Santa Trinidad y Pe\u00f1arol de Pig\u00fc\u00e9.<br \/>\nAs\u00ed lo acordaron dirigentes de ambos clubes en forma previa a la reuni\u00f3n que el lunes pasado llev\u00f3 a cabo el consejo directivo de la Liga Regional de F\u00fatbol de Coronel Su\u00e1rez, que preside Ernesto Manuel Palenzona.<br \/>\nA los efectos organizativos (distribuci\u00f3n de hinchadas, suministro de pelotas y planilla, etc.) la instituci\u00f3n pig\u00fcense ser\u00e1 local, lo que significa que sus simpatizantes podr\u00e1n utilizar la tribuna del estadio.<br \/>\nLa elecci\u00f3n del \u00e1rbitro para controlar dicho encuentro definitorio fue por sorteo entre Ram\u00f3n Mart\u00ednez (ARA) y Luis Armani (ASA), siendo beneficiado \u00e9ste \u00faltimo, quien contar\u00e1 con la colaboraci\u00f3n de Eladio Haedo y Juan Ariel Ferreyra como jueces asistentes.<br \/>\nEn caso de que el \u00e1rbitro pig\u00fcense sea designado por el Consejo Federal de la A.F.A. para dirigir un partido del Argentino \u201cB\u201d, ser\u00e1 reemplazado por uno proveniente de la ciudad de Olavarr\u00eda, de acuerdo a lo dispuesto el lunes pasado.<br \/>\nVale se\u00f1alar que en caso de empate al cabo de los 90 minutos se definir\u00e1 en forma directa mediante la ejecuci\u00f3n de penales, en tanto que la recaudaci\u00f3n y los gastos son compartidos por ambos clubes.<br \/>\nFixture y detalles del Clausura<br \/>\nEn la reuni\u00f3n semanal del lunes, adem\u00e1s, se dio a conocer el fixture del torneo Clausura (ver aparte), previamente elaborado por el vicepresidente Eduardo Fern\u00e1ndez a los efectos de evitar superposici\u00f3n de partidos en una misma localidad.<br \/>\nEl certamen se jugar\u00e1 con los equipos divididos en 4 zonas, dos de 6 y dos de 5 equipos. En las de 5 equipos se disputar\u00e1n partidos interzonales, que ser\u00e1n los cl\u00e1sicos y en donde el equipo que gane sumar\u00e1 esos tres puntos en su zona.<br \/>\nClasificar\u00e1n los dos primeros de cada zona, que se enfrentar\u00e1n en cuartos, semifinales y final, sin ventaja deportiva y en cancha neutral. El ganador de este torneo deber\u00e1 enfrentarse al ganador del Repechaje del Apertura para definir al segundo finalista del a\u00f1o.<br \/>\nEl \u00faltimo lunes qued\u00f3 establecido c\u00f3mo ser\u00e1n los cruces de cuartos de final. El detalle es el siguiente: 1\u00b0 \u201cA\u201d vs. 2\u00b0 \u201cD\u201d (partido I); 1\u00b0 \u201cD\u201d vs. 2\u00b0 \u201cA\u201d (partido II); 1\u00b0 \u201cB\u201d vs. 2\u00b0 \u201cC\u201d (partido III) y 1\u00b0 \u201cC\u201d vs. 2\u00b0 \u201cB\u201d (partido IV).<br \/>\nEn semifinales, en tanto, confrontar\u00e1n el ganador del partido I con el vencedor del cotejo IV y el triunfador del encuentro II con el ganador del partido III.<br \/>\nEn Reserva, en tanto, s\u00f3lo clasificar\u00e1n los ganadores de cada grupo para disputar las semifinales. En dicha instancia se medir\u00e1n el 1\u00b0 de la \u201cA\u201d vs. el 1\u00b0 de la \u201cD\u201d y el 1\u00b0 de la \u201cB\u201d vs. el 1\u00b0 de la \u201cC\u201d.<br \/>\nFormaliz\u00f3 Independiente<br \/>\nEl Club Atl\u00e9tico Independiente, a trav\u00e9s de una nota, formaliz\u00f3 la solicitud de la reapertura del libro de pases para jugadores que han quedado libres en otras ligas y vuelven a su club de origen.<br \/>\nLa mesa ejecutiva de la Liga les pidi\u00f3 la opini\u00f3n por nota a todos los clubes para adoptar una resoluci\u00f3n en la sesi\u00f3n de la semana que viene.<br \/>\nPara que el pedido prospere se necesita del voto de la mitad m\u00e1s uno de los clubes que participan, es decir 12.<br \/>\nSe pondr\u00e1n al d\u00eda<br \/>\nClub Sarmiento y Uni\u00f3n Pig\u00fc\u00e9 solicitaron y fueron autorizados a jugar los partidos pendientes de inferiores entre ambas entidades que fueron suspendidos el s\u00e1bado pasado por lluvia.<br \/>\nEste mi\u00e9rcoles completar\u00e1n el cotejo de 6\u00aa que fue suspendido a los 15 minutos del primer tiempo, mientras que el mi\u00e9rcoles 26 del corriente disputar\u00e1n el de 5\u00aa. En ambos casos el comienzo se fij\u00f3 para las 17:00.<br \/>\nA prop\u00f3sito de inferiores, qued\u00f3 ratificado que el pr\u00f3ximo s\u00e1bado no habr\u00e1 programaci\u00f3n debido a la celebraci\u00f3n de la Semana del Estudiante.<br \/>\nEl programa del torneo Clausura\u00a0\u00a0\u00a0\u00a0\u00a0<br \/>\n<strong>Zona \u201cA\u201d<\/strong><br \/>\n<strong>Primera fecha<\/strong><br \/>\nSan Mart\u00edn (C) * D. Sarmiento<\/p>\n<ol>\n<li>Huanguel\u00e9n * Tiro Federal (CS)<\/li>\n<\/ol>\n<p>Blanco y Negro * Racing Club<br \/>\n<strong>\u00a0<\/strong><br \/>\n<strong>Segunda fecha<\/strong><br \/>\nBlanco y Negro * San Mart\u00edn (C)<br \/>\nTiro Federal (CS) * D. Sarmiento<br \/>\nRacing Club * Atl\u00e9tico Huanguel\u00e9n<br \/>\n<strong>Tercera fecha<\/strong><br \/>\nSan Mart\u00edn (C) * Tiro Federal (CS)<br \/>\nD. Sarmiento * Racing Club<br \/>\nA. Huanguel\u00e9n * Blanco y Negro<br \/>\n<strong>Cuarta fecha<\/strong><br \/>\nA. Huanguel\u00e9n * San Mart\u00edn (C)<br \/>\nBlanco y Negro * D. Sarmiento<br \/>\nRacing Club * Tiro Federal (CS)<br \/>\n<strong>Quinta fecha<\/strong><br \/>\nSan Mart\u00edn (C) * Racing Club<br \/>\nTiro Federal (CS) * Blanco y Negro<br \/>\nD. Sarmiento * A. Huanguel\u00e9n<br \/>\n<strong>Zona \u201cB\u201d<\/strong><br \/>\n<strong>Primera fecha<\/strong><br \/>\nEl Progreso * E. de Comercio<br \/>\nBoca Juniors * San Mart\u00edn (ST)<br \/>\nPe\u00f1arol (G) * Independiente<br \/>\n<strong>Segunda fecha<\/strong><br \/>\nPe\u00f1arol (G) * El Progreso<br \/>\nIndependiente * Boca Juniors<br \/>\nSan Mart\u00edn (ST) * E. de Comercio<br \/>\n<strong>\u00a0<\/strong><br \/>\n<strong>Tercera fecha<\/strong><br \/>\nEl Progreso * San Mart\u00edn (ST)<br \/>\nE. de Comercio * Independiente<br \/>\nBoca Juniors * Pe\u00f1arol (Guamin\u00ed)<br \/>\n<strong>Cuarta fecha<\/strong><br \/>\nBoca Juniors * El Progreso<br \/>\nPe\u00f1arol (G) * E. de Comercio<br \/>\nIndependiente * San Mart\u00edn (ST)<br \/>\n<strong>Quinta fecha<\/strong><br \/>\nEl Progreso * Independiente<br \/>\nSan Mart\u00edn (ST) * Pe\u00f1arol (G)<br \/>\nE. de Comercio * Boca Juniors<br \/>\n<strong>Zona \u201cC\u201d<\/strong><br \/>\n<strong>Primera fecha<\/strong><br \/>\nSan Mart\u00edn (S) * Puan F. Club<br \/>\nClub Sarmiento * Uni\u00f3n (T)<br \/>\nInterzonal \u201cC\u201d y \u201cD\u201d: D. Argentino * Uni\u00f3n Pig\u00fc\u00e9<br \/>\n<strong>Segunda fecha<\/strong><br \/>\nPuan F. Club * Club Sarmiento<br \/>\nD. Argentino * San Mart\u00edn (S)<br \/>\nInterzonal \u201cC\u201d y \u201cD\u201d: Automoto * Uni\u00f3n (T)<br \/>\n<strong>Tercera fecha<\/strong><br \/>\nClub Sarmiento * D. Argentino<br \/>\nUni\u00f3n (Tornquist) * Puan F. Club<br \/>\nInterzonal \u201cC\u201d y \u201cD\u201d: San Mart\u00edn (S) * Argentino Junior<br \/>\n<strong>Cuarta fecha<\/strong><br \/>\nD. Argentino * Uni\u00f3n (Tornquist)<br \/>\nSan Mart\u00edn (S) * Club Sarmiento<br \/>\nInterzonal \u201cC\u201d y \u201cD\u201d: Tiro Federal (P) * Puan F. Club<br \/>\n<strong>Quinta fecha<\/strong><br \/>\nUni\u00f3n (T) * San Mart\u00edn (S)<br \/>\nPuan F. Club * D. Argentino<br \/>\nInterzonal \u201cC\u201d y \u201cD\u201d: Club Sarmiento * Pe\u00f1arol (P)<br \/>\n<strong>Zona \u201cD\u201d<\/strong><br \/>\n<strong>Primera fecha<\/strong><br \/>\nTiro Federal (P) * Argentino Junior<br \/>\nAutomoto * Pe\u00f1arol (Pig\u00fc\u00e9)<br \/>\n<strong>Segunda fecha<\/strong><br \/>\nPe\u00f1arol (P) * Tiro Federal (Puan)<br \/>\nArgentino Junior * Uni\u00f3n Pig\u00fc\u00e9<br \/>\n<strong>Tercera fecha<\/strong><br \/>\nUni\u00f3n Pig\u00fc\u00e9 * Pe\u00f1arol (Pig\u00fc\u00e9)<br \/>\nTiro Federal (P) * Automoto<br \/>\n<strong>Cuarta fecha<\/strong><br \/>\nAutomoto * Uni\u00f3n Pig\u00fc\u00e9<br \/>\nPe\u00f1arol (P) * Argentino Junior<br \/>\n<strong>Quinta fecha<\/strong><br \/>\nArgentino Junior * Automoto<br \/>\nUni\u00f3n Pig\u00fc\u00e9 * Tiro Federal (P)<br \/>\n<strong>Nota<\/strong>: en la segunda rueda se invierte la condici\u00f3n de local.<\/p>\n","protected":false},"excerpt":{"rendered":"<p>En la cancha del Parque \u201cFelisa Igart\u00faa de Alberdi\u201d del Centro Blanco y Negro se jugar\u00e1 el pr\u00f3ximo domingo, a partir de las 15:30, la final del Repechaje de Primera divisi\u00f3n entre San Mart\u00edn de Santa Trinidad y Pe\u00f1arol de Pig\u00fc\u00e9. As\u00ed lo acordaron dirigentes de ambos clubes en forma previa a la reuni\u00f3n que [&hellip;]<\/p>\n","protected":false},"author":1,"featured_media":0,"comment_status":"closed","ping_status":"open","sticky":false,"template":"","format":"standard","meta":{"footnotes":""},"categories":[60,52],"tags":[],"class_list":["post-8282","post","type-post","status-publish","format-standard","hentry","category-deporte","category-destacadas"],"yoast_head":"<!-- This site is optimized with the Yoast SEO plugin v19.7.1 - https:\/\/yoast.com\/wordpress\/plugins\/seo\/ -->\n<title>LIGA REGIONAL DE FUTBOL: DIERON A CONOCER EL PROGRAMA DEL CLAUSURA - CELTTV<\/title>\n<meta name=\"description\" content=\"Sitio web de noticias de la localidad de Tornquist, provincia de Buenos Aires, Rep\u00fablica Argentina. Contenido propio originado por periodistas de CELTTV, el canal de TV local de la Cooperativa El\u00e9ctrica de Tornquist. Turismo, Pol\u00edtica, Sociedad, Deporte, Cultura y todo el contenido de inter\u00e9s general que la gente del pueblo y la regi\u00f3n debe conocer.\" \/>\n<meta name=\"robots\" content=\"index, follow, max-snippet:-1, max-image-preview:large, max-video-preview:-1\" \/>\n<link rel=\"canonical\" href=\"https:\/\/www.celttv.com.ar\/index.php\/2012\/09\/18\/liga-regional-de-futbol-dieron-a-conocer-el-programa-del-clausura\/\" \/>\n<meta property=\"og:locale\" content=\"es_ES\" \/>\n<meta property=\"og:type\" content=\"article\" \/>\n<meta property=\"og:title\" content=\"LIGA REGIONAL DE FUTBOL: DIERON A CONOCER EL PROGRAMA DEL CLAUSURA - CELTTV\" \/>\n<meta property=\"og:description\" content=\"Sitio web de noticias de la localidad de Tornquist, provincia de Buenos Aires, Rep\u00fablica Argentina. Contenido propio originado por periodistas de CELTTV, el canal de TV local de la Cooperativa El\u00e9ctrica de Tornquist. Turismo, Pol\u00edtica, Sociedad, Deporte, Cultura y todo el contenido de inter\u00e9s general que la gente del pueblo y la regi\u00f3n debe conocer.\" \/>\n<meta property=\"og:url\" content=\"https:\/\/www.celttv.com.ar\/index.php\/2012\/09\/18\/liga-regional-de-futbol-dieron-a-conocer-el-programa-del-clausura\/\" \/>\n<meta property=\"og:site_name\" content=\"CELTTV\" \/>\n<meta property=\"article:publisher\" content=\"https:\/\/www.facebook.com\/celtTV\/\" \/>\n<meta property=\"article:published_time\" content=\"2012-09-18T20:51:31+00:00\" \/>\n<meta property=\"og:image\" content=\"http:\/\/www.tvcnoticias.com.ar\/wp-content\/uploads\/2012\/09\/arco_y_pelota-Medium3.jpg\" \/>\n<meta name=\"author\" content=\"ulises\" \/>\n<meta name=\"twitter:card\" content=\"summary_large_image\" \/>\n<meta name=\"twitter:label1\" content=\"Escrito por\" \/>\n\t<meta name=\"twitter:data1\" content=\"ulises\" \/>\n\t<meta name=\"twitter:label2\" content=\"Tiempo de lectura\" \/>\n\t<meta name=\"twitter:data2\" content=\"5 minutos\" \/>\n<script type=\"application\/ld+json\" class=\"yoast-schema-graph\">{\"@context\":\"https:\/\/schema.org\",\"@graph\":[{\"@type\":\"NewsArticle\",\"@id\":\"https:\/\/www.celttv.com.ar\/index.php\/2012\/09\/18\/liga-regional-de-futbol-dieron-a-conocer-el-programa-del-clausura\/#article\",\"isPartOf\":{\"@id\":\"https:\/\/www.celttv.com.ar\/index.php\/2012\/09\/18\/liga-regional-de-futbol-dieron-a-conocer-el-programa-del-clausura\/\"},\"author\":{\"name\":\"ulises\",\"@id\":\"https:\/\/www.celttv.com.ar\/#\/schema\/person\/6d99c072dba59953809c81446e9d0ace\"},\"headline\":\"LIGA REGIONAL DE FUTBOL: DIERON A CONOCER EL PROGRAMA DEL CLAUSURA\",\"datePublished\":\"2012-09-18T20:51:31+00:00\",\"dateModified\":\"2012-09-18T20:51:31+00:00\",\"mainEntityOfPage\":{\"@id\":\"https:\/\/www.celttv.com.ar\/index.php\/2012\/09\/18\/liga-regional-de-futbol-dieron-a-conocer-el-programa-del-clausura\/\"},\"wordCount\":1070,\"publisher\":{\"@id\":\"https:\/\/www.celttv.com.ar\/#organization\"},\"articleSection\":[\"Deporte\",\"Destacadas\"],\"inLanguage\":\"es\"},{\"@type\":\"WebPage\",\"@id\":\"https:\/\/www.celttv.com.ar\/index.php\/2012\/09\/18\/liga-regional-de-futbol-dieron-a-conocer-el-programa-del-clausura\/\",\"url\":\"https:\/\/www.celttv.com.ar\/index.php\/2012\/09\/18\/liga-regional-de-futbol-dieron-a-conocer-el-programa-del-clausura\/\",\"name\":\"LIGA REGIONAL DE FUTBOL: DIERON A CONOCER EL PROGRAMA DEL CLAUSURA - CELTTV\",\"isPartOf\":{\"@id\":\"https:\/\/www.celttv.com.ar\/#website\"},\"datePublished\":\"2012-09-18T20:51:31+00:00\",\"dateModified\":\"2012-09-18T20:51:31+00:00\",\"description\":\"Sitio web de noticias de la localidad de Tornquist, provincia de Buenos Aires, Rep\u00fablica Argentina. Contenido propio originado por periodistas de CELTTV, el canal de TV local de la Cooperativa El\u00e9ctrica de Tornquist. Turismo, Pol\u00edtica, Sociedad, Deporte, Cultura y todo el contenido de inter\u00e9s general que la gente del pueblo y la regi\u00f3n debe conocer.\",\"breadcrumb\":{\"@id\":\"https:\/\/www.celttv.com.ar\/index.php\/2012\/09\/18\/liga-regional-de-futbol-dieron-a-conocer-el-programa-del-clausura\/#breadcrumb\"},\"inLanguage\":\"es\",\"potentialAction\":[{\"@type\":\"ReadAction\",\"target\":[\"https:\/\/www.celttv.com.ar\/index.php\/2012\/09\/18\/liga-regional-de-futbol-dieron-a-conocer-el-programa-del-clausura\/\"]}]},{\"@type\":\"BreadcrumbList\",\"@id\":\"https:\/\/www.celttv.com.ar\/index.php\/2012\/09\/18\/liga-regional-de-futbol-dieron-a-conocer-el-programa-del-clausura\/#breadcrumb\",\"itemListElement\":[{\"@type\":\"ListItem\",\"position\":1,\"name\":\"Inicio\",\"item\":\"https:\/\/www.celttv.com.ar\/\"},{\"@type\":\"ListItem\",\"position\":2,\"name\":\"LIGA REGIONAL DE FUTBOL: DIERON A CONOCER EL PROGRAMA DEL CLAUSURA\"}]},{\"@type\":\"WebSite\",\"@id\":\"https:\/\/www.celttv.com.ar\/#website\",\"url\":\"https:\/\/www.celttv.com.ar\/\",\"name\":\"CELTTV\",\"description\":\"Cooperativa El\u00e9ctrica de Tornquist\",\"publisher\":{\"@id\":\"https:\/\/www.celttv.com.ar\/#organization\"},\"potentialAction\":[{\"@type\":\"SearchAction\",\"target\":{\"@type\":\"EntryPoint\",\"urlTemplate\":\"https:\/\/www.celttv.com.ar\/?s={search_term_string}\"},\"query-input\":\"required name=search_term_string\"}],\"inLanguage\":\"es\"},{\"@type\":\"Organization\",\"@id\":\"https:\/\/www.celttv.com.ar\/#organization\",\"name\":\"CELTTV\",\"url\":\"https:\/\/www.celttv.com.ar\/\",\"sameAs\":[\"https:\/\/www.youtube.com\/channel\/UCz_oIt8Hig64Ub-EmcNPIhg\",\"https:\/\/www.facebook.com\/celtTV\/\"],\"logo\":{\"@type\":\"ImageObject\",\"inLanguage\":\"es\",\"@id\":\"https:\/\/www.celttv.com.ar\/#\/schema\/logo\/image\/\",\"url\":\"http:\/\/www.celttv.com.ar\/wp-content\/uploads\/2022\/08\/logo-1.png\",\"contentUrl\":\"http:\/\/www.celttv.com.ar\/wp-content\/uploads\/2022\/08\/logo-1.png\",\"width\":461,\"height\":159,\"caption\":\"CELTTV\"},\"image\":{\"@id\":\"https:\/\/www.celttv.com.ar\/#\/schema\/logo\/image\/\"}},{\"@type\":\"Person\",\"@id\":\"https:\/\/www.celttv.com.ar\/#\/schema\/person\/6d99c072dba59953809c81446e9d0ace\",\"name\":\"ulises\",\"image\":{\"@type\":\"ImageObject\",\"inLanguage\":\"es\",\"@id\":\"https:\/\/www.celttv.com.ar\/#\/schema\/person\/image\/\",\"url\":\"https:\/\/secure.gravatar.com\/avatar\/7f2c48bdc33b30088f941fb6082e555f2874c98e20cb159d7b92b50eadfce793?s=96&d=mm&r=g\",\"contentUrl\":\"https:\/\/secure.gravatar.com\/avatar\/7f2c48bdc33b30088f941fb6082e555f2874c98e20cb159d7b92b50eadfce793?s=96&d=mm&r=g\",\"caption\":\"ulises\"},\"sameAs\":[\"http:\/\/www.celttv.com.ar\"]}]}<\/script>\n<!-- \/ Yoast SEO plugin. -->","yoast_head_json":{"title":"LIGA REGIONAL DE FUTBOL: DIERON A CONOCER EL PROGRAMA DEL CLAUSURA - CELTTV","description":"Sitio web de noticias de la localidad de Tornquist, provincia de Buenos Aires, Rep\u00fablica Argentina. Contenido propio originado por periodistas de CELTTV, el canal de TV local de la Cooperativa El\u00e9ctrica de Tornquist. Turismo, Pol\u00edtica, Sociedad, Deporte, Cultura y todo el contenido de inter\u00e9s general que la gente del pueblo y la regi\u00f3n debe conocer.","robots":{"index":"index","follow":"follow","max-snippet":"max-snippet:-1","max-image-preview":"max-image-preview:large","max-video-preview":"max-video-preview:-1"},"canonical":"https:\/\/www.celttv.com.ar\/index.php\/2012\/09\/18\/liga-regional-de-futbol-dieron-a-conocer-el-programa-del-clausura\/","og_locale":"es_ES","og_type":"article","og_title":"LIGA REGIONAL DE FUTBOL: DIERON A CONOCER EL PROGRAMA DEL CLAUSURA - CELTTV","og_description":"Sitio web de noticias de la localidad de Tornquist, provincia de Buenos Aires, Rep\u00fablica Argentina. Contenido propio originado por periodistas de CELTTV, el canal de TV local de la Cooperativa El\u00e9ctrica de Tornquist. Turismo, Pol\u00edtica, Sociedad, Deporte, Cultura y todo el contenido de inter\u00e9s general que la gente del pueblo y la regi\u00f3n debe conocer.","og_url":"https:\/\/www.celttv.com.ar\/index.php\/2012\/09\/18\/liga-regional-de-futbol-dieron-a-conocer-el-programa-del-clausura\/","og_site_name":"CELTTV","article_publisher":"https:\/\/www.facebook.com\/celtTV\/","article_published_time":"2012-09-18T20:51:31+00:00","og_image":[{"url":"http:\/\/www.tvcnoticias.com.ar\/wp-content\/uploads\/2012\/09\/arco_y_pelota-Medium3.jpg"}],"author":"ulises","twitter_card":"summary_large_image","twitter_misc":{"Escrito por":"ulises","Tiempo de lectura":"5 minutos"},"schema":{"@context":"https:\/\/schema.org","@graph":[{"@type":"NewsArticle","@id":"https:\/\/www.celttv.com.ar\/index.php\/2012\/09\/18\/liga-regional-de-futbol-dieron-a-conocer-el-programa-del-clausura\/#article","isPartOf":{"@id":"https:\/\/www.celttv.com.ar\/index.php\/2012\/09\/18\/liga-regional-de-futbol-dieron-a-conocer-el-programa-del-clausura\/"},"author":{"name":"ulises","@id":"https:\/\/www.celttv.com.ar\/#\/schema\/person\/6d99c072dba59953809c81446e9d0ace"},"headline":"LIGA REGIONAL DE FUTBOL: DIERON A CONOCER EL PROGRAMA DEL CLAUSURA","datePublished":"2012-09-18T20:51:31+00:00","dateModified":"2012-09-18T20:51:31+00:00","mainEntityOfPage":{"@id":"https:\/\/www.celttv.com.ar\/index.php\/2012\/09\/18\/liga-regional-de-futbol-dieron-a-conocer-el-programa-del-clausura\/"},"wordCount":1070,"publisher":{"@id":"https:\/\/www.celttv.com.ar\/#organization"},"articleSection":["Deporte","Destacadas"],"inLanguage":"es"},{"@type":"WebPage","@id":"https:\/\/www.celttv.com.ar\/index.php\/2012\/09\/18\/liga-regional-de-futbol-dieron-a-conocer-el-programa-del-clausura\/","url":"https:\/\/www.celttv.com.ar\/index.php\/2012\/09\/18\/liga-regional-de-futbol-dieron-a-conocer-el-programa-del-clausura\/","name":"LIGA REGIONAL DE FUTBOL: DIERON A CONOCER EL PROGRAMA DEL CLAUSURA - CELTTV","isPartOf":{"@id":"https:\/\/www.celttv.com.ar\/#website"},"datePublished":"2012-09-18T20:51:31+00:00","dateModified":"2012-09-18T20:51:31+00:00","description":"Sitio web de noticias de la localidad de Tornquist, provincia de Buenos Aires, Rep\u00fablica Argentina. Contenido propio originado por periodistas de CELTTV, el canal de TV local de la Cooperativa El\u00e9ctrica de Tornquist. Turismo, Pol\u00edtica, Sociedad, Deporte, Cultura y todo el contenido de inter\u00e9s general que la gente del pueblo y la regi\u00f3n debe conocer.","breadcrumb":{"@id":"https:\/\/www.celttv.com.ar\/index.php\/2012\/09\/18\/liga-regional-de-futbol-dieron-a-conocer-el-programa-del-clausura\/#breadcrumb"},"inLanguage":"es","potentialAction":[{"@type":"ReadAction","target":["https:\/\/www.celttv.com.ar\/index.php\/2012\/09\/18\/liga-regional-de-futbol-dieron-a-conocer-el-programa-del-clausura\/"]}]},{"@type":"BreadcrumbList","@id":"https:\/\/www.celttv.com.ar\/index.php\/2012\/09\/18\/liga-regional-de-futbol-dieron-a-conocer-el-programa-del-clausura\/#breadcrumb","itemListElement":[{"@type":"ListItem","position":1,"name":"Inicio","item":"https:\/\/www.celttv.com.ar\/"},{"@type":"ListItem","position":2,"name":"LIGA REGIONAL DE FUTBOL: DIERON A CONOCER EL PROGRAMA DEL CLAUSURA"}]},{"@type":"WebSite","@id":"https:\/\/www.celttv.com.ar\/#website","url":"https:\/\/www.celttv.com.ar\/","name":"CELTTV","description":"Cooperativa El\u00e9ctrica de Tornquist","publisher":{"@id":"https:\/\/www.celttv.com.ar\/#organization"},"potentialAction":[{"@type":"SearchAction","target":{"@type":"EntryPoint","urlTemplate":"https:\/\/www.celttv.com.ar\/?s={search_term_string}"},"query-input":"required name=search_term_string"}],"inLanguage":"es"},{"@type":"Organization","@id":"https:\/\/www.celttv.com.ar\/#organization","name":"CELTTV","url":"https:\/\/www.celttv.com.ar\/","sameAs":["https:\/\/www.youtube.com\/channel\/UCz_oIt8Hig64Ub-EmcNPIhg","https:\/\/www.facebook.com\/celtTV\/"],"logo":{"@type":"ImageObject","inLanguage":"es","@id":"https:\/\/www.celttv.com.ar\/#\/schema\/logo\/image\/","url":"http:\/\/www.celttv.com.ar\/wp-content\/uploads\/2022\/08\/logo-1.png","contentUrl":"http:\/\/www.celttv.com.ar\/wp-content\/uploads\/2022\/08\/logo-1.png","width":461,"height":159,"caption":"CELTTV"},"image":{"@id":"https:\/\/www.celttv.com.ar\/#\/schema\/logo\/image\/"}},{"@type":"Person","@id":"https:\/\/www.celttv.com.ar\/#\/schema\/person\/6d99c072dba59953809c81446e9d0ace","name":"ulises","image":{"@type":"ImageObject","inLanguage":"es","@id":"https:\/\/www.celttv.com.ar\/#\/schema\/person\/image\/","url":"https:\/\/secure.gravatar.com\/avatar\/7f2c48bdc33b30088f941fb6082e555f2874c98e20cb159d7b92b50eadfce793?s=96&d=mm&r=g","contentUrl":"https:\/\/secure.gravatar.com\/avatar\/7f2c48bdc33b30088f941fb6082e555f2874c98e20cb159d7b92b50eadfce793?s=96&d=mm&r=g","caption":"ulises"},"sameAs":["http:\/\/www.celttv.com.ar"]}]}},"_links":{"self":[{"href":"https:\/\/www.celttv.com.ar\/index.php\/wp-json\/wp\/v2\/posts\/8282","targetHints":{"allow":["GET"]}}],"collection":[{"href":"https:\/\/www.celttv.com.ar\/index.php\/wp-json\/wp\/v2\/posts"}],"about":[{"href":"https:\/\/www.celttv.com.ar\/index.php\/wp-json\/wp\/v2\/types\/post"}],"author":[{"embeddable":true,"href":"https:\/\/www.celttv.com.ar\/index.php\/wp-json\/wp\/v2\/users\/1"}],"replies":[{"embeddable":true,"href":"https:\/\/www.celttv.com.ar\/index.php\/wp-json\/wp\/v2\/comments?post=8282"}],"version-history":[{"count":0,"href":"https:\/\/www.celttv.com.ar\/index.php\/wp-json\/wp\/v2\/posts\/8282\/revisions"}],"wp:attachment":[{"href":"https:\/\/www.celttv.com.ar\/index.php\/wp-json\/wp\/v2\/media?parent=8282"}],"wp:term":[{"taxonomy":"category","embeddable":true,"href":"https:\/\/www.celttv.com.ar\/index.php\/wp-json\/wp\/v2\/categories?post=8282"},{"taxonomy":"post_tag","embeddable":true,"href":"https:\/\/www.celttv.com.ar\/index.php\/wp-json\/wp\/v2\/tags?post=8282"}],"curies":[{"name":"wp","href":"https:\/\/api.w.org\/{rel}","templated":true}]}}