{"id":82945,"date":"2024-04-07T22:49:43","date_gmt":"2024-04-08T01:49:43","guid":{"rendered":"https:\/\/www.celttv.com.ar\/?p=82945"},"modified":"2024-04-07T22:49:43","modified_gmt":"2024-04-08T01:49:43","slug":"liga-regional-automoto-se-quedo-con-el-primer-clasico-de-la-temporada-2024-fotos","status":"publish","type":"post","link":"https:\/\/www.celttv.com.ar\/index.php\/2024\/04\/07\/liga-regional-automoto-se-quedo-con-el-primer-clasico-de-la-temporada-2024-fotos\/","title":{"rendered":"Liga Regional: Automoto se qued\u00f3 con el primer cl\u00e1sico de la temporada 2024 (fotos)"},"content":{"rendered":"<p>El primer cl\u00e1sico de la temporada 2024 de la Liga Regional de F\u00fatbol se disputo esta tarde en el estadio Agust\u00edn Ruppel finalizando con victoria de Automoto, por la m\u00ednima diferencia, gracias al tanto convertido por Lautaro Alchao a los 46 minutos de la segunda etapa.<\/p>\n<p>De esta manera el azulgrana dejo sin invicto a Uni\u00f3n que llegaba con tres victorias consecutivas y extendi\u00f3 a doce partidos su racha positiva m\u00e1s larga ante su cl\u00e1sico rival, con ocho victorias y cuatro empates (la m\u00e1s extensa).<\/p>\n<p>El due\u00f1o de casa, dirigido por Sergio Mart\u00ednez, formo con Mirko Lencina; Agust\u00edn Franco (Facundo Villar), Fabricio Di Buo, Justo Zas, Joaqu\u00edn Corval\u00e1n; Nicol\u00e1s Giordano, Mariano Hern\u00e1ndez, Agust\u00edn De Giorgio (Tiziano Gambirassi), Ayrton N\u00fa\u00f1ez; Sebasti\u00e1n Blanco y Nicol\u00e1s Mill\u00e1n (Lautaro Alchao).<\/p>\n<p>La visita, orientado por Julio Rom\u00e1n, sali\u00f3 al campo de juego con Julio Arias; Francisco Callava (Juan Piedrabuena), Nicol\u00e1s Kirof, Manuel Crededio, Benjam\u00edn Dufaur (Nicol\u00e1s Escobar); Maximiliano Banegas, Marcelo Castellanos, Valent\u00edn Lencina (Lautaro Mazzarini), Mat\u00edas Fritz (Cristian Le\u00f3n); Ezequiel Schmidt y Francisco Tourn (Juan Jos\u00e9 Heiland).<\/p>\n<p>En divisi\u00f3n reserva tambi\u00e9n hubo victoria de Automoto pero 2 a 1. Mateo Toy pon\u00eda en ventaja al local, Dylan Aguado lo igualaba transitoriamente y Alejandro Ebertz sellaba el marcador a favor del azulgrana.<\/p>\n<p>Uni\u00f3n finalizo con ocho hombres por las expulsiones de los hermanos Kevin y Dylan Aguado y Alexander Pintos.<\/p>\n<p><strong>El resto de los marcadores de esta tarde fueron (gentileza Diario Nuevo Dia):<\/strong><\/p>\n<p><strong>Zona \u201cA\u201d<\/strong><\/p>\n<p><strong>Empleados de Comercio 1 vs. Atl\u00e9tico Huanguel\u00e9n 0<\/strong><br \/>\nGol. Primer tiempo:\u00a010m. Bruno Schmidt (EdC).<br \/>\nExpulsados. Segundo tiempo:\u00a011m. Agust\u00edn Munaf\u00f3 (AH) y 43m. Benjam\u00edn Gonz\u00e1lez (EdC).<br \/>\n\u00c1rbitro:\u00a0Ricardo Borger.<br \/>\nCancha: \u201cAm\u00e9rico Ruggeri\u201d de Pe\u00f1arol (local Comercio).<br \/>\nReserva: Empleados de Comercio 2 vs. Atl\u00e9tico Huanguel\u00e9n 2.<\/p>\n<p><strong>Club Sarmiento 0 (Arturo Peralta fue titular) vs. Pe\u00f1arol de Pig\u00fc\u00e9 1<\/strong><br \/>\nGol. Segundo tiempo:\u00a03m. Gabriel Mercado (PP).<br \/>\n\u00c1rbitro: Ariel Scotta.<br \/>\nCancha:\u00a0\u201cEduardo Gayraud\u201d (Club Sarmiento).<br \/>\nReserva:\u00a0Club Sarmiento 4 vs. Pe\u00f1arol de Pig\u00fc\u00e9 2.<\/p>\n<p><strong>San Mart\u00edn de Carhu\u00e9 4 vs. Pe\u00f1arol de Guamin\u00ed 0<\/strong><br \/>\nGoles. Primer tiempo:\u00a022m. Mat\u00edas Bravo (SMC) y 28m. Lautaro Beratz (SMC).\u00a0Segundo tiempo:\u00a012m. Leandro Leguizam\u00f3n (SMC) y 16m. Gabino Belleggia (SMC).<br \/>\n\u00c1rbitro:\u00a0Luis Armani.<br \/>\nCancha:\u00a0Carlos \u201cCholo\u201d Laspiur (San Mart\u00edn de Carhu\u00e9).<br \/>\nReserva: San Mart\u00edn (C) 2 vs. Pe\u00f1arol de Guamin\u00ed 2.<\/p>\n<p><strong>Libre: Racing Club<\/strong><\/p>\n<p><strong>Zona \u201cB\u201d<\/strong><\/p>\n<p><strong>Puan Foot-Ball Club 2 vs. San Mart\u00edn (ST) 0<\/strong><br \/>\nGoles. Segundo tiempo:\u00a02m. Juan Russo (PFC) y 51m. Joaqu\u00edn Rivas (PFC).<br \/>\nExpulsados. Segundo tiempo:\u00a055m. Agust\u00edn Kreder (PFC) y Gast\u00f3n Guti\u00e9rrez (SMST).<br \/>\n\u00c1rbitro: Maximiliano Gonz\u00e1lez.<br \/>\nCancha:\u00a0\u201cEvaristo Garc\u00eda\u201d (Puan F. Club).<br \/>\nReserva: Puan Foot-Ball Club 1 vs. San Mart\u00edn (ST) 5.<\/p>\n<p><strong>El Progreso 3 (Juan Manuel Stefanof fue titular) vs. Independiente de San Jos\u00e9 1<\/strong><br \/>\nGoles. Primer tiempo:\u00a04m. Mat\u00edas Ortelli (EP); 13m. Mat\u00edas Suppes (I) y 15m. Cristian Palacio (EP).\u00a0Segundo tiempo:\u00a04m. Mat\u00edas Ortelli (EP).<br \/>\nExpulsado. Segundo tiempo:\u00a036m. Emiliano Aliberti (I).<br \/>\n\u00c1rbitro:\u00a0Walter Vargas.<br \/>\nCancha:\u00a0\u201c21 de Agosto\u201d (El Progreso).<br \/>\nReserva:\u00a0El Progreso 1 vs. Independiente de San Jos\u00e9 1.<\/p>\n<p><strong>Deportivo Rivera 3 vs. Tiro Federal de Puan 0<\/strong><br \/>\nGoles. Primer tiempo:\u00a03m. Facundo Rapetti (DR); 26m. Lucas Parodi (DR).\u00a0Segundo tiempo:\u00a045m. Augusto Slobodianinck (DR).<br \/>\n\u00c1rbitro:\u00a0Germ\u00e1n Valenzuela.<br \/>\nCancha: \u201cLuis Slobodianinck\u201d (Deportivo Rivera).<br \/>\nReserva:\u00a0Deportivo Rivera 1 vs. Tiro Federal de Puan 0.<\/p>\n<p><strong>Libre: Independiente de Rivera<\/strong><\/p>\n<p><strong>Zona \u201cC\u201d<\/strong><\/p>\n<p><strong>Deportivo Sarmiento 1 vs. Boca Juniors 3<\/strong><br \/>\nGoles. Primer tiempo:\u00a03m. Santiago Battos (DS), en contra; 17m. Jonathan Streitenberger (BJ) y 43m. Bruno Rohvein (BJ).\u00a0Segundo tiempo:\u00a047m. Gonzalo Cendra (DS).<br \/>\n\u00c1rbitro:\u00a0Luis Mar\u00edn.<br \/>\nCancha:\u00a0Parque \u201cJuan Emilio Bove\u201d (D. Sarmiento).<br \/>\nReserva:\u00a0Deportivo Sarmiento 3 vs. Boca Juniors 1.<\/p>\n<p><strong>Uni\u00f3n Pig\u00fc\u00e9 3 vs. Blanco y Negro 2<\/strong><br \/>\nGoles. Primer tiempo: 19m. Mat\u00edas Troncoso (UP), de penal; 43m. Manuel Di Rocca (ByN); 46m. Marco Palma (UP) y 48m. Ayrton Matto (UP).\u00a0Segundo tiempo: 32m. Santiago Heintz (ByN).<br \/>\n\u00c1rbitro: Diego De la Canal.<br \/>\nCancha:\u00a0\u201cHumberto Petrelli\u201d (Uni\u00f3n Pig\u00fc\u00e9).<br \/>\nReserva: Uni\u00f3n Pig\u00fc\u00e9 0 vs. Blanco y Negro 2.<\/p>\n<p><strong>Libre: Deportivo Argentino<\/strong><\/p>\n<p>Informe <strong>DEPOR TORNQUIST<\/strong><\/p>\n<p><strong>Fotos secuencia: JULIO GAGINI<\/strong><\/p>\n<p><img loading=\"lazy\" decoding=\"async\" class=\"alignnone wp-image-82946 size-large\" src=\"https:\/\/www.celttv.com.ar\/wp-content\/uploads\/2024\/04\/1-1024x681.jpg\" alt=\"\" width=\"1024\" height=\"681\" srcset=\"https:\/\/www.celttv.com.ar\/wp-content\/uploads\/2024\/04\/1-1024x681.jpg 1024w, https:\/\/www.celttv.com.ar\/wp-content\/uploads\/2024\/04\/1-300x200.jpg 300w, https:\/\/www.celttv.com.ar\/wp-content\/uploads\/2024\/04\/1-768x511.jpg 768w, https:\/\/www.celttv.com.ar\/wp-content\/uploads\/2024\/04\/1-1536x1021.jpg 1536w, https:\/\/www.celttv.com.ar\/wp-content\/uploads\/2024\/04\/1-750x499.jpg 750w, https:\/\/www.celttv.com.ar\/wp-content\/uploads\/2024\/04\/1-1140x758.jpg 1140w, https:\/\/www.celttv.com.ar\/wp-content\/uploads\/2024\/04\/1.jpg 1600w\" sizes=\"auto, (max-width: 1024px) 100vw, 1024px\" \/> <img loading=\"lazy\" decoding=\"async\" class=\"alignnone wp-image-82947 size-large\" src=\"https:\/\/www.celttv.com.ar\/wp-content\/uploads\/2024\/04\/2-1024x681.jpg\" alt=\"\" width=\"1024\" height=\"681\" srcset=\"https:\/\/www.celttv.com.ar\/wp-content\/uploads\/2024\/04\/2-1024x681.jpg 1024w, https:\/\/www.celttv.com.ar\/wp-content\/uploads\/2024\/04\/2-300x200.jpg 300w, https:\/\/www.celttv.com.ar\/wp-content\/uploads\/2024\/04\/2-768x511.jpg 768w, https:\/\/www.celttv.com.ar\/wp-content\/uploads\/2024\/04\/2-1536x1021.jpg 1536w, https:\/\/www.celttv.com.ar\/wp-content\/uploads\/2024\/04\/2-750x499.jpg 750w, https:\/\/www.celttv.com.ar\/wp-content\/uploads\/2024\/04\/2-1140x758.jpg 1140w, https:\/\/www.celttv.com.ar\/wp-content\/uploads\/2024\/04\/2.jpg 1600w\" sizes=\"auto, (max-width: 1024px) 100vw, 1024px\" \/> <img loading=\"lazy\" decoding=\"async\" class=\"alignnone wp-image-82948 size-large\" src=\"https:\/\/www.celttv.com.ar\/wp-content\/uploads\/2024\/04\/3-1024x681.jpg\" alt=\"\" width=\"1024\" height=\"681\" srcset=\"https:\/\/www.celttv.com.ar\/wp-content\/uploads\/2024\/04\/3-1024x681.jpg 1024w, https:\/\/www.celttv.com.ar\/wp-content\/uploads\/2024\/04\/3-300x200.jpg 300w, https:\/\/www.celttv.com.ar\/wp-content\/uploads\/2024\/04\/3-768x511.jpg 768w, https:\/\/www.celttv.com.ar\/wp-content\/uploads\/2024\/04\/3-1536x1021.jpg 1536w, https:\/\/www.celttv.com.ar\/wp-content\/uploads\/2024\/04\/3-750x499.jpg 750w, https:\/\/www.celttv.com.ar\/wp-content\/uploads\/2024\/04\/3-1140x758.jpg 1140w, https:\/\/www.celttv.com.ar\/wp-content\/uploads\/2024\/04\/3.jpg 1600w\" sizes=\"auto, (max-width: 1024px) 100vw, 1024px\" \/> <img loading=\"lazy\" decoding=\"async\" class=\"alignnone wp-image-82949 size-large\" src=\"https:\/\/www.celttv.com.ar\/wp-content\/uploads\/2024\/04\/4-1024x681.jpg\" alt=\"\" width=\"1024\" height=\"681\" srcset=\"https:\/\/www.celttv.com.ar\/wp-content\/uploads\/2024\/04\/4-1024x681.jpg 1024w, https:\/\/www.celttv.com.ar\/wp-content\/uploads\/2024\/04\/4-300x200.jpg 300w, https:\/\/www.celttv.com.ar\/wp-content\/uploads\/2024\/04\/4-768x511.jpg 768w, https:\/\/www.celttv.com.ar\/wp-content\/uploads\/2024\/04\/4-1536x1021.jpg 1536w, https:\/\/www.celttv.com.ar\/wp-content\/uploads\/2024\/04\/4-750x499.jpg 750w, https:\/\/www.celttv.com.ar\/wp-content\/uploads\/2024\/04\/4-1140x758.jpg 1140w, https:\/\/www.celttv.com.ar\/wp-content\/uploads\/2024\/04\/4.jpg 1600w\" sizes=\"auto, (max-width: 1024px) 100vw, 1024px\" \/> <img loading=\"lazy\" decoding=\"async\" class=\"alignnone wp-image-82950 size-large\" src=\"https:\/\/www.celttv.com.ar\/wp-content\/uploads\/2024\/04\/5-1024x681.jpg\" alt=\"\" width=\"1024\" height=\"681\" srcset=\"https:\/\/www.celttv.com.ar\/wp-content\/uploads\/2024\/04\/5-1024x681.jpg 1024w, https:\/\/www.celttv.com.ar\/wp-content\/uploads\/2024\/04\/5-300x200.jpg 300w, https:\/\/www.celttv.com.ar\/wp-content\/uploads\/2024\/04\/5-768x511.jpg 768w, https:\/\/www.celttv.com.ar\/wp-content\/uploads\/2024\/04\/5-1536x1021.jpg 1536w, https:\/\/www.celttv.com.ar\/wp-content\/uploads\/2024\/04\/5-750x499.jpg 750w, https:\/\/www.celttv.com.ar\/wp-content\/uploads\/2024\/04\/5-1140x758.jpg 1140w, https:\/\/www.celttv.com.ar\/wp-content\/uploads\/2024\/04\/5.jpg 1600w\" sizes=\"auto, (max-width: 1024px) 100vw, 1024px\" \/> <img loading=\"lazy\" decoding=\"async\" class=\"alignnone wp-image-82951 size-large\" src=\"https:\/\/www.celttv.com.ar\/wp-content\/uploads\/2024\/04\/6-1024x681.jpg\" alt=\"\" width=\"1024\" height=\"681\" srcset=\"https:\/\/www.celttv.com.ar\/wp-content\/uploads\/2024\/04\/6-1024x681.jpg 1024w, https:\/\/www.celttv.com.ar\/wp-content\/uploads\/2024\/04\/6-300x200.jpg 300w, https:\/\/www.celttv.com.ar\/wp-content\/uploads\/2024\/04\/6-768x511.jpg 768w, https:\/\/www.celttv.com.ar\/wp-content\/uploads\/2024\/04\/6-1536x1021.jpg 1536w, https:\/\/www.celttv.com.ar\/wp-content\/uploads\/2024\/04\/6-750x499.jpg 750w, https:\/\/www.celttv.com.ar\/wp-content\/uploads\/2024\/04\/6-1140x758.jpg 1140w, https:\/\/www.celttv.com.ar\/wp-content\/uploads\/2024\/04\/6.jpg 1600w\" sizes=\"auto, (max-width: 1024px) 100vw, 1024px\" \/> <img loading=\"lazy\" decoding=\"async\" class=\"alignnone wp-image-82952 size-large\" src=\"https:\/\/www.celttv.com.ar\/wp-content\/uploads\/2024\/04\/7-1024x681.jpg\" alt=\"\" width=\"1024\" height=\"681\" srcset=\"https:\/\/www.celttv.com.ar\/wp-content\/uploads\/2024\/04\/7-1024x681.jpg 1024w, https:\/\/www.celttv.com.ar\/wp-content\/uploads\/2024\/04\/7-300x200.jpg 300w, https:\/\/www.celttv.com.ar\/wp-content\/uploads\/2024\/04\/7-768x511.jpg 768w, https:\/\/www.celttv.com.ar\/wp-content\/uploads\/2024\/04\/7-1536x1021.jpg 1536w, https:\/\/www.celttv.com.ar\/wp-content\/uploads\/2024\/04\/7-750x499.jpg 750w, https:\/\/www.celttv.com.ar\/wp-content\/uploads\/2024\/04\/7-1140x758.jpg 1140w, https:\/\/www.celttv.com.ar\/wp-content\/uploads\/2024\/04\/7.jpg 1600w\" sizes=\"auto, (max-width: 1024px) 100vw, 1024px\" \/> <img loading=\"lazy\" decoding=\"async\" class=\"alignnone wp-image-82953 size-large\" src=\"https:\/\/www.celttv.com.ar\/wp-content\/uploads\/2024\/04\/8-1024x681.jpg\" alt=\"\" width=\"1024\" height=\"681\" srcset=\"https:\/\/www.celttv.com.ar\/wp-content\/uploads\/2024\/04\/8-1024x681.jpg 1024w, https:\/\/www.celttv.com.ar\/wp-content\/uploads\/2024\/04\/8-300x200.jpg 300w, https:\/\/www.celttv.com.ar\/wp-content\/uploads\/2024\/04\/8-768x511.jpg 768w, https:\/\/www.celttv.com.ar\/wp-content\/uploads\/2024\/04\/8-1536x1021.jpg 1536w, https:\/\/www.celttv.com.ar\/wp-content\/uploads\/2024\/04\/8-750x499.jpg 750w, https:\/\/www.celttv.com.ar\/wp-content\/uploads\/2024\/04\/8-1140x758.jpg 1140w, https:\/\/www.celttv.com.ar\/wp-content\/uploads\/2024\/04\/8.jpg 1600w\" sizes=\"auto, (max-width: 1024px) 100vw, 1024px\" \/> <img loading=\"lazy\" decoding=\"async\" class=\"alignnone wp-image-82954 size-large\" src=\"https:\/\/www.celttv.com.ar\/wp-content\/uploads\/2024\/04\/9-1024x681.jpg\" alt=\"\" width=\"1024\" height=\"681\" srcset=\"https:\/\/www.celttv.com.ar\/wp-content\/uploads\/2024\/04\/9-1024x681.jpg 1024w, https:\/\/www.celttv.com.ar\/wp-content\/uploads\/2024\/04\/9-300x200.jpg 300w, https:\/\/www.celttv.com.ar\/wp-content\/uploads\/2024\/04\/9-768x511.jpg 768w, https:\/\/www.celttv.com.ar\/wp-content\/uploads\/2024\/04\/9-1536x1021.jpg 1536w, https:\/\/www.celttv.com.ar\/wp-content\/uploads\/2024\/04\/9-750x499.jpg 750w, https:\/\/www.celttv.com.ar\/wp-content\/uploads\/2024\/04\/9-1140x758.jpg 1140w, https:\/\/www.celttv.com.ar\/wp-content\/uploads\/2024\/04\/9.jpg 1600w\" sizes=\"auto, (max-width: 1024px) 100vw, 1024px\" \/> <img loading=\"lazy\" decoding=\"async\" class=\"alignnone wp-image-82955 size-large\" src=\"https:\/\/www.celttv.com.ar\/wp-content\/uploads\/2024\/04\/10-1024x681.jpg\" alt=\"\" width=\"1024\" height=\"681\" srcset=\"https:\/\/www.celttv.com.ar\/wp-content\/uploads\/2024\/04\/10-1024x681.jpg 1024w, https:\/\/www.celttv.com.ar\/wp-content\/uploads\/2024\/04\/10-300x200.jpg 300w, https:\/\/www.celttv.com.ar\/wp-content\/uploads\/2024\/04\/10-768x511.jpg 768w, https:\/\/www.celttv.com.ar\/wp-content\/uploads\/2024\/04\/10-1536x1021.jpg 1536w, https:\/\/www.celttv.com.ar\/wp-content\/uploads\/2024\/04\/10-750x499.jpg 750w, https:\/\/www.celttv.com.ar\/wp-content\/uploads\/2024\/04\/10-1140x758.jpg 1140w, https:\/\/www.celttv.com.ar\/wp-content\/uploads\/2024\/04\/10.jpg 1600w\" sizes=\"auto, (max-width: 1024px) 100vw, 1024px\" \/> <img loading=\"lazy\" decoding=\"async\" class=\"alignnone wp-image-82956 size-large\" src=\"https:\/\/www.celttv.com.ar\/wp-content\/uploads\/2024\/04\/11-1024x681.jpg\" alt=\"\" width=\"1024\" height=\"681\" srcset=\"https:\/\/www.celttv.com.ar\/wp-content\/uploads\/2024\/04\/11-1024x681.jpg 1024w, https:\/\/www.celttv.com.ar\/wp-content\/uploads\/2024\/04\/11-300x200.jpg 300w, https:\/\/www.celttv.com.ar\/wp-content\/uploads\/2024\/04\/11-768x511.jpg 768w, https:\/\/www.celttv.com.ar\/wp-content\/uploads\/2024\/04\/11-1536x1021.jpg 1536w, https:\/\/www.celttv.com.ar\/wp-content\/uploads\/2024\/04\/11-750x499.jpg 750w, https:\/\/www.celttv.com.ar\/wp-content\/uploads\/2024\/04\/11-1140x758.jpg 1140w, https:\/\/www.celttv.com.ar\/wp-content\/uploads\/2024\/04\/11.jpg 1600w\" sizes=\"auto, (max-width: 1024px) 100vw, 1024px\" \/> <img loading=\"lazy\" decoding=\"async\" class=\"alignnone wp-image-82957 size-large\" src=\"https:\/\/www.celttv.com.ar\/wp-content\/uploads\/2024\/04\/12-1024x681.jpg\" alt=\"\" width=\"1024\" height=\"681\" srcset=\"https:\/\/www.celttv.com.ar\/wp-content\/uploads\/2024\/04\/12-1024x681.jpg 1024w, https:\/\/www.celttv.com.ar\/wp-content\/uploads\/2024\/04\/12-300x200.jpg 300w, https:\/\/www.celttv.com.ar\/wp-content\/uploads\/2024\/04\/12-768x511.jpg 768w, https:\/\/www.celttv.com.ar\/wp-content\/uploads\/2024\/04\/12-1536x1021.jpg 1536w, https:\/\/www.celttv.com.ar\/wp-content\/uploads\/2024\/04\/12-750x499.jpg 750w, https:\/\/www.celttv.com.ar\/wp-content\/uploads\/2024\/04\/12-1140x758.jpg 1140w, https:\/\/www.celttv.com.ar\/wp-content\/uploads\/2024\/04\/12.jpg 1600w\" sizes=\"auto, (max-width: 1024px) 100vw, 1024px\" \/> <img loading=\"lazy\" decoding=\"async\" class=\"alignnone wp-image-82958 size-large\" src=\"https:\/\/www.celttv.com.ar\/wp-content\/uploads\/2024\/04\/13-1024x681.jpg\" alt=\"\" width=\"1024\" height=\"681\" srcset=\"https:\/\/www.celttv.com.ar\/wp-content\/uploads\/2024\/04\/13-1024x681.jpg 1024w, https:\/\/www.celttv.com.ar\/wp-content\/uploads\/2024\/04\/13-300x200.jpg 300w, https:\/\/www.celttv.com.ar\/wp-content\/uploads\/2024\/04\/13-768x511.jpg 768w, https:\/\/www.celttv.com.ar\/wp-content\/uploads\/2024\/04\/13-1536x1021.jpg 1536w, https:\/\/www.celttv.com.ar\/wp-content\/uploads\/2024\/04\/13-750x499.jpg 750w, https:\/\/www.celttv.com.ar\/wp-content\/uploads\/2024\/04\/13-1140x758.jpg 1140w, https:\/\/www.celttv.com.ar\/wp-content\/uploads\/2024\/04\/13.jpg 1600w\" sizes=\"auto, (max-width: 1024px) 100vw, 1024px\" \/><\/p>\n<p>&nbsp;<\/p>\n<p>&nbsp;<\/p>\n<p><strong>Las posiciones de Primera<\/strong><\/p>\n<p><strong>Zona \u201cA\u201d<\/strong><\/p>\n<p><strong>Equipo \u00a0 \u00a0 \u00a0Pts \u00a0 \u00a0PJ \u00a0 \u00a0G \u00a0 \u00a0 \u00a0E \u00a0 \u00a0 \u00a0 P \u00a0 \u00a0 \u00a0 Gf \u00a0 \u00a0 Gc<\/strong><\/p>\n<p>San Mart\u00edn (C)<strong>\u00a0\u00a0 13 \u00a0\u00a0<\/strong>\u00a0 5 \u00a0 \u00a0 \u00a0 4 \u00a0 \u00a0 \u00a0 1 \u00a0 \u00a0 \u00a0 0 \u00a0 \u00a0 \u00a0 11 \u00a0 \u00a0 4<br \/>\nPe\u00f1arol de Pig\u00fc\u00e9 \u00a0 \u00a0 \u00a0 \u00a0\u00a0<strong>6 \u00a0<\/strong>\u00a0\u00a0 \u00a0 4 \u00a0 \u00a0 \u00a0 1 \u00a0 \u00a0 \u00a0 3 \u00a0 \u00a0 \u00a0 0 \u00a0 \u00a0 \u00a0 2 \u00a0 \u00a0 \u00a0 1<br \/>\nE. de Comercio \u00a0<strong>6 \u00a0<\/strong>\u00a0\u00a0 \u00a0 4 \u00a0 \u00a0 \u00a0 2 \u00a0 \u00a0 \u00a0 0 \u00a0 \u00a0 \u00a0 2 \u00a0 \u00a0 \u00a0 4 \u00a0 \u00a0 \u00a0 6<br \/>\nRacing Club \u00a0 \u00a0\u00a0<strong>\u00a0 5\u00a0<\/strong>\u00a0 \u00a0 \u00a0 4 \u00a0 \u00a0 \u00a0 1 \u00a0 \u00a0 \u00a0 2 \u00a0 \u00a0 \u00a0 1 \u00a0 \u00a0 \u00a0 6 \u00a0 \u00a0 \u00a0 4<br \/>\nClub Sarmiento<strong>\u00a04 \u00a0\u00a0<\/strong>\u00a0 \u00a0 4 \u00a0 \u00a0 \u00a0 1 \u00a0 \u00a0 \u00a0 1 \u00a0 \u00a0 \u00a0 2 \u00a0 \u00a0 \u00a0 1 \u00a0 \u00a0 \u00a0 2<br \/>\nA. Huanguel\u00e9n \u00a0<strong>\u00a04 \u00a0<\/strong>\u00a0\u00a0 \u00a0 5 \u00a0 \u00a0 \u00a0 1 \u00a0 \u00a0 \u00a0 1 \u00a0 \u00a0 \u00a0 3 \u00a0 \u00a0 \u00a0 4 \u00a0 \u00a0 \u00a0 5<br \/>\nPe\u00f1arol (Guamin\u00ed) \u00a0 \u00a0\u00a0<strong>\u00a02\u00a0<\/strong>\u00a0 \u00a0 \u00a0 4 \u00a0 \u00a0 \u00a0 0 \u00a0 \u00a0 \u00a0 2 \u00a0 \u00a0 \u00a0 2 \u00a0 \u00a0 \u00a0 2 \u00a0 \u00a0 \u00a0 8<\/p>\n<p><strong>Zona \u201cB\u201d<\/strong><\/p>\n<p><strong>Equipo\u00a0 \u00a0 \u00a0 \u00a0 \u00a0 \u00a0 \u00a0 \u00a0 \u00a0 \u00a0 \u00a0 \u00a0 \u00a0 Pts \u00a0 \u00a0PJ \u00a0 \u00a0G \u00a0 \u00a0 \u00a0E \u00a0 \u00a0 \u00a0 P \u00a0 \u00a0 \u00a0 Gf \u00a0 \u00a0 Gc<\/strong><\/p>\n<p>El Progreso\u00a0 \u00a0 \u00a0 \u00a0 \u00a0 \u00a0 \u00a0 \u00a0 \u00a0 \u00a0 <strong>10\u00a0<\/strong>\u00a0 \u00a0 4 \u00a0 \u00a0 \u00a0 3 \u00a0 \u00a0 \u00a0 1 \u00a0 \u00a0 \u00a0 0 \u00a0 \u00a0 \u00a0 8 \u00a0 \u00a0 \u00a0 3<br \/>\nIndependiente (SJ)\u00a0 \u00a0 \u00a0 \u00a0 \u00a0<strong>7 \u00a0\u00a0<\/strong>\u00a0 \u00a0 4 \u00a0 \u00a0 \u00a0 2 \u00a0 \u00a0 \u00a0 1 \u00a0 \u00a0 \u00a0 1 \u00a0 \u00a0 \u00a0 9 \u00a0 \u00a0 \u00a0 9<br \/>\nDeportivo Rivera\u00a0 \u00a0 \u00a0 \u00a0 \u00a0 \u00a0 <strong>7 \u00a0<\/strong>\u00a0\u00a0 \u00a0 5 \u00a0 \u00a0 \u00a0 2 \u00a0 \u00a0 \u00a0 1 \u00a0 \u00a0 \u00a0 2 \u00a0 \u00a0 \u00a0 10 \u00a0 \u00a0 6<br \/>\nIndependiente (R)\u00a0 \u00a0 \u00a0 \u00a0 \u00a0 <strong>6<\/strong>\u00a0\u00a0 \u00a0 \u00a0 4 \u00a0 \u00a0 \u00a0 1 \u00a0 \u00a0 \u00a0 3 \u00a0 \u00a0 \u00a0 0 \u00a0 \u00a0 \u00a0 5 \u00a0 \u00a0 \u00a0 3<br \/>\nTiro Federal (P)\u00a0 \u00a0 \u00a0 \u00a0 \u00a0 \u00a0 \u00a0 \u00a0<strong>5\u00a0<\/strong>\u00a0 \u00a0 \u00a0 4 \u00a0 \u00a0 \u00a0 1 \u00a0 \u00a0 \u00a0 2 \u00a0 \u00a0 \u00a0 1 \u00a0 \u00a0 \u00a0 6 \u00a0 \u00a0 \u00a0 6<br \/>\nPuan F. Club \u00a0 \u00a0<strong>\u00a0 \u00a0 \u00a0 \u00a0 \u00a0 \u00a0 \u00a0 \u00a03 \u00a0<\/strong>\u00a0\u00a0 \u00a0 4 \u00a0 \u00a0 \u00a0 1 \u00a0 \u00a0 \u00a0 0 \u00a0 \u00a0 \u00a0 3 \u00a0 \u00a0 \u00a0 3 \u00a0 \u00a0 \u00a0 8<br \/>\nSan Mart\u00edn (ST)<strong>\u00a0 \u00a0 \u00a0 \u00a0 \u00a0 \u00a0 \u00a0 3 <\/strong>\u00a0 \u00a0 \u00a0 5 \u00a0 \u00a0 \u00a0 1 \u00a0 \u00a0 \u00a0 0 \u00a0 \u00a0 \u00a0 4 \u00a0 \u00a0 \u00a0 6 \u00a0 \u00a0 \u00a0 12<\/p>\n<p><strong>Zona \u201cC\u201d<\/strong><\/p>\n<p><strong>Equipo\u00a0 \u00a0 \u00a0 \u00a0 \u00a0 \u00a0 \u00a0 \u00a0 \u00a0 \u00a0 \u00a0 \u00a0 Pts \u00a0 \u00a0PJ \u00a0 \u00a0G \u00a0 \u00a0 \u00a0E \u00a0 \u00a0 \u00a0 P \u00a0 \u00a0 \u00a0 Gf \u00a0 \u00a0 Gc<\/strong><\/p>\n<p><em><strong>Uni\u00f3n (Tornquist) \u00a0 \u00a0 \u00a09 \u00a0\u00a0\u00a0 \u00a0 4 \u00a0 \u00a0 \u00a0 3 \u00a0 \u00a0 \u00a0 0 \u00a0 \u00a0 \u00a0 1 \u00a0 \u00a0 \u00a0 7 \u00a0 \u00a0 \u00a0 3<\/strong><\/em><br \/>\nUni\u00f3n Pig\u00fc\u00e9\u00a0 \u00a0 \u00a0 \u00a0 \u00a0 \u00a0 \u00a0 <strong>\u00a09\u00a0<\/strong>\u00a0 \u00a0 \u00a0 5 \u00a0 \u00a0 \u00a0 3 \u00a0 \u00a0 \u00a0 0 \u00a0 \u00a0 \u00a0 2 \u00a0 \u00a0 \u00a0 9 \u00a0 \u00a0 \u00a0 8<br \/>\n<em><strong>Automoto\u00a0 \u00a0 \u00a0 \u00a0 \u00a0 \u00a0 \u00a0 \u00a0 \u00a07\u00a0\u00a0 \u00a0 \u00a0 4 \u00a0 \u00a0 \u00a0 2 \u00a0 \u00a0 \u00a0 1 \u00a0 \u00a0 \u00a0 1 \u00a0 \u00a0 \u00a0 3 \u00a0 \u00a0 \u00a0 2<\/strong><\/em><br \/>\nD. Argentino\u00a0 \u00a0 \u00a0 \u00a0 \u00a0 \u00a0 \u00a0<strong>\u00a06\u00a0<\/strong>\u00a0 \u00a0 \u00a0 4 \u00a0 \u00a0 \u00a0 2 \u00a0 \u00a0 \u00a0 0 \u00a0 \u00a0 \u00a0 2 \u00a0 \u00a0 \u00a0 10 \u00a0 \u00a0 6<br \/>\nBlanco y Negro\u00a0<strong>\u00a0 \u00a0 \u00a0 \u00a0 6 \u00a0<\/strong>\u00a0\u00a0 \u00a0 4 \u00a0 \u00a0 \u00a0 2 \u00a0 \u00a0 \u00a0 0 \u00a0 \u00a0 \u00a0 2 \u00a0 \u00a0 \u00a0 4 \u00a0 \u00a0 \u00a0 5<br \/>\nBoca Juniors\u00a0 \u00a0 \u00a0 \u00a0 \u00a0 \u00a0 \u00a0<strong>6\u00a0<\/strong>\u00a0 \u00a0 \u00a0 5 \u00a0 \u00a0 \u00a0 2 \u00a0 \u00a0 \u00a0 0 \u00a0 \u00a0 \u00a0 3 \u00a0 \u00a0 \u00a0 5 \u00a0 \u00a0 \u00a0 4<br \/>\nD. Sarmiento \u00a0 \u00a0\u00a0<strong>\u00a0 \u00a0 \u00a0 \u00a0 1 <\/strong>\u00a0 \u00a0 \u00a0 4 \u00a0 \u00a0 \u00a0 0 \u00a0 \u00a0 \u00a0 1 \u00a0 \u00a0 \u00a0 3 \u00a0 \u00a0 \u00a0 3 \u00a0 \u00a0 \u00a0 13<\/p>\n<p><strong>Principales goleadores de Primera<\/strong><\/p>\n<ul>\n<li>Cristian Roth (Independiente -SJ-) \u00a0 \u00a0 \u00a0 4<\/li>\n<li>Facundo Cabral (D. Argentino) \u00a0 4<\/li>\n<li>Tom\u00e1s Prost (D. Argentino) \u00a0 \u00a0 \u00a0 \u00a0 4<\/li>\n<li>Emiliano Aliberti (Independiente -SJ-) \u00a0 \u00a0 \u00a0 \u00a0 \u00a03<\/li>\n<li>Mat\u00edas Bravo (San Mart\u00edn -C-) \u00a0 \u00a03<\/li>\n<li>Facundo Rapetti (Deportivo Rivera) \u00a0 \u00a03<\/li>\n<li>Leandro Leguizam\u00f3n (San Mart\u00edn -C-) 3<\/li>\n<\/ul>\n<p><strong>Las posiciones de Reserva<\/strong><\/p>\n<p><strong>Zona \u201cA\u201d<\/strong><\/p>\n<p><strong>Equipo \u00a0 \u00a0 \u00a0Pts \u00a0 \u00a0PJ \u00a0 \u00a0G \u00a0 \u00a0 \u00a0E \u00a0 \u00a0 \u00a0 P \u00a0 \u00a0 \u00a0 Gf \u00a0 \u00a0 Gc<\/strong><\/p>\n<p>Racing Club<strong>\u00a0\u00a0 \u00a0 \u00a0 8 \u00a0\u00a0<\/strong>\u00a0 \u00a0 4 \u00a0 \u00a0 \u00a0 2 \u00a0 \u00a0 \u00a0 2 \u00a0 \u00a0 \u00a0 0 \u00a0 \u00a0 \u00a0 10 \u00a0 \u00a0 4<br \/>\nClub Sarmiento<strong>\u00a08 \u00a0<\/strong>\u00a0\u00a0 \u00a0 4 \u00a0 \u00a0 \u00a0 2 \u00a0 \u00a0 \u00a0 2 \u00a0 \u00a0 \u00a0 0 \u00a0 \u00a0 \u00a0 10 \u00a0 \u00a0 6<br \/>\nSan Mart\u00edn (C) \u00a0\u00a0<strong>8\u00a0<\/strong>\u00a0 \u00a0 \u00a0 5 \u00a0 \u00a0 \u00a0 2 \u00a0 \u00a0 \u00a0 2 \u00a0 \u00a0 \u00a0 1 \u00a0 \u00a0 \u00a0 10 \u00a0 \u00a0 9<br \/>\nPe\u00f1arol (Pig\u00fc\u00e9) \u00a0<strong>7 \u00a0<\/strong>\u00a0\u00a0 \u00a0 4 \u00a0 \u00a0 \u00a0 2 \u00a0 \u00a0 \u00a0 1 \u00a0 \u00a0 \u00a0 1 \u00a0 \u00a0 \u00a0 11 \u00a0 \u00a0 7<br \/>\nA. Huanguel\u00e9n\u00a0<strong>\u00a0 4 \u00a0<\/strong>\u00a0\u00a0 \u00a0 5 \u00a0 \u00a0 \u00a0 1 \u00a0 \u00a0 \u00a0 1 \u00a0 \u00a0 \u00a0 3 \u00a0 \u00a0 \u00a0 9 \u00a0 \u00a0 \u00a0 9<br \/>\nE. de Comercio \u00a0<strong>3 \u00a0<\/strong>\u00a0\u00a0 \u00a0 4 \u00a0 \u00a0 \u00a0 0 \u00a0 \u00a0 \u00a0 3 \u00a0 \u00a0 \u00a0 1 \u00a0 \u00a0 \u00a0 7 \u00a0 \u00a0 \u00a0 8<br \/>\nPe\u00f1arol (Guamin\u00ed) \u00a0 \u00a0\u00a0<strong>\u00a01\u00a0<\/strong>\u00a0 \u00a0 \u00a0 4 \u00a0 \u00a0 \u00a0 0 \u00a0 \u00a0 \u00a0 1 \u00a0 \u00a0 \u00a0 3 \u00a0 \u00a0 \u00a0 3 \u00a0 \u00a0 \u00a0 17<\/p>\n<p><strong>Zona \u201cB\u201d<\/strong><\/p>\n<p><strong>Equipo \u00a0 \u00a0 \u00a0Pts \u00a0 \u00a0PJ \u00a0 \u00a0G \u00a0 \u00a0 \u00a0E \u00a0 \u00a0 \u00a0 P \u00a0 \u00a0 \u00a0 Gf \u00a0 \u00a0 Gc<\/strong><\/p>\n<p>Deportivo Rivera \u00a0 \u00a0 \u00a0 \u00a0<strong>11\u00a0<\/strong>\u00a0 \u00a0 5 \u00a0 \u00a0 \u00a0 3 \u00a0 \u00a0 \u00a0 2 \u00a0 \u00a0 \u00a0 0 \u00a0 \u00a0 \u00a0 13 \u00a0 \u00a0 7<br \/>\nSan Mart\u00edn (ST)<strong>\u00a010\u00a0<\/strong>\u00a0 \u00a0 5 \u00a0 \u00a0 \u00a0 3 \u00a0 \u00a0 \u00a0 1 \u00a0 \u00a0 \u00a0 1 \u00a0 \u00a0 \u00a0 16 \u00a0 \u00a0 5<br \/>\nIndependiente (R) \u00a0 \u00a0 \u00a0<strong>\u00a08<\/strong>\u00a0\u00a0 \u00a0 \u00a0 4 \u00a0 \u00a0 \u00a0 2 \u00a0 \u00a0 \u00a0 2 \u00a0 \u00a0 \u00a0 0 \u00a0 \u00a0 \u00a0 6 \u00a0 \u00a0 \u00a0 2<br \/>\nTiro Federal (P)\u00a0<strong>5\u00a0<\/strong>\u00a0 \u00a0 \u00a0 4 \u00a0 \u00a0 \u00a0 1 \u00a0 \u00a0 \u00a0 2 \u00a0 \u00a0 \u00a0 1 \u00a0 \u00a0 \u00a0 4 \u00a0 \u00a0 \u00a0 3<br \/>\nEl Progreso \u00a0 \u00a0\u00a0<strong>\u00a0 \u00a04\u00a0<\/strong>\u00a0 \u00a0 \u00a0 4 \u00a0 \u00a0 \u00a0 1 \u00a0 \u00a0 \u00a0 1 \u00a0 \u00a0 \u00a0 2 \u00a0 \u00a0 \u00a0 8 \u00a0 \u00a0 \u00a0 7<br \/>\nIndependiente (SJ) \u00a0 \u00a0 \u00a0<strong>2\u00a0<\/strong>\u00a0 \u00a0 \u00a0 4 \u00a0 \u00a0 \u00a0 0 \u00a0 \u00a0 \u00a0 2 \u00a0 \u00a0 \u00a0 2 \u00a0 \u00a0 \u00a0 4 \u00a0 \u00a0 \u00a0 13<br \/>\nPuan F. Club \u00a0 \u00a0 \u00a0<strong>0\u00a0<\/strong>\u00a0 \u00a0 \u00a0 4 \u00a0 \u00a0 \u00a0 0 \u00a0 \u00a0 \u00a0 0 \u00a0 \u00a0 \u00a0 4 \u00a0 \u00a0 \u00a0 5 \u00a0 \u00a0 \u00a0 19<\/p>\n<p><strong>Zona \u201cC\u201d<\/strong><\/p>\n<p><strong>Equipo \u00a0 \u00a0 \u00a0Pts \u00a0 \u00a0PJ \u00a0 \u00a0G \u00a0 \u00a0 \u00a0E \u00a0 \u00a0 \u00a0 P \u00a0 \u00a0 \u00a0 Gf \u00a0 \u00a0 Gc<\/strong><\/p>\n<p>Blanco y Negro \u00a0<strong>9<\/strong>\u00a0\u00a0 \u00a0 \u00a0 4 \u00a0 \u00a0 \u00a0 3 \u00a0 \u00a0 \u00a0 0 \u00a0 \u00a0 \u00a0 1 \u00a0 \u00a0 \u00a0 12 \u00a0 \u00a0 4<br \/>\nD. Sarmiento \u00a0 \u00a0\u00a0<strong>\u00a07<\/strong>\u00a0\u00a0 \u00a0 \u00a0 4 \u00a0 \u00a0 \u00a0 2 \u00a0 \u00a0 \u00a0 1 \u00a0 \u00a0 \u00a0 1 \u00a0 \u00a0 \u00a0 7 \u00a0 \u00a0 \u00a0 5<br \/>\n<em><strong>Automoto\u00a07\u00a0\u00a0 \u00a0 \u00a0 4 \u00a0 \u00a0 \u00a0 2 \u00a0 \u00a0 \u00a0 1 \u00a0 \u00a0 \u00a0 1 \u00a0 \u00a0 \u00a0 7 \u00a0 \u00a0 \u00a0 6<\/strong><\/em><br \/>\nD. Argentino \u00a0 \u00a0 \u00a0<strong>6 \u00a0<\/strong>\u00a0\u00a0 \u00a0 4 \u00a0 \u00a0 \u00a0 2 \u00a0 \u00a0 \u00a0 0 \u00a0 \u00a0 \u00a0 2 \u00a0 \u00a0 \u00a0 7 \u00a0 \u00a0 \u00a0 7<br \/>\nUni\u00f3n Pig\u00fc\u00e9 \u00a0 \u00a0 \u00a0\u00a0<strong>6\u00a0<\/strong>\u00a0 \u00a0 \u00a0 5 \u00a0 \u00a0 \u00a0 2 \u00a0 \u00a0 \u00a0 0 \u00a0 \u00a0 \u00a0 3 \u00a0 \u00a0 \u00a0 5 \u00a0 \u00a0 \u00a0 6<br \/>\n<em><strong>Uni\u00f3n (Tornquist) \u00a0 \u00a0\u00a0\u00a04 \u00a0\u00a0\u00a0 \u00a0 4 \u00a0 \u00a0 \u00a0 1 \u00a0 \u00a0 \u00a0 1 \u00a0 \u00a0 \u00a0 2 \u00a0 \u00a0 \u00a0 3 \u00a0 \u00a0 \u00a0 10<\/strong><\/em><br \/>\nBoca Juniors \u00a0 \u00a0<strong>\u00a0\u00a04 \u00a0\u00a0<\/strong>\u00a0 \u00a0 5 \u00a0 \u00a0 \u00a0 1 \u00a0 \u00a0 \u00a0 1 \u00a0 \u00a0 \u00a0 3 \u00a0 \u00a0 \u00a0 4 \u00a0 \u00a0 \u00a0 7<\/p>\n<p><strong>Pr\u00f3xima fecha (sexta)<\/strong><\/p>\n<p><strong>Zona \u201cA\u201d<\/strong><\/p>\n<ul>\n<li>Pe\u00f1arol de Guamin\u00ed vs. Club Sarmiento<\/li>\n<li>Pe\u00f1arol de Pig\u00fc\u00e9 vs. E. de Comercio<\/li>\n<li>Atl\u00e9tico Huanguel\u00e9n vs. Racing Club<\/li>\n<li>Libre: San Mart\u00edn de Carhu\u00e9<\/li>\n<\/ul>\n<p><strong>Zona \u201cB\u201d<\/strong><\/p>\n<ul>\n<li>Tiro Federal de Puan vs. El Progreso<\/li>\n<li>Independiente (San Jos\u00e9) vs. Puan F. Club<\/li>\n<li>San Mart\u00edn (ST) vs. Independiente (Rivera)<\/li>\n<li>Libre: Deportivo Rivera<\/li>\n<\/ul>\n<p><strong>Zona \u201cC\u201d<\/strong><\/p>\n<ul>\n<li><em><strong>Blanco y Negro vs. Automoto<\/strong><\/em><\/li>\n<li><em><strong>Uni\u00f3n (Tornquist) vs. Deportivo Sarmiento<\/strong><\/em><\/li>\n<li>Boca Juniors vs. Deportivo Argentino<\/li>\n<li>Libre: Uni\u00f3n Pig\u00fc\u00e9<\/li>\n<\/ul>\n","protected":false},"excerpt":{"rendered":"<p>El primer cl\u00e1sico de la temporada 2024 de la Liga Regional de F\u00fatbol se disputo esta tarde en el estadio Agust\u00edn Ruppel finalizando con victoria de Automoto, por la m\u00ednima diferencia, gracias al tanto convertido por Lautaro Alchao a los 46 minutos de la segunda etapa. De esta manera el azulgrana dejo sin invicto a [&hellip;]<\/p>\n","protected":false},"author":5,"featured_media":82959,"comment_status":"closed","ping_status":"closed","sticky":false,"template":"","format":"standard","meta":{"footnotes":""},"categories":[51,62,52],"tags":[],"class_list":["post-82945","post","type-post","status-publish","format-standard","has-post-thumbnail","hentry","category-comunidad","category-deportes","category-destacadas"],"yoast_head":"<!-- This site is optimized with the Yoast SEO plugin v19.7.1 - https:\/\/yoast.com\/wordpress\/plugins\/seo\/ -->\n<title>Liga Regional: Automoto se qued\u00f3 con el primer cl\u00e1sico de la temporada 2024 (fotos) - CELTTV<\/title>\n<meta name=\"description\" content=\"Sitio web de noticias de la localidad de Tornquist, provincia de Buenos Aires, Rep\u00fablica Argentina. Contenido propio originado por periodistas de CELTTV, el canal de TV local de la Cooperativa El\u00e9ctrica de Tornquist. Turismo, Pol\u00edtica, Sociedad, Deporte, Cultura y todo el contenido de inter\u00e9s general que la gente del pueblo y la regi\u00f3n debe conocer.\" \/>\n<meta name=\"robots\" content=\"index, follow, max-snippet:-1, max-image-preview:large, max-video-preview:-1\" \/>\n<link rel=\"canonical\" href=\"https:\/\/www.celttv.com.ar\/index.php\/2024\/04\/07\/liga-regional-automoto-se-quedo-con-el-primer-clasico-de-la-temporada-2024-fotos\/\" \/>\n<meta property=\"og:locale\" content=\"es_ES\" \/>\n<meta property=\"og:type\" content=\"article\" \/>\n<meta property=\"og:title\" content=\"Liga Regional: Automoto se qued\u00f3 con el primer cl\u00e1sico de la temporada 2024 (fotos) - CELTTV\" \/>\n<meta property=\"og:description\" content=\"Sitio web de noticias de la localidad de Tornquist, provincia de Buenos Aires, Rep\u00fablica Argentina. Contenido propio originado por periodistas de CELTTV, el canal de TV local de la Cooperativa El\u00e9ctrica de Tornquist. Turismo, Pol\u00edtica, Sociedad, Deporte, Cultura y todo el contenido de inter\u00e9s general que la gente del pueblo y la regi\u00f3n debe conocer.\" \/>\n<meta property=\"og:url\" content=\"https:\/\/www.celttv.com.ar\/index.php\/2024\/04\/07\/liga-regional-automoto-se-quedo-con-el-primer-clasico-de-la-temporada-2024-fotos\/\" \/>\n<meta property=\"og:site_name\" content=\"CELTTV\" \/>\n<meta property=\"article:publisher\" content=\"https:\/\/www.facebook.com\/celtTV\/\" \/>\n<meta property=\"article:published_time\" content=\"2024-04-08T01:49:43+00:00\" \/>\n<meta property=\"og:image\" content=\"https:\/\/www.celttv.com.ar\/wp-content\/uploads\/2024\/04\/tapa.jpg\" \/>\n\t<meta property=\"og:image:width\" content=\"1212\" \/>\n\t<meta property=\"og:image:height\" content=\"743\" \/>\n\t<meta property=\"og:image:type\" content=\"image\/jpeg\" \/>\n<meta name=\"author\" content=\"Miguel Herrada\" \/>\n<meta name=\"twitter:card\" content=\"summary_large_image\" \/>\n<meta name=\"twitter:label1\" content=\"Escrito por\" \/>\n\t<meta name=\"twitter:data1\" content=\"Miguel Herrada\" \/>\n\t<meta name=\"twitter:label2\" content=\"Tiempo de lectura\" \/>\n\t<meta name=\"twitter:data2\" content=\"5 minutos\" \/>\n<script type=\"application\/ld+json\" class=\"yoast-schema-graph\">{\"@context\":\"https:\/\/schema.org\",\"@graph\":[{\"@type\":\"NewsArticle\",\"@id\":\"https:\/\/www.celttv.com.ar\/index.php\/2024\/04\/07\/liga-regional-automoto-se-quedo-con-el-primer-clasico-de-la-temporada-2024-fotos\/#article\",\"isPartOf\":{\"@id\":\"https:\/\/www.celttv.com.ar\/index.php\/2024\/04\/07\/liga-regional-automoto-se-quedo-con-el-primer-clasico-de-la-temporada-2024-fotos\/\"},\"author\":{\"name\":\"Miguel Herrada\",\"@id\":\"https:\/\/www.celttv.com.ar\/#\/schema\/person\/9059dc91dc7204ef4182cdb65225f07d\"},\"headline\":\"Liga Regional: Automoto se qued\u00f3 con el primer cl\u00e1sico de la temporada 2024 (fotos)\",\"datePublished\":\"2024-04-08T01:49:43+00:00\",\"dateModified\":\"2024-04-08T01:49:43+00:00\",\"mainEntityOfPage\":{\"@id\":\"https:\/\/www.celttv.com.ar\/index.php\/2024\/04\/07\/liga-regional-automoto-se-quedo-con-el-primer-clasico-de-la-temporada-2024-fotos\/\"},\"wordCount\":1001,\"publisher\":{\"@id\":\"https:\/\/www.celttv.com.ar\/#organization\"},\"articleSection\":[\"Comunidad\",\"Deportes\",\"Destacadas\"],\"inLanguage\":\"es\"},{\"@type\":\"WebPage\",\"@id\":\"https:\/\/www.celttv.com.ar\/index.php\/2024\/04\/07\/liga-regional-automoto-se-quedo-con-el-primer-clasico-de-la-temporada-2024-fotos\/\",\"url\":\"https:\/\/www.celttv.com.ar\/index.php\/2024\/04\/07\/liga-regional-automoto-se-quedo-con-el-primer-clasico-de-la-temporada-2024-fotos\/\",\"name\":\"Liga Regional: Automoto se qued\u00f3 con el primer cl\u00e1sico de la temporada 2024 (fotos) - CELTTV\",\"isPartOf\":{\"@id\":\"https:\/\/www.celttv.com.ar\/#website\"},\"datePublished\":\"2024-04-08T01:49:43+00:00\",\"dateModified\":\"2024-04-08T01:49:43+00:00\",\"description\":\"Sitio web de noticias de la localidad de Tornquist, provincia de Buenos Aires, Rep\u00fablica Argentina. Contenido propio originado por periodistas de CELTTV, el canal de TV local de la Cooperativa El\u00e9ctrica de Tornquist. Turismo, Pol\u00edtica, Sociedad, Deporte, Cultura y todo el contenido de inter\u00e9s general que la gente del pueblo y la regi\u00f3n debe conocer.\",\"breadcrumb\":{\"@id\":\"https:\/\/www.celttv.com.ar\/index.php\/2024\/04\/07\/liga-regional-automoto-se-quedo-con-el-primer-clasico-de-la-temporada-2024-fotos\/#breadcrumb\"},\"inLanguage\":\"es\",\"potentialAction\":[{\"@type\":\"ReadAction\",\"target\":[\"https:\/\/www.celttv.com.ar\/index.php\/2024\/04\/07\/liga-regional-automoto-se-quedo-con-el-primer-clasico-de-la-temporada-2024-fotos\/\"]}]},{\"@type\":\"BreadcrumbList\",\"@id\":\"https:\/\/www.celttv.com.ar\/index.php\/2024\/04\/07\/liga-regional-automoto-se-quedo-con-el-primer-clasico-de-la-temporada-2024-fotos\/#breadcrumb\",\"itemListElement\":[{\"@type\":\"ListItem\",\"position\":1,\"name\":\"Inicio\",\"item\":\"https:\/\/www.celttv.com.ar\/\"},{\"@type\":\"ListItem\",\"position\":2,\"name\":\"Liga Regional: Automoto se qued\u00f3 con el primer cl\u00e1sico de la temporada 2024 (fotos)\"}]},{\"@type\":\"WebSite\",\"@id\":\"https:\/\/www.celttv.com.ar\/#website\",\"url\":\"https:\/\/www.celttv.com.ar\/\",\"name\":\"CELTTV\",\"description\":\"Cooperativa El\u00e9ctrica de Tornquist\",\"publisher\":{\"@id\":\"https:\/\/www.celttv.com.ar\/#organization\"},\"potentialAction\":[{\"@type\":\"SearchAction\",\"target\":{\"@type\":\"EntryPoint\",\"urlTemplate\":\"https:\/\/www.celttv.com.ar\/?s={search_term_string}\"},\"query-input\":\"required name=search_term_string\"}],\"inLanguage\":\"es\"},{\"@type\":\"Organization\",\"@id\":\"https:\/\/www.celttv.com.ar\/#organization\",\"name\":\"CELTTV\",\"url\":\"https:\/\/www.celttv.com.ar\/\",\"sameAs\":[\"https:\/\/www.youtube.com\/channel\/UCz_oIt8Hig64Ub-EmcNPIhg\",\"https:\/\/www.facebook.com\/celtTV\/\"],\"logo\":{\"@type\":\"ImageObject\",\"inLanguage\":\"es\",\"@id\":\"https:\/\/www.celttv.com.ar\/#\/schema\/logo\/image\/\",\"url\":\"http:\/\/www.celttv.com.ar\/wp-content\/uploads\/2022\/08\/logo-1.png\",\"contentUrl\":\"http:\/\/www.celttv.com.ar\/wp-content\/uploads\/2022\/08\/logo-1.png\",\"width\":461,\"height\":159,\"caption\":\"CELTTV\"},\"image\":{\"@id\":\"https:\/\/www.celttv.com.ar\/#\/schema\/logo\/image\/\"}},{\"@type\":\"Person\",\"@id\":\"https:\/\/www.celttv.com.ar\/#\/schema\/person\/9059dc91dc7204ef4182cdb65225f07d\",\"name\":\"Miguel Herrada\",\"image\":{\"@type\":\"ImageObject\",\"inLanguage\":\"es\",\"@id\":\"https:\/\/www.celttv.com.ar\/#\/schema\/person\/image\/\",\"url\":\"https:\/\/secure.gravatar.com\/avatar\/67724d5b3c716623ffd76bec7e45841a442ac3b456e914dbba90b0fad2b8e0b1?s=96&d=mm&r=g\",\"contentUrl\":\"https:\/\/secure.gravatar.com\/avatar\/67724d5b3c716623ffd76bec7e45841a442ac3b456e914dbba90b0fad2b8e0b1?s=96&d=mm&r=g\",\"caption\":\"Miguel Herrada\"}}]}<\/script>\n<!-- \/ Yoast SEO plugin. -->","yoast_head_json":{"title":"Liga Regional: Automoto se qued\u00f3 con el primer cl\u00e1sico de la temporada 2024 (fotos) - CELTTV","description":"Sitio web de noticias de la localidad de Tornquist, provincia de Buenos Aires, Rep\u00fablica Argentina. Contenido propio originado por periodistas de CELTTV, el canal de TV local de la Cooperativa El\u00e9ctrica de Tornquist. Turismo, Pol\u00edtica, Sociedad, Deporte, Cultura y todo el contenido de inter\u00e9s general que la gente del pueblo y la regi\u00f3n debe conocer.","robots":{"index":"index","follow":"follow","max-snippet":"max-snippet:-1","max-image-preview":"max-image-preview:large","max-video-preview":"max-video-preview:-1"},"canonical":"https:\/\/www.celttv.com.ar\/index.php\/2024\/04\/07\/liga-regional-automoto-se-quedo-con-el-primer-clasico-de-la-temporada-2024-fotos\/","og_locale":"es_ES","og_type":"article","og_title":"Liga Regional: Automoto se qued\u00f3 con el primer cl\u00e1sico de la temporada 2024 (fotos) - CELTTV","og_description":"Sitio web de noticias de la localidad de Tornquist, provincia de Buenos Aires, Rep\u00fablica Argentina. Contenido propio originado por periodistas de CELTTV, el canal de TV local de la Cooperativa El\u00e9ctrica de Tornquist. Turismo, Pol\u00edtica, Sociedad, Deporte, Cultura y todo el contenido de inter\u00e9s general que la gente del pueblo y la regi\u00f3n debe conocer.","og_url":"https:\/\/www.celttv.com.ar\/index.php\/2024\/04\/07\/liga-regional-automoto-se-quedo-con-el-primer-clasico-de-la-temporada-2024-fotos\/","og_site_name":"CELTTV","article_publisher":"https:\/\/www.facebook.com\/celtTV\/","article_published_time":"2024-04-08T01:49:43+00:00","og_image":[{"width":1212,"height":743,"url":"https:\/\/www.celttv.com.ar\/wp-content\/uploads\/2024\/04\/tapa.jpg","type":"image\/jpeg"}],"author":"Miguel Herrada","twitter_card":"summary_large_image","twitter_misc":{"Escrito por":"Miguel Herrada","Tiempo de lectura":"5 minutos"},"schema":{"@context":"https:\/\/schema.org","@graph":[{"@type":"NewsArticle","@id":"https:\/\/www.celttv.com.ar\/index.php\/2024\/04\/07\/liga-regional-automoto-se-quedo-con-el-primer-clasico-de-la-temporada-2024-fotos\/#article","isPartOf":{"@id":"https:\/\/www.celttv.com.ar\/index.php\/2024\/04\/07\/liga-regional-automoto-se-quedo-con-el-primer-clasico-de-la-temporada-2024-fotos\/"},"author":{"name":"Miguel Herrada","@id":"https:\/\/www.celttv.com.ar\/#\/schema\/person\/9059dc91dc7204ef4182cdb65225f07d"},"headline":"Liga Regional: Automoto se qued\u00f3 con el primer cl\u00e1sico de la temporada 2024 (fotos)","datePublished":"2024-04-08T01:49:43+00:00","dateModified":"2024-04-08T01:49:43+00:00","mainEntityOfPage":{"@id":"https:\/\/www.celttv.com.ar\/index.php\/2024\/04\/07\/liga-regional-automoto-se-quedo-con-el-primer-clasico-de-la-temporada-2024-fotos\/"},"wordCount":1001,"publisher":{"@id":"https:\/\/www.celttv.com.ar\/#organization"},"articleSection":["Comunidad","Deportes","Destacadas"],"inLanguage":"es"},{"@type":"WebPage","@id":"https:\/\/www.celttv.com.ar\/index.php\/2024\/04\/07\/liga-regional-automoto-se-quedo-con-el-primer-clasico-de-la-temporada-2024-fotos\/","url":"https:\/\/www.celttv.com.ar\/index.php\/2024\/04\/07\/liga-regional-automoto-se-quedo-con-el-primer-clasico-de-la-temporada-2024-fotos\/","name":"Liga Regional: Automoto se qued\u00f3 con el primer cl\u00e1sico de la temporada 2024 (fotos) - CELTTV","isPartOf":{"@id":"https:\/\/www.celttv.com.ar\/#website"},"datePublished":"2024-04-08T01:49:43+00:00","dateModified":"2024-04-08T01:49:43+00:00","description":"Sitio web de noticias de la localidad de Tornquist, provincia de Buenos Aires, Rep\u00fablica Argentina. Contenido propio originado por periodistas de CELTTV, el canal de TV local de la Cooperativa El\u00e9ctrica de Tornquist. Turismo, Pol\u00edtica, Sociedad, Deporte, Cultura y todo el contenido de inter\u00e9s general que la gente del pueblo y la regi\u00f3n debe conocer.","breadcrumb":{"@id":"https:\/\/www.celttv.com.ar\/index.php\/2024\/04\/07\/liga-regional-automoto-se-quedo-con-el-primer-clasico-de-la-temporada-2024-fotos\/#breadcrumb"},"inLanguage":"es","potentialAction":[{"@type":"ReadAction","target":["https:\/\/www.celttv.com.ar\/index.php\/2024\/04\/07\/liga-regional-automoto-se-quedo-con-el-primer-clasico-de-la-temporada-2024-fotos\/"]}]},{"@type":"BreadcrumbList","@id":"https:\/\/www.celttv.com.ar\/index.php\/2024\/04\/07\/liga-regional-automoto-se-quedo-con-el-primer-clasico-de-la-temporada-2024-fotos\/#breadcrumb","itemListElement":[{"@type":"ListItem","position":1,"name":"Inicio","item":"https:\/\/www.celttv.com.ar\/"},{"@type":"ListItem","position":2,"name":"Liga Regional: Automoto se qued\u00f3 con el primer cl\u00e1sico de la temporada 2024 (fotos)"}]},{"@type":"WebSite","@id":"https:\/\/www.celttv.com.ar\/#website","url":"https:\/\/www.celttv.com.ar\/","name":"CELTTV","description":"Cooperativa El\u00e9ctrica de Tornquist","publisher":{"@id":"https:\/\/www.celttv.com.ar\/#organization"},"potentialAction":[{"@type":"SearchAction","target":{"@type":"EntryPoint","urlTemplate":"https:\/\/www.celttv.com.ar\/?s={search_term_string}"},"query-input":"required name=search_term_string"}],"inLanguage":"es"},{"@type":"Organization","@id":"https:\/\/www.celttv.com.ar\/#organization","name":"CELTTV","url":"https:\/\/www.celttv.com.ar\/","sameAs":["https:\/\/www.youtube.com\/channel\/UCz_oIt8Hig64Ub-EmcNPIhg","https:\/\/www.facebook.com\/celtTV\/"],"logo":{"@type":"ImageObject","inLanguage":"es","@id":"https:\/\/www.celttv.com.ar\/#\/schema\/logo\/image\/","url":"http:\/\/www.celttv.com.ar\/wp-content\/uploads\/2022\/08\/logo-1.png","contentUrl":"http:\/\/www.celttv.com.ar\/wp-content\/uploads\/2022\/08\/logo-1.png","width":461,"height":159,"caption":"CELTTV"},"image":{"@id":"https:\/\/www.celttv.com.ar\/#\/schema\/logo\/image\/"}},{"@type":"Person","@id":"https:\/\/www.celttv.com.ar\/#\/schema\/person\/9059dc91dc7204ef4182cdb65225f07d","name":"Miguel Herrada","image":{"@type":"ImageObject","inLanguage":"es","@id":"https:\/\/www.celttv.com.ar\/#\/schema\/person\/image\/","url":"https:\/\/secure.gravatar.com\/avatar\/67724d5b3c716623ffd76bec7e45841a442ac3b456e914dbba90b0fad2b8e0b1?s=96&d=mm&r=g","contentUrl":"https:\/\/secure.gravatar.com\/avatar\/67724d5b3c716623ffd76bec7e45841a442ac3b456e914dbba90b0fad2b8e0b1?s=96&d=mm&r=g","caption":"Miguel Herrada"}}]}},"_links":{"self":[{"href":"https:\/\/www.celttv.com.ar\/index.php\/wp-json\/wp\/v2\/posts\/82945","targetHints":{"allow":["GET"]}}],"collection":[{"href":"https:\/\/www.celttv.com.ar\/index.php\/wp-json\/wp\/v2\/posts"}],"about":[{"href":"https:\/\/www.celttv.com.ar\/index.php\/wp-json\/wp\/v2\/types\/post"}],"author":[{"embeddable":true,"href":"https:\/\/www.celttv.com.ar\/index.php\/wp-json\/wp\/v2\/users\/5"}],"replies":[{"embeddable":true,"href":"https:\/\/www.celttv.com.ar\/index.php\/wp-json\/wp\/v2\/comments?post=82945"}],"version-history":[{"count":1,"href":"https:\/\/www.celttv.com.ar\/index.php\/wp-json\/wp\/v2\/posts\/82945\/revisions"}],"predecessor-version":[{"id":82960,"href":"https:\/\/www.celttv.com.ar\/index.php\/wp-json\/wp\/v2\/posts\/82945\/revisions\/82960"}],"wp:featuredmedia":[{"embeddable":true,"href":"https:\/\/www.celttv.com.ar\/index.php\/wp-json\/wp\/v2\/media\/82959"}],"wp:attachment":[{"href":"https:\/\/www.celttv.com.ar\/index.php\/wp-json\/wp\/v2\/media?parent=82945"}],"wp:term":[{"taxonomy":"category","embeddable":true,"href":"https:\/\/www.celttv.com.ar\/index.php\/wp-json\/wp\/v2\/categories?post=82945"},{"taxonomy":"post_tag","embeddable":true,"href":"https:\/\/www.celttv.com.ar\/index.php\/wp-json\/wp\/v2\/tags?post=82945"}],"curies":[{"name":"wp","href":"https:\/\/api.w.org\/{rel}","templated":true}]}}