{"id":83093,"date":"2024-04-12T19:01:27","date_gmt":"2024-04-12T22:01:27","guid":{"rendered":"https:\/\/www.celttv.com.ar\/?p=83093"},"modified":"2024-04-12T19:01:27","modified_gmt":"2024-04-12T22:01:27","slug":"proyecto-de-resolucion-de-juntos-preocupacion-por-la-posible-privatizacion-del-banco-nacion","status":"publish","type":"post","link":"https:\/\/www.celttv.com.ar\/index.php\/2024\/04\/12\/proyecto-de-resolucion-de-juntos-preocupacion-por-la-posible-privatizacion-del-banco-nacion\/","title":{"rendered":"Proyecto de Resoluci\u00f3n de Juntos: Preocupaci\u00f3n por la posible privatizaci\u00f3n del Banco Naci\u00f3n"},"content":{"rendered":"<p><strong><u>VISTO: <\/u><\/strong><\/p>\n<p>El Proyecto de Ley 5052-D-2023, presentado en la Honorable C\u00e1mara de Diputados de la Naci\u00f3n en defensa de la Banca P\u00fablica Nacional;<\/p>\n<p>El DNU 70\/2023 sobre \u201cReforma del Estado\u201d, del Poder Ejecutivo Nacional, que en su Art\u00edculo 41\u00ba establece la derogaci\u00f3n del tercer p\u00e1rrafo del Art\u00edculo 9\u00b0 de la Ley N\u00b0 23.696, introducido por la Ley N\u00ba25.108, y;<\/p>\n<p><strong><u>CONSIDERANDO:<\/u><\/strong><\/p>\n<p>Que el mencionado DNU hoy est\u00e1 vigente y se encuentra pendiente de su tratamiento en la Honorable C\u00e1mara de Diputados\u00a0 de la Naci\u00f3n;<\/p>\n<p>Que en defensa de la Banca P\u00fablica, el Diputado Nacional Dr. Pablo Adri\u00e1n Juliano ha presentado un proyecto de Ley para evitar la privatizaci\u00f3n de la misma;<\/p>\n<p>Que la Argentina vivi\u00f3 este intento de privatizaci\u00f3n de empresas del Estado a\u00f1os atr\u00e1s, m\u00e1s precisamente con la sanci\u00f3n de la Ley N\u00ba23.696 de reforma del Estado de agosto de 1989;<\/p>\n<p>Que el Banco de la Naci\u00f3n Argentina (BNA) fue fundado en 1891 por iniciativa del Presidente Carlos Pellegrini (liberal), como un medio para resolver los embates de una devastadora crisis econ\u00f3mica que afectaba, en especial, al sistema bancario existente en ese momento en manos de los privados;<\/p>\n<p>Que el Banco de la Naci\u00f3n Argentina, debido a su presencia federal, fue testigo y motor de la evoluci\u00f3n econ\u00f3mica, territorial, social y pol\u00edtica de la Argentina desde finales del siglo XIX;<\/p>\n<p>Que,en su origen, tal como lo refleja su carta org\u00e1nica, nace como instrumento para el financiamiento de las actividades productivas del sector agropecuario, el segmento m\u00e1s importante en cuanto a tama\u00f1o y el m\u00e1s din\u00e1mico del entramado productivo de la Argentina;<\/p>\n<p>Que,en mayor o menor medida, en todas las \u00e9pocas logr\u00f3 sobreponerse al devenir de la Argentina para enfocarse en su rol principal:\u00a0ser agente de cambio, modernizaci\u00f3n y desarrollo del pa\u00eds, con una visi\u00f3n federal;<\/p>\n<p>Que el Banco de la Naci\u00f3n Argentina no presenta d\u00e9ficit. Por el contrario, es superavitario. Pese a que debe modernizarse, para ser \u00e1gil, eficaz y eficiente para sus clientes;<\/p>\n<p>Que dicho organismo cumple el papel estrat\u00e9gico de atender de manera prioritaria las necesidades de financiamiento de las PyMEs y los sectores m\u00e1s din\u00e1micos, lo que se agrega a su tradicional acci\u00f3n a favor del desarrollo del campo, la industria, las econom\u00edas regionales y el comercio exterior;<\/p>\n<p>Que, como es tradicional, el Banco Naci\u00f3n dispone de una significativa oferta crediticia dise\u00f1ada para cubrir las necesidades de financiamiento de los diferentes sectores productivos de la econom\u00eda argentina. Adem\u00e1s de su hist\u00f3rica acci\u00f3n a favor del financiamiento del campo, de la industria, las econom\u00edas regionales y el comercio exterior, apuesta a atender de manera prioritaria las necesidades de cr\u00e9dito de las peque\u00f1as y medianas empresas;<\/p>\n<p>Que en el nuevo Proyecto de Ley (ley \u00f3mnibus), enviado por el Poder Ejecutivo Nacional al Congreso de la Naci\u00f3n, estipula que dicho organismo se podr\u00eda privatizar parcialmente;<\/p>\n<p>Que el Banco Naci\u00f3n cuenta con 17.403 empleados en el \u00e1mbito nacional y 182 empleados en el exterior y con 2.793 cajeros autom\u00e1ticos y 600 TAS;<\/p>\n<p>Que desde nuestros Bloques bregamos porque siga siendo del Estado Argentino, y no un bot\u00edn apetecible por financistas privados o la banca extranjera;<\/p>\n<p><strong>POR ELLO:<\/strong><\/p>\n<p><strong><u>LOS BLOQUES DE CONCEJALES DE JUNTOS Y JUNTOS POR EL CAMBIO<\/u><\/strong><\/p>\n<p><strong><u>PROPONEN EL SIGUIENTE<\/u><\/strong><\/p>\n<p><strong><u>PROYECTO DE RESOLUCI\u00d3N<\/u><\/strong><\/p>\n<p><strong><u>\u00a0<\/u><\/strong><\/p>\n<p><strong><u>ART\u00cdCULO 1\u00b0:<\/u><\/strong>El Honorable Concejo Deliberante de Tornquist, celebra el Proyecto de Ley 5052-D-2023 presentado en la Honorable C\u00e1mara de Diputados de la Naci\u00f3n en defensa de la Banca P\u00fablica Nacional, que except\u00faa en forma permanente de ser declarado \u201cSujeto a Privatizaci\u00f3n\u201d al Banco de la Naci\u00f3n Argentina, continuando, de manera invariable, su actividad como Instituci\u00f3n bancaria de propiedad del Estado Nacional.<\/p>\n<p><strong><u>\u00a0<\/u><\/strong><\/p>\n<p><strong><u>ART\u00cdCULO 2\u00b0:<\/u><\/strong>Solicitara todos los\u00a0\u00a0 Bloques de la Honorable C\u00e1mara de Diputados de la Naci\u00f3n el pronto tratamiento del Proyecto de Ley 5052-D-2023, cuyo autor es el Diputado Nacional Dr. Pablo Juliano.<\/p>\n<p><strong><u>\u00a0<\/u><\/strong><\/p>\n<p><strong><u>ART\u00cdCULO 3\u00ba<\/u><\/strong>: Enviar a trav\u00e9s de la Presidencia copia de la presente Resoluci\u00f3n a la Honorable C\u00e1mara de Diputados de la Naci\u00f3n, en especial al Diputado Nacional Dr. Pablo Juliano.<\/p>\n<p><strong><u>\u00a0<\/u><\/strong><\/p>\n<p><strong><u>ART\u00cdCULO 4\u00b0:<\/u><\/strong>Enviar copia de la presente Resoluci\u00f3n a los Concejos Deliberante de los 135 Distritos de la Provincia de Buenos Aires.<\/p>\n<p><strong><u>\u00a0<\/u><\/strong><\/p>\n<p><strong><u>ART\u00cdCULO 5\u00b0: <\/u><\/strong>Enviar copia de la Presente Resoluci\u00f3n al Gerente del Banco Naci\u00f3n de la localidad de Tornquist, Sr. Juan Pablo Madrid.<\/p>\n<p><strong><u>\u00a0<\/u><\/strong><\/p>\n<p><strong><u>ART\u00cdCULO 6\u00b0:<\/u><\/strong>De forma.<\/p>\n<p><img loading=\"lazy\" decoding=\"async\" class=\"alignnone wp-image-83094 size-full\" src=\"https:\/\/www.celttv.com.ar\/wp-content\/uploads\/2024\/04\/NO-A-LA-PRIVATIZACION-DEL-BANCO-NACION.png\" alt=\"\" width=\"940\" height=\"788\" srcset=\"https:\/\/www.celttv.com.ar\/wp-content\/uploads\/2024\/04\/NO-A-LA-PRIVATIZACION-DEL-BANCO-NACION.png 940w, https:\/\/www.celttv.com.ar\/wp-content\/uploads\/2024\/04\/NO-A-LA-PRIVATIZACION-DEL-BANCO-NACION-300x251.png 300w, https:\/\/www.celttv.com.ar\/wp-content\/uploads\/2024\/04\/NO-A-LA-PRIVATIZACION-DEL-BANCO-NACION-768x644.png 768w, https:\/\/www.celttv.com.ar\/wp-content\/uploads\/2024\/04\/NO-A-LA-PRIVATIZACION-DEL-BANCO-NACION-750x629.png 750w\" sizes=\"auto, (max-width: 940px) 100vw, 940px\" \/><\/p>\n<p>&nbsp;<\/p>\n","protected":false},"excerpt":{"rendered":"<p>VISTO: El Proyecto de Ley 5052-D-2023, presentado en la Honorable C\u00e1mara de Diputados de la Naci\u00f3n en defensa de la Banca P\u00fablica Nacional; El DNU 70\/2023 sobre \u201cReforma del Estado\u201d, del Poder Ejecutivo Nacional, que en su Art\u00edculo 41\u00ba establece la derogaci\u00f3n del tercer p\u00e1rrafo del Art\u00edculo 9\u00b0 de la Ley N\u00b0 23.696, introducido por [&hellip;]<\/p>\n","protected":false},"author":5,"featured_media":83094,"comment_status":"closed","ping_status":"closed","sticky":false,"template":"","format":"standard","meta":{"footnotes":""},"categories":[51,52,53],"tags":[],"class_list":["post-83093","post","type-post","status-publish","format-standard","has-post-thumbnail","hentry","category-comunidad","category-destacadas","category-politica"],"yoast_head":"<!-- This site is optimized with the Yoast SEO plugin v19.7.1 - https:\/\/yoast.com\/wordpress\/plugins\/seo\/ -->\n<title>Proyecto de Resoluci\u00f3n de Juntos: Preocupaci\u00f3n por la posible privatizaci\u00f3n del Banco Naci\u00f3n - CELTTV<\/title>\n<meta name=\"description\" content=\"Sitio web de noticias de la localidad de Tornquist, provincia de Buenos Aires, Rep\u00fablica Argentina. Contenido propio originado por periodistas de CELTTV, el canal de TV local de la Cooperativa El\u00e9ctrica de Tornquist. Turismo, Pol\u00edtica, Sociedad, Deporte, Cultura y todo el contenido de inter\u00e9s general que la gente del pueblo y la regi\u00f3n debe conocer.\" \/>\n<meta name=\"robots\" content=\"index, follow, max-snippet:-1, max-image-preview:large, max-video-preview:-1\" \/>\n<link rel=\"canonical\" href=\"https:\/\/www.celttv.com.ar\/index.php\/2024\/04\/12\/proyecto-de-resolucion-de-juntos-preocupacion-por-la-posible-privatizacion-del-banco-nacion\/\" \/>\n<meta property=\"og:locale\" content=\"es_ES\" \/>\n<meta property=\"og:type\" content=\"article\" \/>\n<meta property=\"og:title\" content=\"Proyecto de Resoluci\u00f3n de Juntos: Preocupaci\u00f3n por la posible privatizaci\u00f3n del Banco Naci\u00f3n - CELTTV\" \/>\n<meta property=\"og:description\" content=\"Sitio web de noticias de la localidad de Tornquist, provincia de Buenos Aires, Rep\u00fablica Argentina. Contenido propio originado por periodistas de CELTTV, el canal de TV local de la Cooperativa El\u00e9ctrica de Tornquist. Turismo, Pol\u00edtica, Sociedad, Deporte, Cultura y todo el contenido de inter\u00e9s general que la gente del pueblo y la regi\u00f3n debe conocer.\" \/>\n<meta property=\"og:url\" content=\"https:\/\/www.celttv.com.ar\/index.php\/2024\/04\/12\/proyecto-de-resolucion-de-juntos-preocupacion-por-la-posible-privatizacion-del-banco-nacion\/\" \/>\n<meta property=\"og:site_name\" content=\"CELTTV\" \/>\n<meta property=\"article:publisher\" content=\"https:\/\/www.facebook.com\/celtTV\/\" \/>\n<meta property=\"article:published_time\" content=\"2024-04-12T22:01:27+00:00\" \/>\n<meta property=\"og:image\" content=\"https:\/\/www.celttv.com.ar\/wp-content\/uploads\/2024\/04\/NO-A-LA-PRIVATIZACION-DEL-BANCO-NACION.png\" \/>\n\t<meta property=\"og:image:width\" content=\"940\" \/>\n\t<meta property=\"og:image:height\" content=\"788\" \/>\n\t<meta property=\"og:image:type\" content=\"image\/png\" \/>\n<meta name=\"author\" content=\"Miguel Herrada\" \/>\n<meta name=\"twitter:card\" content=\"summary_large_image\" \/>\n<meta name=\"twitter:label1\" content=\"Escrito por\" \/>\n\t<meta name=\"twitter:data1\" content=\"Miguel Herrada\" \/>\n\t<meta name=\"twitter:label2\" content=\"Tiempo de lectura\" \/>\n\t<meta name=\"twitter:data2\" content=\"4 minutos\" \/>\n<script type=\"application\/ld+json\" class=\"yoast-schema-graph\">{\"@context\":\"https:\/\/schema.org\",\"@graph\":[{\"@type\":\"NewsArticle\",\"@id\":\"https:\/\/www.celttv.com.ar\/index.php\/2024\/04\/12\/proyecto-de-resolucion-de-juntos-preocupacion-por-la-posible-privatizacion-del-banco-nacion\/#article\",\"isPartOf\":{\"@id\":\"https:\/\/www.celttv.com.ar\/index.php\/2024\/04\/12\/proyecto-de-resolucion-de-juntos-preocupacion-por-la-posible-privatizacion-del-banco-nacion\/\"},\"author\":{\"name\":\"Miguel Herrada\",\"@id\":\"https:\/\/www.celttv.com.ar\/#\/schema\/person\/9059dc91dc7204ef4182cdb65225f07d\"},\"headline\":\"Proyecto de Resoluci\u00f3n de Juntos: Preocupaci\u00f3n por la posible privatizaci\u00f3n del Banco Naci\u00f3n\",\"datePublished\":\"2024-04-12T22:01:27+00:00\",\"dateModified\":\"2024-04-12T22:01:27+00:00\",\"mainEntityOfPage\":{\"@id\":\"https:\/\/www.celttv.com.ar\/index.php\/2024\/04\/12\/proyecto-de-resolucion-de-juntos-preocupacion-por-la-posible-privatizacion-del-banco-nacion\/\"},\"wordCount\":784,\"publisher\":{\"@id\":\"https:\/\/www.celttv.com.ar\/#organization\"},\"articleSection\":[\"Comunidad\",\"Destacadas\",\"Pol\u00edtica\"],\"inLanguage\":\"es\"},{\"@type\":\"WebPage\",\"@id\":\"https:\/\/www.celttv.com.ar\/index.php\/2024\/04\/12\/proyecto-de-resolucion-de-juntos-preocupacion-por-la-posible-privatizacion-del-banco-nacion\/\",\"url\":\"https:\/\/www.celttv.com.ar\/index.php\/2024\/04\/12\/proyecto-de-resolucion-de-juntos-preocupacion-por-la-posible-privatizacion-del-banco-nacion\/\",\"name\":\"Proyecto de Resoluci\u00f3n de Juntos: Preocupaci\u00f3n por la posible privatizaci\u00f3n del Banco Naci\u00f3n - CELTTV\",\"isPartOf\":{\"@id\":\"https:\/\/www.celttv.com.ar\/#website\"},\"datePublished\":\"2024-04-12T22:01:27+00:00\",\"dateModified\":\"2024-04-12T22:01:27+00:00\",\"description\":\"Sitio web de noticias de la localidad de Tornquist, provincia de Buenos Aires, Rep\u00fablica Argentina. Contenido propio originado por periodistas de CELTTV, el canal de TV local de la Cooperativa El\u00e9ctrica de Tornquist. Turismo, Pol\u00edtica, Sociedad, Deporte, Cultura y todo el contenido de inter\u00e9s general que la gente del pueblo y la regi\u00f3n debe conocer.\",\"breadcrumb\":{\"@id\":\"https:\/\/www.celttv.com.ar\/index.php\/2024\/04\/12\/proyecto-de-resolucion-de-juntos-preocupacion-por-la-posible-privatizacion-del-banco-nacion\/#breadcrumb\"},\"inLanguage\":\"es\",\"potentialAction\":[{\"@type\":\"ReadAction\",\"target\":[\"https:\/\/www.celttv.com.ar\/index.php\/2024\/04\/12\/proyecto-de-resolucion-de-juntos-preocupacion-por-la-posible-privatizacion-del-banco-nacion\/\"]}]},{\"@type\":\"BreadcrumbList\",\"@id\":\"https:\/\/www.celttv.com.ar\/index.php\/2024\/04\/12\/proyecto-de-resolucion-de-juntos-preocupacion-por-la-posible-privatizacion-del-banco-nacion\/#breadcrumb\",\"itemListElement\":[{\"@type\":\"ListItem\",\"position\":1,\"name\":\"Inicio\",\"item\":\"https:\/\/www.celttv.com.ar\/\"},{\"@type\":\"ListItem\",\"position\":2,\"name\":\"Proyecto de Resoluci\u00f3n de Juntos: Preocupaci\u00f3n por la posible privatizaci\u00f3n del Banco Naci\u00f3n\"}]},{\"@type\":\"WebSite\",\"@id\":\"https:\/\/www.celttv.com.ar\/#website\",\"url\":\"https:\/\/www.celttv.com.ar\/\",\"name\":\"CELTTV\",\"description\":\"Cooperativa El\u00e9ctrica de Tornquist\",\"publisher\":{\"@id\":\"https:\/\/www.celttv.com.ar\/#organization\"},\"potentialAction\":[{\"@type\":\"SearchAction\",\"target\":{\"@type\":\"EntryPoint\",\"urlTemplate\":\"https:\/\/www.celttv.com.ar\/?s={search_term_string}\"},\"query-input\":\"required name=search_term_string\"}],\"inLanguage\":\"es\"},{\"@type\":\"Organization\",\"@id\":\"https:\/\/www.celttv.com.ar\/#organization\",\"name\":\"CELTTV\",\"url\":\"https:\/\/www.celttv.com.ar\/\",\"sameAs\":[\"https:\/\/www.youtube.com\/channel\/UCz_oIt8Hig64Ub-EmcNPIhg\",\"https:\/\/www.facebook.com\/celtTV\/\"],\"logo\":{\"@type\":\"ImageObject\",\"inLanguage\":\"es\",\"@id\":\"https:\/\/www.celttv.com.ar\/#\/schema\/logo\/image\/\",\"url\":\"http:\/\/www.celttv.com.ar\/wp-content\/uploads\/2022\/08\/logo-1.png\",\"contentUrl\":\"http:\/\/www.celttv.com.ar\/wp-content\/uploads\/2022\/08\/logo-1.png\",\"width\":461,\"height\":159,\"caption\":\"CELTTV\"},\"image\":{\"@id\":\"https:\/\/www.celttv.com.ar\/#\/schema\/logo\/image\/\"}},{\"@type\":\"Person\",\"@id\":\"https:\/\/www.celttv.com.ar\/#\/schema\/person\/9059dc91dc7204ef4182cdb65225f07d\",\"name\":\"Miguel Herrada\",\"image\":{\"@type\":\"ImageObject\",\"inLanguage\":\"es\",\"@id\":\"https:\/\/www.celttv.com.ar\/#\/schema\/person\/image\/\",\"url\":\"https:\/\/secure.gravatar.com\/avatar\/67724d5b3c716623ffd76bec7e45841a442ac3b456e914dbba90b0fad2b8e0b1?s=96&d=mm&r=g\",\"contentUrl\":\"https:\/\/secure.gravatar.com\/avatar\/67724d5b3c716623ffd76bec7e45841a442ac3b456e914dbba90b0fad2b8e0b1?s=96&d=mm&r=g\",\"caption\":\"Miguel Herrada\"}}]}<\/script>\n<!-- \/ Yoast SEO plugin. -->","yoast_head_json":{"title":"Proyecto de Resoluci\u00f3n de Juntos: Preocupaci\u00f3n por la posible privatizaci\u00f3n del Banco Naci\u00f3n - CELTTV","description":"Sitio web de noticias de la localidad de Tornquist, provincia de Buenos Aires, Rep\u00fablica Argentina. Contenido propio originado por periodistas de CELTTV, el canal de TV local de la Cooperativa El\u00e9ctrica de Tornquist. Turismo, Pol\u00edtica, Sociedad, Deporte, Cultura y todo el contenido de inter\u00e9s general que la gente del pueblo y la regi\u00f3n debe conocer.","robots":{"index":"index","follow":"follow","max-snippet":"max-snippet:-1","max-image-preview":"max-image-preview:large","max-video-preview":"max-video-preview:-1"},"canonical":"https:\/\/www.celttv.com.ar\/index.php\/2024\/04\/12\/proyecto-de-resolucion-de-juntos-preocupacion-por-la-posible-privatizacion-del-banco-nacion\/","og_locale":"es_ES","og_type":"article","og_title":"Proyecto de Resoluci\u00f3n de Juntos: Preocupaci\u00f3n por la posible privatizaci\u00f3n del Banco Naci\u00f3n - CELTTV","og_description":"Sitio web de noticias de la localidad de Tornquist, provincia de Buenos Aires, Rep\u00fablica Argentina. Contenido propio originado por periodistas de CELTTV, el canal de TV local de la Cooperativa El\u00e9ctrica de Tornquist. Turismo, Pol\u00edtica, Sociedad, Deporte, Cultura y todo el contenido de inter\u00e9s general que la gente del pueblo y la regi\u00f3n debe conocer.","og_url":"https:\/\/www.celttv.com.ar\/index.php\/2024\/04\/12\/proyecto-de-resolucion-de-juntos-preocupacion-por-la-posible-privatizacion-del-banco-nacion\/","og_site_name":"CELTTV","article_publisher":"https:\/\/www.facebook.com\/celtTV\/","article_published_time":"2024-04-12T22:01:27+00:00","og_image":[{"width":940,"height":788,"url":"https:\/\/www.celttv.com.ar\/wp-content\/uploads\/2024\/04\/NO-A-LA-PRIVATIZACION-DEL-BANCO-NACION.png","type":"image\/png"}],"author":"Miguel Herrada","twitter_card":"summary_large_image","twitter_misc":{"Escrito por":"Miguel Herrada","Tiempo de lectura":"4 minutos"},"schema":{"@context":"https:\/\/schema.org","@graph":[{"@type":"NewsArticle","@id":"https:\/\/www.celttv.com.ar\/index.php\/2024\/04\/12\/proyecto-de-resolucion-de-juntos-preocupacion-por-la-posible-privatizacion-del-banco-nacion\/#article","isPartOf":{"@id":"https:\/\/www.celttv.com.ar\/index.php\/2024\/04\/12\/proyecto-de-resolucion-de-juntos-preocupacion-por-la-posible-privatizacion-del-banco-nacion\/"},"author":{"name":"Miguel Herrada","@id":"https:\/\/www.celttv.com.ar\/#\/schema\/person\/9059dc91dc7204ef4182cdb65225f07d"},"headline":"Proyecto de Resoluci\u00f3n de Juntos: Preocupaci\u00f3n por la posible privatizaci\u00f3n del Banco Naci\u00f3n","datePublished":"2024-04-12T22:01:27+00:00","dateModified":"2024-04-12T22:01:27+00:00","mainEntityOfPage":{"@id":"https:\/\/www.celttv.com.ar\/index.php\/2024\/04\/12\/proyecto-de-resolucion-de-juntos-preocupacion-por-la-posible-privatizacion-del-banco-nacion\/"},"wordCount":784,"publisher":{"@id":"https:\/\/www.celttv.com.ar\/#organization"},"articleSection":["Comunidad","Destacadas","Pol\u00edtica"],"inLanguage":"es"},{"@type":"WebPage","@id":"https:\/\/www.celttv.com.ar\/index.php\/2024\/04\/12\/proyecto-de-resolucion-de-juntos-preocupacion-por-la-posible-privatizacion-del-banco-nacion\/","url":"https:\/\/www.celttv.com.ar\/index.php\/2024\/04\/12\/proyecto-de-resolucion-de-juntos-preocupacion-por-la-posible-privatizacion-del-banco-nacion\/","name":"Proyecto de Resoluci\u00f3n de Juntos: Preocupaci\u00f3n por la posible privatizaci\u00f3n del Banco Naci\u00f3n - CELTTV","isPartOf":{"@id":"https:\/\/www.celttv.com.ar\/#website"},"datePublished":"2024-04-12T22:01:27+00:00","dateModified":"2024-04-12T22:01:27+00:00","description":"Sitio web de noticias de la localidad de Tornquist, provincia de Buenos Aires, Rep\u00fablica Argentina. Contenido propio originado por periodistas de CELTTV, el canal de TV local de la Cooperativa El\u00e9ctrica de Tornquist. Turismo, Pol\u00edtica, Sociedad, Deporte, Cultura y todo el contenido de inter\u00e9s general que la gente del pueblo y la regi\u00f3n debe conocer.","breadcrumb":{"@id":"https:\/\/www.celttv.com.ar\/index.php\/2024\/04\/12\/proyecto-de-resolucion-de-juntos-preocupacion-por-la-posible-privatizacion-del-banco-nacion\/#breadcrumb"},"inLanguage":"es","potentialAction":[{"@type":"ReadAction","target":["https:\/\/www.celttv.com.ar\/index.php\/2024\/04\/12\/proyecto-de-resolucion-de-juntos-preocupacion-por-la-posible-privatizacion-del-banco-nacion\/"]}]},{"@type":"BreadcrumbList","@id":"https:\/\/www.celttv.com.ar\/index.php\/2024\/04\/12\/proyecto-de-resolucion-de-juntos-preocupacion-por-la-posible-privatizacion-del-banco-nacion\/#breadcrumb","itemListElement":[{"@type":"ListItem","position":1,"name":"Inicio","item":"https:\/\/www.celttv.com.ar\/"},{"@type":"ListItem","position":2,"name":"Proyecto de Resoluci\u00f3n de Juntos: Preocupaci\u00f3n por la posible privatizaci\u00f3n del Banco Naci\u00f3n"}]},{"@type":"WebSite","@id":"https:\/\/www.celttv.com.ar\/#website","url":"https:\/\/www.celttv.com.ar\/","name":"CELTTV","description":"Cooperativa El\u00e9ctrica de Tornquist","publisher":{"@id":"https:\/\/www.celttv.com.ar\/#organization"},"potentialAction":[{"@type":"SearchAction","target":{"@type":"EntryPoint","urlTemplate":"https:\/\/www.celttv.com.ar\/?s={search_term_string}"},"query-input":"required name=search_term_string"}],"inLanguage":"es"},{"@type":"Organization","@id":"https:\/\/www.celttv.com.ar\/#organization","name":"CELTTV","url":"https:\/\/www.celttv.com.ar\/","sameAs":["https:\/\/www.youtube.com\/channel\/UCz_oIt8Hig64Ub-EmcNPIhg","https:\/\/www.facebook.com\/celtTV\/"],"logo":{"@type":"ImageObject","inLanguage":"es","@id":"https:\/\/www.celttv.com.ar\/#\/schema\/logo\/image\/","url":"http:\/\/www.celttv.com.ar\/wp-content\/uploads\/2022\/08\/logo-1.png","contentUrl":"http:\/\/www.celttv.com.ar\/wp-content\/uploads\/2022\/08\/logo-1.png","width":461,"height":159,"caption":"CELTTV"},"image":{"@id":"https:\/\/www.celttv.com.ar\/#\/schema\/logo\/image\/"}},{"@type":"Person","@id":"https:\/\/www.celttv.com.ar\/#\/schema\/person\/9059dc91dc7204ef4182cdb65225f07d","name":"Miguel Herrada","image":{"@type":"ImageObject","inLanguage":"es","@id":"https:\/\/www.celttv.com.ar\/#\/schema\/person\/image\/","url":"https:\/\/secure.gravatar.com\/avatar\/67724d5b3c716623ffd76bec7e45841a442ac3b456e914dbba90b0fad2b8e0b1?s=96&d=mm&r=g","contentUrl":"https:\/\/secure.gravatar.com\/avatar\/67724d5b3c716623ffd76bec7e45841a442ac3b456e914dbba90b0fad2b8e0b1?s=96&d=mm&r=g","caption":"Miguel Herrada"}}]}},"_links":{"self":[{"href":"https:\/\/www.celttv.com.ar\/index.php\/wp-json\/wp\/v2\/posts\/83093","targetHints":{"allow":["GET"]}}],"collection":[{"href":"https:\/\/www.celttv.com.ar\/index.php\/wp-json\/wp\/v2\/posts"}],"about":[{"href":"https:\/\/www.celttv.com.ar\/index.php\/wp-json\/wp\/v2\/types\/post"}],"author":[{"embeddable":true,"href":"https:\/\/www.celttv.com.ar\/index.php\/wp-json\/wp\/v2\/users\/5"}],"replies":[{"embeddable":true,"href":"https:\/\/www.celttv.com.ar\/index.php\/wp-json\/wp\/v2\/comments?post=83093"}],"version-history":[{"count":1,"href":"https:\/\/www.celttv.com.ar\/index.php\/wp-json\/wp\/v2\/posts\/83093\/revisions"}],"predecessor-version":[{"id":83095,"href":"https:\/\/www.celttv.com.ar\/index.php\/wp-json\/wp\/v2\/posts\/83093\/revisions\/83095"}],"wp:featuredmedia":[{"embeddable":true,"href":"https:\/\/www.celttv.com.ar\/index.php\/wp-json\/wp\/v2\/media\/83094"}],"wp:attachment":[{"href":"https:\/\/www.celttv.com.ar\/index.php\/wp-json\/wp\/v2\/media?parent=83093"}],"wp:term":[{"taxonomy":"category","embeddable":true,"href":"https:\/\/www.celttv.com.ar\/index.php\/wp-json\/wp\/v2\/categories?post=83093"},{"taxonomy":"post_tag","embeddable":true,"href":"https:\/\/www.celttv.com.ar\/index.php\/wp-json\/wp\/v2\/tags?post=83093"}],"curies":[{"name":"wp","href":"https:\/\/api.w.org\/{rel}","templated":true}]}}