{"id":83177,"date":"2024-04-16T12:31:06","date_gmt":"2024-04-16T15:31:06","guid":{"rendered":"https:\/\/www.celttv.com.ar\/?p=83177"},"modified":"2024-04-16T16:46:39","modified_gmt":"2024-04-16T19:46:39","slug":"celt-informa-sobre-el-micro-corte-de-energia-realizado","status":"publish","type":"post","link":"https:\/\/www.celttv.com.ar\/index.php\/2024\/04\/16\/celt-informa-sobre-el-micro-corte-de-energia-realizado\/","title":{"rendered":"CELT. Informa sobre el micro corte de energ\u00eda realizado"},"content":{"rendered":"<h4>La Cooperativa El\u00e9ctrica de Tornquist, luego del corte de energ\u00eda producido esta ma\u00f1ana por la salida de servicio de la l\u00ednea de 132kv. de la empresa Transba que dej\u00f3 sin servicio a nuestra localidad, Ruta 33, Villa Serrana La Gruta y San Andres, momentaneamente se recibia\u00a0 alimentaci\u00f3n desde la l\u00ednea deePigu\u00e9.<\/h4>\n<h4>Posteriormente la empresa Edes solicit\u00f3 realizar \u00e9ste microcorte para poder volver a la configuraci\u00f3n original y normalizar el servicio en todo el \u00e1rea concesi\u00f3n<\/h4>\n<h4>Hubo sectores del \u00e1rea de concesi\u00f3n de la CELT., en la zona rural, donde llovieron mas de 150 mm., acompa\u00f1ado por fuertes r\u00e1fagas de viento, lo cual dificult\u00f3 el acceso de veh\u00edculos y personal para la reposici\u00f3n del servicio el\u00e9ctrico.<\/h4>\n<h5>Fotos gentileza personal de la CELT. de Tornquist y Villa Ventana<\/h5>\n<p><img loading=\"lazy\" decoding=\"async\" class=\"alignnone wp-image-83183 size-large\" src=\"https:\/\/www.celttv.com.ar\/wp-content\/uploads\/2024\/04\/1-4-576x1024.jpg\" alt=\"\" width=\"576\" height=\"1024\" srcset=\"https:\/\/www.celttv.com.ar\/wp-content\/uploads\/2024\/04\/1-4-576x1024.jpg 576w, https:\/\/www.celttv.com.ar\/wp-content\/uploads\/2024\/04\/1-4-169x300.jpg 169w, https:\/\/www.celttv.com.ar\/wp-content\/uploads\/2024\/04\/1-4-768x1365.jpg 768w, https:\/\/www.celttv.com.ar\/wp-content\/uploads\/2024\/04\/1-4-864x1536.jpg 864w, https:\/\/www.celttv.com.ar\/wp-content\/uploads\/2024\/04\/1-4-750x1333.jpg 750w, https:\/\/www.celttv.com.ar\/wp-content\/uploads\/2024\/04\/1-4.jpg 900w\" sizes=\"auto, (max-width: 576px) 100vw, 576px\" \/> <img loading=\"lazy\" decoding=\"async\" class=\"alignnone wp-image-83184 size-large\" src=\"https:\/\/www.celttv.com.ar\/wp-content\/uploads\/2024\/04\/2-4-576x1024.jpg\" alt=\"\" width=\"576\" height=\"1024\" srcset=\"https:\/\/www.celttv.com.ar\/wp-content\/uploads\/2024\/04\/2-4-576x1024.jpg 576w, https:\/\/www.celttv.com.ar\/wp-content\/uploads\/2024\/04\/2-4-169x300.jpg 169w, https:\/\/www.celttv.com.ar\/wp-content\/uploads\/2024\/04\/2-4-768x1365.jpg 768w, https:\/\/www.celttv.com.ar\/wp-content\/uploads\/2024\/04\/2-4-864x1536.jpg 864w, https:\/\/www.celttv.com.ar\/wp-content\/uploads\/2024\/04\/2-4-750x1333.jpg 750w, https:\/\/www.celttv.com.ar\/wp-content\/uploads\/2024\/04\/2-4.jpg 900w\" sizes=\"auto, (max-width: 576px) 100vw, 576px\" \/> <img loading=\"lazy\" decoding=\"async\" class=\"alignnone wp-image-83185 size-large\" src=\"https:\/\/www.celttv.com.ar\/wp-content\/uploads\/2024\/04\/3-2-576x1024.jpg\" alt=\"\" width=\"576\" height=\"1024\" srcset=\"https:\/\/www.celttv.com.ar\/wp-content\/uploads\/2024\/04\/3-2-576x1024.jpg 576w, https:\/\/www.celttv.com.ar\/wp-content\/uploads\/2024\/04\/3-2-169x300.jpg 169w, https:\/\/www.celttv.com.ar\/wp-content\/uploads\/2024\/04\/3-2-768x1365.jpg 768w, https:\/\/www.celttv.com.ar\/wp-content\/uploads\/2024\/04\/3-2-864x1536.jpg 864w, https:\/\/www.celttv.com.ar\/wp-content\/uploads\/2024\/04\/3-2-750x1333.jpg 750w, https:\/\/www.celttv.com.ar\/wp-content\/uploads\/2024\/04\/3-2.jpg 900w\" sizes=\"auto, (max-width: 576px) 100vw, 576px\" \/> <img loading=\"lazy\" decoding=\"async\" class=\"alignnone wp-image-83186 size-large\" src=\"https:\/\/www.celttv.com.ar\/wp-content\/uploads\/2024\/04\/4-1-576x1024.jpg\" alt=\"\" width=\"576\" height=\"1024\" srcset=\"https:\/\/www.celttv.com.ar\/wp-content\/uploads\/2024\/04\/4-1-576x1024.jpg 576w, https:\/\/www.celttv.com.ar\/wp-content\/uploads\/2024\/04\/4-1-169x300.jpg 169w, https:\/\/www.celttv.com.ar\/wp-content\/uploads\/2024\/04\/4-1-768x1365.jpg 768w, https:\/\/www.celttv.com.ar\/wp-content\/uploads\/2024\/04\/4-1-864x1536.jpg 864w, https:\/\/www.celttv.com.ar\/wp-content\/uploads\/2024\/04\/4-1-750x1333.jpg 750w, https:\/\/www.celttv.com.ar\/wp-content\/uploads\/2024\/04\/4-1.jpg 900w\" sizes=\"auto, (max-width: 576px) 100vw, 576px\" \/> <img loading=\"lazy\" decoding=\"async\" class=\"alignnone wp-image-83187 size-large\" src=\"https:\/\/www.celttv.com.ar\/wp-content\/uploads\/2024\/04\/5-2-576x1024.jpg\" alt=\"\" width=\"576\" height=\"1024\" srcset=\"https:\/\/www.celttv.com.ar\/wp-content\/uploads\/2024\/04\/5-2-576x1024.jpg 576w, https:\/\/www.celttv.com.ar\/wp-content\/uploads\/2024\/04\/5-2-169x300.jpg 169w, https:\/\/www.celttv.com.ar\/wp-content\/uploads\/2024\/04\/5-2-768x1365.jpg 768w, https:\/\/www.celttv.com.ar\/wp-content\/uploads\/2024\/04\/5-2-864x1536.jpg 864w, https:\/\/www.celttv.com.ar\/wp-content\/uploads\/2024\/04\/5-2-750x1333.jpg 750w, https:\/\/www.celttv.com.ar\/wp-content\/uploads\/2024\/04\/5-2.jpg 900w\" sizes=\"auto, (max-width: 576px) 100vw, 576px\" \/> <img loading=\"lazy\" decoding=\"async\" class=\"alignnone wp-image-83188 size-large\" src=\"https:\/\/www.celttv.com.ar\/wp-content\/uploads\/2024\/04\/6-1-576x1024.jpg\" alt=\"\" width=\"576\" height=\"1024\" srcset=\"https:\/\/www.celttv.com.ar\/wp-content\/uploads\/2024\/04\/6-1-576x1024.jpg 576w, https:\/\/www.celttv.com.ar\/wp-content\/uploads\/2024\/04\/6-1-169x300.jpg 169w, https:\/\/www.celttv.com.ar\/wp-content\/uploads\/2024\/04\/6-1-768x1365.jpg 768w, https:\/\/www.celttv.com.ar\/wp-content\/uploads\/2024\/04\/6-1-864x1536.jpg 864w, https:\/\/www.celttv.com.ar\/wp-content\/uploads\/2024\/04\/6-1-750x1333.jpg 750w, https:\/\/www.celttv.com.ar\/wp-content\/uploads\/2024\/04\/6-1.jpg 900w\" sizes=\"auto, (max-width: 576px) 100vw, 576px\" \/> <img loading=\"lazy\" decoding=\"async\" class=\"alignnone wp-image-83189 size-large\" src=\"https:\/\/www.celttv.com.ar\/wp-content\/uploads\/2024\/04\/7-1-461x1024.jpg\" alt=\"\" width=\"461\" height=\"1024\" srcset=\"https:\/\/www.celttv.com.ar\/wp-content\/uploads\/2024\/04\/7-1-461x1024.jpg 461w, https:\/\/www.celttv.com.ar\/wp-content\/uploads\/2024\/04\/7-1-135x300.jpg 135w, https:\/\/www.celttv.com.ar\/wp-content\/uploads\/2024\/04\/7-1-691x1536.jpg 691w, https:\/\/www.celttv.com.ar\/wp-content\/uploads\/2024\/04\/7-1.jpg 720w\" sizes=\"auto, (max-width: 461px) 100vw, 461px\" \/> <img loading=\"lazy\" decoding=\"async\" class=\"alignnone wp-image-83190 size-large\" src=\"https:\/\/www.celttv.com.ar\/wp-content\/uploads\/2024\/04\/8-1-766x1024.jpg\" alt=\"\" width=\"766\" height=\"1024\" srcset=\"https:\/\/www.celttv.com.ar\/wp-content\/uploads\/2024\/04\/8-1-766x1024.jpg 766w, https:\/\/www.celttv.com.ar\/wp-content\/uploads\/2024\/04\/8-1-225x300.jpg 225w, https:\/\/www.celttv.com.ar\/wp-content\/uploads\/2024\/04\/8-1-768x1026.jpg 768w, https:\/\/www.celttv.com.ar\/wp-content\/uploads\/2024\/04\/8-1-750x1002.jpg 750w, https:\/\/www.celttv.com.ar\/wp-content\/uploads\/2024\/04\/8-1.jpg 958w\" sizes=\"auto, (max-width: 766px) 100vw, 766px\" \/><\/p>\n<p>&nbsp;<\/p>\n<p>&nbsp;<\/p>\n","protected":false},"excerpt":{"rendered":"<p>La Cooperativa El\u00e9ctrica de Tornquist, luego del corte de energ\u00eda producido esta ma\u00f1ana por la salida de servicio de la l\u00ednea de 132kv. de la empresa Transba que dej\u00f3 sin servicio a nuestra localidad, Ruta 33, Villa Serrana La Gruta y San Andres, momentaneamente se recibia\u00a0 alimentaci\u00f3n desde la l\u00ednea deePigu\u00e9. Posteriormente la empresa Edes [&hellip;]<\/p>\n","protected":false},"author":3,"featured_media":83190,"comment_status":"closed","ping_status":"closed","sticky":false,"template":"","format":"standard","meta":{"footnotes":""},"categories":[52,1],"tags":[],"class_list":["post-83177","post","type-post","status-publish","format-standard","has-post-thumbnail","hentry","category-destacadas","category-sin-categoria"],"yoast_head":"<!-- This site is optimized with the Yoast SEO plugin v19.7.1 - https:\/\/yoast.com\/wordpress\/plugins\/seo\/ -->\n<title>CELT. Informa sobre el micro corte de energ\u00eda realizado - CELTTV<\/title>\n<meta name=\"description\" content=\"Sitio web de noticias de la localidad de Tornquist, provincia de Buenos Aires, Rep\u00fablica Argentina. Contenido propio originado por periodistas de CELTTV, el canal de TV local de la Cooperativa El\u00e9ctrica de Tornquist. Turismo, Pol\u00edtica, Sociedad, Deporte, Cultura y todo el contenido de inter\u00e9s general que la gente del pueblo y la regi\u00f3n debe conocer.\" \/>\n<meta name=\"robots\" content=\"index, follow, max-snippet:-1, max-image-preview:large, max-video-preview:-1\" \/>\n<link rel=\"canonical\" href=\"https:\/\/www.celttv.com.ar\/index.php\/2024\/04\/16\/celt-informa-sobre-el-micro-corte-de-energia-realizado\/\" \/>\n<meta property=\"og:locale\" content=\"es_ES\" \/>\n<meta property=\"og:type\" content=\"article\" \/>\n<meta property=\"og:title\" content=\"CELT. Informa sobre el micro corte de energ\u00eda realizado - CELTTV\" \/>\n<meta property=\"og:description\" content=\"Sitio web de noticias de la localidad de Tornquist, provincia de Buenos Aires, Rep\u00fablica Argentina. Contenido propio originado por periodistas de CELTTV, el canal de TV local de la Cooperativa El\u00e9ctrica de Tornquist. Turismo, Pol\u00edtica, Sociedad, Deporte, Cultura y todo el contenido de inter\u00e9s general que la gente del pueblo y la regi\u00f3n debe conocer.\" \/>\n<meta property=\"og:url\" content=\"https:\/\/www.celttv.com.ar\/index.php\/2024\/04\/16\/celt-informa-sobre-el-micro-corte-de-energia-realizado\/\" \/>\n<meta property=\"og:site_name\" content=\"CELTTV\" \/>\n<meta property=\"article:publisher\" content=\"https:\/\/www.facebook.com\/celtTV\/\" \/>\n<meta property=\"article:published_time\" content=\"2024-04-16T15:31:06+00:00\" \/>\n<meta property=\"article:modified_time\" content=\"2024-04-16T19:46:39+00:00\" \/>\n<meta property=\"og:image\" content=\"https:\/\/www.celttv.com.ar\/wp-content\/uploads\/2024\/04\/8-1.jpg\" \/>\n\t<meta property=\"og:image:width\" content=\"958\" \/>\n\t<meta property=\"og:image:height\" content=\"1280\" \/>\n\t<meta property=\"og:image:type\" content=\"image\/jpeg\" \/>\n<meta name=\"author\" content=\"Rodrigo Sgammini\" \/>\n<meta name=\"twitter:card\" content=\"summary_large_image\" \/>\n<meta name=\"twitter:label1\" content=\"Escrito por\" \/>\n\t<meta name=\"twitter:data1\" content=\"Rodrigo Sgammini\" \/>\n\t<meta name=\"twitter:label2\" content=\"Tiempo de lectura\" \/>\n\t<meta name=\"twitter:data2\" content=\"1 minuto\" \/>\n<script type=\"application\/ld+json\" class=\"yoast-schema-graph\">{\"@context\":\"https:\/\/schema.org\",\"@graph\":[{\"@type\":\"NewsArticle\",\"@id\":\"https:\/\/www.celttv.com.ar\/index.php\/2024\/04\/16\/celt-informa-sobre-el-micro-corte-de-energia-realizado\/#article\",\"isPartOf\":{\"@id\":\"https:\/\/www.celttv.com.ar\/index.php\/2024\/04\/16\/celt-informa-sobre-el-micro-corte-de-energia-realizado\/\"},\"author\":{\"name\":\"Rodrigo Sgammini\",\"@id\":\"https:\/\/www.celttv.com.ar\/#\/schema\/person\/495be51d064edd971d8457f8f64eb172\"},\"headline\":\"CELT. Informa sobre el micro corte de energ\u00eda realizado\",\"datePublished\":\"2024-04-16T15:31:06+00:00\",\"dateModified\":\"2024-04-16T19:46:39+00:00\",\"mainEntityOfPage\":{\"@id\":\"https:\/\/www.celttv.com.ar\/index.php\/2024\/04\/16\/celt-informa-sobre-el-micro-corte-de-energia-realizado\/\"},\"wordCount\":150,\"publisher\":{\"@id\":\"https:\/\/www.celttv.com.ar\/#organization\"},\"articleSection\":[\"Destacadas\"],\"inLanguage\":\"es\"},{\"@type\":\"WebPage\",\"@id\":\"https:\/\/www.celttv.com.ar\/index.php\/2024\/04\/16\/celt-informa-sobre-el-micro-corte-de-energia-realizado\/\",\"url\":\"https:\/\/www.celttv.com.ar\/index.php\/2024\/04\/16\/celt-informa-sobre-el-micro-corte-de-energia-realizado\/\",\"name\":\"CELT. Informa sobre el micro corte de energ\u00eda realizado - CELTTV\",\"isPartOf\":{\"@id\":\"https:\/\/www.celttv.com.ar\/#website\"},\"datePublished\":\"2024-04-16T15:31:06+00:00\",\"dateModified\":\"2024-04-16T19:46:39+00:00\",\"description\":\"Sitio web de noticias de la localidad de Tornquist, provincia de Buenos Aires, Rep\u00fablica Argentina. Contenido propio originado por periodistas de CELTTV, el canal de TV local de la Cooperativa El\u00e9ctrica de Tornquist. Turismo, Pol\u00edtica, Sociedad, Deporte, Cultura y todo el contenido de inter\u00e9s general que la gente del pueblo y la regi\u00f3n debe conocer.\",\"breadcrumb\":{\"@id\":\"https:\/\/www.celttv.com.ar\/index.php\/2024\/04\/16\/celt-informa-sobre-el-micro-corte-de-energia-realizado\/#breadcrumb\"},\"inLanguage\":\"es\",\"potentialAction\":[{\"@type\":\"ReadAction\",\"target\":[\"https:\/\/www.celttv.com.ar\/index.php\/2024\/04\/16\/celt-informa-sobre-el-micro-corte-de-energia-realizado\/\"]}]},{\"@type\":\"BreadcrumbList\",\"@id\":\"https:\/\/www.celttv.com.ar\/index.php\/2024\/04\/16\/celt-informa-sobre-el-micro-corte-de-energia-realizado\/#breadcrumb\",\"itemListElement\":[{\"@type\":\"ListItem\",\"position\":1,\"name\":\"Inicio\",\"item\":\"https:\/\/www.celttv.com.ar\/\"},{\"@type\":\"ListItem\",\"position\":2,\"name\":\"CELT. Informa sobre el micro corte de energ\u00eda realizado\"}]},{\"@type\":\"WebSite\",\"@id\":\"https:\/\/www.celttv.com.ar\/#website\",\"url\":\"https:\/\/www.celttv.com.ar\/\",\"name\":\"CELTTV\",\"description\":\"Cooperativa El\u00e9ctrica de Tornquist\",\"publisher\":{\"@id\":\"https:\/\/www.celttv.com.ar\/#organization\"},\"potentialAction\":[{\"@type\":\"SearchAction\",\"target\":{\"@type\":\"EntryPoint\",\"urlTemplate\":\"https:\/\/www.celttv.com.ar\/?s={search_term_string}\"},\"query-input\":\"required name=search_term_string\"}],\"inLanguage\":\"es\"},{\"@type\":\"Organization\",\"@id\":\"https:\/\/www.celttv.com.ar\/#organization\",\"name\":\"CELTTV\",\"url\":\"https:\/\/www.celttv.com.ar\/\",\"sameAs\":[\"https:\/\/www.youtube.com\/channel\/UCz_oIt8Hig64Ub-EmcNPIhg\",\"https:\/\/www.facebook.com\/celtTV\/\"],\"logo\":{\"@type\":\"ImageObject\",\"inLanguage\":\"es\",\"@id\":\"https:\/\/www.celttv.com.ar\/#\/schema\/logo\/image\/\",\"url\":\"http:\/\/www.celttv.com.ar\/wp-content\/uploads\/2022\/08\/logo-1.png\",\"contentUrl\":\"http:\/\/www.celttv.com.ar\/wp-content\/uploads\/2022\/08\/logo-1.png\",\"width\":461,\"height\":159,\"caption\":\"CELTTV\"},\"image\":{\"@id\":\"https:\/\/www.celttv.com.ar\/#\/schema\/logo\/image\/\"}},{\"@type\":\"Person\",\"@id\":\"https:\/\/www.celttv.com.ar\/#\/schema\/person\/495be51d064edd971d8457f8f64eb172\",\"name\":\"Rodrigo Sgammini\",\"image\":{\"@type\":\"ImageObject\",\"inLanguage\":\"es\",\"@id\":\"https:\/\/www.celttv.com.ar\/#\/schema\/person\/image\/\",\"url\":\"https:\/\/secure.gravatar.com\/avatar\/68f7848d42735e7a9276b47cd6e606327d88f521c51ae39d88888b76902e2987?s=96&d=mm&r=g\",\"contentUrl\":\"https:\/\/secure.gravatar.com\/avatar\/68f7848d42735e7a9276b47cd6e606327d88f521c51ae39d88888b76902e2987?s=96&d=mm&r=g\",\"caption\":\"Rodrigo Sgammini\"}}]}<\/script>\n<!-- \/ Yoast SEO plugin. -->","yoast_head_json":{"title":"CELT. Informa sobre el micro corte de energ\u00eda realizado - CELTTV","description":"Sitio web de noticias de la localidad de Tornquist, provincia de Buenos Aires, Rep\u00fablica Argentina. Contenido propio originado por periodistas de CELTTV, el canal de TV local de la Cooperativa El\u00e9ctrica de Tornquist. Turismo, Pol\u00edtica, Sociedad, Deporte, Cultura y todo el contenido de inter\u00e9s general que la gente del pueblo y la regi\u00f3n debe conocer.","robots":{"index":"index","follow":"follow","max-snippet":"max-snippet:-1","max-image-preview":"max-image-preview:large","max-video-preview":"max-video-preview:-1"},"canonical":"https:\/\/www.celttv.com.ar\/index.php\/2024\/04\/16\/celt-informa-sobre-el-micro-corte-de-energia-realizado\/","og_locale":"es_ES","og_type":"article","og_title":"CELT. Informa sobre el micro corte de energ\u00eda realizado - CELTTV","og_description":"Sitio web de noticias de la localidad de Tornquist, provincia de Buenos Aires, Rep\u00fablica Argentina. Contenido propio originado por periodistas de CELTTV, el canal de TV local de la Cooperativa El\u00e9ctrica de Tornquist. Turismo, Pol\u00edtica, Sociedad, Deporte, Cultura y todo el contenido de inter\u00e9s general que la gente del pueblo y la regi\u00f3n debe conocer.","og_url":"https:\/\/www.celttv.com.ar\/index.php\/2024\/04\/16\/celt-informa-sobre-el-micro-corte-de-energia-realizado\/","og_site_name":"CELTTV","article_publisher":"https:\/\/www.facebook.com\/celtTV\/","article_published_time":"2024-04-16T15:31:06+00:00","article_modified_time":"2024-04-16T19:46:39+00:00","og_image":[{"width":958,"height":1280,"url":"https:\/\/www.celttv.com.ar\/wp-content\/uploads\/2024\/04\/8-1.jpg","type":"image\/jpeg"}],"author":"Rodrigo Sgammini","twitter_card":"summary_large_image","twitter_misc":{"Escrito por":"Rodrigo Sgammini","Tiempo de lectura":"1 minuto"},"schema":{"@context":"https:\/\/schema.org","@graph":[{"@type":"NewsArticle","@id":"https:\/\/www.celttv.com.ar\/index.php\/2024\/04\/16\/celt-informa-sobre-el-micro-corte-de-energia-realizado\/#article","isPartOf":{"@id":"https:\/\/www.celttv.com.ar\/index.php\/2024\/04\/16\/celt-informa-sobre-el-micro-corte-de-energia-realizado\/"},"author":{"name":"Rodrigo Sgammini","@id":"https:\/\/www.celttv.com.ar\/#\/schema\/person\/495be51d064edd971d8457f8f64eb172"},"headline":"CELT. Informa sobre el micro corte de energ\u00eda realizado","datePublished":"2024-04-16T15:31:06+00:00","dateModified":"2024-04-16T19:46:39+00:00","mainEntityOfPage":{"@id":"https:\/\/www.celttv.com.ar\/index.php\/2024\/04\/16\/celt-informa-sobre-el-micro-corte-de-energia-realizado\/"},"wordCount":150,"publisher":{"@id":"https:\/\/www.celttv.com.ar\/#organization"},"articleSection":["Destacadas"],"inLanguage":"es"},{"@type":"WebPage","@id":"https:\/\/www.celttv.com.ar\/index.php\/2024\/04\/16\/celt-informa-sobre-el-micro-corte-de-energia-realizado\/","url":"https:\/\/www.celttv.com.ar\/index.php\/2024\/04\/16\/celt-informa-sobre-el-micro-corte-de-energia-realizado\/","name":"CELT. Informa sobre el micro corte de energ\u00eda realizado - CELTTV","isPartOf":{"@id":"https:\/\/www.celttv.com.ar\/#website"},"datePublished":"2024-04-16T15:31:06+00:00","dateModified":"2024-04-16T19:46:39+00:00","description":"Sitio web de noticias de la localidad de Tornquist, provincia de Buenos Aires, Rep\u00fablica Argentina. Contenido propio originado por periodistas de CELTTV, el canal de TV local de la Cooperativa El\u00e9ctrica de Tornquist. Turismo, Pol\u00edtica, Sociedad, Deporte, Cultura y todo el contenido de inter\u00e9s general que la gente del pueblo y la regi\u00f3n debe conocer.","breadcrumb":{"@id":"https:\/\/www.celttv.com.ar\/index.php\/2024\/04\/16\/celt-informa-sobre-el-micro-corte-de-energia-realizado\/#breadcrumb"},"inLanguage":"es","potentialAction":[{"@type":"ReadAction","target":["https:\/\/www.celttv.com.ar\/index.php\/2024\/04\/16\/celt-informa-sobre-el-micro-corte-de-energia-realizado\/"]}]},{"@type":"BreadcrumbList","@id":"https:\/\/www.celttv.com.ar\/index.php\/2024\/04\/16\/celt-informa-sobre-el-micro-corte-de-energia-realizado\/#breadcrumb","itemListElement":[{"@type":"ListItem","position":1,"name":"Inicio","item":"https:\/\/www.celttv.com.ar\/"},{"@type":"ListItem","position":2,"name":"CELT. Informa sobre el micro corte de energ\u00eda realizado"}]},{"@type":"WebSite","@id":"https:\/\/www.celttv.com.ar\/#website","url":"https:\/\/www.celttv.com.ar\/","name":"CELTTV","description":"Cooperativa El\u00e9ctrica de Tornquist","publisher":{"@id":"https:\/\/www.celttv.com.ar\/#organization"},"potentialAction":[{"@type":"SearchAction","target":{"@type":"EntryPoint","urlTemplate":"https:\/\/www.celttv.com.ar\/?s={search_term_string}"},"query-input":"required name=search_term_string"}],"inLanguage":"es"},{"@type":"Organization","@id":"https:\/\/www.celttv.com.ar\/#organization","name":"CELTTV","url":"https:\/\/www.celttv.com.ar\/","sameAs":["https:\/\/www.youtube.com\/channel\/UCz_oIt8Hig64Ub-EmcNPIhg","https:\/\/www.facebook.com\/celtTV\/"],"logo":{"@type":"ImageObject","inLanguage":"es","@id":"https:\/\/www.celttv.com.ar\/#\/schema\/logo\/image\/","url":"http:\/\/www.celttv.com.ar\/wp-content\/uploads\/2022\/08\/logo-1.png","contentUrl":"http:\/\/www.celttv.com.ar\/wp-content\/uploads\/2022\/08\/logo-1.png","width":461,"height":159,"caption":"CELTTV"},"image":{"@id":"https:\/\/www.celttv.com.ar\/#\/schema\/logo\/image\/"}},{"@type":"Person","@id":"https:\/\/www.celttv.com.ar\/#\/schema\/person\/495be51d064edd971d8457f8f64eb172","name":"Rodrigo Sgammini","image":{"@type":"ImageObject","inLanguage":"es","@id":"https:\/\/www.celttv.com.ar\/#\/schema\/person\/image\/","url":"https:\/\/secure.gravatar.com\/avatar\/68f7848d42735e7a9276b47cd6e606327d88f521c51ae39d88888b76902e2987?s=96&d=mm&r=g","contentUrl":"https:\/\/secure.gravatar.com\/avatar\/68f7848d42735e7a9276b47cd6e606327d88f521c51ae39d88888b76902e2987?s=96&d=mm&r=g","caption":"Rodrigo Sgammini"}}]}},"_links":{"self":[{"href":"https:\/\/www.celttv.com.ar\/index.php\/wp-json\/wp\/v2\/posts\/83177","targetHints":{"allow":["GET"]}}],"collection":[{"href":"https:\/\/www.celttv.com.ar\/index.php\/wp-json\/wp\/v2\/posts"}],"about":[{"href":"https:\/\/www.celttv.com.ar\/index.php\/wp-json\/wp\/v2\/types\/post"}],"author":[{"embeddable":true,"href":"https:\/\/www.celttv.com.ar\/index.php\/wp-json\/wp\/v2\/users\/3"}],"replies":[{"embeddable":true,"href":"https:\/\/www.celttv.com.ar\/index.php\/wp-json\/wp\/v2\/comments?post=83177"}],"version-history":[{"count":3,"href":"https:\/\/www.celttv.com.ar\/index.php\/wp-json\/wp\/v2\/posts\/83177\/revisions"}],"predecessor-version":[{"id":83191,"href":"https:\/\/www.celttv.com.ar\/index.php\/wp-json\/wp\/v2\/posts\/83177\/revisions\/83191"}],"wp:featuredmedia":[{"embeddable":true,"href":"https:\/\/www.celttv.com.ar\/index.php\/wp-json\/wp\/v2\/media\/83190"}],"wp:attachment":[{"href":"https:\/\/www.celttv.com.ar\/index.php\/wp-json\/wp\/v2\/media?parent=83177"}],"wp:term":[{"taxonomy":"category","embeddable":true,"href":"https:\/\/www.celttv.com.ar\/index.php\/wp-json\/wp\/v2\/categories?post=83177"},{"taxonomy":"post_tag","embeddable":true,"href":"https:\/\/www.celttv.com.ar\/index.php\/wp-json\/wp\/v2\/tags?post=83177"}],"curies":[{"name":"wp","href":"https:\/\/api.w.org\/{rel}","templated":true}]}}