{"id":83200,"date":"2024-04-16T19:48:47","date_gmt":"2024-04-16T22:48:47","guid":{"rendered":"https:\/\/www.celttv.com.ar\/?p=83200"},"modified":"2024-04-16T19:53:10","modified_gmt":"2024-04-16T22:53:10","slug":"celt-informa-el-temporal-provoco-danos-en-el-servicio-de-television-de-villa-ventana-y-tornquist","status":"publish","type":"post","link":"https:\/\/www.celttv.com.ar\/index.php\/2024\/04\/16\/celt-informa-el-temporal-provoco-danos-en-el-servicio-de-television-de-villa-ventana-y-tornquist\/","title":{"rendered":"CELT Informa: El temporal provoc\u00f3 da\u00f1os en el servicio de televisi\u00f3n de Villa Ventana y Tornquist"},"content":{"rendered":"<h4>En Villa Ventana el fuerte viento y la intensa lluvia provocaron la ca\u00edda de ramas y \u00e1rboles lo que, adem\u00e1s del servicio el\u00e9ctrico, origin\u00f3 inconvenientes en la red de televisi\u00f3n.<\/h4>\n<h4>Personal del \u00e1rea de telecomunicaciones de la CELT., luego de varias horas de trabajo, repar\u00f3 las l\u00edneas troncales afectadas y varias bajadas de abonados que resultaron da\u00f1adas.<\/h4>\n<h4>A media tarde de \u00e9ste martes el servicio logr\u00f3 ser restablecido en su totalidad.<\/h4>\n<h4>En Tornquist el servicio de cable e internet se vio afectado al quemarse un nodo ubicado en Lamela y Ventura Picado.<\/h4>\n<h4>Personal del \u00e1rea de Telecomunicaciones procedi\u00f3 al cambio del nodo y ambos servicios fueron repuestos con normalidad.<\/h4>\n<p><img loading=\"lazy\" decoding=\"async\" class=\"alignnone wp-image-83201 size-large\" src=\"https:\/\/www.celttv.com.ar\/wp-content\/uploads\/2024\/04\/1-5-576x1024.jpg\" alt=\"\" width=\"576\" height=\"1024\" srcset=\"https:\/\/www.celttv.com.ar\/wp-content\/uploads\/2024\/04\/1-5-576x1024.jpg 576w, https:\/\/www.celttv.com.ar\/wp-content\/uploads\/2024\/04\/1-5-169x300.jpg 169w, https:\/\/www.celttv.com.ar\/wp-content\/uploads\/2024\/04\/1-5-768x1366.jpg 768w, https:\/\/www.celttv.com.ar\/wp-content\/uploads\/2024\/04\/1-5-864x1536.jpg 864w, https:\/\/www.celttv.com.ar\/wp-content\/uploads\/2024\/04\/1-5-750x1334.jpg 750w, https:\/\/www.celttv.com.ar\/wp-content\/uploads\/2024\/04\/1-5.jpg 899w\" sizes=\"auto, (max-width: 576px) 100vw, 576px\" \/> <img loading=\"lazy\" decoding=\"async\" class=\"alignnone wp-image-83202 size-large\" src=\"https:\/\/www.celttv.com.ar\/wp-content\/uploads\/2024\/04\/3-3-576x1024.jpg\" alt=\"\" width=\"576\" height=\"1024\" srcset=\"https:\/\/www.celttv.com.ar\/wp-content\/uploads\/2024\/04\/3-3-576x1024.jpg 576w, https:\/\/www.celttv.com.ar\/wp-content\/uploads\/2024\/04\/3-3-169x300.jpg 169w, https:\/\/www.celttv.com.ar\/wp-content\/uploads\/2024\/04\/3-3-768x1366.jpg 768w, https:\/\/www.celttv.com.ar\/wp-content\/uploads\/2024\/04\/3-3-864x1536.jpg 864w, https:\/\/www.celttv.com.ar\/wp-content\/uploads\/2024\/04\/3-3-750x1334.jpg 750w, https:\/\/www.celttv.com.ar\/wp-content\/uploads\/2024\/04\/3-3.jpg 899w\" sizes=\"auto, (max-width: 576px) 100vw, 576px\" \/> <img loading=\"lazy\" decoding=\"async\" class=\"alignnone wp-image-83203 size-large\" src=\"https:\/\/www.celttv.com.ar\/wp-content\/uploads\/2024\/04\/4-2-576x1024.jpg\" alt=\"\" width=\"576\" height=\"1024\" srcset=\"https:\/\/www.celttv.com.ar\/wp-content\/uploads\/2024\/04\/4-2-576x1024.jpg 576w, https:\/\/www.celttv.com.ar\/wp-content\/uploads\/2024\/04\/4-2-169x300.jpg 169w, https:\/\/www.celttv.com.ar\/wp-content\/uploads\/2024\/04\/4-2-768x1366.jpg 768w, https:\/\/www.celttv.com.ar\/wp-content\/uploads\/2024\/04\/4-2-864x1536.jpg 864w, https:\/\/www.celttv.com.ar\/wp-content\/uploads\/2024\/04\/4-2-750x1334.jpg 750w, https:\/\/www.celttv.com.ar\/wp-content\/uploads\/2024\/04\/4-2.jpg 899w\" sizes=\"auto, (max-width: 576px) 100vw, 576px\" \/> <img loading=\"lazy\" decoding=\"async\" class=\"alignnone wp-image-83204 size-large\" src=\"https:\/\/www.celttv.com.ar\/wp-content\/uploads\/2024\/04\/5-3-576x1024.jpg\" alt=\"\" width=\"576\" height=\"1024\" srcset=\"https:\/\/www.celttv.com.ar\/wp-content\/uploads\/2024\/04\/5-3-576x1024.jpg 576w, https:\/\/www.celttv.com.ar\/wp-content\/uploads\/2024\/04\/5-3-169x300.jpg 169w, https:\/\/www.celttv.com.ar\/wp-content\/uploads\/2024\/04\/5-3-768x1366.jpg 768w, https:\/\/www.celttv.com.ar\/wp-content\/uploads\/2024\/04\/5-3-864x1536.jpg 864w, https:\/\/www.celttv.com.ar\/wp-content\/uploads\/2024\/04\/5-3-750x1334.jpg 750w, https:\/\/www.celttv.com.ar\/wp-content\/uploads\/2024\/04\/5-3.jpg 899w\" sizes=\"auto, (max-width: 576px) 100vw, 576px\" \/> <img loading=\"lazy\" decoding=\"async\" class=\"alignnone wp-image-83205 size-large\" src=\"https:\/\/www.celttv.com.ar\/wp-content\/uploads\/2024\/04\/7-2-1024x576.jpg\" alt=\"\" width=\"1024\" height=\"576\" srcset=\"https:\/\/www.celttv.com.ar\/wp-content\/uploads\/2024\/04\/7-2-1024x576.jpg 1024w, https:\/\/www.celttv.com.ar\/wp-content\/uploads\/2024\/04\/7-2-300x169.jpg 300w, https:\/\/www.celttv.com.ar\/wp-content\/uploads\/2024\/04\/7-2-768x432.jpg 768w, https:\/\/www.celttv.com.ar\/wp-content\/uploads\/2024\/04\/7-2-1536x864.jpg 1536w, https:\/\/www.celttv.com.ar\/wp-content\/uploads\/2024\/04\/7-2-750x422.jpg 750w, https:\/\/www.celttv.com.ar\/wp-content\/uploads\/2024\/04\/7-2-1140x641.jpg 1140w, https:\/\/www.celttv.com.ar\/wp-content\/uploads\/2024\/04\/7-2.jpg 1599w\" sizes=\"auto, (max-width: 1024px) 100vw, 1024px\" \/><\/p>\n<h4><img loading=\"lazy\" decoding=\"async\" class=\"alignnone wp-image-83206 size-large\" src=\"https:\/\/www.celttv.com.ar\/wp-content\/uploads\/2024\/04\/9-1-1024x576.jpg\" alt=\"\" width=\"1024\" height=\"576\" srcset=\"https:\/\/www.celttv.com.ar\/wp-content\/uploads\/2024\/04\/9-1-1024x576.jpg 1024w, https:\/\/www.celttv.com.ar\/wp-content\/uploads\/2024\/04\/9-1-300x169.jpg 300w, https:\/\/www.celttv.com.ar\/wp-content\/uploads\/2024\/04\/9-1-768x432.jpg 768w, https:\/\/www.celttv.com.ar\/wp-content\/uploads\/2024\/04\/9-1-1536x864.jpg 1536w, https:\/\/www.celttv.com.ar\/wp-content\/uploads\/2024\/04\/9-1-750x422.jpg 750w, https:\/\/www.celttv.com.ar\/wp-content\/uploads\/2024\/04\/9-1-1140x641.jpg 1140w, https:\/\/www.celttv.com.ar\/wp-content\/uploads\/2024\/04\/9-1.jpg 1599w\" sizes=\"auto, (max-width: 1024px) 100vw, 1024px\" \/> <img loading=\"lazy\" decoding=\"async\" class=\"alignnone wp-image-83207 size-large\" src=\"https:\/\/www.celttv.com.ar\/wp-content\/uploads\/2024\/04\/11-1-576x1024.jpg\" alt=\"\" width=\"576\" height=\"1024\" srcset=\"https:\/\/www.celttv.com.ar\/wp-content\/uploads\/2024\/04\/11-1-576x1024.jpg 576w, https:\/\/www.celttv.com.ar\/wp-content\/uploads\/2024\/04\/11-1-169x300.jpg 169w, https:\/\/www.celttv.com.ar\/wp-content\/uploads\/2024\/04\/11-1-768x1366.jpg 768w, https:\/\/www.celttv.com.ar\/wp-content\/uploads\/2024\/04\/11-1-864x1536.jpg 864w, https:\/\/www.celttv.com.ar\/wp-content\/uploads\/2024\/04\/11-1-750x1334.jpg 750w, https:\/\/www.celttv.com.ar\/wp-content\/uploads\/2024\/04\/11-1.jpg 899w\" sizes=\"auto, (max-width: 576px) 100vw, 576px\" \/><\/h4>\n<p>&nbsp;<\/p>\n<p>&nbsp;<\/p>\n","protected":false},"excerpt":{"rendered":"<p>En Villa Ventana el fuerte viento y la intensa lluvia provocaron la ca\u00edda de ramas y \u00e1rboles lo que, adem\u00e1s del servicio el\u00e9ctrico, origin\u00f3 inconvenientes en la red de televisi\u00f3n. Personal del \u00e1rea de telecomunicaciones de la CELT., luego de varias horas de trabajo, repar\u00f3 las l\u00edneas troncales afectadas y varias bajadas de abonados que [&hellip;]<\/p>\n","protected":false},"author":5,"featured_media":83208,"comment_status":"closed","ping_status":"closed","sticky":false,"template":"","format":"standard","meta":{"footnotes":""},"categories":[55,51,52],"tags":[],"class_list":["post-83200","post","type-post","status-publish","format-standard","has-post-thumbnail","hentry","category-celt-tv-noticias","category-comunidad","category-destacadas"],"yoast_head":"<!-- This site is optimized with the Yoast SEO plugin v19.7.1 - https:\/\/yoast.com\/wordpress\/plugins\/seo\/ -->\n<title>CELT Informa: El temporal provoc\u00f3 da\u00f1os en el servicio de televisi\u00f3n de Villa Ventana y Tornquist - CELTTV<\/title>\n<meta name=\"description\" content=\"Sitio web de noticias de la localidad de Tornquist, provincia de Buenos Aires, Rep\u00fablica Argentina. Contenido propio originado por periodistas de CELTTV, el canal de TV local de la Cooperativa El\u00e9ctrica de Tornquist. Turismo, Pol\u00edtica, Sociedad, Deporte, Cultura y todo el contenido de inter\u00e9s general que la gente del pueblo y la regi\u00f3n debe conocer.\" \/>\n<meta name=\"robots\" content=\"index, follow, max-snippet:-1, max-image-preview:large, max-video-preview:-1\" \/>\n<link rel=\"canonical\" href=\"https:\/\/www.celttv.com.ar\/index.php\/2024\/04\/16\/celt-informa-el-temporal-provoco-danos-en-el-servicio-de-television-de-villa-ventana-y-tornquist\/\" \/>\n<meta property=\"og:locale\" content=\"es_ES\" \/>\n<meta property=\"og:type\" content=\"article\" \/>\n<meta property=\"og:title\" content=\"CELT Informa: El temporal provoc\u00f3 da\u00f1os en el servicio de televisi\u00f3n de Villa Ventana y Tornquist - CELTTV\" \/>\n<meta property=\"og:description\" content=\"Sitio web de noticias de la localidad de Tornquist, provincia de Buenos Aires, Rep\u00fablica Argentina. Contenido propio originado por periodistas de CELTTV, el canal de TV local de la Cooperativa El\u00e9ctrica de Tornquist. Turismo, Pol\u00edtica, Sociedad, Deporte, Cultura y todo el contenido de inter\u00e9s general que la gente del pueblo y la regi\u00f3n debe conocer.\" \/>\n<meta property=\"og:url\" content=\"https:\/\/www.celttv.com.ar\/index.php\/2024\/04\/16\/celt-informa-el-temporal-provoco-danos-en-el-servicio-de-television-de-villa-ventana-y-tornquist\/\" \/>\n<meta property=\"og:site_name\" content=\"CELTTV\" \/>\n<meta property=\"article:publisher\" content=\"https:\/\/www.facebook.com\/celtTV\/\" \/>\n<meta property=\"article:published_time\" content=\"2024-04-16T22:48:47+00:00\" \/>\n<meta property=\"article:modified_time\" content=\"2024-04-16T22:53:10+00:00\" \/>\n<meta property=\"og:image\" content=\"https:\/\/www.celttv.com.ar\/wp-content\/uploads\/2024\/04\/portaada.jpg\" \/>\n\t<meta property=\"og:image:width\" content=\"1451\" \/>\n\t<meta property=\"og:image:height\" content=\"889\" \/>\n\t<meta property=\"og:image:type\" content=\"image\/jpeg\" \/>\n<meta name=\"author\" content=\"Miguel Herrada\" \/>\n<meta name=\"twitter:card\" content=\"summary_large_image\" \/>\n<meta name=\"twitter:label1\" content=\"Escrito por\" \/>\n\t<meta name=\"twitter:data1\" content=\"Miguel Herrada\" \/>\n\t<meta name=\"twitter:label2\" content=\"Tiempo de lectura\" \/>\n\t<meta name=\"twitter:data2\" content=\"1 minuto\" \/>\n<script type=\"application\/ld+json\" class=\"yoast-schema-graph\">{\"@context\":\"https:\/\/schema.org\",\"@graph\":[{\"@type\":\"NewsArticle\",\"@id\":\"https:\/\/www.celttv.com.ar\/index.php\/2024\/04\/16\/celt-informa-el-temporal-provoco-danos-en-el-servicio-de-television-de-villa-ventana-y-tornquist\/#article\",\"isPartOf\":{\"@id\":\"https:\/\/www.celttv.com.ar\/index.php\/2024\/04\/16\/celt-informa-el-temporal-provoco-danos-en-el-servicio-de-television-de-villa-ventana-y-tornquist\/\"},\"author\":{\"name\":\"Miguel Herrada\",\"@id\":\"https:\/\/www.celttv.com.ar\/#\/schema\/person\/9059dc91dc7204ef4182cdb65225f07d\"},\"headline\":\"CELT Informa: El temporal provoc\u00f3 da\u00f1os en el servicio de televisi\u00f3n de Villa Ventana y Tornquist\",\"datePublished\":\"2024-04-16T22:48:47+00:00\",\"dateModified\":\"2024-04-16T22:53:10+00:00\",\"mainEntityOfPage\":{\"@id\":\"https:\/\/www.celttv.com.ar\/index.php\/2024\/04\/16\/celt-informa-el-temporal-provoco-danos-en-el-servicio-de-television-de-villa-ventana-y-tornquist\/\"},\"wordCount\":135,\"publisher\":{\"@id\":\"https:\/\/www.celttv.com.ar\/#organization\"},\"articleSection\":[\"Celt TV Noticias\",\"Comunidad\",\"Destacadas\"],\"inLanguage\":\"es\"},{\"@type\":\"WebPage\",\"@id\":\"https:\/\/www.celttv.com.ar\/index.php\/2024\/04\/16\/celt-informa-el-temporal-provoco-danos-en-el-servicio-de-television-de-villa-ventana-y-tornquist\/\",\"url\":\"https:\/\/www.celttv.com.ar\/index.php\/2024\/04\/16\/celt-informa-el-temporal-provoco-danos-en-el-servicio-de-television-de-villa-ventana-y-tornquist\/\",\"name\":\"CELT Informa: El temporal provoc\u00f3 da\u00f1os en el servicio de televisi\u00f3n de Villa Ventana y Tornquist - CELTTV\",\"isPartOf\":{\"@id\":\"https:\/\/www.celttv.com.ar\/#website\"},\"datePublished\":\"2024-04-16T22:48:47+00:00\",\"dateModified\":\"2024-04-16T22:53:10+00:00\",\"description\":\"Sitio web de noticias de la localidad de Tornquist, provincia de Buenos Aires, Rep\u00fablica Argentina. Contenido propio originado por periodistas de CELTTV, el canal de TV local de la Cooperativa El\u00e9ctrica de Tornquist. Turismo, Pol\u00edtica, Sociedad, Deporte, Cultura y todo el contenido de inter\u00e9s general que la gente del pueblo y la regi\u00f3n debe conocer.\",\"breadcrumb\":{\"@id\":\"https:\/\/www.celttv.com.ar\/index.php\/2024\/04\/16\/celt-informa-el-temporal-provoco-danos-en-el-servicio-de-television-de-villa-ventana-y-tornquist\/#breadcrumb\"},\"inLanguage\":\"es\",\"potentialAction\":[{\"@type\":\"ReadAction\",\"target\":[\"https:\/\/www.celttv.com.ar\/index.php\/2024\/04\/16\/celt-informa-el-temporal-provoco-danos-en-el-servicio-de-television-de-villa-ventana-y-tornquist\/\"]}]},{\"@type\":\"BreadcrumbList\",\"@id\":\"https:\/\/www.celttv.com.ar\/index.php\/2024\/04\/16\/celt-informa-el-temporal-provoco-danos-en-el-servicio-de-television-de-villa-ventana-y-tornquist\/#breadcrumb\",\"itemListElement\":[{\"@type\":\"ListItem\",\"position\":1,\"name\":\"Inicio\",\"item\":\"https:\/\/www.celttv.com.ar\/\"},{\"@type\":\"ListItem\",\"position\":2,\"name\":\"CELT Informa: El temporal provoc\u00f3 da\u00f1os en el servicio de televisi\u00f3n de Villa Ventana y Tornquist\"}]},{\"@type\":\"WebSite\",\"@id\":\"https:\/\/www.celttv.com.ar\/#website\",\"url\":\"https:\/\/www.celttv.com.ar\/\",\"name\":\"CELTTV\",\"description\":\"Cooperativa El\u00e9ctrica de Tornquist\",\"publisher\":{\"@id\":\"https:\/\/www.celttv.com.ar\/#organization\"},\"potentialAction\":[{\"@type\":\"SearchAction\",\"target\":{\"@type\":\"EntryPoint\",\"urlTemplate\":\"https:\/\/www.celttv.com.ar\/?s={search_term_string}\"},\"query-input\":\"required name=search_term_string\"}],\"inLanguage\":\"es\"},{\"@type\":\"Organization\",\"@id\":\"https:\/\/www.celttv.com.ar\/#organization\",\"name\":\"CELTTV\",\"url\":\"https:\/\/www.celttv.com.ar\/\",\"sameAs\":[\"https:\/\/www.youtube.com\/channel\/UCz_oIt8Hig64Ub-EmcNPIhg\",\"https:\/\/www.facebook.com\/celtTV\/\"],\"logo\":{\"@type\":\"ImageObject\",\"inLanguage\":\"es\",\"@id\":\"https:\/\/www.celttv.com.ar\/#\/schema\/logo\/image\/\",\"url\":\"http:\/\/www.celttv.com.ar\/wp-content\/uploads\/2022\/08\/logo-1.png\",\"contentUrl\":\"http:\/\/www.celttv.com.ar\/wp-content\/uploads\/2022\/08\/logo-1.png\",\"width\":461,\"height\":159,\"caption\":\"CELTTV\"},\"image\":{\"@id\":\"https:\/\/www.celttv.com.ar\/#\/schema\/logo\/image\/\"}},{\"@type\":\"Person\",\"@id\":\"https:\/\/www.celttv.com.ar\/#\/schema\/person\/9059dc91dc7204ef4182cdb65225f07d\",\"name\":\"Miguel Herrada\",\"image\":{\"@type\":\"ImageObject\",\"inLanguage\":\"es\",\"@id\":\"https:\/\/www.celttv.com.ar\/#\/schema\/person\/image\/\",\"url\":\"https:\/\/secure.gravatar.com\/avatar\/67724d5b3c716623ffd76bec7e45841a442ac3b456e914dbba90b0fad2b8e0b1?s=96&d=mm&r=g\",\"contentUrl\":\"https:\/\/secure.gravatar.com\/avatar\/67724d5b3c716623ffd76bec7e45841a442ac3b456e914dbba90b0fad2b8e0b1?s=96&d=mm&r=g\",\"caption\":\"Miguel Herrada\"}}]}<\/script>\n<!-- \/ Yoast SEO plugin. -->","yoast_head_json":{"title":"CELT Informa: El temporal provoc\u00f3 da\u00f1os en el servicio de televisi\u00f3n de Villa Ventana y Tornquist - CELTTV","description":"Sitio web de noticias de la localidad de Tornquist, provincia de Buenos Aires, Rep\u00fablica Argentina. Contenido propio originado por periodistas de CELTTV, el canal de TV local de la Cooperativa El\u00e9ctrica de Tornquist. Turismo, Pol\u00edtica, Sociedad, Deporte, Cultura y todo el contenido de inter\u00e9s general que la gente del pueblo y la regi\u00f3n debe conocer.","robots":{"index":"index","follow":"follow","max-snippet":"max-snippet:-1","max-image-preview":"max-image-preview:large","max-video-preview":"max-video-preview:-1"},"canonical":"https:\/\/www.celttv.com.ar\/index.php\/2024\/04\/16\/celt-informa-el-temporal-provoco-danos-en-el-servicio-de-television-de-villa-ventana-y-tornquist\/","og_locale":"es_ES","og_type":"article","og_title":"CELT Informa: El temporal provoc\u00f3 da\u00f1os en el servicio de televisi\u00f3n de Villa Ventana y Tornquist - CELTTV","og_description":"Sitio web de noticias de la localidad de Tornquist, provincia de Buenos Aires, Rep\u00fablica Argentina. Contenido propio originado por periodistas de CELTTV, el canal de TV local de la Cooperativa El\u00e9ctrica de Tornquist. Turismo, Pol\u00edtica, Sociedad, Deporte, Cultura y todo el contenido de inter\u00e9s general que la gente del pueblo y la regi\u00f3n debe conocer.","og_url":"https:\/\/www.celttv.com.ar\/index.php\/2024\/04\/16\/celt-informa-el-temporal-provoco-danos-en-el-servicio-de-television-de-villa-ventana-y-tornquist\/","og_site_name":"CELTTV","article_publisher":"https:\/\/www.facebook.com\/celtTV\/","article_published_time":"2024-04-16T22:48:47+00:00","article_modified_time":"2024-04-16T22:53:10+00:00","og_image":[{"width":1451,"height":889,"url":"https:\/\/www.celttv.com.ar\/wp-content\/uploads\/2024\/04\/portaada.jpg","type":"image\/jpeg"}],"author":"Miguel Herrada","twitter_card":"summary_large_image","twitter_misc":{"Escrito por":"Miguel Herrada","Tiempo de lectura":"1 minuto"},"schema":{"@context":"https:\/\/schema.org","@graph":[{"@type":"NewsArticle","@id":"https:\/\/www.celttv.com.ar\/index.php\/2024\/04\/16\/celt-informa-el-temporal-provoco-danos-en-el-servicio-de-television-de-villa-ventana-y-tornquist\/#article","isPartOf":{"@id":"https:\/\/www.celttv.com.ar\/index.php\/2024\/04\/16\/celt-informa-el-temporal-provoco-danos-en-el-servicio-de-television-de-villa-ventana-y-tornquist\/"},"author":{"name":"Miguel Herrada","@id":"https:\/\/www.celttv.com.ar\/#\/schema\/person\/9059dc91dc7204ef4182cdb65225f07d"},"headline":"CELT Informa: El temporal provoc\u00f3 da\u00f1os en el servicio de televisi\u00f3n de Villa Ventana y Tornquist","datePublished":"2024-04-16T22:48:47+00:00","dateModified":"2024-04-16T22:53:10+00:00","mainEntityOfPage":{"@id":"https:\/\/www.celttv.com.ar\/index.php\/2024\/04\/16\/celt-informa-el-temporal-provoco-danos-en-el-servicio-de-television-de-villa-ventana-y-tornquist\/"},"wordCount":135,"publisher":{"@id":"https:\/\/www.celttv.com.ar\/#organization"},"articleSection":["Celt TV Noticias","Comunidad","Destacadas"],"inLanguage":"es"},{"@type":"WebPage","@id":"https:\/\/www.celttv.com.ar\/index.php\/2024\/04\/16\/celt-informa-el-temporal-provoco-danos-en-el-servicio-de-television-de-villa-ventana-y-tornquist\/","url":"https:\/\/www.celttv.com.ar\/index.php\/2024\/04\/16\/celt-informa-el-temporal-provoco-danos-en-el-servicio-de-television-de-villa-ventana-y-tornquist\/","name":"CELT Informa: El temporal provoc\u00f3 da\u00f1os en el servicio de televisi\u00f3n de Villa Ventana y Tornquist - CELTTV","isPartOf":{"@id":"https:\/\/www.celttv.com.ar\/#website"},"datePublished":"2024-04-16T22:48:47+00:00","dateModified":"2024-04-16T22:53:10+00:00","description":"Sitio web de noticias de la localidad de Tornquist, provincia de Buenos Aires, Rep\u00fablica Argentina. Contenido propio originado por periodistas de CELTTV, el canal de TV local de la Cooperativa El\u00e9ctrica de Tornquist. Turismo, Pol\u00edtica, Sociedad, Deporte, Cultura y todo el contenido de inter\u00e9s general que la gente del pueblo y la regi\u00f3n debe conocer.","breadcrumb":{"@id":"https:\/\/www.celttv.com.ar\/index.php\/2024\/04\/16\/celt-informa-el-temporal-provoco-danos-en-el-servicio-de-television-de-villa-ventana-y-tornquist\/#breadcrumb"},"inLanguage":"es","potentialAction":[{"@type":"ReadAction","target":["https:\/\/www.celttv.com.ar\/index.php\/2024\/04\/16\/celt-informa-el-temporal-provoco-danos-en-el-servicio-de-television-de-villa-ventana-y-tornquist\/"]}]},{"@type":"BreadcrumbList","@id":"https:\/\/www.celttv.com.ar\/index.php\/2024\/04\/16\/celt-informa-el-temporal-provoco-danos-en-el-servicio-de-television-de-villa-ventana-y-tornquist\/#breadcrumb","itemListElement":[{"@type":"ListItem","position":1,"name":"Inicio","item":"https:\/\/www.celttv.com.ar\/"},{"@type":"ListItem","position":2,"name":"CELT Informa: El temporal provoc\u00f3 da\u00f1os en el servicio de televisi\u00f3n de Villa Ventana y Tornquist"}]},{"@type":"WebSite","@id":"https:\/\/www.celttv.com.ar\/#website","url":"https:\/\/www.celttv.com.ar\/","name":"CELTTV","description":"Cooperativa El\u00e9ctrica de Tornquist","publisher":{"@id":"https:\/\/www.celttv.com.ar\/#organization"},"potentialAction":[{"@type":"SearchAction","target":{"@type":"EntryPoint","urlTemplate":"https:\/\/www.celttv.com.ar\/?s={search_term_string}"},"query-input":"required name=search_term_string"}],"inLanguage":"es"},{"@type":"Organization","@id":"https:\/\/www.celttv.com.ar\/#organization","name":"CELTTV","url":"https:\/\/www.celttv.com.ar\/","sameAs":["https:\/\/www.youtube.com\/channel\/UCz_oIt8Hig64Ub-EmcNPIhg","https:\/\/www.facebook.com\/celtTV\/"],"logo":{"@type":"ImageObject","inLanguage":"es","@id":"https:\/\/www.celttv.com.ar\/#\/schema\/logo\/image\/","url":"http:\/\/www.celttv.com.ar\/wp-content\/uploads\/2022\/08\/logo-1.png","contentUrl":"http:\/\/www.celttv.com.ar\/wp-content\/uploads\/2022\/08\/logo-1.png","width":461,"height":159,"caption":"CELTTV"},"image":{"@id":"https:\/\/www.celttv.com.ar\/#\/schema\/logo\/image\/"}},{"@type":"Person","@id":"https:\/\/www.celttv.com.ar\/#\/schema\/person\/9059dc91dc7204ef4182cdb65225f07d","name":"Miguel Herrada","image":{"@type":"ImageObject","inLanguage":"es","@id":"https:\/\/www.celttv.com.ar\/#\/schema\/person\/image\/","url":"https:\/\/secure.gravatar.com\/avatar\/67724d5b3c716623ffd76bec7e45841a442ac3b456e914dbba90b0fad2b8e0b1?s=96&d=mm&r=g","contentUrl":"https:\/\/secure.gravatar.com\/avatar\/67724d5b3c716623ffd76bec7e45841a442ac3b456e914dbba90b0fad2b8e0b1?s=96&d=mm&r=g","caption":"Miguel Herrada"}}]}},"_links":{"self":[{"href":"https:\/\/www.celttv.com.ar\/index.php\/wp-json\/wp\/v2\/posts\/83200","targetHints":{"allow":["GET"]}}],"collection":[{"href":"https:\/\/www.celttv.com.ar\/index.php\/wp-json\/wp\/v2\/posts"}],"about":[{"href":"https:\/\/www.celttv.com.ar\/index.php\/wp-json\/wp\/v2\/types\/post"}],"author":[{"embeddable":true,"href":"https:\/\/www.celttv.com.ar\/index.php\/wp-json\/wp\/v2\/users\/5"}],"replies":[{"embeddable":true,"href":"https:\/\/www.celttv.com.ar\/index.php\/wp-json\/wp\/v2\/comments?post=83200"}],"version-history":[{"count":1,"href":"https:\/\/www.celttv.com.ar\/index.php\/wp-json\/wp\/v2\/posts\/83200\/revisions"}],"predecessor-version":[{"id":83209,"href":"https:\/\/www.celttv.com.ar\/index.php\/wp-json\/wp\/v2\/posts\/83200\/revisions\/83209"}],"wp:featuredmedia":[{"embeddable":true,"href":"https:\/\/www.celttv.com.ar\/index.php\/wp-json\/wp\/v2\/media\/83208"}],"wp:attachment":[{"href":"https:\/\/www.celttv.com.ar\/index.php\/wp-json\/wp\/v2\/media?parent=83200"}],"wp:term":[{"taxonomy":"category","embeddable":true,"href":"https:\/\/www.celttv.com.ar\/index.php\/wp-json\/wp\/v2\/categories?post=83200"},{"taxonomy":"post_tag","embeddable":true,"href":"https:\/\/www.celttv.com.ar\/index.php\/wp-json\/wp\/v2\/tags?post=83200"}],"curies":[{"name":"wp","href":"https:\/\/api.w.org\/{rel}","templated":true}]}}