{"id":83222,"date":"2024-04-18T19:29:56","date_gmt":"2024-04-18T22:29:56","guid":{"rendered":"https:\/\/www.celttv.com.ar\/?p=83222"},"modified":"2024-04-18T19:29:56","modified_gmt":"2024-04-18T22:29:56","slug":"vuelco-de-un-utilitario-en-el-ingreso-a-villa-ventana","status":"publish","type":"post","link":"https:\/\/www.celttv.com.ar\/index.php\/2024\/04\/18\/vuelco-de-un-utilitario-en-el-ingreso-a-villa-ventana\/","title":{"rendered":"Vuelco de un utilitario en el ingreso a Villa Ventana"},"content":{"rendered":"<div class=\"adelanto\">\n<p>Ocurri\u00f3 este jueves cerca de la hora 18.<\/p>\n<\/div>\n<div class=\"text\">\n<p>Seg\u00fan informaron a nuestro medio, este jueves alrededor de la hora 17.50, se produjo el vuelco de un utilitario Fiat Qubo en el acceso principal a Villa Ventana.<\/p>\n<p>Por el accidente fueron convocados los bomberos voluntarios de la localidad, Unidad Sanitaria y polic\u00eda para constatar el hecho en el que se vio involucrada la conductora del rodado patente LIF- 186,\u00a0<strong>LAURA REY (61).<\/strong><\/p>\n<p>Al arribar el personal constat\u00f3 luego de la revisi\u00f3n que no presentaba lesiones.<\/p>\n<p>El vuelco se produjo a un costado del camino y el veh\u00edculo qued\u00f3 posicionado sobre uno de los laterales.<\/p>\n<p>Fuente: Noticias Tornquist<\/p>\n<p><img loading=\"lazy\" decoding=\"async\" class=\"alignnone wp-image-83223 size-full\" src=\"https:\/\/www.celttv.com.ar\/wp-content\/uploads\/2024\/04\/1-6.jpg\" alt=\"\" width=\"800\" height=\"397\" srcset=\"https:\/\/www.celttv.com.ar\/wp-content\/uploads\/2024\/04\/1-6.jpg 800w, https:\/\/www.celttv.com.ar\/wp-content\/uploads\/2024\/04\/1-6-300x149.jpg 300w, https:\/\/www.celttv.com.ar\/wp-content\/uploads\/2024\/04\/1-6-768x381.jpg 768w, https:\/\/www.celttv.com.ar\/wp-content\/uploads\/2024\/04\/1-6-360x180.jpg 360w, https:\/\/www.celttv.com.ar\/wp-content\/uploads\/2024\/04\/1-6-750x372.jpg 750w\" sizes=\"auto, (max-width: 800px) 100vw, 800px\" \/> <img loading=\"lazy\" decoding=\"async\" class=\"alignnone wp-image-83224 size-full\" src=\"https:\/\/www.celttv.com.ar\/wp-content\/uploads\/2024\/04\/2-5.jpg\" alt=\"\" width=\"960\" height=\"590\" srcset=\"https:\/\/www.celttv.com.ar\/wp-content\/uploads\/2024\/04\/2-5.jpg 960w, https:\/\/www.celttv.com.ar\/wp-content\/uploads\/2024\/04\/2-5-300x184.jpg 300w, https:\/\/www.celttv.com.ar\/wp-content\/uploads\/2024\/04\/2-5-768x472.jpg 768w, https:\/\/www.celttv.com.ar\/wp-content\/uploads\/2024\/04\/2-5-750x461.jpg 750w\" sizes=\"auto, (max-width: 960px) 100vw, 960px\" \/> <img loading=\"lazy\" decoding=\"async\" class=\"alignnone wp-image-83225 size-full\" src=\"https:\/\/www.celttv.com.ar\/wp-content\/uploads\/2024\/04\/3-4.jpg\" alt=\"\" width=\"742\" height=\"383\" srcset=\"https:\/\/www.celttv.com.ar\/wp-content\/uploads\/2024\/04\/3-4.jpg 742w, https:\/\/www.celttv.com.ar\/wp-content\/uploads\/2024\/04\/3-4-300x155.jpg 300w\" sizes=\"auto, (max-width: 742px) 100vw, 742px\" \/> <img loading=\"lazy\" decoding=\"async\" class=\"alignnone wp-image-83226 size-full\" src=\"https:\/\/www.celttv.com.ar\/wp-content\/uploads\/2024\/04\/4-3.jpg\" alt=\"\" width=\"794\" height=\"301\" srcset=\"https:\/\/www.celttv.com.ar\/wp-content\/uploads\/2024\/04\/4-3.jpg 794w, https:\/\/www.celttv.com.ar\/wp-content\/uploads\/2024\/04\/4-3-300x114.jpg 300w, https:\/\/www.celttv.com.ar\/wp-content\/uploads\/2024\/04\/4-3-768x291.jpg 768w, https:\/\/www.celttv.com.ar\/wp-content\/uploads\/2024\/04\/4-3-750x284.jpg 750w\" sizes=\"auto, (max-width: 794px) 100vw, 794px\" \/><\/p>\n<\/div>\n","protected":false},"excerpt":{"rendered":"<p>Ocurri\u00f3 este jueves cerca de la hora 18. Seg\u00fan informaron a nuestro medio, este jueves alrededor de la hora 17.50, se produjo el vuelco de un utilitario Fiat Qubo en el acceso principal a Villa Ventana. Por el accidente fueron convocados los bomberos voluntarios de la localidad, Unidad Sanitaria y polic\u00eda para constatar el hecho [&hellip;]<\/p>\n","protected":false},"author":5,"featured_media":83223,"comment_status":"closed","ping_status":"closed","sticky":false,"template":"","format":"standard","meta":{"footnotes":""},"categories":[51,52,61],"tags":[],"class_list":["post-83222","post","type-post","status-publish","format-standard","has-post-thumbnail","hentry","category-comunidad","category-destacadas","category-policiales"],"yoast_head":"<!-- This site is optimized with the Yoast SEO plugin v19.7.1 - https:\/\/yoast.com\/wordpress\/plugins\/seo\/ -->\n<title>Vuelco de un utilitario en el ingreso a Villa Ventana - CELTTV<\/title>\n<meta name=\"description\" content=\"Sitio web de noticias de la localidad de Tornquist, provincia de Buenos Aires, Rep\u00fablica Argentina. Contenido propio originado por periodistas de CELTTV, el canal de TV local de la Cooperativa El\u00e9ctrica de Tornquist. Turismo, Pol\u00edtica, Sociedad, Deporte, Cultura y todo el contenido de inter\u00e9s general que la gente del pueblo y la regi\u00f3n debe conocer.\" \/>\n<meta name=\"robots\" content=\"index, follow, max-snippet:-1, max-image-preview:large, max-video-preview:-1\" \/>\n<link rel=\"canonical\" href=\"https:\/\/www.celttv.com.ar\/index.php\/2024\/04\/18\/vuelco-de-un-utilitario-en-el-ingreso-a-villa-ventana\/\" \/>\n<meta property=\"og:locale\" content=\"es_ES\" \/>\n<meta property=\"og:type\" content=\"article\" \/>\n<meta property=\"og:title\" content=\"Vuelco de un utilitario en el ingreso a Villa Ventana - CELTTV\" \/>\n<meta property=\"og:description\" content=\"Sitio web de noticias de la localidad de Tornquist, provincia de Buenos Aires, Rep\u00fablica Argentina. Contenido propio originado por periodistas de CELTTV, el canal de TV local de la Cooperativa El\u00e9ctrica de Tornquist. Turismo, Pol\u00edtica, Sociedad, Deporte, Cultura y todo el contenido de inter\u00e9s general que la gente del pueblo y la regi\u00f3n debe conocer.\" \/>\n<meta property=\"og:url\" content=\"https:\/\/www.celttv.com.ar\/index.php\/2024\/04\/18\/vuelco-de-un-utilitario-en-el-ingreso-a-villa-ventana\/\" \/>\n<meta property=\"og:site_name\" content=\"CELTTV\" \/>\n<meta property=\"article:publisher\" content=\"https:\/\/www.facebook.com\/celtTV\/\" \/>\n<meta property=\"article:published_time\" content=\"2024-04-18T22:29:56+00:00\" \/>\n<meta property=\"og:image\" content=\"https:\/\/www.celttv.com.ar\/wp-content\/uploads\/2024\/04\/1-6.jpg\" \/>\n\t<meta property=\"og:image:width\" content=\"800\" \/>\n\t<meta property=\"og:image:height\" content=\"397\" \/>\n\t<meta property=\"og:image:type\" content=\"image\/jpeg\" \/>\n<meta name=\"author\" content=\"Miguel Herrada\" \/>\n<meta name=\"twitter:card\" content=\"summary_large_image\" \/>\n<meta name=\"twitter:label1\" content=\"Escrito por\" \/>\n\t<meta name=\"twitter:data1\" content=\"Miguel Herrada\" \/>\n\t<meta name=\"twitter:label2\" content=\"Tiempo de lectura\" \/>\n\t<meta name=\"twitter:data2\" content=\"1 minuto\" \/>\n<script type=\"application\/ld+json\" class=\"yoast-schema-graph\">{\"@context\":\"https:\/\/schema.org\",\"@graph\":[{\"@type\":\"NewsArticle\",\"@id\":\"https:\/\/www.celttv.com.ar\/index.php\/2024\/04\/18\/vuelco-de-un-utilitario-en-el-ingreso-a-villa-ventana\/#article\",\"isPartOf\":{\"@id\":\"https:\/\/www.celttv.com.ar\/index.php\/2024\/04\/18\/vuelco-de-un-utilitario-en-el-ingreso-a-villa-ventana\/\"},\"author\":{\"name\":\"Miguel Herrada\",\"@id\":\"https:\/\/www.celttv.com.ar\/#\/schema\/person\/9059dc91dc7204ef4182cdb65225f07d\"},\"headline\":\"Vuelco de un utilitario en el ingreso a Villa Ventana\",\"datePublished\":\"2024-04-18T22:29:56+00:00\",\"dateModified\":\"2024-04-18T22:29:56+00:00\",\"mainEntityOfPage\":{\"@id\":\"https:\/\/www.celttv.com.ar\/index.php\/2024\/04\/18\/vuelco-de-un-utilitario-en-el-ingreso-a-villa-ventana\/\"},\"wordCount\":116,\"publisher\":{\"@id\":\"https:\/\/www.celttv.com.ar\/#organization\"},\"articleSection\":[\"Comunidad\",\"Destacadas\",\"Policiales\"],\"inLanguage\":\"es\"},{\"@type\":\"WebPage\",\"@id\":\"https:\/\/www.celttv.com.ar\/index.php\/2024\/04\/18\/vuelco-de-un-utilitario-en-el-ingreso-a-villa-ventana\/\",\"url\":\"https:\/\/www.celttv.com.ar\/index.php\/2024\/04\/18\/vuelco-de-un-utilitario-en-el-ingreso-a-villa-ventana\/\",\"name\":\"Vuelco de un utilitario en el ingreso a Villa Ventana - CELTTV\",\"isPartOf\":{\"@id\":\"https:\/\/www.celttv.com.ar\/#website\"},\"datePublished\":\"2024-04-18T22:29:56+00:00\",\"dateModified\":\"2024-04-18T22:29:56+00:00\",\"description\":\"Sitio web de noticias de la localidad de Tornquist, provincia de Buenos Aires, Rep\u00fablica Argentina. Contenido propio originado por periodistas de CELTTV, el canal de TV local de la Cooperativa El\u00e9ctrica de Tornquist. Turismo, Pol\u00edtica, Sociedad, Deporte, Cultura y todo el contenido de inter\u00e9s general que la gente del pueblo y la regi\u00f3n debe conocer.\",\"breadcrumb\":{\"@id\":\"https:\/\/www.celttv.com.ar\/index.php\/2024\/04\/18\/vuelco-de-un-utilitario-en-el-ingreso-a-villa-ventana\/#breadcrumb\"},\"inLanguage\":\"es\",\"potentialAction\":[{\"@type\":\"ReadAction\",\"target\":[\"https:\/\/www.celttv.com.ar\/index.php\/2024\/04\/18\/vuelco-de-un-utilitario-en-el-ingreso-a-villa-ventana\/\"]}]},{\"@type\":\"BreadcrumbList\",\"@id\":\"https:\/\/www.celttv.com.ar\/index.php\/2024\/04\/18\/vuelco-de-un-utilitario-en-el-ingreso-a-villa-ventana\/#breadcrumb\",\"itemListElement\":[{\"@type\":\"ListItem\",\"position\":1,\"name\":\"Inicio\",\"item\":\"https:\/\/www.celttv.com.ar\/\"},{\"@type\":\"ListItem\",\"position\":2,\"name\":\"Vuelco de un utilitario en el ingreso a Villa Ventana\"}]},{\"@type\":\"WebSite\",\"@id\":\"https:\/\/www.celttv.com.ar\/#website\",\"url\":\"https:\/\/www.celttv.com.ar\/\",\"name\":\"CELTTV\",\"description\":\"Cooperativa El\u00e9ctrica de Tornquist\",\"publisher\":{\"@id\":\"https:\/\/www.celttv.com.ar\/#organization\"},\"potentialAction\":[{\"@type\":\"SearchAction\",\"target\":{\"@type\":\"EntryPoint\",\"urlTemplate\":\"https:\/\/www.celttv.com.ar\/?s={search_term_string}\"},\"query-input\":\"required name=search_term_string\"}],\"inLanguage\":\"es\"},{\"@type\":\"Organization\",\"@id\":\"https:\/\/www.celttv.com.ar\/#organization\",\"name\":\"CELTTV\",\"url\":\"https:\/\/www.celttv.com.ar\/\",\"sameAs\":[\"https:\/\/www.youtube.com\/channel\/UCz_oIt8Hig64Ub-EmcNPIhg\",\"https:\/\/www.facebook.com\/celtTV\/\"],\"logo\":{\"@type\":\"ImageObject\",\"inLanguage\":\"es\",\"@id\":\"https:\/\/www.celttv.com.ar\/#\/schema\/logo\/image\/\",\"url\":\"http:\/\/www.celttv.com.ar\/wp-content\/uploads\/2022\/08\/logo-1.png\",\"contentUrl\":\"http:\/\/www.celttv.com.ar\/wp-content\/uploads\/2022\/08\/logo-1.png\",\"width\":461,\"height\":159,\"caption\":\"CELTTV\"},\"image\":{\"@id\":\"https:\/\/www.celttv.com.ar\/#\/schema\/logo\/image\/\"}},{\"@type\":\"Person\",\"@id\":\"https:\/\/www.celttv.com.ar\/#\/schema\/person\/9059dc91dc7204ef4182cdb65225f07d\",\"name\":\"Miguel Herrada\",\"image\":{\"@type\":\"ImageObject\",\"inLanguage\":\"es\",\"@id\":\"https:\/\/www.celttv.com.ar\/#\/schema\/person\/image\/\",\"url\":\"https:\/\/secure.gravatar.com\/avatar\/67724d5b3c716623ffd76bec7e45841a442ac3b456e914dbba90b0fad2b8e0b1?s=96&d=mm&r=g\",\"contentUrl\":\"https:\/\/secure.gravatar.com\/avatar\/67724d5b3c716623ffd76bec7e45841a442ac3b456e914dbba90b0fad2b8e0b1?s=96&d=mm&r=g\",\"caption\":\"Miguel Herrada\"}}]}<\/script>\n<!-- \/ Yoast SEO plugin. -->","yoast_head_json":{"title":"Vuelco de un utilitario en el ingreso a Villa Ventana - CELTTV","description":"Sitio web de noticias de la localidad de Tornquist, provincia de Buenos Aires, Rep\u00fablica Argentina. Contenido propio originado por periodistas de CELTTV, el canal de TV local de la Cooperativa El\u00e9ctrica de Tornquist. Turismo, Pol\u00edtica, Sociedad, Deporte, Cultura y todo el contenido de inter\u00e9s general que la gente del pueblo y la regi\u00f3n debe conocer.","robots":{"index":"index","follow":"follow","max-snippet":"max-snippet:-1","max-image-preview":"max-image-preview:large","max-video-preview":"max-video-preview:-1"},"canonical":"https:\/\/www.celttv.com.ar\/index.php\/2024\/04\/18\/vuelco-de-un-utilitario-en-el-ingreso-a-villa-ventana\/","og_locale":"es_ES","og_type":"article","og_title":"Vuelco de un utilitario en el ingreso a Villa Ventana - CELTTV","og_description":"Sitio web de noticias de la localidad de Tornquist, provincia de Buenos Aires, Rep\u00fablica Argentina. Contenido propio originado por periodistas de CELTTV, el canal de TV local de la Cooperativa El\u00e9ctrica de Tornquist. Turismo, Pol\u00edtica, Sociedad, Deporte, Cultura y todo el contenido de inter\u00e9s general que la gente del pueblo y la regi\u00f3n debe conocer.","og_url":"https:\/\/www.celttv.com.ar\/index.php\/2024\/04\/18\/vuelco-de-un-utilitario-en-el-ingreso-a-villa-ventana\/","og_site_name":"CELTTV","article_publisher":"https:\/\/www.facebook.com\/celtTV\/","article_published_time":"2024-04-18T22:29:56+00:00","og_image":[{"width":800,"height":397,"url":"https:\/\/www.celttv.com.ar\/wp-content\/uploads\/2024\/04\/1-6.jpg","type":"image\/jpeg"}],"author":"Miguel Herrada","twitter_card":"summary_large_image","twitter_misc":{"Escrito por":"Miguel Herrada","Tiempo de lectura":"1 minuto"},"schema":{"@context":"https:\/\/schema.org","@graph":[{"@type":"NewsArticle","@id":"https:\/\/www.celttv.com.ar\/index.php\/2024\/04\/18\/vuelco-de-un-utilitario-en-el-ingreso-a-villa-ventana\/#article","isPartOf":{"@id":"https:\/\/www.celttv.com.ar\/index.php\/2024\/04\/18\/vuelco-de-un-utilitario-en-el-ingreso-a-villa-ventana\/"},"author":{"name":"Miguel Herrada","@id":"https:\/\/www.celttv.com.ar\/#\/schema\/person\/9059dc91dc7204ef4182cdb65225f07d"},"headline":"Vuelco de un utilitario en el ingreso a Villa Ventana","datePublished":"2024-04-18T22:29:56+00:00","dateModified":"2024-04-18T22:29:56+00:00","mainEntityOfPage":{"@id":"https:\/\/www.celttv.com.ar\/index.php\/2024\/04\/18\/vuelco-de-un-utilitario-en-el-ingreso-a-villa-ventana\/"},"wordCount":116,"publisher":{"@id":"https:\/\/www.celttv.com.ar\/#organization"},"articleSection":["Comunidad","Destacadas","Policiales"],"inLanguage":"es"},{"@type":"WebPage","@id":"https:\/\/www.celttv.com.ar\/index.php\/2024\/04\/18\/vuelco-de-un-utilitario-en-el-ingreso-a-villa-ventana\/","url":"https:\/\/www.celttv.com.ar\/index.php\/2024\/04\/18\/vuelco-de-un-utilitario-en-el-ingreso-a-villa-ventana\/","name":"Vuelco de un utilitario en el ingreso a Villa Ventana - CELTTV","isPartOf":{"@id":"https:\/\/www.celttv.com.ar\/#website"},"datePublished":"2024-04-18T22:29:56+00:00","dateModified":"2024-04-18T22:29:56+00:00","description":"Sitio web de noticias de la localidad de Tornquist, provincia de Buenos Aires, Rep\u00fablica Argentina. Contenido propio originado por periodistas de CELTTV, el canal de TV local de la Cooperativa El\u00e9ctrica de Tornquist. Turismo, Pol\u00edtica, Sociedad, Deporte, Cultura y todo el contenido de inter\u00e9s general que la gente del pueblo y la regi\u00f3n debe conocer.","breadcrumb":{"@id":"https:\/\/www.celttv.com.ar\/index.php\/2024\/04\/18\/vuelco-de-un-utilitario-en-el-ingreso-a-villa-ventana\/#breadcrumb"},"inLanguage":"es","potentialAction":[{"@type":"ReadAction","target":["https:\/\/www.celttv.com.ar\/index.php\/2024\/04\/18\/vuelco-de-un-utilitario-en-el-ingreso-a-villa-ventana\/"]}]},{"@type":"BreadcrumbList","@id":"https:\/\/www.celttv.com.ar\/index.php\/2024\/04\/18\/vuelco-de-un-utilitario-en-el-ingreso-a-villa-ventana\/#breadcrumb","itemListElement":[{"@type":"ListItem","position":1,"name":"Inicio","item":"https:\/\/www.celttv.com.ar\/"},{"@type":"ListItem","position":2,"name":"Vuelco de un utilitario en el ingreso a Villa Ventana"}]},{"@type":"WebSite","@id":"https:\/\/www.celttv.com.ar\/#website","url":"https:\/\/www.celttv.com.ar\/","name":"CELTTV","description":"Cooperativa El\u00e9ctrica de Tornquist","publisher":{"@id":"https:\/\/www.celttv.com.ar\/#organization"},"potentialAction":[{"@type":"SearchAction","target":{"@type":"EntryPoint","urlTemplate":"https:\/\/www.celttv.com.ar\/?s={search_term_string}"},"query-input":"required name=search_term_string"}],"inLanguage":"es"},{"@type":"Organization","@id":"https:\/\/www.celttv.com.ar\/#organization","name":"CELTTV","url":"https:\/\/www.celttv.com.ar\/","sameAs":["https:\/\/www.youtube.com\/channel\/UCz_oIt8Hig64Ub-EmcNPIhg","https:\/\/www.facebook.com\/celtTV\/"],"logo":{"@type":"ImageObject","inLanguage":"es","@id":"https:\/\/www.celttv.com.ar\/#\/schema\/logo\/image\/","url":"http:\/\/www.celttv.com.ar\/wp-content\/uploads\/2022\/08\/logo-1.png","contentUrl":"http:\/\/www.celttv.com.ar\/wp-content\/uploads\/2022\/08\/logo-1.png","width":461,"height":159,"caption":"CELTTV"},"image":{"@id":"https:\/\/www.celttv.com.ar\/#\/schema\/logo\/image\/"}},{"@type":"Person","@id":"https:\/\/www.celttv.com.ar\/#\/schema\/person\/9059dc91dc7204ef4182cdb65225f07d","name":"Miguel Herrada","image":{"@type":"ImageObject","inLanguage":"es","@id":"https:\/\/www.celttv.com.ar\/#\/schema\/person\/image\/","url":"https:\/\/secure.gravatar.com\/avatar\/67724d5b3c716623ffd76bec7e45841a442ac3b456e914dbba90b0fad2b8e0b1?s=96&d=mm&r=g","contentUrl":"https:\/\/secure.gravatar.com\/avatar\/67724d5b3c716623ffd76bec7e45841a442ac3b456e914dbba90b0fad2b8e0b1?s=96&d=mm&r=g","caption":"Miguel Herrada"}}]}},"_links":{"self":[{"href":"https:\/\/www.celttv.com.ar\/index.php\/wp-json\/wp\/v2\/posts\/83222","targetHints":{"allow":["GET"]}}],"collection":[{"href":"https:\/\/www.celttv.com.ar\/index.php\/wp-json\/wp\/v2\/posts"}],"about":[{"href":"https:\/\/www.celttv.com.ar\/index.php\/wp-json\/wp\/v2\/types\/post"}],"author":[{"embeddable":true,"href":"https:\/\/www.celttv.com.ar\/index.php\/wp-json\/wp\/v2\/users\/5"}],"replies":[{"embeddable":true,"href":"https:\/\/www.celttv.com.ar\/index.php\/wp-json\/wp\/v2\/comments?post=83222"}],"version-history":[{"count":1,"href":"https:\/\/www.celttv.com.ar\/index.php\/wp-json\/wp\/v2\/posts\/83222\/revisions"}],"predecessor-version":[{"id":83227,"href":"https:\/\/www.celttv.com.ar\/index.php\/wp-json\/wp\/v2\/posts\/83222\/revisions\/83227"}],"wp:featuredmedia":[{"embeddable":true,"href":"https:\/\/www.celttv.com.ar\/index.php\/wp-json\/wp\/v2\/media\/83223"}],"wp:attachment":[{"href":"https:\/\/www.celttv.com.ar\/index.php\/wp-json\/wp\/v2\/media?parent=83222"}],"wp:term":[{"taxonomy":"category","embeddable":true,"href":"https:\/\/www.celttv.com.ar\/index.php\/wp-json\/wp\/v2\/categories?post=83222"},{"taxonomy":"post_tag","embeddable":true,"href":"https:\/\/www.celttv.com.ar\/index.php\/wp-json\/wp\/v2\/tags?post=83222"}],"curies":[{"name":"wp","href":"https:\/\/api.w.org\/{rel}","templated":true}]}}