{"id":83233,"date":"2024-04-19T21:23:02","date_gmt":"2024-04-20T00:23:02","guid":{"rendered":"https:\/\/www.celttv.com.ar\/?p=83233"},"modified":"2024-04-19T21:23:02","modified_gmt":"2024-04-20T00:23:02","slug":"fuertes-cruces-en-el-hcd-por-la-compra-de-un-camion-compactador-de-basura-para-saldungaray-videos","status":"publish","type":"post","link":"https:\/\/www.celttv.com.ar\/index.php\/2024\/04\/19\/fuertes-cruces-en-el-hcd-por-la-compra-de-un-camion-compactador-de-basura-para-saldungaray-videos\/","title":{"rendered":"Fuertes cruces en el HCD. por la compra de un cami\u00f3n compactador de basura para Saldungaray (videos)"},"content":{"rendered":"<p>En este caso especial, la adquisici\u00f3n por medio de un leasing de un<strong>\u00a0cami\u00f3n compactador de basura para Saldungaray\u00a0<\/strong>que el departamento ejecutivo quer\u00eda tratar en la sesi\u00f3n del Honorable Concejo Deliberante, desemboc\u00f3 en intensos cruces entre el Intendente municipal Sergio Bordoni y especialmente con la cabeza de la oposici\u00f3n el concejal Luis Castro (UCR\/Juntos).<\/p>\n<p>Ocurre que se necesitan los 2\/3 de los votos para que esto se apruebe El oficialismo pretend\u00eda que se tratara sobre tablas para avanzar r\u00e1pidamente en la compra, pero ante la negativa de la oposici\u00f3n, el pedido qued\u00f3 trunco y el expediente se envi\u00f3 a comisi\u00f3n.<\/p>\n<p>Ocurrido esto, el Intendente anticip\u00e1ndos\u00e9 a lo que iba a ocurrir, hizo lugar a un articulado del reglamento interno del HCD y de la Ley Org\u00e1nica de las municipalidades que lo faculta para hacerse presente en la sesi\u00f3n y ser parte del debate.<\/p>\n<p>Bordoni una vez conocido el resultado apunt\u00f3 sus ca\u00f1ones desde el micr\u00f3fono al concejal Luis Castro al que trat\u00f3 de \u201cPoeta\u201d de las redes, en referencia a las publicaciones que generalmente realiza el bloque que preside.<\/p>\n<p>Por otro lado Castro, no tard\u00f3 en responderle y le aclar\u00f3 que a los concejales nadie los apretaba y menos se iban a prestar a lo que denomin\u00f3 un \u201cCirco\u201d medi\u00e1tico para dejar como malos a su bloque.<\/p>\n<p>Otros concejales tambi\u00e9n se refirieron al expediente tratado y hablaron en un tono mas bajo, Sandra Kifer que pidi\u00f3 ver el expediente para analizarlo, el concejal Marzialetti al que le quedaron tambi\u00e9n dudas sobre que tipo de residuos se trasladar\u00e1n a Tornquist.<\/p>\n<p>\u201cCayu\u201d Rojas de Saldungaray dijo que lamentaba que sus pares de la localidad no acompa\u00f1aran el proyecto y Martin Olhaberry, agradeci\u00f3 al Intendente la presencia y el trabajo para solucionar un tema que lleva d\u00e9cadas.<\/p>\n<p>Texto: Noticias Tornquist<\/p>\n<p>&nbsp;<\/p>\n<p><iframe loading=\"lazy\" title=\"2024 04 19 HCD   CRUCE ENTRE SERGIO BORDONI Y LUIS CASTRO\" width=\"500\" height=\"281\" src=\"https:\/\/www.youtube.com\/embed\/5HsrgmpkX3c?feature=oembed\" frameborder=\"0\" allow=\"accelerometer; autoplay; clipboard-write; encrypted-media; gyroscope; picture-in-picture; web-share\" referrerpolicy=\"strict-origin-when-cross-origin\" allowfullscreen><\/iframe><\/p>\n<p><iframe loading=\"lazy\" title=\"2024 04 19 HCD   NOTA SERGIO BORDONI\" width=\"500\" height=\"281\" src=\"https:\/\/www.youtube.com\/embed\/lso70hQw1jU?feature=oembed\" frameborder=\"0\" allow=\"accelerometer; autoplay; clipboard-write; encrypted-media; gyroscope; picture-in-picture; web-share\" referrerpolicy=\"strict-origin-when-cross-origin\" allowfullscreen><\/iframe><\/p>\n<p><iframe loading=\"lazy\" title=\"2024 04 19 HCD   NOTA A LUIS CASTRO\" width=\"500\" height=\"281\" src=\"https:\/\/www.youtube.com\/embed\/3J-vdEneDco?feature=oembed\" frameborder=\"0\" allow=\"accelerometer; autoplay; clipboard-write; encrypted-media; gyroscope; picture-in-picture; web-share\" referrerpolicy=\"strict-origin-when-cross-origin\" allowfullscreen><\/iframe><\/p>\n<p>&nbsp;<\/p>\n<p>&nbsp;<\/p>\n","protected":false},"excerpt":{"rendered":"<p>En este caso especial, la adquisici\u00f3n por medio de un leasing de un\u00a0cami\u00f3n compactador de basura para Saldungaray\u00a0que el departamento ejecutivo quer\u00eda tratar en la sesi\u00f3n del Honorable Concejo Deliberante, desemboc\u00f3 en intensos cruces entre el Intendente municipal Sergio Bordoni y especialmente con la cabeza de la oposici\u00f3n el concejal Luis Castro (UCR\/Juntos). Ocurre que [&hellip;]<\/p>\n","protected":false},"author":5,"featured_media":83234,"comment_status":"closed","ping_status":"closed","sticky":false,"template":"","format":"standard","meta":{"footnotes":""},"categories":[51,52,59,53],"tags":[],"class_list":["post-83233","post","type-post","status-publish","format-standard","has-post-thumbnail","hentry","category-comunidad","category-destacadas","category-municipales","category-politica"],"yoast_head":"<!-- This site is optimized with the Yoast SEO plugin v19.7.1 - https:\/\/yoast.com\/wordpress\/plugins\/seo\/ -->\n<title>Fuertes cruces en el HCD. por la compra de un cami\u00f3n compactador de basura para Saldungaray (videos) - CELTTV<\/title>\n<meta name=\"description\" content=\"Sitio web de noticias de la localidad de Tornquist, provincia de Buenos Aires, Rep\u00fablica Argentina. Contenido propio originado por periodistas de CELTTV, el canal de TV local de la Cooperativa El\u00e9ctrica de Tornquist. Turismo, Pol\u00edtica, Sociedad, Deporte, Cultura y todo el contenido de inter\u00e9s general que la gente del pueblo y la regi\u00f3n debe conocer.\" \/>\n<meta name=\"robots\" content=\"index, follow, max-snippet:-1, max-image-preview:large, max-video-preview:-1\" \/>\n<link rel=\"canonical\" href=\"https:\/\/www.celttv.com.ar\/index.php\/2024\/04\/19\/fuertes-cruces-en-el-hcd-por-la-compra-de-un-camion-compactador-de-basura-para-saldungaray-videos\/\" \/>\n<meta property=\"og:locale\" content=\"es_ES\" \/>\n<meta property=\"og:type\" content=\"article\" \/>\n<meta property=\"og:title\" content=\"Fuertes cruces en el HCD. por la compra de un cami\u00f3n compactador de basura para Saldungaray (videos) - CELTTV\" \/>\n<meta property=\"og:description\" content=\"Sitio web de noticias de la localidad de Tornquist, provincia de Buenos Aires, Rep\u00fablica Argentina. Contenido propio originado por periodistas de CELTTV, el canal de TV local de la Cooperativa El\u00e9ctrica de Tornquist. Turismo, Pol\u00edtica, Sociedad, Deporte, Cultura y todo el contenido de inter\u00e9s general que la gente del pueblo y la regi\u00f3n debe conocer.\" \/>\n<meta property=\"og:url\" content=\"https:\/\/www.celttv.com.ar\/index.php\/2024\/04\/19\/fuertes-cruces-en-el-hcd-por-la-compra-de-un-camion-compactador-de-basura-para-saldungaray-videos\/\" \/>\n<meta property=\"og:site_name\" content=\"CELTTV\" \/>\n<meta property=\"article:publisher\" content=\"https:\/\/www.facebook.com\/celtTV\/\" \/>\n<meta property=\"article:published_time\" content=\"2024-04-20T00:23:02+00:00\" \/>\n<meta property=\"og:image\" content=\"https:\/\/www.celttv.com.ar\/wp-content\/uploads\/2024\/04\/1-hcd.jpg\" \/>\n\t<meta property=\"og:image:width\" content=\"798\" \/>\n\t<meta property=\"og:image:height\" content=\"586\" \/>\n\t<meta property=\"og:image:type\" content=\"image\/jpeg\" \/>\n<meta name=\"author\" content=\"Miguel Herrada\" \/>\n<meta name=\"twitter:card\" content=\"summary_large_image\" \/>\n<meta name=\"twitter:label1\" content=\"Escrito por\" \/>\n\t<meta name=\"twitter:data1\" content=\"Miguel Herrada\" \/>\n\t<meta name=\"twitter:label2\" content=\"Tiempo de lectura\" \/>\n\t<meta name=\"twitter:data2\" content=\"2 minutos\" \/>\n<script type=\"application\/ld+json\" class=\"yoast-schema-graph\">{\"@context\":\"https:\/\/schema.org\",\"@graph\":[{\"@type\":\"NewsArticle\",\"@id\":\"https:\/\/www.celttv.com.ar\/index.php\/2024\/04\/19\/fuertes-cruces-en-el-hcd-por-la-compra-de-un-camion-compactador-de-basura-para-saldungaray-videos\/#article\",\"isPartOf\":{\"@id\":\"https:\/\/www.celttv.com.ar\/index.php\/2024\/04\/19\/fuertes-cruces-en-el-hcd-por-la-compra-de-un-camion-compactador-de-basura-para-saldungaray-videos\/\"},\"author\":{\"name\":\"Miguel Herrada\",\"@id\":\"https:\/\/www.celttv.com.ar\/#\/schema\/person\/9059dc91dc7204ef4182cdb65225f07d\"},\"headline\":\"Fuertes cruces en el HCD. por la compra de un cami\u00f3n compactador de basura para Saldungaray (videos)\",\"datePublished\":\"2024-04-20T00:23:02+00:00\",\"dateModified\":\"2024-04-20T00:23:02+00:00\",\"mainEntityOfPage\":{\"@id\":\"https:\/\/www.celttv.com.ar\/index.php\/2024\/04\/19\/fuertes-cruces-en-el-hcd-por-la-compra-de-un-camion-compactador-de-basura-para-saldungaray-videos\/\"},\"wordCount\":354,\"publisher\":{\"@id\":\"https:\/\/www.celttv.com.ar\/#organization\"},\"articleSection\":[\"Comunidad\",\"Destacadas\",\"Municipales\",\"Pol\u00edtica\"],\"inLanguage\":\"es\"},{\"@type\":\"WebPage\",\"@id\":\"https:\/\/www.celttv.com.ar\/index.php\/2024\/04\/19\/fuertes-cruces-en-el-hcd-por-la-compra-de-un-camion-compactador-de-basura-para-saldungaray-videos\/\",\"url\":\"https:\/\/www.celttv.com.ar\/index.php\/2024\/04\/19\/fuertes-cruces-en-el-hcd-por-la-compra-de-un-camion-compactador-de-basura-para-saldungaray-videos\/\",\"name\":\"Fuertes cruces en el HCD. por la compra de un cami\u00f3n compactador de basura para Saldungaray (videos) - CELTTV\",\"isPartOf\":{\"@id\":\"https:\/\/www.celttv.com.ar\/#website\"},\"datePublished\":\"2024-04-20T00:23:02+00:00\",\"dateModified\":\"2024-04-20T00:23:02+00:00\",\"description\":\"Sitio web de noticias de la localidad de Tornquist, provincia de Buenos Aires, Rep\u00fablica Argentina. Contenido propio originado por periodistas de CELTTV, el canal de TV local de la Cooperativa El\u00e9ctrica de Tornquist. Turismo, Pol\u00edtica, Sociedad, Deporte, Cultura y todo el contenido de inter\u00e9s general que la gente del pueblo y la regi\u00f3n debe conocer.\",\"breadcrumb\":{\"@id\":\"https:\/\/www.celttv.com.ar\/index.php\/2024\/04\/19\/fuertes-cruces-en-el-hcd-por-la-compra-de-un-camion-compactador-de-basura-para-saldungaray-videos\/#breadcrumb\"},\"inLanguage\":\"es\",\"potentialAction\":[{\"@type\":\"ReadAction\",\"target\":[\"https:\/\/www.celttv.com.ar\/index.php\/2024\/04\/19\/fuertes-cruces-en-el-hcd-por-la-compra-de-un-camion-compactador-de-basura-para-saldungaray-videos\/\"]}]},{\"@type\":\"BreadcrumbList\",\"@id\":\"https:\/\/www.celttv.com.ar\/index.php\/2024\/04\/19\/fuertes-cruces-en-el-hcd-por-la-compra-de-un-camion-compactador-de-basura-para-saldungaray-videos\/#breadcrumb\",\"itemListElement\":[{\"@type\":\"ListItem\",\"position\":1,\"name\":\"Inicio\",\"item\":\"https:\/\/www.celttv.com.ar\/\"},{\"@type\":\"ListItem\",\"position\":2,\"name\":\"Fuertes cruces en el HCD. por la compra de un cami\u00f3n compactador de basura para Saldungaray (videos)\"}]},{\"@type\":\"WebSite\",\"@id\":\"https:\/\/www.celttv.com.ar\/#website\",\"url\":\"https:\/\/www.celttv.com.ar\/\",\"name\":\"CELTTV\",\"description\":\"Cooperativa El\u00e9ctrica de Tornquist\",\"publisher\":{\"@id\":\"https:\/\/www.celttv.com.ar\/#organization\"},\"potentialAction\":[{\"@type\":\"SearchAction\",\"target\":{\"@type\":\"EntryPoint\",\"urlTemplate\":\"https:\/\/www.celttv.com.ar\/?s={search_term_string}\"},\"query-input\":\"required name=search_term_string\"}],\"inLanguage\":\"es\"},{\"@type\":\"Organization\",\"@id\":\"https:\/\/www.celttv.com.ar\/#organization\",\"name\":\"CELTTV\",\"url\":\"https:\/\/www.celttv.com.ar\/\",\"sameAs\":[\"https:\/\/www.youtube.com\/channel\/UCz_oIt8Hig64Ub-EmcNPIhg\",\"https:\/\/www.facebook.com\/celtTV\/\"],\"logo\":{\"@type\":\"ImageObject\",\"inLanguage\":\"es\",\"@id\":\"https:\/\/www.celttv.com.ar\/#\/schema\/logo\/image\/\",\"url\":\"http:\/\/www.celttv.com.ar\/wp-content\/uploads\/2022\/08\/logo-1.png\",\"contentUrl\":\"http:\/\/www.celttv.com.ar\/wp-content\/uploads\/2022\/08\/logo-1.png\",\"width\":461,\"height\":159,\"caption\":\"CELTTV\"},\"image\":{\"@id\":\"https:\/\/www.celttv.com.ar\/#\/schema\/logo\/image\/\"}},{\"@type\":\"Person\",\"@id\":\"https:\/\/www.celttv.com.ar\/#\/schema\/person\/9059dc91dc7204ef4182cdb65225f07d\",\"name\":\"Miguel Herrada\",\"image\":{\"@type\":\"ImageObject\",\"inLanguage\":\"es\",\"@id\":\"https:\/\/www.celttv.com.ar\/#\/schema\/person\/image\/\",\"url\":\"https:\/\/secure.gravatar.com\/avatar\/67724d5b3c716623ffd76bec7e45841a442ac3b456e914dbba90b0fad2b8e0b1?s=96&d=mm&r=g\",\"contentUrl\":\"https:\/\/secure.gravatar.com\/avatar\/67724d5b3c716623ffd76bec7e45841a442ac3b456e914dbba90b0fad2b8e0b1?s=96&d=mm&r=g\",\"caption\":\"Miguel Herrada\"}}]}<\/script>\n<!-- \/ Yoast SEO plugin. -->","yoast_head_json":{"title":"Fuertes cruces en el HCD. por la compra de un cami\u00f3n compactador de basura para Saldungaray (videos) - CELTTV","description":"Sitio web de noticias de la localidad de Tornquist, provincia de Buenos Aires, Rep\u00fablica Argentina. Contenido propio originado por periodistas de CELTTV, el canal de TV local de la Cooperativa El\u00e9ctrica de Tornquist. Turismo, Pol\u00edtica, Sociedad, Deporte, Cultura y todo el contenido de inter\u00e9s general que la gente del pueblo y la regi\u00f3n debe conocer.","robots":{"index":"index","follow":"follow","max-snippet":"max-snippet:-1","max-image-preview":"max-image-preview:large","max-video-preview":"max-video-preview:-1"},"canonical":"https:\/\/www.celttv.com.ar\/index.php\/2024\/04\/19\/fuertes-cruces-en-el-hcd-por-la-compra-de-un-camion-compactador-de-basura-para-saldungaray-videos\/","og_locale":"es_ES","og_type":"article","og_title":"Fuertes cruces en el HCD. por la compra de un cami\u00f3n compactador de basura para Saldungaray (videos) - CELTTV","og_description":"Sitio web de noticias de la localidad de Tornquist, provincia de Buenos Aires, Rep\u00fablica Argentina. Contenido propio originado por periodistas de CELTTV, el canal de TV local de la Cooperativa El\u00e9ctrica de Tornquist. Turismo, Pol\u00edtica, Sociedad, Deporte, Cultura y todo el contenido de inter\u00e9s general que la gente del pueblo y la regi\u00f3n debe conocer.","og_url":"https:\/\/www.celttv.com.ar\/index.php\/2024\/04\/19\/fuertes-cruces-en-el-hcd-por-la-compra-de-un-camion-compactador-de-basura-para-saldungaray-videos\/","og_site_name":"CELTTV","article_publisher":"https:\/\/www.facebook.com\/celtTV\/","article_published_time":"2024-04-20T00:23:02+00:00","og_image":[{"width":798,"height":586,"url":"https:\/\/www.celttv.com.ar\/wp-content\/uploads\/2024\/04\/1-hcd.jpg","type":"image\/jpeg"}],"author":"Miguel Herrada","twitter_card":"summary_large_image","twitter_misc":{"Escrito por":"Miguel Herrada","Tiempo de lectura":"2 minutos"},"schema":{"@context":"https:\/\/schema.org","@graph":[{"@type":"NewsArticle","@id":"https:\/\/www.celttv.com.ar\/index.php\/2024\/04\/19\/fuertes-cruces-en-el-hcd-por-la-compra-de-un-camion-compactador-de-basura-para-saldungaray-videos\/#article","isPartOf":{"@id":"https:\/\/www.celttv.com.ar\/index.php\/2024\/04\/19\/fuertes-cruces-en-el-hcd-por-la-compra-de-un-camion-compactador-de-basura-para-saldungaray-videos\/"},"author":{"name":"Miguel Herrada","@id":"https:\/\/www.celttv.com.ar\/#\/schema\/person\/9059dc91dc7204ef4182cdb65225f07d"},"headline":"Fuertes cruces en el HCD. por la compra de un cami\u00f3n compactador de basura para Saldungaray (videos)","datePublished":"2024-04-20T00:23:02+00:00","dateModified":"2024-04-20T00:23:02+00:00","mainEntityOfPage":{"@id":"https:\/\/www.celttv.com.ar\/index.php\/2024\/04\/19\/fuertes-cruces-en-el-hcd-por-la-compra-de-un-camion-compactador-de-basura-para-saldungaray-videos\/"},"wordCount":354,"publisher":{"@id":"https:\/\/www.celttv.com.ar\/#organization"},"articleSection":["Comunidad","Destacadas","Municipales","Pol\u00edtica"],"inLanguage":"es"},{"@type":"WebPage","@id":"https:\/\/www.celttv.com.ar\/index.php\/2024\/04\/19\/fuertes-cruces-en-el-hcd-por-la-compra-de-un-camion-compactador-de-basura-para-saldungaray-videos\/","url":"https:\/\/www.celttv.com.ar\/index.php\/2024\/04\/19\/fuertes-cruces-en-el-hcd-por-la-compra-de-un-camion-compactador-de-basura-para-saldungaray-videos\/","name":"Fuertes cruces en el HCD. por la compra de un cami\u00f3n compactador de basura para Saldungaray (videos) - CELTTV","isPartOf":{"@id":"https:\/\/www.celttv.com.ar\/#website"},"datePublished":"2024-04-20T00:23:02+00:00","dateModified":"2024-04-20T00:23:02+00:00","description":"Sitio web de noticias de la localidad de Tornquist, provincia de Buenos Aires, Rep\u00fablica Argentina. Contenido propio originado por periodistas de CELTTV, el canal de TV local de la Cooperativa El\u00e9ctrica de Tornquist. Turismo, Pol\u00edtica, Sociedad, Deporte, Cultura y todo el contenido de inter\u00e9s general que la gente del pueblo y la regi\u00f3n debe conocer.","breadcrumb":{"@id":"https:\/\/www.celttv.com.ar\/index.php\/2024\/04\/19\/fuertes-cruces-en-el-hcd-por-la-compra-de-un-camion-compactador-de-basura-para-saldungaray-videos\/#breadcrumb"},"inLanguage":"es","potentialAction":[{"@type":"ReadAction","target":["https:\/\/www.celttv.com.ar\/index.php\/2024\/04\/19\/fuertes-cruces-en-el-hcd-por-la-compra-de-un-camion-compactador-de-basura-para-saldungaray-videos\/"]}]},{"@type":"BreadcrumbList","@id":"https:\/\/www.celttv.com.ar\/index.php\/2024\/04\/19\/fuertes-cruces-en-el-hcd-por-la-compra-de-un-camion-compactador-de-basura-para-saldungaray-videos\/#breadcrumb","itemListElement":[{"@type":"ListItem","position":1,"name":"Inicio","item":"https:\/\/www.celttv.com.ar\/"},{"@type":"ListItem","position":2,"name":"Fuertes cruces en el HCD. por la compra de un cami\u00f3n compactador de basura para Saldungaray (videos)"}]},{"@type":"WebSite","@id":"https:\/\/www.celttv.com.ar\/#website","url":"https:\/\/www.celttv.com.ar\/","name":"CELTTV","description":"Cooperativa El\u00e9ctrica de Tornquist","publisher":{"@id":"https:\/\/www.celttv.com.ar\/#organization"},"potentialAction":[{"@type":"SearchAction","target":{"@type":"EntryPoint","urlTemplate":"https:\/\/www.celttv.com.ar\/?s={search_term_string}"},"query-input":"required name=search_term_string"}],"inLanguage":"es"},{"@type":"Organization","@id":"https:\/\/www.celttv.com.ar\/#organization","name":"CELTTV","url":"https:\/\/www.celttv.com.ar\/","sameAs":["https:\/\/www.youtube.com\/channel\/UCz_oIt8Hig64Ub-EmcNPIhg","https:\/\/www.facebook.com\/celtTV\/"],"logo":{"@type":"ImageObject","inLanguage":"es","@id":"https:\/\/www.celttv.com.ar\/#\/schema\/logo\/image\/","url":"http:\/\/www.celttv.com.ar\/wp-content\/uploads\/2022\/08\/logo-1.png","contentUrl":"http:\/\/www.celttv.com.ar\/wp-content\/uploads\/2022\/08\/logo-1.png","width":461,"height":159,"caption":"CELTTV"},"image":{"@id":"https:\/\/www.celttv.com.ar\/#\/schema\/logo\/image\/"}},{"@type":"Person","@id":"https:\/\/www.celttv.com.ar\/#\/schema\/person\/9059dc91dc7204ef4182cdb65225f07d","name":"Miguel Herrada","image":{"@type":"ImageObject","inLanguage":"es","@id":"https:\/\/www.celttv.com.ar\/#\/schema\/person\/image\/","url":"https:\/\/secure.gravatar.com\/avatar\/67724d5b3c716623ffd76bec7e45841a442ac3b456e914dbba90b0fad2b8e0b1?s=96&d=mm&r=g","contentUrl":"https:\/\/secure.gravatar.com\/avatar\/67724d5b3c716623ffd76bec7e45841a442ac3b456e914dbba90b0fad2b8e0b1?s=96&d=mm&r=g","caption":"Miguel Herrada"}}]}},"_links":{"self":[{"href":"https:\/\/www.celttv.com.ar\/index.php\/wp-json\/wp\/v2\/posts\/83233","targetHints":{"allow":["GET"]}}],"collection":[{"href":"https:\/\/www.celttv.com.ar\/index.php\/wp-json\/wp\/v2\/posts"}],"about":[{"href":"https:\/\/www.celttv.com.ar\/index.php\/wp-json\/wp\/v2\/types\/post"}],"author":[{"embeddable":true,"href":"https:\/\/www.celttv.com.ar\/index.php\/wp-json\/wp\/v2\/users\/5"}],"replies":[{"embeddable":true,"href":"https:\/\/www.celttv.com.ar\/index.php\/wp-json\/wp\/v2\/comments?post=83233"}],"version-history":[{"count":1,"href":"https:\/\/www.celttv.com.ar\/index.php\/wp-json\/wp\/v2\/posts\/83233\/revisions"}],"predecessor-version":[{"id":83235,"href":"https:\/\/www.celttv.com.ar\/index.php\/wp-json\/wp\/v2\/posts\/83233\/revisions\/83235"}],"wp:featuredmedia":[{"embeddable":true,"href":"https:\/\/www.celttv.com.ar\/index.php\/wp-json\/wp\/v2\/media\/83234"}],"wp:attachment":[{"href":"https:\/\/www.celttv.com.ar\/index.php\/wp-json\/wp\/v2\/media?parent=83233"}],"wp:term":[{"taxonomy":"category","embeddable":true,"href":"https:\/\/www.celttv.com.ar\/index.php\/wp-json\/wp\/v2\/categories?post=83233"},{"taxonomy":"post_tag","embeddable":true,"href":"https:\/\/www.celttv.com.ar\/index.php\/wp-json\/wp\/v2\/tags?post=83233"}],"curies":[{"name":"wp","href":"https:\/\/api.w.org\/{rel}","templated":true}]}}