{"id":83244,"date":"2024-04-20T17:36:18","date_gmt":"2024-04-20T20:36:18","guid":{"rendered":"https:\/\/www.celttv.com.ar\/?p=83244"},"modified":"2024-04-20T17:36:18","modified_gmt":"2024-04-20T20:36:18","slug":"carmen-soverchia-nos-presentamos-a-trabajar-y-no-tuvimos-quorum-para-realizar-la-sesion-video","status":"publish","type":"post","link":"https:\/\/www.celttv.com.ar\/index.php\/2024\/04\/20\/carmen-soverchia-nos-presentamos-a-trabajar-y-no-tuvimos-quorum-para-realizar-la-sesion-video\/","title":{"rendered":"Carmen Soverchia: \u201cNos presentamos a trabajar y no tuvimos quorum para realizar la sesi\u00f3n\u201d VIDEO"},"content":{"rendered":"<p><iframe loading=\"lazy\" title=\"2024 04 20 LA OPOSICI\u00d3N NO DIO CUORUM PARA EL LEASING DEL CAMI\u00d3N RECOLECTOR   CARMEN SOVERCHIA   PTE\" width=\"500\" height=\"281\" src=\"https:\/\/www.youtube.com\/embed\/MwaN2YzjZC4?feature=oembed\" frameborder=\"0\" allow=\"accelerometer; autoplay; clipboard-write; encrypted-media; gyroscope; picture-in-picture; web-share\" referrerpolicy=\"strict-origin-when-cross-origin\" allowfullscreen><\/iframe><\/p>\n<p>La presidenta del HCD, Carmen Soverchia, habl\u00f3 sobre la no presentaci\u00f3n a sesionar por parte de la oposici\u00f3n que no dio qu\u00f3rum, en la convocatoria de este viernes por la noche donde se le iba a dar tratamiento nuevamente al expediente para la adquisici\u00f3n de un cami\u00f3n compactador y que este mismo sea utilizado en el basurero de Saldungaray.<\/p>\n<p><strong>Carmen Soverchia<\/strong><\/p>\n<p><strong>Con respecto a la situaci\u00f3n que se est\u00e1 viviendo con el tratado del expediente\u00a0<\/strong><\/p>\n<p>\u201cEs at\u00edpica la situaci\u00f3n, hoy nuevamente nos presentamos a trabajar y no tuvimos quorum para hacer la sesi\u00f3n. La semana que viene tenemos una reuni\u00f3n de trabajo que es la de todos los mi\u00e9rcoles, el expediente ahora en este momento est\u00e1 en comisi\u00f3n, pero el ejecutivo puede convocar nuevamente a sesi\u00f3n extraordinaria y los concejales dar quorum o no\u201d.<\/p>\n<p><strong>Sobre la reuni\u00f3n de trabajo y la importancia de que el expediente sea tratado con rapidez\u00a0<\/strong><\/p>\n<p>\u201cLa reuni\u00f3n de trabajo es una gran oportunidad para que nos pongamos de acuerdo y en ese momento hasta inclusive se pude hacer una autoconvocada. La verdad que el tema es muy importante porque estamos hablando de un cami\u00f3n para la localidad de Saldungaray y para el municipio en s\u00ed, y lo que pasa con esto es que todo se va retrasando y los tiempos que manejamos desde el estado no son los que se manejan en otros lugares, retrasar esto puede ser que tal vez el precio del cami\u00f3n no sea el mismo\u201d.<\/p>\n<p><strong>\u00bfPudieron dialogar con algunos de los concejales de la oposici\u00f3n?<\/strong><\/p>\n<p>\u201cNo tuvimos la posibilidad de charlar con los concejales de la oposici\u00f3n porque cuando termin\u00f3 la sesi\u00f3n nos quedamos para ver si hab\u00eda quorum para la extraordinaria convocada y los concejales se levantaron y se fueron. Esto es algo que nunca hab\u00eda pasado\u201d.<\/p>\n<p><strong>En referencia a la posible utilizaci\u00f3n del articulo 70\u00a0<\/strong><\/p>\n<p>\u201cEsperemos que no se llegue al art\u00edculo 70 porque todav\u00eda estamos a tiempo de llevar a cabo la sesi\u00f3n como se est\u00e1 solicitando. Necesitamos reflexionar sobre la importancia que tiene esto y no ser\u00eda muy agradable llegar a este extremo, hay que buscar todos los medios para que esto no ocurra\u201d. Finaliz\u00f3.<\/p>\n","protected":false},"excerpt":{"rendered":"<p>La presidenta del HCD, Carmen Soverchia, habl\u00f3 sobre la no presentaci\u00f3n a sesionar por parte de la oposici\u00f3n que no dio qu\u00f3rum, en la convocatoria de este viernes por la noche donde se le iba a dar tratamiento nuevamente al expediente para la adquisici\u00f3n de un cami\u00f3n compactador y que este mismo sea utilizado en [&hellip;]<\/p>\n","protected":false},"author":5,"featured_media":83245,"comment_status":"closed","ping_status":"closed","sticky":false,"template":"","format":"standard","meta":{"footnotes":""},"categories":[51,52,59,53],"tags":[],"class_list":["post-83244","post","type-post","status-publish","format-standard","has-post-thumbnail","hentry","category-comunidad","category-destacadas","category-municipales","category-politica"],"yoast_head":"<!-- This site is optimized with the Yoast SEO plugin v19.7.1 - https:\/\/yoast.com\/wordpress\/plugins\/seo\/ -->\n<title>Carmen Soverchia: \u201cNos presentamos a trabajar y no tuvimos quorum para realizar la sesi\u00f3n\u201d VIDEO - CELTTV<\/title>\n<meta name=\"description\" content=\"Sitio web de noticias de la localidad de Tornquist, provincia de Buenos Aires, Rep\u00fablica Argentina. Contenido propio originado por periodistas de CELTTV, el canal de TV local de la Cooperativa El\u00e9ctrica de Tornquist. Turismo, Pol\u00edtica, Sociedad, Deporte, Cultura y todo el contenido de inter\u00e9s general que la gente del pueblo y la regi\u00f3n debe conocer.\" \/>\n<meta name=\"robots\" content=\"index, follow, max-snippet:-1, max-image-preview:large, max-video-preview:-1\" \/>\n<link rel=\"canonical\" href=\"https:\/\/www.celttv.com.ar\/index.php\/2024\/04\/20\/carmen-soverchia-nos-presentamos-a-trabajar-y-no-tuvimos-quorum-para-realizar-la-sesion-video\/\" \/>\n<meta property=\"og:locale\" content=\"es_ES\" \/>\n<meta property=\"og:type\" content=\"article\" \/>\n<meta property=\"og:title\" content=\"Carmen Soverchia: \u201cNos presentamos a trabajar y no tuvimos quorum para realizar la sesi\u00f3n\u201d VIDEO - CELTTV\" \/>\n<meta property=\"og:description\" content=\"Sitio web de noticias de la localidad de Tornquist, provincia de Buenos Aires, Rep\u00fablica Argentina. Contenido propio originado por periodistas de CELTTV, el canal de TV local de la Cooperativa El\u00e9ctrica de Tornquist. Turismo, Pol\u00edtica, Sociedad, Deporte, Cultura y todo el contenido de inter\u00e9s general que la gente del pueblo y la regi\u00f3n debe conocer.\" \/>\n<meta property=\"og:url\" content=\"https:\/\/www.celttv.com.ar\/index.php\/2024\/04\/20\/carmen-soverchia-nos-presentamos-a-trabajar-y-no-tuvimos-quorum-para-realizar-la-sesion-video\/\" \/>\n<meta property=\"og:site_name\" content=\"CELTTV\" \/>\n<meta property=\"article:publisher\" content=\"https:\/\/www.facebook.com\/celtTV\/\" \/>\n<meta property=\"article:published_time\" content=\"2024-04-20T20:36:18+00:00\" \/>\n<meta property=\"og:image\" content=\"https:\/\/www.celttv.com.ar\/wp-content\/uploads\/2024\/04\/CARMEN-SOVERCHIA.jpg\" \/>\n\t<meta property=\"og:image:width\" content=\"984\" \/>\n\t<meta property=\"og:image:height\" content=\"648\" \/>\n\t<meta property=\"og:image:type\" content=\"image\/jpeg\" \/>\n<meta name=\"author\" content=\"Miguel Herrada\" \/>\n<meta name=\"twitter:card\" content=\"summary_large_image\" \/>\n<meta name=\"twitter:label1\" content=\"Escrito por\" \/>\n\t<meta name=\"twitter:data1\" content=\"Miguel Herrada\" \/>\n\t<meta name=\"twitter:label2\" content=\"Tiempo de lectura\" \/>\n\t<meta name=\"twitter:data2\" content=\"2 minutos\" \/>\n<script type=\"application\/ld+json\" class=\"yoast-schema-graph\">{\"@context\":\"https:\/\/schema.org\",\"@graph\":[{\"@type\":\"NewsArticle\",\"@id\":\"https:\/\/www.celttv.com.ar\/index.php\/2024\/04\/20\/carmen-soverchia-nos-presentamos-a-trabajar-y-no-tuvimos-quorum-para-realizar-la-sesion-video\/#article\",\"isPartOf\":{\"@id\":\"https:\/\/www.celttv.com.ar\/index.php\/2024\/04\/20\/carmen-soverchia-nos-presentamos-a-trabajar-y-no-tuvimos-quorum-para-realizar-la-sesion-video\/\"},\"author\":{\"name\":\"Miguel Herrada\",\"@id\":\"https:\/\/www.celttv.com.ar\/#\/schema\/person\/9059dc91dc7204ef4182cdb65225f07d\"},\"headline\":\"Carmen Soverchia: \u201cNos presentamos a trabajar y no tuvimos quorum para realizar la sesi\u00f3n\u201d VIDEO\",\"datePublished\":\"2024-04-20T20:36:18+00:00\",\"dateModified\":\"2024-04-20T20:36:18+00:00\",\"mainEntityOfPage\":{\"@id\":\"https:\/\/www.celttv.com.ar\/index.php\/2024\/04\/20\/carmen-soverchia-nos-presentamos-a-trabajar-y-no-tuvimos-quorum-para-realizar-la-sesion-video\/\"},\"wordCount\":404,\"publisher\":{\"@id\":\"https:\/\/www.celttv.com.ar\/#organization\"},\"articleSection\":[\"Comunidad\",\"Destacadas\",\"Municipales\",\"Pol\u00edtica\"],\"inLanguage\":\"es\"},{\"@type\":\"WebPage\",\"@id\":\"https:\/\/www.celttv.com.ar\/index.php\/2024\/04\/20\/carmen-soverchia-nos-presentamos-a-trabajar-y-no-tuvimos-quorum-para-realizar-la-sesion-video\/\",\"url\":\"https:\/\/www.celttv.com.ar\/index.php\/2024\/04\/20\/carmen-soverchia-nos-presentamos-a-trabajar-y-no-tuvimos-quorum-para-realizar-la-sesion-video\/\",\"name\":\"Carmen Soverchia: \u201cNos presentamos a trabajar y no tuvimos quorum para realizar la sesi\u00f3n\u201d VIDEO - CELTTV\",\"isPartOf\":{\"@id\":\"https:\/\/www.celttv.com.ar\/#website\"},\"datePublished\":\"2024-04-20T20:36:18+00:00\",\"dateModified\":\"2024-04-20T20:36:18+00:00\",\"description\":\"Sitio web de noticias de la localidad de Tornquist, provincia de Buenos Aires, Rep\u00fablica Argentina. Contenido propio originado por periodistas de CELTTV, el canal de TV local de la Cooperativa El\u00e9ctrica de Tornquist. Turismo, Pol\u00edtica, Sociedad, Deporte, Cultura y todo el contenido de inter\u00e9s general que la gente del pueblo y la regi\u00f3n debe conocer.\",\"breadcrumb\":{\"@id\":\"https:\/\/www.celttv.com.ar\/index.php\/2024\/04\/20\/carmen-soverchia-nos-presentamos-a-trabajar-y-no-tuvimos-quorum-para-realizar-la-sesion-video\/#breadcrumb\"},\"inLanguage\":\"es\",\"potentialAction\":[{\"@type\":\"ReadAction\",\"target\":[\"https:\/\/www.celttv.com.ar\/index.php\/2024\/04\/20\/carmen-soverchia-nos-presentamos-a-trabajar-y-no-tuvimos-quorum-para-realizar-la-sesion-video\/\"]}]},{\"@type\":\"BreadcrumbList\",\"@id\":\"https:\/\/www.celttv.com.ar\/index.php\/2024\/04\/20\/carmen-soverchia-nos-presentamos-a-trabajar-y-no-tuvimos-quorum-para-realizar-la-sesion-video\/#breadcrumb\",\"itemListElement\":[{\"@type\":\"ListItem\",\"position\":1,\"name\":\"Inicio\",\"item\":\"https:\/\/www.celttv.com.ar\/\"},{\"@type\":\"ListItem\",\"position\":2,\"name\":\"Carmen Soverchia: \u201cNos presentamos a trabajar y no tuvimos quorum para realizar la sesi\u00f3n\u201d VIDEO\"}]},{\"@type\":\"WebSite\",\"@id\":\"https:\/\/www.celttv.com.ar\/#website\",\"url\":\"https:\/\/www.celttv.com.ar\/\",\"name\":\"CELTTV\",\"description\":\"Cooperativa El\u00e9ctrica de Tornquist\",\"publisher\":{\"@id\":\"https:\/\/www.celttv.com.ar\/#organization\"},\"potentialAction\":[{\"@type\":\"SearchAction\",\"target\":{\"@type\":\"EntryPoint\",\"urlTemplate\":\"https:\/\/www.celttv.com.ar\/?s={search_term_string}\"},\"query-input\":\"required name=search_term_string\"}],\"inLanguage\":\"es\"},{\"@type\":\"Organization\",\"@id\":\"https:\/\/www.celttv.com.ar\/#organization\",\"name\":\"CELTTV\",\"url\":\"https:\/\/www.celttv.com.ar\/\",\"sameAs\":[\"https:\/\/www.youtube.com\/channel\/UCz_oIt8Hig64Ub-EmcNPIhg\",\"https:\/\/www.facebook.com\/celtTV\/\"],\"logo\":{\"@type\":\"ImageObject\",\"inLanguage\":\"es\",\"@id\":\"https:\/\/www.celttv.com.ar\/#\/schema\/logo\/image\/\",\"url\":\"http:\/\/www.celttv.com.ar\/wp-content\/uploads\/2022\/08\/logo-1.png\",\"contentUrl\":\"http:\/\/www.celttv.com.ar\/wp-content\/uploads\/2022\/08\/logo-1.png\",\"width\":461,\"height\":159,\"caption\":\"CELTTV\"},\"image\":{\"@id\":\"https:\/\/www.celttv.com.ar\/#\/schema\/logo\/image\/\"}},{\"@type\":\"Person\",\"@id\":\"https:\/\/www.celttv.com.ar\/#\/schema\/person\/9059dc91dc7204ef4182cdb65225f07d\",\"name\":\"Miguel Herrada\",\"image\":{\"@type\":\"ImageObject\",\"inLanguage\":\"es\",\"@id\":\"https:\/\/www.celttv.com.ar\/#\/schema\/person\/image\/\",\"url\":\"https:\/\/secure.gravatar.com\/avatar\/67724d5b3c716623ffd76bec7e45841a442ac3b456e914dbba90b0fad2b8e0b1?s=96&d=mm&r=g\",\"contentUrl\":\"https:\/\/secure.gravatar.com\/avatar\/67724d5b3c716623ffd76bec7e45841a442ac3b456e914dbba90b0fad2b8e0b1?s=96&d=mm&r=g\",\"caption\":\"Miguel Herrada\"}}]}<\/script>\n<!-- \/ Yoast SEO plugin. -->","yoast_head_json":{"title":"Carmen Soverchia: \u201cNos presentamos a trabajar y no tuvimos quorum para realizar la sesi\u00f3n\u201d VIDEO - CELTTV","description":"Sitio web de noticias de la localidad de Tornquist, provincia de Buenos Aires, Rep\u00fablica Argentina. Contenido propio originado por periodistas de CELTTV, el canal de TV local de la Cooperativa El\u00e9ctrica de Tornquist. Turismo, Pol\u00edtica, Sociedad, Deporte, Cultura y todo el contenido de inter\u00e9s general que la gente del pueblo y la regi\u00f3n debe conocer.","robots":{"index":"index","follow":"follow","max-snippet":"max-snippet:-1","max-image-preview":"max-image-preview:large","max-video-preview":"max-video-preview:-1"},"canonical":"https:\/\/www.celttv.com.ar\/index.php\/2024\/04\/20\/carmen-soverchia-nos-presentamos-a-trabajar-y-no-tuvimos-quorum-para-realizar-la-sesion-video\/","og_locale":"es_ES","og_type":"article","og_title":"Carmen Soverchia: \u201cNos presentamos a trabajar y no tuvimos quorum para realizar la sesi\u00f3n\u201d VIDEO - CELTTV","og_description":"Sitio web de noticias de la localidad de Tornquist, provincia de Buenos Aires, Rep\u00fablica Argentina. Contenido propio originado por periodistas de CELTTV, el canal de TV local de la Cooperativa El\u00e9ctrica de Tornquist. Turismo, Pol\u00edtica, Sociedad, Deporte, Cultura y todo el contenido de inter\u00e9s general que la gente del pueblo y la regi\u00f3n debe conocer.","og_url":"https:\/\/www.celttv.com.ar\/index.php\/2024\/04\/20\/carmen-soverchia-nos-presentamos-a-trabajar-y-no-tuvimos-quorum-para-realizar-la-sesion-video\/","og_site_name":"CELTTV","article_publisher":"https:\/\/www.facebook.com\/celtTV\/","article_published_time":"2024-04-20T20:36:18+00:00","og_image":[{"width":984,"height":648,"url":"https:\/\/www.celttv.com.ar\/wp-content\/uploads\/2024\/04\/CARMEN-SOVERCHIA.jpg","type":"image\/jpeg"}],"author":"Miguel Herrada","twitter_card":"summary_large_image","twitter_misc":{"Escrito por":"Miguel Herrada","Tiempo de lectura":"2 minutos"},"schema":{"@context":"https:\/\/schema.org","@graph":[{"@type":"NewsArticle","@id":"https:\/\/www.celttv.com.ar\/index.php\/2024\/04\/20\/carmen-soverchia-nos-presentamos-a-trabajar-y-no-tuvimos-quorum-para-realizar-la-sesion-video\/#article","isPartOf":{"@id":"https:\/\/www.celttv.com.ar\/index.php\/2024\/04\/20\/carmen-soverchia-nos-presentamos-a-trabajar-y-no-tuvimos-quorum-para-realizar-la-sesion-video\/"},"author":{"name":"Miguel Herrada","@id":"https:\/\/www.celttv.com.ar\/#\/schema\/person\/9059dc91dc7204ef4182cdb65225f07d"},"headline":"Carmen Soverchia: \u201cNos presentamos a trabajar y no tuvimos quorum para realizar la sesi\u00f3n\u201d VIDEO","datePublished":"2024-04-20T20:36:18+00:00","dateModified":"2024-04-20T20:36:18+00:00","mainEntityOfPage":{"@id":"https:\/\/www.celttv.com.ar\/index.php\/2024\/04\/20\/carmen-soverchia-nos-presentamos-a-trabajar-y-no-tuvimos-quorum-para-realizar-la-sesion-video\/"},"wordCount":404,"publisher":{"@id":"https:\/\/www.celttv.com.ar\/#organization"},"articleSection":["Comunidad","Destacadas","Municipales","Pol\u00edtica"],"inLanguage":"es"},{"@type":"WebPage","@id":"https:\/\/www.celttv.com.ar\/index.php\/2024\/04\/20\/carmen-soverchia-nos-presentamos-a-trabajar-y-no-tuvimos-quorum-para-realizar-la-sesion-video\/","url":"https:\/\/www.celttv.com.ar\/index.php\/2024\/04\/20\/carmen-soverchia-nos-presentamos-a-trabajar-y-no-tuvimos-quorum-para-realizar-la-sesion-video\/","name":"Carmen Soverchia: \u201cNos presentamos a trabajar y no tuvimos quorum para realizar la sesi\u00f3n\u201d VIDEO - CELTTV","isPartOf":{"@id":"https:\/\/www.celttv.com.ar\/#website"},"datePublished":"2024-04-20T20:36:18+00:00","dateModified":"2024-04-20T20:36:18+00:00","description":"Sitio web de noticias de la localidad de Tornquist, provincia de Buenos Aires, Rep\u00fablica Argentina. Contenido propio originado por periodistas de CELTTV, el canal de TV local de la Cooperativa El\u00e9ctrica de Tornquist. Turismo, Pol\u00edtica, Sociedad, Deporte, Cultura y todo el contenido de inter\u00e9s general que la gente del pueblo y la regi\u00f3n debe conocer.","breadcrumb":{"@id":"https:\/\/www.celttv.com.ar\/index.php\/2024\/04\/20\/carmen-soverchia-nos-presentamos-a-trabajar-y-no-tuvimos-quorum-para-realizar-la-sesion-video\/#breadcrumb"},"inLanguage":"es","potentialAction":[{"@type":"ReadAction","target":["https:\/\/www.celttv.com.ar\/index.php\/2024\/04\/20\/carmen-soverchia-nos-presentamos-a-trabajar-y-no-tuvimos-quorum-para-realizar-la-sesion-video\/"]}]},{"@type":"BreadcrumbList","@id":"https:\/\/www.celttv.com.ar\/index.php\/2024\/04\/20\/carmen-soverchia-nos-presentamos-a-trabajar-y-no-tuvimos-quorum-para-realizar-la-sesion-video\/#breadcrumb","itemListElement":[{"@type":"ListItem","position":1,"name":"Inicio","item":"https:\/\/www.celttv.com.ar\/"},{"@type":"ListItem","position":2,"name":"Carmen Soverchia: \u201cNos presentamos a trabajar y no tuvimos quorum para realizar la sesi\u00f3n\u201d VIDEO"}]},{"@type":"WebSite","@id":"https:\/\/www.celttv.com.ar\/#website","url":"https:\/\/www.celttv.com.ar\/","name":"CELTTV","description":"Cooperativa El\u00e9ctrica de Tornquist","publisher":{"@id":"https:\/\/www.celttv.com.ar\/#organization"},"potentialAction":[{"@type":"SearchAction","target":{"@type":"EntryPoint","urlTemplate":"https:\/\/www.celttv.com.ar\/?s={search_term_string}"},"query-input":"required name=search_term_string"}],"inLanguage":"es"},{"@type":"Organization","@id":"https:\/\/www.celttv.com.ar\/#organization","name":"CELTTV","url":"https:\/\/www.celttv.com.ar\/","sameAs":["https:\/\/www.youtube.com\/channel\/UCz_oIt8Hig64Ub-EmcNPIhg","https:\/\/www.facebook.com\/celtTV\/"],"logo":{"@type":"ImageObject","inLanguage":"es","@id":"https:\/\/www.celttv.com.ar\/#\/schema\/logo\/image\/","url":"http:\/\/www.celttv.com.ar\/wp-content\/uploads\/2022\/08\/logo-1.png","contentUrl":"http:\/\/www.celttv.com.ar\/wp-content\/uploads\/2022\/08\/logo-1.png","width":461,"height":159,"caption":"CELTTV"},"image":{"@id":"https:\/\/www.celttv.com.ar\/#\/schema\/logo\/image\/"}},{"@type":"Person","@id":"https:\/\/www.celttv.com.ar\/#\/schema\/person\/9059dc91dc7204ef4182cdb65225f07d","name":"Miguel Herrada","image":{"@type":"ImageObject","inLanguage":"es","@id":"https:\/\/www.celttv.com.ar\/#\/schema\/person\/image\/","url":"https:\/\/secure.gravatar.com\/avatar\/67724d5b3c716623ffd76bec7e45841a442ac3b456e914dbba90b0fad2b8e0b1?s=96&d=mm&r=g","contentUrl":"https:\/\/secure.gravatar.com\/avatar\/67724d5b3c716623ffd76bec7e45841a442ac3b456e914dbba90b0fad2b8e0b1?s=96&d=mm&r=g","caption":"Miguel Herrada"}}]}},"_links":{"self":[{"href":"https:\/\/www.celttv.com.ar\/index.php\/wp-json\/wp\/v2\/posts\/83244","targetHints":{"allow":["GET"]}}],"collection":[{"href":"https:\/\/www.celttv.com.ar\/index.php\/wp-json\/wp\/v2\/posts"}],"about":[{"href":"https:\/\/www.celttv.com.ar\/index.php\/wp-json\/wp\/v2\/types\/post"}],"author":[{"embeddable":true,"href":"https:\/\/www.celttv.com.ar\/index.php\/wp-json\/wp\/v2\/users\/5"}],"replies":[{"embeddable":true,"href":"https:\/\/www.celttv.com.ar\/index.php\/wp-json\/wp\/v2\/comments?post=83244"}],"version-history":[{"count":1,"href":"https:\/\/www.celttv.com.ar\/index.php\/wp-json\/wp\/v2\/posts\/83244\/revisions"}],"predecessor-version":[{"id":83246,"href":"https:\/\/www.celttv.com.ar\/index.php\/wp-json\/wp\/v2\/posts\/83244\/revisions\/83246"}],"wp:featuredmedia":[{"embeddable":true,"href":"https:\/\/www.celttv.com.ar\/index.php\/wp-json\/wp\/v2\/media\/83245"}],"wp:attachment":[{"href":"https:\/\/www.celttv.com.ar\/index.php\/wp-json\/wp\/v2\/media?parent=83244"}],"wp:term":[{"taxonomy":"category","embeddable":true,"href":"https:\/\/www.celttv.com.ar\/index.php\/wp-json\/wp\/v2\/categories?post=83244"},{"taxonomy":"post_tag","embeddable":true,"href":"https:\/\/www.celttv.com.ar\/index.php\/wp-json\/wp\/v2\/tags?post=83244"}],"curies":[{"name":"wp","href":"https:\/\/api.w.org\/{rel}","templated":true}]}}