{"id":83440,"date":"2024-05-02T12:05:10","date_gmt":"2024-05-02T15:05:10","guid":{"rendered":"https:\/\/www.celttv.com.ar\/?p=83440"},"modified":"2024-05-02T20:12:57","modified_gmt":"2024-05-02T23:12:57","slug":"celt-informa-el-robo-de-cables-de-alta-tension-provoco-bajones-del-servicio-electrico","status":"publish","type":"post","link":"https:\/\/www.celttv.com.ar\/index.php\/2024\/05\/02\/celt-informa-el-robo-de-cables-de-alta-tension-provoco-bajones-del-servicio-electrico\/","title":{"rendered":"CELT. Informa: El robo de cables de alta tensi\u00f3n provoc\u00f3 bajones en el servicio el\u00e9ctrico"},"content":{"rendered":"<h4>El robo de cables de alta tensi\u00f3n provoc\u00f3 bajones en el servicio el\u00e9ctrico. Esto hizo que en dos oportunidades alrededor de las 22 hs. se registraran dos bajones con un intervalo de pocos segundos en la alimentaci\u00f3n de la l\u00ednea Tornquist.<\/h4>\n<h4>Personal de la CELT\u00a0 detect\u00f3 que a la altura del km 43 de la Ruta 33 (Campo Francomano) habian robado cables de la l\u00ednea de alta tensi\u00f3n de EDES., los cuales habian caido sobre la l\u00ednea que alimenta a Tornquist y dejando sin servicio a los usuarios de ese sector rural. (establecimientos de Francomano, Barutta, La Piba y\u00a0 el 37, como as\u00ed tambi\u00e9n la antena de enlace ubicada en el sector)<\/h4>\n<h4>10:30 Hs. se repuso el servicio en forma normal.<\/h4>\n<p><img loading=\"lazy\" decoding=\"async\" class=\"alignnone wp-image-83441 size-large\" src=\"https:\/\/www.celttv.com.ar\/wp-content\/uploads\/2024\/05\/067fd64b-d731-4d74-b194-776889fd290c-768x1024.jpg\" alt=\"\" width=\"768\" height=\"1024\" srcset=\"https:\/\/www.celttv.com.ar\/wp-content\/uploads\/2024\/05\/067fd64b-d731-4d74-b194-776889fd290c-768x1024.jpg 768w, https:\/\/www.celttv.com.ar\/wp-content\/uploads\/2024\/05\/067fd64b-d731-4d74-b194-776889fd290c-225x300.jpg 225w, https:\/\/www.celttv.com.ar\/wp-content\/uploads\/2024\/05\/067fd64b-d731-4d74-b194-776889fd290c-750x1000.jpg 750w, https:\/\/www.celttv.com.ar\/wp-content\/uploads\/2024\/05\/067fd64b-d731-4d74-b194-776889fd290c.jpg 960w\" sizes=\"auto, (max-width: 768px) 100vw, 768px\" \/> <img loading=\"lazy\" decoding=\"async\" class=\"alignnone wp-image-83442 size-large\" src=\"https:\/\/www.celttv.com.ar\/wp-content\/uploads\/2024\/05\/8436d1be-cb3f-4153-a6bd-1cff717f8caf-768x1024.jpg\" alt=\"\" width=\"768\" height=\"1024\" srcset=\"https:\/\/www.celttv.com.ar\/wp-content\/uploads\/2024\/05\/8436d1be-cb3f-4153-a6bd-1cff717f8caf-768x1024.jpg 768w, https:\/\/www.celttv.com.ar\/wp-content\/uploads\/2024\/05\/8436d1be-cb3f-4153-a6bd-1cff717f8caf-225x300.jpg 225w, https:\/\/www.celttv.com.ar\/wp-content\/uploads\/2024\/05\/8436d1be-cb3f-4153-a6bd-1cff717f8caf-750x1000.jpg 750w, https:\/\/www.celttv.com.ar\/wp-content\/uploads\/2024\/05\/8436d1be-cb3f-4153-a6bd-1cff717f8caf.jpg 960w\" sizes=\"auto, (max-width: 768px) 100vw, 768px\" \/> <img loading=\"lazy\" decoding=\"async\" class=\"alignnone wp-image-83443 size-large\" src=\"https:\/\/www.celttv.com.ar\/wp-content\/uploads\/2024\/05\/cd1273fc-20b4-4b70-8c00-8da86b7c7640-768x1024.jpg\" alt=\"\" width=\"768\" height=\"1024\" srcset=\"https:\/\/www.celttv.com.ar\/wp-content\/uploads\/2024\/05\/cd1273fc-20b4-4b70-8c00-8da86b7c7640-768x1024.jpg 768w, https:\/\/www.celttv.com.ar\/wp-content\/uploads\/2024\/05\/cd1273fc-20b4-4b70-8c00-8da86b7c7640-225x300.jpg 225w, https:\/\/www.celttv.com.ar\/wp-content\/uploads\/2024\/05\/cd1273fc-20b4-4b70-8c00-8da86b7c7640-750x1000.jpg 750w, https:\/\/www.celttv.com.ar\/wp-content\/uploads\/2024\/05\/cd1273fc-20b4-4b70-8c00-8da86b7c7640.jpg 960w\" sizes=\"auto, (max-width: 768px) 100vw, 768px\" \/> <img loading=\"lazy\" decoding=\"async\" class=\"alignnone wp-image-83444 size-large\" src=\"https:\/\/www.celttv.com.ar\/wp-content\/uploads\/2024\/05\/ded4d7ae-0640-4b15-9c1a-2353a00bf31f-768x1024.jpg\" alt=\"\" width=\"768\" height=\"1024\" srcset=\"https:\/\/www.celttv.com.ar\/wp-content\/uploads\/2024\/05\/ded4d7ae-0640-4b15-9c1a-2353a00bf31f-768x1024.jpg 768w, https:\/\/www.celttv.com.ar\/wp-content\/uploads\/2024\/05\/ded4d7ae-0640-4b15-9c1a-2353a00bf31f-225x300.jpg 225w, https:\/\/www.celttv.com.ar\/wp-content\/uploads\/2024\/05\/ded4d7ae-0640-4b15-9c1a-2353a00bf31f-750x1000.jpg 750w, https:\/\/www.celttv.com.ar\/wp-content\/uploads\/2024\/05\/ded4d7ae-0640-4b15-9c1a-2353a00bf31f.jpg 960w\" sizes=\"auto, (max-width: 768px) 100vw, 768px\" \/><\/p>\n","protected":false},"excerpt":{"rendered":"<p>El robo de cables de alta tensi\u00f3n provoc\u00f3 bajones en el servicio el\u00e9ctrico. Esto hizo que en dos oportunidades alrededor de las 22 hs. se registraran dos bajones con un intervalo de pocos segundos en la alimentaci\u00f3n de la l\u00ednea Tornquist. Personal de la CELT\u00a0 detect\u00f3 que a la altura del km 43 de la [&hellip;]<\/p>\n","protected":false},"author":3,"featured_media":83444,"comment_status":"closed","ping_status":"closed","sticky":false,"template":"","format":"standard","meta":{"footnotes":""},"categories":[52],"tags":[],"class_list":["post-83440","post","type-post","status-publish","format-standard","has-post-thumbnail","hentry","category-destacadas"],"yoast_head":"<!-- This site is optimized with the Yoast SEO plugin v19.7.1 - https:\/\/yoast.com\/wordpress\/plugins\/seo\/ -->\n<title>CELT. Informa: El robo de cables de alta tensi\u00f3n provoc\u00f3 bajones en el servicio el\u00e9ctrico - CELTTV<\/title>\n<meta name=\"description\" content=\"Sitio web de noticias de la localidad de Tornquist, provincia de Buenos Aires, Rep\u00fablica Argentina. Contenido propio originado por periodistas de CELTTV, el canal de TV local de la Cooperativa El\u00e9ctrica de Tornquist. Turismo, Pol\u00edtica, Sociedad, Deporte, Cultura y todo el contenido de inter\u00e9s general que la gente del pueblo y la regi\u00f3n debe conocer.\" \/>\n<meta name=\"robots\" content=\"index, follow, max-snippet:-1, max-image-preview:large, max-video-preview:-1\" \/>\n<link rel=\"canonical\" href=\"https:\/\/www.celttv.com.ar\/index.php\/2024\/05\/02\/celt-informa-el-robo-de-cables-de-alta-tension-provoco-bajones-del-servicio-electrico\/\" \/>\n<meta property=\"og:locale\" content=\"es_ES\" \/>\n<meta property=\"og:type\" content=\"article\" \/>\n<meta property=\"og:title\" content=\"CELT. Informa: El robo de cables de alta tensi\u00f3n provoc\u00f3 bajones en el servicio el\u00e9ctrico - CELTTV\" \/>\n<meta property=\"og:description\" content=\"Sitio web de noticias de la localidad de Tornquist, provincia de Buenos Aires, Rep\u00fablica Argentina. Contenido propio originado por periodistas de CELTTV, el canal de TV local de la Cooperativa El\u00e9ctrica de Tornquist. Turismo, Pol\u00edtica, Sociedad, Deporte, Cultura y todo el contenido de inter\u00e9s general que la gente del pueblo y la regi\u00f3n debe conocer.\" \/>\n<meta property=\"og:url\" content=\"https:\/\/www.celttv.com.ar\/index.php\/2024\/05\/02\/celt-informa-el-robo-de-cables-de-alta-tension-provoco-bajones-del-servicio-electrico\/\" \/>\n<meta property=\"og:site_name\" content=\"CELTTV\" \/>\n<meta property=\"article:publisher\" content=\"https:\/\/www.facebook.com\/celtTV\/\" \/>\n<meta property=\"article:published_time\" content=\"2024-05-02T15:05:10+00:00\" \/>\n<meta property=\"article:modified_time\" content=\"2024-05-02T23:12:57+00:00\" \/>\n<meta property=\"og:image\" content=\"https:\/\/www.celttv.com.ar\/wp-content\/uploads\/2024\/05\/ded4d7ae-0640-4b15-9c1a-2353a00bf31f.jpg\" \/>\n\t<meta property=\"og:image:width\" content=\"960\" \/>\n\t<meta property=\"og:image:height\" content=\"1280\" \/>\n\t<meta property=\"og:image:type\" content=\"image\/jpeg\" \/>\n<meta name=\"author\" content=\"Rodrigo Sgammini\" \/>\n<meta name=\"twitter:card\" content=\"summary_large_image\" \/>\n<meta name=\"twitter:label1\" content=\"Escrito por\" \/>\n\t<meta name=\"twitter:data1\" content=\"Rodrigo Sgammini\" \/>\n\t<meta name=\"twitter:label2\" content=\"Tiempo de lectura\" \/>\n\t<meta name=\"twitter:data2\" content=\"1 minuto\" \/>\n<script type=\"application\/ld+json\" class=\"yoast-schema-graph\">{\"@context\":\"https:\/\/schema.org\",\"@graph\":[{\"@type\":\"NewsArticle\",\"@id\":\"https:\/\/www.celttv.com.ar\/index.php\/2024\/05\/02\/celt-informa-el-robo-de-cables-de-alta-tension-provoco-bajones-del-servicio-electrico\/#article\",\"isPartOf\":{\"@id\":\"https:\/\/www.celttv.com.ar\/index.php\/2024\/05\/02\/celt-informa-el-robo-de-cables-de-alta-tension-provoco-bajones-del-servicio-electrico\/\"},\"author\":{\"name\":\"Rodrigo Sgammini\",\"@id\":\"https:\/\/www.celttv.com.ar\/#\/schema\/person\/495be51d064edd971d8457f8f64eb172\"},\"headline\":\"CELT. Informa: El robo de cables de alta tensi\u00f3n provoc\u00f3 bajones en el servicio el\u00e9ctrico\",\"datePublished\":\"2024-05-02T15:05:10+00:00\",\"dateModified\":\"2024-05-02T23:12:57+00:00\",\"mainEntityOfPage\":{\"@id\":\"https:\/\/www.celttv.com.ar\/index.php\/2024\/05\/02\/celt-informa-el-robo-de-cables-de-alta-tension-provoco-bajones-del-servicio-electrico\/\"},\"wordCount\":141,\"publisher\":{\"@id\":\"https:\/\/www.celttv.com.ar\/#organization\"},\"articleSection\":[\"Destacadas\"],\"inLanguage\":\"es\"},{\"@type\":\"WebPage\",\"@id\":\"https:\/\/www.celttv.com.ar\/index.php\/2024\/05\/02\/celt-informa-el-robo-de-cables-de-alta-tension-provoco-bajones-del-servicio-electrico\/\",\"url\":\"https:\/\/www.celttv.com.ar\/index.php\/2024\/05\/02\/celt-informa-el-robo-de-cables-de-alta-tension-provoco-bajones-del-servicio-electrico\/\",\"name\":\"CELT. Informa: El robo de cables de alta tensi\u00f3n provoc\u00f3 bajones en el servicio el\u00e9ctrico - CELTTV\",\"isPartOf\":{\"@id\":\"https:\/\/www.celttv.com.ar\/#website\"},\"datePublished\":\"2024-05-02T15:05:10+00:00\",\"dateModified\":\"2024-05-02T23:12:57+00:00\",\"description\":\"Sitio web de noticias de la localidad de Tornquist, provincia de Buenos Aires, Rep\u00fablica Argentina. Contenido propio originado por periodistas de CELTTV, el canal de TV local de la Cooperativa El\u00e9ctrica de Tornquist. Turismo, Pol\u00edtica, Sociedad, Deporte, Cultura y todo el contenido de inter\u00e9s general que la gente del pueblo y la regi\u00f3n debe conocer.\",\"breadcrumb\":{\"@id\":\"https:\/\/www.celttv.com.ar\/index.php\/2024\/05\/02\/celt-informa-el-robo-de-cables-de-alta-tension-provoco-bajones-del-servicio-electrico\/#breadcrumb\"},\"inLanguage\":\"es\",\"potentialAction\":[{\"@type\":\"ReadAction\",\"target\":[\"https:\/\/www.celttv.com.ar\/index.php\/2024\/05\/02\/celt-informa-el-robo-de-cables-de-alta-tension-provoco-bajones-del-servicio-electrico\/\"]}]},{\"@type\":\"BreadcrumbList\",\"@id\":\"https:\/\/www.celttv.com.ar\/index.php\/2024\/05\/02\/celt-informa-el-robo-de-cables-de-alta-tension-provoco-bajones-del-servicio-electrico\/#breadcrumb\",\"itemListElement\":[{\"@type\":\"ListItem\",\"position\":1,\"name\":\"Inicio\",\"item\":\"https:\/\/www.celttv.com.ar\/\"},{\"@type\":\"ListItem\",\"position\":2,\"name\":\"CELT. Informa: El robo de cables de alta tensi\u00f3n provoc\u00f3 bajones en el servicio el\u00e9ctrico\"}]},{\"@type\":\"WebSite\",\"@id\":\"https:\/\/www.celttv.com.ar\/#website\",\"url\":\"https:\/\/www.celttv.com.ar\/\",\"name\":\"CELTTV\",\"description\":\"Cooperativa El\u00e9ctrica de Tornquist\",\"publisher\":{\"@id\":\"https:\/\/www.celttv.com.ar\/#organization\"},\"potentialAction\":[{\"@type\":\"SearchAction\",\"target\":{\"@type\":\"EntryPoint\",\"urlTemplate\":\"https:\/\/www.celttv.com.ar\/?s={search_term_string}\"},\"query-input\":\"required name=search_term_string\"}],\"inLanguage\":\"es\"},{\"@type\":\"Organization\",\"@id\":\"https:\/\/www.celttv.com.ar\/#organization\",\"name\":\"CELTTV\",\"url\":\"https:\/\/www.celttv.com.ar\/\",\"sameAs\":[\"https:\/\/www.youtube.com\/channel\/UCz_oIt8Hig64Ub-EmcNPIhg\",\"https:\/\/www.facebook.com\/celtTV\/\"],\"logo\":{\"@type\":\"ImageObject\",\"inLanguage\":\"es\",\"@id\":\"https:\/\/www.celttv.com.ar\/#\/schema\/logo\/image\/\",\"url\":\"http:\/\/www.celttv.com.ar\/wp-content\/uploads\/2022\/08\/logo-1.png\",\"contentUrl\":\"http:\/\/www.celttv.com.ar\/wp-content\/uploads\/2022\/08\/logo-1.png\",\"width\":461,\"height\":159,\"caption\":\"CELTTV\"},\"image\":{\"@id\":\"https:\/\/www.celttv.com.ar\/#\/schema\/logo\/image\/\"}},{\"@type\":\"Person\",\"@id\":\"https:\/\/www.celttv.com.ar\/#\/schema\/person\/495be51d064edd971d8457f8f64eb172\",\"name\":\"Rodrigo Sgammini\",\"image\":{\"@type\":\"ImageObject\",\"inLanguage\":\"es\",\"@id\":\"https:\/\/www.celttv.com.ar\/#\/schema\/person\/image\/\",\"url\":\"https:\/\/secure.gravatar.com\/avatar\/68f7848d42735e7a9276b47cd6e606327d88f521c51ae39d88888b76902e2987?s=96&d=mm&r=g\",\"contentUrl\":\"https:\/\/secure.gravatar.com\/avatar\/68f7848d42735e7a9276b47cd6e606327d88f521c51ae39d88888b76902e2987?s=96&d=mm&r=g\",\"caption\":\"Rodrigo Sgammini\"}}]}<\/script>\n<!-- \/ Yoast SEO plugin. -->","yoast_head_json":{"title":"CELT. Informa: El robo de cables de alta tensi\u00f3n provoc\u00f3 bajones en el servicio el\u00e9ctrico - CELTTV","description":"Sitio web de noticias de la localidad de Tornquist, provincia de Buenos Aires, Rep\u00fablica Argentina. Contenido propio originado por periodistas de CELTTV, el canal de TV local de la Cooperativa El\u00e9ctrica de Tornquist. Turismo, Pol\u00edtica, Sociedad, Deporte, Cultura y todo el contenido de inter\u00e9s general que la gente del pueblo y la regi\u00f3n debe conocer.","robots":{"index":"index","follow":"follow","max-snippet":"max-snippet:-1","max-image-preview":"max-image-preview:large","max-video-preview":"max-video-preview:-1"},"canonical":"https:\/\/www.celttv.com.ar\/index.php\/2024\/05\/02\/celt-informa-el-robo-de-cables-de-alta-tension-provoco-bajones-del-servicio-electrico\/","og_locale":"es_ES","og_type":"article","og_title":"CELT. Informa: El robo de cables de alta tensi\u00f3n provoc\u00f3 bajones en el servicio el\u00e9ctrico - CELTTV","og_description":"Sitio web de noticias de la localidad de Tornquist, provincia de Buenos Aires, Rep\u00fablica Argentina. Contenido propio originado por periodistas de CELTTV, el canal de TV local de la Cooperativa El\u00e9ctrica de Tornquist. Turismo, Pol\u00edtica, Sociedad, Deporte, Cultura y todo el contenido de inter\u00e9s general que la gente del pueblo y la regi\u00f3n debe conocer.","og_url":"https:\/\/www.celttv.com.ar\/index.php\/2024\/05\/02\/celt-informa-el-robo-de-cables-de-alta-tension-provoco-bajones-del-servicio-electrico\/","og_site_name":"CELTTV","article_publisher":"https:\/\/www.facebook.com\/celtTV\/","article_published_time":"2024-05-02T15:05:10+00:00","article_modified_time":"2024-05-02T23:12:57+00:00","og_image":[{"width":960,"height":1280,"url":"https:\/\/www.celttv.com.ar\/wp-content\/uploads\/2024\/05\/ded4d7ae-0640-4b15-9c1a-2353a00bf31f.jpg","type":"image\/jpeg"}],"author":"Rodrigo Sgammini","twitter_card":"summary_large_image","twitter_misc":{"Escrito por":"Rodrigo Sgammini","Tiempo de lectura":"1 minuto"},"schema":{"@context":"https:\/\/schema.org","@graph":[{"@type":"NewsArticle","@id":"https:\/\/www.celttv.com.ar\/index.php\/2024\/05\/02\/celt-informa-el-robo-de-cables-de-alta-tension-provoco-bajones-del-servicio-electrico\/#article","isPartOf":{"@id":"https:\/\/www.celttv.com.ar\/index.php\/2024\/05\/02\/celt-informa-el-robo-de-cables-de-alta-tension-provoco-bajones-del-servicio-electrico\/"},"author":{"name":"Rodrigo Sgammini","@id":"https:\/\/www.celttv.com.ar\/#\/schema\/person\/495be51d064edd971d8457f8f64eb172"},"headline":"CELT. Informa: El robo de cables de alta tensi\u00f3n provoc\u00f3 bajones en el servicio el\u00e9ctrico","datePublished":"2024-05-02T15:05:10+00:00","dateModified":"2024-05-02T23:12:57+00:00","mainEntityOfPage":{"@id":"https:\/\/www.celttv.com.ar\/index.php\/2024\/05\/02\/celt-informa-el-robo-de-cables-de-alta-tension-provoco-bajones-del-servicio-electrico\/"},"wordCount":141,"publisher":{"@id":"https:\/\/www.celttv.com.ar\/#organization"},"articleSection":["Destacadas"],"inLanguage":"es"},{"@type":"WebPage","@id":"https:\/\/www.celttv.com.ar\/index.php\/2024\/05\/02\/celt-informa-el-robo-de-cables-de-alta-tension-provoco-bajones-del-servicio-electrico\/","url":"https:\/\/www.celttv.com.ar\/index.php\/2024\/05\/02\/celt-informa-el-robo-de-cables-de-alta-tension-provoco-bajones-del-servicio-electrico\/","name":"CELT. Informa: El robo de cables de alta tensi\u00f3n provoc\u00f3 bajones en el servicio el\u00e9ctrico - CELTTV","isPartOf":{"@id":"https:\/\/www.celttv.com.ar\/#website"},"datePublished":"2024-05-02T15:05:10+00:00","dateModified":"2024-05-02T23:12:57+00:00","description":"Sitio web de noticias de la localidad de Tornquist, provincia de Buenos Aires, Rep\u00fablica Argentina. Contenido propio originado por periodistas de CELTTV, el canal de TV local de la Cooperativa El\u00e9ctrica de Tornquist. Turismo, Pol\u00edtica, Sociedad, Deporte, Cultura y todo el contenido de inter\u00e9s general que la gente del pueblo y la regi\u00f3n debe conocer.","breadcrumb":{"@id":"https:\/\/www.celttv.com.ar\/index.php\/2024\/05\/02\/celt-informa-el-robo-de-cables-de-alta-tension-provoco-bajones-del-servicio-electrico\/#breadcrumb"},"inLanguage":"es","potentialAction":[{"@type":"ReadAction","target":["https:\/\/www.celttv.com.ar\/index.php\/2024\/05\/02\/celt-informa-el-robo-de-cables-de-alta-tension-provoco-bajones-del-servicio-electrico\/"]}]},{"@type":"BreadcrumbList","@id":"https:\/\/www.celttv.com.ar\/index.php\/2024\/05\/02\/celt-informa-el-robo-de-cables-de-alta-tension-provoco-bajones-del-servicio-electrico\/#breadcrumb","itemListElement":[{"@type":"ListItem","position":1,"name":"Inicio","item":"https:\/\/www.celttv.com.ar\/"},{"@type":"ListItem","position":2,"name":"CELT. Informa: El robo de cables de alta tensi\u00f3n provoc\u00f3 bajones en el servicio el\u00e9ctrico"}]},{"@type":"WebSite","@id":"https:\/\/www.celttv.com.ar\/#website","url":"https:\/\/www.celttv.com.ar\/","name":"CELTTV","description":"Cooperativa El\u00e9ctrica de Tornquist","publisher":{"@id":"https:\/\/www.celttv.com.ar\/#organization"},"potentialAction":[{"@type":"SearchAction","target":{"@type":"EntryPoint","urlTemplate":"https:\/\/www.celttv.com.ar\/?s={search_term_string}"},"query-input":"required name=search_term_string"}],"inLanguage":"es"},{"@type":"Organization","@id":"https:\/\/www.celttv.com.ar\/#organization","name":"CELTTV","url":"https:\/\/www.celttv.com.ar\/","sameAs":["https:\/\/www.youtube.com\/channel\/UCz_oIt8Hig64Ub-EmcNPIhg","https:\/\/www.facebook.com\/celtTV\/"],"logo":{"@type":"ImageObject","inLanguage":"es","@id":"https:\/\/www.celttv.com.ar\/#\/schema\/logo\/image\/","url":"http:\/\/www.celttv.com.ar\/wp-content\/uploads\/2022\/08\/logo-1.png","contentUrl":"http:\/\/www.celttv.com.ar\/wp-content\/uploads\/2022\/08\/logo-1.png","width":461,"height":159,"caption":"CELTTV"},"image":{"@id":"https:\/\/www.celttv.com.ar\/#\/schema\/logo\/image\/"}},{"@type":"Person","@id":"https:\/\/www.celttv.com.ar\/#\/schema\/person\/495be51d064edd971d8457f8f64eb172","name":"Rodrigo Sgammini","image":{"@type":"ImageObject","inLanguage":"es","@id":"https:\/\/www.celttv.com.ar\/#\/schema\/person\/image\/","url":"https:\/\/secure.gravatar.com\/avatar\/68f7848d42735e7a9276b47cd6e606327d88f521c51ae39d88888b76902e2987?s=96&d=mm&r=g","contentUrl":"https:\/\/secure.gravatar.com\/avatar\/68f7848d42735e7a9276b47cd6e606327d88f521c51ae39d88888b76902e2987?s=96&d=mm&r=g","caption":"Rodrigo Sgammini"}}]}},"_links":{"self":[{"href":"https:\/\/www.celttv.com.ar\/index.php\/wp-json\/wp\/v2\/posts\/83440","targetHints":{"allow":["GET"]}}],"collection":[{"href":"https:\/\/www.celttv.com.ar\/index.php\/wp-json\/wp\/v2\/posts"}],"about":[{"href":"https:\/\/www.celttv.com.ar\/index.php\/wp-json\/wp\/v2\/types\/post"}],"author":[{"embeddable":true,"href":"https:\/\/www.celttv.com.ar\/index.php\/wp-json\/wp\/v2\/users\/3"}],"replies":[{"embeddable":true,"href":"https:\/\/www.celttv.com.ar\/index.php\/wp-json\/wp\/v2\/comments?post=83440"}],"version-history":[{"count":2,"href":"https:\/\/www.celttv.com.ar\/index.php\/wp-json\/wp\/v2\/posts\/83440\/revisions"}],"predecessor-version":[{"id":83446,"href":"https:\/\/www.celttv.com.ar\/index.php\/wp-json\/wp\/v2\/posts\/83440\/revisions\/83446"}],"wp:featuredmedia":[{"embeddable":true,"href":"https:\/\/www.celttv.com.ar\/index.php\/wp-json\/wp\/v2\/media\/83444"}],"wp:attachment":[{"href":"https:\/\/www.celttv.com.ar\/index.php\/wp-json\/wp\/v2\/media?parent=83440"}],"wp:term":[{"taxonomy":"category","embeddable":true,"href":"https:\/\/www.celttv.com.ar\/index.php\/wp-json\/wp\/v2\/categories?post=83440"},{"taxonomy":"post_tag","embeddable":true,"href":"https:\/\/www.celttv.com.ar\/index.php\/wp-json\/wp\/v2\/tags?post=83440"}],"curies":[{"name":"wp","href":"https:\/\/api.w.org\/{rel}","templated":true}]}}