{"id":83612,"date":"2024-05-11T14:40:35","date_gmt":"2024-05-11T17:40:35","guid":{"rendered":"https:\/\/www.celttv.com.ar\/?p=83612"},"modified":"2024-05-11T14:40:35","modified_gmt":"2024-05-11T17:40:35","slug":"ludmila-corvatta-desde-saldungaray-al-mundo","status":"publish","type":"post","link":"https:\/\/www.celttv.com.ar\/index.php\/2024\/05\/11\/ludmila-corvatta-desde-saldungaray-al-mundo\/","title":{"rendered":"Ludmila Corvatta: &#8220;Desde Saldungaray al mundo&#8221;"},"content":{"rendered":"<p>\u201cNosotros ya desde febrero, que recibimos la convocatoria, que estamos trabajando en ese proyecto. Primero empezamos muy despacito buscando la informaci\u00f3n que se requer\u00eda, eran muchos pasos a cumplir, formularios, hab\u00eda que dar evidencia a cada uno de los puntos que se mencionaban en el formulario. As\u00ed que lo fuimos trabajando con el equipo t\u00e9cnico de la Secretar\u00eda de Turismo, muy minuciosamente para poder cumplir con todos los requisitos que nos ped\u00edan y los entregamos la semana pasada y ayer nos enteramos que est\u00e1bamos entre los ocho seleccionados del pa\u00eds, entre 32 que se hab\u00edan presentado\u201d Comenta con orgullo la Sub Secretaria de Turismo Ludmila Corvatta.<br \/>\nGracias al gran trabajo de toda el \u00e1rea de turismo del Municipio de Tornquist, Saldungaray fue seleccionada para competir en la cuarta edici\u00f3n del BestTourismVillages, organizada por ONU Turismo y que premia a los mejores pueblos del mundo.<\/p>\n<p>\u201cEs una iniciativa de la ONU, una iniciativa internacional de la parte tur\u00edstica de la ONU, que se comunica con todos los pa\u00edses y cada pa\u00eds hace su preselecci\u00f3n que es en la que entramos nosotros ahora, ya habiendo pasado la instancia nacional, ahora pasamos a que nos eval\u00fae la ONU as\u00ed que hasta m\u00e1s o menos septiembre octubre no vamos a tener noticias pero ya pasamos a la evaluaci\u00f3n internacional \u201c se\u00f1al\u00f3 Corvatta.<\/p>\n<p>Los requisitos que hab\u00eda que cumplir<br \/>\nPara formar parte de esto ten\u00edan que ser pueblos que tengan una densidad demogr\u00e1fica menor a 15,000 habitantes y que se resalten valores de turismo rural comunitario productivo, con intenciones de mejoras ambientales. Entonces hicimos un an\u00e1lisis donde, obviamente, pod\u00edan participar cualquiera de nuestras localidades pero Saldungaray tiene todo lo que se necesitaba; lo que es turismo arquitect\u00f3nico cultural, productivo con la bodega, el tambo el mercado comunitario\u201d comenta la Subsecretaria de Turismo.<br \/>\n\u201cAs\u00ed que cumpl\u00eda con con mayor cantidad de atractivos para poder mencionar en este proyecto y ahora, m\u00e1s all\u00e1 de esta posibilidad de participar a nivel internacional , ya hay una repercusi\u00f3n nacional\u201d<br \/>\nAdem\u00e1s del hecho de haber sido seleccionado entre los ocho destinos de nuestro pa\u00eds para representarnos a nivel internacional , ya vemos que el nombre de Saldungaray est\u00e1 viajando y se est\u00e1 publicando en todos los medios nacionales<br \/>\n\u201cAhora, quedemos o no en la evaluaci\u00f3n internacional, ya el nombre de una de nuestras localidades est\u00e9 circulando por toda la naci\u00f3n y ya es sumamente importante\u201d<\/p>\n<p>\u201cUna de las caracter\u00edsticas es que es pueblo tur\u00edstico tambi\u00e9n de la provincia del programa pueblos tur\u00edsticos espec\u00edficamente y que tambi\u00e9n cuenta con una asociaci\u00f3n de turismo comunitario que es Atucos, lo cual tambi\u00e9n le daba una impronta era una caracter\u00edstica muy importante para poder entrar en este programa\u201d<\/p>\n<p>\u201cUna vez que se que se elige al pueblo que va a ser cuando se elija al pueblo de la ONU, entra en una red de mejores Villas tur\u00edsticas que se promocionan en conjunto a nivel mundial lo cual es un beneficio promocional muy grande ya que podamos sonar en turismo internacional ser\u00eda excelente\u201d comenta Ludmila.<br \/>\n\u201cLa difusi\u00f3n que se est\u00e1 haciendo es muy grande; desde naci\u00f3n se est\u00e1 promocionando muy fuerte en todas las redes nacionales y dem\u00e1s As\u00ed que eso a nosotros nos beneficia much\u00edsimo<br \/>\n\u201cHay convocatoria por parte de los medios nacionales, porque al estar en la lista ya de los ocho mejores destinos en el pa\u00eds no es poca cosa.<br \/>\n\u201cPor supuesto hemos recibido tambi\u00e9n muchas felicitaciones y hemos salido a hacer tambi\u00e9n notas de otras provincias y dem\u00e1s As\u00ed que eso tambi\u00e9n tambi\u00e9n influye en la promoci\u00f3n de nuestro destino\u201d subray\u00f3 la sub secretaria de Turismo del Municipio de Tornquist<\/p>\n<p><iframe loading=\"lazy\" title=\"2024 05 10 DESIGNACI\u00d3N DE SALDUNGARAY   LUDMILA CORVATTA   SUBSECRETARIA DE TURISMO\" width=\"500\" height=\"281\" src=\"https:\/\/www.youtube.com\/embed\/XWt_HfA5EtM?feature=oembed\" frameborder=\"0\" allow=\"accelerometer; autoplay; clipboard-write; encrypted-media; gyroscope; picture-in-picture; web-share\" referrerpolicy=\"strict-origin-when-cross-origin\" allowfullscreen><\/iframe><\/p>\n","protected":false},"excerpt":{"rendered":"<p>\u201cNosotros ya desde febrero, que recibimos la convocatoria, que estamos trabajando en ese proyecto. Primero empezamos muy despacito buscando la informaci\u00f3n que se requer\u00eda, eran muchos pasos a cumplir, formularios, hab\u00eda que dar evidencia a cada uno de los puntos que se mencionaban en el formulario. As\u00ed que lo fuimos trabajando con el equipo t\u00e9cnico [&hellip;]<\/p>\n","protected":false},"author":5,"featured_media":83613,"comment_status":"closed","ping_status":"closed","sticky":false,"template":"","format":"standard","meta":{"footnotes":""},"categories":[52,58],"tags":[],"class_list":["post-83612","post","type-post","status-publish","format-standard","has-post-thumbnail","hentry","category-destacadas","category-turismo"],"yoast_head":"<!-- This site is optimized with the Yoast SEO plugin v19.7.1 - https:\/\/yoast.com\/wordpress\/plugins\/seo\/ -->\n<title>Ludmila Corvatta: &quot;Desde Saldungaray al mundo&quot; - CELTTV<\/title>\n<meta name=\"description\" content=\"Sitio web de noticias de la localidad de Tornquist, provincia de Buenos Aires, Rep\u00fablica Argentina. Contenido propio originado por periodistas de CELTTV, el canal de TV local de la Cooperativa El\u00e9ctrica de Tornquist. Turismo, Pol\u00edtica, Sociedad, Deporte, Cultura y todo el contenido de inter\u00e9s general que la gente del pueblo y la regi\u00f3n debe conocer.\" \/>\n<meta name=\"robots\" content=\"index, follow, max-snippet:-1, max-image-preview:large, max-video-preview:-1\" \/>\n<link rel=\"canonical\" href=\"https:\/\/www.celttv.com.ar\/index.php\/2024\/05\/11\/ludmila-corvatta-desde-saldungaray-al-mundo\/\" \/>\n<meta property=\"og:locale\" content=\"es_ES\" \/>\n<meta property=\"og:type\" content=\"article\" \/>\n<meta property=\"og:title\" content=\"Ludmila Corvatta: &quot;Desde Saldungaray al mundo&quot; - CELTTV\" \/>\n<meta property=\"og:description\" content=\"Sitio web de noticias de la localidad de Tornquist, provincia de Buenos Aires, Rep\u00fablica Argentina. Contenido propio originado por periodistas de CELTTV, el canal de TV local de la Cooperativa El\u00e9ctrica de Tornquist. Turismo, Pol\u00edtica, Sociedad, Deporte, Cultura y todo el contenido de inter\u00e9s general que la gente del pueblo y la regi\u00f3n debe conocer.\" \/>\n<meta property=\"og:url\" content=\"https:\/\/www.celttv.com.ar\/index.php\/2024\/05\/11\/ludmila-corvatta-desde-saldungaray-al-mundo\/\" \/>\n<meta property=\"og:site_name\" content=\"CELTTV\" \/>\n<meta property=\"article:publisher\" content=\"https:\/\/www.facebook.com\/celtTV\/\" \/>\n<meta property=\"article:published_time\" content=\"2024-05-11T17:40:35+00:00\" \/>\n<meta property=\"og:image\" content=\"https:\/\/www.celttv.com.ar\/wp-content\/uploads\/2024\/05\/ludmila.jpg\" \/>\n\t<meta property=\"og:image:width\" content=\"871\" \/>\n\t<meta property=\"og:image:height\" content=\"609\" \/>\n\t<meta property=\"og:image:type\" content=\"image\/jpeg\" \/>\n<meta name=\"author\" content=\"Miguel Herrada\" \/>\n<meta name=\"twitter:card\" content=\"summary_large_image\" \/>\n<meta name=\"twitter:label1\" content=\"Escrito por\" \/>\n\t<meta name=\"twitter:data1\" content=\"Miguel Herrada\" \/>\n\t<meta name=\"twitter:label2\" content=\"Tiempo de lectura\" \/>\n\t<meta name=\"twitter:data2\" content=\"3 minutos\" \/>\n<script type=\"application\/ld+json\" class=\"yoast-schema-graph\">{\"@context\":\"https:\/\/schema.org\",\"@graph\":[{\"@type\":\"NewsArticle\",\"@id\":\"https:\/\/www.celttv.com.ar\/index.php\/2024\/05\/11\/ludmila-corvatta-desde-saldungaray-al-mundo\/#article\",\"isPartOf\":{\"@id\":\"https:\/\/www.celttv.com.ar\/index.php\/2024\/05\/11\/ludmila-corvatta-desde-saldungaray-al-mundo\/\"},\"author\":{\"name\":\"Miguel Herrada\",\"@id\":\"https:\/\/www.celttv.com.ar\/#\/schema\/person\/9059dc91dc7204ef4182cdb65225f07d\"},\"headline\":\"Ludmila Corvatta: &#8220;Desde Saldungaray al mundo&#8221;\",\"datePublished\":\"2024-05-11T17:40:35+00:00\",\"dateModified\":\"2024-05-11T17:40:35+00:00\",\"mainEntityOfPage\":{\"@id\":\"https:\/\/www.celttv.com.ar\/index.php\/2024\/05\/11\/ludmila-corvatta-desde-saldungaray-al-mundo\/\"},\"wordCount\":659,\"publisher\":{\"@id\":\"https:\/\/www.celttv.com.ar\/#organization\"},\"articleSection\":[\"Destacadas\",\"Turismo\"],\"inLanguage\":\"es\"},{\"@type\":\"WebPage\",\"@id\":\"https:\/\/www.celttv.com.ar\/index.php\/2024\/05\/11\/ludmila-corvatta-desde-saldungaray-al-mundo\/\",\"url\":\"https:\/\/www.celttv.com.ar\/index.php\/2024\/05\/11\/ludmila-corvatta-desde-saldungaray-al-mundo\/\",\"name\":\"Ludmila Corvatta: \\\"Desde Saldungaray al mundo\\\" - CELTTV\",\"isPartOf\":{\"@id\":\"https:\/\/www.celttv.com.ar\/#website\"},\"datePublished\":\"2024-05-11T17:40:35+00:00\",\"dateModified\":\"2024-05-11T17:40:35+00:00\",\"description\":\"Sitio web de noticias de la localidad de Tornquist, provincia de Buenos Aires, Rep\u00fablica Argentina. Contenido propio originado por periodistas de CELTTV, el canal de TV local de la Cooperativa El\u00e9ctrica de Tornquist. Turismo, Pol\u00edtica, Sociedad, Deporte, Cultura y todo el contenido de inter\u00e9s general que la gente del pueblo y la regi\u00f3n debe conocer.\",\"breadcrumb\":{\"@id\":\"https:\/\/www.celttv.com.ar\/index.php\/2024\/05\/11\/ludmila-corvatta-desde-saldungaray-al-mundo\/#breadcrumb\"},\"inLanguage\":\"es\",\"potentialAction\":[{\"@type\":\"ReadAction\",\"target\":[\"https:\/\/www.celttv.com.ar\/index.php\/2024\/05\/11\/ludmila-corvatta-desde-saldungaray-al-mundo\/\"]}]},{\"@type\":\"BreadcrumbList\",\"@id\":\"https:\/\/www.celttv.com.ar\/index.php\/2024\/05\/11\/ludmila-corvatta-desde-saldungaray-al-mundo\/#breadcrumb\",\"itemListElement\":[{\"@type\":\"ListItem\",\"position\":1,\"name\":\"Inicio\",\"item\":\"https:\/\/www.celttv.com.ar\/\"},{\"@type\":\"ListItem\",\"position\":2,\"name\":\"Ludmila Corvatta: &#8220;Desde Saldungaray al mundo&#8221;\"}]},{\"@type\":\"WebSite\",\"@id\":\"https:\/\/www.celttv.com.ar\/#website\",\"url\":\"https:\/\/www.celttv.com.ar\/\",\"name\":\"CELTTV\",\"description\":\"Cooperativa El\u00e9ctrica de Tornquist\",\"publisher\":{\"@id\":\"https:\/\/www.celttv.com.ar\/#organization\"},\"potentialAction\":[{\"@type\":\"SearchAction\",\"target\":{\"@type\":\"EntryPoint\",\"urlTemplate\":\"https:\/\/www.celttv.com.ar\/?s={search_term_string}\"},\"query-input\":\"required name=search_term_string\"}],\"inLanguage\":\"es\"},{\"@type\":\"Organization\",\"@id\":\"https:\/\/www.celttv.com.ar\/#organization\",\"name\":\"CELTTV\",\"url\":\"https:\/\/www.celttv.com.ar\/\",\"sameAs\":[\"https:\/\/www.youtube.com\/channel\/UCz_oIt8Hig64Ub-EmcNPIhg\",\"https:\/\/www.facebook.com\/celtTV\/\"],\"logo\":{\"@type\":\"ImageObject\",\"inLanguage\":\"es\",\"@id\":\"https:\/\/www.celttv.com.ar\/#\/schema\/logo\/image\/\",\"url\":\"http:\/\/www.celttv.com.ar\/wp-content\/uploads\/2022\/08\/logo-1.png\",\"contentUrl\":\"http:\/\/www.celttv.com.ar\/wp-content\/uploads\/2022\/08\/logo-1.png\",\"width\":461,\"height\":159,\"caption\":\"CELTTV\"},\"image\":{\"@id\":\"https:\/\/www.celttv.com.ar\/#\/schema\/logo\/image\/\"}},{\"@type\":\"Person\",\"@id\":\"https:\/\/www.celttv.com.ar\/#\/schema\/person\/9059dc91dc7204ef4182cdb65225f07d\",\"name\":\"Miguel Herrada\",\"image\":{\"@type\":\"ImageObject\",\"inLanguage\":\"es\",\"@id\":\"https:\/\/www.celttv.com.ar\/#\/schema\/person\/image\/\",\"url\":\"https:\/\/secure.gravatar.com\/avatar\/67724d5b3c716623ffd76bec7e45841a442ac3b456e914dbba90b0fad2b8e0b1?s=96&d=mm&r=g\",\"contentUrl\":\"https:\/\/secure.gravatar.com\/avatar\/67724d5b3c716623ffd76bec7e45841a442ac3b456e914dbba90b0fad2b8e0b1?s=96&d=mm&r=g\",\"caption\":\"Miguel Herrada\"}}]}<\/script>\n<!-- \/ Yoast SEO plugin. -->","yoast_head_json":{"title":"Ludmila Corvatta: \"Desde Saldungaray al mundo\" - CELTTV","description":"Sitio web de noticias de la localidad de Tornquist, provincia de Buenos Aires, Rep\u00fablica Argentina. Contenido propio originado por periodistas de CELTTV, el canal de TV local de la Cooperativa El\u00e9ctrica de Tornquist. Turismo, Pol\u00edtica, Sociedad, Deporte, Cultura y todo el contenido de inter\u00e9s general que la gente del pueblo y la regi\u00f3n debe conocer.","robots":{"index":"index","follow":"follow","max-snippet":"max-snippet:-1","max-image-preview":"max-image-preview:large","max-video-preview":"max-video-preview:-1"},"canonical":"https:\/\/www.celttv.com.ar\/index.php\/2024\/05\/11\/ludmila-corvatta-desde-saldungaray-al-mundo\/","og_locale":"es_ES","og_type":"article","og_title":"Ludmila Corvatta: \"Desde Saldungaray al mundo\" - CELTTV","og_description":"Sitio web de noticias de la localidad de Tornquist, provincia de Buenos Aires, Rep\u00fablica Argentina. Contenido propio originado por periodistas de CELTTV, el canal de TV local de la Cooperativa El\u00e9ctrica de Tornquist. Turismo, Pol\u00edtica, Sociedad, Deporte, Cultura y todo el contenido de inter\u00e9s general que la gente del pueblo y la regi\u00f3n debe conocer.","og_url":"https:\/\/www.celttv.com.ar\/index.php\/2024\/05\/11\/ludmila-corvatta-desde-saldungaray-al-mundo\/","og_site_name":"CELTTV","article_publisher":"https:\/\/www.facebook.com\/celtTV\/","article_published_time":"2024-05-11T17:40:35+00:00","og_image":[{"width":871,"height":609,"url":"https:\/\/www.celttv.com.ar\/wp-content\/uploads\/2024\/05\/ludmila.jpg","type":"image\/jpeg"}],"author":"Miguel Herrada","twitter_card":"summary_large_image","twitter_misc":{"Escrito por":"Miguel Herrada","Tiempo de lectura":"3 minutos"},"schema":{"@context":"https:\/\/schema.org","@graph":[{"@type":"NewsArticle","@id":"https:\/\/www.celttv.com.ar\/index.php\/2024\/05\/11\/ludmila-corvatta-desde-saldungaray-al-mundo\/#article","isPartOf":{"@id":"https:\/\/www.celttv.com.ar\/index.php\/2024\/05\/11\/ludmila-corvatta-desde-saldungaray-al-mundo\/"},"author":{"name":"Miguel Herrada","@id":"https:\/\/www.celttv.com.ar\/#\/schema\/person\/9059dc91dc7204ef4182cdb65225f07d"},"headline":"Ludmila Corvatta: &#8220;Desde Saldungaray al mundo&#8221;","datePublished":"2024-05-11T17:40:35+00:00","dateModified":"2024-05-11T17:40:35+00:00","mainEntityOfPage":{"@id":"https:\/\/www.celttv.com.ar\/index.php\/2024\/05\/11\/ludmila-corvatta-desde-saldungaray-al-mundo\/"},"wordCount":659,"publisher":{"@id":"https:\/\/www.celttv.com.ar\/#organization"},"articleSection":["Destacadas","Turismo"],"inLanguage":"es"},{"@type":"WebPage","@id":"https:\/\/www.celttv.com.ar\/index.php\/2024\/05\/11\/ludmila-corvatta-desde-saldungaray-al-mundo\/","url":"https:\/\/www.celttv.com.ar\/index.php\/2024\/05\/11\/ludmila-corvatta-desde-saldungaray-al-mundo\/","name":"Ludmila Corvatta: \"Desde Saldungaray al mundo\" - CELTTV","isPartOf":{"@id":"https:\/\/www.celttv.com.ar\/#website"},"datePublished":"2024-05-11T17:40:35+00:00","dateModified":"2024-05-11T17:40:35+00:00","description":"Sitio web de noticias de la localidad de Tornquist, provincia de Buenos Aires, Rep\u00fablica Argentina. Contenido propio originado por periodistas de CELTTV, el canal de TV local de la Cooperativa El\u00e9ctrica de Tornquist. Turismo, Pol\u00edtica, Sociedad, Deporte, Cultura y todo el contenido de inter\u00e9s general que la gente del pueblo y la regi\u00f3n debe conocer.","breadcrumb":{"@id":"https:\/\/www.celttv.com.ar\/index.php\/2024\/05\/11\/ludmila-corvatta-desde-saldungaray-al-mundo\/#breadcrumb"},"inLanguage":"es","potentialAction":[{"@type":"ReadAction","target":["https:\/\/www.celttv.com.ar\/index.php\/2024\/05\/11\/ludmila-corvatta-desde-saldungaray-al-mundo\/"]}]},{"@type":"BreadcrumbList","@id":"https:\/\/www.celttv.com.ar\/index.php\/2024\/05\/11\/ludmila-corvatta-desde-saldungaray-al-mundo\/#breadcrumb","itemListElement":[{"@type":"ListItem","position":1,"name":"Inicio","item":"https:\/\/www.celttv.com.ar\/"},{"@type":"ListItem","position":2,"name":"Ludmila Corvatta: &#8220;Desde Saldungaray al mundo&#8221;"}]},{"@type":"WebSite","@id":"https:\/\/www.celttv.com.ar\/#website","url":"https:\/\/www.celttv.com.ar\/","name":"CELTTV","description":"Cooperativa El\u00e9ctrica de Tornquist","publisher":{"@id":"https:\/\/www.celttv.com.ar\/#organization"},"potentialAction":[{"@type":"SearchAction","target":{"@type":"EntryPoint","urlTemplate":"https:\/\/www.celttv.com.ar\/?s={search_term_string}"},"query-input":"required name=search_term_string"}],"inLanguage":"es"},{"@type":"Organization","@id":"https:\/\/www.celttv.com.ar\/#organization","name":"CELTTV","url":"https:\/\/www.celttv.com.ar\/","sameAs":["https:\/\/www.youtube.com\/channel\/UCz_oIt8Hig64Ub-EmcNPIhg","https:\/\/www.facebook.com\/celtTV\/"],"logo":{"@type":"ImageObject","inLanguage":"es","@id":"https:\/\/www.celttv.com.ar\/#\/schema\/logo\/image\/","url":"http:\/\/www.celttv.com.ar\/wp-content\/uploads\/2022\/08\/logo-1.png","contentUrl":"http:\/\/www.celttv.com.ar\/wp-content\/uploads\/2022\/08\/logo-1.png","width":461,"height":159,"caption":"CELTTV"},"image":{"@id":"https:\/\/www.celttv.com.ar\/#\/schema\/logo\/image\/"}},{"@type":"Person","@id":"https:\/\/www.celttv.com.ar\/#\/schema\/person\/9059dc91dc7204ef4182cdb65225f07d","name":"Miguel Herrada","image":{"@type":"ImageObject","inLanguage":"es","@id":"https:\/\/www.celttv.com.ar\/#\/schema\/person\/image\/","url":"https:\/\/secure.gravatar.com\/avatar\/67724d5b3c716623ffd76bec7e45841a442ac3b456e914dbba90b0fad2b8e0b1?s=96&d=mm&r=g","contentUrl":"https:\/\/secure.gravatar.com\/avatar\/67724d5b3c716623ffd76bec7e45841a442ac3b456e914dbba90b0fad2b8e0b1?s=96&d=mm&r=g","caption":"Miguel Herrada"}}]}},"_links":{"self":[{"href":"https:\/\/www.celttv.com.ar\/index.php\/wp-json\/wp\/v2\/posts\/83612","targetHints":{"allow":["GET"]}}],"collection":[{"href":"https:\/\/www.celttv.com.ar\/index.php\/wp-json\/wp\/v2\/posts"}],"about":[{"href":"https:\/\/www.celttv.com.ar\/index.php\/wp-json\/wp\/v2\/types\/post"}],"author":[{"embeddable":true,"href":"https:\/\/www.celttv.com.ar\/index.php\/wp-json\/wp\/v2\/users\/5"}],"replies":[{"embeddable":true,"href":"https:\/\/www.celttv.com.ar\/index.php\/wp-json\/wp\/v2\/comments?post=83612"}],"version-history":[{"count":1,"href":"https:\/\/www.celttv.com.ar\/index.php\/wp-json\/wp\/v2\/posts\/83612\/revisions"}],"predecessor-version":[{"id":83614,"href":"https:\/\/www.celttv.com.ar\/index.php\/wp-json\/wp\/v2\/posts\/83612\/revisions\/83614"}],"wp:featuredmedia":[{"embeddable":true,"href":"https:\/\/www.celttv.com.ar\/index.php\/wp-json\/wp\/v2\/media\/83613"}],"wp:attachment":[{"href":"https:\/\/www.celttv.com.ar\/index.php\/wp-json\/wp\/v2\/media?parent=83612"}],"wp:term":[{"taxonomy":"category","embeddable":true,"href":"https:\/\/www.celttv.com.ar\/index.php\/wp-json\/wp\/v2\/categories?post=83612"},{"taxonomy":"post_tag","embeddable":true,"href":"https:\/\/www.celttv.com.ar\/index.php\/wp-json\/wp\/v2\/tags?post=83612"}],"curies":[{"name":"wp","href":"https:\/\/api.w.org\/{rel}","templated":true}]}}