{"id":83703,"date":"2024-05-14T16:12:49","date_gmt":"2024-05-14T19:12:49","guid":{"rendered":"https:\/\/www.celttv.com.ar\/?p=83703"},"modified":"2024-05-14T16:12:49","modified_gmt":"2024-05-14T19:12:49","slug":"desde-la-legislatura-les-pidieron-al-gobernador-y-a-los-legisladores-nacionales-que-gestionen-a-favor-dela-planta-de-gnl-en-bahia-blanca","status":"publish","type":"post","link":"https:\/\/www.celttv.com.ar\/index.php\/2024\/05\/14\/desde-la-legislatura-les-pidieron-al-gobernador-y-a-los-legisladores-nacionales-que-gestionen-a-favor-dela-planta-de-gnl-en-bahia-blanca\/","title":{"rendered":"Desde la Legislatura les pidieron al Gobernador y a los legisladores nacionales que gestionen a favor dela planta de GNL en Bah\u00eda Blanca"},"content":{"rendered":"<p style=\"font-weight: 400;\">A trav\u00e9s de un proyecto de declaraci\u00f3n, la senadora Nerina Neumann Losada le pidi\u00f3 al Poder Ejecutivo que declare de Inter\u00e9s Provincial la construcci\u00f3n de la mega planta de licuefacci\u00f3n impulsada por la empresa Yacimientos Petrol\u00edferos Fiscales S.A. (YPF) en el complejo portuario y log\u00edstico ubicado en las costas de la ciudad de Bah\u00eda Blanca, tambi\u00e9n a los legisladores nacionales, en representaci\u00f3n de la provincia de Buenos Aires, que efect\u00faen gestiones para brindar las herramientas legales necesarias para potenciar dicha instalaci\u00f3n en territorio bonaerense en virtud de las ventajas existentes\u201d.<\/p>\n<p style=\"font-weight: 400;\">\n<p style=\"font-weight: 400;\">En los fundamentos, la legisladora se\u00f1al\u00f3 que \u201cel desarrollo de la cuenca hidrocarbur\u00edfera de \u201cVaca Muerta\u201d transform\u00f3 la realidad energ\u00e9tica de la Rep\u00fablica Argentina y abri\u00f3 la posibilidad de ilimitadas inversiones nacionales e internacionales referidas a la extracci\u00f3n, producci\u00f3n y transporte de lo all\u00ed generado, entre ellas la producci\u00f3n y exportaci\u00f3n de gas natural licuado (GNL)\u201d, y agreg\u00f3: \u201cen las \u00faltimas d\u00e9cadas la demanda y comercializaci\u00f3n de gas natural tuvo un crecimiento constante al ser considerado este combustible de vital importancia en la transici\u00f3n energ\u00e9tica\u201d.<\/p>\n<p style=\"font-weight: 400;\">\n<p style=\"font-weight: 400;\">\u201cAdem\u00e1s \u2013continu\u00f3-, la necesidad de transportarlo mediante gasoductos limitaba su exportaci\u00f3n a grandes distancias, pero est\u00e1 situaci\u00f3n fue superada con el desarrollo de la tecnolog\u00eda del gas natural licuado o GNL que permite almacenar y transportar gas a todo el mundo\u201d.<\/p>\n<p style=\"font-weight: 400;\">\n<p style=\"font-weight: 400;\">\u201cCon el objetivo de GNL la empresa petrolera estatal YPF se puso el objetivo de construir una planta de licuefacci\u00f3n destinada a producir 25 millones de toneladas al a\u00f1o, y pensando en la planificaci\u00f3n y evaluaci\u00f3n de cu\u00e1l ser\u00eda el mejor lugar para ubicar la planta de licuefacci\u00f3n, en este punto las ventajas operativas, de experiencia y trayectoria del complejo portuario ubicado en Bah\u00eda Blanca (Ingeniero White, Galv\u00e1n y Rosales) como las inversiones ya realizadas en dicho lugar como n\u00facleo log\u00edstico de cabecera para la producci\u00f3n de \u201cVaca Muerta\u201d, ubican a la provincia de Buenos Aires en una situaci\u00f3n privilegiada\u201d, indic\u00f3 la senadora radical.<\/p>\n<p style=\"font-weight: 400;\">\n<p style=\"font-weight: 400;\">\u201cSeg\u00fan estimaciones realizadas por consultoras privadas la inversi\u00f3n inicial para la construcci\u00f3n de la mega planta de licuefacci\u00f3n ser\u00eda de U$s 6.000\/7.0000 millones en una primera etapa, inversiones que a largo plazo podr\u00edan ascender a U$s 40.000 en virtud de la infraestructura adicional necesaria\u201d.<\/p>\n<p style=\"font-weight: 400;\">\n<p style=\"font-weight: 400;\">\u201cUno de los datos m\u00e1s importantes \u2013agreg\u00f3 Neumann Losada-, es que el proyecto de licuefacci\u00f3n implica una generaci\u00f3n de empleo en el orden de los 16.000 puestos entre directos e indirectos, a trav\u00e9s del aprovechamiento de un recurso energ\u00e9tico sumamente requerido a nivel mundial\u201d.<\/p>\n<p style=\"font-weight: 400;\">\n<p style=\"font-weight: 400;\">\u201dPara el sur bonaerense esto es una cuesti\u00f3n de Estado. El intendente de Bah\u00eda Blanca, Federico Susbielles, tiene el respaldo del radicalismo y de todos los espacios de Juntos por el Cambio, cuesti\u00f3n que ahora por iniciativa de los concejales radicales se est\u00e1 replicando en los concejos deliberante de la regi\u00f3n, as\u00ed como nosotros hemos tra\u00eddo el tema a la legislatura bonaerense\u201d, finaliz\u00f3 diciendo la senadora radical.<\/p>\n<p style=\"font-weight: 400;\">\n<p style=\"font-weight: 400;\"><img loading=\"lazy\" decoding=\"async\" class=\"alignnone wp-image-83704 size-large\" src=\"https:\/\/www.celttv.com.ar\/wp-content\/uploads\/2024\/05\/NERINA-NEUMANN-1024x710.jpg\" alt=\"\" width=\"1024\" height=\"710\" srcset=\"https:\/\/www.celttv.com.ar\/wp-content\/uploads\/2024\/05\/NERINA-NEUMANN-1024x710.jpg 1024w, https:\/\/www.celttv.com.ar\/wp-content\/uploads\/2024\/05\/NERINA-NEUMANN-300x208.jpg 300w, https:\/\/www.celttv.com.ar\/wp-content\/uploads\/2024\/05\/NERINA-NEUMANN-768x532.jpg 768w, https:\/\/www.celttv.com.ar\/wp-content\/uploads\/2024\/05\/NERINA-NEUMANN-750x520.jpg 750w, https:\/\/www.celttv.com.ar\/wp-content\/uploads\/2024\/05\/NERINA-NEUMANN-1140x790.jpg 1140w, https:\/\/www.celttv.com.ar\/wp-content\/uploads\/2024\/05\/NERINA-NEUMANN.jpg 1274w\" sizes=\"auto, (max-width: 1024px) 100vw, 1024px\" \/><\/p>\n","protected":false},"excerpt":{"rendered":"<p>A trav\u00e9s de un proyecto de declaraci\u00f3n, la senadora Nerina Neumann Losada le pidi\u00f3 al Poder Ejecutivo que declare de Inter\u00e9s Provincial la construcci\u00f3n de la mega planta de licuefacci\u00f3n impulsada por la empresa Yacimientos Petrol\u00edferos Fiscales S.A. (YPF) en el complejo portuario y log\u00edstico ubicado en las costas de la ciudad de Bah\u00eda Blanca, [&hellip;]<\/p>\n","protected":false},"author":5,"featured_media":83704,"comment_status":"closed","ping_status":"closed","sticky":false,"template":"","format":"standard","meta":{"footnotes":""},"categories":[51,52,53],"tags":[],"class_list":["post-83703","post","type-post","status-publish","format-standard","has-post-thumbnail","hentry","category-comunidad","category-destacadas","category-politica"],"yoast_head":"<!-- This site is optimized with the Yoast SEO plugin v19.7.1 - https:\/\/yoast.com\/wordpress\/plugins\/seo\/ -->\n<title>Desde la Legislatura les pidieron al Gobernador y a los legisladores nacionales que gestionen a favor dela planta de GNL en Bah\u00eda Blanca - CELTTV<\/title>\n<meta name=\"description\" content=\"Sitio web de noticias de la localidad de Tornquist, provincia de Buenos Aires, Rep\u00fablica Argentina. Contenido propio originado por periodistas de CELTTV, el canal de TV local de la Cooperativa El\u00e9ctrica de Tornquist. Turismo, Pol\u00edtica, Sociedad, Deporte, Cultura y todo el contenido de inter\u00e9s general que la gente del pueblo y la regi\u00f3n debe conocer.\" \/>\n<meta name=\"robots\" content=\"index, follow, max-snippet:-1, max-image-preview:large, max-video-preview:-1\" \/>\n<link rel=\"canonical\" href=\"https:\/\/www.celttv.com.ar\/index.php\/2024\/05\/14\/desde-la-legislatura-les-pidieron-al-gobernador-y-a-los-legisladores-nacionales-que-gestionen-a-favor-dela-planta-de-gnl-en-bahia-blanca\/\" \/>\n<meta property=\"og:locale\" content=\"es_ES\" \/>\n<meta property=\"og:type\" content=\"article\" \/>\n<meta property=\"og:title\" content=\"Desde la Legislatura les pidieron al Gobernador y a los legisladores nacionales que gestionen a favor dela planta de GNL en Bah\u00eda Blanca - CELTTV\" \/>\n<meta property=\"og:description\" content=\"Sitio web de noticias de la localidad de Tornquist, provincia de Buenos Aires, Rep\u00fablica Argentina. Contenido propio originado por periodistas de CELTTV, el canal de TV local de la Cooperativa El\u00e9ctrica de Tornquist. Turismo, Pol\u00edtica, Sociedad, Deporte, Cultura y todo el contenido de inter\u00e9s general que la gente del pueblo y la regi\u00f3n debe conocer.\" \/>\n<meta property=\"og:url\" content=\"https:\/\/www.celttv.com.ar\/index.php\/2024\/05\/14\/desde-la-legislatura-les-pidieron-al-gobernador-y-a-los-legisladores-nacionales-que-gestionen-a-favor-dela-planta-de-gnl-en-bahia-blanca\/\" \/>\n<meta property=\"og:site_name\" content=\"CELTTV\" \/>\n<meta property=\"article:publisher\" content=\"https:\/\/www.facebook.com\/celtTV\/\" \/>\n<meta property=\"article:published_time\" content=\"2024-05-14T19:12:49+00:00\" \/>\n<meta property=\"og:image\" content=\"https:\/\/www.celttv.com.ar\/wp-content\/uploads\/2024\/05\/NERINA-NEUMANN.jpg\" \/>\n\t<meta property=\"og:image:width\" content=\"1274\" \/>\n\t<meta property=\"og:image:height\" content=\"883\" \/>\n\t<meta property=\"og:image:type\" content=\"image\/jpeg\" \/>\n<meta name=\"author\" content=\"Miguel Herrada\" \/>\n<meta name=\"twitter:card\" content=\"summary_large_image\" \/>\n<meta name=\"twitter:label1\" content=\"Escrito por\" \/>\n\t<meta name=\"twitter:data1\" content=\"Miguel Herrada\" \/>\n\t<meta name=\"twitter:label2\" content=\"Tiempo de lectura\" \/>\n\t<meta name=\"twitter:data2\" content=\"3 minutos\" \/>\n<script type=\"application\/ld+json\" class=\"yoast-schema-graph\">{\"@context\":\"https:\/\/schema.org\",\"@graph\":[{\"@type\":\"NewsArticle\",\"@id\":\"https:\/\/www.celttv.com.ar\/index.php\/2024\/05\/14\/desde-la-legislatura-les-pidieron-al-gobernador-y-a-los-legisladores-nacionales-que-gestionen-a-favor-dela-planta-de-gnl-en-bahia-blanca\/#article\",\"isPartOf\":{\"@id\":\"https:\/\/www.celttv.com.ar\/index.php\/2024\/05\/14\/desde-la-legislatura-les-pidieron-al-gobernador-y-a-los-legisladores-nacionales-que-gestionen-a-favor-dela-planta-de-gnl-en-bahia-blanca\/\"},\"author\":{\"name\":\"Miguel Herrada\",\"@id\":\"https:\/\/www.celttv.com.ar\/#\/schema\/person\/9059dc91dc7204ef4182cdb65225f07d\"},\"headline\":\"Desde la Legislatura les pidieron al Gobernador y a los legisladores nacionales que gestionen a favor dela planta de GNL en Bah\u00eda Blanca\",\"datePublished\":\"2024-05-14T19:12:49+00:00\",\"dateModified\":\"2024-05-14T19:12:49+00:00\",\"mainEntityOfPage\":{\"@id\":\"https:\/\/www.celttv.com.ar\/index.php\/2024\/05\/14\/desde-la-legislatura-les-pidieron-al-gobernador-y-a-los-legisladores-nacionales-que-gestionen-a-favor-dela-planta-de-gnl-en-bahia-blanca\/\"},\"wordCount\":556,\"publisher\":{\"@id\":\"https:\/\/www.celttv.com.ar\/#organization\"},\"articleSection\":[\"Comunidad\",\"Destacadas\",\"Pol\u00edtica\"],\"inLanguage\":\"es\"},{\"@type\":\"WebPage\",\"@id\":\"https:\/\/www.celttv.com.ar\/index.php\/2024\/05\/14\/desde-la-legislatura-les-pidieron-al-gobernador-y-a-los-legisladores-nacionales-que-gestionen-a-favor-dela-planta-de-gnl-en-bahia-blanca\/\",\"url\":\"https:\/\/www.celttv.com.ar\/index.php\/2024\/05\/14\/desde-la-legislatura-les-pidieron-al-gobernador-y-a-los-legisladores-nacionales-que-gestionen-a-favor-dela-planta-de-gnl-en-bahia-blanca\/\",\"name\":\"Desde la Legislatura les pidieron al Gobernador y a los legisladores nacionales que gestionen a favor dela planta de GNL en Bah\u00eda Blanca - CELTTV\",\"isPartOf\":{\"@id\":\"https:\/\/www.celttv.com.ar\/#website\"},\"datePublished\":\"2024-05-14T19:12:49+00:00\",\"dateModified\":\"2024-05-14T19:12:49+00:00\",\"description\":\"Sitio web de noticias de la localidad de Tornquist, provincia de Buenos Aires, Rep\u00fablica Argentina. Contenido propio originado por periodistas de CELTTV, el canal de TV local de la Cooperativa El\u00e9ctrica de Tornquist. Turismo, Pol\u00edtica, Sociedad, Deporte, Cultura y todo el contenido de inter\u00e9s general que la gente del pueblo y la regi\u00f3n debe conocer.\",\"breadcrumb\":{\"@id\":\"https:\/\/www.celttv.com.ar\/index.php\/2024\/05\/14\/desde-la-legislatura-les-pidieron-al-gobernador-y-a-los-legisladores-nacionales-que-gestionen-a-favor-dela-planta-de-gnl-en-bahia-blanca\/#breadcrumb\"},\"inLanguage\":\"es\",\"potentialAction\":[{\"@type\":\"ReadAction\",\"target\":[\"https:\/\/www.celttv.com.ar\/index.php\/2024\/05\/14\/desde-la-legislatura-les-pidieron-al-gobernador-y-a-los-legisladores-nacionales-que-gestionen-a-favor-dela-planta-de-gnl-en-bahia-blanca\/\"]}]},{\"@type\":\"BreadcrumbList\",\"@id\":\"https:\/\/www.celttv.com.ar\/index.php\/2024\/05\/14\/desde-la-legislatura-les-pidieron-al-gobernador-y-a-los-legisladores-nacionales-que-gestionen-a-favor-dela-planta-de-gnl-en-bahia-blanca\/#breadcrumb\",\"itemListElement\":[{\"@type\":\"ListItem\",\"position\":1,\"name\":\"Inicio\",\"item\":\"https:\/\/www.celttv.com.ar\/\"},{\"@type\":\"ListItem\",\"position\":2,\"name\":\"Desde la Legislatura les pidieron al Gobernador y a los legisladores nacionales que gestionen a favor dela planta de GNL en Bah\u00eda Blanca\"}]},{\"@type\":\"WebSite\",\"@id\":\"https:\/\/www.celttv.com.ar\/#website\",\"url\":\"https:\/\/www.celttv.com.ar\/\",\"name\":\"CELTTV\",\"description\":\"Cooperativa El\u00e9ctrica de Tornquist\",\"publisher\":{\"@id\":\"https:\/\/www.celttv.com.ar\/#organization\"},\"potentialAction\":[{\"@type\":\"SearchAction\",\"target\":{\"@type\":\"EntryPoint\",\"urlTemplate\":\"https:\/\/www.celttv.com.ar\/?s={search_term_string}\"},\"query-input\":\"required name=search_term_string\"}],\"inLanguage\":\"es\"},{\"@type\":\"Organization\",\"@id\":\"https:\/\/www.celttv.com.ar\/#organization\",\"name\":\"CELTTV\",\"url\":\"https:\/\/www.celttv.com.ar\/\",\"sameAs\":[\"https:\/\/www.youtube.com\/channel\/UCz_oIt8Hig64Ub-EmcNPIhg\",\"https:\/\/www.facebook.com\/celtTV\/\"],\"logo\":{\"@type\":\"ImageObject\",\"inLanguage\":\"es\",\"@id\":\"https:\/\/www.celttv.com.ar\/#\/schema\/logo\/image\/\",\"url\":\"http:\/\/www.celttv.com.ar\/wp-content\/uploads\/2022\/08\/logo-1.png\",\"contentUrl\":\"http:\/\/www.celttv.com.ar\/wp-content\/uploads\/2022\/08\/logo-1.png\",\"width\":461,\"height\":159,\"caption\":\"CELTTV\"},\"image\":{\"@id\":\"https:\/\/www.celttv.com.ar\/#\/schema\/logo\/image\/\"}},{\"@type\":\"Person\",\"@id\":\"https:\/\/www.celttv.com.ar\/#\/schema\/person\/9059dc91dc7204ef4182cdb65225f07d\",\"name\":\"Miguel Herrada\",\"image\":{\"@type\":\"ImageObject\",\"inLanguage\":\"es\",\"@id\":\"https:\/\/www.celttv.com.ar\/#\/schema\/person\/image\/\",\"url\":\"https:\/\/secure.gravatar.com\/avatar\/67724d5b3c716623ffd76bec7e45841a442ac3b456e914dbba90b0fad2b8e0b1?s=96&d=mm&r=g\",\"contentUrl\":\"https:\/\/secure.gravatar.com\/avatar\/67724d5b3c716623ffd76bec7e45841a442ac3b456e914dbba90b0fad2b8e0b1?s=96&d=mm&r=g\",\"caption\":\"Miguel Herrada\"}}]}<\/script>\n<!-- \/ Yoast SEO plugin. -->","yoast_head_json":{"title":"Desde la Legislatura les pidieron al Gobernador y a los legisladores nacionales que gestionen a favor dela planta de GNL en Bah\u00eda Blanca - CELTTV","description":"Sitio web de noticias de la localidad de Tornquist, provincia de Buenos Aires, Rep\u00fablica Argentina. Contenido propio originado por periodistas de CELTTV, el canal de TV local de la Cooperativa El\u00e9ctrica de Tornquist. Turismo, Pol\u00edtica, Sociedad, Deporte, Cultura y todo el contenido de inter\u00e9s general que la gente del pueblo y la regi\u00f3n debe conocer.","robots":{"index":"index","follow":"follow","max-snippet":"max-snippet:-1","max-image-preview":"max-image-preview:large","max-video-preview":"max-video-preview:-1"},"canonical":"https:\/\/www.celttv.com.ar\/index.php\/2024\/05\/14\/desde-la-legislatura-les-pidieron-al-gobernador-y-a-los-legisladores-nacionales-que-gestionen-a-favor-dela-planta-de-gnl-en-bahia-blanca\/","og_locale":"es_ES","og_type":"article","og_title":"Desde la Legislatura les pidieron al Gobernador y a los legisladores nacionales que gestionen a favor dela planta de GNL en Bah\u00eda Blanca - CELTTV","og_description":"Sitio web de noticias de la localidad de Tornquist, provincia de Buenos Aires, Rep\u00fablica Argentina. Contenido propio originado por periodistas de CELTTV, el canal de TV local de la Cooperativa El\u00e9ctrica de Tornquist. Turismo, Pol\u00edtica, Sociedad, Deporte, Cultura y todo el contenido de inter\u00e9s general que la gente del pueblo y la regi\u00f3n debe conocer.","og_url":"https:\/\/www.celttv.com.ar\/index.php\/2024\/05\/14\/desde-la-legislatura-les-pidieron-al-gobernador-y-a-los-legisladores-nacionales-que-gestionen-a-favor-dela-planta-de-gnl-en-bahia-blanca\/","og_site_name":"CELTTV","article_publisher":"https:\/\/www.facebook.com\/celtTV\/","article_published_time":"2024-05-14T19:12:49+00:00","og_image":[{"width":1274,"height":883,"url":"https:\/\/www.celttv.com.ar\/wp-content\/uploads\/2024\/05\/NERINA-NEUMANN.jpg","type":"image\/jpeg"}],"author":"Miguel Herrada","twitter_card":"summary_large_image","twitter_misc":{"Escrito por":"Miguel Herrada","Tiempo de lectura":"3 minutos"},"schema":{"@context":"https:\/\/schema.org","@graph":[{"@type":"NewsArticle","@id":"https:\/\/www.celttv.com.ar\/index.php\/2024\/05\/14\/desde-la-legislatura-les-pidieron-al-gobernador-y-a-los-legisladores-nacionales-que-gestionen-a-favor-dela-planta-de-gnl-en-bahia-blanca\/#article","isPartOf":{"@id":"https:\/\/www.celttv.com.ar\/index.php\/2024\/05\/14\/desde-la-legislatura-les-pidieron-al-gobernador-y-a-los-legisladores-nacionales-que-gestionen-a-favor-dela-planta-de-gnl-en-bahia-blanca\/"},"author":{"name":"Miguel Herrada","@id":"https:\/\/www.celttv.com.ar\/#\/schema\/person\/9059dc91dc7204ef4182cdb65225f07d"},"headline":"Desde la Legislatura les pidieron al Gobernador y a los legisladores nacionales que gestionen a favor dela planta de GNL en Bah\u00eda Blanca","datePublished":"2024-05-14T19:12:49+00:00","dateModified":"2024-05-14T19:12:49+00:00","mainEntityOfPage":{"@id":"https:\/\/www.celttv.com.ar\/index.php\/2024\/05\/14\/desde-la-legislatura-les-pidieron-al-gobernador-y-a-los-legisladores-nacionales-que-gestionen-a-favor-dela-planta-de-gnl-en-bahia-blanca\/"},"wordCount":556,"publisher":{"@id":"https:\/\/www.celttv.com.ar\/#organization"},"articleSection":["Comunidad","Destacadas","Pol\u00edtica"],"inLanguage":"es"},{"@type":"WebPage","@id":"https:\/\/www.celttv.com.ar\/index.php\/2024\/05\/14\/desde-la-legislatura-les-pidieron-al-gobernador-y-a-los-legisladores-nacionales-que-gestionen-a-favor-dela-planta-de-gnl-en-bahia-blanca\/","url":"https:\/\/www.celttv.com.ar\/index.php\/2024\/05\/14\/desde-la-legislatura-les-pidieron-al-gobernador-y-a-los-legisladores-nacionales-que-gestionen-a-favor-dela-planta-de-gnl-en-bahia-blanca\/","name":"Desde la Legislatura les pidieron al Gobernador y a los legisladores nacionales que gestionen a favor dela planta de GNL en Bah\u00eda Blanca - CELTTV","isPartOf":{"@id":"https:\/\/www.celttv.com.ar\/#website"},"datePublished":"2024-05-14T19:12:49+00:00","dateModified":"2024-05-14T19:12:49+00:00","description":"Sitio web de noticias de la localidad de Tornquist, provincia de Buenos Aires, Rep\u00fablica Argentina. Contenido propio originado por periodistas de CELTTV, el canal de TV local de la Cooperativa El\u00e9ctrica de Tornquist. Turismo, Pol\u00edtica, Sociedad, Deporte, Cultura y todo el contenido de inter\u00e9s general que la gente del pueblo y la regi\u00f3n debe conocer.","breadcrumb":{"@id":"https:\/\/www.celttv.com.ar\/index.php\/2024\/05\/14\/desde-la-legislatura-les-pidieron-al-gobernador-y-a-los-legisladores-nacionales-que-gestionen-a-favor-dela-planta-de-gnl-en-bahia-blanca\/#breadcrumb"},"inLanguage":"es","potentialAction":[{"@type":"ReadAction","target":["https:\/\/www.celttv.com.ar\/index.php\/2024\/05\/14\/desde-la-legislatura-les-pidieron-al-gobernador-y-a-los-legisladores-nacionales-que-gestionen-a-favor-dela-planta-de-gnl-en-bahia-blanca\/"]}]},{"@type":"BreadcrumbList","@id":"https:\/\/www.celttv.com.ar\/index.php\/2024\/05\/14\/desde-la-legislatura-les-pidieron-al-gobernador-y-a-los-legisladores-nacionales-que-gestionen-a-favor-dela-planta-de-gnl-en-bahia-blanca\/#breadcrumb","itemListElement":[{"@type":"ListItem","position":1,"name":"Inicio","item":"https:\/\/www.celttv.com.ar\/"},{"@type":"ListItem","position":2,"name":"Desde la Legislatura les pidieron al Gobernador y a los legisladores nacionales que gestionen a favor dela planta de GNL en Bah\u00eda Blanca"}]},{"@type":"WebSite","@id":"https:\/\/www.celttv.com.ar\/#website","url":"https:\/\/www.celttv.com.ar\/","name":"CELTTV","description":"Cooperativa El\u00e9ctrica de Tornquist","publisher":{"@id":"https:\/\/www.celttv.com.ar\/#organization"},"potentialAction":[{"@type":"SearchAction","target":{"@type":"EntryPoint","urlTemplate":"https:\/\/www.celttv.com.ar\/?s={search_term_string}"},"query-input":"required name=search_term_string"}],"inLanguage":"es"},{"@type":"Organization","@id":"https:\/\/www.celttv.com.ar\/#organization","name":"CELTTV","url":"https:\/\/www.celttv.com.ar\/","sameAs":["https:\/\/www.youtube.com\/channel\/UCz_oIt8Hig64Ub-EmcNPIhg","https:\/\/www.facebook.com\/celtTV\/"],"logo":{"@type":"ImageObject","inLanguage":"es","@id":"https:\/\/www.celttv.com.ar\/#\/schema\/logo\/image\/","url":"http:\/\/www.celttv.com.ar\/wp-content\/uploads\/2022\/08\/logo-1.png","contentUrl":"http:\/\/www.celttv.com.ar\/wp-content\/uploads\/2022\/08\/logo-1.png","width":461,"height":159,"caption":"CELTTV"},"image":{"@id":"https:\/\/www.celttv.com.ar\/#\/schema\/logo\/image\/"}},{"@type":"Person","@id":"https:\/\/www.celttv.com.ar\/#\/schema\/person\/9059dc91dc7204ef4182cdb65225f07d","name":"Miguel Herrada","image":{"@type":"ImageObject","inLanguage":"es","@id":"https:\/\/www.celttv.com.ar\/#\/schema\/person\/image\/","url":"https:\/\/secure.gravatar.com\/avatar\/67724d5b3c716623ffd76bec7e45841a442ac3b456e914dbba90b0fad2b8e0b1?s=96&d=mm&r=g","contentUrl":"https:\/\/secure.gravatar.com\/avatar\/67724d5b3c716623ffd76bec7e45841a442ac3b456e914dbba90b0fad2b8e0b1?s=96&d=mm&r=g","caption":"Miguel Herrada"}}]}},"_links":{"self":[{"href":"https:\/\/www.celttv.com.ar\/index.php\/wp-json\/wp\/v2\/posts\/83703","targetHints":{"allow":["GET"]}}],"collection":[{"href":"https:\/\/www.celttv.com.ar\/index.php\/wp-json\/wp\/v2\/posts"}],"about":[{"href":"https:\/\/www.celttv.com.ar\/index.php\/wp-json\/wp\/v2\/types\/post"}],"author":[{"embeddable":true,"href":"https:\/\/www.celttv.com.ar\/index.php\/wp-json\/wp\/v2\/users\/5"}],"replies":[{"embeddable":true,"href":"https:\/\/www.celttv.com.ar\/index.php\/wp-json\/wp\/v2\/comments?post=83703"}],"version-history":[{"count":1,"href":"https:\/\/www.celttv.com.ar\/index.php\/wp-json\/wp\/v2\/posts\/83703\/revisions"}],"predecessor-version":[{"id":83705,"href":"https:\/\/www.celttv.com.ar\/index.php\/wp-json\/wp\/v2\/posts\/83703\/revisions\/83705"}],"wp:featuredmedia":[{"embeddable":true,"href":"https:\/\/www.celttv.com.ar\/index.php\/wp-json\/wp\/v2\/media\/83704"}],"wp:attachment":[{"href":"https:\/\/www.celttv.com.ar\/index.php\/wp-json\/wp\/v2\/media?parent=83703"}],"wp:term":[{"taxonomy":"category","embeddable":true,"href":"https:\/\/www.celttv.com.ar\/index.php\/wp-json\/wp\/v2\/categories?post=83703"},{"taxonomy":"post_tag","embeddable":true,"href":"https:\/\/www.celttv.com.ar\/index.php\/wp-json\/wp\/v2\/tags?post=83703"}],"curies":[{"name":"wp","href":"https:\/\/api.w.org\/{rel}","templated":true}]}}