{"id":83710,"date":"2024-05-14T17:02:34","date_gmt":"2024-05-14T20:02:34","guid":{"rendered":"https:\/\/www.celttv.com.ar\/?p=83710"},"modified":"2024-05-14T17:02:34","modified_gmt":"2024-05-14T20:02:34","slug":"sergio-bordoni-junto-al-gobernador-en-la-firma-de-la-segunda-cuota-del-fondo-de-fortalecimiento-fiscal-municipal","status":"publish","type":"post","link":"https:\/\/www.celttv.com.ar\/index.php\/2024\/05\/14\/sergio-bordoni-junto-al-gobernador-en-la-firma-de-la-segunda-cuota-del-fondo-de-fortalecimiento-fiscal-municipal\/","title":{"rendered":"Sergio Bordoni junto al gobernador en la firma de la segunda cuota del Fondo de Fortalecimiento Fiscal Municipal"},"content":{"rendered":"<div class=\"hnoti\">Axel Kicillof reuni\u00f3 a varios jefes comunales para la entrega de la segunda cuota del programa.<\/div>\n<p>El gobernador Axel Kicillof encabez\u00f3 la firma del pago de la segunda cuota del Fondo de Fortalecimiento Fiscal Municipal, una medida que asegura las herramientas necesarias para que los municipios sigan llegando a cada vecino y vecina de la provincia.<\/p>\n<div class=\"text\">\n<p>Tambi\u00e9n se firm\u00f3 un convenio con el Consejo Federal de Inversiones para contratar profesionales que asistan a los municipios en la realizaci\u00f3n de tareas t\u00e9cnicas de ordenamiento urbano y territorial. Una acci\u00f3n que fortalecer\u00e1 el planeamiento de cada localidad.<\/p>\n<p>Adem\u00e1s, el gobernador anunci\u00f3 tres medidas que seguir\u00e1n impulsando el desarrollo de cada regi\u00f3n de la provincia:<\/p>\n<p>-Fortalecimiento financiero del programa\u00a0<a class=\"htmllink\" href=\"https:\/\/twitter.com\/search\/%23Puentes.\" target=\"_blank\" rel=\"noopener\">#Puentes.<\/a><\/p>\n<p>-Modernizaci\u00f3n de los procesos administrativos a trav\u00e9s de la Gesti\u00f3n Documental Electr\u00f3nica de Buenos Aires (GDEBA).<\/p>\n<p>-Capacitaci\u00f3n a funcionarios municipales para realizar tareas de planeamiento territorial.<\/p>\n<p>El trabajo articulado con los municipios es fundamental para seguir transformando la Provincia, en ese sentido el intendente Sergio Bordoni se hizo presente junto a otros jefes comunales para recibir estos fondos de inversi\u00f3n para el distrito.<\/p>\n<p>Acompa\u00f1aron la firma los\u00a0 ministros de la provincia, el gobernador Axel Kicillof y la vice gobernadora Ver\u00f3nica Magario.<\/p>\n<p><iframe loading=\"lazy\" title=\"Intendente Bordoni firma segunda cuota Fondo de Fortalecimiento municipal\" width=\"500\" height=\"281\" src=\"https:\/\/www.youtube.com\/embed\/7dAM0U-jWTk?feature=oembed\" frameborder=\"0\" allow=\"accelerometer; autoplay; clipboard-write; encrypted-media; gyroscope; picture-in-picture; web-share\" referrerpolicy=\"strict-origin-when-cross-origin\" allowfullscreen><\/iframe><\/p>\n<\/div>\n","protected":false},"excerpt":{"rendered":"<p>Axel Kicillof reuni\u00f3 a varios jefes comunales para la entrega de la segunda cuota del programa. El gobernador Axel Kicillof encabez\u00f3 la firma del pago de la segunda cuota del Fondo de Fortalecimiento Fiscal Municipal, una medida que asegura las herramientas necesarias para que los municipios sigan llegando a cada vecino y vecina de la [&hellip;]<\/p>\n","protected":false},"author":5,"featured_media":83711,"comment_status":"closed","ping_status":"closed","sticky":false,"template":"","format":"standard","meta":{"footnotes":""},"categories":[51,52,59],"tags":[],"class_list":["post-83710","post","type-post","status-publish","format-standard","has-post-thumbnail","hentry","category-comunidad","category-destacadas","category-municipales"],"yoast_head":"<!-- This site is optimized with the Yoast SEO plugin v19.7.1 - https:\/\/yoast.com\/wordpress\/plugins\/seo\/ -->\n<title>Sergio Bordoni junto al gobernador en la firma de la segunda cuota del Fondo de Fortalecimiento Fiscal Municipal - CELTTV<\/title>\n<meta name=\"description\" content=\"Sitio web de noticias de la localidad de Tornquist, provincia de Buenos Aires, Rep\u00fablica Argentina. Contenido propio originado por periodistas de CELTTV, el canal de TV local de la Cooperativa El\u00e9ctrica de Tornquist. Turismo, Pol\u00edtica, Sociedad, Deporte, Cultura y todo el contenido de inter\u00e9s general que la gente del pueblo y la regi\u00f3n debe conocer.\" \/>\n<meta name=\"robots\" content=\"index, follow, max-snippet:-1, max-image-preview:large, max-video-preview:-1\" \/>\n<link rel=\"canonical\" href=\"https:\/\/www.celttv.com.ar\/index.php\/2024\/05\/14\/sergio-bordoni-junto-al-gobernador-en-la-firma-de-la-segunda-cuota-del-fondo-de-fortalecimiento-fiscal-municipal\/\" \/>\n<meta property=\"og:locale\" content=\"es_ES\" \/>\n<meta property=\"og:type\" content=\"article\" \/>\n<meta property=\"og:title\" content=\"Sergio Bordoni junto al gobernador en la firma de la segunda cuota del Fondo de Fortalecimiento Fiscal Municipal - CELTTV\" \/>\n<meta property=\"og:description\" content=\"Sitio web de noticias de la localidad de Tornquist, provincia de Buenos Aires, Rep\u00fablica Argentina. Contenido propio originado por periodistas de CELTTV, el canal de TV local de la Cooperativa El\u00e9ctrica de Tornquist. Turismo, Pol\u00edtica, Sociedad, Deporte, Cultura y todo el contenido de inter\u00e9s general que la gente del pueblo y la regi\u00f3n debe conocer.\" \/>\n<meta property=\"og:url\" content=\"https:\/\/www.celttv.com.ar\/index.php\/2024\/05\/14\/sergio-bordoni-junto-al-gobernador-en-la-firma-de-la-segunda-cuota-del-fondo-de-fortalecimiento-fiscal-municipal\/\" \/>\n<meta property=\"og:site_name\" content=\"CELTTV\" \/>\n<meta property=\"article:publisher\" content=\"https:\/\/www.facebook.com\/celtTV\/\" \/>\n<meta property=\"article:published_time\" content=\"2024-05-14T20:02:34+00:00\" \/>\n<meta property=\"og:image\" content=\"https:\/\/www.celttv.com.ar\/wp-content\/uploads\/2024\/05\/bordoni-firma-convenio.jpg\" \/>\n\t<meta property=\"og:image:width\" content=\"1600\" \/>\n\t<meta property=\"og:image:height\" content=\"991\" \/>\n\t<meta property=\"og:image:type\" content=\"image\/jpeg\" \/>\n<meta name=\"author\" content=\"Miguel Herrada\" \/>\n<meta name=\"twitter:card\" content=\"summary_large_image\" \/>\n<meta name=\"twitter:label1\" content=\"Escrito por\" \/>\n\t<meta name=\"twitter:data1\" content=\"Miguel Herrada\" \/>\n\t<meta name=\"twitter:label2\" content=\"Tiempo de lectura\" \/>\n\t<meta name=\"twitter:data2\" content=\"1 minuto\" \/>\n<script type=\"application\/ld+json\" class=\"yoast-schema-graph\">{\"@context\":\"https:\/\/schema.org\",\"@graph\":[{\"@type\":\"NewsArticle\",\"@id\":\"https:\/\/www.celttv.com.ar\/index.php\/2024\/05\/14\/sergio-bordoni-junto-al-gobernador-en-la-firma-de-la-segunda-cuota-del-fondo-de-fortalecimiento-fiscal-municipal\/#article\",\"isPartOf\":{\"@id\":\"https:\/\/www.celttv.com.ar\/index.php\/2024\/05\/14\/sergio-bordoni-junto-al-gobernador-en-la-firma-de-la-segunda-cuota-del-fondo-de-fortalecimiento-fiscal-municipal\/\"},\"author\":{\"name\":\"Miguel Herrada\",\"@id\":\"https:\/\/www.celttv.com.ar\/#\/schema\/person\/9059dc91dc7204ef4182cdb65225f07d\"},\"headline\":\"Sergio Bordoni junto al gobernador en la firma de la segunda cuota del Fondo de Fortalecimiento Fiscal Municipal\",\"datePublished\":\"2024-05-14T20:02:34+00:00\",\"dateModified\":\"2024-05-14T20:02:34+00:00\",\"mainEntityOfPage\":{\"@id\":\"https:\/\/www.celttv.com.ar\/index.php\/2024\/05\/14\/sergio-bordoni-junto-al-gobernador-en-la-firma-de-la-segunda-cuota-del-fondo-de-fortalecimiento-fiscal-municipal\/\"},\"wordCount\":236,\"publisher\":{\"@id\":\"https:\/\/www.celttv.com.ar\/#organization\"},\"articleSection\":[\"Comunidad\",\"Destacadas\",\"Municipales\"],\"inLanguage\":\"es\"},{\"@type\":\"WebPage\",\"@id\":\"https:\/\/www.celttv.com.ar\/index.php\/2024\/05\/14\/sergio-bordoni-junto-al-gobernador-en-la-firma-de-la-segunda-cuota-del-fondo-de-fortalecimiento-fiscal-municipal\/\",\"url\":\"https:\/\/www.celttv.com.ar\/index.php\/2024\/05\/14\/sergio-bordoni-junto-al-gobernador-en-la-firma-de-la-segunda-cuota-del-fondo-de-fortalecimiento-fiscal-municipal\/\",\"name\":\"Sergio Bordoni junto al gobernador en la firma de la segunda cuota del Fondo de Fortalecimiento Fiscal Municipal - CELTTV\",\"isPartOf\":{\"@id\":\"https:\/\/www.celttv.com.ar\/#website\"},\"datePublished\":\"2024-05-14T20:02:34+00:00\",\"dateModified\":\"2024-05-14T20:02:34+00:00\",\"description\":\"Sitio web de noticias de la localidad de Tornquist, provincia de Buenos Aires, Rep\u00fablica Argentina. Contenido propio originado por periodistas de CELTTV, el canal de TV local de la Cooperativa El\u00e9ctrica de Tornquist. Turismo, Pol\u00edtica, Sociedad, Deporte, Cultura y todo el contenido de inter\u00e9s general que la gente del pueblo y la regi\u00f3n debe conocer.\",\"breadcrumb\":{\"@id\":\"https:\/\/www.celttv.com.ar\/index.php\/2024\/05\/14\/sergio-bordoni-junto-al-gobernador-en-la-firma-de-la-segunda-cuota-del-fondo-de-fortalecimiento-fiscal-municipal\/#breadcrumb\"},\"inLanguage\":\"es\",\"potentialAction\":[{\"@type\":\"ReadAction\",\"target\":[\"https:\/\/www.celttv.com.ar\/index.php\/2024\/05\/14\/sergio-bordoni-junto-al-gobernador-en-la-firma-de-la-segunda-cuota-del-fondo-de-fortalecimiento-fiscal-municipal\/\"]}]},{\"@type\":\"BreadcrumbList\",\"@id\":\"https:\/\/www.celttv.com.ar\/index.php\/2024\/05\/14\/sergio-bordoni-junto-al-gobernador-en-la-firma-de-la-segunda-cuota-del-fondo-de-fortalecimiento-fiscal-municipal\/#breadcrumb\",\"itemListElement\":[{\"@type\":\"ListItem\",\"position\":1,\"name\":\"Inicio\",\"item\":\"https:\/\/www.celttv.com.ar\/\"},{\"@type\":\"ListItem\",\"position\":2,\"name\":\"Sergio Bordoni junto al gobernador en la firma de la segunda cuota del Fondo de Fortalecimiento Fiscal Municipal\"}]},{\"@type\":\"WebSite\",\"@id\":\"https:\/\/www.celttv.com.ar\/#website\",\"url\":\"https:\/\/www.celttv.com.ar\/\",\"name\":\"CELTTV\",\"description\":\"Cooperativa El\u00e9ctrica de Tornquist\",\"publisher\":{\"@id\":\"https:\/\/www.celttv.com.ar\/#organization\"},\"potentialAction\":[{\"@type\":\"SearchAction\",\"target\":{\"@type\":\"EntryPoint\",\"urlTemplate\":\"https:\/\/www.celttv.com.ar\/?s={search_term_string}\"},\"query-input\":\"required name=search_term_string\"}],\"inLanguage\":\"es\"},{\"@type\":\"Organization\",\"@id\":\"https:\/\/www.celttv.com.ar\/#organization\",\"name\":\"CELTTV\",\"url\":\"https:\/\/www.celttv.com.ar\/\",\"sameAs\":[\"https:\/\/www.youtube.com\/channel\/UCz_oIt8Hig64Ub-EmcNPIhg\",\"https:\/\/www.facebook.com\/celtTV\/\"],\"logo\":{\"@type\":\"ImageObject\",\"inLanguage\":\"es\",\"@id\":\"https:\/\/www.celttv.com.ar\/#\/schema\/logo\/image\/\",\"url\":\"http:\/\/www.celttv.com.ar\/wp-content\/uploads\/2022\/08\/logo-1.png\",\"contentUrl\":\"http:\/\/www.celttv.com.ar\/wp-content\/uploads\/2022\/08\/logo-1.png\",\"width\":461,\"height\":159,\"caption\":\"CELTTV\"},\"image\":{\"@id\":\"https:\/\/www.celttv.com.ar\/#\/schema\/logo\/image\/\"}},{\"@type\":\"Person\",\"@id\":\"https:\/\/www.celttv.com.ar\/#\/schema\/person\/9059dc91dc7204ef4182cdb65225f07d\",\"name\":\"Miguel Herrada\",\"image\":{\"@type\":\"ImageObject\",\"inLanguage\":\"es\",\"@id\":\"https:\/\/www.celttv.com.ar\/#\/schema\/person\/image\/\",\"url\":\"https:\/\/secure.gravatar.com\/avatar\/67724d5b3c716623ffd76bec7e45841a442ac3b456e914dbba90b0fad2b8e0b1?s=96&d=mm&r=g\",\"contentUrl\":\"https:\/\/secure.gravatar.com\/avatar\/67724d5b3c716623ffd76bec7e45841a442ac3b456e914dbba90b0fad2b8e0b1?s=96&d=mm&r=g\",\"caption\":\"Miguel Herrada\"}}]}<\/script>\n<!-- \/ Yoast SEO plugin. -->","yoast_head_json":{"title":"Sergio Bordoni junto al gobernador en la firma de la segunda cuota del Fondo de Fortalecimiento Fiscal Municipal - CELTTV","description":"Sitio web de noticias de la localidad de Tornquist, provincia de Buenos Aires, Rep\u00fablica Argentina. Contenido propio originado por periodistas de CELTTV, el canal de TV local de la Cooperativa El\u00e9ctrica de Tornquist. Turismo, Pol\u00edtica, Sociedad, Deporte, Cultura y todo el contenido de inter\u00e9s general que la gente del pueblo y la regi\u00f3n debe conocer.","robots":{"index":"index","follow":"follow","max-snippet":"max-snippet:-1","max-image-preview":"max-image-preview:large","max-video-preview":"max-video-preview:-1"},"canonical":"https:\/\/www.celttv.com.ar\/index.php\/2024\/05\/14\/sergio-bordoni-junto-al-gobernador-en-la-firma-de-la-segunda-cuota-del-fondo-de-fortalecimiento-fiscal-municipal\/","og_locale":"es_ES","og_type":"article","og_title":"Sergio Bordoni junto al gobernador en la firma de la segunda cuota del Fondo de Fortalecimiento Fiscal Municipal - CELTTV","og_description":"Sitio web de noticias de la localidad de Tornquist, provincia de Buenos Aires, Rep\u00fablica Argentina. Contenido propio originado por periodistas de CELTTV, el canal de TV local de la Cooperativa El\u00e9ctrica de Tornquist. Turismo, Pol\u00edtica, Sociedad, Deporte, Cultura y todo el contenido de inter\u00e9s general que la gente del pueblo y la regi\u00f3n debe conocer.","og_url":"https:\/\/www.celttv.com.ar\/index.php\/2024\/05\/14\/sergio-bordoni-junto-al-gobernador-en-la-firma-de-la-segunda-cuota-del-fondo-de-fortalecimiento-fiscal-municipal\/","og_site_name":"CELTTV","article_publisher":"https:\/\/www.facebook.com\/celtTV\/","article_published_time":"2024-05-14T20:02:34+00:00","og_image":[{"width":1600,"height":991,"url":"https:\/\/www.celttv.com.ar\/wp-content\/uploads\/2024\/05\/bordoni-firma-convenio.jpg","type":"image\/jpeg"}],"author":"Miguel Herrada","twitter_card":"summary_large_image","twitter_misc":{"Escrito por":"Miguel Herrada","Tiempo de lectura":"1 minuto"},"schema":{"@context":"https:\/\/schema.org","@graph":[{"@type":"NewsArticle","@id":"https:\/\/www.celttv.com.ar\/index.php\/2024\/05\/14\/sergio-bordoni-junto-al-gobernador-en-la-firma-de-la-segunda-cuota-del-fondo-de-fortalecimiento-fiscal-municipal\/#article","isPartOf":{"@id":"https:\/\/www.celttv.com.ar\/index.php\/2024\/05\/14\/sergio-bordoni-junto-al-gobernador-en-la-firma-de-la-segunda-cuota-del-fondo-de-fortalecimiento-fiscal-municipal\/"},"author":{"name":"Miguel Herrada","@id":"https:\/\/www.celttv.com.ar\/#\/schema\/person\/9059dc91dc7204ef4182cdb65225f07d"},"headline":"Sergio Bordoni junto al gobernador en la firma de la segunda cuota del Fondo de Fortalecimiento Fiscal Municipal","datePublished":"2024-05-14T20:02:34+00:00","dateModified":"2024-05-14T20:02:34+00:00","mainEntityOfPage":{"@id":"https:\/\/www.celttv.com.ar\/index.php\/2024\/05\/14\/sergio-bordoni-junto-al-gobernador-en-la-firma-de-la-segunda-cuota-del-fondo-de-fortalecimiento-fiscal-municipal\/"},"wordCount":236,"publisher":{"@id":"https:\/\/www.celttv.com.ar\/#organization"},"articleSection":["Comunidad","Destacadas","Municipales"],"inLanguage":"es"},{"@type":"WebPage","@id":"https:\/\/www.celttv.com.ar\/index.php\/2024\/05\/14\/sergio-bordoni-junto-al-gobernador-en-la-firma-de-la-segunda-cuota-del-fondo-de-fortalecimiento-fiscal-municipal\/","url":"https:\/\/www.celttv.com.ar\/index.php\/2024\/05\/14\/sergio-bordoni-junto-al-gobernador-en-la-firma-de-la-segunda-cuota-del-fondo-de-fortalecimiento-fiscal-municipal\/","name":"Sergio Bordoni junto al gobernador en la firma de la segunda cuota del Fondo de Fortalecimiento Fiscal Municipal - CELTTV","isPartOf":{"@id":"https:\/\/www.celttv.com.ar\/#website"},"datePublished":"2024-05-14T20:02:34+00:00","dateModified":"2024-05-14T20:02:34+00:00","description":"Sitio web de noticias de la localidad de Tornquist, provincia de Buenos Aires, Rep\u00fablica Argentina. Contenido propio originado por periodistas de CELTTV, el canal de TV local de la Cooperativa El\u00e9ctrica de Tornquist. Turismo, Pol\u00edtica, Sociedad, Deporte, Cultura y todo el contenido de inter\u00e9s general que la gente del pueblo y la regi\u00f3n debe conocer.","breadcrumb":{"@id":"https:\/\/www.celttv.com.ar\/index.php\/2024\/05\/14\/sergio-bordoni-junto-al-gobernador-en-la-firma-de-la-segunda-cuota-del-fondo-de-fortalecimiento-fiscal-municipal\/#breadcrumb"},"inLanguage":"es","potentialAction":[{"@type":"ReadAction","target":["https:\/\/www.celttv.com.ar\/index.php\/2024\/05\/14\/sergio-bordoni-junto-al-gobernador-en-la-firma-de-la-segunda-cuota-del-fondo-de-fortalecimiento-fiscal-municipal\/"]}]},{"@type":"BreadcrumbList","@id":"https:\/\/www.celttv.com.ar\/index.php\/2024\/05\/14\/sergio-bordoni-junto-al-gobernador-en-la-firma-de-la-segunda-cuota-del-fondo-de-fortalecimiento-fiscal-municipal\/#breadcrumb","itemListElement":[{"@type":"ListItem","position":1,"name":"Inicio","item":"https:\/\/www.celttv.com.ar\/"},{"@type":"ListItem","position":2,"name":"Sergio Bordoni junto al gobernador en la firma de la segunda cuota del Fondo de Fortalecimiento Fiscal Municipal"}]},{"@type":"WebSite","@id":"https:\/\/www.celttv.com.ar\/#website","url":"https:\/\/www.celttv.com.ar\/","name":"CELTTV","description":"Cooperativa El\u00e9ctrica de Tornquist","publisher":{"@id":"https:\/\/www.celttv.com.ar\/#organization"},"potentialAction":[{"@type":"SearchAction","target":{"@type":"EntryPoint","urlTemplate":"https:\/\/www.celttv.com.ar\/?s={search_term_string}"},"query-input":"required name=search_term_string"}],"inLanguage":"es"},{"@type":"Organization","@id":"https:\/\/www.celttv.com.ar\/#organization","name":"CELTTV","url":"https:\/\/www.celttv.com.ar\/","sameAs":["https:\/\/www.youtube.com\/channel\/UCz_oIt8Hig64Ub-EmcNPIhg","https:\/\/www.facebook.com\/celtTV\/"],"logo":{"@type":"ImageObject","inLanguage":"es","@id":"https:\/\/www.celttv.com.ar\/#\/schema\/logo\/image\/","url":"http:\/\/www.celttv.com.ar\/wp-content\/uploads\/2022\/08\/logo-1.png","contentUrl":"http:\/\/www.celttv.com.ar\/wp-content\/uploads\/2022\/08\/logo-1.png","width":461,"height":159,"caption":"CELTTV"},"image":{"@id":"https:\/\/www.celttv.com.ar\/#\/schema\/logo\/image\/"}},{"@type":"Person","@id":"https:\/\/www.celttv.com.ar\/#\/schema\/person\/9059dc91dc7204ef4182cdb65225f07d","name":"Miguel Herrada","image":{"@type":"ImageObject","inLanguage":"es","@id":"https:\/\/www.celttv.com.ar\/#\/schema\/person\/image\/","url":"https:\/\/secure.gravatar.com\/avatar\/67724d5b3c716623ffd76bec7e45841a442ac3b456e914dbba90b0fad2b8e0b1?s=96&d=mm&r=g","contentUrl":"https:\/\/secure.gravatar.com\/avatar\/67724d5b3c716623ffd76bec7e45841a442ac3b456e914dbba90b0fad2b8e0b1?s=96&d=mm&r=g","caption":"Miguel Herrada"}}]}},"_links":{"self":[{"href":"https:\/\/www.celttv.com.ar\/index.php\/wp-json\/wp\/v2\/posts\/83710","targetHints":{"allow":["GET"]}}],"collection":[{"href":"https:\/\/www.celttv.com.ar\/index.php\/wp-json\/wp\/v2\/posts"}],"about":[{"href":"https:\/\/www.celttv.com.ar\/index.php\/wp-json\/wp\/v2\/types\/post"}],"author":[{"embeddable":true,"href":"https:\/\/www.celttv.com.ar\/index.php\/wp-json\/wp\/v2\/users\/5"}],"replies":[{"embeddable":true,"href":"https:\/\/www.celttv.com.ar\/index.php\/wp-json\/wp\/v2\/comments?post=83710"}],"version-history":[{"count":1,"href":"https:\/\/www.celttv.com.ar\/index.php\/wp-json\/wp\/v2\/posts\/83710\/revisions"}],"predecessor-version":[{"id":83712,"href":"https:\/\/www.celttv.com.ar\/index.php\/wp-json\/wp\/v2\/posts\/83710\/revisions\/83712"}],"wp:featuredmedia":[{"embeddable":true,"href":"https:\/\/www.celttv.com.ar\/index.php\/wp-json\/wp\/v2\/media\/83711"}],"wp:attachment":[{"href":"https:\/\/www.celttv.com.ar\/index.php\/wp-json\/wp\/v2\/media?parent=83710"}],"wp:term":[{"taxonomy":"category","embeddable":true,"href":"https:\/\/www.celttv.com.ar\/index.php\/wp-json\/wp\/v2\/categories?post=83710"},{"taxonomy":"post_tag","embeddable":true,"href":"https:\/\/www.celttv.com.ar\/index.php\/wp-json\/wp\/v2\/tags?post=83710"}],"curies":[{"name":"wp","href":"https:\/\/api.w.org\/{rel}","templated":true}]}}