{"id":83716,"date":"2024-05-15T10:16:01","date_gmt":"2024-05-15T13:16:01","guid":{"rendered":"https:\/\/www.celttv.com.ar\/?p=83716"},"modified":"2024-05-15T10:16:02","modified_gmt":"2024-05-15T13:16:02","slug":"el-intendente-sergio-bordoni-firmo-acuerdo-para-la-compra-de-camion-compactador-de-residuos","status":"publish","type":"post","link":"https:\/\/www.celttv.com.ar\/index.php\/2024\/05\/15\/el-intendente-sergio-bordoni-firmo-acuerdo-para-la-compra-de-camion-compactador-de-residuos\/","title":{"rendered":"El Intendente Sergio Bordoni firm\u00f3 acuerdo para la compra de cami\u00f3n compactador de residuos"},"content":{"rendered":"<p>El Intendente Sergio Bordoni, contin\u00faa con diversos tr\u00e1mites de la gesti\u00f3n municipal en La Plata, recordemos que el lunes estuvo en la apertura de los Juegos Bonaerenses 2024 y adem\u00e1s en la firma de la entrega de la segunda cuota del Fondo de Fortalecimiento Fiscal Municipal.<\/p>\n<p>Por su parte el martes el jefe comunal fue recibido por la Licenciada en administraci\u00f3n de empresas y presidenta de provincia leasing Valeria Dallera, para rubricar el acuerdo que permitir\u00e1 la compra de un cami\u00f3n y un recolector compactador de residuos que ser\u00e1 destinado a mejorar los servicios p\u00fablicos del municipio y especialmente el basurero a cielo abierto ubicado entre Saldungaray y Sierra de la Ventana.<\/p>\n<p>Recordemos tambi\u00e9n que el viernes 24 de mayo est\u00e1 prevista la visita del gobernador Axel Kicillof a Tornquist y Saldungaray.<\/p>\n<p><img loading=\"lazy\" decoding=\"async\" class=\"alignnone wp-image-83717 size-full\" src=\"https:\/\/www.celttv.com.ar\/wp-content\/uploads\/2024\/05\/camion.png_800.png\" alt=\"\" width=\"800\" height=\"545\" srcset=\"https:\/\/www.celttv.com.ar\/wp-content\/uploads\/2024\/05\/camion.png_800.png 800w, https:\/\/www.celttv.com.ar\/wp-content\/uploads\/2024\/05\/camion.png_800-300x204.png 300w, https:\/\/www.celttv.com.ar\/wp-content\/uploads\/2024\/05\/camion.png_800-768x523.png 768w, https:\/\/www.celttv.com.ar\/wp-content\/uploads\/2024\/05\/camion.png_800-750x511.png 750w\" sizes=\"auto, (max-width: 800px) 100vw, 800px\" \/> <img loading=\"lazy\" decoding=\"async\" class=\"alignnone wp-image-83718 size-full\" src=\"https:\/\/www.celttv.com.ar\/wp-content\/uploads\/2024\/05\/camion-2.png_800.png\" alt=\"\" width=\"800\" height=\"570\" srcset=\"https:\/\/www.celttv.com.ar\/wp-content\/uploads\/2024\/05\/camion-2.png_800.png 800w, https:\/\/www.celttv.com.ar\/wp-content\/uploads\/2024\/05\/camion-2.png_800-300x214.png 300w, https:\/\/www.celttv.com.ar\/wp-content\/uploads\/2024\/05\/camion-2.png_800-768x547.png 768w, https:\/\/www.celttv.com.ar\/wp-content\/uploads\/2024\/05\/camion-2.png_800-120x86.png 120w, https:\/\/www.celttv.com.ar\/wp-content\/uploads\/2024\/05\/camion-2.png_800-350x250.png 350w, https:\/\/www.celttv.com.ar\/wp-content\/uploads\/2024\/05\/camion-2.png_800-750x534.png 750w\" sizes=\"auto, (max-width: 800px) 100vw, 800px\" \/><\/p>\n","protected":false},"excerpt":{"rendered":"<p>El Intendente Sergio Bordoni, contin\u00faa con diversos tr\u00e1mites de la gesti\u00f3n municipal en La Plata, recordemos que el lunes estuvo en la apertura de los Juegos Bonaerenses 2024 y adem\u00e1s en la firma de la entrega de la segunda cuota del Fondo de Fortalecimiento Fiscal Municipal. Por su parte el martes el jefe comunal fue [&hellip;]<\/p>\n","protected":false},"author":3,"featured_media":83719,"comment_status":"closed","ping_status":"closed","sticky":false,"template":"","format":"standard","meta":{"footnotes":""},"categories":[55],"tags":[],"class_list":["post-83716","post","type-post","status-publish","format-standard","has-post-thumbnail","hentry","category-celt-tv-noticias"],"yoast_head":"<!-- This site is optimized with the Yoast SEO plugin v19.7.1 - https:\/\/yoast.com\/wordpress\/plugins\/seo\/ -->\n<title>El Intendente Sergio Bordoni firm\u00f3 acuerdo para la compra de cami\u00f3n compactador de residuos - CELTTV<\/title>\n<meta name=\"description\" content=\"Sitio web de noticias de la localidad de Tornquist, provincia de Buenos Aires, Rep\u00fablica Argentina. Contenido propio originado por periodistas de CELTTV, el canal de TV local de la Cooperativa El\u00e9ctrica de Tornquist. Turismo, Pol\u00edtica, Sociedad, Deporte, Cultura y todo el contenido de inter\u00e9s general que la gente del pueblo y la regi\u00f3n debe conocer.\" \/>\n<meta name=\"robots\" content=\"index, follow, max-snippet:-1, max-image-preview:large, max-video-preview:-1\" \/>\n<link rel=\"canonical\" href=\"https:\/\/www.celttv.com.ar\/index.php\/2024\/05\/15\/el-intendente-sergio-bordoni-firmo-acuerdo-para-la-compra-de-camion-compactador-de-residuos\/\" \/>\n<meta property=\"og:locale\" content=\"es_ES\" \/>\n<meta property=\"og:type\" content=\"article\" \/>\n<meta property=\"og:title\" content=\"El Intendente Sergio Bordoni firm\u00f3 acuerdo para la compra de cami\u00f3n compactador de residuos - CELTTV\" \/>\n<meta property=\"og:description\" content=\"Sitio web de noticias de la localidad de Tornquist, provincia de Buenos Aires, Rep\u00fablica Argentina. Contenido propio originado por periodistas de CELTTV, el canal de TV local de la Cooperativa El\u00e9ctrica de Tornquist. Turismo, Pol\u00edtica, Sociedad, Deporte, Cultura y todo el contenido de inter\u00e9s general que la gente del pueblo y la regi\u00f3n debe conocer.\" \/>\n<meta property=\"og:url\" content=\"https:\/\/www.celttv.com.ar\/index.php\/2024\/05\/15\/el-intendente-sergio-bordoni-firmo-acuerdo-para-la-compra-de-camion-compactador-de-residuos\/\" \/>\n<meta property=\"og:site_name\" content=\"CELTTV\" \/>\n<meta property=\"article:publisher\" content=\"https:\/\/www.facebook.com\/celtTV\/\" \/>\n<meta property=\"article:published_time\" content=\"2024-05-15T13:16:01+00:00\" \/>\n<meta property=\"article:modified_time\" content=\"2024-05-15T13:16:02+00:00\" \/>\n<meta property=\"og:image\" content=\"https:\/\/www.celttv.com.ar\/wp-content\/uploads\/2024\/05\/camion-2-1.png_800-1.png\" \/>\n\t<meta property=\"og:image:width\" content=\"797\" \/>\n\t<meta property=\"og:image:height\" content=\"451\" \/>\n\t<meta property=\"og:image:type\" content=\"image\/png\" \/>\n<meta name=\"author\" content=\"Rodrigo Sgammini\" \/>\n<meta name=\"twitter:card\" content=\"summary_large_image\" \/>\n<meta name=\"twitter:label1\" content=\"Escrito por\" \/>\n\t<meta name=\"twitter:data1\" content=\"Rodrigo Sgammini\" \/>\n\t<meta name=\"twitter:label2\" content=\"Tiempo de lectura\" \/>\n\t<meta name=\"twitter:data2\" content=\"1 minuto\" \/>\n<script type=\"application\/ld+json\" class=\"yoast-schema-graph\">{\"@context\":\"https:\/\/schema.org\",\"@graph\":[{\"@type\":\"NewsArticle\",\"@id\":\"https:\/\/www.celttv.com.ar\/index.php\/2024\/05\/15\/el-intendente-sergio-bordoni-firmo-acuerdo-para-la-compra-de-camion-compactador-de-residuos\/#article\",\"isPartOf\":{\"@id\":\"https:\/\/www.celttv.com.ar\/index.php\/2024\/05\/15\/el-intendente-sergio-bordoni-firmo-acuerdo-para-la-compra-de-camion-compactador-de-residuos\/\"},\"author\":{\"name\":\"Rodrigo Sgammini\",\"@id\":\"https:\/\/www.celttv.com.ar\/#\/schema\/person\/495be51d064edd971d8457f8f64eb172\"},\"headline\":\"El Intendente Sergio Bordoni firm\u00f3 acuerdo para la compra de cami\u00f3n compactador de residuos\",\"datePublished\":\"2024-05-15T13:16:01+00:00\",\"dateModified\":\"2024-05-15T13:16:02+00:00\",\"mainEntityOfPage\":{\"@id\":\"https:\/\/www.celttv.com.ar\/index.php\/2024\/05\/15\/el-intendente-sergio-bordoni-firmo-acuerdo-para-la-compra-de-camion-compactador-de-residuos\/\"},\"wordCount\":153,\"publisher\":{\"@id\":\"https:\/\/www.celttv.com.ar\/#organization\"},\"articleSection\":[\"Celt TV Noticias\"],\"inLanguage\":\"es\"},{\"@type\":\"WebPage\",\"@id\":\"https:\/\/www.celttv.com.ar\/index.php\/2024\/05\/15\/el-intendente-sergio-bordoni-firmo-acuerdo-para-la-compra-de-camion-compactador-de-residuos\/\",\"url\":\"https:\/\/www.celttv.com.ar\/index.php\/2024\/05\/15\/el-intendente-sergio-bordoni-firmo-acuerdo-para-la-compra-de-camion-compactador-de-residuos\/\",\"name\":\"El Intendente Sergio Bordoni firm\u00f3 acuerdo para la compra de cami\u00f3n compactador de residuos - CELTTV\",\"isPartOf\":{\"@id\":\"https:\/\/www.celttv.com.ar\/#website\"},\"datePublished\":\"2024-05-15T13:16:01+00:00\",\"dateModified\":\"2024-05-15T13:16:02+00:00\",\"description\":\"Sitio web de noticias de la localidad de Tornquist, provincia de Buenos Aires, Rep\u00fablica Argentina. Contenido propio originado por periodistas de CELTTV, el canal de TV local de la Cooperativa El\u00e9ctrica de Tornquist. Turismo, Pol\u00edtica, Sociedad, Deporte, Cultura y todo el contenido de inter\u00e9s general que la gente del pueblo y la regi\u00f3n debe conocer.\",\"breadcrumb\":{\"@id\":\"https:\/\/www.celttv.com.ar\/index.php\/2024\/05\/15\/el-intendente-sergio-bordoni-firmo-acuerdo-para-la-compra-de-camion-compactador-de-residuos\/#breadcrumb\"},\"inLanguage\":\"es\",\"potentialAction\":[{\"@type\":\"ReadAction\",\"target\":[\"https:\/\/www.celttv.com.ar\/index.php\/2024\/05\/15\/el-intendente-sergio-bordoni-firmo-acuerdo-para-la-compra-de-camion-compactador-de-residuos\/\"]}]},{\"@type\":\"BreadcrumbList\",\"@id\":\"https:\/\/www.celttv.com.ar\/index.php\/2024\/05\/15\/el-intendente-sergio-bordoni-firmo-acuerdo-para-la-compra-de-camion-compactador-de-residuos\/#breadcrumb\",\"itemListElement\":[{\"@type\":\"ListItem\",\"position\":1,\"name\":\"Inicio\",\"item\":\"https:\/\/www.celttv.com.ar\/\"},{\"@type\":\"ListItem\",\"position\":2,\"name\":\"El Intendente Sergio Bordoni firm\u00f3 acuerdo para la compra de cami\u00f3n compactador de residuos\"}]},{\"@type\":\"WebSite\",\"@id\":\"https:\/\/www.celttv.com.ar\/#website\",\"url\":\"https:\/\/www.celttv.com.ar\/\",\"name\":\"CELTTV\",\"description\":\"Cooperativa El\u00e9ctrica de Tornquist\",\"publisher\":{\"@id\":\"https:\/\/www.celttv.com.ar\/#organization\"},\"potentialAction\":[{\"@type\":\"SearchAction\",\"target\":{\"@type\":\"EntryPoint\",\"urlTemplate\":\"https:\/\/www.celttv.com.ar\/?s={search_term_string}\"},\"query-input\":\"required name=search_term_string\"}],\"inLanguage\":\"es\"},{\"@type\":\"Organization\",\"@id\":\"https:\/\/www.celttv.com.ar\/#organization\",\"name\":\"CELTTV\",\"url\":\"https:\/\/www.celttv.com.ar\/\",\"sameAs\":[\"https:\/\/www.youtube.com\/channel\/UCz_oIt8Hig64Ub-EmcNPIhg\",\"https:\/\/www.facebook.com\/celtTV\/\"],\"logo\":{\"@type\":\"ImageObject\",\"inLanguage\":\"es\",\"@id\":\"https:\/\/www.celttv.com.ar\/#\/schema\/logo\/image\/\",\"url\":\"http:\/\/www.celttv.com.ar\/wp-content\/uploads\/2022\/08\/logo-1.png\",\"contentUrl\":\"http:\/\/www.celttv.com.ar\/wp-content\/uploads\/2022\/08\/logo-1.png\",\"width\":461,\"height\":159,\"caption\":\"CELTTV\"},\"image\":{\"@id\":\"https:\/\/www.celttv.com.ar\/#\/schema\/logo\/image\/\"}},{\"@type\":\"Person\",\"@id\":\"https:\/\/www.celttv.com.ar\/#\/schema\/person\/495be51d064edd971d8457f8f64eb172\",\"name\":\"Rodrigo Sgammini\",\"image\":{\"@type\":\"ImageObject\",\"inLanguage\":\"es\",\"@id\":\"https:\/\/www.celttv.com.ar\/#\/schema\/person\/image\/\",\"url\":\"https:\/\/secure.gravatar.com\/avatar\/68f7848d42735e7a9276b47cd6e606327d88f521c51ae39d88888b76902e2987?s=96&d=mm&r=g\",\"contentUrl\":\"https:\/\/secure.gravatar.com\/avatar\/68f7848d42735e7a9276b47cd6e606327d88f521c51ae39d88888b76902e2987?s=96&d=mm&r=g\",\"caption\":\"Rodrigo Sgammini\"}}]}<\/script>\n<!-- \/ Yoast SEO plugin. -->","yoast_head_json":{"title":"El Intendente Sergio Bordoni firm\u00f3 acuerdo para la compra de cami\u00f3n compactador de residuos - CELTTV","description":"Sitio web de noticias de la localidad de Tornquist, provincia de Buenos Aires, Rep\u00fablica Argentina. Contenido propio originado por periodistas de CELTTV, el canal de TV local de la Cooperativa El\u00e9ctrica de Tornquist. Turismo, Pol\u00edtica, Sociedad, Deporte, Cultura y todo el contenido de inter\u00e9s general que la gente del pueblo y la regi\u00f3n debe conocer.","robots":{"index":"index","follow":"follow","max-snippet":"max-snippet:-1","max-image-preview":"max-image-preview:large","max-video-preview":"max-video-preview:-1"},"canonical":"https:\/\/www.celttv.com.ar\/index.php\/2024\/05\/15\/el-intendente-sergio-bordoni-firmo-acuerdo-para-la-compra-de-camion-compactador-de-residuos\/","og_locale":"es_ES","og_type":"article","og_title":"El Intendente Sergio Bordoni firm\u00f3 acuerdo para la compra de cami\u00f3n compactador de residuos - CELTTV","og_description":"Sitio web de noticias de la localidad de Tornquist, provincia de Buenos Aires, Rep\u00fablica Argentina. Contenido propio originado por periodistas de CELTTV, el canal de TV local de la Cooperativa El\u00e9ctrica de Tornquist. Turismo, Pol\u00edtica, Sociedad, Deporte, Cultura y todo el contenido de inter\u00e9s general que la gente del pueblo y la regi\u00f3n debe conocer.","og_url":"https:\/\/www.celttv.com.ar\/index.php\/2024\/05\/15\/el-intendente-sergio-bordoni-firmo-acuerdo-para-la-compra-de-camion-compactador-de-residuos\/","og_site_name":"CELTTV","article_publisher":"https:\/\/www.facebook.com\/celtTV\/","article_published_time":"2024-05-15T13:16:01+00:00","article_modified_time":"2024-05-15T13:16:02+00:00","og_image":[{"width":797,"height":451,"url":"https:\/\/www.celttv.com.ar\/wp-content\/uploads\/2024\/05\/camion-2-1.png_800-1.png","type":"image\/png"}],"author":"Rodrigo Sgammini","twitter_card":"summary_large_image","twitter_misc":{"Escrito por":"Rodrigo Sgammini","Tiempo de lectura":"1 minuto"},"schema":{"@context":"https:\/\/schema.org","@graph":[{"@type":"NewsArticle","@id":"https:\/\/www.celttv.com.ar\/index.php\/2024\/05\/15\/el-intendente-sergio-bordoni-firmo-acuerdo-para-la-compra-de-camion-compactador-de-residuos\/#article","isPartOf":{"@id":"https:\/\/www.celttv.com.ar\/index.php\/2024\/05\/15\/el-intendente-sergio-bordoni-firmo-acuerdo-para-la-compra-de-camion-compactador-de-residuos\/"},"author":{"name":"Rodrigo Sgammini","@id":"https:\/\/www.celttv.com.ar\/#\/schema\/person\/495be51d064edd971d8457f8f64eb172"},"headline":"El Intendente Sergio Bordoni firm\u00f3 acuerdo para la compra de cami\u00f3n compactador de residuos","datePublished":"2024-05-15T13:16:01+00:00","dateModified":"2024-05-15T13:16:02+00:00","mainEntityOfPage":{"@id":"https:\/\/www.celttv.com.ar\/index.php\/2024\/05\/15\/el-intendente-sergio-bordoni-firmo-acuerdo-para-la-compra-de-camion-compactador-de-residuos\/"},"wordCount":153,"publisher":{"@id":"https:\/\/www.celttv.com.ar\/#organization"},"articleSection":["Celt TV Noticias"],"inLanguage":"es"},{"@type":"WebPage","@id":"https:\/\/www.celttv.com.ar\/index.php\/2024\/05\/15\/el-intendente-sergio-bordoni-firmo-acuerdo-para-la-compra-de-camion-compactador-de-residuos\/","url":"https:\/\/www.celttv.com.ar\/index.php\/2024\/05\/15\/el-intendente-sergio-bordoni-firmo-acuerdo-para-la-compra-de-camion-compactador-de-residuos\/","name":"El Intendente Sergio Bordoni firm\u00f3 acuerdo para la compra de cami\u00f3n compactador de residuos - CELTTV","isPartOf":{"@id":"https:\/\/www.celttv.com.ar\/#website"},"datePublished":"2024-05-15T13:16:01+00:00","dateModified":"2024-05-15T13:16:02+00:00","description":"Sitio web de noticias de la localidad de Tornquist, provincia de Buenos Aires, Rep\u00fablica Argentina. Contenido propio originado por periodistas de CELTTV, el canal de TV local de la Cooperativa El\u00e9ctrica de Tornquist. Turismo, Pol\u00edtica, Sociedad, Deporte, Cultura y todo el contenido de inter\u00e9s general que la gente del pueblo y la regi\u00f3n debe conocer.","breadcrumb":{"@id":"https:\/\/www.celttv.com.ar\/index.php\/2024\/05\/15\/el-intendente-sergio-bordoni-firmo-acuerdo-para-la-compra-de-camion-compactador-de-residuos\/#breadcrumb"},"inLanguage":"es","potentialAction":[{"@type":"ReadAction","target":["https:\/\/www.celttv.com.ar\/index.php\/2024\/05\/15\/el-intendente-sergio-bordoni-firmo-acuerdo-para-la-compra-de-camion-compactador-de-residuos\/"]}]},{"@type":"BreadcrumbList","@id":"https:\/\/www.celttv.com.ar\/index.php\/2024\/05\/15\/el-intendente-sergio-bordoni-firmo-acuerdo-para-la-compra-de-camion-compactador-de-residuos\/#breadcrumb","itemListElement":[{"@type":"ListItem","position":1,"name":"Inicio","item":"https:\/\/www.celttv.com.ar\/"},{"@type":"ListItem","position":2,"name":"El Intendente Sergio Bordoni firm\u00f3 acuerdo para la compra de cami\u00f3n compactador de residuos"}]},{"@type":"WebSite","@id":"https:\/\/www.celttv.com.ar\/#website","url":"https:\/\/www.celttv.com.ar\/","name":"CELTTV","description":"Cooperativa El\u00e9ctrica de Tornquist","publisher":{"@id":"https:\/\/www.celttv.com.ar\/#organization"},"potentialAction":[{"@type":"SearchAction","target":{"@type":"EntryPoint","urlTemplate":"https:\/\/www.celttv.com.ar\/?s={search_term_string}"},"query-input":"required name=search_term_string"}],"inLanguage":"es"},{"@type":"Organization","@id":"https:\/\/www.celttv.com.ar\/#organization","name":"CELTTV","url":"https:\/\/www.celttv.com.ar\/","sameAs":["https:\/\/www.youtube.com\/channel\/UCz_oIt8Hig64Ub-EmcNPIhg","https:\/\/www.facebook.com\/celtTV\/"],"logo":{"@type":"ImageObject","inLanguage":"es","@id":"https:\/\/www.celttv.com.ar\/#\/schema\/logo\/image\/","url":"http:\/\/www.celttv.com.ar\/wp-content\/uploads\/2022\/08\/logo-1.png","contentUrl":"http:\/\/www.celttv.com.ar\/wp-content\/uploads\/2022\/08\/logo-1.png","width":461,"height":159,"caption":"CELTTV"},"image":{"@id":"https:\/\/www.celttv.com.ar\/#\/schema\/logo\/image\/"}},{"@type":"Person","@id":"https:\/\/www.celttv.com.ar\/#\/schema\/person\/495be51d064edd971d8457f8f64eb172","name":"Rodrigo Sgammini","image":{"@type":"ImageObject","inLanguage":"es","@id":"https:\/\/www.celttv.com.ar\/#\/schema\/person\/image\/","url":"https:\/\/secure.gravatar.com\/avatar\/68f7848d42735e7a9276b47cd6e606327d88f521c51ae39d88888b76902e2987?s=96&d=mm&r=g","contentUrl":"https:\/\/secure.gravatar.com\/avatar\/68f7848d42735e7a9276b47cd6e606327d88f521c51ae39d88888b76902e2987?s=96&d=mm&r=g","caption":"Rodrigo Sgammini"}}]}},"_links":{"self":[{"href":"https:\/\/www.celttv.com.ar\/index.php\/wp-json\/wp\/v2\/posts\/83716","targetHints":{"allow":["GET"]}}],"collection":[{"href":"https:\/\/www.celttv.com.ar\/index.php\/wp-json\/wp\/v2\/posts"}],"about":[{"href":"https:\/\/www.celttv.com.ar\/index.php\/wp-json\/wp\/v2\/types\/post"}],"author":[{"embeddable":true,"href":"https:\/\/www.celttv.com.ar\/index.php\/wp-json\/wp\/v2\/users\/3"}],"replies":[{"embeddable":true,"href":"https:\/\/www.celttv.com.ar\/index.php\/wp-json\/wp\/v2\/comments?post=83716"}],"version-history":[{"count":1,"href":"https:\/\/www.celttv.com.ar\/index.php\/wp-json\/wp\/v2\/posts\/83716\/revisions"}],"predecessor-version":[{"id":83720,"href":"https:\/\/www.celttv.com.ar\/index.php\/wp-json\/wp\/v2\/posts\/83716\/revisions\/83720"}],"wp:featuredmedia":[{"embeddable":true,"href":"https:\/\/www.celttv.com.ar\/index.php\/wp-json\/wp\/v2\/media\/83719"}],"wp:attachment":[{"href":"https:\/\/www.celttv.com.ar\/index.php\/wp-json\/wp\/v2\/media?parent=83716"}],"wp:term":[{"taxonomy":"category","embeddable":true,"href":"https:\/\/www.celttv.com.ar\/index.php\/wp-json\/wp\/v2\/categories?post=83716"},{"taxonomy":"post_tag","embeddable":true,"href":"https:\/\/www.celttv.com.ar\/index.php\/wp-json\/wp\/v2\/tags?post=83716"}],"curies":[{"name":"wp","href":"https:\/\/api.w.org\/{rel}","templated":true}]}}