{"id":83782,"date":"2024-05-17T00:17:47","date_gmt":"2024-05-17T03:17:47","guid":{"rendered":"https:\/\/www.celttv.com.ar\/?p=83782"},"modified":"2024-05-17T00:17:47","modified_gmt":"2024-05-17T03:17:47","slug":"el-galpon-de-reciclaje-recibio-a-mini-recicladores-de-la-escuela-especial-no-501","status":"publish","type":"post","link":"https:\/\/www.celttv.com.ar\/index.php\/2024\/05\/17\/el-galpon-de-reciclaje-recibio-a-mini-recicladores-de-la-escuela-especial-no-501\/","title":{"rendered":"El Galp\u00f3n de Reciclaje recibi\u00f3 a \u2018Mini Recicladores\u2019 de la Escuela Especial N\u00ba 501"},"content":{"rendered":"<h4>En el marco del D\u00eda Mundial del Reciclaje, que se celebra cada 17 de mayo, el Galp\u00f3n de Reciclaje de la Subsecretar\u00eda de Ambiente de Tornquist, tuvo este jueves una nueva jornada de \u2018Mini Recicladores\u2019, con la visita de alumnos de la Escuela de Educaci\u00f3n Especial N\u00ba 501 \u2018Mart\u00edn Miguel de G\u00fcemes\u2019 de la localidad cabecera.<\/h4>\n<h4>All\u00ed, mediante una recorrida por el predio junto a los agentes que se desempe\u00f1an en el lugar, los ni\u00f1os y ni\u00f1as pudieron aprender sobre los materiales reciclables, separaci\u00f3n y su proceso de reutilizaci\u00f3n, como tambi\u00e9n interiorizarse sobre los conceptos de compost y eco botellas.<\/h4>\n<h4>El objetivo de este programa es convertir a los m\u00e1s chicos en agentes multiplicadores, que gestionen de manera responsable los recursos y residuos e incorporen h\u00e1bitos sustentables que sirvan para cuidar nuestra casa com\u00fan.<\/h4>\n<p>&nbsp;<\/p>\n<p><img loading=\"lazy\" decoding=\"async\" class=\"alignnone wp-image-83783 size-full\" src=\"https:\/\/www.celttv.com.ar\/wp-content\/uploads\/2024\/05\/MiniRecicl-1.jpeg\" alt=\"\" width=\"1021\" height=\"681\" srcset=\"https:\/\/www.celttv.com.ar\/wp-content\/uploads\/2024\/05\/MiniRecicl-1.jpeg 1021w, https:\/\/www.celttv.com.ar\/wp-content\/uploads\/2024\/05\/MiniRecicl-1-300x200.jpeg 300w, https:\/\/www.celttv.com.ar\/wp-content\/uploads\/2024\/05\/MiniRecicl-1-768x512.jpeg 768w, https:\/\/www.celttv.com.ar\/wp-content\/uploads\/2024\/05\/MiniRecicl-1-750x500.jpeg 750w\" sizes=\"auto, (max-width: 1021px) 100vw, 1021px\" \/> <img loading=\"lazy\" decoding=\"async\" class=\"alignnone wp-image-83784 size-large\" src=\"https:\/\/www.celttv.com.ar\/wp-content\/uploads\/2024\/05\/MiniRecicl-2-1024x683.jpeg\" alt=\"\" width=\"1024\" height=\"683\" srcset=\"https:\/\/www.celttv.com.ar\/wp-content\/uploads\/2024\/05\/MiniRecicl-2-1024x683.jpeg 1024w, https:\/\/www.celttv.com.ar\/wp-content\/uploads\/2024\/05\/MiniRecicl-2-300x200.jpeg 300w, https:\/\/www.celttv.com.ar\/wp-content\/uploads\/2024\/05\/MiniRecicl-2-768x512.jpeg 768w, https:\/\/www.celttv.com.ar\/wp-content\/uploads\/2024\/05\/MiniRecicl-2-750x500.jpeg 750w, https:\/\/www.celttv.com.ar\/wp-content\/uploads\/2024\/05\/MiniRecicl-2.jpeg 1080w\" sizes=\"auto, (max-width: 1024px) 100vw, 1024px\" \/> <img loading=\"lazy\" decoding=\"async\" class=\"alignnone wp-image-83785 size-full\" src=\"https:\/\/www.celttv.com.ar\/wp-content\/uploads\/2024\/05\/MiniRecicl-3.jpeg\" alt=\"\" width=\"1024\" height=\"682\" srcset=\"https:\/\/www.celttv.com.ar\/wp-content\/uploads\/2024\/05\/MiniRecicl-3.jpeg 1024w, https:\/\/www.celttv.com.ar\/wp-content\/uploads\/2024\/05\/MiniRecicl-3-300x200.jpeg 300w, https:\/\/www.celttv.com.ar\/wp-content\/uploads\/2024\/05\/MiniRecicl-3-768x512.jpeg 768w, https:\/\/www.celttv.com.ar\/wp-content\/uploads\/2024\/05\/MiniRecicl-3-750x500.jpeg 750w\" sizes=\"auto, (max-width: 1024px) 100vw, 1024px\" \/> <img loading=\"lazy\" decoding=\"async\" class=\"alignnone wp-image-83786 size-large\" src=\"https:\/\/www.celttv.com.ar\/wp-content\/uploads\/2024\/05\/MiniRecicl-4-1024x683.jpeg\" alt=\"\" width=\"1024\" height=\"683\" srcset=\"https:\/\/www.celttv.com.ar\/wp-content\/uploads\/2024\/05\/MiniRecicl-4-1024x683.jpeg 1024w, https:\/\/www.celttv.com.ar\/wp-content\/uploads\/2024\/05\/MiniRecicl-4-300x200.jpeg 300w, https:\/\/www.celttv.com.ar\/wp-content\/uploads\/2024\/05\/MiniRecicl-4-768x512.jpeg 768w, https:\/\/www.celttv.com.ar\/wp-content\/uploads\/2024\/05\/MiniRecicl-4-750x500.jpeg 750w, https:\/\/www.celttv.com.ar\/wp-content\/uploads\/2024\/05\/MiniRecicl-4.jpeg 1080w\" sizes=\"auto, (max-width: 1024px) 100vw, 1024px\" \/> <img loading=\"lazy\" decoding=\"async\" class=\"alignnone wp-image-83787 size-large\" src=\"https:\/\/www.celttv.com.ar\/wp-content\/uploads\/2024\/05\/MiniRecicl-5-1024x683.jpeg\" alt=\"\" width=\"1024\" height=\"683\" srcset=\"https:\/\/www.celttv.com.ar\/wp-content\/uploads\/2024\/05\/MiniRecicl-5-1024x683.jpeg 1024w, https:\/\/www.celttv.com.ar\/wp-content\/uploads\/2024\/05\/MiniRecicl-5-300x200.jpeg 300w, https:\/\/www.celttv.com.ar\/wp-content\/uploads\/2024\/05\/MiniRecicl-5-768x512.jpeg 768w, https:\/\/www.celttv.com.ar\/wp-content\/uploads\/2024\/05\/MiniRecicl-5-750x500.jpeg 750w, https:\/\/www.celttv.com.ar\/wp-content\/uploads\/2024\/05\/MiniRecicl-5.jpeg 1080w\" sizes=\"auto, (max-width: 1024px) 100vw, 1024px\" \/> <img loading=\"lazy\" decoding=\"async\" class=\"alignnone wp-image-83788 size-large\" src=\"https:\/\/www.celttv.com.ar\/wp-content\/uploads\/2024\/05\/MiniRecicl-6-1024x683.jpeg\" alt=\"\" width=\"1024\" height=\"683\" srcset=\"https:\/\/www.celttv.com.ar\/wp-content\/uploads\/2024\/05\/MiniRecicl-6-1024x683.jpeg 1024w, https:\/\/www.celttv.com.ar\/wp-content\/uploads\/2024\/05\/MiniRecicl-6-300x200.jpeg 300w, https:\/\/www.celttv.com.ar\/wp-content\/uploads\/2024\/05\/MiniRecicl-6-768x512.jpeg 768w, https:\/\/www.celttv.com.ar\/wp-content\/uploads\/2024\/05\/MiniRecicl-6-750x500.jpeg 750w, https:\/\/www.celttv.com.ar\/wp-content\/uploads\/2024\/05\/MiniRecicl-6.jpeg 1080w\" sizes=\"auto, (max-width: 1024px) 100vw, 1024px\" \/><\/p>\n<h4><\/h4>\n","protected":false},"excerpt":{"rendered":"<p>En el marco del D\u00eda Mundial del Reciclaje, que se celebra cada 17 de mayo, el Galp\u00f3n de Reciclaje de la Subsecretar\u00eda de Ambiente de Tornquist, tuvo este jueves una nueva jornada de \u2018Mini Recicladores\u2019, con la visita de alumnos de la Escuela de Educaci\u00f3n Especial N\u00ba 501 \u2018Mart\u00edn Miguel de G\u00fcemes\u2019 de la localidad [&hellip;]<\/p>\n","protected":false},"author":5,"featured_media":83787,"comment_status":"closed","ping_status":"closed","sticky":false,"template":"","format":"standard","meta":{"footnotes":""},"categories":[51,52,59],"tags":[],"class_list":["post-83782","post","type-post","status-publish","format-standard","has-post-thumbnail","hentry","category-comunidad","category-destacadas","category-municipales"],"yoast_head":"<!-- This site is optimized with the Yoast SEO plugin v19.7.1 - https:\/\/yoast.com\/wordpress\/plugins\/seo\/ -->\n<title>El Galp\u00f3n de Reciclaje recibi\u00f3 a \u2018Mini Recicladores\u2019 de la Escuela Especial N\u00ba 501 - CELTTV<\/title>\n<meta name=\"description\" content=\"Sitio web de noticias de la localidad de Tornquist, provincia de Buenos Aires, Rep\u00fablica Argentina. Contenido propio originado por periodistas de CELTTV, el canal de TV local de la Cooperativa El\u00e9ctrica de Tornquist. Turismo, Pol\u00edtica, Sociedad, Deporte, Cultura y todo el contenido de inter\u00e9s general que la gente del pueblo y la regi\u00f3n debe conocer.\" \/>\n<meta name=\"robots\" content=\"index, follow, max-snippet:-1, max-image-preview:large, max-video-preview:-1\" \/>\n<link rel=\"canonical\" href=\"https:\/\/www.celttv.com.ar\/index.php\/2024\/05\/17\/el-galpon-de-reciclaje-recibio-a-mini-recicladores-de-la-escuela-especial-no-501\/\" \/>\n<meta property=\"og:locale\" content=\"es_ES\" \/>\n<meta property=\"og:type\" content=\"article\" \/>\n<meta property=\"og:title\" content=\"El Galp\u00f3n de Reciclaje recibi\u00f3 a \u2018Mini Recicladores\u2019 de la Escuela Especial N\u00ba 501 - CELTTV\" \/>\n<meta property=\"og:description\" content=\"Sitio web de noticias de la localidad de Tornquist, provincia de Buenos Aires, Rep\u00fablica Argentina. Contenido propio originado por periodistas de CELTTV, el canal de TV local de la Cooperativa El\u00e9ctrica de Tornquist. Turismo, Pol\u00edtica, Sociedad, Deporte, Cultura y todo el contenido de inter\u00e9s general que la gente del pueblo y la regi\u00f3n debe conocer.\" \/>\n<meta property=\"og:url\" content=\"https:\/\/www.celttv.com.ar\/index.php\/2024\/05\/17\/el-galpon-de-reciclaje-recibio-a-mini-recicladores-de-la-escuela-especial-no-501\/\" \/>\n<meta property=\"og:site_name\" content=\"CELTTV\" \/>\n<meta property=\"article:publisher\" content=\"https:\/\/www.facebook.com\/celtTV\/\" \/>\n<meta property=\"article:published_time\" content=\"2024-05-17T03:17:47+00:00\" \/>\n<meta property=\"og:image\" content=\"https:\/\/www.celttv.com.ar\/wp-content\/uploads\/2024\/05\/MiniRecicl-5.jpeg\" \/>\n\t<meta property=\"og:image:width\" content=\"1080\" \/>\n\t<meta property=\"og:image:height\" content=\"720\" \/>\n\t<meta property=\"og:image:type\" content=\"image\/jpeg\" \/>\n<meta name=\"author\" content=\"Miguel Herrada\" \/>\n<meta name=\"twitter:card\" content=\"summary_large_image\" \/>\n<meta name=\"twitter:label1\" content=\"Escrito por\" \/>\n\t<meta name=\"twitter:data1\" content=\"Miguel Herrada\" \/>\n\t<meta name=\"twitter:label2\" content=\"Tiempo de lectura\" \/>\n\t<meta name=\"twitter:data2\" content=\"1 minuto\" \/>\n<script type=\"application\/ld+json\" class=\"yoast-schema-graph\">{\"@context\":\"https:\/\/schema.org\",\"@graph\":[{\"@type\":\"NewsArticle\",\"@id\":\"https:\/\/www.celttv.com.ar\/index.php\/2024\/05\/17\/el-galpon-de-reciclaje-recibio-a-mini-recicladores-de-la-escuela-especial-no-501\/#article\",\"isPartOf\":{\"@id\":\"https:\/\/www.celttv.com.ar\/index.php\/2024\/05\/17\/el-galpon-de-reciclaje-recibio-a-mini-recicladores-de-la-escuela-especial-no-501\/\"},\"author\":{\"name\":\"Miguel Herrada\",\"@id\":\"https:\/\/www.celttv.com.ar\/#\/schema\/person\/9059dc91dc7204ef4182cdb65225f07d\"},\"headline\":\"El Galp\u00f3n de Reciclaje recibi\u00f3 a \u2018Mini Recicladores\u2019 de la Escuela Especial N\u00ba 501\",\"datePublished\":\"2024-05-17T03:17:47+00:00\",\"dateModified\":\"2024-05-17T03:17:47+00:00\",\"mainEntityOfPage\":{\"@id\":\"https:\/\/www.celttv.com.ar\/index.php\/2024\/05\/17\/el-galpon-de-reciclaje-recibio-a-mini-recicladores-de-la-escuela-especial-no-501\/\"},\"wordCount\":162,\"publisher\":{\"@id\":\"https:\/\/www.celttv.com.ar\/#organization\"},\"articleSection\":[\"Comunidad\",\"Destacadas\",\"Municipales\"],\"inLanguage\":\"es\"},{\"@type\":\"WebPage\",\"@id\":\"https:\/\/www.celttv.com.ar\/index.php\/2024\/05\/17\/el-galpon-de-reciclaje-recibio-a-mini-recicladores-de-la-escuela-especial-no-501\/\",\"url\":\"https:\/\/www.celttv.com.ar\/index.php\/2024\/05\/17\/el-galpon-de-reciclaje-recibio-a-mini-recicladores-de-la-escuela-especial-no-501\/\",\"name\":\"El Galp\u00f3n de Reciclaje recibi\u00f3 a \u2018Mini Recicladores\u2019 de la Escuela Especial N\u00ba 501 - CELTTV\",\"isPartOf\":{\"@id\":\"https:\/\/www.celttv.com.ar\/#website\"},\"datePublished\":\"2024-05-17T03:17:47+00:00\",\"dateModified\":\"2024-05-17T03:17:47+00:00\",\"description\":\"Sitio web de noticias de la localidad de Tornquist, provincia de Buenos Aires, Rep\u00fablica Argentina. Contenido propio originado por periodistas de CELTTV, el canal de TV local de la Cooperativa El\u00e9ctrica de Tornquist. Turismo, Pol\u00edtica, Sociedad, Deporte, Cultura y todo el contenido de inter\u00e9s general que la gente del pueblo y la regi\u00f3n debe conocer.\",\"breadcrumb\":{\"@id\":\"https:\/\/www.celttv.com.ar\/index.php\/2024\/05\/17\/el-galpon-de-reciclaje-recibio-a-mini-recicladores-de-la-escuela-especial-no-501\/#breadcrumb\"},\"inLanguage\":\"es\",\"potentialAction\":[{\"@type\":\"ReadAction\",\"target\":[\"https:\/\/www.celttv.com.ar\/index.php\/2024\/05\/17\/el-galpon-de-reciclaje-recibio-a-mini-recicladores-de-la-escuela-especial-no-501\/\"]}]},{\"@type\":\"BreadcrumbList\",\"@id\":\"https:\/\/www.celttv.com.ar\/index.php\/2024\/05\/17\/el-galpon-de-reciclaje-recibio-a-mini-recicladores-de-la-escuela-especial-no-501\/#breadcrumb\",\"itemListElement\":[{\"@type\":\"ListItem\",\"position\":1,\"name\":\"Inicio\",\"item\":\"https:\/\/www.celttv.com.ar\/\"},{\"@type\":\"ListItem\",\"position\":2,\"name\":\"El Galp\u00f3n de Reciclaje recibi\u00f3 a \u2018Mini Recicladores\u2019 de la Escuela Especial N\u00ba 501\"}]},{\"@type\":\"WebSite\",\"@id\":\"https:\/\/www.celttv.com.ar\/#website\",\"url\":\"https:\/\/www.celttv.com.ar\/\",\"name\":\"CELTTV\",\"description\":\"Cooperativa El\u00e9ctrica de Tornquist\",\"publisher\":{\"@id\":\"https:\/\/www.celttv.com.ar\/#organization\"},\"potentialAction\":[{\"@type\":\"SearchAction\",\"target\":{\"@type\":\"EntryPoint\",\"urlTemplate\":\"https:\/\/www.celttv.com.ar\/?s={search_term_string}\"},\"query-input\":\"required name=search_term_string\"}],\"inLanguage\":\"es\"},{\"@type\":\"Organization\",\"@id\":\"https:\/\/www.celttv.com.ar\/#organization\",\"name\":\"CELTTV\",\"url\":\"https:\/\/www.celttv.com.ar\/\",\"sameAs\":[\"https:\/\/www.youtube.com\/channel\/UCz_oIt8Hig64Ub-EmcNPIhg\",\"https:\/\/www.facebook.com\/celtTV\/\"],\"logo\":{\"@type\":\"ImageObject\",\"inLanguage\":\"es\",\"@id\":\"https:\/\/www.celttv.com.ar\/#\/schema\/logo\/image\/\",\"url\":\"http:\/\/www.celttv.com.ar\/wp-content\/uploads\/2022\/08\/logo-1.png\",\"contentUrl\":\"http:\/\/www.celttv.com.ar\/wp-content\/uploads\/2022\/08\/logo-1.png\",\"width\":461,\"height\":159,\"caption\":\"CELTTV\"},\"image\":{\"@id\":\"https:\/\/www.celttv.com.ar\/#\/schema\/logo\/image\/\"}},{\"@type\":\"Person\",\"@id\":\"https:\/\/www.celttv.com.ar\/#\/schema\/person\/9059dc91dc7204ef4182cdb65225f07d\",\"name\":\"Miguel Herrada\",\"image\":{\"@type\":\"ImageObject\",\"inLanguage\":\"es\",\"@id\":\"https:\/\/www.celttv.com.ar\/#\/schema\/person\/image\/\",\"url\":\"https:\/\/secure.gravatar.com\/avatar\/67724d5b3c716623ffd76bec7e45841a442ac3b456e914dbba90b0fad2b8e0b1?s=96&d=mm&r=g\",\"contentUrl\":\"https:\/\/secure.gravatar.com\/avatar\/67724d5b3c716623ffd76bec7e45841a442ac3b456e914dbba90b0fad2b8e0b1?s=96&d=mm&r=g\",\"caption\":\"Miguel Herrada\"}}]}<\/script>\n<!-- \/ Yoast SEO plugin. -->","yoast_head_json":{"title":"El Galp\u00f3n de Reciclaje recibi\u00f3 a \u2018Mini Recicladores\u2019 de la Escuela Especial N\u00ba 501 - CELTTV","description":"Sitio web de noticias de la localidad de Tornquist, provincia de Buenos Aires, Rep\u00fablica Argentina. Contenido propio originado por periodistas de CELTTV, el canal de TV local de la Cooperativa El\u00e9ctrica de Tornquist. Turismo, Pol\u00edtica, Sociedad, Deporte, Cultura y todo el contenido de inter\u00e9s general que la gente del pueblo y la regi\u00f3n debe conocer.","robots":{"index":"index","follow":"follow","max-snippet":"max-snippet:-1","max-image-preview":"max-image-preview:large","max-video-preview":"max-video-preview:-1"},"canonical":"https:\/\/www.celttv.com.ar\/index.php\/2024\/05\/17\/el-galpon-de-reciclaje-recibio-a-mini-recicladores-de-la-escuela-especial-no-501\/","og_locale":"es_ES","og_type":"article","og_title":"El Galp\u00f3n de Reciclaje recibi\u00f3 a \u2018Mini Recicladores\u2019 de la Escuela Especial N\u00ba 501 - CELTTV","og_description":"Sitio web de noticias de la localidad de Tornquist, provincia de Buenos Aires, Rep\u00fablica Argentina. Contenido propio originado por periodistas de CELTTV, el canal de TV local de la Cooperativa El\u00e9ctrica de Tornquist. Turismo, Pol\u00edtica, Sociedad, Deporte, Cultura y todo el contenido de inter\u00e9s general que la gente del pueblo y la regi\u00f3n debe conocer.","og_url":"https:\/\/www.celttv.com.ar\/index.php\/2024\/05\/17\/el-galpon-de-reciclaje-recibio-a-mini-recicladores-de-la-escuela-especial-no-501\/","og_site_name":"CELTTV","article_publisher":"https:\/\/www.facebook.com\/celtTV\/","article_published_time":"2024-05-17T03:17:47+00:00","og_image":[{"width":1080,"height":720,"url":"https:\/\/www.celttv.com.ar\/wp-content\/uploads\/2024\/05\/MiniRecicl-5.jpeg","type":"image\/jpeg"}],"author":"Miguel Herrada","twitter_card":"summary_large_image","twitter_misc":{"Escrito por":"Miguel Herrada","Tiempo de lectura":"1 minuto"},"schema":{"@context":"https:\/\/schema.org","@graph":[{"@type":"NewsArticle","@id":"https:\/\/www.celttv.com.ar\/index.php\/2024\/05\/17\/el-galpon-de-reciclaje-recibio-a-mini-recicladores-de-la-escuela-especial-no-501\/#article","isPartOf":{"@id":"https:\/\/www.celttv.com.ar\/index.php\/2024\/05\/17\/el-galpon-de-reciclaje-recibio-a-mini-recicladores-de-la-escuela-especial-no-501\/"},"author":{"name":"Miguel Herrada","@id":"https:\/\/www.celttv.com.ar\/#\/schema\/person\/9059dc91dc7204ef4182cdb65225f07d"},"headline":"El Galp\u00f3n de Reciclaje recibi\u00f3 a \u2018Mini Recicladores\u2019 de la Escuela Especial N\u00ba 501","datePublished":"2024-05-17T03:17:47+00:00","dateModified":"2024-05-17T03:17:47+00:00","mainEntityOfPage":{"@id":"https:\/\/www.celttv.com.ar\/index.php\/2024\/05\/17\/el-galpon-de-reciclaje-recibio-a-mini-recicladores-de-la-escuela-especial-no-501\/"},"wordCount":162,"publisher":{"@id":"https:\/\/www.celttv.com.ar\/#organization"},"articleSection":["Comunidad","Destacadas","Municipales"],"inLanguage":"es"},{"@type":"WebPage","@id":"https:\/\/www.celttv.com.ar\/index.php\/2024\/05\/17\/el-galpon-de-reciclaje-recibio-a-mini-recicladores-de-la-escuela-especial-no-501\/","url":"https:\/\/www.celttv.com.ar\/index.php\/2024\/05\/17\/el-galpon-de-reciclaje-recibio-a-mini-recicladores-de-la-escuela-especial-no-501\/","name":"El Galp\u00f3n de Reciclaje recibi\u00f3 a \u2018Mini Recicladores\u2019 de la Escuela Especial N\u00ba 501 - CELTTV","isPartOf":{"@id":"https:\/\/www.celttv.com.ar\/#website"},"datePublished":"2024-05-17T03:17:47+00:00","dateModified":"2024-05-17T03:17:47+00:00","description":"Sitio web de noticias de la localidad de Tornquist, provincia de Buenos Aires, Rep\u00fablica Argentina. Contenido propio originado por periodistas de CELTTV, el canal de TV local de la Cooperativa El\u00e9ctrica de Tornquist. Turismo, Pol\u00edtica, Sociedad, Deporte, Cultura y todo el contenido de inter\u00e9s general que la gente del pueblo y la regi\u00f3n debe conocer.","breadcrumb":{"@id":"https:\/\/www.celttv.com.ar\/index.php\/2024\/05\/17\/el-galpon-de-reciclaje-recibio-a-mini-recicladores-de-la-escuela-especial-no-501\/#breadcrumb"},"inLanguage":"es","potentialAction":[{"@type":"ReadAction","target":["https:\/\/www.celttv.com.ar\/index.php\/2024\/05\/17\/el-galpon-de-reciclaje-recibio-a-mini-recicladores-de-la-escuela-especial-no-501\/"]}]},{"@type":"BreadcrumbList","@id":"https:\/\/www.celttv.com.ar\/index.php\/2024\/05\/17\/el-galpon-de-reciclaje-recibio-a-mini-recicladores-de-la-escuela-especial-no-501\/#breadcrumb","itemListElement":[{"@type":"ListItem","position":1,"name":"Inicio","item":"https:\/\/www.celttv.com.ar\/"},{"@type":"ListItem","position":2,"name":"El Galp\u00f3n de Reciclaje recibi\u00f3 a \u2018Mini Recicladores\u2019 de la Escuela Especial N\u00ba 501"}]},{"@type":"WebSite","@id":"https:\/\/www.celttv.com.ar\/#website","url":"https:\/\/www.celttv.com.ar\/","name":"CELTTV","description":"Cooperativa El\u00e9ctrica de Tornquist","publisher":{"@id":"https:\/\/www.celttv.com.ar\/#organization"},"potentialAction":[{"@type":"SearchAction","target":{"@type":"EntryPoint","urlTemplate":"https:\/\/www.celttv.com.ar\/?s={search_term_string}"},"query-input":"required name=search_term_string"}],"inLanguage":"es"},{"@type":"Organization","@id":"https:\/\/www.celttv.com.ar\/#organization","name":"CELTTV","url":"https:\/\/www.celttv.com.ar\/","sameAs":["https:\/\/www.youtube.com\/channel\/UCz_oIt8Hig64Ub-EmcNPIhg","https:\/\/www.facebook.com\/celtTV\/"],"logo":{"@type":"ImageObject","inLanguage":"es","@id":"https:\/\/www.celttv.com.ar\/#\/schema\/logo\/image\/","url":"http:\/\/www.celttv.com.ar\/wp-content\/uploads\/2022\/08\/logo-1.png","contentUrl":"http:\/\/www.celttv.com.ar\/wp-content\/uploads\/2022\/08\/logo-1.png","width":461,"height":159,"caption":"CELTTV"},"image":{"@id":"https:\/\/www.celttv.com.ar\/#\/schema\/logo\/image\/"}},{"@type":"Person","@id":"https:\/\/www.celttv.com.ar\/#\/schema\/person\/9059dc91dc7204ef4182cdb65225f07d","name":"Miguel Herrada","image":{"@type":"ImageObject","inLanguage":"es","@id":"https:\/\/www.celttv.com.ar\/#\/schema\/person\/image\/","url":"https:\/\/secure.gravatar.com\/avatar\/67724d5b3c716623ffd76bec7e45841a442ac3b456e914dbba90b0fad2b8e0b1?s=96&d=mm&r=g","contentUrl":"https:\/\/secure.gravatar.com\/avatar\/67724d5b3c716623ffd76bec7e45841a442ac3b456e914dbba90b0fad2b8e0b1?s=96&d=mm&r=g","caption":"Miguel Herrada"}}]}},"_links":{"self":[{"href":"https:\/\/www.celttv.com.ar\/index.php\/wp-json\/wp\/v2\/posts\/83782","targetHints":{"allow":["GET"]}}],"collection":[{"href":"https:\/\/www.celttv.com.ar\/index.php\/wp-json\/wp\/v2\/posts"}],"about":[{"href":"https:\/\/www.celttv.com.ar\/index.php\/wp-json\/wp\/v2\/types\/post"}],"author":[{"embeddable":true,"href":"https:\/\/www.celttv.com.ar\/index.php\/wp-json\/wp\/v2\/users\/5"}],"replies":[{"embeddable":true,"href":"https:\/\/www.celttv.com.ar\/index.php\/wp-json\/wp\/v2\/comments?post=83782"}],"version-history":[{"count":1,"href":"https:\/\/www.celttv.com.ar\/index.php\/wp-json\/wp\/v2\/posts\/83782\/revisions"}],"predecessor-version":[{"id":83789,"href":"https:\/\/www.celttv.com.ar\/index.php\/wp-json\/wp\/v2\/posts\/83782\/revisions\/83789"}],"wp:featuredmedia":[{"embeddable":true,"href":"https:\/\/www.celttv.com.ar\/index.php\/wp-json\/wp\/v2\/media\/83787"}],"wp:attachment":[{"href":"https:\/\/www.celttv.com.ar\/index.php\/wp-json\/wp\/v2\/media?parent=83782"}],"wp:term":[{"taxonomy":"category","embeddable":true,"href":"https:\/\/www.celttv.com.ar\/index.php\/wp-json\/wp\/v2\/categories?post=83782"},{"taxonomy":"post_tag","embeddable":true,"href":"https:\/\/www.celttv.com.ar\/index.php\/wp-json\/wp\/v2\/tags?post=83782"}],"curies":[{"name":"wp","href":"https:\/\/api.w.org\/{rel}","templated":true}]}}