{"id":83866,"date":"2024-05-20T19:32:25","date_gmt":"2024-05-20T22:32:25","guid":{"rendered":"https:\/\/www.celttv.com.ar\/?p=83866"},"modified":"2024-05-20T19:32:25","modified_gmt":"2024-05-20T22:32:25","slug":"se-puso-en-marcha-la-segunda-edicion-de-los-juegos-educativos-bonaerenses-en-el-distrito","status":"publish","type":"post","link":"https:\/\/www.celttv.com.ar\/index.php\/2024\/05\/20\/se-puso-en-marcha-la-segunda-edicion-de-los-juegos-educativos-bonaerenses-en-el-distrito\/","title":{"rendered":"Se puso en marcha la segunda edici\u00f3n de los Juegos Educativos Bonaerenses en el distrito"},"content":{"rendered":"<p>Esta ma\u00f1ana, con la cancha del Club Atl\u00e9tico Ventana llena de alumnos de las escuelas del distrito, tuvo lugar la apertura de los Juegos Educativos Bonaerense (JEBOS).<\/p>\n<p>Con la presencia del intendente municipal Sergio Bordoni; la Secretaria de Hacienda, Estefania Bordoni y la Subsecretaria de Deportes, Sofia Urriaga, se puso en marcha la etapa distrital de los juegos que congregan a m\u00e1s de 313.000 estudiantes de toda la provincia.<\/p>\n<p>Esta segunda edici\u00f3n de los JEBOS, de la Direcci\u00f3n General de Cultura y Educaci\u00f3n (DGCyE), est\u00e1n organizados y coordinados por la Direcci\u00f3n de Educaci\u00f3n F\u00edsica. Y tienen como objetivo promover la participaci\u00f3n de las y los estudiantes en pr\u00e1cticas l\u00fadico-motrices deportivas que posibiliten el disfrute, la construcci\u00f3n de grupos y la inclusi\u00f3n, a partir de la competencia. Los juegos est\u00e1n destinados a estudiantes que transitan el 6to a\u00f1o de educaci\u00f3n primaria, el 2do ciclo de escuelas especiales, deportistas matriculados en CEF y que est\u00e9n en 6to a\u00f1o de educaci\u00f3n primaria de gesti\u00f3n estatal o privada.<\/p>\n<p>En nuestro distrito el cronograma de competiciones se desarrollar\u00e1 de la siguiente manera:<\/p>\n<p>*Mi\u00e9rcoles 29\/5: V\u00f3ley \u2013Saldungaray,<\/p>\n<p>*Mi\u00e9rcoles 5\/6: Atletismo \u2013Tornquist<\/p>\n<p>*Martes 11\/6: Ringo \u2013 Chasic\u00f3<\/p>\n<p>*Jueves 4\/7: Softbol \u2013 Villa Ventana<\/p>\n<p>*Mi\u00e9rcoles 31\/7: Habdball \u2013 Tornquist<\/p>\n<p>La Subsecretar\u00eda de Deportes agradece la predisposici\u00f3n de todos los profesores de las escuelas y de los CEF del distrito; y alumnos que se suman al mismo.<\/p>\n<p><img loading=\"lazy\" decoding=\"async\" class=\"alignnone wp-image-83867 size-full\" src=\"https:\/\/www.celttv.com.ar\/wp-content\/uploads\/2024\/05\/NIK_2083-Medium.jpeg\" alt=\"\" width=\"1024\" height=\"768\" srcset=\"https:\/\/www.celttv.com.ar\/wp-content\/uploads\/2024\/05\/NIK_2083-Medium.jpeg 1024w, https:\/\/www.celttv.com.ar\/wp-content\/uploads\/2024\/05\/NIK_2083-Medium-300x225.jpeg 300w, https:\/\/www.celttv.com.ar\/wp-content\/uploads\/2024\/05\/NIK_2083-Medium-768x576.jpeg 768w, https:\/\/www.celttv.com.ar\/wp-content\/uploads\/2024\/05\/NIK_2083-Medium-750x563.jpeg 750w\" sizes=\"auto, (max-width: 1024px) 100vw, 1024px\" \/> <img loading=\"lazy\" decoding=\"async\" class=\"alignnone wp-image-83868 size-full\" src=\"https:\/\/www.celttv.com.ar\/wp-content\/uploads\/2024\/05\/NIK_2111-Medium.jpeg\" alt=\"\" width=\"1024\" height=\"768\" srcset=\"https:\/\/www.celttv.com.ar\/wp-content\/uploads\/2024\/05\/NIK_2111-Medium.jpeg 1024w, https:\/\/www.celttv.com.ar\/wp-content\/uploads\/2024\/05\/NIK_2111-Medium-300x225.jpeg 300w, https:\/\/www.celttv.com.ar\/wp-content\/uploads\/2024\/05\/NIK_2111-Medium-768x576.jpeg 768w, https:\/\/www.celttv.com.ar\/wp-content\/uploads\/2024\/05\/NIK_2111-Medium-750x563.jpeg 750w\" sizes=\"auto, (max-width: 1024px) 100vw, 1024px\" \/> <img loading=\"lazy\" decoding=\"async\" class=\"alignnone wp-image-83869 size-full\" src=\"https:\/\/www.celttv.com.ar\/wp-content\/uploads\/2024\/05\/NIK_2116-Medium.jpeg\" alt=\"\" width=\"1024\" height=\"768\" srcset=\"https:\/\/www.celttv.com.ar\/wp-content\/uploads\/2024\/05\/NIK_2116-Medium.jpeg 1024w, https:\/\/www.celttv.com.ar\/wp-content\/uploads\/2024\/05\/NIK_2116-Medium-300x225.jpeg 300w, https:\/\/www.celttv.com.ar\/wp-content\/uploads\/2024\/05\/NIK_2116-Medium-768x576.jpeg 768w, https:\/\/www.celttv.com.ar\/wp-content\/uploads\/2024\/05\/NIK_2116-Medium-750x563.jpeg 750w\" sizes=\"auto, (max-width: 1024px) 100vw, 1024px\" \/> <img loading=\"lazy\" decoding=\"async\" class=\"alignnone wp-image-83870 size-full\" src=\"https:\/\/www.celttv.com.ar\/wp-content\/uploads\/2024\/05\/NIK_2141-Medium.jpeg\" alt=\"\" width=\"1023\" height=\"768\" srcset=\"https:\/\/www.celttv.com.ar\/wp-content\/uploads\/2024\/05\/NIK_2141-Medium.jpeg 1023w, https:\/\/www.celttv.com.ar\/wp-content\/uploads\/2024\/05\/NIK_2141-Medium-300x225.jpeg 300w, https:\/\/www.celttv.com.ar\/wp-content\/uploads\/2024\/05\/NIK_2141-Medium-768x577.jpeg 768w, https:\/\/www.celttv.com.ar\/wp-content\/uploads\/2024\/05\/NIK_2141-Medium-750x563.jpeg 750w\" sizes=\"auto, (max-width: 1023px) 100vw, 1023px\" \/> <img loading=\"lazy\" decoding=\"async\" class=\"alignnone wp-image-83871 size-full\" src=\"https:\/\/www.celttv.com.ar\/wp-content\/uploads\/2024\/05\/NIK_2144-Medium.jpeg\" alt=\"\" width=\"1024\" height=\"768\" srcset=\"https:\/\/www.celttv.com.ar\/wp-content\/uploads\/2024\/05\/NIK_2144-Medium.jpeg 1024w, https:\/\/www.celttv.com.ar\/wp-content\/uploads\/2024\/05\/NIK_2144-Medium-300x225.jpeg 300w, https:\/\/www.celttv.com.ar\/wp-content\/uploads\/2024\/05\/NIK_2144-Medium-768x576.jpeg 768w, https:\/\/www.celttv.com.ar\/wp-content\/uploads\/2024\/05\/NIK_2144-Medium-750x563.jpeg 750w\" sizes=\"auto, (max-width: 1024px) 100vw, 1024px\" \/> <img loading=\"lazy\" decoding=\"async\" class=\"alignnone wp-image-83872 size-full\" src=\"https:\/\/www.celttv.com.ar\/wp-content\/uploads\/2024\/05\/NIK_2163-Medium.jpeg\" alt=\"\" width=\"1024\" height=\"768\" srcset=\"https:\/\/www.celttv.com.ar\/wp-content\/uploads\/2024\/05\/NIK_2163-Medium.jpeg 1024w, https:\/\/www.celttv.com.ar\/wp-content\/uploads\/2024\/05\/NIK_2163-Medium-300x225.jpeg 300w, https:\/\/www.celttv.com.ar\/wp-content\/uploads\/2024\/05\/NIK_2163-Medium-768x576.jpeg 768w, https:\/\/www.celttv.com.ar\/wp-content\/uploads\/2024\/05\/NIK_2163-Medium-750x563.jpeg 750w\" sizes=\"auto, (max-width: 1024px) 100vw, 1024px\" \/> <img loading=\"lazy\" decoding=\"async\" class=\"alignnone wp-image-83873 size-full\" src=\"https:\/\/www.celttv.com.ar\/wp-content\/uploads\/2024\/05\/NIK_2179-Medium.jpeg\" alt=\"\" width=\"1024\" height=\"768\" srcset=\"https:\/\/www.celttv.com.ar\/wp-content\/uploads\/2024\/05\/NIK_2179-Medium.jpeg 1024w, https:\/\/www.celttv.com.ar\/wp-content\/uploads\/2024\/05\/NIK_2179-Medium-300x225.jpeg 300w, https:\/\/www.celttv.com.ar\/wp-content\/uploads\/2024\/05\/NIK_2179-Medium-768x576.jpeg 768w, https:\/\/www.celttv.com.ar\/wp-content\/uploads\/2024\/05\/NIK_2179-Medium-750x563.jpeg 750w\" sizes=\"auto, (max-width: 1024px) 100vw, 1024px\" \/><\/p>\n","protected":false},"excerpt":{"rendered":"<p>Esta ma\u00f1ana, con la cancha del Club Atl\u00e9tico Ventana llena de alumnos de las escuelas del distrito, tuvo lugar la apertura de los Juegos Educativos Bonaerense (JEBOS). Con la presencia del intendente municipal Sergio Bordoni; la Secretaria de Hacienda, Estefania Bordoni y la Subsecretaria de Deportes, Sofia Urriaga, se puso en marcha la etapa distrital [&hellip;]<\/p>\n","protected":false},"author":5,"featured_media":83870,"comment_status":"closed","ping_status":"closed","sticky":false,"template":"","format":"standard","meta":{"footnotes":""},"categories":[51,60,52,59],"tags":[],"class_list":["post-83866","post","type-post","status-publish","format-standard","has-post-thumbnail","hentry","category-comunidad","category-deporte","category-destacadas","category-municipales"],"yoast_head":"<!-- This site is optimized with the Yoast SEO plugin v19.7.1 - https:\/\/yoast.com\/wordpress\/plugins\/seo\/ -->\n<title>Se puso en marcha la segunda edici\u00f3n de los Juegos Educativos Bonaerenses en el distrito - CELTTV<\/title>\n<meta name=\"description\" content=\"Sitio web de noticias de la localidad de Tornquist, provincia de Buenos Aires, Rep\u00fablica Argentina. Contenido propio originado por periodistas de CELTTV, el canal de TV local de la Cooperativa El\u00e9ctrica de Tornquist. Turismo, Pol\u00edtica, Sociedad, Deporte, Cultura y todo el contenido de inter\u00e9s general que la gente del pueblo y la regi\u00f3n debe conocer.\" \/>\n<meta name=\"robots\" content=\"index, follow, max-snippet:-1, max-image-preview:large, max-video-preview:-1\" \/>\n<link rel=\"canonical\" href=\"https:\/\/www.celttv.com.ar\/index.php\/2024\/05\/20\/se-puso-en-marcha-la-segunda-edicion-de-los-juegos-educativos-bonaerenses-en-el-distrito\/\" \/>\n<meta property=\"og:locale\" content=\"es_ES\" \/>\n<meta property=\"og:type\" content=\"article\" \/>\n<meta property=\"og:title\" content=\"Se puso en marcha la segunda edici\u00f3n de los Juegos Educativos Bonaerenses en el distrito - CELTTV\" \/>\n<meta property=\"og:description\" content=\"Sitio web de noticias de la localidad de Tornquist, provincia de Buenos Aires, Rep\u00fablica Argentina. Contenido propio originado por periodistas de CELTTV, el canal de TV local de la Cooperativa El\u00e9ctrica de Tornquist. Turismo, Pol\u00edtica, Sociedad, Deporte, Cultura y todo el contenido de inter\u00e9s general que la gente del pueblo y la regi\u00f3n debe conocer.\" \/>\n<meta property=\"og:url\" content=\"https:\/\/www.celttv.com.ar\/index.php\/2024\/05\/20\/se-puso-en-marcha-la-segunda-edicion-de-los-juegos-educativos-bonaerenses-en-el-distrito\/\" \/>\n<meta property=\"og:site_name\" content=\"CELTTV\" \/>\n<meta property=\"article:publisher\" content=\"https:\/\/www.facebook.com\/celtTV\/\" \/>\n<meta property=\"article:published_time\" content=\"2024-05-20T22:32:25+00:00\" \/>\n<meta property=\"og:image\" content=\"https:\/\/www.celttv.com.ar\/wp-content\/uploads\/2024\/05\/NIK_2141-Medium.jpeg\" \/>\n\t<meta property=\"og:image:width\" content=\"1023\" \/>\n\t<meta property=\"og:image:height\" content=\"768\" \/>\n\t<meta property=\"og:image:type\" content=\"image\/jpeg\" \/>\n<meta name=\"author\" content=\"Miguel Herrada\" \/>\n<meta name=\"twitter:card\" content=\"summary_large_image\" \/>\n<meta name=\"twitter:label1\" content=\"Escrito por\" \/>\n\t<meta name=\"twitter:data1\" content=\"Miguel Herrada\" \/>\n\t<meta name=\"twitter:label2\" content=\"Tiempo de lectura\" \/>\n\t<meta name=\"twitter:data2\" content=\"1 minuto\" \/>\n<script type=\"application\/ld+json\" class=\"yoast-schema-graph\">{\"@context\":\"https:\/\/schema.org\",\"@graph\":[{\"@type\":\"NewsArticle\",\"@id\":\"https:\/\/www.celttv.com.ar\/index.php\/2024\/05\/20\/se-puso-en-marcha-la-segunda-edicion-de-los-juegos-educativos-bonaerenses-en-el-distrito\/#article\",\"isPartOf\":{\"@id\":\"https:\/\/www.celttv.com.ar\/index.php\/2024\/05\/20\/se-puso-en-marcha-la-segunda-edicion-de-los-juegos-educativos-bonaerenses-en-el-distrito\/\"},\"author\":{\"name\":\"Miguel Herrada\",\"@id\":\"https:\/\/www.celttv.com.ar\/#\/schema\/person\/9059dc91dc7204ef4182cdb65225f07d\"},\"headline\":\"Se puso en marcha la segunda edici\u00f3n de los Juegos Educativos Bonaerenses en el distrito\",\"datePublished\":\"2024-05-20T22:32:25+00:00\",\"dateModified\":\"2024-05-20T22:32:25+00:00\",\"mainEntityOfPage\":{\"@id\":\"https:\/\/www.celttv.com.ar\/index.php\/2024\/05\/20\/se-puso-en-marcha-la-segunda-edicion-de-los-juegos-educativos-bonaerenses-en-el-distrito\/\"},\"wordCount\":263,\"publisher\":{\"@id\":\"https:\/\/www.celttv.com.ar\/#organization\"},\"articleSection\":[\"Comunidad\",\"Deporte\",\"Destacadas\",\"Municipales\"],\"inLanguage\":\"es\"},{\"@type\":\"WebPage\",\"@id\":\"https:\/\/www.celttv.com.ar\/index.php\/2024\/05\/20\/se-puso-en-marcha-la-segunda-edicion-de-los-juegos-educativos-bonaerenses-en-el-distrito\/\",\"url\":\"https:\/\/www.celttv.com.ar\/index.php\/2024\/05\/20\/se-puso-en-marcha-la-segunda-edicion-de-los-juegos-educativos-bonaerenses-en-el-distrito\/\",\"name\":\"Se puso en marcha la segunda edici\u00f3n de los Juegos Educativos Bonaerenses en el distrito - CELTTV\",\"isPartOf\":{\"@id\":\"https:\/\/www.celttv.com.ar\/#website\"},\"datePublished\":\"2024-05-20T22:32:25+00:00\",\"dateModified\":\"2024-05-20T22:32:25+00:00\",\"description\":\"Sitio web de noticias de la localidad de Tornquist, provincia de Buenos Aires, Rep\u00fablica Argentina. Contenido propio originado por periodistas de CELTTV, el canal de TV local de la Cooperativa El\u00e9ctrica de Tornquist. Turismo, Pol\u00edtica, Sociedad, Deporte, Cultura y todo el contenido de inter\u00e9s general que la gente del pueblo y la regi\u00f3n debe conocer.\",\"breadcrumb\":{\"@id\":\"https:\/\/www.celttv.com.ar\/index.php\/2024\/05\/20\/se-puso-en-marcha-la-segunda-edicion-de-los-juegos-educativos-bonaerenses-en-el-distrito\/#breadcrumb\"},\"inLanguage\":\"es\",\"potentialAction\":[{\"@type\":\"ReadAction\",\"target\":[\"https:\/\/www.celttv.com.ar\/index.php\/2024\/05\/20\/se-puso-en-marcha-la-segunda-edicion-de-los-juegos-educativos-bonaerenses-en-el-distrito\/\"]}]},{\"@type\":\"BreadcrumbList\",\"@id\":\"https:\/\/www.celttv.com.ar\/index.php\/2024\/05\/20\/se-puso-en-marcha-la-segunda-edicion-de-los-juegos-educativos-bonaerenses-en-el-distrito\/#breadcrumb\",\"itemListElement\":[{\"@type\":\"ListItem\",\"position\":1,\"name\":\"Inicio\",\"item\":\"https:\/\/www.celttv.com.ar\/\"},{\"@type\":\"ListItem\",\"position\":2,\"name\":\"Se puso en marcha la segunda edici\u00f3n de los Juegos Educativos Bonaerenses en el distrito\"}]},{\"@type\":\"WebSite\",\"@id\":\"https:\/\/www.celttv.com.ar\/#website\",\"url\":\"https:\/\/www.celttv.com.ar\/\",\"name\":\"CELTTV\",\"description\":\"Cooperativa El\u00e9ctrica de Tornquist\",\"publisher\":{\"@id\":\"https:\/\/www.celttv.com.ar\/#organization\"},\"potentialAction\":[{\"@type\":\"SearchAction\",\"target\":{\"@type\":\"EntryPoint\",\"urlTemplate\":\"https:\/\/www.celttv.com.ar\/?s={search_term_string}\"},\"query-input\":\"required name=search_term_string\"}],\"inLanguage\":\"es\"},{\"@type\":\"Organization\",\"@id\":\"https:\/\/www.celttv.com.ar\/#organization\",\"name\":\"CELTTV\",\"url\":\"https:\/\/www.celttv.com.ar\/\",\"sameAs\":[\"https:\/\/www.youtube.com\/channel\/UCz_oIt8Hig64Ub-EmcNPIhg\",\"https:\/\/www.facebook.com\/celtTV\/\"],\"logo\":{\"@type\":\"ImageObject\",\"inLanguage\":\"es\",\"@id\":\"https:\/\/www.celttv.com.ar\/#\/schema\/logo\/image\/\",\"url\":\"http:\/\/www.celttv.com.ar\/wp-content\/uploads\/2022\/08\/logo-1.png\",\"contentUrl\":\"http:\/\/www.celttv.com.ar\/wp-content\/uploads\/2022\/08\/logo-1.png\",\"width\":461,\"height\":159,\"caption\":\"CELTTV\"},\"image\":{\"@id\":\"https:\/\/www.celttv.com.ar\/#\/schema\/logo\/image\/\"}},{\"@type\":\"Person\",\"@id\":\"https:\/\/www.celttv.com.ar\/#\/schema\/person\/9059dc91dc7204ef4182cdb65225f07d\",\"name\":\"Miguel Herrada\",\"image\":{\"@type\":\"ImageObject\",\"inLanguage\":\"es\",\"@id\":\"https:\/\/www.celttv.com.ar\/#\/schema\/person\/image\/\",\"url\":\"https:\/\/secure.gravatar.com\/avatar\/67724d5b3c716623ffd76bec7e45841a442ac3b456e914dbba90b0fad2b8e0b1?s=96&d=mm&r=g\",\"contentUrl\":\"https:\/\/secure.gravatar.com\/avatar\/67724d5b3c716623ffd76bec7e45841a442ac3b456e914dbba90b0fad2b8e0b1?s=96&d=mm&r=g\",\"caption\":\"Miguel Herrada\"}}]}<\/script>\n<!-- \/ Yoast SEO plugin. -->","yoast_head_json":{"title":"Se puso en marcha la segunda edici\u00f3n de los Juegos Educativos Bonaerenses en el distrito - CELTTV","description":"Sitio web de noticias de la localidad de Tornquist, provincia de Buenos Aires, Rep\u00fablica Argentina. Contenido propio originado por periodistas de CELTTV, el canal de TV local de la Cooperativa El\u00e9ctrica de Tornquist. Turismo, Pol\u00edtica, Sociedad, Deporte, Cultura y todo el contenido de inter\u00e9s general que la gente del pueblo y la regi\u00f3n debe conocer.","robots":{"index":"index","follow":"follow","max-snippet":"max-snippet:-1","max-image-preview":"max-image-preview:large","max-video-preview":"max-video-preview:-1"},"canonical":"https:\/\/www.celttv.com.ar\/index.php\/2024\/05\/20\/se-puso-en-marcha-la-segunda-edicion-de-los-juegos-educativos-bonaerenses-en-el-distrito\/","og_locale":"es_ES","og_type":"article","og_title":"Se puso en marcha la segunda edici\u00f3n de los Juegos Educativos Bonaerenses en el distrito - CELTTV","og_description":"Sitio web de noticias de la localidad de Tornquist, provincia de Buenos Aires, Rep\u00fablica Argentina. Contenido propio originado por periodistas de CELTTV, el canal de TV local de la Cooperativa El\u00e9ctrica de Tornquist. Turismo, Pol\u00edtica, Sociedad, Deporte, Cultura y todo el contenido de inter\u00e9s general que la gente del pueblo y la regi\u00f3n debe conocer.","og_url":"https:\/\/www.celttv.com.ar\/index.php\/2024\/05\/20\/se-puso-en-marcha-la-segunda-edicion-de-los-juegos-educativos-bonaerenses-en-el-distrito\/","og_site_name":"CELTTV","article_publisher":"https:\/\/www.facebook.com\/celtTV\/","article_published_time":"2024-05-20T22:32:25+00:00","og_image":[{"width":1023,"height":768,"url":"https:\/\/www.celttv.com.ar\/wp-content\/uploads\/2024\/05\/NIK_2141-Medium.jpeg","type":"image\/jpeg"}],"author":"Miguel Herrada","twitter_card":"summary_large_image","twitter_misc":{"Escrito por":"Miguel Herrada","Tiempo de lectura":"1 minuto"},"schema":{"@context":"https:\/\/schema.org","@graph":[{"@type":"NewsArticle","@id":"https:\/\/www.celttv.com.ar\/index.php\/2024\/05\/20\/se-puso-en-marcha-la-segunda-edicion-de-los-juegos-educativos-bonaerenses-en-el-distrito\/#article","isPartOf":{"@id":"https:\/\/www.celttv.com.ar\/index.php\/2024\/05\/20\/se-puso-en-marcha-la-segunda-edicion-de-los-juegos-educativos-bonaerenses-en-el-distrito\/"},"author":{"name":"Miguel Herrada","@id":"https:\/\/www.celttv.com.ar\/#\/schema\/person\/9059dc91dc7204ef4182cdb65225f07d"},"headline":"Se puso en marcha la segunda edici\u00f3n de los Juegos Educativos Bonaerenses en el distrito","datePublished":"2024-05-20T22:32:25+00:00","dateModified":"2024-05-20T22:32:25+00:00","mainEntityOfPage":{"@id":"https:\/\/www.celttv.com.ar\/index.php\/2024\/05\/20\/se-puso-en-marcha-la-segunda-edicion-de-los-juegos-educativos-bonaerenses-en-el-distrito\/"},"wordCount":263,"publisher":{"@id":"https:\/\/www.celttv.com.ar\/#organization"},"articleSection":["Comunidad","Deporte","Destacadas","Municipales"],"inLanguage":"es"},{"@type":"WebPage","@id":"https:\/\/www.celttv.com.ar\/index.php\/2024\/05\/20\/se-puso-en-marcha-la-segunda-edicion-de-los-juegos-educativos-bonaerenses-en-el-distrito\/","url":"https:\/\/www.celttv.com.ar\/index.php\/2024\/05\/20\/se-puso-en-marcha-la-segunda-edicion-de-los-juegos-educativos-bonaerenses-en-el-distrito\/","name":"Se puso en marcha la segunda edici\u00f3n de los Juegos Educativos Bonaerenses en el distrito - CELTTV","isPartOf":{"@id":"https:\/\/www.celttv.com.ar\/#website"},"datePublished":"2024-05-20T22:32:25+00:00","dateModified":"2024-05-20T22:32:25+00:00","description":"Sitio web de noticias de la localidad de Tornquist, provincia de Buenos Aires, Rep\u00fablica Argentina. Contenido propio originado por periodistas de CELTTV, el canal de TV local de la Cooperativa El\u00e9ctrica de Tornquist. Turismo, Pol\u00edtica, Sociedad, Deporte, Cultura y todo el contenido de inter\u00e9s general que la gente del pueblo y la regi\u00f3n debe conocer.","breadcrumb":{"@id":"https:\/\/www.celttv.com.ar\/index.php\/2024\/05\/20\/se-puso-en-marcha-la-segunda-edicion-de-los-juegos-educativos-bonaerenses-en-el-distrito\/#breadcrumb"},"inLanguage":"es","potentialAction":[{"@type":"ReadAction","target":["https:\/\/www.celttv.com.ar\/index.php\/2024\/05\/20\/se-puso-en-marcha-la-segunda-edicion-de-los-juegos-educativos-bonaerenses-en-el-distrito\/"]}]},{"@type":"BreadcrumbList","@id":"https:\/\/www.celttv.com.ar\/index.php\/2024\/05\/20\/se-puso-en-marcha-la-segunda-edicion-de-los-juegos-educativos-bonaerenses-en-el-distrito\/#breadcrumb","itemListElement":[{"@type":"ListItem","position":1,"name":"Inicio","item":"https:\/\/www.celttv.com.ar\/"},{"@type":"ListItem","position":2,"name":"Se puso en marcha la segunda edici\u00f3n de los Juegos Educativos Bonaerenses en el distrito"}]},{"@type":"WebSite","@id":"https:\/\/www.celttv.com.ar\/#website","url":"https:\/\/www.celttv.com.ar\/","name":"CELTTV","description":"Cooperativa El\u00e9ctrica de Tornquist","publisher":{"@id":"https:\/\/www.celttv.com.ar\/#organization"},"potentialAction":[{"@type":"SearchAction","target":{"@type":"EntryPoint","urlTemplate":"https:\/\/www.celttv.com.ar\/?s={search_term_string}"},"query-input":"required name=search_term_string"}],"inLanguage":"es"},{"@type":"Organization","@id":"https:\/\/www.celttv.com.ar\/#organization","name":"CELTTV","url":"https:\/\/www.celttv.com.ar\/","sameAs":["https:\/\/www.youtube.com\/channel\/UCz_oIt8Hig64Ub-EmcNPIhg","https:\/\/www.facebook.com\/celtTV\/"],"logo":{"@type":"ImageObject","inLanguage":"es","@id":"https:\/\/www.celttv.com.ar\/#\/schema\/logo\/image\/","url":"http:\/\/www.celttv.com.ar\/wp-content\/uploads\/2022\/08\/logo-1.png","contentUrl":"http:\/\/www.celttv.com.ar\/wp-content\/uploads\/2022\/08\/logo-1.png","width":461,"height":159,"caption":"CELTTV"},"image":{"@id":"https:\/\/www.celttv.com.ar\/#\/schema\/logo\/image\/"}},{"@type":"Person","@id":"https:\/\/www.celttv.com.ar\/#\/schema\/person\/9059dc91dc7204ef4182cdb65225f07d","name":"Miguel Herrada","image":{"@type":"ImageObject","inLanguage":"es","@id":"https:\/\/www.celttv.com.ar\/#\/schema\/person\/image\/","url":"https:\/\/secure.gravatar.com\/avatar\/67724d5b3c716623ffd76bec7e45841a442ac3b456e914dbba90b0fad2b8e0b1?s=96&d=mm&r=g","contentUrl":"https:\/\/secure.gravatar.com\/avatar\/67724d5b3c716623ffd76bec7e45841a442ac3b456e914dbba90b0fad2b8e0b1?s=96&d=mm&r=g","caption":"Miguel Herrada"}}]}},"_links":{"self":[{"href":"https:\/\/www.celttv.com.ar\/index.php\/wp-json\/wp\/v2\/posts\/83866","targetHints":{"allow":["GET"]}}],"collection":[{"href":"https:\/\/www.celttv.com.ar\/index.php\/wp-json\/wp\/v2\/posts"}],"about":[{"href":"https:\/\/www.celttv.com.ar\/index.php\/wp-json\/wp\/v2\/types\/post"}],"author":[{"embeddable":true,"href":"https:\/\/www.celttv.com.ar\/index.php\/wp-json\/wp\/v2\/users\/5"}],"replies":[{"embeddable":true,"href":"https:\/\/www.celttv.com.ar\/index.php\/wp-json\/wp\/v2\/comments?post=83866"}],"version-history":[{"count":1,"href":"https:\/\/www.celttv.com.ar\/index.php\/wp-json\/wp\/v2\/posts\/83866\/revisions"}],"predecessor-version":[{"id":83874,"href":"https:\/\/www.celttv.com.ar\/index.php\/wp-json\/wp\/v2\/posts\/83866\/revisions\/83874"}],"wp:featuredmedia":[{"embeddable":true,"href":"https:\/\/www.celttv.com.ar\/index.php\/wp-json\/wp\/v2\/media\/83870"}],"wp:attachment":[{"href":"https:\/\/www.celttv.com.ar\/index.php\/wp-json\/wp\/v2\/media?parent=83866"}],"wp:term":[{"taxonomy":"category","embeddable":true,"href":"https:\/\/www.celttv.com.ar\/index.php\/wp-json\/wp\/v2\/categories?post=83866"},{"taxonomy":"post_tag","embeddable":true,"href":"https:\/\/www.celttv.com.ar\/index.php\/wp-json\/wp\/v2\/tags?post=83866"}],"curies":[{"name":"wp","href":"https:\/\/api.w.org\/{rel}","templated":true}]}}