{"id":83877,"date":"2024-05-20T22:27:39","date_gmt":"2024-05-21T01:27:39","guid":{"rendered":"https:\/\/www.celttv.com.ar\/?p=83877"},"modified":"2024-05-20T22:27:39","modified_gmt":"2024-05-21T01:27:39","slug":"acto-oficial-por-el-214-aniversario-de-la-revolucion-de-mayo","status":"publish","type":"post","link":"https:\/\/www.celttv.com.ar\/index.php\/2024\/05\/20\/acto-oficial-por-el-214-aniversario-de-la-revolucion-de-mayo\/","title":{"rendered":"Acto oficial por el 214\u00b0 aniversario de la Revoluci\u00f3n de Mayo"},"content":{"rendered":"<p>El intendente municipal Sergio Bordoni invita a la comunidad a participar del acto en conmemoraci\u00f3n del \u201c214 aniversario de la Revoluci\u00f3n de Mayo\u201d, a realizarse el s\u00e1bado 25 a las 9.45hs., en el predio del Centro Cultural de la localidad de Sierra de la Ventana.<\/p>\n<p>Esperamos contar con la presencia de todos.<\/p>\n<p><img loading=\"lazy\" decoding=\"async\" class=\"alignnone wp-image-83878 size-full\" src=\"https:\/\/www.celttv.com.ar\/wp-content\/uploads\/2024\/05\/ACTO-DEL-25-DE-MAYO.jpg\" alt=\"\" width=\"885\" height=\"889\" srcset=\"https:\/\/www.celttv.com.ar\/wp-content\/uploads\/2024\/05\/ACTO-DEL-25-DE-MAYO.jpg 885w, https:\/\/www.celttv.com.ar\/wp-content\/uploads\/2024\/05\/ACTO-DEL-25-DE-MAYO-300x300.jpg 300w, https:\/\/www.celttv.com.ar\/wp-content\/uploads\/2024\/05\/ACTO-DEL-25-DE-MAYO-150x150.jpg 150w, https:\/\/www.celttv.com.ar\/wp-content\/uploads\/2024\/05\/ACTO-DEL-25-DE-MAYO-768x771.jpg 768w, https:\/\/www.celttv.com.ar\/wp-content\/uploads\/2024\/05\/ACTO-DEL-25-DE-MAYO-75x75.jpg 75w, https:\/\/www.celttv.com.ar\/wp-content\/uploads\/2024\/05\/ACTO-DEL-25-DE-MAYO-750x753.jpg 750w\" sizes=\"auto, (max-width: 885px) 100vw, 885px\" \/><\/p>\n","protected":false},"excerpt":{"rendered":"<p>El intendente municipal Sergio Bordoni invita a la comunidad a participar del acto en conmemoraci\u00f3n del \u201c214 aniversario de la Revoluci\u00f3n de Mayo\u201d, a realizarse el s\u00e1bado 25 a las 9.45hs., en el predio del Centro Cultural de la localidad de Sierra de la Ventana. Esperamos contar con la presencia de todos.<\/p>\n","protected":false},"author":5,"featured_media":83878,"comment_status":"closed","ping_status":"closed","sticky":false,"template":"","format":"standard","meta":{"footnotes":""},"categories":[51,52,59],"tags":[],"class_list":["post-83877","post","type-post","status-publish","format-standard","has-post-thumbnail","hentry","category-comunidad","category-destacadas","category-municipales"],"yoast_head":"<!-- This site is optimized with the Yoast SEO plugin v19.7.1 - https:\/\/yoast.com\/wordpress\/plugins\/seo\/ -->\n<title>Acto oficial por el 214\u00b0 aniversario de la Revoluci\u00f3n de Mayo - CELTTV<\/title>\n<meta name=\"description\" content=\"Sitio web de noticias de la localidad de Tornquist, provincia de Buenos Aires, Rep\u00fablica Argentina. Contenido propio originado por periodistas de CELTTV, el canal de TV local de la Cooperativa El\u00e9ctrica de Tornquist. Turismo, Pol\u00edtica, Sociedad, Deporte, Cultura y todo el contenido de inter\u00e9s general que la gente del pueblo y la regi\u00f3n debe conocer.\" \/>\n<meta name=\"robots\" content=\"index, follow, max-snippet:-1, max-image-preview:large, max-video-preview:-1\" \/>\n<link rel=\"canonical\" href=\"https:\/\/www.celttv.com.ar\/index.php\/2024\/05\/20\/acto-oficial-por-el-214-aniversario-de-la-revolucion-de-mayo\/\" \/>\n<meta property=\"og:locale\" content=\"es_ES\" \/>\n<meta property=\"og:type\" content=\"article\" \/>\n<meta property=\"og:title\" content=\"Acto oficial por el 214\u00b0 aniversario de la Revoluci\u00f3n de Mayo - CELTTV\" \/>\n<meta property=\"og:description\" content=\"Sitio web de noticias de la localidad de Tornquist, provincia de Buenos Aires, Rep\u00fablica Argentina. Contenido propio originado por periodistas de CELTTV, el canal de TV local de la Cooperativa El\u00e9ctrica de Tornquist. Turismo, Pol\u00edtica, Sociedad, Deporte, Cultura y todo el contenido de inter\u00e9s general que la gente del pueblo y la regi\u00f3n debe conocer.\" \/>\n<meta property=\"og:url\" content=\"https:\/\/www.celttv.com.ar\/index.php\/2024\/05\/20\/acto-oficial-por-el-214-aniversario-de-la-revolucion-de-mayo\/\" \/>\n<meta property=\"og:site_name\" content=\"CELTTV\" \/>\n<meta property=\"article:publisher\" content=\"https:\/\/www.facebook.com\/celtTV\/\" \/>\n<meta property=\"article:published_time\" content=\"2024-05-21T01:27:39+00:00\" \/>\n<meta property=\"og:image\" content=\"https:\/\/www.celttv.com.ar\/wp-content\/uploads\/2024\/05\/ACTO-DEL-25-DE-MAYO.jpg\" \/>\n\t<meta property=\"og:image:width\" content=\"885\" \/>\n\t<meta property=\"og:image:height\" content=\"889\" \/>\n\t<meta property=\"og:image:type\" content=\"image\/jpeg\" \/>\n<meta name=\"author\" content=\"Miguel Herrada\" \/>\n<meta name=\"twitter:card\" content=\"summary_large_image\" \/>\n<meta name=\"twitter:label1\" content=\"Escrito por\" \/>\n\t<meta name=\"twitter:data1\" content=\"Miguel Herrada\" \/>\n<script type=\"application\/ld+json\" class=\"yoast-schema-graph\">{\"@context\":\"https:\/\/schema.org\",\"@graph\":[{\"@type\":\"NewsArticle\",\"@id\":\"https:\/\/www.celttv.com.ar\/index.php\/2024\/05\/20\/acto-oficial-por-el-214-aniversario-de-la-revolucion-de-mayo\/#article\",\"isPartOf\":{\"@id\":\"https:\/\/www.celttv.com.ar\/index.php\/2024\/05\/20\/acto-oficial-por-el-214-aniversario-de-la-revolucion-de-mayo\/\"},\"author\":{\"name\":\"Miguel Herrada\",\"@id\":\"https:\/\/www.celttv.com.ar\/#\/schema\/person\/9059dc91dc7204ef4182cdb65225f07d\"},\"headline\":\"Acto oficial por el 214\u00b0 aniversario de la Revoluci\u00f3n de Mayo\",\"datePublished\":\"2024-05-21T01:27:39+00:00\",\"dateModified\":\"2024-05-21T01:27:39+00:00\",\"mainEntityOfPage\":{\"@id\":\"https:\/\/www.celttv.com.ar\/index.php\/2024\/05\/20\/acto-oficial-por-el-214-aniversario-de-la-revolucion-de-mayo\/\"},\"wordCount\":64,\"publisher\":{\"@id\":\"https:\/\/www.celttv.com.ar\/#organization\"},\"articleSection\":[\"Comunidad\",\"Destacadas\",\"Municipales\"],\"inLanguage\":\"es\"},{\"@type\":\"WebPage\",\"@id\":\"https:\/\/www.celttv.com.ar\/index.php\/2024\/05\/20\/acto-oficial-por-el-214-aniversario-de-la-revolucion-de-mayo\/\",\"url\":\"https:\/\/www.celttv.com.ar\/index.php\/2024\/05\/20\/acto-oficial-por-el-214-aniversario-de-la-revolucion-de-mayo\/\",\"name\":\"Acto oficial por el 214\u00b0 aniversario de la Revoluci\u00f3n de Mayo - CELTTV\",\"isPartOf\":{\"@id\":\"https:\/\/www.celttv.com.ar\/#website\"},\"datePublished\":\"2024-05-21T01:27:39+00:00\",\"dateModified\":\"2024-05-21T01:27:39+00:00\",\"description\":\"Sitio web de noticias de la localidad de Tornquist, provincia de Buenos Aires, Rep\u00fablica Argentina. Contenido propio originado por periodistas de CELTTV, el canal de TV local de la Cooperativa El\u00e9ctrica de Tornquist. Turismo, Pol\u00edtica, Sociedad, Deporte, Cultura y todo el contenido de inter\u00e9s general que la gente del pueblo y la regi\u00f3n debe conocer.\",\"breadcrumb\":{\"@id\":\"https:\/\/www.celttv.com.ar\/index.php\/2024\/05\/20\/acto-oficial-por-el-214-aniversario-de-la-revolucion-de-mayo\/#breadcrumb\"},\"inLanguage\":\"es\",\"potentialAction\":[{\"@type\":\"ReadAction\",\"target\":[\"https:\/\/www.celttv.com.ar\/index.php\/2024\/05\/20\/acto-oficial-por-el-214-aniversario-de-la-revolucion-de-mayo\/\"]}]},{\"@type\":\"BreadcrumbList\",\"@id\":\"https:\/\/www.celttv.com.ar\/index.php\/2024\/05\/20\/acto-oficial-por-el-214-aniversario-de-la-revolucion-de-mayo\/#breadcrumb\",\"itemListElement\":[{\"@type\":\"ListItem\",\"position\":1,\"name\":\"Inicio\",\"item\":\"https:\/\/www.celttv.com.ar\/\"},{\"@type\":\"ListItem\",\"position\":2,\"name\":\"Acto oficial por el 214\u00b0 aniversario de la Revoluci\u00f3n de Mayo\"}]},{\"@type\":\"WebSite\",\"@id\":\"https:\/\/www.celttv.com.ar\/#website\",\"url\":\"https:\/\/www.celttv.com.ar\/\",\"name\":\"CELTTV\",\"description\":\"Cooperativa El\u00e9ctrica de Tornquist\",\"publisher\":{\"@id\":\"https:\/\/www.celttv.com.ar\/#organization\"},\"potentialAction\":[{\"@type\":\"SearchAction\",\"target\":{\"@type\":\"EntryPoint\",\"urlTemplate\":\"https:\/\/www.celttv.com.ar\/?s={search_term_string}\"},\"query-input\":\"required name=search_term_string\"}],\"inLanguage\":\"es\"},{\"@type\":\"Organization\",\"@id\":\"https:\/\/www.celttv.com.ar\/#organization\",\"name\":\"CELTTV\",\"url\":\"https:\/\/www.celttv.com.ar\/\",\"sameAs\":[\"https:\/\/www.youtube.com\/channel\/UCz_oIt8Hig64Ub-EmcNPIhg\",\"https:\/\/www.facebook.com\/celtTV\/\"],\"logo\":{\"@type\":\"ImageObject\",\"inLanguage\":\"es\",\"@id\":\"https:\/\/www.celttv.com.ar\/#\/schema\/logo\/image\/\",\"url\":\"http:\/\/www.celttv.com.ar\/wp-content\/uploads\/2022\/08\/logo-1.png\",\"contentUrl\":\"http:\/\/www.celttv.com.ar\/wp-content\/uploads\/2022\/08\/logo-1.png\",\"width\":461,\"height\":159,\"caption\":\"CELTTV\"},\"image\":{\"@id\":\"https:\/\/www.celttv.com.ar\/#\/schema\/logo\/image\/\"}},{\"@type\":\"Person\",\"@id\":\"https:\/\/www.celttv.com.ar\/#\/schema\/person\/9059dc91dc7204ef4182cdb65225f07d\",\"name\":\"Miguel Herrada\",\"image\":{\"@type\":\"ImageObject\",\"inLanguage\":\"es\",\"@id\":\"https:\/\/www.celttv.com.ar\/#\/schema\/person\/image\/\",\"url\":\"https:\/\/secure.gravatar.com\/avatar\/67724d5b3c716623ffd76bec7e45841a442ac3b456e914dbba90b0fad2b8e0b1?s=96&d=mm&r=g\",\"contentUrl\":\"https:\/\/secure.gravatar.com\/avatar\/67724d5b3c716623ffd76bec7e45841a442ac3b456e914dbba90b0fad2b8e0b1?s=96&d=mm&r=g\",\"caption\":\"Miguel Herrada\"}}]}<\/script>\n<!-- \/ Yoast SEO plugin. -->","yoast_head_json":{"title":"Acto oficial por el 214\u00b0 aniversario de la Revoluci\u00f3n de Mayo - CELTTV","description":"Sitio web de noticias de la localidad de Tornquist, provincia de Buenos Aires, Rep\u00fablica Argentina. Contenido propio originado por periodistas de CELTTV, el canal de TV local de la Cooperativa El\u00e9ctrica de Tornquist. Turismo, Pol\u00edtica, Sociedad, Deporte, Cultura y todo el contenido de inter\u00e9s general que la gente del pueblo y la regi\u00f3n debe conocer.","robots":{"index":"index","follow":"follow","max-snippet":"max-snippet:-1","max-image-preview":"max-image-preview:large","max-video-preview":"max-video-preview:-1"},"canonical":"https:\/\/www.celttv.com.ar\/index.php\/2024\/05\/20\/acto-oficial-por-el-214-aniversario-de-la-revolucion-de-mayo\/","og_locale":"es_ES","og_type":"article","og_title":"Acto oficial por el 214\u00b0 aniversario de la Revoluci\u00f3n de Mayo - CELTTV","og_description":"Sitio web de noticias de la localidad de Tornquist, provincia de Buenos Aires, Rep\u00fablica Argentina. Contenido propio originado por periodistas de CELTTV, el canal de TV local de la Cooperativa El\u00e9ctrica de Tornquist. Turismo, Pol\u00edtica, Sociedad, Deporte, Cultura y todo el contenido de inter\u00e9s general que la gente del pueblo y la regi\u00f3n debe conocer.","og_url":"https:\/\/www.celttv.com.ar\/index.php\/2024\/05\/20\/acto-oficial-por-el-214-aniversario-de-la-revolucion-de-mayo\/","og_site_name":"CELTTV","article_publisher":"https:\/\/www.facebook.com\/celtTV\/","article_published_time":"2024-05-21T01:27:39+00:00","og_image":[{"width":885,"height":889,"url":"https:\/\/www.celttv.com.ar\/wp-content\/uploads\/2024\/05\/ACTO-DEL-25-DE-MAYO.jpg","type":"image\/jpeg"}],"author":"Miguel Herrada","twitter_card":"summary_large_image","twitter_misc":{"Escrito por":"Miguel Herrada"},"schema":{"@context":"https:\/\/schema.org","@graph":[{"@type":"NewsArticle","@id":"https:\/\/www.celttv.com.ar\/index.php\/2024\/05\/20\/acto-oficial-por-el-214-aniversario-de-la-revolucion-de-mayo\/#article","isPartOf":{"@id":"https:\/\/www.celttv.com.ar\/index.php\/2024\/05\/20\/acto-oficial-por-el-214-aniversario-de-la-revolucion-de-mayo\/"},"author":{"name":"Miguel Herrada","@id":"https:\/\/www.celttv.com.ar\/#\/schema\/person\/9059dc91dc7204ef4182cdb65225f07d"},"headline":"Acto oficial por el 214\u00b0 aniversario de la Revoluci\u00f3n de Mayo","datePublished":"2024-05-21T01:27:39+00:00","dateModified":"2024-05-21T01:27:39+00:00","mainEntityOfPage":{"@id":"https:\/\/www.celttv.com.ar\/index.php\/2024\/05\/20\/acto-oficial-por-el-214-aniversario-de-la-revolucion-de-mayo\/"},"wordCount":64,"publisher":{"@id":"https:\/\/www.celttv.com.ar\/#organization"},"articleSection":["Comunidad","Destacadas","Municipales"],"inLanguage":"es"},{"@type":"WebPage","@id":"https:\/\/www.celttv.com.ar\/index.php\/2024\/05\/20\/acto-oficial-por-el-214-aniversario-de-la-revolucion-de-mayo\/","url":"https:\/\/www.celttv.com.ar\/index.php\/2024\/05\/20\/acto-oficial-por-el-214-aniversario-de-la-revolucion-de-mayo\/","name":"Acto oficial por el 214\u00b0 aniversario de la Revoluci\u00f3n de Mayo - CELTTV","isPartOf":{"@id":"https:\/\/www.celttv.com.ar\/#website"},"datePublished":"2024-05-21T01:27:39+00:00","dateModified":"2024-05-21T01:27:39+00:00","description":"Sitio web de noticias de la localidad de Tornquist, provincia de Buenos Aires, Rep\u00fablica Argentina. Contenido propio originado por periodistas de CELTTV, el canal de TV local de la Cooperativa El\u00e9ctrica de Tornquist. Turismo, Pol\u00edtica, Sociedad, Deporte, Cultura y todo el contenido de inter\u00e9s general que la gente del pueblo y la regi\u00f3n debe conocer.","breadcrumb":{"@id":"https:\/\/www.celttv.com.ar\/index.php\/2024\/05\/20\/acto-oficial-por-el-214-aniversario-de-la-revolucion-de-mayo\/#breadcrumb"},"inLanguage":"es","potentialAction":[{"@type":"ReadAction","target":["https:\/\/www.celttv.com.ar\/index.php\/2024\/05\/20\/acto-oficial-por-el-214-aniversario-de-la-revolucion-de-mayo\/"]}]},{"@type":"BreadcrumbList","@id":"https:\/\/www.celttv.com.ar\/index.php\/2024\/05\/20\/acto-oficial-por-el-214-aniversario-de-la-revolucion-de-mayo\/#breadcrumb","itemListElement":[{"@type":"ListItem","position":1,"name":"Inicio","item":"https:\/\/www.celttv.com.ar\/"},{"@type":"ListItem","position":2,"name":"Acto oficial por el 214\u00b0 aniversario de la Revoluci\u00f3n de Mayo"}]},{"@type":"WebSite","@id":"https:\/\/www.celttv.com.ar\/#website","url":"https:\/\/www.celttv.com.ar\/","name":"CELTTV","description":"Cooperativa El\u00e9ctrica de Tornquist","publisher":{"@id":"https:\/\/www.celttv.com.ar\/#organization"},"potentialAction":[{"@type":"SearchAction","target":{"@type":"EntryPoint","urlTemplate":"https:\/\/www.celttv.com.ar\/?s={search_term_string}"},"query-input":"required name=search_term_string"}],"inLanguage":"es"},{"@type":"Organization","@id":"https:\/\/www.celttv.com.ar\/#organization","name":"CELTTV","url":"https:\/\/www.celttv.com.ar\/","sameAs":["https:\/\/www.youtube.com\/channel\/UCz_oIt8Hig64Ub-EmcNPIhg","https:\/\/www.facebook.com\/celtTV\/"],"logo":{"@type":"ImageObject","inLanguage":"es","@id":"https:\/\/www.celttv.com.ar\/#\/schema\/logo\/image\/","url":"http:\/\/www.celttv.com.ar\/wp-content\/uploads\/2022\/08\/logo-1.png","contentUrl":"http:\/\/www.celttv.com.ar\/wp-content\/uploads\/2022\/08\/logo-1.png","width":461,"height":159,"caption":"CELTTV"},"image":{"@id":"https:\/\/www.celttv.com.ar\/#\/schema\/logo\/image\/"}},{"@type":"Person","@id":"https:\/\/www.celttv.com.ar\/#\/schema\/person\/9059dc91dc7204ef4182cdb65225f07d","name":"Miguel Herrada","image":{"@type":"ImageObject","inLanguage":"es","@id":"https:\/\/www.celttv.com.ar\/#\/schema\/person\/image\/","url":"https:\/\/secure.gravatar.com\/avatar\/67724d5b3c716623ffd76bec7e45841a442ac3b456e914dbba90b0fad2b8e0b1?s=96&d=mm&r=g","contentUrl":"https:\/\/secure.gravatar.com\/avatar\/67724d5b3c716623ffd76bec7e45841a442ac3b456e914dbba90b0fad2b8e0b1?s=96&d=mm&r=g","caption":"Miguel Herrada"}}]}},"_links":{"self":[{"href":"https:\/\/www.celttv.com.ar\/index.php\/wp-json\/wp\/v2\/posts\/83877","targetHints":{"allow":["GET"]}}],"collection":[{"href":"https:\/\/www.celttv.com.ar\/index.php\/wp-json\/wp\/v2\/posts"}],"about":[{"href":"https:\/\/www.celttv.com.ar\/index.php\/wp-json\/wp\/v2\/types\/post"}],"author":[{"embeddable":true,"href":"https:\/\/www.celttv.com.ar\/index.php\/wp-json\/wp\/v2\/users\/5"}],"replies":[{"embeddable":true,"href":"https:\/\/www.celttv.com.ar\/index.php\/wp-json\/wp\/v2\/comments?post=83877"}],"version-history":[{"count":1,"href":"https:\/\/www.celttv.com.ar\/index.php\/wp-json\/wp\/v2\/posts\/83877\/revisions"}],"predecessor-version":[{"id":83879,"href":"https:\/\/www.celttv.com.ar\/index.php\/wp-json\/wp\/v2\/posts\/83877\/revisions\/83879"}],"wp:featuredmedia":[{"embeddable":true,"href":"https:\/\/www.celttv.com.ar\/index.php\/wp-json\/wp\/v2\/media\/83878"}],"wp:attachment":[{"href":"https:\/\/www.celttv.com.ar\/index.php\/wp-json\/wp\/v2\/media?parent=83877"}],"wp:term":[{"taxonomy":"category","embeddable":true,"href":"https:\/\/www.celttv.com.ar\/index.php\/wp-json\/wp\/v2\/categories?post=83877"},{"taxonomy":"post_tag","embeddable":true,"href":"https:\/\/www.celttv.com.ar\/index.php\/wp-json\/wp\/v2\/tags?post=83877"}],"curies":[{"name":"wp","href":"https:\/\/api.w.org\/{rel}","templated":true}]}}