{"id":84161,"date":"2024-06-04T18:33:05","date_gmt":"2024-06-04T21:33:05","guid":{"rendered":"https:\/\/www.celttv.com.ar\/?p=84161"},"modified":"2024-06-04T21:44:47","modified_gmt":"2024-06-05T00:44:47","slug":"celt-informa-el-gerente-general-de-la-celt-se-reunio-con-autoridades-del-fedecoba","status":"publish","type":"post","link":"https:\/\/www.celttv.com.ar\/index.php\/2024\/06\/04\/celt-informa-el-gerente-general-de-la-celt-se-reunio-con-autoridades-del-fedecoba\/","title":{"rendered":"CELT Informa: El Gerente General de la CELT. se reuni\u00f3 con autoridades de FEDECOBA."},"content":{"rendered":"<h4>La Cooperativa El\u00e9ctrica informa, que en el d\u00eda de hoy, el Gerente Gral. Ruben Lascano , tuvo su primer visita y reuniones, en el marco institucional, en la sede de FEDECOBA (Federaci\u00f3n de Cooperativas de Electricidad y Servicios P\u00fablicos de la Provincia de Buenos Aires), donde se pudo conversar sobre todos los temas referentes a lo que el organismo tiene como asesoramiento en general y el apoyo permanente a todas las cooperativas nucleadas en la entidad de segundo grado.<\/h4>\n<h4>&#8220;Durante mucho tiempo la CELT. perdi\u00f3 contacto con esta entidad que nos nuclea y en esta nueva gesti\u00f3n y con la impronta del nuevo consejo de administraci\u00f3n, la idea es integrar y formar parte de estos organismos de primero y segundo grado, que mucho pueden aportar para el crecimiento sostenido de nuestra Cooperativa&#8221; expres\u00f3 a CELTTV Noticias Ruben Lascano.<\/h4>\n<h4>&#8220;FEDECOBA cuenta con un excelente equipo t\u00e9cnico para asesorar a sus cooperativas, con material humano y t\u00e9cnico altamente capacitado, que incluso nos permite capacitar a nuestra cooperativa desde lo administrativo, as\u00ed como lo t\u00e9cnico, incluyendo la actualizaci\u00f3n tecnol\u00f3gica, tan necesaria en estas \u00e9pocas que atravesamos&#8221;<\/h4>\n<h4>El gerente general de la CELT. expres\u00f3 su agradecimiento por la atenci\u00f3n recibida de parte del Ing. Mario Vitale, &#8220;quien puso a disposici\u00f3n de la CELT toda la estructura de la Federaci\u00f3n que nuclea la mayor parte del cooperativismo de servicios de la provincia de Buenos Aires&#8221; cerr\u00f3 Lascano.<\/h4>\n<h4><img loading=\"lazy\" decoding=\"async\" class=\"alignnone wp-image-84163 size-full\" src=\"https:\/\/www.celttv.com.ar\/wp-content\/uploads\/2024\/06\/fedecoba-1.jpg\" alt=\"\" width=\"410\" height=\"316\" srcset=\"https:\/\/www.celttv.com.ar\/wp-content\/uploads\/2024\/06\/fedecoba-1.jpg 410w, https:\/\/www.celttv.com.ar\/wp-content\/uploads\/2024\/06\/fedecoba-1-300x231.jpg 300w\" sizes=\"auto, (max-width: 410px) 100vw, 410px\" \/><\/h4>\n","protected":false},"excerpt":{"rendered":"<p>La Cooperativa El\u00e9ctrica informa, que en el d\u00eda de hoy, el Gerente Gral. Ruben Lascano , tuvo su primer visita y reuniones, en el marco institucional, en la sede de FEDECOBA (Federaci\u00f3n de Cooperativas de Electricidad y Servicios P\u00fablicos de la Provincia de Buenos Aires), donde se pudo conversar sobre todos los temas referentes a [&hellip;]<\/p>\n","protected":false},"author":5,"featured_media":84163,"comment_status":"closed","ping_status":"closed","sticky":false,"template":"","format":"standard","meta":{"footnotes":""},"categories":[55,51,52,1],"tags":[],"class_list":["post-84161","post","type-post","status-publish","format-standard","has-post-thumbnail","hentry","category-celt-tv-noticias","category-comunidad","category-destacadas","category-sin-categoria"],"yoast_head":"<!-- This site is optimized with the Yoast SEO plugin v19.7.1 - https:\/\/yoast.com\/wordpress\/plugins\/seo\/ -->\n<title>CELT Informa: El Gerente General de la CELT. se reuni\u00f3 con autoridades de FEDECOBA. - CELTTV<\/title>\n<meta name=\"description\" content=\"Sitio web de noticias de la localidad de Tornquist, provincia de Buenos Aires, Rep\u00fablica Argentina. Contenido propio originado por periodistas de CELTTV, el canal de TV local de la Cooperativa El\u00e9ctrica de Tornquist. Turismo, Pol\u00edtica, Sociedad, Deporte, Cultura y todo el contenido de inter\u00e9s general que la gente del pueblo y la regi\u00f3n debe conocer.\" \/>\n<meta name=\"robots\" content=\"index, follow, max-snippet:-1, max-image-preview:large, max-video-preview:-1\" \/>\n<link rel=\"canonical\" href=\"https:\/\/www.celttv.com.ar\/index.php\/2024\/06\/04\/celt-informa-el-gerente-general-de-la-celt-se-reunio-con-autoridades-del-fedecoba\/\" \/>\n<meta property=\"og:locale\" content=\"es_ES\" \/>\n<meta property=\"og:type\" content=\"article\" \/>\n<meta property=\"og:title\" content=\"CELT Informa: El Gerente General de la CELT. se reuni\u00f3 con autoridades de FEDECOBA. - CELTTV\" \/>\n<meta property=\"og:description\" content=\"Sitio web de noticias de la localidad de Tornquist, provincia de Buenos Aires, Rep\u00fablica Argentina. Contenido propio originado por periodistas de CELTTV, el canal de TV local de la Cooperativa El\u00e9ctrica de Tornquist. Turismo, Pol\u00edtica, Sociedad, Deporte, Cultura y todo el contenido de inter\u00e9s general que la gente del pueblo y la regi\u00f3n debe conocer.\" \/>\n<meta property=\"og:url\" content=\"https:\/\/www.celttv.com.ar\/index.php\/2024\/06\/04\/celt-informa-el-gerente-general-de-la-celt-se-reunio-con-autoridades-del-fedecoba\/\" \/>\n<meta property=\"og:site_name\" content=\"CELTTV\" \/>\n<meta property=\"article:publisher\" content=\"https:\/\/www.facebook.com\/celtTV\/\" \/>\n<meta property=\"article:published_time\" content=\"2024-06-04T21:33:05+00:00\" \/>\n<meta property=\"article:modified_time\" content=\"2024-06-05T00:44:47+00:00\" \/>\n<meta property=\"og:image\" content=\"https:\/\/www.celttv.com.ar\/wp-content\/uploads\/2024\/06\/fedecoba-1.jpg\" \/>\n\t<meta property=\"og:image:width\" content=\"410\" \/>\n\t<meta property=\"og:image:height\" content=\"316\" \/>\n\t<meta property=\"og:image:type\" content=\"image\/jpeg\" \/>\n<meta name=\"author\" content=\"Miguel Herrada\" \/>\n<meta name=\"twitter:card\" content=\"summary_large_image\" \/>\n<meta name=\"twitter:label1\" content=\"Escrito por\" \/>\n\t<meta name=\"twitter:data1\" content=\"Miguel Herrada\" \/>\n\t<meta name=\"twitter:label2\" content=\"Tiempo de lectura\" \/>\n\t<meta name=\"twitter:data2\" content=\"1 minuto\" \/>\n<script type=\"application\/ld+json\" class=\"yoast-schema-graph\">{\"@context\":\"https:\/\/schema.org\",\"@graph\":[{\"@type\":\"NewsArticle\",\"@id\":\"https:\/\/www.celttv.com.ar\/index.php\/2024\/06\/04\/celt-informa-el-gerente-general-de-la-celt-se-reunio-con-autoridades-del-fedecoba\/#article\",\"isPartOf\":{\"@id\":\"https:\/\/www.celttv.com.ar\/index.php\/2024\/06\/04\/celt-informa-el-gerente-general-de-la-celt-se-reunio-con-autoridades-del-fedecoba\/\"},\"author\":{\"name\":\"Miguel Herrada\",\"@id\":\"https:\/\/www.celttv.com.ar\/#\/schema\/person\/9059dc91dc7204ef4182cdb65225f07d\"},\"headline\":\"CELT Informa: El Gerente General de la CELT. se reuni\u00f3 con autoridades de FEDECOBA.\",\"datePublished\":\"2024-06-04T21:33:05+00:00\",\"dateModified\":\"2024-06-05T00:44:47+00:00\",\"mainEntityOfPage\":{\"@id\":\"https:\/\/www.celttv.com.ar\/index.php\/2024\/06\/04\/celt-informa-el-gerente-general-de-la-celt-se-reunio-con-autoridades-del-fedecoba\/\"},\"wordCount\":259,\"publisher\":{\"@id\":\"https:\/\/www.celttv.com.ar\/#organization\"},\"articleSection\":[\"Celt TV Noticias\",\"Comunidad\",\"Destacadas\"],\"inLanguage\":\"es\"},{\"@type\":\"WebPage\",\"@id\":\"https:\/\/www.celttv.com.ar\/index.php\/2024\/06\/04\/celt-informa-el-gerente-general-de-la-celt-se-reunio-con-autoridades-del-fedecoba\/\",\"url\":\"https:\/\/www.celttv.com.ar\/index.php\/2024\/06\/04\/celt-informa-el-gerente-general-de-la-celt-se-reunio-con-autoridades-del-fedecoba\/\",\"name\":\"CELT Informa: El Gerente General de la CELT. se reuni\u00f3 con autoridades de FEDECOBA. - CELTTV\",\"isPartOf\":{\"@id\":\"https:\/\/www.celttv.com.ar\/#website\"},\"datePublished\":\"2024-06-04T21:33:05+00:00\",\"dateModified\":\"2024-06-05T00:44:47+00:00\",\"description\":\"Sitio web de noticias de la localidad de Tornquist, provincia de Buenos Aires, Rep\u00fablica Argentina. Contenido propio originado por periodistas de CELTTV, el canal de TV local de la Cooperativa El\u00e9ctrica de Tornquist. Turismo, Pol\u00edtica, Sociedad, Deporte, Cultura y todo el contenido de inter\u00e9s general que la gente del pueblo y la regi\u00f3n debe conocer.\",\"breadcrumb\":{\"@id\":\"https:\/\/www.celttv.com.ar\/index.php\/2024\/06\/04\/celt-informa-el-gerente-general-de-la-celt-se-reunio-con-autoridades-del-fedecoba\/#breadcrumb\"},\"inLanguage\":\"es\",\"potentialAction\":[{\"@type\":\"ReadAction\",\"target\":[\"https:\/\/www.celttv.com.ar\/index.php\/2024\/06\/04\/celt-informa-el-gerente-general-de-la-celt-se-reunio-con-autoridades-del-fedecoba\/\"]}]},{\"@type\":\"BreadcrumbList\",\"@id\":\"https:\/\/www.celttv.com.ar\/index.php\/2024\/06\/04\/celt-informa-el-gerente-general-de-la-celt-se-reunio-con-autoridades-del-fedecoba\/#breadcrumb\",\"itemListElement\":[{\"@type\":\"ListItem\",\"position\":1,\"name\":\"Inicio\",\"item\":\"https:\/\/www.celttv.com.ar\/\"},{\"@type\":\"ListItem\",\"position\":2,\"name\":\"CELT Informa: El Gerente General de la CELT. se reuni\u00f3 con autoridades de FEDECOBA.\"}]},{\"@type\":\"WebSite\",\"@id\":\"https:\/\/www.celttv.com.ar\/#website\",\"url\":\"https:\/\/www.celttv.com.ar\/\",\"name\":\"CELTTV\",\"description\":\"Cooperativa El\u00e9ctrica de Tornquist\",\"publisher\":{\"@id\":\"https:\/\/www.celttv.com.ar\/#organization\"},\"potentialAction\":[{\"@type\":\"SearchAction\",\"target\":{\"@type\":\"EntryPoint\",\"urlTemplate\":\"https:\/\/www.celttv.com.ar\/?s={search_term_string}\"},\"query-input\":\"required name=search_term_string\"}],\"inLanguage\":\"es\"},{\"@type\":\"Organization\",\"@id\":\"https:\/\/www.celttv.com.ar\/#organization\",\"name\":\"CELTTV\",\"url\":\"https:\/\/www.celttv.com.ar\/\",\"sameAs\":[\"https:\/\/www.youtube.com\/channel\/UCz_oIt8Hig64Ub-EmcNPIhg\",\"https:\/\/www.facebook.com\/celtTV\/\"],\"logo\":{\"@type\":\"ImageObject\",\"inLanguage\":\"es\",\"@id\":\"https:\/\/www.celttv.com.ar\/#\/schema\/logo\/image\/\",\"url\":\"http:\/\/www.celttv.com.ar\/wp-content\/uploads\/2022\/08\/logo-1.png\",\"contentUrl\":\"http:\/\/www.celttv.com.ar\/wp-content\/uploads\/2022\/08\/logo-1.png\",\"width\":461,\"height\":159,\"caption\":\"CELTTV\"},\"image\":{\"@id\":\"https:\/\/www.celttv.com.ar\/#\/schema\/logo\/image\/\"}},{\"@type\":\"Person\",\"@id\":\"https:\/\/www.celttv.com.ar\/#\/schema\/person\/9059dc91dc7204ef4182cdb65225f07d\",\"name\":\"Miguel Herrada\",\"image\":{\"@type\":\"ImageObject\",\"inLanguage\":\"es\",\"@id\":\"https:\/\/www.celttv.com.ar\/#\/schema\/person\/image\/\",\"url\":\"https:\/\/secure.gravatar.com\/avatar\/67724d5b3c716623ffd76bec7e45841a442ac3b456e914dbba90b0fad2b8e0b1?s=96&d=mm&r=g\",\"contentUrl\":\"https:\/\/secure.gravatar.com\/avatar\/67724d5b3c716623ffd76bec7e45841a442ac3b456e914dbba90b0fad2b8e0b1?s=96&d=mm&r=g\",\"caption\":\"Miguel Herrada\"}}]}<\/script>\n<!-- \/ Yoast SEO plugin. -->","yoast_head_json":{"title":"CELT Informa: El Gerente General de la CELT. se reuni\u00f3 con autoridades de FEDECOBA. - CELTTV","description":"Sitio web de noticias de la localidad de Tornquist, provincia de Buenos Aires, Rep\u00fablica Argentina. Contenido propio originado por periodistas de CELTTV, el canal de TV local de la Cooperativa El\u00e9ctrica de Tornquist. Turismo, Pol\u00edtica, Sociedad, Deporte, Cultura y todo el contenido de inter\u00e9s general que la gente del pueblo y la regi\u00f3n debe conocer.","robots":{"index":"index","follow":"follow","max-snippet":"max-snippet:-1","max-image-preview":"max-image-preview:large","max-video-preview":"max-video-preview:-1"},"canonical":"https:\/\/www.celttv.com.ar\/index.php\/2024\/06\/04\/celt-informa-el-gerente-general-de-la-celt-se-reunio-con-autoridades-del-fedecoba\/","og_locale":"es_ES","og_type":"article","og_title":"CELT Informa: El Gerente General de la CELT. se reuni\u00f3 con autoridades de FEDECOBA. - CELTTV","og_description":"Sitio web de noticias de la localidad de Tornquist, provincia de Buenos Aires, Rep\u00fablica Argentina. Contenido propio originado por periodistas de CELTTV, el canal de TV local de la Cooperativa El\u00e9ctrica de Tornquist. Turismo, Pol\u00edtica, Sociedad, Deporte, Cultura y todo el contenido de inter\u00e9s general que la gente del pueblo y la regi\u00f3n debe conocer.","og_url":"https:\/\/www.celttv.com.ar\/index.php\/2024\/06\/04\/celt-informa-el-gerente-general-de-la-celt-se-reunio-con-autoridades-del-fedecoba\/","og_site_name":"CELTTV","article_publisher":"https:\/\/www.facebook.com\/celtTV\/","article_published_time":"2024-06-04T21:33:05+00:00","article_modified_time":"2024-06-05T00:44:47+00:00","og_image":[{"width":410,"height":316,"url":"https:\/\/www.celttv.com.ar\/wp-content\/uploads\/2024\/06\/fedecoba-1.jpg","type":"image\/jpeg"}],"author":"Miguel Herrada","twitter_card":"summary_large_image","twitter_misc":{"Escrito por":"Miguel Herrada","Tiempo de lectura":"1 minuto"},"schema":{"@context":"https:\/\/schema.org","@graph":[{"@type":"NewsArticle","@id":"https:\/\/www.celttv.com.ar\/index.php\/2024\/06\/04\/celt-informa-el-gerente-general-de-la-celt-se-reunio-con-autoridades-del-fedecoba\/#article","isPartOf":{"@id":"https:\/\/www.celttv.com.ar\/index.php\/2024\/06\/04\/celt-informa-el-gerente-general-de-la-celt-se-reunio-con-autoridades-del-fedecoba\/"},"author":{"name":"Miguel Herrada","@id":"https:\/\/www.celttv.com.ar\/#\/schema\/person\/9059dc91dc7204ef4182cdb65225f07d"},"headline":"CELT Informa: El Gerente General de la CELT. se reuni\u00f3 con autoridades de FEDECOBA.","datePublished":"2024-06-04T21:33:05+00:00","dateModified":"2024-06-05T00:44:47+00:00","mainEntityOfPage":{"@id":"https:\/\/www.celttv.com.ar\/index.php\/2024\/06\/04\/celt-informa-el-gerente-general-de-la-celt-se-reunio-con-autoridades-del-fedecoba\/"},"wordCount":259,"publisher":{"@id":"https:\/\/www.celttv.com.ar\/#organization"},"articleSection":["Celt TV Noticias","Comunidad","Destacadas"],"inLanguage":"es"},{"@type":"WebPage","@id":"https:\/\/www.celttv.com.ar\/index.php\/2024\/06\/04\/celt-informa-el-gerente-general-de-la-celt-se-reunio-con-autoridades-del-fedecoba\/","url":"https:\/\/www.celttv.com.ar\/index.php\/2024\/06\/04\/celt-informa-el-gerente-general-de-la-celt-se-reunio-con-autoridades-del-fedecoba\/","name":"CELT Informa: El Gerente General de la CELT. se reuni\u00f3 con autoridades de FEDECOBA. - CELTTV","isPartOf":{"@id":"https:\/\/www.celttv.com.ar\/#website"},"datePublished":"2024-06-04T21:33:05+00:00","dateModified":"2024-06-05T00:44:47+00:00","description":"Sitio web de noticias de la localidad de Tornquist, provincia de Buenos Aires, Rep\u00fablica Argentina. Contenido propio originado por periodistas de CELTTV, el canal de TV local de la Cooperativa El\u00e9ctrica de Tornquist. Turismo, Pol\u00edtica, Sociedad, Deporte, Cultura y todo el contenido de inter\u00e9s general que la gente del pueblo y la regi\u00f3n debe conocer.","breadcrumb":{"@id":"https:\/\/www.celttv.com.ar\/index.php\/2024\/06\/04\/celt-informa-el-gerente-general-de-la-celt-se-reunio-con-autoridades-del-fedecoba\/#breadcrumb"},"inLanguage":"es","potentialAction":[{"@type":"ReadAction","target":["https:\/\/www.celttv.com.ar\/index.php\/2024\/06\/04\/celt-informa-el-gerente-general-de-la-celt-se-reunio-con-autoridades-del-fedecoba\/"]}]},{"@type":"BreadcrumbList","@id":"https:\/\/www.celttv.com.ar\/index.php\/2024\/06\/04\/celt-informa-el-gerente-general-de-la-celt-se-reunio-con-autoridades-del-fedecoba\/#breadcrumb","itemListElement":[{"@type":"ListItem","position":1,"name":"Inicio","item":"https:\/\/www.celttv.com.ar\/"},{"@type":"ListItem","position":2,"name":"CELT Informa: El Gerente General de la CELT. se reuni\u00f3 con autoridades de FEDECOBA."}]},{"@type":"WebSite","@id":"https:\/\/www.celttv.com.ar\/#website","url":"https:\/\/www.celttv.com.ar\/","name":"CELTTV","description":"Cooperativa El\u00e9ctrica de Tornquist","publisher":{"@id":"https:\/\/www.celttv.com.ar\/#organization"},"potentialAction":[{"@type":"SearchAction","target":{"@type":"EntryPoint","urlTemplate":"https:\/\/www.celttv.com.ar\/?s={search_term_string}"},"query-input":"required name=search_term_string"}],"inLanguage":"es"},{"@type":"Organization","@id":"https:\/\/www.celttv.com.ar\/#organization","name":"CELTTV","url":"https:\/\/www.celttv.com.ar\/","sameAs":["https:\/\/www.youtube.com\/channel\/UCz_oIt8Hig64Ub-EmcNPIhg","https:\/\/www.facebook.com\/celtTV\/"],"logo":{"@type":"ImageObject","inLanguage":"es","@id":"https:\/\/www.celttv.com.ar\/#\/schema\/logo\/image\/","url":"http:\/\/www.celttv.com.ar\/wp-content\/uploads\/2022\/08\/logo-1.png","contentUrl":"http:\/\/www.celttv.com.ar\/wp-content\/uploads\/2022\/08\/logo-1.png","width":461,"height":159,"caption":"CELTTV"},"image":{"@id":"https:\/\/www.celttv.com.ar\/#\/schema\/logo\/image\/"}},{"@type":"Person","@id":"https:\/\/www.celttv.com.ar\/#\/schema\/person\/9059dc91dc7204ef4182cdb65225f07d","name":"Miguel Herrada","image":{"@type":"ImageObject","inLanguage":"es","@id":"https:\/\/www.celttv.com.ar\/#\/schema\/person\/image\/","url":"https:\/\/secure.gravatar.com\/avatar\/67724d5b3c716623ffd76bec7e45841a442ac3b456e914dbba90b0fad2b8e0b1?s=96&d=mm&r=g","contentUrl":"https:\/\/secure.gravatar.com\/avatar\/67724d5b3c716623ffd76bec7e45841a442ac3b456e914dbba90b0fad2b8e0b1?s=96&d=mm&r=g","caption":"Miguel Herrada"}}]}},"_links":{"self":[{"href":"https:\/\/www.celttv.com.ar\/index.php\/wp-json\/wp\/v2\/posts\/84161","targetHints":{"allow":["GET"]}}],"collection":[{"href":"https:\/\/www.celttv.com.ar\/index.php\/wp-json\/wp\/v2\/posts"}],"about":[{"href":"https:\/\/www.celttv.com.ar\/index.php\/wp-json\/wp\/v2\/types\/post"}],"author":[{"embeddable":true,"href":"https:\/\/www.celttv.com.ar\/index.php\/wp-json\/wp\/v2\/users\/5"}],"replies":[{"embeddable":true,"href":"https:\/\/www.celttv.com.ar\/index.php\/wp-json\/wp\/v2\/comments?post=84161"}],"version-history":[{"count":7,"href":"https:\/\/www.celttv.com.ar\/index.php\/wp-json\/wp\/v2\/posts\/84161\/revisions"}],"predecessor-version":[{"id":84186,"href":"https:\/\/www.celttv.com.ar\/index.php\/wp-json\/wp\/v2\/posts\/84161\/revisions\/84186"}],"wp:featuredmedia":[{"embeddable":true,"href":"https:\/\/www.celttv.com.ar\/index.php\/wp-json\/wp\/v2\/media\/84163"}],"wp:attachment":[{"href":"https:\/\/www.celttv.com.ar\/index.php\/wp-json\/wp\/v2\/media?parent=84161"}],"wp:term":[{"taxonomy":"category","embeddable":true,"href":"https:\/\/www.celttv.com.ar\/index.php\/wp-json\/wp\/v2\/categories?post=84161"},{"taxonomy":"post_tag","embeddable":true,"href":"https:\/\/www.celttv.com.ar\/index.php\/wp-json\/wp\/v2\/tags?post=84161"}],"curies":[{"name":"wp","href":"https:\/\/api.w.org\/{rel}","templated":true}]}}