{"id":84190,"date":"2024-06-05T13:24:49","date_gmt":"2024-06-05T16:24:49","guid":{"rendered":"https:\/\/www.celttv.com.ar\/?p=84190"},"modified":"2024-06-05T14:10:07","modified_gmt":"2024-06-05T17:10:07","slug":"historias-de-archivo-homenaje-del-club-automoto-a-anibal-bocha-meneses-video","status":"publish","type":"post","link":"https:\/\/www.celttv.com.ar\/index.php\/2024\/06\/05\/historias-de-archivo-homenaje-del-club-automoto-a-anibal-bocha-meneses-video\/","title":{"rendered":"Historias de Archivo: Homenaje del Club Automoto a An\u00edbal &#8220;Bocha&#8221; Meneses (Video)"},"content":{"rendered":"<p>En el programa CELTTV NOTICIAS se comparti\u00f3 \u00e9sta semana un nuevo segmento de &#8220;Historias de Archivo&#8221;, donde se record\u00f3 a Anibal &#8220;Bocha&#8221; Meneses (lamentablemente fallecido), quien fue homenajeado -en abril de 2012- por el Club Automoto.<\/p>\n<p><strong>Compartimos el texto de la cobertura que realiz\u00f3 MAGAZINE SPORT y CELTTV NOTICIAS en aquel momento.<\/strong><\/p>\n<p><strong>&#8220;<\/strong>Anibal \u201cBocha\u201d Meneses es el nombre que para siempre llevar\u00e1n los hist\u00f3ricos vestuarios del Automoto Club Deportivo que fueron inaugurados oficialmente este viernes por la noche en una jornada fr\u00eda que se vivi\u00f3 en el campo Deportivo.<br \/>\nEstuvieron presentes el Intendente Gustavo Trankels, el Presidente del HCD Sergio Bordoni, el Presidente del club Rodrigo Fhur y allegados a la instituci\u00f3n.<br \/>\nRodrigo Sgammini fue el interlocutor y habl\u00f3 de la obra en s\u00ed. \u201cHoy es una noche muy especial y estos vestuarios llevar\u00e1n el nombre de alguien muy especial, el querido \u201cBocha Meneses\u201d.<br \/>\nEl padre Norberto Lopez y el pastor H\u00e9ctor Paez fueron los encargados de dirigir unas palabras y bendecir las instalaciones y las im\u00e1genes colocadas en el interior.<br \/>\nNorberto Marzialetti \u201cTiti\u201d ,calific\u00f3 a Bocha como un hermano, m\u00e1s que un amigo de toda la vida. En el oficio llevamos 58 a\u00f1os juntos y hemos sido dos personas que jam\u00e1s tuvimos un problema\u201d.<br \/>\nEl Presidente Rodrigo Fhur en su alocuci\u00f3n dijo \u201cSe vienen muchos recuerdos a la mente de uno en mi corta edad, recuerdo algunas cosas de Bocha, ser el hincha n\u00famero uno, el que siempre estaba y realmente como Presidente me toca hoy poder inaugurar estas obras y rendirle este homenaje a Bocha\u201d.Tambi\u00e9n hizo referencia a la ayuda de Gustavo Trankels por aportar su granito de arena para esta obra.<br \/>\nEl propio Intendente Municipal en sus palabras manifestaba \u201cLa verdad que uno no sabe si hablar como Intendente o integrante de esta familia azulgrana. Quiero decirles de coraz\u00f3n que comparto la alegr\u00eda de ver como quedaron los vestuarios. Felicitaciones a toda la gente que viene trabajando, a la comisi\u00f3n y a todos los que pusieron su granito para que esto sea posible y nosotros no pod\u00edamos quedar afuera por eso te felicito \u201cCoto\u201d y a todos los que te acompa\u00f1an en esto. Que hoy la instituci\u00f3n le devuelva un pedacito aqu\u00ed en esta cancha y el nombre de \u201cBocha\u201d,es un gesto muy merecido y simboliza el cari\u00f1o que esta familia azulgrana te tiene y te lo quiero decir como Intendente que es un orgullo\u201d<br \/>\nM\u00e1s tarde el Intendente, el Presidente de la Instituci\u00f3n y \u201cBocha\u201d Meneses descubrieron el cartel que lleva el nombre del legendario hincha azulgrana ante el aplauso de todos los presentes.<br \/>\nEn el lugar \u201cBocha\u201d dec\u00eda: \u201cLa verdad en cualquier momento me voy a caer sentado, por tantas emociones, tanto cari\u00f1o de la gente, un gran amigo, un hermano \u201cTit\u00ed, me movi\u00f3 la estanter\u00eda\u201d es una alegr\u00eda b\u00e1rbara. Nosotros de los a\u00f1os que trabajamos juntos jam\u00e1s un s\u00ed un no, en las buenas y en las malas siempre al pie del ca\u00f1\u00f3n\u201d.La verdad me van a hacer volver locos. Nosotros con Joaqu\u00edn Lacasta eramos la voz parlante de la tribuna pero sin insultar a nadie. Cuando \u00edbamos a la cancha de Uni\u00f3n hablabamos hasta por los codos pero soy amigo de todos, nunca vino a decirme nadie nada.Cuando llegamos con Titi a Automoto el estaba jugando de dos en la selecci\u00f3n de la liga las sierras y nos vinimos los dos juntos yo era masajista. Son todos recuerdos muy lindos\u201d Unas cien personas compartieron luego una cena, celebrando el acontecimiento y honrando a alguien que muchas veces dej\u00f3 su \u201cCuero\u201d en el alambrado para defender sus colores de toda la vida. Un merecido homenaje a Bocha Meneses<strong>&#8220;.<\/strong><\/p>\n<p><iframe loading=\"lazy\" title=\"2024 06 04 RECONOCIMIENTO A BOCHA MENESES\" width=\"500\" height=\"281\" src=\"https:\/\/www.youtube.com\/embed\/wFNLHV9dGDk?feature=oembed\" frameborder=\"0\" allow=\"accelerometer; autoplay; clipboard-write; encrypted-media; gyroscope; picture-in-picture; web-share\" referrerpolicy=\"strict-origin-when-cross-origin\" allowfullscreen><\/iframe><\/p>\n","protected":false},"excerpt":{"rendered":"<p>En el programa CELTTV NOTICIAS se comparti\u00f3 \u00e9sta semana un nuevo segmento de &#8220;Historias de Archivo&#8221;, donde se record\u00f3 a Anibal &#8220;Bocha&#8221; Meneses (lamentablemente fallecido), quien fue homenajeado -en abril de 2012- por el Club Automoto. Compartimos el texto de la cobertura que realiz\u00f3 MAGAZINE SPORT y CELTTV NOTICIAS en aquel momento. &#8220;Anibal \u201cBocha\u201d Meneses [&hellip;]<\/p>\n","protected":false},"author":3,"featured_media":84191,"comment_status":"closed","ping_status":"closed","sticky":false,"template":"","format":"standard","meta":{"footnotes":""},"categories":[988,1],"tags":[],"class_list":["post-84190","post","type-post","status-publish","format-standard","has-post-thumbnail","hentry","category-historia-de-archivos","category-sin-categoria"],"yoast_head":"<!-- This site is optimized with the Yoast SEO plugin v19.7.1 - https:\/\/yoast.com\/wordpress\/plugins\/seo\/ -->\n<title>Historias de Archivo: Homenaje del Club Automoto a An\u00edbal &quot;Bocha&quot; Meneses (Video) - CELTTV<\/title>\n<meta name=\"description\" content=\"Sitio web de noticias de la localidad de Tornquist, provincia de Buenos Aires, Rep\u00fablica Argentina. Contenido propio originado por periodistas de CELTTV, el canal de TV local de la Cooperativa El\u00e9ctrica de Tornquist. Turismo, Pol\u00edtica, Sociedad, Deporte, Cultura y todo el contenido de inter\u00e9s general que la gente del pueblo y la regi\u00f3n debe conocer.\" \/>\n<meta name=\"robots\" content=\"index, follow, max-snippet:-1, max-image-preview:large, max-video-preview:-1\" \/>\n<link rel=\"canonical\" href=\"https:\/\/www.celttv.com.ar\/index.php\/2024\/06\/05\/historias-de-archivo-homenaje-del-club-automoto-a-anibal-bocha-meneses-video\/\" \/>\n<meta property=\"og:locale\" content=\"es_ES\" \/>\n<meta property=\"og:type\" content=\"article\" \/>\n<meta property=\"og:title\" content=\"Historias de Archivo: Homenaje del Club Automoto a An\u00edbal &quot;Bocha&quot; Meneses (Video) - CELTTV\" \/>\n<meta property=\"og:description\" content=\"Sitio web de noticias de la localidad de Tornquist, provincia de Buenos Aires, Rep\u00fablica Argentina. Contenido propio originado por periodistas de CELTTV, el canal de TV local de la Cooperativa El\u00e9ctrica de Tornquist. Turismo, Pol\u00edtica, Sociedad, Deporte, Cultura y todo el contenido de inter\u00e9s general que la gente del pueblo y la regi\u00f3n debe conocer.\" \/>\n<meta property=\"og:url\" content=\"https:\/\/www.celttv.com.ar\/index.php\/2024\/06\/05\/historias-de-archivo-homenaje-del-club-automoto-a-anibal-bocha-meneses-video\/\" \/>\n<meta property=\"og:site_name\" content=\"CELTTV\" \/>\n<meta property=\"article:publisher\" content=\"https:\/\/www.facebook.com\/celtTV\/\" \/>\n<meta property=\"article:published_time\" content=\"2024-06-05T16:24:49+00:00\" \/>\n<meta property=\"article:modified_time\" content=\"2024-06-05T17:10:07+00:00\" \/>\n<meta property=\"og:image\" content=\"https:\/\/www.celttv.com.ar\/wp-content\/uploads\/2024\/06\/28635382-cdeb-4811-a11f-cfdd6b119b85.jpg\" \/>\n\t<meta property=\"og:image:width\" content=\"1280\" \/>\n\t<meta property=\"og:image:height\" content=\"720\" \/>\n\t<meta property=\"og:image:type\" content=\"image\/jpeg\" \/>\n<meta name=\"author\" content=\"Rodrigo Sgammini\" \/>\n<meta name=\"twitter:card\" content=\"summary_large_image\" \/>\n<meta name=\"twitter:label1\" content=\"Escrito por\" \/>\n\t<meta name=\"twitter:data1\" content=\"Rodrigo Sgammini\" \/>\n\t<meta name=\"twitter:label2\" content=\"Tiempo de lectura\" \/>\n\t<meta name=\"twitter:data2\" content=\"3 minutos\" \/>\n<script type=\"application\/ld+json\" class=\"yoast-schema-graph\">{\"@context\":\"https:\/\/schema.org\",\"@graph\":[{\"@type\":\"NewsArticle\",\"@id\":\"https:\/\/www.celttv.com.ar\/index.php\/2024\/06\/05\/historias-de-archivo-homenaje-del-club-automoto-a-anibal-bocha-meneses-video\/#article\",\"isPartOf\":{\"@id\":\"https:\/\/www.celttv.com.ar\/index.php\/2024\/06\/05\/historias-de-archivo-homenaje-del-club-automoto-a-anibal-bocha-meneses-video\/\"},\"author\":{\"name\":\"Rodrigo Sgammini\",\"@id\":\"https:\/\/www.celttv.com.ar\/#\/schema\/person\/495be51d064edd971d8457f8f64eb172\"},\"headline\":\"Historias de Archivo: Homenaje del Club Automoto a An\u00edbal &#8220;Bocha&#8221; Meneses (Video)\",\"datePublished\":\"2024-06-05T16:24:49+00:00\",\"dateModified\":\"2024-06-05T17:10:07+00:00\",\"mainEntityOfPage\":{\"@id\":\"https:\/\/www.celttv.com.ar\/index.php\/2024\/06\/05\/historias-de-archivo-homenaje-del-club-automoto-a-anibal-bocha-meneses-video\/\"},\"wordCount\":662,\"publisher\":{\"@id\":\"https:\/\/www.celttv.com.ar\/#organization\"},\"articleSection\":[\"Historia de Archivos\"],\"inLanguage\":\"es\"},{\"@type\":\"WebPage\",\"@id\":\"https:\/\/www.celttv.com.ar\/index.php\/2024\/06\/05\/historias-de-archivo-homenaje-del-club-automoto-a-anibal-bocha-meneses-video\/\",\"url\":\"https:\/\/www.celttv.com.ar\/index.php\/2024\/06\/05\/historias-de-archivo-homenaje-del-club-automoto-a-anibal-bocha-meneses-video\/\",\"name\":\"Historias de Archivo: Homenaje del Club Automoto a An\u00edbal \\\"Bocha\\\" Meneses (Video) - CELTTV\",\"isPartOf\":{\"@id\":\"https:\/\/www.celttv.com.ar\/#website\"},\"datePublished\":\"2024-06-05T16:24:49+00:00\",\"dateModified\":\"2024-06-05T17:10:07+00:00\",\"description\":\"Sitio web de noticias de la localidad de Tornquist, provincia de Buenos Aires, Rep\u00fablica Argentina. Contenido propio originado por periodistas de CELTTV, el canal de TV local de la Cooperativa El\u00e9ctrica de Tornquist. Turismo, Pol\u00edtica, Sociedad, Deporte, Cultura y todo el contenido de inter\u00e9s general que la gente del pueblo y la regi\u00f3n debe conocer.\",\"breadcrumb\":{\"@id\":\"https:\/\/www.celttv.com.ar\/index.php\/2024\/06\/05\/historias-de-archivo-homenaje-del-club-automoto-a-anibal-bocha-meneses-video\/#breadcrumb\"},\"inLanguage\":\"es\",\"potentialAction\":[{\"@type\":\"ReadAction\",\"target\":[\"https:\/\/www.celttv.com.ar\/index.php\/2024\/06\/05\/historias-de-archivo-homenaje-del-club-automoto-a-anibal-bocha-meneses-video\/\"]}]},{\"@type\":\"BreadcrumbList\",\"@id\":\"https:\/\/www.celttv.com.ar\/index.php\/2024\/06\/05\/historias-de-archivo-homenaje-del-club-automoto-a-anibal-bocha-meneses-video\/#breadcrumb\",\"itemListElement\":[{\"@type\":\"ListItem\",\"position\":1,\"name\":\"Inicio\",\"item\":\"https:\/\/www.celttv.com.ar\/\"},{\"@type\":\"ListItem\",\"position\":2,\"name\":\"Historias de Archivo: Homenaje del Club Automoto a An\u00edbal &#8220;Bocha&#8221; Meneses (Video)\"}]},{\"@type\":\"WebSite\",\"@id\":\"https:\/\/www.celttv.com.ar\/#website\",\"url\":\"https:\/\/www.celttv.com.ar\/\",\"name\":\"CELTTV\",\"description\":\"Cooperativa El\u00e9ctrica de Tornquist\",\"publisher\":{\"@id\":\"https:\/\/www.celttv.com.ar\/#organization\"},\"potentialAction\":[{\"@type\":\"SearchAction\",\"target\":{\"@type\":\"EntryPoint\",\"urlTemplate\":\"https:\/\/www.celttv.com.ar\/?s={search_term_string}\"},\"query-input\":\"required name=search_term_string\"}],\"inLanguage\":\"es\"},{\"@type\":\"Organization\",\"@id\":\"https:\/\/www.celttv.com.ar\/#organization\",\"name\":\"CELTTV\",\"url\":\"https:\/\/www.celttv.com.ar\/\",\"sameAs\":[\"https:\/\/www.youtube.com\/channel\/UCz_oIt8Hig64Ub-EmcNPIhg\",\"https:\/\/www.facebook.com\/celtTV\/\"],\"logo\":{\"@type\":\"ImageObject\",\"inLanguage\":\"es\",\"@id\":\"https:\/\/www.celttv.com.ar\/#\/schema\/logo\/image\/\",\"url\":\"http:\/\/www.celttv.com.ar\/wp-content\/uploads\/2022\/08\/logo-1.png\",\"contentUrl\":\"http:\/\/www.celttv.com.ar\/wp-content\/uploads\/2022\/08\/logo-1.png\",\"width\":461,\"height\":159,\"caption\":\"CELTTV\"},\"image\":{\"@id\":\"https:\/\/www.celttv.com.ar\/#\/schema\/logo\/image\/\"}},{\"@type\":\"Person\",\"@id\":\"https:\/\/www.celttv.com.ar\/#\/schema\/person\/495be51d064edd971d8457f8f64eb172\",\"name\":\"Rodrigo Sgammini\",\"image\":{\"@type\":\"ImageObject\",\"inLanguage\":\"es\",\"@id\":\"https:\/\/www.celttv.com.ar\/#\/schema\/person\/image\/\",\"url\":\"https:\/\/secure.gravatar.com\/avatar\/68f7848d42735e7a9276b47cd6e606327d88f521c51ae39d88888b76902e2987?s=96&d=mm&r=g\",\"contentUrl\":\"https:\/\/secure.gravatar.com\/avatar\/68f7848d42735e7a9276b47cd6e606327d88f521c51ae39d88888b76902e2987?s=96&d=mm&r=g\",\"caption\":\"Rodrigo Sgammini\"}}]}<\/script>\n<!-- \/ Yoast SEO plugin. -->","yoast_head_json":{"title":"Historias de Archivo: Homenaje del Club Automoto a An\u00edbal \"Bocha\" Meneses (Video) - CELTTV","description":"Sitio web de noticias de la localidad de Tornquist, provincia de Buenos Aires, Rep\u00fablica Argentina. Contenido propio originado por periodistas de CELTTV, el canal de TV local de la Cooperativa El\u00e9ctrica de Tornquist. Turismo, Pol\u00edtica, Sociedad, Deporte, Cultura y todo el contenido de inter\u00e9s general que la gente del pueblo y la regi\u00f3n debe conocer.","robots":{"index":"index","follow":"follow","max-snippet":"max-snippet:-1","max-image-preview":"max-image-preview:large","max-video-preview":"max-video-preview:-1"},"canonical":"https:\/\/www.celttv.com.ar\/index.php\/2024\/06\/05\/historias-de-archivo-homenaje-del-club-automoto-a-anibal-bocha-meneses-video\/","og_locale":"es_ES","og_type":"article","og_title":"Historias de Archivo: Homenaje del Club Automoto a An\u00edbal \"Bocha\" Meneses (Video) - CELTTV","og_description":"Sitio web de noticias de la localidad de Tornquist, provincia de Buenos Aires, Rep\u00fablica Argentina. Contenido propio originado por periodistas de CELTTV, el canal de TV local de la Cooperativa El\u00e9ctrica de Tornquist. Turismo, Pol\u00edtica, Sociedad, Deporte, Cultura y todo el contenido de inter\u00e9s general que la gente del pueblo y la regi\u00f3n debe conocer.","og_url":"https:\/\/www.celttv.com.ar\/index.php\/2024\/06\/05\/historias-de-archivo-homenaje-del-club-automoto-a-anibal-bocha-meneses-video\/","og_site_name":"CELTTV","article_publisher":"https:\/\/www.facebook.com\/celtTV\/","article_published_time":"2024-06-05T16:24:49+00:00","article_modified_time":"2024-06-05T17:10:07+00:00","og_image":[{"width":1280,"height":720,"url":"https:\/\/www.celttv.com.ar\/wp-content\/uploads\/2024\/06\/28635382-cdeb-4811-a11f-cfdd6b119b85.jpg","type":"image\/jpeg"}],"author":"Rodrigo Sgammini","twitter_card":"summary_large_image","twitter_misc":{"Escrito por":"Rodrigo Sgammini","Tiempo de lectura":"3 minutos"},"schema":{"@context":"https:\/\/schema.org","@graph":[{"@type":"NewsArticle","@id":"https:\/\/www.celttv.com.ar\/index.php\/2024\/06\/05\/historias-de-archivo-homenaje-del-club-automoto-a-anibal-bocha-meneses-video\/#article","isPartOf":{"@id":"https:\/\/www.celttv.com.ar\/index.php\/2024\/06\/05\/historias-de-archivo-homenaje-del-club-automoto-a-anibal-bocha-meneses-video\/"},"author":{"name":"Rodrigo Sgammini","@id":"https:\/\/www.celttv.com.ar\/#\/schema\/person\/495be51d064edd971d8457f8f64eb172"},"headline":"Historias de Archivo: Homenaje del Club Automoto a An\u00edbal &#8220;Bocha&#8221; Meneses (Video)","datePublished":"2024-06-05T16:24:49+00:00","dateModified":"2024-06-05T17:10:07+00:00","mainEntityOfPage":{"@id":"https:\/\/www.celttv.com.ar\/index.php\/2024\/06\/05\/historias-de-archivo-homenaje-del-club-automoto-a-anibal-bocha-meneses-video\/"},"wordCount":662,"publisher":{"@id":"https:\/\/www.celttv.com.ar\/#organization"},"articleSection":["Historia de Archivos"],"inLanguage":"es"},{"@type":"WebPage","@id":"https:\/\/www.celttv.com.ar\/index.php\/2024\/06\/05\/historias-de-archivo-homenaje-del-club-automoto-a-anibal-bocha-meneses-video\/","url":"https:\/\/www.celttv.com.ar\/index.php\/2024\/06\/05\/historias-de-archivo-homenaje-del-club-automoto-a-anibal-bocha-meneses-video\/","name":"Historias de Archivo: Homenaje del Club Automoto a An\u00edbal \"Bocha\" Meneses (Video) - CELTTV","isPartOf":{"@id":"https:\/\/www.celttv.com.ar\/#website"},"datePublished":"2024-06-05T16:24:49+00:00","dateModified":"2024-06-05T17:10:07+00:00","description":"Sitio web de noticias de la localidad de Tornquist, provincia de Buenos Aires, Rep\u00fablica Argentina. Contenido propio originado por periodistas de CELTTV, el canal de TV local de la Cooperativa El\u00e9ctrica de Tornquist. Turismo, Pol\u00edtica, Sociedad, Deporte, Cultura y todo el contenido de inter\u00e9s general que la gente del pueblo y la regi\u00f3n debe conocer.","breadcrumb":{"@id":"https:\/\/www.celttv.com.ar\/index.php\/2024\/06\/05\/historias-de-archivo-homenaje-del-club-automoto-a-anibal-bocha-meneses-video\/#breadcrumb"},"inLanguage":"es","potentialAction":[{"@type":"ReadAction","target":["https:\/\/www.celttv.com.ar\/index.php\/2024\/06\/05\/historias-de-archivo-homenaje-del-club-automoto-a-anibal-bocha-meneses-video\/"]}]},{"@type":"BreadcrumbList","@id":"https:\/\/www.celttv.com.ar\/index.php\/2024\/06\/05\/historias-de-archivo-homenaje-del-club-automoto-a-anibal-bocha-meneses-video\/#breadcrumb","itemListElement":[{"@type":"ListItem","position":1,"name":"Inicio","item":"https:\/\/www.celttv.com.ar\/"},{"@type":"ListItem","position":2,"name":"Historias de Archivo: Homenaje del Club Automoto a An\u00edbal &#8220;Bocha&#8221; Meneses (Video)"}]},{"@type":"WebSite","@id":"https:\/\/www.celttv.com.ar\/#website","url":"https:\/\/www.celttv.com.ar\/","name":"CELTTV","description":"Cooperativa El\u00e9ctrica de Tornquist","publisher":{"@id":"https:\/\/www.celttv.com.ar\/#organization"},"potentialAction":[{"@type":"SearchAction","target":{"@type":"EntryPoint","urlTemplate":"https:\/\/www.celttv.com.ar\/?s={search_term_string}"},"query-input":"required name=search_term_string"}],"inLanguage":"es"},{"@type":"Organization","@id":"https:\/\/www.celttv.com.ar\/#organization","name":"CELTTV","url":"https:\/\/www.celttv.com.ar\/","sameAs":["https:\/\/www.youtube.com\/channel\/UCz_oIt8Hig64Ub-EmcNPIhg","https:\/\/www.facebook.com\/celtTV\/"],"logo":{"@type":"ImageObject","inLanguage":"es","@id":"https:\/\/www.celttv.com.ar\/#\/schema\/logo\/image\/","url":"http:\/\/www.celttv.com.ar\/wp-content\/uploads\/2022\/08\/logo-1.png","contentUrl":"http:\/\/www.celttv.com.ar\/wp-content\/uploads\/2022\/08\/logo-1.png","width":461,"height":159,"caption":"CELTTV"},"image":{"@id":"https:\/\/www.celttv.com.ar\/#\/schema\/logo\/image\/"}},{"@type":"Person","@id":"https:\/\/www.celttv.com.ar\/#\/schema\/person\/495be51d064edd971d8457f8f64eb172","name":"Rodrigo Sgammini","image":{"@type":"ImageObject","inLanguage":"es","@id":"https:\/\/www.celttv.com.ar\/#\/schema\/person\/image\/","url":"https:\/\/secure.gravatar.com\/avatar\/68f7848d42735e7a9276b47cd6e606327d88f521c51ae39d88888b76902e2987?s=96&d=mm&r=g","contentUrl":"https:\/\/secure.gravatar.com\/avatar\/68f7848d42735e7a9276b47cd6e606327d88f521c51ae39d88888b76902e2987?s=96&d=mm&r=g","caption":"Rodrigo Sgammini"}}]}},"_links":{"self":[{"href":"https:\/\/www.celttv.com.ar\/index.php\/wp-json\/wp\/v2\/posts\/84190","targetHints":{"allow":["GET"]}}],"collection":[{"href":"https:\/\/www.celttv.com.ar\/index.php\/wp-json\/wp\/v2\/posts"}],"about":[{"href":"https:\/\/www.celttv.com.ar\/index.php\/wp-json\/wp\/v2\/types\/post"}],"author":[{"embeddable":true,"href":"https:\/\/www.celttv.com.ar\/index.php\/wp-json\/wp\/v2\/users\/3"}],"replies":[{"embeddable":true,"href":"https:\/\/www.celttv.com.ar\/index.php\/wp-json\/wp\/v2\/comments?post=84190"}],"version-history":[{"count":1,"href":"https:\/\/www.celttv.com.ar\/index.php\/wp-json\/wp\/v2\/posts\/84190\/revisions"}],"predecessor-version":[{"id":84192,"href":"https:\/\/www.celttv.com.ar\/index.php\/wp-json\/wp\/v2\/posts\/84190\/revisions\/84192"}],"wp:featuredmedia":[{"embeddable":true,"href":"https:\/\/www.celttv.com.ar\/index.php\/wp-json\/wp\/v2\/media\/84191"}],"wp:attachment":[{"href":"https:\/\/www.celttv.com.ar\/index.php\/wp-json\/wp\/v2\/media?parent=84190"}],"wp:term":[{"taxonomy":"category","embeddable":true,"href":"https:\/\/www.celttv.com.ar\/index.php\/wp-json\/wp\/v2\/categories?post=84190"},{"taxonomy":"post_tag","embeddable":true,"href":"https:\/\/www.celttv.com.ar\/index.php\/wp-json\/wp\/v2\/tags?post=84190"}],"curies":[{"name":"wp","href":"https:\/\/api.w.org\/{rel}","templated":true}]}}