{"id":84430,"date":"2024-06-17T21:30:02","date_gmt":"2024-06-18T00:30:02","guid":{"rendered":"https:\/\/www.celttv.com.ar\/?p=84430"},"modified":"2024-06-17T21:30:02","modified_gmt":"2024-06-18T00:30:02","slug":"se-incendio-un-vehiculo-en-la-ruta-76","status":"publish","type":"post","link":"https:\/\/www.celttv.com.ar\/index.php\/2024\/06\/17\/se-incendio-un-vehiculo-en-la-ruta-76\/","title":{"rendered":"Se incendi\u00f3 un veh\u00edculo en  la Ruta 76"},"content":{"rendered":"<p>A pocos metros del acceso a San Andres de la Sierra y de Villa Serrana la Gruta esta tarde noche, alrededor de las 19:45 comenz\u00f3 incendiarse un autom\u00f3vil Peugeot 405,\u00a0 dominio\u00a0 WME534\u00a0 en el que viajaba una pareja, en direcci\u00f3n Tornquist &#8211; Villa Ventana.<\/p>\n<p>El veh\u00edculo contaba con equipo de gas, pero afortunadamente el conductor reaccion\u00f3 logrando cerrar el sistema,pero no pudo evitar que las llamas se expandieran de inmediato causando importantes da\u00f1os en el\u00a0 rodado.<\/p>\n<p>Lo\u00a0 ocupantes alcanzaron a sacar pertenencias y fueron auxiliados por vecinos del lugar hasta que arribaron los Bomberos Voluntarios de Tornquist, personal policial y autoridades de tr\u00e1nsito, para permitir que los bomberos trabajen con tranquilidad aunque el autom\u00f3vil hab\u00eda quedado estacionado a un costado de la ruta.<\/p>\n<p>Fotos gentileza<strong> RAUL ESCOBAR<\/strong><\/p>\n<p>Foto Estudio Samurai<\/p>\n<p><img loading=\"lazy\" decoding=\"async\" class=\"alignnone wp-image-84432 size-large\" src=\"https:\/\/www.celttv.com.ar\/wp-content\/uploads\/2024\/06\/1-3-1024x576.jpg\" alt=\"\" width=\"1024\" height=\"576\" srcset=\"https:\/\/www.celttv.com.ar\/wp-content\/uploads\/2024\/06\/1-3-1024x576.jpg 1024w, https:\/\/www.celttv.com.ar\/wp-content\/uploads\/2024\/06\/1-3-300x169.jpg 300w, https:\/\/www.celttv.com.ar\/wp-content\/uploads\/2024\/06\/1-3-768x432.jpg 768w, https:\/\/www.celttv.com.ar\/wp-content\/uploads\/2024\/06\/1-3-1536x864.jpg 1536w, https:\/\/www.celttv.com.ar\/wp-content\/uploads\/2024\/06\/1-3-2048x1152.jpg 2048w, https:\/\/www.celttv.com.ar\/wp-content\/uploads\/2024\/06\/1-3-750x422.jpg 750w, https:\/\/www.celttv.com.ar\/wp-content\/uploads\/2024\/06\/1-3-1140x641.jpg 1140w\" sizes=\"auto, (max-width: 1024px) 100vw, 1024px\" \/> <img loading=\"lazy\" decoding=\"async\" class=\"alignnone wp-image-84433 size-large\" src=\"https:\/\/www.celttv.com.ar\/wp-content\/uploads\/2024\/06\/2-3-1024x576.jpg\" alt=\"\" width=\"1024\" height=\"576\" srcset=\"https:\/\/www.celttv.com.ar\/wp-content\/uploads\/2024\/06\/2-3-1024x576.jpg 1024w, https:\/\/www.celttv.com.ar\/wp-content\/uploads\/2024\/06\/2-3-300x169.jpg 300w, https:\/\/www.celttv.com.ar\/wp-content\/uploads\/2024\/06\/2-3-768x432.jpg 768w, https:\/\/www.celttv.com.ar\/wp-content\/uploads\/2024\/06\/2-3-1536x864.jpg 1536w, https:\/\/www.celttv.com.ar\/wp-content\/uploads\/2024\/06\/2-3-2048x1152.jpg 2048w, https:\/\/www.celttv.com.ar\/wp-content\/uploads\/2024\/06\/2-3-750x422.jpg 750w, https:\/\/www.celttv.com.ar\/wp-content\/uploads\/2024\/06\/2-3-1140x641.jpg 1140w\" sizes=\"auto, (max-width: 1024px) 100vw, 1024px\" \/> <img loading=\"lazy\" decoding=\"async\" class=\"alignnone wp-image-84434 size-large\" src=\"https:\/\/www.celttv.com.ar\/wp-content\/uploads\/2024\/06\/4e04241b-1c8e-4180-ace0-71846172ec6d-576x1024.jpg\" alt=\"\" width=\"576\" height=\"1024\" srcset=\"https:\/\/www.celttv.com.ar\/wp-content\/uploads\/2024\/06\/4e04241b-1c8e-4180-ace0-71846172ec6d-576x1024.jpg 576w, https:\/\/www.celttv.com.ar\/wp-content\/uploads\/2024\/06\/4e04241b-1c8e-4180-ace0-71846172ec6d-169x300.jpg 169w, https:\/\/www.celttv.com.ar\/wp-content\/uploads\/2024\/06\/4e04241b-1c8e-4180-ace0-71846172ec6d-768x1365.jpg 768w, https:\/\/www.celttv.com.ar\/wp-content\/uploads\/2024\/06\/4e04241b-1c8e-4180-ace0-71846172ec6d-864x1536.jpg 864w, https:\/\/www.celttv.com.ar\/wp-content\/uploads\/2024\/06\/4e04241b-1c8e-4180-ace0-71846172ec6d-1152x2048.jpg 1152w, https:\/\/www.celttv.com.ar\/wp-content\/uploads\/2024\/06\/4e04241b-1c8e-4180-ace0-71846172ec6d-750x1333.jpg 750w, https:\/\/www.celttv.com.ar\/wp-content\/uploads\/2024\/06\/4e04241b-1c8e-4180-ace0-71846172ec6d-1140x2027.jpg 1140w, https:\/\/www.celttv.com.ar\/wp-content\/uploads\/2024\/06\/4e04241b-1c8e-4180-ace0-71846172ec6d-scaled.jpg 1440w\" sizes=\"auto, (max-width: 576px) 100vw, 576px\" \/> <img loading=\"lazy\" decoding=\"async\" class=\"alignnone wp-image-84435 size-large\" src=\"https:\/\/www.celttv.com.ar\/wp-content\/uploads\/2024\/06\/49e0e80e-8d75-4f9e-be0a-58b555f40399-1024x576.jpg\" alt=\"\" width=\"1024\" height=\"576\" srcset=\"https:\/\/www.celttv.com.ar\/wp-content\/uploads\/2024\/06\/49e0e80e-8d75-4f9e-be0a-58b555f40399-1024x576.jpg 1024w, https:\/\/www.celttv.com.ar\/wp-content\/uploads\/2024\/06\/49e0e80e-8d75-4f9e-be0a-58b555f40399-300x169.jpg 300w, https:\/\/www.celttv.com.ar\/wp-content\/uploads\/2024\/06\/49e0e80e-8d75-4f9e-be0a-58b555f40399-768x432.jpg 768w, https:\/\/www.celttv.com.ar\/wp-content\/uploads\/2024\/06\/49e0e80e-8d75-4f9e-be0a-58b555f40399-1536x864.jpg 1536w, https:\/\/www.celttv.com.ar\/wp-content\/uploads\/2024\/06\/49e0e80e-8d75-4f9e-be0a-58b555f40399-2048x1152.jpg 2048w, https:\/\/www.celttv.com.ar\/wp-content\/uploads\/2024\/06\/49e0e80e-8d75-4f9e-be0a-58b555f40399-750x422.jpg 750w, https:\/\/www.celttv.com.ar\/wp-content\/uploads\/2024\/06\/49e0e80e-8d75-4f9e-be0a-58b555f40399-1140x641.jpg 1140w\" sizes=\"auto, (max-width: 1024px) 100vw, 1024px\" \/> <img loading=\"lazy\" decoding=\"async\" class=\"alignnone wp-image-84436 size-large\" src=\"https:\/\/www.celttv.com.ar\/wp-content\/uploads\/2024\/06\/172cbcfa-6f11-4da5-a1f1-7052514eb08a-576x1024.jpg\" alt=\"\" width=\"576\" height=\"1024\" srcset=\"https:\/\/www.celttv.com.ar\/wp-content\/uploads\/2024\/06\/172cbcfa-6f11-4da5-a1f1-7052514eb08a-576x1024.jpg 576w, https:\/\/www.celttv.com.ar\/wp-content\/uploads\/2024\/06\/172cbcfa-6f11-4da5-a1f1-7052514eb08a-169x300.jpg 169w, https:\/\/www.celttv.com.ar\/wp-content\/uploads\/2024\/06\/172cbcfa-6f11-4da5-a1f1-7052514eb08a-768x1365.jpg 768w, https:\/\/www.celttv.com.ar\/wp-content\/uploads\/2024\/06\/172cbcfa-6f11-4da5-a1f1-7052514eb08a-864x1536.jpg 864w, https:\/\/www.celttv.com.ar\/wp-content\/uploads\/2024\/06\/172cbcfa-6f11-4da5-a1f1-7052514eb08a-1152x2048.jpg 1152w, https:\/\/www.celttv.com.ar\/wp-content\/uploads\/2024\/06\/172cbcfa-6f11-4da5-a1f1-7052514eb08a-750x1333.jpg 750w, https:\/\/www.celttv.com.ar\/wp-content\/uploads\/2024\/06\/172cbcfa-6f11-4da5-a1f1-7052514eb08a-1140x2027.jpg 1140w, https:\/\/www.celttv.com.ar\/wp-content\/uploads\/2024\/06\/172cbcfa-6f11-4da5-a1f1-7052514eb08a-scaled.jpg 1440w\" sizes=\"auto, (max-width: 576px) 100vw, 576px\" \/> <img loading=\"lazy\" decoding=\"async\" class=\"alignnone wp-image-84437 size-large\" src=\"https:\/\/www.celttv.com.ar\/wp-content\/uploads\/2024\/06\/20942d4f-76da-4170-b1ae-26fe09956888-1024x576.jpg\" alt=\"\" width=\"1024\" height=\"576\" srcset=\"https:\/\/www.celttv.com.ar\/wp-content\/uploads\/2024\/06\/20942d4f-76da-4170-b1ae-26fe09956888-1024x576.jpg 1024w, https:\/\/www.celttv.com.ar\/wp-content\/uploads\/2024\/06\/20942d4f-76da-4170-b1ae-26fe09956888-300x169.jpg 300w, https:\/\/www.celttv.com.ar\/wp-content\/uploads\/2024\/06\/20942d4f-76da-4170-b1ae-26fe09956888-768x432.jpg 768w, https:\/\/www.celttv.com.ar\/wp-content\/uploads\/2024\/06\/20942d4f-76da-4170-b1ae-26fe09956888-1536x864.jpg 1536w, https:\/\/www.celttv.com.ar\/wp-content\/uploads\/2024\/06\/20942d4f-76da-4170-b1ae-26fe09956888-2048x1152.jpg 2048w, https:\/\/www.celttv.com.ar\/wp-content\/uploads\/2024\/06\/20942d4f-76da-4170-b1ae-26fe09956888-750x422.jpg 750w, https:\/\/www.celttv.com.ar\/wp-content\/uploads\/2024\/06\/20942d4f-76da-4170-b1ae-26fe09956888-1140x641.jpg 1140w\" sizes=\"auto, (max-width: 1024px) 100vw, 1024px\" \/> <img loading=\"lazy\" decoding=\"async\" class=\"alignnone wp-image-84438 size-large\" src=\"https:\/\/www.celttv.com.ar\/wp-content\/uploads\/2024\/06\/a3f69a65-b5ab-4cf9-b23f-532e8fbcba94-1024x576.jpg\" alt=\"\" width=\"1024\" height=\"576\" srcset=\"https:\/\/www.celttv.com.ar\/wp-content\/uploads\/2024\/06\/a3f69a65-b5ab-4cf9-b23f-532e8fbcba94-1024x576.jpg 1024w, https:\/\/www.celttv.com.ar\/wp-content\/uploads\/2024\/06\/a3f69a65-b5ab-4cf9-b23f-532e8fbcba94-300x169.jpg 300w, https:\/\/www.celttv.com.ar\/wp-content\/uploads\/2024\/06\/a3f69a65-b5ab-4cf9-b23f-532e8fbcba94-768x432.jpg 768w, https:\/\/www.celttv.com.ar\/wp-content\/uploads\/2024\/06\/a3f69a65-b5ab-4cf9-b23f-532e8fbcba94-1536x864.jpg 1536w, https:\/\/www.celttv.com.ar\/wp-content\/uploads\/2024\/06\/a3f69a65-b5ab-4cf9-b23f-532e8fbcba94-2048x1152.jpg 2048w, https:\/\/www.celttv.com.ar\/wp-content\/uploads\/2024\/06\/a3f69a65-b5ab-4cf9-b23f-532e8fbcba94-750x422.jpg 750w, https:\/\/www.celttv.com.ar\/wp-content\/uploads\/2024\/06\/a3f69a65-b5ab-4cf9-b23f-532e8fbcba94-1140x641.jpg 1140w\" sizes=\"auto, (max-width: 1024px) 100vw, 1024px\" \/> <img loading=\"lazy\" decoding=\"async\" class=\"alignnone wp-image-84439 size-large\" src=\"https:\/\/www.celttv.com.ar\/wp-content\/uploads\/2024\/06\/bc1fde16-574d-4029-90c6-e87e6d47f7c1-1024x576.jpg\" alt=\"\" width=\"1024\" height=\"576\" srcset=\"https:\/\/www.celttv.com.ar\/wp-content\/uploads\/2024\/06\/bc1fde16-574d-4029-90c6-e87e6d47f7c1-1024x576.jpg 1024w, https:\/\/www.celttv.com.ar\/wp-content\/uploads\/2024\/06\/bc1fde16-574d-4029-90c6-e87e6d47f7c1-300x169.jpg 300w, https:\/\/www.celttv.com.ar\/wp-content\/uploads\/2024\/06\/bc1fde16-574d-4029-90c6-e87e6d47f7c1-768x432.jpg 768w, https:\/\/www.celttv.com.ar\/wp-content\/uploads\/2024\/06\/bc1fde16-574d-4029-90c6-e87e6d47f7c1-1536x864.jpg 1536w, https:\/\/www.celttv.com.ar\/wp-content\/uploads\/2024\/06\/bc1fde16-574d-4029-90c6-e87e6d47f7c1-2048x1152.jpg 2048w, https:\/\/www.celttv.com.ar\/wp-content\/uploads\/2024\/06\/bc1fde16-574d-4029-90c6-e87e6d47f7c1-750x422.jpg 750w, https:\/\/www.celttv.com.ar\/wp-content\/uploads\/2024\/06\/bc1fde16-574d-4029-90c6-e87e6d47f7c1-1140x641.jpg 1140w\" sizes=\"auto, (max-width: 1024px) 100vw, 1024px\" \/> <img loading=\"lazy\" decoding=\"async\" class=\"alignnone wp-image-84440 size-large\" src=\"https:\/\/www.celttv.com.ar\/wp-content\/uploads\/2024\/06\/ce903597-2961-4bb5-b03f-1a30a63cdfae-1024x576.jpg\" alt=\"\" width=\"1024\" height=\"576\" srcset=\"https:\/\/www.celttv.com.ar\/wp-content\/uploads\/2024\/06\/ce903597-2961-4bb5-b03f-1a30a63cdfae-1024x576.jpg 1024w, https:\/\/www.celttv.com.ar\/wp-content\/uploads\/2024\/06\/ce903597-2961-4bb5-b03f-1a30a63cdfae-300x169.jpg 300w, https:\/\/www.celttv.com.ar\/wp-content\/uploads\/2024\/06\/ce903597-2961-4bb5-b03f-1a30a63cdfae-768x432.jpg 768w, https:\/\/www.celttv.com.ar\/wp-content\/uploads\/2024\/06\/ce903597-2961-4bb5-b03f-1a30a63cdfae-1536x864.jpg 1536w, https:\/\/www.celttv.com.ar\/wp-content\/uploads\/2024\/06\/ce903597-2961-4bb5-b03f-1a30a63cdfae-2048x1152.jpg 2048w, https:\/\/www.celttv.com.ar\/wp-content\/uploads\/2024\/06\/ce903597-2961-4bb5-b03f-1a30a63cdfae-750x422.jpg 750w, https:\/\/www.celttv.com.ar\/wp-content\/uploads\/2024\/06\/ce903597-2961-4bb5-b03f-1a30a63cdfae-1140x641.jpg 1140w\" sizes=\"auto, (max-width: 1024px) 100vw, 1024px\" \/> <img loading=\"lazy\" decoding=\"async\" class=\"alignnone wp-image-84441 size-large\" src=\"https:\/\/www.celttv.com.ar\/wp-content\/uploads\/2024\/06\/e7ba0283-354f-4466-8ff5-0ed5f6c54ffb-1024x576.jpg\" alt=\"\" width=\"1024\" height=\"576\" srcset=\"https:\/\/www.celttv.com.ar\/wp-content\/uploads\/2024\/06\/e7ba0283-354f-4466-8ff5-0ed5f6c54ffb-1024x576.jpg 1024w, https:\/\/www.celttv.com.ar\/wp-content\/uploads\/2024\/06\/e7ba0283-354f-4466-8ff5-0ed5f6c54ffb-300x169.jpg 300w, https:\/\/www.celttv.com.ar\/wp-content\/uploads\/2024\/06\/e7ba0283-354f-4466-8ff5-0ed5f6c54ffb-768x432.jpg 768w, https:\/\/www.celttv.com.ar\/wp-content\/uploads\/2024\/06\/e7ba0283-354f-4466-8ff5-0ed5f6c54ffb-1536x864.jpg 1536w, https:\/\/www.celttv.com.ar\/wp-content\/uploads\/2024\/06\/e7ba0283-354f-4466-8ff5-0ed5f6c54ffb-2048x1152.jpg 2048w, https:\/\/www.celttv.com.ar\/wp-content\/uploads\/2024\/06\/e7ba0283-354f-4466-8ff5-0ed5f6c54ffb-750x422.jpg 750w, https:\/\/www.celttv.com.ar\/wp-content\/uploads\/2024\/06\/e7ba0283-354f-4466-8ff5-0ed5f6c54ffb-1140x641.jpg 1140w\" sizes=\"auto, (max-width: 1024px) 100vw, 1024px\" \/><\/p>\n<p>&nbsp;<\/p>\n","protected":false},"excerpt":{"rendered":"<p>A pocos metros del acceso a San Andres de la Sierra y de Villa Serrana la Gruta esta tarde noche, alrededor de las 19:45 comenz\u00f3 incendiarse un autom\u00f3vil Peugeot 405,\u00a0 dominio\u00a0 WME534\u00a0 en el que viajaba una pareja, en direcci\u00f3n Tornquist &#8211; Villa Ventana. El veh\u00edculo contaba con equipo de gas, pero afortunadamente el conductor [&hellip;]<\/p>\n","protected":false},"author":5,"featured_media":84442,"comment_status":"closed","ping_status":"closed","sticky":false,"template":"","format":"standard","meta":{"footnotes":""},"categories":[1],"tags":[],"class_list":["post-84430","post","type-post","status-publish","format-standard","has-post-thumbnail","hentry","category-sin-categoria"],"yoast_head":"<!-- This site is optimized with the Yoast SEO plugin v19.7.1 - https:\/\/yoast.com\/wordpress\/plugins\/seo\/ -->\n<title>Se incendi\u00f3 un veh\u00edculo en la Ruta 76 - CELTTV<\/title>\n<meta name=\"description\" content=\"Sitio web de noticias de la localidad de Tornquist, provincia de Buenos Aires, Rep\u00fablica Argentina. Contenido propio originado por periodistas de CELTTV, el canal de TV local de la Cooperativa El\u00e9ctrica de Tornquist. Turismo, Pol\u00edtica, Sociedad, Deporte, Cultura y todo el contenido de inter\u00e9s general que la gente del pueblo y la regi\u00f3n debe conocer.\" \/>\n<meta name=\"robots\" content=\"index, follow, max-snippet:-1, max-image-preview:large, max-video-preview:-1\" \/>\n<link rel=\"canonical\" href=\"https:\/\/www.celttv.com.ar\/index.php\/2024\/06\/17\/se-incendio-un-vehiculo-en-la-ruta-76\/\" \/>\n<meta property=\"og:locale\" content=\"es_ES\" \/>\n<meta property=\"og:type\" content=\"article\" \/>\n<meta property=\"og:title\" content=\"Se incendi\u00f3 un veh\u00edculo en la Ruta 76 - CELTTV\" \/>\n<meta property=\"og:description\" content=\"Sitio web de noticias de la localidad de Tornquist, provincia de Buenos Aires, Rep\u00fablica Argentina. Contenido propio originado por periodistas de CELTTV, el canal de TV local de la Cooperativa El\u00e9ctrica de Tornquist. Turismo, Pol\u00edtica, Sociedad, Deporte, Cultura y todo el contenido de inter\u00e9s general que la gente del pueblo y la regi\u00f3n debe conocer.\" \/>\n<meta property=\"og:url\" content=\"https:\/\/www.celttv.com.ar\/index.php\/2024\/06\/17\/se-incendio-un-vehiculo-en-la-ruta-76\/\" \/>\n<meta property=\"og:site_name\" content=\"CELTTV\" \/>\n<meta property=\"article:publisher\" content=\"https:\/\/www.facebook.com\/celtTV\/\" \/>\n<meta property=\"article:published_time\" content=\"2024-06-18T00:30:02+00:00\" \/>\n<meta property=\"og:image\" content=\"https:\/\/www.celttv.com.ar\/wp-content\/uploads\/2024\/06\/100.jpg\" \/>\n\t<meta property=\"og:image:width\" content=\"513\" \/>\n\t<meta property=\"og:image:height\" content=\"382\" \/>\n\t<meta property=\"og:image:type\" content=\"image\/jpeg\" \/>\n<meta name=\"author\" content=\"Miguel Herrada\" \/>\n<meta name=\"twitter:card\" content=\"summary_large_image\" \/>\n<meta name=\"twitter:label1\" content=\"Escrito por\" \/>\n\t<meta name=\"twitter:data1\" content=\"Miguel Herrada\" \/>\n\t<meta name=\"twitter:label2\" content=\"Tiempo de lectura\" \/>\n\t<meta name=\"twitter:data2\" content=\"1 minuto\" \/>\n<script type=\"application\/ld+json\" class=\"yoast-schema-graph\">{\"@context\":\"https:\/\/schema.org\",\"@graph\":[{\"@type\":\"NewsArticle\",\"@id\":\"https:\/\/www.celttv.com.ar\/index.php\/2024\/06\/17\/se-incendio-un-vehiculo-en-la-ruta-76\/#article\",\"isPartOf\":{\"@id\":\"https:\/\/www.celttv.com.ar\/index.php\/2024\/06\/17\/se-incendio-un-vehiculo-en-la-ruta-76\/\"},\"author\":{\"name\":\"Miguel Herrada\",\"@id\":\"https:\/\/www.celttv.com.ar\/#\/schema\/person\/9059dc91dc7204ef4182cdb65225f07d\"},\"headline\":\"Se incendi\u00f3 un veh\u00edculo en la Ruta 76\",\"datePublished\":\"2024-06-18T00:30:02+00:00\",\"dateModified\":\"2024-06-18T00:30:02+00:00\",\"mainEntityOfPage\":{\"@id\":\"https:\/\/www.celttv.com.ar\/index.php\/2024\/06\/17\/se-incendio-un-vehiculo-en-la-ruta-76\/\"},\"wordCount\":145,\"publisher\":{\"@id\":\"https:\/\/www.celttv.com.ar\/#organization\"},\"inLanguage\":\"es\"},{\"@type\":\"WebPage\",\"@id\":\"https:\/\/www.celttv.com.ar\/index.php\/2024\/06\/17\/se-incendio-un-vehiculo-en-la-ruta-76\/\",\"url\":\"https:\/\/www.celttv.com.ar\/index.php\/2024\/06\/17\/se-incendio-un-vehiculo-en-la-ruta-76\/\",\"name\":\"Se incendi\u00f3 un veh\u00edculo en la Ruta 76 - CELTTV\",\"isPartOf\":{\"@id\":\"https:\/\/www.celttv.com.ar\/#website\"},\"datePublished\":\"2024-06-18T00:30:02+00:00\",\"dateModified\":\"2024-06-18T00:30:02+00:00\",\"description\":\"Sitio web de noticias de la localidad de Tornquist, provincia de Buenos Aires, Rep\u00fablica Argentina. Contenido propio originado por periodistas de CELTTV, el canal de TV local de la Cooperativa El\u00e9ctrica de Tornquist. Turismo, Pol\u00edtica, Sociedad, Deporte, Cultura y todo el contenido de inter\u00e9s general que la gente del pueblo y la regi\u00f3n debe conocer.\",\"breadcrumb\":{\"@id\":\"https:\/\/www.celttv.com.ar\/index.php\/2024\/06\/17\/se-incendio-un-vehiculo-en-la-ruta-76\/#breadcrumb\"},\"inLanguage\":\"es\",\"potentialAction\":[{\"@type\":\"ReadAction\",\"target\":[\"https:\/\/www.celttv.com.ar\/index.php\/2024\/06\/17\/se-incendio-un-vehiculo-en-la-ruta-76\/\"]}]},{\"@type\":\"BreadcrumbList\",\"@id\":\"https:\/\/www.celttv.com.ar\/index.php\/2024\/06\/17\/se-incendio-un-vehiculo-en-la-ruta-76\/#breadcrumb\",\"itemListElement\":[{\"@type\":\"ListItem\",\"position\":1,\"name\":\"Inicio\",\"item\":\"https:\/\/www.celttv.com.ar\/\"},{\"@type\":\"ListItem\",\"position\":2,\"name\":\"Se incendi\u00f3 un veh\u00edculo en la Ruta 76\"}]},{\"@type\":\"WebSite\",\"@id\":\"https:\/\/www.celttv.com.ar\/#website\",\"url\":\"https:\/\/www.celttv.com.ar\/\",\"name\":\"CELTTV\",\"description\":\"Cooperativa El\u00e9ctrica de Tornquist\",\"publisher\":{\"@id\":\"https:\/\/www.celttv.com.ar\/#organization\"},\"potentialAction\":[{\"@type\":\"SearchAction\",\"target\":{\"@type\":\"EntryPoint\",\"urlTemplate\":\"https:\/\/www.celttv.com.ar\/?s={search_term_string}\"},\"query-input\":\"required name=search_term_string\"}],\"inLanguage\":\"es\"},{\"@type\":\"Organization\",\"@id\":\"https:\/\/www.celttv.com.ar\/#organization\",\"name\":\"CELTTV\",\"url\":\"https:\/\/www.celttv.com.ar\/\",\"sameAs\":[\"https:\/\/www.youtube.com\/channel\/UCz_oIt8Hig64Ub-EmcNPIhg\",\"https:\/\/www.facebook.com\/celtTV\/\"],\"logo\":{\"@type\":\"ImageObject\",\"inLanguage\":\"es\",\"@id\":\"https:\/\/www.celttv.com.ar\/#\/schema\/logo\/image\/\",\"url\":\"http:\/\/www.celttv.com.ar\/wp-content\/uploads\/2022\/08\/logo-1.png\",\"contentUrl\":\"http:\/\/www.celttv.com.ar\/wp-content\/uploads\/2022\/08\/logo-1.png\",\"width\":461,\"height\":159,\"caption\":\"CELTTV\"},\"image\":{\"@id\":\"https:\/\/www.celttv.com.ar\/#\/schema\/logo\/image\/\"}},{\"@type\":\"Person\",\"@id\":\"https:\/\/www.celttv.com.ar\/#\/schema\/person\/9059dc91dc7204ef4182cdb65225f07d\",\"name\":\"Miguel Herrada\",\"image\":{\"@type\":\"ImageObject\",\"inLanguage\":\"es\",\"@id\":\"https:\/\/www.celttv.com.ar\/#\/schema\/person\/image\/\",\"url\":\"https:\/\/secure.gravatar.com\/avatar\/67724d5b3c716623ffd76bec7e45841a442ac3b456e914dbba90b0fad2b8e0b1?s=96&d=mm&r=g\",\"contentUrl\":\"https:\/\/secure.gravatar.com\/avatar\/67724d5b3c716623ffd76bec7e45841a442ac3b456e914dbba90b0fad2b8e0b1?s=96&d=mm&r=g\",\"caption\":\"Miguel Herrada\"}}]}<\/script>\n<!-- \/ Yoast SEO plugin. -->","yoast_head_json":{"title":"Se incendi\u00f3 un veh\u00edculo en la Ruta 76 - CELTTV","description":"Sitio web de noticias de la localidad de Tornquist, provincia de Buenos Aires, Rep\u00fablica Argentina. Contenido propio originado por periodistas de CELTTV, el canal de TV local de la Cooperativa El\u00e9ctrica de Tornquist. Turismo, Pol\u00edtica, Sociedad, Deporte, Cultura y todo el contenido de inter\u00e9s general que la gente del pueblo y la regi\u00f3n debe conocer.","robots":{"index":"index","follow":"follow","max-snippet":"max-snippet:-1","max-image-preview":"max-image-preview:large","max-video-preview":"max-video-preview:-1"},"canonical":"https:\/\/www.celttv.com.ar\/index.php\/2024\/06\/17\/se-incendio-un-vehiculo-en-la-ruta-76\/","og_locale":"es_ES","og_type":"article","og_title":"Se incendi\u00f3 un veh\u00edculo en la Ruta 76 - CELTTV","og_description":"Sitio web de noticias de la localidad de Tornquist, provincia de Buenos Aires, Rep\u00fablica Argentina. Contenido propio originado por periodistas de CELTTV, el canal de TV local de la Cooperativa El\u00e9ctrica de Tornquist. Turismo, Pol\u00edtica, Sociedad, Deporte, Cultura y todo el contenido de inter\u00e9s general que la gente del pueblo y la regi\u00f3n debe conocer.","og_url":"https:\/\/www.celttv.com.ar\/index.php\/2024\/06\/17\/se-incendio-un-vehiculo-en-la-ruta-76\/","og_site_name":"CELTTV","article_publisher":"https:\/\/www.facebook.com\/celtTV\/","article_published_time":"2024-06-18T00:30:02+00:00","og_image":[{"width":513,"height":382,"url":"https:\/\/www.celttv.com.ar\/wp-content\/uploads\/2024\/06\/100.jpg","type":"image\/jpeg"}],"author":"Miguel Herrada","twitter_card":"summary_large_image","twitter_misc":{"Escrito por":"Miguel Herrada","Tiempo de lectura":"1 minuto"},"schema":{"@context":"https:\/\/schema.org","@graph":[{"@type":"NewsArticle","@id":"https:\/\/www.celttv.com.ar\/index.php\/2024\/06\/17\/se-incendio-un-vehiculo-en-la-ruta-76\/#article","isPartOf":{"@id":"https:\/\/www.celttv.com.ar\/index.php\/2024\/06\/17\/se-incendio-un-vehiculo-en-la-ruta-76\/"},"author":{"name":"Miguel Herrada","@id":"https:\/\/www.celttv.com.ar\/#\/schema\/person\/9059dc91dc7204ef4182cdb65225f07d"},"headline":"Se incendi\u00f3 un veh\u00edculo en la Ruta 76","datePublished":"2024-06-18T00:30:02+00:00","dateModified":"2024-06-18T00:30:02+00:00","mainEntityOfPage":{"@id":"https:\/\/www.celttv.com.ar\/index.php\/2024\/06\/17\/se-incendio-un-vehiculo-en-la-ruta-76\/"},"wordCount":145,"publisher":{"@id":"https:\/\/www.celttv.com.ar\/#organization"},"inLanguage":"es"},{"@type":"WebPage","@id":"https:\/\/www.celttv.com.ar\/index.php\/2024\/06\/17\/se-incendio-un-vehiculo-en-la-ruta-76\/","url":"https:\/\/www.celttv.com.ar\/index.php\/2024\/06\/17\/se-incendio-un-vehiculo-en-la-ruta-76\/","name":"Se incendi\u00f3 un veh\u00edculo en la Ruta 76 - CELTTV","isPartOf":{"@id":"https:\/\/www.celttv.com.ar\/#website"},"datePublished":"2024-06-18T00:30:02+00:00","dateModified":"2024-06-18T00:30:02+00:00","description":"Sitio web de noticias de la localidad de Tornquist, provincia de Buenos Aires, Rep\u00fablica Argentina. Contenido propio originado por periodistas de CELTTV, el canal de TV local de la Cooperativa El\u00e9ctrica de Tornquist. Turismo, Pol\u00edtica, Sociedad, Deporte, Cultura y todo el contenido de inter\u00e9s general que la gente del pueblo y la regi\u00f3n debe conocer.","breadcrumb":{"@id":"https:\/\/www.celttv.com.ar\/index.php\/2024\/06\/17\/se-incendio-un-vehiculo-en-la-ruta-76\/#breadcrumb"},"inLanguage":"es","potentialAction":[{"@type":"ReadAction","target":["https:\/\/www.celttv.com.ar\/index.php\/2024\/06\/17\/se-incendio-un-vehiculo-en-la-ruta-76\/"]}]},{"@type":"BreadcrumbList","@id":"https:\/\/www.celttv.com.ar\/index.php\/2024\/06\/17\/se-incendio-un-vehiculo-en-la-ruta-76\/#breadcrumb","itemListElement":[{"@type":"ListItem","position":1,"name":"Inicio","item":"https:\/\/www.celttv.com.ar\/"},{"@type":"ListItem","position":2,"name":"Se incendi\u00f3 un veh\u00edculo en la Ruta 76"}]},{"@type":"WebSite","@id":"https:\/\/www.celttv.com.ar\/#website","url":"https:\/\/www.celttv.com.ar\/","name":"CELTTV","description":"Cooperativa El\u00e9ctrica de Tornquist","publisher":{"@id":"https:\/\/www.celttv.com.ar\/#organization"},"potentialAction":[{"@type":"SearchAction","target":{"@type":"EntryPoint","urlTemplate":"https:\/\/www.celttv.com.ar\/?s={search_term_string}"},"query-input":"required name=search_term_string"}],"inLanguage":"es"},{"@type":"Organization","@id":"https:\/\/www.celttv.com.ar\/#organization","name":"CELTTV","url":"https:\/\/www.celttv.com.ar\/","sameAs":["https:\/\/www.youtube.com\/channel\/UCz_oIt8Hig64Ub-EmcNPIhg","https:\/\/www.facebook.com\/celtTV\/"],"logo":{"@type":"ImageObject","inLanguage":"es","@id":"https:\/\/www.celttv.com.ar\/#\/schema\/logo\/image\/","url":"http:\/\/www.celttv.com.ar\/wp-content\/uploads\/2022\/08\/logo-1.png","contentUrl":"http:\/\/www.celttv.com.ar\/wp-content\/uploads\/2022\/08\/logo-1.png","width":461,"height":159,"caption":"CELTTV"},"image":{"@id":"https:\/\/www.celttv.com.ar\/#\/schema\/logo\/image\/"}},{"@type":"Person","@id":"https:\/\/www.celttv.com.ar\/#\/schema\/person\/9059dc91dc7204ef4182cdb65225f07d","name":"Miguel Herrada","image":{"@type":"ImageObject","inLanguage":"es","@id":"https:\/\/www.celttv.com.ar\/#\/schema\/person\/image\/","url":"https:\/\/secure.gravatar.com\/avatar\/67724d5b3c716623ffd76bec7e45841a442ac3b456e914dbba90b0fad2b8e0b1?s=96&d=mm&r=g","contentUrl":"https:\/\/secure.gravatar.com\/avatar\/67724d5b3c716623ffd76bec7e45841a442ac3b456e914dbba90b0fad2b8e0b1?s=96&d=mm&r=g","caption":"Miguel Herrada"}}]}},"_links":{"self":[{"href":"https:\/\/www.celttv.com.ar\/index.php\/wp-json\/wp\/v2\/posts\/84430","targetHints":{"allow":["GET"]}}],"collection":[{"href":"https:\/\/www.celttv.com.ar\/index.php\/wp-json\/wp\/v2\/posts"}],"about":[{"href":"https:\/\/www.celttv.com.ar\/index.php\/wp-json\/wp\/v2\/types\/post"}],"author":[{"embeddable":true,"href":"https:\/\/www.celttv.com.ar\/index.php\/wp-json\/wp\/v2\/users\/5"}],"replies":[{"embeddable":true,"href":"https:\/\/www.celttv.com.ar\/index.php\/wp-json\/wp\/v2\/comments?post=84430"}],"version-history":[{"count":2,"href":"https:\/\/www.celttv.com.ar\/index.php\/wp-json\/wp\/v2\/posts\/84430\/revisions"}],"predecessor-version":[{"id":84443,"href":"https:\/\/www.celttv.com.ar\/index.php\/wp-json\/wp\/v2\/posts\/84430\/revisions\/84443"}],"wp:featuredmedia":[{"embeddable":true,"href":"https:\/\/www.celttv.com.ar\/index.php\/wp-json\/wp\/v2\/media\/84442"}],"wp:attachment":[{"href":"https:\/\/www.celttv.com.ar\/index.php\/wp-json\/wp\/v2\/media?parent=84430"}],"wp:term":[{"taxonomy":"category","embeddable":true,"href":"https:\/\/www.celttv.com.ar\/index.php\/wp-json\/wp\/v2\/categories?post=84430"},{"taxonomy":"post_tag","embeddable":true,"href":"https:\/\/www.celttv.com.ar\/index.php\/wp-json\/wp\/v2\/tags?post=84430"}],"curies":[{"name":"wp","href":"https:\/\/api.w.org\/{rel}","templated":true}]}}