{"id":84649,"date":"2024-06-26T12:06:22","date_gmt":"2024-06-26T15:06:22","guid":{"rendered":"https:\/\/www.celttv.com.ar\/?p=84649"},"modified":"2024-06-26T12:06:22","modified_gmt":"2024-06-26T15:06:22","slug":"corte-del-servicio-electrico-por-la-caida-de-cables-de-la-linea-de-33-kv-de-edes","status":"publish","type":"post","link":"https:\/\/www.celttv.com.ar\/index.php\/2024\/06\/26\/corte-del-servicio-electrico-por-la-caida-de-cables-de-la-linea-de-33-kv-de-edes\/","title":{"rendered":"Corte del servicio el\u00e9ctrico por la ca\u00edda de cables de la l\u00ednea de 33 kv, de EDES"},"content":{"rendered":"<p><span style=\"font-family: Calibri, sans-serif;\"><span style=\"font-size: large;\">En la tarde noche de ayer martes se produjo un corte en el servicio el\u00e9ctrico que afect\u00f3 a distintos establecimientos rurales en el sector de l Ruta 33 (Bulnes, Francomano, Baruta).<\/span><\/span><\/p>\n<p><span style=\"font-family: Calibri, sans-serif;\"><span style=\"font-size: large;\">Personal del \u00e1rea rurales de la CELT. Concurri\u00f3 al lugar de inmediato y pudieron comprobar que un cable de 33 kv. De la empresa EDES. Se hab\u00eda cortado y estaba apoyado sobre la l\u00ednea bif\u00e1sica en el establecimiento de Bulnes, reponiendose en ese momento el servicio en el sector troncal, completando la tarea en la ma\u00f1ana de hoy.<\/span><\/span><\/p>\n<p><span style=\"font-family: Calibri, sans-serif;\"><span style=\"font-size: large;\">El acontecimiento fue comunicado de inmediato al Centro Operativo de EDES, desde donde se inform\u00f3 que ya se habia dado intervenci\u00f3n a las autoridades policiales porque se tratar\u00eda de un nuevo hecho de robo de cables.<\/span><\/span><\/p>\n<p><img loading=\"lazy\" decoding=\"async\" class=\"alignnone wp-image-84650 size-large\" src=\"https:\/\/www.celttv.com.ar\/wp-content\/uploads\/2024\/06\/2-4-461x1024.jpg\" alt=\"\" width=\"461\" height=\"1024\" srcset=\"https:\/\/www.celttv.com.ar\/wp-content\/uploads\/2024\/06\/2-4-461x1024.jpg 461w, https:\/\/www.celttv.com.ar\/wp-content\/uploads\/2024\/06\/2-4-135x300.jpg 135w, https:\/\/www.celttv.com.ar\/wp-content\/uploads\/2024\/06\/2-4-691x1536.jpg 691w, https:\/\/www.celttv.com.ar\/wp-content\/uploads\/2024\/06\/2-4.jpg 720w\" sizes=\"auto, (max-width: 461px) 100vw, 461px\" \/> <img loading=\"lazy\" decoding=\"async\" class=\"alignnone wp-image-84651 size-large\" src=\"https:\/\/www.celttv.com.ar\/wp-content\/uploads\/2024\/06\/3-3-461x1024.jpg\" alt=\"\" width=\"461\" height=\"1024\" srcset=\"https:\/\/www.celttv.com.ar\/wp-content\/uploads\/2024\/06\/3-3-461x1024.jpg 461w, https:\/\/www.celttv.com.ar\/wp-content\/uploads\/2024\/06\/3-3-135x300.jpg 135w, https:\/\/www.celttv.com.ar\/wp-content\/uploads\/2024\/06\/3-3-691x1536.jpg 691w, https:\/\/www.celttv.com.ar\/wp-content\/uploads\/2024\/06\/3-3.jpg 720w\" sizes=\"auto, (max-width: 461px) 100vw, 461px\" \/> <img loading=\"lazy\" decoding=\"async\" class=\"alignnone wp-image-84652 size-large\" src=\"https:\/\/www.celttv.com.ar\/wp-content\/uploads\/2024\/06\/49a3ea42-7972-4afd-b43d-87f80a761706-461x1024.jpg\" alt=\"\" width=\"461\" height=\"1024\" srcset=\"https:\/\/www.celttv.com.ar\/wp-content\/uploads\/2024\/06\/49a3ea42-7972-4afd-b43d-87f80a761706-461x1024.jpg 461w, https:\/\/www.celttv.com.ar\/wp-content\/uploads\/2024\/06\/49a3ea42-7972-4afd-b43d-87f80a761706-135x300.jpg 135w, https:\/\/www.celttv.com.ar\/wp-content\/uploads\/2024\/06\/49a3ea42-7972-4afd-b43d-87f80a761706-691x1536.jpg 691w, https:\/\/www.celttv.com.ar\/wp-content\/uploads\/2024\/06\/49a3ea42-7972-4afd-b43d-87f80a761706.jpg 720w\" sizes=\"auto, (max-width: 461px) 100vw, 461px\" \/><\/p>\n","protected":false},"excerpt":{"rendered":"<p>En la tarde noche de ayer martes se produjo un corte en el servicio el\u00e9ctrico que afect\u00f3 a distintos establecimientos rurales en el sector de l Ruta 33 (Bulnes, Francomano, Baruta). Personal del \u00e1rea rurales de la CELT. Concurri\u00f3 al lugar de inmediato y pudieron comprobar que un cable de 33 kv. De la empresa [&hellip;]<\/p>\n","protected":false},"author":3,"featured_media":84652,"comment_status":"closed","ping_status":"closed","sticky":false,"template":"","format":"standard","meta":{"footnotes":""},"categories":[55],"tags":[],"class_list":["post-84649","post","type-post","status-publish","format-standard","has-post-thumbnail","hentry","category-celt-tv-noticias"],"yoast_head":"<!-- This site is optimized with the Yoast SEO plugin v19.7.1 - https:\/\/yoast.com\/wordpress\/plugins\/seo\/ -->\n<title>Corte del servicio el\u00e9ctrico por la ca\u00edda de cables de la l\u00ednea de 33 kv, de EDES - CELTTV<\/title>\n<meta name=\"description\" content=\"Sitio web de noticias de la localidad de Tornquist, provincia de Buenos Aires, Rep\u00fablica Argentina. Contenido propio originado por periodistas de CELTTV, el canal de TV local de la Cooperativa El\u00e9ctrica de Tornquist. Turismo, Pol\u00edtica, Sociedad, Deporte, Cultura y todo el contenido de inter\u00e9s general que la gente del pueblo y la regi\u00f3n debe conocer.\" \/>\n<meta name=\"robots\" content=\"index, follow, max-snippet:-1, max-image-preview:large, max-video-preview:-1\" \/>\n<link rel=\"canonical\" href=\"https:\/\/www.celttv.com.ar\/index.php\/2024\/06\/26\/corte-del-servicio-electrico-por-la-caida-de-cables-de-la-linea-de-33-kv-de-edes\/\" \/>\n<meta property=\"og:locale\" content=\"es_ES\" \/>\n<meta property=\"og:type\" content=\"article\" \/>\n<meta property=\"og:title\" content=\"Corte del servicio el\u00e9ctrico por la ca\u00edda de cables de la l\u00ednea de 33 kv, de EDES - CELTTV\" \/>\n<meta property=\"og:description\" content=\"Sitio web de noticias de la localidad de Tornquist, provincia de Buenos Aires, Rep\u00fablica Argentina. Contenido propio originado por periodistas de CELTTV, el canal de TV local de la Cooperativa El\u00e9ctrica de Tornquist. Turismo, Pol\u00edtica, Sociedad, Deporte, Cultura y todo el contenido de inter\u00e9s general que la gente del pueblo y la regi\u00f3n debe conocer.\" \/>\n<meta property=\"og:url\" content=\"https:\/\/www.celttv.com.ar\/index.php\/2024\/06\/26\/corte-del-servicio-electrico-por-la-caida-de-cables-de-la-linea-de-33-kv-de-edes\/\" \/>\n<meta property=\"og:site_name\" content=\"CELTTV\" \/>\n<meta property=\"article:publisher\" content=\"https:\/\/www.facebook.com\/celtTV\/\" \/>\n<meta property=\"article:published_time\" content=\"2024-06-26T15:06:22+00:00\" \/>\n<meta property=\"og:image\" content=\"https:\/\/www.celttv.com.ar\/wp-content\/uploads\/2024\/06\/49a3ea42-7972-4afd-b43d-87f80a761706.jpg\" \/>\n\t<meta property=\"og:image:width\" content=\"720\" \/>\n\t<meta property=\"og:image:height\" content=\"1600\" \/>\n\t<meta property=\"og:image:type\" content=\"image\/jpeg\" \/>\n<meta name=\"author\" content=\"Rodrigo Sgammini\" \/>\n<meta name=\"twitter:card\" content=\"summary_large_image\" \/>\n<meta name=\"twitter:label1\" content=\"Escrito por\" \/>\n\t<meta name=\"twitter:data1\" content=\"Rodrigo Sgammini\" \/>\n\t<meta name=\"twitter:label2\" content=\"Tiempo de lectura\" \/>\n\t<meta name=\"twitter:data2\" content=\"1 minuto\" \/>\n<script type=\"application\/ld+json\" class=\"yoast-schema-graph\">{\"@context\":\"https:\/\/schema.org\",\"@graph\":[{\"@type\":\"NewsArticle\",\"@id\":\"https:\/\/www.celttv.com.ar\/index.php\/2024\/06\/26\/corte-del-servicio-electrico-por-la-caida-de-cables-de-la-linea-de-33-kv-de-edes\/#article\",\"isPartOf\":{\"@id\":\"https:\/\/www.celttv.com.ar\/index.php\/2024\/06\/26\/corte-del-servicio-electrico-por-la-caida-de-cables-de-la-linea-de-33-kv-de-edes\/\"},\"author\":{\"name\":\"Rodrigo Sgammini\",\"@id\":\"https:\/\/www.celttv.com.ar\/#\/schema\/person\/495be51d064edd971d8457f8f64eb172\"},\"headline\":\"Corte del servicio el\u00e9ctrico por la ca\u00edda de cables de la l\u00ednea de 33 kv, de EDES\",\"datePublished\":\"2024-06-26T15:06:22+00:00\",\"dateModified\":\"2024-06-26T15:06:22+00:00\",\"mainEntityOfPage\":{\"@id\":\"https:\/\/www.celttv.com.ar\/index.php\/2024\/06\/26\/corte-del-servicio-electrico-por-la-caida-de-cables-de-la-linea-de-33-kv-de-edes\/\"},\"wordCount\":149,\"publisher\":{\"@id\":\"https:\/\/www.celttv.com.ar\/#organization\"},\"articleSection\":[\"Celt TV Noticias\"],\"inLanguage\":\"es\"},{\"@type\":\"WebPage\",\"@id\":\"https:\/\/www.celttv.com.ar\/index.php\/2024\/06\/26\/corte-del-servicio-electrico-por-la-caida-de-cables-de-la-linea-de-33-kv-de-edes\/\",\"url\":\"https:\/\/www.celttv.com.ar\/index.php\/2024\/06\/26\/corte-del-servicio-electrico-por-la-caida-de-cables-de-la-linea-de-33-kv-de-edes\/\",\"name\":\"Corte del servicio el\u00e9ctrico por la ca\u00edda de cables de la l\u00ednea de 33 kv, de EDES - CELTTV\",\"isPartOf\":{\"@id\":\"https:\/\/www.celttv.com.ar\/#website\"},\"datePublished\":\"2024-06-26T15:06:22+00:00\",\"dateModified\":\"2024-06-26T15:06:22+00:00\",\"description\":\"Sitio web de noticias de la localidad de Tornquist, provincia de Buenos Aires, Rep\u00fablica Argentina. Contenido propio originado por periodistas de CELTTV, el canal de TV local de la Cooperativa El\u00e9ctrica de Tornquist. Turismo, Pol\u00edtica, Sociedad, Deporte, Cultura y todo el contenido de inter\u00e9s general que la gente del pueblo y la regi\u00f3n debe conocer.\",\"breadcrumb\":{\"@id\":\"https:\/\/www.celttv.com.ar\/index.php\/2024\/06\/26\/corte-del-servicio-electrico-por-la-caida-de-cables-de-la-linea-de-33-kv-de-edes\/#breadcrumb\"},\"inLanguage\":\"es\",\"potentialAction\":[{\"@type\":\"ReadAction\",\"target\":[\"https:\/\/www.celttv.com.ar\/index.php\/2024\/06\/26\/corte-del-servicio-electrico-por-la-caida-de-cables-de-la-linea-de-33-kv-de-edes\/\"]}]},{\"@type\":\"BreadcrumbList\",\"@id\":\"https:\/\/www.celttv.com.ar\/index.php\/2024\/06\/26\/corte-del-servicio-electrico-por-la-caida-de-cables-de-la-linea-de-33-kv-de-edes\/#breadcrumb\",\"itemListElement\":[{\"@type\":\"ListItem\",\"position\":1,\"name\":\"Inicio\",\"item\":\"https:\/\/www.celttv.com.ar\/\"},{\"@type\":\"ListItem\",\"position\":2,\"name\":\"Corte del servicio el\u00e9ctrico por la ca\u00edda de cables de la l\u00ednea de 33 kv, de EDES\"}]},{\"@type\":\"WebSite\",\"@id\":\"https:\/\/www.celttv.com.ar\/#website\",\"url\":\"https:\/\/www.celttv.com.ar\/\",\"name\":\"CELTTV\",\"description\":\"Cooperativa El\u00e9ctrica de Tornquist\",\"publisher\":{\"@id\":\"https:\/\/www.celttv.com.ar\/#organization\"},\"potentialAction\":[{\"@type\":\"SearchAction\",\"target\":{\"@type\":\"EntryPoint\",\"urlTemplate\":\"https:\/\/www.celttv.com.ar\/?s={search_term_string}\"},\"query-input\":\"required name=search_term_string\"}],\"inLanguage\":\"es\"},{\"@type\":\"Organization\",\"@id\":\"https:\/\/www.celttv.com.ar\/#organization\",\"name\":\"CELTTV\",\"url\":\"https:\/\/www.celttv.com.ar\/\",\"sameAs\":[\"https:\/\/www.youtube.com\/channel\/UCz_oIt8Hig64Ub-EmcNPIhg\",\"https:\/\/www.facebook.com\/celtTV\/\"],\"logo\":{\"@type\":\"ImageObject\",\"inLanguage\":\"es\",\"@id\":\"https:\/\/www.celttv.com.ar\/#\/schema\/logo\/image\/\",\"url\":\"http:\/\/www.celttv.com.ar\/wp-content\/uploads\/2022\/08\/logo-1.png\",\"contentUrl\":\"http:\/\/www.celttv.com.ar\/wp-content\/uploads\/2022\/08\/logo-1.png\",\"width\":461,\"height\":159,\"caption\":\"CELTTV\"},\"image\":{\"@id\":\"https:\/\/www.celttv.com.ar\/#\/schema\/logo\/image\/\"}},{\"@type\":\"Person\",\"@id\":\"https:\/\/www.celttv.com.ar\/#\/schema\/person\/495be51d064edd971d8457f8f64eb172\",\"name\":\"Rodrigo Sgammini\",\"image\":{\"@type\":\"ImageObject\",\"inLanguage\":\"es\",\"@id\":\"https:\/\/www.celttv.com.ar\/#\/schema\/person\/image\/\",\"url\":\"https:\/\/secure.gravatar.com\/avatar\/68f7848d42735e7a9276b47cd6e606327d88f521c51ae39d88888b76902e2987?s=96&d=mm&r=g\",\"contentUrl\":\"https:\/\/secure.gravatar.com\/avatar\/68f7848d42735e7a9276b47cd6e606327d88f521c51ae39d88888b76902e2987?s=96&d=mm&r=g\",\"caption\":\"Rodrigo Sgammini\"}}]}<\/script>\n<!-- \/ Yoast SEO plugin. -->","yoast_head_json":{"title":"Corte del servicio el\u00e9ctrico por la ca\u00edda de cables de la l\u00ednea de 33 kv, de EDES - CELTTV","description":"Sitio web de noticias de la localidad de Tornquist, provincia de Buenos Aires, Rep\u00fablica Argentina. Contenido propio originado por periodistas de CELTTV, el canal de TV local de la Cooperativa El\u00e9ctrica de Tornquist. Turismo, Pol\u00edtica, Sociedad, Deporte, Cultura y todo el contenido de inter\u00e9s general que la gente del pueblo y la regi\u00f3n debe conocer.","robots":{"index":"index","follow":"follow","max-snippet":"max-snippet:-1","max-image-preview":"max-image-preview:large","max-video-preview":"max-video-preview:-1"},"canonical":"https:\/\/www.celttv.com.ar\/index.php\/2024\/06\/26\/corte-del-servicio-electrico-por-la-caida-de-cables-de-la-linea-de-33-kv-de-edes\/","og_locale":"es_ES","og_type":"article","og_title":"Corte del servicio el\u00e9ctrico por la ca\u00edda de cables de la l\u00ednea de 33 kv, de EDES - CELTTV","og_description":"Sitio web de noticias de la localidad de Tornquist, provincia de Buenos Aires, Rep\u00fablica Argentina. Contenido propio originado por periodistas de CELTTV, el canal de TV local de la Cooperativa El\u00e9ctrica de Tornquist. Turismo, Pol\u00edtica, Sociedad, Deporte, Cultura y todo el contenido de inter\u00e9s general que la gente del pueblo y la regi\u00f3n debe conocer.","og_url":"https:\/\/www.celttv.com.ar\/index.php\/2024\/06\/26\/corte-del-servicio-electrico-por-la-caida-de-cables-de-la-linea-de-33-kv-de-edes\/","og_site_name":"CELTTV","article_publisher":"https:\/\/www.facebook.com\/celtTV\/","article_published_time":"2024-06-26T15:06:22+00:00","og_image":[{"width":720,"height":1600,"url":"https:\/\/www.celttv.com.ar\/wp-content\/uploads\/2024\/06\/49a3ea42-7972-4afd-b43d-87f80a761706.jpg","type":"image\/jpeg"}],"author":"Rodrigo Sgammini","twitter_card":"summary_large_image","twitter_misc":{"Escrito por":"Rodrigo Sgammini","Tiempo de lectura":"1 minuto"},"schema":{"@context":"https:\/\/schema.org","@graph":[{"@type":"NewsArticle","@id":"https:\/\/www.celttv.com.ar\/index.php\/2024\/06\/26\/corte-del-servicio-electrico-por-la-caida-de-cables-de-la-linea-de-33-kv-de-edes\/#article","isPartOf":{"@id":"https:\/\/www.celttv.com.ar\/index.php\/2024\/06\/26\/corte-del-servicio-electrico-por-la-caida-de-cables-de-la-linea-de-33-kv-de-edes\/"},"author":{"name":"Rodrigo Sgammini","@id":"https:\/\/www.celttv.com.ar\/#\/schema\/person\/495be51d064edd971d8457f8f64eb172"},"headline":"Corte del servicio el\u00e9ctrico por la ca\u00edda de cables de la l\u00ednea de 33 kv, de EDES","datePublished":"2024-06-26T15:06:22+00:00","dateModified":"2024-06-26T15:06:22+00:00","mainEntityOfPage":{"@id":"https:\/\/www.celttv.com.ar\/index.php\/2024\/06\/26\/corte-del-servicio-electrico-por-la-caida-de-cables-de-la-linea-de-33-kv-de-edes\/"},"wordCount":149,"publisher":{"@id":"https:\/\/www.celttv.com.ar\/#organization"},"articleSection":["Celt TV Noticias"],"inLanguage":"es"},{"@type":"WebPage","@id":"https:\/\/www.celttv.com.ar\/index.php\/2024\/06\/26\/corte-del-servicio-electrico-por-la-caida-de-cables-de-la-linea-de-33-kv-de-edes\/","url":"https:\/\/www.celttv.com.ar\/index.php\/2024\/06\/26\/corte-del-servicio-electrico-por-la-caida-de-cables-de-la-linea-de-33-kv-de-edes\/","name":"Corte del servicio el\u00e9ctrico por la ca\u00edda de cables de la l\u00ednea de 33 kv, de EDES - CELTTV","isPartOf":{"@id":"https:\/\/www.celttv.com.ar\/#website"},"datePublished":"2024-06-26T15:06:22+00:00","dateModified":"2024-06-26T15:06:22+00:00","description":"Sitio web de noticias de la localidad de Tornquist, provincia de Buenos Aires, Rep\u00fablica Argentina. Contenido propio originado por periodistas de CELTTV, el canal de TV local de la Cooperativa El\u00e9ctrica de Tornquist. Turismo, Pol\u00edtica, Sociedad, Deporte, Cultura y todo el contenido de inter\u00e9s general que la gente del pueblo y la regi\u00f3n debe conocer.","breadcrumb":{"@id":"https:\/\/www.celttv.com.ar\/index.php\/2024\/06\/26\/corte-del-servicio-electrico-por-la-caida-de-cables-de-la-linea-de-33-kv-de-edes\/#breadcrumb"},"inLanguage":"es","potentialAction":[{"@type":"ReadAction","target":["https:\/\/www.celttv.com.ar\/index.php\/2024\/06\/26\/corte-del-servicio-electrico-por-la-caida-de-cables-de-la-linea-de-33-kv-de-edes\/"]}]},{"@type":"BreadcrumbList","@id":"https:\/\/www.celttv.com.ar\/index.php\/2024\/06\/26\/corte-del-servicio-electrico-por-la-caida-de-cables-de-la-linea-de-33-kv-de-edes\/#breadcrumb","itemListElement":[{"@type":"ListItem","position":1,"name":"Inicio","item":"https:\/\/www.celttv.com.ar\/"},{"@type":"ListItem","position":2,"name":"Corte del servicio el\u00e9ctrico por la ca\u00edda de cables de la l\u00ednea de 33 kv, de EDES"}]},{"@type":"WebSite","@id":"https:\/\/www.celttv.com.ar\/#website","url":"https:\/\/www.celttv.com.ar\/","name":"CELTTV","description":"Cooperativa El\u00e9ctrica de Tornquist","publisher":{"@id":"https:\/\/www.celttv.com.ar\/#organization"},"potentialAction":[{"@type":"SearchAction","target":{"@type":"EntryPoint","urlTemplate":"https:\/\/www.celttv.com.ar\/?s={search_term_string}"},"query-input":"required name=search_term_string"}],"inLanguage":"es"},{"@type":"Organization","@id":"https:\/\/www.celttv.com.ar\/#organization","name":"CELTTV","url":"https:\/\/www.celttv.com.ar\/","sameAs":["https:\/\/www.youtube.com\/channel\/UCz_oIt8Hig64Ub-EmcNPIhg","https:\/\/www.facebook.com\/celtTV\/"],"logo":{"@type":"ImageObject","inLanguage":"es","@id":"https:\/\/www.celttv.com.ar\/#\/schema\/logo\/image\/","url":"http:\/\/www.celttv.com.ar\/wp-content\/uploads\/2022\/08\/logo-1.png","contentUrl":"http:\/\/www.celttv.com.ar\/wp-content\/uploads\/2022\/08\/logo-1.png","width":461,"height":159,"caption":"CELTTV"},"image":{"@id":"https:\/\/www.celttv.com.ar\/#\/schema\/logo\/image\/"}},{"@type":"Person","@id":"https:\/\/www.celttv.com.ar\/#\/schema\/person\/495be51d064edd971d8457f8f64eb172","name":"Rodrigo Sgammini","image":{"@type":"ImageObject","inLanguage":"es","@id":"https:\/\/www.celttv.com.ar\/#\/schema\/person\/image\/","url":"https:\/\/secure.gravatar.com\/avatar\/68f7848d42735e7a9276b47cd6e606327d88f521c51ae39d88888b76902e2987?s=96&d=mm&r=g","contentUrl":"https:\/\/secure.gravatar.com\/avatar\/68f7848d42735e7a9276b47cd6e606327d88f521c51ae39d88888b76902e2987?s=96&d=mm&r=g","caption":"Rodrigo Sgammini"}}]}},"_links":{"self":[{"href":"https:\/\/www.celttv.com.ar\/index.php\/wp-json\/wp\/v2\/posts\/84649","targetHints":{"allow":["GET"]}}],"collection":[{"href":"https:\/\/www.celttv.com.ar\/index.php\/wp-json\/wp\/v2\/posts"}],"about":[{"href":"https:\/\/www.celttv.com.ar\/index.php\/wp-json\/wp\/v2\/types\/post"}],"author":[{"embeddable":true,"href":"https:\/\/www.celttv.com.ar\/index.php\/wp-json\/wp\/v2\/users\/3"}],"replies":[{"embeddable":true,"href":"https:\/\/www.celttv.com.ar\/index.php\/wp-json\/wp\/v2\/comments?post=84649"}],"version-history":[{"count":1,"href":"https:\/\/www.celttv.com.ar\/index.php\/wp-json\/wp\/v2\/posts\/84649\/revisions"}],"predecessor-version":[{"id":84653,"href":"https:\/\/www.celttv.com.ar\/index.php\/wp-json\/wp\/v2\/posts\/84649\/revisions\/84653"}],"wp:featuredmedia":[{"embeddable":true,"href":"https:\/\/www.celttv.com.ar\/index.php\/wp-json\/wp\/v2\/media\/84652"}],"wp:attachment":[{"href":"https:\/\/www.celttv.com.ar\/index.php\/wp-json\/wp\/v2\/media?parent=84649"}],"wp:term":[{"taxonomy":"category","embeddable":true,"href":"https:\/\/www.celttv.com.ar\/index.php\/wp-json\/wp\/v2\/categories?post=84649"},{"taxonomy":"post_tag","embeddable":true,"href":"https:\/\/www.celttv.com.ar\/index.php\/wp-json\/wp\/v2\/tags?post=84649"}],"curies":[{"name":"wp","href":"https:\/\/api.w.org\/{rel}","templated":true}]}}