{"id":84668,"date":"2024-06-27T12:11:09","date_gmt":"2024-06-27T15:11:09","guid":{"rendered":"https:\/\/www.celttv.com.ar\/?p=84668"},"modified":"2024-06-27T16:46:48","modified_gmt":"2024-06-27T19:46:48","slug":"otro-corte-del-servicio-electrico-por-la-caida-de-cables-de-la-linea-de-33-kv-de-edes","status":"publish","type":"post","link":"https:\/\/www.celttv.com.ar\/index.php\/2024\/06\/27\/otro-corte-del-servicio-electrico-por-la-caida-de-cables-de-la-linea-de-33-kv-de-edes\/","title":{"rendered":"Otro corte del servicio el\u00e9ctrico por la ca\u00edda de cables de la l\u00ednea de 33 kv, de EDES"},"content":{"rendered":"<p>Otro corte del servicio el\u00e9ctrico por la ca\u00edda de cables de la l\u00ednea de 33 kv, de EDES<\/p>\n<p>La CELT. informa que\u00a0 anoche, alrededor de las 21 hs., el \u00e1rea t\u00e9cnica del sector rural fue informado de un nuevo corte de energ\u00eda en el \u00e1rea de la Ruta 33 (establecimientos de la flias. Arquero y Francomano).<\/p>\n<p>Constituido en el lugar, el personal\u00a0 de la CELT.\u00a0 comprueba que los tres fusibles del\u00a0 seccionador ubicado en Los Nogales, estaban\u00a0 quemados.<\/p>\n<p>Cuando se inicia el recorrido para establecer el motivo de la falla el personal de la CELT. advirti\u00f3 la presencia de m\u00f3viles policiales y el propietario de uno de los establecimientos de campo realizando un rastrillaje del predio.<\/p>\n<p>Seg\u00fan se inform\u00f3 nuevamente robaron cables de la l\u00ednea de 33 kv., cayendo una parte del tendido sobre la l\u00ednea trif\u00e1sica de la CELT.<\/p>\n<p>El servicio logr\u00f3 normalizarse alrededor de las 22:15 hs.<\/p>\n<p><img loading=\"lazy\" decoding=\"async\" class=\"alignnone wp-image-84677 size-large\" src=\"https:\/\/www.celttv.com.ar\/wp-content\/uploads\/2024\/06\/72c3b249-aa1c-45a2-b20c-b971e946d038-576x1024.jpg\" alt=\"\" width=\"576\" height=\"1024\" srcset=\"https:\/\/www.celttv.com.ar\/wp-content\/uploads\/2024\/06\/72c3b249-aa1c-45a2-b20c-b971e946d038-576x1024.jpg 576w, https:\/\/www.celttv.com.ar\/wp-content\/uploads\/2024\/06\/72c3b249-aa1c-45a2-b20c-b971e946d038-169x300.jpg 169w, https:\/\/www.celttv.com.ar\/wp-content\/uploads\/2024\/06\/72c3b249-aa1c-45a2-b20c-b971e946d038-768x1365.jpg 768w, https:\/\/www.celttv.com.ar\/wp-content\/uploads\/2024\/06\/72c3b249-aa1c-45a2-b20c-b971e946d038-864x1536.jpg 864w, https:\/\/www.celttv.com.ar\/wp-content\/uploads\/2024\/06\/72c3b249-aa1c-45a2-b20c-b971e946d038-750x1333.jpg 750w, https:\/\/www.celttv.com.ar\/wp-content\/uploads\/2024\/06\/72c3b249-aa1c-45a2-b20c-b971e946d038.jpg 900w\" sizes=\"auto, (max-width: 576px) 100vw, 576px\" \/> <img loading=\"lazy\" decoding=\"async\" class=\"alignnone wp-image-84678 size-large\" src=\"https:\/\/www.celttv.com.ar\/wp-content\/uploads\/2024\/06\/badff4a1-a85e-4826-aed3-624b510d4e9a-576x1024.jpg\" alt=\"\" width=\"576\" height=\"1024\" srcset=\"https:\/\/www.celttv.com.ar\/wp-content\/uploads\/2024\/06\/badff4a1-a85e-4826-aed3-624b510d4e9a-576x1024.jpg 576w, https:\/\/www.celttv.com.ar\/wp-content\/uploads\/2024\/06\/badff4a1-a85e-4826-aed3-624b510d4e9a-169x300.jpg 169w, https:\/\/www.celttv.com.ar\/wp-content\/uploads\/2024\/06\/badff4a1-a85e-4826-aed3-624b510d4e9a-768x1365.jpg 768w, https:\/\/www.celttv.com.ar\/wp-content\/uploads\/2024\/06\/badff4a1-a85e-4826-aed3-624b510d4e9a-864x1536.jpg 864w, https:\/\/www.celttv.com.ar\/wp-content\/uploads\/2024\/06\/badff4a1-a85e-4826-aed3-624b510d4e9a-750x1333.jpg 750w, https:\/\/www.celttv.com.ar\/wp-content\/uploads\/2024\/06\/badff4a1-a85e-4826-aed3-624b510d4e9a.jpg 900w\" sizes=\"auto, (max-width: 576px) 100vw, 576px\" \/><\/p>\n<p>&nbsp;<\/p>\n","protected":false},"excerpt":{"rendered":"<p>Otro corte del servicio el\u00e9ctrico por la ca\u00edda de cables de la l\u00ednea de 33 kv, de EDES La CELT. informa que\u00a0 anoche, alrededor de las 21 hs., el \u00e1rea t\u00e9cnica del sector rural fue informado de un nuevo corte de energ\u00eda en el \u00e1rea de la Ruta 33 (establecimientos de la flias. Arquero y [&hellip;]<\/p>\n","protected":false},"author":5,"featured_media":84680,"comment_status":"closed","ping_status":"closed","sticky":false,"template":"","format":"standard","meta":{"footnotes":""},"categories":[55,1],"tags":[],"class_list":["post-84668","post","type-post","status-publish","format-standard","has-post-thumbnail","hentry","category-celt-tv-noticias","category-sin-categoria"],"yoast_head":"<!-- This site is optimized with the Yoast SEO plugin v19.7.1 - https:\/\/yoast.com\/wordpress\/plugins\/seo\/ -->\n<title>Otro corte del servicio el\u00e9ctrico por la ca\u00edda de cables de la l\u00ednea de 33 kv, de EDES - CELTTV<\/title>\n<meta name=\"description\" content=\"Sitio web de noticias de la localidad de Tornquist, provincia de Buenos Aires, Rep\u00fablica Argentina. Contenido propio originado por periodistas de CELTTV, el canal de TV local de la Cooperativa El\u00e9ctrica de Tornquist. Turismo, Pol\u00edtica, Sociedad, Deporte, Cultura y todo el contenido de inter\u00e9s general que la gente del pueblo y la regi\u00f3n debe conocer.\" \/>\n<meta name=\"robots\" content=\"index, follow, max-snippet:-1, max-image-preview:large, max-video-preview:-1\" \/>\n<link rel=\"canonical\" href=\"https:\/\/www.celttv.com.ar\/index.php\/2024\/06\/27\/otro-corte-del-servicio-electrico-por-la-caida-de-cables-de-la-linea-de-33-kv-de-edes\/\" \/>\n<meta property=\"og:locale\" content=\"es_ES\" \/>\n<meta property=\"og:type\" content=\"article\" \/>\n<meta property=\"og:title\" content=\"Otro corte del servicio el\u00e9ctrico por la ca\u00edda de cables de la l\u00ednea de 33 kv, de EDES - CELTTV\" \/>\n<meta property=\"og:description\" content=\"Sitio web de noticias de la localidad de Tornquist, provincia de Buenos Aires, Rep\u00fablica Argentina. Contenido propio originado por periodistas de CELTTV, el canal de TV local de la Cooperativa El\u00e9ctrica de Tornquist. Turismo, Pol\u00edtica, Sociedad, Deporte, Cultura y todo el contenido de inter\u00e9s general que la gente del pueblo y la regi\u00f3n debe conocer.\" \/>\n<meta property=\"og:url\" content=\"https:\/\/www.celttv.com.ar\/index.php\/2024\/06\/27\/otro-corte-del-servicio-electrico-por-la-caida-de-cables-de-la-linea-de-33-kv-de-edes\/\" \/>\n<meta property=\"og:site_name\" content=\"CELTTV\" \/>\n<meta property=\"article:publisher\" content=\"https:\/\/www.facebook.com\/celtTV\/\" \/>\n<meta property=\"article:published_time\" content=\"2024-06-27T15:11:09+00:00\" \/>\n<meta property=\"article:modified_time\" content=\"2024-06-27T19:46:48+00:00\" \/>\n<meta property=\"og:image\" content=\"https:\/\/www.celttv.com.ar\/wp-content\/uploads\/2024\/06\/72c3b249-aa1c-45a2-b20c-b971e946d038-1.jpg\" \/>\n\t<meta property=\"og:image:width\" content=\"895\" \/>\n\t<meta property=\"og:image:height\" content=\"749\" \/>\n\t<meta property=\"og:image:type\" content=\"image\/jpeg\" \/>\n<meta name=\"author\" content=\"Miguel Herrada\" \/>\n<meta name=\"twitter:card\" content=\"summary_large_image\" \/>\n<meta name=\"twitter:label1\" content=\"Escrito por\" \/>\n\t<meta name=\"twitter:data1\" content=\"Miguel Herrada\" \/>\n\t<meta name=\"twitter:label2\" content=\"Tiempo de lectura\" \/>\n\t<meta name=\"twitter:data2\" content=\"1 minuto\" \/>\n<script type=\"application\/ld+json\" class=\"yoast-schema-graph\">{\"@context\":\"https:\/\/schema.org\",\"@graph\":[{\"@type\":\"NewsArticle\",\"@id\":\"https:\/\/www.celttv.com.ar\/index.php\/2024\/06\/27\/otro-corte-del-servicio-electrico-por-la-caida-de-cables-de-la-linea-de-33-kv-de-edes\/#article\",\"isPartOf\":{\"@id\":\"https:\/\/www.celttv.com.ar\/index.php\/2024\/06\/27\/otro-corte-del-servicio-electrico-por-la-caida-de-cables-de-la-linea-de-33-kv-de-edes\/\"},\"author\":{\"name\":\"Miguel Herrada\",\"@id\":\"https:\/\/www.celttv.com.ar\/#\/schema\/person\/9059dc91dc7204ef4182cdb65225f07d\"},\"headline\":\"Otro corte del servicio el\u00e9ctrico por la ca\u00edda de cables de la l\u00ednea de 33 kv, de EDES\",\"datePublished\":\"2024-06-27T15:11:09+00:00\",\"dateModified\":\"2024-06-27T19:46:48+00:00\",\"mainEntityOfPage\":{\"@id\":\"https:\/\/www.celttv.com.ar\/index.php\/2024\/06\/27\/otro-corte-del-servicio-electrico-por-la-caida-de-cables-de-la-linea-de-33-kv-de-edes\/\"},\"wordCount\":175,\"publisher\":{\"@id\":\"https:\/\/www.celttv.com.ar\/#organization\"},\"articleSection\":[\"Celt TV Noticias\"],\"inLanguage\":\"es\"},{\"@type\":\"WebPage\",\"@id\":\"https:\/\/www.celttv.com.ar\/index.php\/2024\/06\/27\/otro-corte-del-servicio-electrico-por-la-caida-de-cables-de-la-linea-de-33-kv-de-edes\/\",\"url\":\"https:\/\/www.celttv.com.ar\/index.php\/2024\/06\/27\/otro-corte-del-servicio-electrico-por-la-caida-de-cables-de-la-linea-de-33-kv-de-edes\/\",\"name\":\"Otro corte del servicio el\u00e9ctrico por la ca\u00edda de cables de la l\u00ednea de 33 kv, de EDES - CELTTV\",\"isPartOf\":{\"@id\":\"https:\/\/www.celttv.com.ar\/#website\"},\"datePublished\":\"2024-06-27T15:11:09+00:00\",\"dateModified\":\"2024-06-27T19:46:48+00:00\",\"description\":\"Sitio web de noticias de la localidad de Tornquist, provincia de Buenos Aires, Rep\u00fablica Argentina. Contenido propio originado por periodistas de CELTTV, el canal de TV local de la Cooperativa El\u00e9ctrica de Tornquist. Turismo, Pol\u00edtica, Sociedad, Deporte, Cultura y todo el contenido de inter\u00e9s general que la gente del pueblo y la regi\u00f3n debe conocer.\",\"breadcrumb\":{\"@id\":\"https:\/\/www.celttv.com.ar\/index.php\/2024\/06\/27\/otro-corte-del-servicio-electrico-por-la-caida-de-cables-de-la-linea-de-33-kv-de-edes\/#breadcrumb\"},\"inLanguage\":\"es\",\"potentialAction\":[{\"@type\":\"ReadAction\",\"target\":[\"https:\/\/www.celttv.com.ar\/index.php\/2024\/06\/27\/otro-corte-del-servicio-electrico-por-la-caida-de-cables-de-la-linea-de-33-kv-de-edes\/\"]}]},{\"@type\":\"BreadcrumbList\",\"@id\":\"https:\/\/www.celttv.com.ar\/index.php\/2024\/06\/27\/otro-corte-del-servicio-electrico-por-la-caida-de-cables-de-la-linea-de-33-kv-de-edes\/#breadcrumb\",\"itemListElement\":[{\"@type\":\"ListItem\",\"position\":1,\"name\":\"Inicio\",\"item\":\"https:\/\/www.celttv.com.ar\/\"},{\"@type\":\"ListItem\",\"position\":2,\"name\":\"Otro corte del servicio el\u00e9ctrico por la ca\u00edda de cables de la l\u00ednea de 33 kv, de EDES\"}]},{\"@type\":\"WebSite\",\"@id\":\"https:\/\/www.celttv.com.ar\/#website\",\"url\":\"https:\/\/www.celttv.com.ar\/\",\"name\":\"CELTTV\",\"description\":\"Cooperativa El\u00e9ctrica de Tornquist\",\"publisher\":{\"@id\":\"https:\/\/www.celttv.com.ar\/#organization\"},\"potentialAction\":[{\"@type\":\"SearchAction\",\"target\":{\"@type\":\"EntryPoint\",\"urlTemplate\":\"https:\/\/www.celttv.com.ar\/?s={search_term_string}\"},\"query-input\":\"required name=search_term_string\"}],\"inLanguage\":\"es\"},{\"@type\":\"Organization\",\"@id\":\"https:\/\/www.celttv.com.ar\/#organization\",\"name\":\"CELTTV\",\"url\":\"https:\/\/www.celttv.com.ar\/\",\"sameAs\":[\"https:\/\/www.youtube.com\/channel\/UCz_oIt8Hig64Ub-EmcNPIhg\",\"https:\/\/www.facebook.com\/celtTV\/\"],\"logo\":{\"@type\":\"ImageObject\",\"inLanguage\":\"es\",\"@id\":\"https:\/\/www.celttv.com.ar\/#\/schema\/logo\/image\/\",\"url\":\"http:\/\/www.celttv.com.ar\/wp-content\/uploads\/2022\/08\/logo-1.png\",\"contentUrl\":\"http:\/\/www.celttv.com.ar\/wp-content\/uploads\/2022\/08\/logo-1.png\",\"width\":461,\"height\":159,\"caption\":\"CELTTV\"},\"image\":{\"@id\":\"https:\/\/www.celttv.com.ar\/#\/schema\/logo\/image\/\"}},{\"@type\":\"Person\",\"@id\":\"https:\/\/www.celttv.com.ar\/#\/schema\/person\/9059dc91dc7204ef4182cdb65225f07d\",\"name\":\"Miguel Herrada\",\"image\":{\"@type\":\"ImageObject\",\"inLanguage\":\"es\",\"@id\":\"https:\/\/www.celttv.com.ar\/#\/schema\/person\/image\/\",\"url\":\"https:\/\/secure.gravatar.com\/avatar\/67724d5b3c716623ffd76bec7e45841a442ac3b456e914dbba90b0fad2b8e0b1?s=96&d=mm&r=g\",\"contentUrl\":\"https:\/\/secure.gravatar.com\/avatar\/67724d5b3c716623ffd76bec7e45841a442ac3b456e914dbba90b0fad2b8e0b1?s=96&d=mm&r=g\",\"caption\":\"Miguel Herrada\"}}]}<\/script>\n<!-- \/ Yoast SEO plugin. -->","yoast_head_json":{"title":"Otro corte del servicio el\u00e9ctrico por la ca\u00edda de cables de la l\u00ednea de 33 kv, de EDES - CELTTV","description":"Sitio web de noticias de la localidad de Tornquist, provincia de Buenos Aires, Rep\u00fablica Argentina. Contenido propio originado por periodistas de CELTTV, el canal de TV local de la Cooperativa El\u00e9ctrica de Tornquist. Turismo, Pol\u00edtica, Sociedad, Deporte, Cultura y todo el contenido de inter\u00e9s general que la gente del pueblo y la regi\u00f3n debe conocer.","robots":{"index":"index","follow":"follow","max-snippet":"max-snippet:-1","max-image-preview":"max-image-preview:large","max-video-preview":"max-video-preview:-1"},"canonical":"https:\/\/www.celttv.com.ar\/index.php\/2024\/06\/27\/otro-corte-del-servicio-electrico-por-la-caida-de-cables-de-la-linea-de-33-kv-de-edes\/","og_locale":"es_ES","og_type":"article","og_title":"Otro corte del servicio el\u00e9ctrico por la ca\u00edda de cables de la l\u00ednea de 33 kv, de EDES - CELTTV","og_description":"Sitio web de noticias de la localidad de Tornquist, provincia de Buenos Aires, Rep\u00fablica Argentina. Contenido propio originado por periodistas de CELTTV, el canal de TV local de la Cooperativa El\u00e9ctrica de Tornquist. Turismo, Pol\u00edtica, Sociedad, Deporte, Cultura y todo el contenido de inter\u00e9s general que la gente del pueblo y la regi\u00f3n debe conocer.","og_url":"https:\/\/www.celttv.com.ar\/index.php\/2024\/06\/27\/otro-corte-del-servicio-electrico-por-la-caida-de-cables-de-la-linea-de-33-kv-de-edes\/","og_site_name":"CELTTV","article_publisher":"https:\/\/www.facebook.com\/celtTV\/","article_published_time":"2024-06-27T15:11:09+00:00","article_modified_time":"2024-06-27T19:46:48+00:00","og_image":[{"width":895,"height":749,"url":"https:\/\/www.celttv.com.ar\/wp-content\/uploads\/2024\/06\/72c3b249-aa1c-45a2-b20c-b971e946d038-1.jpg","type":"image\/jpeg"}],"author":"Miguel Herrada","twitter_card":"summary_large_image","twitter_misc":{"Escrito por":"Miguel Herrada","Tiempo de lectura":"1 minuto"},"schema":{"@context":"https:\/\/schema.org","@graph":[{"@type":"NewsArticle","@id":"https:\/\/www.celttv.com.ar\/index.php\/2024\/06\/27\/otro-corte-del-servicio-electrico-por-la-caida-de-cables-de-la-linea-de-33-kv-de-edes\/#article","isPartOf":{"@id":"https:\/\/www.celttv.com.ar\/index.php\/2024\/06\/27\/otro-corte-del-servicio-electrico-por-la-caida-de-cables-de-la-linea-de-33-kv-de-edes\/"},"author":{"name":"Miguel Herrada","@id":"https:\/\/www.celttv.com.ar\/#\/schema\/person\/9059dc91dc7204ef4182cdb65225f07d"},"headline":"Otro corte del servicio el\u00e9ctrico por la ca\u00edda de cables de la l\u00ednea de 33 kv, de EDES","datePublished":"2024-06-27T15:11:09+00:00","dateModified":"2024-06-27T19:46:48+00:00","mainEntityOfPage":{"@id":"https:\/\/www.celttv.com.ar\/index.php\/2024\/06\/27\/otro-corte-del-servicio-electrico-por-la-caida-de-cables-de-la-linea-de-33-kv-de-edes\/"},"wordCount":175,"publisher":{"@id":"https:\/\/www.celttv.com.ar\/#organization"},"articleSection":["Celt TV Noticias"],"inLanguage":"es"},{"@type":"WebPage","@id":"https:\/\/www.celttv.com.ar\/index.php\/2024\/06\/27\/otro-corte-del-servicio-electrico-por-la-caida-de-cables-de-la-linea-de-33-kv-de-edes\/","url":"https:\/\/www.celttv.com.ar\/index.php\/2024\/06\/27\/otro-corte-del-servicio-electrico-por-la-caida-de-cables-de-la-linea-de-33-kv-de-edes\/","name":"Otro corte del servicio el\u00e9ctrico por la ca\u00edda de cables de la l\u00ednea de 33 kv, de EDES - CELTTV","isPartOf":{"@id":"https:\/\/www.celttv.com.ar\/#website"},"datePublished":"2024-06-27T15:11:09+00:00","dateModified":"2024-06-27T19:46:48+00:00","description":"Sitio web de noticias de la localidad de Tornquist, provincia de Buenos Aires, Rep\u00fablica Argentina. Contenido propio originado por periodistas de CELTTV, el canal de TV local de la Cooperativa El\u00e9ctrica de Tornquist. Turismo, Pol\u00edtica, Sociedad, Deporte, Cultura y todo el contenido de inter\u00e9s general que la gente del pueblo y la regi\u00f3n debe conocer.","breadcrumb":{"@id":"https:\/\/www.celttv.com.ar\/index.php\/2024\/06\/27\/otro-corte-del-servicio-electrico-por-la-caida-de-cables-de-la-linea-de-33-kv-de-edes\/#breadcrumb"},"inLanguage":"es","potentialAction":[{"@type":"ReadAction","target":["https:\/\/www.celttv.com.ar\/index.php\/2024\/06\/27\/otro-corte-del-servicio-electrico-por-la-caida-de-cables-de-la-linea-de-33-kv-de-edes\/"]}]},{"@type":"BreadcrumbList","@id":"https:\/\/www.celttv.com.ar\/index.php\/2024\/06\/27\/otro-corte-del-servicio-electrico-por-la-caida-de-cables-de-la-linea-de-33-kv-de-edes\/#breadcrumb","itemListElement":[{"@type":"ListItem","position":1,"name":"Inicio","item":"https:\/\/www.celttv.com.ar\/"},{"@type":"ListItem","position":2,"name":"Otro corte del servicio el\u00e9ctrico por la ca\u00edda de cables de la l\u00ednea de 33 kv, de EDES"}]},{"@type":"WebSite","@id":"https:\/\/www.celttv.com.ar\/#website","url":"https:\/\/www.celttv.com.ar\/","name":"CELTTV","description":"Cooperativa El\u00e9ctrica de Tornquist","publisher":{"@id":"https:\/\/www.celttv.com.ar\/#organization"},"potentialAction":[{"@type":"SearchAction","target":{"@type":"EntryPoint","urlTemplate":"https:\/\/www.celttv.com.ar\/?s={search_term_string}"},"query-input":"required name=search_term_string"}],"inLanguage":"es"},{"@type":"Organization","@id":"https:\/\/www.celttv.com.ar\/#organization","name":"CELTTV","url":"https:\/\/www.celttv.com.ar\/","sameAs":["https:\/\/www.youtube.com\/channel\/UCz_oIt8Hig64Ub-EmcNPIhg","https:\/\/www.facebook.com\/celtTV\/"],"logo":{"@type":"ImageObject","inLanguage":"es","@id":"https:\/\/www.celttv.com.ar\/#\/schema\/logo\/image\/","url":"http:\/\/www.celttv.com.ar\/wp-content\/uploads\/2022\/08\/logo-1.png","contentUrl":"http:\/\/www.celttv.com.ar\/wp-content\/uploads\/2022\/08\/logo-1.png","width":461,"height":159,"caption":"CELTTV"},"image":{"@id":"https:\/\/www.celttv.com.ar\/#\/schema\/logo\/image\/"}},{"@type":"Person","@id":"https:\/\/www.celttv.com.ar\/#\/schema\/person\/9059dc91dc7204ef4182cdb65225f07d","name":"Miguel Herrada","image":{"@type":"ImageObject","inLanguage":"es","@id":"https:\/\/www.celttv.com.ar\/#\/schema\/person\/image\/","url":"https:\/\/secure.gravatar.com\/avatar\/67724d5b3c716623ffd76bec7e45841a442ac3b456e914dbba90b0fad2b8e0b1?s=96&d=mm&r=g","contentUrl":"https:\/\/secure.gravatar.com\/avatar\/67724d5b3c716623ffd76bec7e45841a442ac3b456e914dbba90b0fad2b8e0b1?s=96&d=mm&r=g","caption":"Miguel Herrada"}}]}},"_links":{"self":[{"href":"https:\/\/www.celttv.com.ar\/index.php\/wp-json\/wp\/v2\/posts\/84668","targetHints":{"allow":["GET"]}}],"collection":[{"href":"https:\/\/www.celttv.com.ar\/index.php\/wp-json\/wp\/v2\/posts"}],"about":[{"href":"https:\/\/www.celttv.com.ar\/index.php\/wp-json\/wp\/v2\/types\/post"}],"author":[{"embeddable":true,"href":"https:\/\/www.celttv.com.ar\/index.php\/wp-json\/wp\/v2\/users\/5"}],"replies":[{"embeddable":true,"href":"https:\/\/www.celttv.com.ar\/index.php\/wp-json\/wp\/v2\/comments?post=84668"}],"version-history":[{"count":4,"href":"https:\/\/www.celttv.com.ar\/index.php\/wp-json\/wp\/v2\/posts\/84668\/revisions"}],"predecessor-version":[{"id":84682,"href":"https:\/\/www.celttv.com.ar\/index.php\/wp-json\/wp\/v2\/posts\/84668\/revisions\/84682"}],"wp:featuredmedia":[{"embeddable":true,"href":"https:\/\/www.celttv.com.ar\/index.php\/wp-json\/wp\/v2\/media\/84680"}],"wp:attachment":[{"href":"https:\/\/www.celttv.com.ar\/index.php\/wp-json\/wp\/v2\/media?parent=84668"}],"wp:term":[{"taxonomy":"category","embeddable":true,"href":"https:\/\/www.celttv.com.ar\/index.php\/wp-json\/wp\/v2\/categories?post=84668"},{"taxonomy":"post_tag","embeddable":true,"href":"https:\/\/www.celttv.com.ar\/index.php\/wp-json\/wp\/v2\/tags?post=84668"}],"curies":[{"name":"wp","href":"https:\/\/api.w.org\/{rel}","templated":true}]}}