{"id":84683,"date":"2024-06-27T19:51:51","date_gmt":"2024-06-27T22:51:51","guid":{"rendered":"https:\/\/www.celttv.com.ar\/?p=84683"},"modified":"2024-06-27T19:51:51","modified_gmt":"2024-06-27T22:51:51","slug":"se-cumplio-otro-paso-fundamental-para-la-instalacion-del-servicio-de-fibra-optica-en-villa-ventana","status":"publish","type":"post","link":"https:\/\/www.celttv.com.ar\/index.php\/2024\/06\/27\/se-cumplio-otro-paso-fundamental-para-la-instalacion-del-servicio-de-fibra-optica-en-villa-ventana\/","title":{"rendered":"Se cumpli\u00f3 otro paso fundamental para la instalaci\u00f3n del servicio de fibra \u00f3ptica en Villa Ventana"},"content":{"rendered":"<h4>La Cooperativa El\u00e8ctrica de Tornquist inform\u00f3 que esta semana, dentro de los tiempos previstos, se comenz\u00f3 con la etapa de fusionado del troncal I y derivaciones, m\u00e1s la colocaci\u00f3n de cajas de distribuci\u00f3n.<\/h4>\n<h4>Tambi\u00e8n el personal t\u00e9cnico del \u00e1rea de telecomunicaciones de la Cooperativa. realiza la etapa de puesta en marcha y pruebas de la electr\u00f3nica en el cabezal de la CELT en Villa Ventana.<\/h4>\n<h4>\u201cAfortunadamente y gracias a los trabajos realizados por nuestro personal y la firme decisi\u00f3n del Consejo de Administraci\u00f3n, se ha logrado cumplir con los tempos estipulados y hemos dado otra paso fundamental de cara a la concreci\u00f3n de un servicio muy esperado por nuestros \u00a0asociados y vecinos de Villa Ventana\u201d<\/h4>\n<h4>Burgos explic\u00f3 que esta es la primera etapa de la obra prevista, que incluye, una vez concluida, la totalidad del sector urbano.<\/h4>\n<p><img loading=\"lazy\" decoding=\"async\" class=\"alignnone wp-image-84684 size-large\" src=\"https:\/\/www.celttv.com.ar\/wp-content\/uploads\/2024\/06\/1-5-768x1024.jpg\" alt=\"\" width=\"768\" height=\"1024\" srcset=\"https:\/\/www.celttv.com.ar\/wp-content\/uploads\/2024\/06\/1-5-768x1024.jpg 768w, https:\/\/www.celttv.com.ar\/wp-content\/uploads\/2024\/06\/1-5-225x300.jpg 225w, https:\/\/www.celttv.com.ar\/wp-content\/uploads\/2024\/06\/1-5-1152x1536.jpg 1152w, https:\/\/www.celttv.com.ar\/wp-content\/uploads\/2024\/06\/1-5-750x1000.jpg 750w, https:\/\/www.celttv.com.ar\/wp-content\/uploads\/2024\/06\/1-5-1140x1520.jpg 1140w, https:\/\/www.celttv.com.ar\/wp-content\/uploads\/2024\/06\/1-5.jpg 1200w\" sizes=\"auto, (max-width: 768px) 100vw, 768px\" \/> <img loading=\"lazy\" decoding=\"async\" class=\"alignnone wp-image-84685 size-large\" src=\"https:\/\/www.celttv.com.ar\/wp-content\/uploads\/2024\/06\/2-5-768x1024.jpg\" alt=\"\" width=\"768\" height=\"1024\" srcset=\"https:\/\/www.celttv.com.ar\/wp-content\/uploads\/2024\/06\/2-5-768x1024.jpg 768w, https:\/\/www.celttv.com.ar\/wp-content\/uploads\/2024\/06\/2-5-225x300.jpg 225w, https:\/\/www.celttv.com.ar\/wp-content\/uploads\/2024\/06\/2-5-1152x1536.jpg 1152w, https:\/\/www.celttv.com.ar\/wp-content\/uploads\/2024\/06\/2-5-750x1000.jpg 750w, https:\/\/www.celttv.com.ar\/wp-content\/uploads\/2024\/06\/2-5-1140x1520.jpg 1140w, https:\/\/www.celttv.com.ar\/wp-content\/uploads\/2024\/06\/2-5.jpg 1200w\" sizes=\"auto, (max-width: 768px) 100vw, 768px\" \/> <img loading=\"lazy\" decoding=\"async\" class=\"alignnone wp-image-84686 size-large\" src=\"https:\/\/www.celttv.com.ar\/wp-content\/uploads\/2024\/06\/3-4-768x1024.jpg\" alt=\"\" width=\"768\" height=\"1024\" srcset=\"https:\/\/www.celttv.com.ar\/wp-content\/uploads\/2024\/06\/3-4-768x1024.jpg 768w, https:\/\/www.celttv.com.ar\/wp-content\/uploads\/2024\/06\/3-4-225x300.jpg 225w, https:\/\/www.celttv.com.ar\/wp-content\/uploads\/2024\/06\/3-4-1152x1536.jpg 1152w, https:\/\/www.celttv.com.ar\/wp-content\/uploads\/2024\/06\/3-4-750x1000.jpg 750w, https:\/\/www.celttv.com.ar\/wp-content\/uploads\/2024\/06\/3-4-1140x1520.jpg 1140w, https:\/\/www.celttv.com.ar\/wp-content\/uploads\/2024\/06\/3-4.jpg 1200w\" sizes=\"auto, (max-width: 768px) 100vw, 768px\" \/> <img loading=\"lazy\" decoding=\"async\" class=\"alignnone wp-image-84687 size-large\" src=\"https:\/\/www.celttv.com.ar\/wp-content\/uploads\/2024\/06\/4-2-768x1024.jpg\" alt=\"\" width=\"768\" height=\"1024\" srcset=\"https:\/\/www.celttv.com.ar\/wp-content\/uploads\/2024\/06\/4-2-768x1024.jpg 768w, https:\/\/www.celttv.com.ar\/wp-content\/uploads\/2024\/06\/4-2-225x300.jpg 225w, https:\/\/www.celttv.com.ar\/wp-content\/uploads\/2024\/06\/4-2-1152x1536.jpg 1152w, https:\/\/www.celttv.com.ar\/wp-content\/uploads\/2024\/06\/4-2-750x1000.jpg 750w, https:\/\/www.celttv.com.ar\/wp-content\/uploads\/2024\/06\/4-2-1140x1520.jpg 1140w, https:\/\/www.celttv.com.ar\/wp-content\/uploads\/2024\/06\/4-2.jpg 1200w\" sizes=\"auto, (max-width: 768px) 100vw, 768px\" \/> <img loading=\"lazy\" decoding=\"async\" class=\"alignnone wp-image-84688 size-large\" src=\"https:\/\/www.celttv.com.ar\/wp-content\/uploads\/2024\/06\/5-1-768x1024.jpg\" alt=\"\" width=\"768\" height=\"1024\" srcset=\"https:\/\/www.celttv.com.ar\/wp-content\/uploads\/2024\/06\/5-1-768x1024.jpg 768w, https:\/\/www.celttv.com.ar\/wp-content\/uploads\/2024\/06\/5-1-225x300.jpg 225w, https:\/\/www.celttv.com.ar\/wp-content\/uploads\/2024\/06\/5-1-1152x1536.jpg 1152w, https:\/\/www.celttv.com.ar\/wp-content\/uploads\/2024\/06\/5-1-750x1000.jpg 750w, https:\/\/www.celttv.com.ar\/wp-content\/uploads\/2024\/06\/5-1-1140x1520.jpg 1140w, https:\/\/www.celttv.com.ar\/wp-content\/uploads\/2024\/06\/5-1.jpg 1200w\" sizes=\"auto, (max-width: 768px) 100vw, 768px\" \/> <img loading=\"lazy\" decoding=\"async\" class=\"alignnone wp-image-84689 size-large\" src=\"https:\/\/www.celttv.com.ar\/wp-content\/uploads\/2024\/06\/6-3-768x1024.jpg\" alt=\"\" width=\"768\" height=\"1024\" srcset=\"https:\/\/www.celttv.com.ar\/wp-content\/uploads\/2024\/06\/6-3-768x1024.jpg 768w, https:\/\/www.celttv.com.ar\/wp-content\/uploads\/2024\/06\/6-3-225x300.jpg 225w, https:\/\/www.celttv.com.ar\/wp-content\/uploads\/2024\/06\/6-3-1152x1536.jpg 1152w, https:\/\/www.celttv.com.ar\/wp-content\/uploads\/2024\/06\/6-3-750x1000.jpg 750w, https:\/\/www.celttv.com.ar\/wp-content\/uploads\/2024\/06\/6-3-1140x1520.jpg 1140w, https:\/\/www.celttv.com.ar\/wp-content\/uploads\/2024\/06\/6-3.jpg 1200w\" sizes=\"auto, (max-width: 768px) 100vw, 768px\" \/> <img loading=\"lazy\" decoding=\"async\" class=\"alignnone wp-image-84690 size-large\" src=\"https:\/\/www.celttv.com.ar\/wp-content\/uploads\/2024\/06\/7-1-768x1024.jpg\" alt=\"\" width=\"768\" height=\"1024\" srcset=\"https:\/\/www.celttv.com.ar\/wp-content\/uploads\/2024\/06\/7-1-768x1024.jpg 768w, https:\/\/www.celttv.com.ar\/wp-content\/uploads\/2024\/06\/7-1-225x300.jpg 225w, https:\/\/www.celttv.com.ar\/wp-content\/uploads\/2024\/06\/7-1-1152x1536.jpg 1152w, https:\/\/www.celttv.com.ar\/wp-content\/uploads\/2024\/06\/7-1-750x1000.jpg 750w, https:\/\/www.celttv.com.ar\/wp-content\/uploads\/2024\/06\/7-1-1140x1520.jpg 1140w, https:\/\/www.celttv.com.ar\/wp-content\/uploads\/2024\/06\/7-1.jpg 1200w\" sizes=\"auto, (max-width: 768px) 100vw, 768px\" \/><\/p>\n<p>&nbsp;<\/p>\n<p>&nbsp;<\/p>\n<p>&nbsp;<\/p>\n<table>\n<tbody>\n<tr>\n<td><\/td>\n<td><\/td>\n<\/tr>\n<\/tbody>\n<\/table>\n","protected":false},"excerpt":{"rendered":"<p>La Cooperativa El\u00e8ctrica de Tornquist inform\u00f3 que esta semana, dentro de los tiempos previstos, se comenz\u00f3 con la etapa de fusionado del troncal I y derivaciones, m\u00e1s la colocaci\u00f3n de cajas de distribuci\u00f3n. Tambi\u00e8n el personal t\u00e9cnico del \u00e1rea de telecomunicaciones de la Cooperativa. realiza la etapa de puesta en marcha y pruebas de la [&hellip;]<\/p>\n","protected":false},"author":3,"featured_media":84685,"comment_status":"closed","ping_status":"closed","sticky":false,"template":"","format":"standard","meta":{"footnotes":""},"categories":[55,51],"tags":[],"class_list":["post-84683","post","type-post","status-publish","format-standard","has-post-thumbnail","hentry","category-celt-tv-noticias","category-comunidad"],"yoast_head":"<!-- This site is optimized with the Yoast SEO plugin v19.7.1 - https:\/\/yoast.com\/wordpress\/plugins\/seo\/ -->\n<title>Se cumpli\u00f3 otro paso fundamental para la instalaci\u00f3n del servicio de fibra \u00f3ptica en Villa Ventana - CELTTV<\/title>\n<meta name=\"description\" content=\"Sitio web de noticias de la localidad de Tornquist, provincia de Buenos Aires, Rep\u00fablica Argentina. Contenido propio originado por periodistas de CELTTV, el canal de TV local de la Cooperativa El\u00e9ctrica de Tornquist. Turismo, Pol\u00edtica, Sociedad, Deporte, Cultura y todo el contenido de inter\u00e9s general que la gente del pueblo y la regi\u00f3n debe conocer.\" \/>\n<meta name=\"robots\" content=\"index, follow, max-snippet:-1, max-image-preview:large, max-video-preview:-1\" \/>\n<link rel=\"canonical\" href=\"https:\/\/www.celttv.com.ar\/index.php\/2024\/06\/27\/se-cumplio-otro-paso-fundamental-para-la-instalacion-del-servicio-de-fibra-optica-en-villa-ventana\/\" \/>\n<meta property=\"og:locale\" content=\"es_ES\" \/>\n<meta property=\"og:type\" content=\"article\" \/>\n<meta property=\"og:title\" content=\"Se cumpli\u00f3 otro paso fundamental para la instalaci\u00f3n del servicio de fibra \u00f3ptica en Villa Ventana - CELTTV\" \/>\n<meta property=\"og:description\" content=\"Sitio web de noticias de la localidad de Tornquist, provincia de Buenos Aires, Rep\u00fablica Argentina. Contenido propio originado por periodistas de CELTTV, el canal de TV local de la Cooperativa El\u00e9ctrica de Tornquist. Turismo, Pol\u00edtica, Sociedad, Deporte, Cultura y todo el contenido de inter\u00e9s general que la gente del pueblo y la regi\u00f3n debe conocer.\" \/>\n<meta property=\"og:url\" content=\"https:\/\/www.celttv.com.ar\/index.php\/2024\/06\/27\/se-cumplio-otro-paso-fundamental-para-la-instalacion-del-servicio-de-fibra-optica-en-villa-ventana\/\" \/>\n<meta property=\"og:site_name\" content=\"CELTTV\" \/>\n<meta property=\"article:publisher\" content=\"https:\/\/www.facebook.com\/celtTV\/\" \/>\n<meta property=\"article:published_time\" content=\"2024-06-27T22:51:51+00:00\" \/>\n<meta property=\"og:image\" content=\"https:\/\/www.celttv.com.ar\/wp-content\/uploads\/2024\/06\/2-5.jpg\" \/>\n\t<meta property=\"og:image:width\" content=\"1200\" \/>\n\t<meta property=\"og:image:height\" content=\"1600\" \/>\n\t<meta property=\"og:image:type\" content=\"image\/jpeg\" \/>\n<meta name=\"author\" content=\"Rodrigo Sgammini\" \/>\n<meta name=\"twitter:card\" content=\"summary_large_image\" \/>\n<meta name=\"twitter:label1\" content=\"Escrito por\" \/>\n\t<meta name=\"twitter:data1\" content=\"Rodrigo Sgammini\" \/>\n\t<meta name=\"twitter:label2\" content=\"Tiempo de lectura\" \/>\n\t<meta name=\"twitter:data2\" content=\"1 minuto\" \/>\n<script type=\"application\/ld+json\" class=\"yoast-schema-graph\">{\"@context\":\"https:\/\/schema.org\",\"@graph\":[{\"@type\":\"NewsArticle\",\"@id\":\"https:\/\/www.celttv.com.ar\/index.php\/2024\/06\/27\/se-cumplio-otro-paso-fundamental-para-la-instalacion-del-servicio-de-fibra-optica-en-villa-ventana\/#article\",\"isPartOf\":{\"@id\":\"https:\/\/www.celttv.com.ar\/index.php\/2024\/06\/27\/se-cumplio-otro-paso-fundamental-para-la-instalacion-del-servicio-de-fibra-optica-en-villa-ventana\/\"},\"author\":{\"name\":\"Rodrigo Sgammini\",\"@id\":\"https:\/\/www.celttv.com.ar\/#\/schema\/person\/495be51d064edd971d8457f8f64eb172\"},\"headline\":\"Se cumpli\u00f3 otro paso fundamental para la instalaci\u00f3n del servicio de fibra \u00f3ptica en Villa Ventana\",\"datePublished\":\"2024-06-27T22:51:51+00:00\",\"dateModified\":\"2024-06-27T22:51:51+00:00\",\"mainEntityOfPage\":{\"@id\":\"https:\/\/www.celttv.com.ar\/index.php\/2024\/06\/27\/se-cumplio-otro-paso-fundamental-para-la-instalacion-del-servicio-de-fibra-optica-en-villa-ventana\/\"},\"wordCount\":167,\"publisher\":{\"@id\":\"https:\/\/www.celttv.com.ar\/#organization\"},\"articleSection\":[\"Celt TV Noticias\",\"Comunidad\"],\"inLanguage\":\"es\"},{\"@type\":\"WebPage\",\"@id\":\"https:\/\/www.celttv.com.ar\/index.php\/2024\/06\/27\/se-cumplio-otro-paso-fundamental-para-la-instalacion-del-servicio-de-fibra-optica-en-villa-ventana\/\",\"url\":\"https:\/\/www.celttv.com.ar\/index.php\/2024\/06\/27\/se-cumplio-otro-paso-fundamental-para-la-instalacion-del-servicio-de-fibra-optica-en-villa-ventana\/\",\"name\":\"Se cumpli\u00f3 otro paso fundamental para la instalaci\u00f3n del servicio de fibra \u00f3ptica en Villa Ventana - CELTTV\",\"isPartOf\":{\"@id\":\"https:\/\/www.celttv.com.ar\/#website\"},\"datePublished\":\"2024-06-27T22:51:51+00:00\",\"dateModified\":\"2024-06-27T22:51:51+00:00\",\"description\":\"Sitio web de noticias de la localidad de Tornquist, provincia de Buenos Aires, Rep\u00fablica Argentina. Contenido propio originado por periodistas de CELTTV, el canal de TV local de la Cooperativa El\u00e9ctrica de Tornquist. Turismo, Pol\u00edtica, Sociedad, Deporte, Cultura y todo el contenido de inter\u00e9s general que la gente del pueblo y la regi\u00f3n debe conocer.\",\"breadcrumb\":{\"@id\":\"https:\/\/www.celttv.com.ar\/index.php\/2024\/06\/27\/se-cumplio-otro-paso-fundamental-para-la-instalacion-del-servicio-de-fibra-optica-en-villa-ventana\/#breadcrumb\"},\"inLanguage\":\"es\",\"potentialAction\":[{\"@type\":\"ReadAction\",\"target\":[\"https:\/\/www.celttv.com.ar\/index.php\/2024\/06\/27\/se-cumplio-otro-paso-fundamental-para-la-instalacion-del-servicio-de-fibra-optica-en-villa-ventana\/\"]}]},{\"@type\":\"BreadcrumbList\",\"@id\":\"https:\/\/www.celttv.com.ar\/index.php\/2024\/06\/27\/se-cumplio-otro-paso-fundamental-para-la-instalacion-del-servicio-de-fibra-optica-en-villa-ventana\/#breadcrumb\",\"itemListElement\":[{\"@type\":\"ListItem\",\"position\":1,\"name\":\"Inicio\",\"item\":\"https:\/\/www.celttv.com.ar\/\"},{\"@type\":\"ListItem\",\"position\":2,\"name\":\"Se cumpli\u00f3 otro paso fundamental para la instalaci\u00f3n del servicio de fibra \u00f3ptica en Villa Ventana\"}]},{\"@type\":\"WebSite\",\"@id\":\"https:\/\/www.celttv.com.ar\/#website\",\"url\":\"https:\/\/www.celttv.com.ar\/\",\"name\":\"CELTTV\",\"description\":\"Cooperativa El\u00e9ctrica de Tornquist\",\"publisher\":{\"@id\":\"https:\/\/www.celttv.com.ar\/#organization\"},\"potentialAction\":[{\"@type\":\"SearchAction\",\"target\":{\"@type\":\"EntryPoint\",\"urlTemplate\":\"https:\/\/www.celttv.com.ar\/?s={search_term_string}\"},\"query-input\":\"required name=search_term_string\"}],\"inLanguage\":\"es\"},{\"@type\":\"Organization\",\"@id\":\"https:\/\/www.celttv.com.ar\/#organization\",\"name\":\"CELTTV\",\"url\":\"https:\/\/www.celttv.com.ar\/\",\"sameAs\":[\"https:\/\/www.youtube.com\/channel\/UCz_oIt8Hig64Ub-EmcNPIhg\",\"https:\/\/www.facebook.com\/celtTV\/\"],\"logo\":{\"@type\":\"ImageObject\",\"inLanguage\":\"es\",\"@id\":\"https:\/\/www.celttv.com.ar\/#\/schema\/logo\/image\/\",\"url\":\"http:\/\/www.celttv.com.ar\/wp-content\/uploads\/2022\/08\/logo-1.png\",\"contentUrl\":\"http:\/\/www.celttv.com.ar\/wp-content\/uploads\/2022\/08\/logo-1.png\",\"width\":461,\"height\":159,\"caption\":\"CELTTV\"},\"image\":{\"@id\":\"https:\/\/www.celttv.com.ar\/#\/schema\/logo\/image\/\"}},{\"@type\":\"Person\",\"@id\":\"https:\/\/www.celttv.com.ar\/#\/schema\/person\/495be51d064edd971d8457f8f64eb172\",\"name\":\"Rodrigo Sgammini\",\"image\":{\"@type\":\"ImageObject\",\"inLanguage\":\"es\",\"@id\":\"https:\/\/www.celttv.com.ar\/#\/schema\/person\/image\/\",\"url\":\"https:\/\/secure.gravatar.com\/avatar\/68f7848d42735e7a9276b47cd6e606327d88f521c51ae39d88888b76902e2987?s=96&d=mm&r=g\",\"contentUrl\":\"https:\/\/secure.gravatar.com\/avatar\/68f7848d42735e7a9276b47cd6e606327d88f521c51ae39d88888b76902e2987?s=96&d=mm&r=g\",\"caption\":\"Rodrigo Sgammini\"}}]}<\/script>\n<!-- \/ Yoast SEO plugin. -->","yoast_head_json":{"title":"Se cumpli\u00f3 otro paso fundamental para la instalaci\u00f3n del servicio de fibra \u00f3ptica en Villa Ventana - CELTTV","description":"Sitio web de noticias de la localidad de Tornquist, provincia de Buenos Aires, Rep\u00fablica Argentina. Contenido propio originado por periodistas de CELTTV, el canal de TV local de la Cooperativa El\u00e9ctrica de Tornquist. Turismo, Pol\u00edtica, Sociedad, Deporte, Cultura y todo el contenido de inter\u00e9s general que la gente del pueblo y la regi\u00f3n debe conocer.","robots":{"index":"index","follow":"follow","max-snippet":"max-snippet:-1","max-image-preview":"max-image-preview:large","max-video-preview":"max-video-preview:-1"},"canonical":"https:\/\/www.celttv.com.ar\/index.php\/2024\/06\/27\/se-cumplio-otro-paso-fundamental-para-la-instalacion-del-servicio-de-fibra-optica-en-villa-ventana\/","og_locale":"es_ES","og_type":"article","og_title":"Se cumpli\u00f3 otro paso fundamental para la instalaci\u00f3n del servicio de fibra \u00f3ptica en Villa Ventana - CELTTV","og_description":"Sitio web de noticias de la localidad de Tornquist, provincia de Buenos Aires, Rep\u00fablica Argentina. Contenido propio originado por periodistas de CELTTV, el canal de TV local de la Cooperativa El\u00e9ctrica de Tornquist. Turismo, Pol\u00edtica, Sociedad, Deporte, Cultura y todo el contenido de inter\u00e9s general que la gente del pueblo y la regi\u00f3n debe conocer.","og_url":"https:\/\/www.celttv.com.ar\/index.php\/2024\/06\/27\/se-cumplio-otro-paso-fundamental-para-la-instalacion-del-servicio-de-fibra-optica-en-villa-ventana\/","og_site_name":"CELTTV","article_publisher":"https:\/\/www.facebook.com\/celtTV\/","article_published_time":"2024-06-27T22:51:51+00:00","og_image":[{"width":1200,"height":1600,"url":"https:\/\/www.celttv.com.ar\/wp-content\/uploads\/2024\/06\/2-5.jpg","type":"image\/jpeg"}],"author":"Rodrigo Sgammini","twitter_card":"summary_large_image","twitter_misc":{"Escrito por":"Rodrigo Sgammini","Tiempo de lectura":"1 minuto"},"schema":{"@context":"https:\/\/schema.org","@graph":[{"@type":"NewsArticle","@id":"https:\/\/www.celttv.com.ar\/index.php\/2024\/06\/27\/se-cumplio-otro-paso-fundamental-para-la-instalacion-del-servicio-de-fibra-optica-en-villa-ventana\/#article","isPartOf":{"@id":"https:\/\/www.celttv.com.ar\/index.php\/2024\/06\/27\/se-cumplio-otro-paso-fundamental-para-la-instalacion-del-servicio-de-fibra-optica-en-villa-ventana\/"},"author":{"name":"Rodrigo Sgammini","@id":"https:\/\/www.celttv.com.ar\/#\/schema\/person\/495be51d064edd971d8457f8f64eb172"},"headline":"Se cumpli\u00f3 otro paso fundamental para la instalaci\u00f3n del servicio de fibra \u00f3ptica en Villa Ventana","datePublished":"2024-06-27T22:51:51+00:00","dateModified":"2024-06-27T22:51:51+00:00","mainEntityOfPage":{"@id":"https:\/\/www.celttv.com.ar\/index.php\/2024\/06\/27\/se-cumplio-otro-paso-fundamental-para-la-instalacion-del-servicio-de-fibra-optica-en-villa-ventana\/"},"wordCount":167,"publisher":{"@id":"https:\/\/www.celttv.com.ar\/#organization"},"articleSection":["Celt TV Noticias","Comunidad"],"inLanguage":"es"},{"@type":"WebPage","@id":"https:\/\/www.celttv.com.ar\/index.php\/2024\/06\/27\/se-cumplio-otro-paso-fundamental-para-la-instalacion-del-servicio-de-fibra-optica-en-villa-ventana\/","url":"https:\/\/www.celttv.com.ar\/index.php\/2024\/06\/27\/se-cumplio-otro-paso-fundamental-para-la-instalacion-del-servicio-de-fibra-optica-en-villa-ventana\/","name":"Se cumpli\u00f3 otro paso fundamental para la instalaci\u00f3n del servicio de fibra \u00f3ptica en Villa Ventana - CELTTV","isPartOf":{"@id":"https:\/\/www.celttv.com.ar\/#website"},"datePublished":"2024-06-27T22:51:51+00:00","dateModified":"2024-06-27T22:51:51+00:00","description":"Sitio web de noticias de la localidad de Tornquist, provincia de Buenos Aires, Rep\u00fablica Argentina. Contenido propio originado por periodistas de CELTTV, el canal de TV local de la Cooperativa El\u00e9ctrica de Tornquist. Turismo, Pol\u00edtica, Sociedad, Deporte, Cultura y todo el contenido de inter\u00e9s general que la gente del pueblo y la regi\u00f3n debe conocer.","breadcrumb":{"@id":"https:\/\/www.celttv.com.ar\/index.php\/2024\/06\/27\/se-cumplio-otro-paso-fundamental-para-la-instalacion-del-servicio-de-fibra-optica-en-villa-ventana\/#breadcrumb"},"inLanguage":"es","potentialAction":[{"@type":"ReadAction","target":["https:\/\/www.celttv.com.ar\/index.php\/2024\/06\/27\/se-cumplio-otro-paso-fundamental-para-la-instalacion-del-servicio-de-fibra-optica-en-villa-ventana\/"]}]},{"@type":"BreadcrumbList","@id":"https:\/\/www.celttv.com.ar\/index.php\/2024\/06\/27\/se-cumplio-otro-paso-fundamental-para-la-instalacion-del-servicio-de-fibra-optica-en-villa-ventana\/#breadcrumb","itemListElement":[{"@type":"ListItem","position":1,"name":"Inicio","item":"https:\/\/www.celttv.com.ar\/"},{"@type":"ListItem","position":2,"name":"Se cumpli\u00f3 otro paso fundamental para la instalaci\u00f3n del servicio de fibra \u00f3ptica en Villa Ventana"}]},{"@type":"WebSite","@id":"https:\/\/www.celttv.com.ar\/#website","url":"https:\/\/www.celttv.com.ar\/","name":"CELTTV","description":"Cooperativa El\u00e9ctrica de Tornquist","publisher":{"@id":"https:\/\/www.celttv.com.ar\/#organization"},"potentialAction":[{"@type":"SearchAction","target":{"@type":"EntryPoint","urlTemplate":"https:\/\/www.celttv.com.ar\/?s={search_term_string}"},"query-input":"required name=search_term_string"}],"inLanguage":"es"},{"@type":"Organization","@id":"https:\/\/www.celttv.com.ar\/#organization","name":"CELTTV","url":"https:\/\/www.celttv.com.ar\/","sameAs":["https:\/\/www.youtube.com\/channel\/UCz_oIt8Hig64Ub-EmcNPIhg","https:\/\/www.facebook.com\/celtTV\/"],"logo":{"@type":"ImageObject","inLanguage":"es","@id":"https:\/\/www.celttv.com.ar\/#\/schema\/logo\/image\/","url":"http:\/\/www.celttv.com.ar\/wp-content\/uploads\/2022\/08\/logo-1.png","contentUrl":"http:\/\/www.celttv.com.ar\/wp-content\/uploads\/2022\/08\/logo-1.png","width":461,"height":159,"caption":"CELTTV"},"image":{"@id":"https:\/\/www.celttv.com.ar\/#\/schema\/logo\/image\/"}},{"@type":"Person","@id":"https:\/\/www.celttv.com.ar\/#\/schema\/person\/495be51d064edd971d8457f8f64eb172","name":"Rodrigo Sgammini","image":{"@type":"ImageObject","inLanguage":"es","@id":"https:\/\/www.celttv.com.ar\/#\/schema\/person\/image\/","url":"https:\/\/secure.gravatar.com\/avatar\/68f7848d42735e7a9276b47cd6e606327d88f521c51ae39d88888b76902e2987?s=96&d=mm&r=g","contentUrl":"https:\/\/secure.gravatar.com\/avatar\/68f7848d42735e7a9276b47cd6e606327d88f521c51ae39d88888b76902e2987?s=96&d=mm&r=g","caption":"Rodrigo Sgammini"}}]}},"_links":{"self":[{"href":"https:\/\/www.celttv.com.ar\/index.php\/wp-json\/wp\/v2\/posts\/84683","targetHints":{"allow":["GET"]}}],"collection":[{"href":"https:\/\/www.celttv.com.ar\/index.php\/wp-json\/wp\/v2\/posts"}],"about":[{"href":"https:\/\/www.celttv.com.ar\/index.php\/wp-json\/wp\/v2\/types\/post"}],"author":[{"embeddable":true,"href":"https:\/\/www.celttv.com.ar\/index.php\/wp-json\/wp\/v2\/users\/3"}],"replies":[{"embeddable":true,"href":"https:\/\/www.celttv.com.ar\/index.php\/wp-json\/wp\/v2\/comments?post=84683"}],"version-history":[{"count":1,"href":"https:\/\/www.celttv.com.ar\/index.php\/wp-json\/wp\/v2\/posts\/84683\/revisions"}],"predecessor-version":[{"id":84691,"href":"https:\/\/www.celttv.com.ar\/index.php\/wp-json\/wp\/v2\/posts\/84683\/revisions\/84691"}],"wp:featuredmedia":[{"embeddable":true,"href":"https:\/\/www.celttv.com.ar\/index.php\/wp-json\/wp\/v2\/media\/84685"}],"wp:attachment":[{"href":"https:\/\/www.celttv.com.ar\/index.php\/wp-json\/wp\/v2\/media?parent=84683"}],"wp:term":[{"taxonomy":"category","embeddable":true,"href":"https:\/\/www.celttv.com.ar\/index.php\/wp-json\/wp\/v2\/categories?post=84683"},{"taxonomy":"post_tag","embeddable":true,"href":"https:\/\/www.celttv.com.ar\/index.php\/wp-json\/wp\/v2\/tags?post=84683"}],"curies":[{"name":"wp","href":"https:\/\/api.w.org\/{rel}","templated":true}]}}