{"id":8475,"date":"2012-10-11T20:59:44","date_gmt":"2012-10-11T20:59:44","guid":{"rendered":"http:\/\/www.tvcnoticias.com.ar\/?p=8475"},"modified":"2012-10-11T20:59:44","modified_gmt":"2012-10-11T20:59:44","slug":"el-clasico-de-tornquist-compacto-del-partido-y-opiniones","status":"publish","type":"post","link":"https:\/\/www.celttv.com.ar\/index.php\/2012\/10\/11\/el-clasico-de-tornquist-compacto-del-partido-y-opiniones\/","title":{"rendered":"EL CLASICO DE TORNQUIST: COMPACTO DEL PARTIDO Y OPINIONES"},"content":{"rendered":"<p><a href=\"http:\/\/www.youtube.com\/watch?v=zApVdUCBmzQ\">httpv:\/\/www.youtube.com\/watch?v=zApVdUCBmzQ<\/a><br \/>\n<a href=\"http:\/\/www.youtube.com\/watch?v=QQKh6CAtDjE\">httpv:\/\/www.youtube.com\/watch?v=QQKh6CAtDjE<\/a><br \/>\n<a href=\"http:\/\/www.youtube.com\/watch?v=0695UNmKddI\">httpv:\/\/www.youtube.com\/watch?v=0695UNmKddI<\/a><br \/>\n<a href=\"http:\/\/www.youtube.com\/watch?v=GNMeU42ysjc\">httpv:\/\/www.youtube.com\/watch?v=GNMeU42ysjc<\/a><br \/>\n<span style=\"font-size: xx-small;\">No fue bueno t\u00e9cnicamente hablando, pero los protagonistas lo disimularon muy bien poniendo todo y haciendo que el cl\u00e1sico resulte entretenido y por momentos no apto para cardiacos. Tuvo todos los ingredientes y el aplauso de ambas parcialidades para sus jugadores fue bien merecido.<br \/>\nComenz\u00f3 mejor Uni\u00f3n que supo ocupar los espacios ante un Automoto demasiado est\u00e1tico que no pod\u00eda hacerse de la pelota en la mitad de la cancha.<br \/>\nIntent\u00f3 Frias con un remate de media distancia que no gener\u00f3 problemas para Gatti cuando se jugaban los primeros 2\u00b4del partido. A los 6 Bauer remata desde lejos a manera de centro y la pelota casi se mete sobre la humanidad de Gatti que logra enviar al corner. Minutos m\u00e1s tarde el propio Gatti logra detener un remate de Castro.<br \/>\nA los 29\u00b4 Villalba convoc\u00f3 a Flores con un remate de media distancia y a los 40\u00b4Bilbao cabece\u00f3 desde buena posici\u00f3n a la salida de un corner, pero se va afuera.<br \/>\nA los 43\u00b4 Alaniz prob\u00f3 desde lejos y la pelota se fue cerca del \u00e1ngulo izquierdo de Flores.<br \/>\nEn esa etapa Uni\u00f3n hab\u00eda tenido m\u00e1s la pelota, era m\u00e1s ordenado pero sin lograr el objetivo de vulnerar a Gatti.<br \/>\nEn el complemento apareci\u00f3 el otro Automoto, mucho m\u00e1s ambicioso, mas movedizo y decidido a quedarse con los tres puntos. Se meti\u00f3 decididamente en terreno adversario y Flores pas\u00f3 a convertirse en figura de su equipo.<br \/>\nAvis\u00f3 Alaniz con un remate apenas alto a los 2\u00b4; un cabezazo de Sonzini y Flores que vuela para sacarla al corner cuando la pelota se met\u00eda contra su \u00e1ngulo izquierdo, cuando transcurr\u00edan 6 minutos de juego.<br \/>\nUni\u00f3n tuvo su chance un minuto m\u00e1s tarde con un tiro libre de Minor que Gatti alcanza a despejar con su pu\u00f1o derecho cuando la pelota se met\u00eda en el \u00e1ngulo superior izquierdo.<br \/>\nA los 11 lleg\u00f3 la primera emoci\u00f3n de la tarde; Salas roba en la mitad de la cancha, encuentra un hueco por el callej\u00f3n central, entrega a Avila y la devoluci\u00f3n lo deja cara a cara con Flores, poniendo la redonda contra el palo derecho y desatando el delirio de su parcialidad.<br \/>\nUni\u00f3n estaba un gol abajo y para colmo con un jugador menos ya que 2 minutos despu\u00e9s del gol Bauer ve la segunda amarilla y deja a su equipo con un hombre menos.<br \/>\nVillar tuvo el segundo a los 18, pero su remate se fue desviado.<br \/>\nAutomoto ten\u00eda el dominio territorial pero fallaba en la puntada final y no pudo aprovechar el hombre de m\u00e1s.<br \/>\nA los 23\u00b4 Villar se zambulle en las puertas del \u00e1rea de Uni\u00f3n, el \u00e1rbitro interpreta que est\u00e1 simulando y la saca la segunda amarilla, quedando los dos con 10 jugadores.<br \/>\nAhora el dominio comenz\u00f3 a ser compartido y hubo ocasiones por ambos lados. Rolman se sac\u00f3 de encima a sus dos marcadores, ingresando por la izquierda y luego de un rebote en el arquero, Gatti volvi\u00f3 a responder y alcanz\u00f3 a &#8220;manotear&#8221; al corner cuando la pelota se metia contra al parante derecho.<br \/>\nA los 31 el ingresado y debutante con la camiseta azulgrana Leandro Allen inquiet\u00f3 a Flores con una media vuelta; Flores estaba atento y contuvo contra su palo izquierdo.<br \/>\nY a los 35\u00b4 llega un gol de otro partido; un tiro de esquina que ejecuta Banegas y convierte un precioso gol ol\u00edmpico haciendo esteril la estirada de Gatti; para el delirio de la parcialidad verde.<br \/>\nAutomoto dispondr\u00eda de otra ocasi\u00f3n en los pies de Salas, pero esta vez gan\u00f3 Flores tapando su remate. A los 43\u00b4 Villalba remat\u00f3 por arriba del travesa\u00f1o en la \u00faltima llegada de riesgo para el local.<br \/>\nUni\u00f3n fue mejor en la primera etapa, Automoto inclin\u00f3 la cancha en el complemento y parec\u00eda tener la manija del partido, pero lleg\u00f3 Banegas con ese gol ol\u00edmpico para establecer la igualdad.<br \/>\nY as\u00ed se cerr\u00f3 la p\u00e1gina de un nuevo cl\u00e1sico de nuestro f\u00fatbol; un cl\u00e1sico que tuvo todos los ingredientes; el marco que le dieron ambas parcialidad con el cl\u00e1sico y caluroso recibimiento, los protagonistas dejaron todo, &#8220;transpiraron la camiseta&#8221;\u2026, hubo goles y llegadas donde los arqueros fueron protagonistas y como broche un bonito gol ol\u00edmpico.. Qu\u00e9 m\u00e1s se puede pedir..?<br \/>\n<\/span><\/p>\n","protected":false},"excerpt":{"rendered":"<p>httpv:\/\/www.youtube.com\/watch?v=zApVdUCBmzQ httpv:\/\/www.youtube.com\/watch?v=QQKh6CAtDjE httpv:\/\/www.youtube.com\/watch?v=0695UNmKddI httpv:\/\/www.youtube.com\/watch?v=GNMeU42ysjc No fue bueno t\u00e9cnicamente hablando, pero los protagonistas lo disimularon muy bien poniendo todo y haciendo que el cl\u00e1sico resulte entretenido y por momentos no apto para cardiacos. Tuvo todos los ingredientes y el aplauso de ambas parcialidades para sus jugadores fue bien merecido. Comenz\u00f3 mejor Uni\u00f3n que supo ocupar los [&hellip;]<\/p>\n","protected":false},"author":1,"featured_media":0,"comment_status":"closed","ping_status":"open","sticky":false,"template":"","format":"standard","meta":{"footnotes":""},"categories":[60,52,64],"tags":[],"class_list":["post-8475","post","type-post","status-publish","format-standard","hentry","category-deporte","category-destacadas","category-videos-destacados"],"yoast_head":"<!-- This site is optimized with the Yoast SEO plugin v19.7.1 - https:\/\/yoast.com\/wordpress\/plugins\/seo\/ -->\n<title>EL CLASICO DE TORNQUIST: COMPACTO DEL PARTIDO Y OPINIONES - CELTTV<\/title>\n<meta name=\"description\" content=\"Sitio web de noticias de la localidad de Tornquist, provincia de Buenos Aires, Rep\u00fablica Argentina. Contenido propio originado por periodistas de CELTTV, el canal de TV local de la Cooperativa El\u00e9ctrica de Tornquist. Turismo, Pol\u00edtica, Sociedad, Deporte, Cultura y todo el contenido de inter\u00e9s general que la gente del pueblo y la regi\u00f3n debe conocer.\" \/>\n<meta name=\"robots\" content=\"index, follow, max-snippet:-1, max-image-preview:large, max-video-preview:-1\" \/>\n<link rel=\"canonical\" href=\"https:\/\/www.celttv.com.ar\/index.php\/2012\/10\/11\/el-clasico-de-tornquist-compacto-del-partido-y-opiniones\/\" \/>\n<meta property=\"og:locale\" content=\"es_ES\" \/>\n<meta property=\"og:type\" content=\"article\" \/>\n<meta property=\"og:title\" content=\"EL CLASICO DE TORNQUIST: COMPACTO DEL PARTIDO Y OPINIONES - CELTTV\" \/>\n<meta property=\"og:description\" content=\"Sitio web de noticias de la localidad de Tornquist, provincia de Buenos Aires, Rep\u00fablica Argentina. Contenido propio originado por periodistas de CELTTV, el canal de TV local de la Cooperativa El\u00e9ctrica de Tornquist. Turismo, Pol\u00edtica, Sociedad, Deporte, Cultura y todo el contenido de inter\u00e9s general que la gente del pueblo y la regi\u00f3n debe conocer.\" \/>\n<meta property=\"og:url\" content=\"https:\/\/www.celttv.com.ar\/index.php\/2012\/10\/11\/el-clasico-de-tornquist-compacto-del-partido-y-opiniones\/\" \/>\n<meta property=\"og:site_name\" content=\"CELTTV\" \/>\n<meta property=\"article:publisher\" content=\"https:\/\/www.facebook.com\/celtTV\/\" \/>\n<meta property=\"article:published_time\" content=\"2012-10-11T20:59:44+00:00\" \/>\n<meta name=\"author\" content=\"ulises\" \/>\n<meta name=\"twitter:card\" content=\"summary_large_image\" \/>\n<meta name=\"twitter:label1\" content=\"Escrito por\" \/>\n\t<meta name=\"twitter:data1\" content=\"ulises\" \/>\n\t<meta name=\"twitter:label2\" content=\"Tiempo de lectura\" \/>\n\t<meta name=\"twitter:data2\" content=\"4 minutos\" \/>\n<script type=\"application\/ld+json\" class=\"yoast-schema-graph\">{\"@context\":\"https:\/\/schema.org\",\"@graph\":[{\"@type\":\"NewsArticle\",\"@id\":\"https:\/\/www.celttv.com.ar\/index.php\/2012\/10\/11\/el-clasico-de-tornquist-compacto-del-partido-y-opiniones\/#article\",\"isPartOf\":{\"@id\":\"https:\/\/www.celttv.com.ar\/index.php\/2012\/10\/11\/el-clasico-de-tornquist-compacto-del-partido-y-opiniones\/\"},\"author\":{\"name\":\"ulises\",\"@id\":\"https:\/\/www.celttv.com.ar\/#\/schema\/person\/6d99c072dba59953809c81446e9d0ace\"},\"headline\":\"EL CLASICO DE TORNQUIST: COMPACTO DEL PARTIDO Y OPINIONES\",\"datePublished\":\"2012-10-11T20:59:44+00:00\",\"dateModified\":\"2012-10-11T20:59:44+00:00\",\"mainEntityOfPage\":{\"@id\":\"https:\/\/www.celttv.com.ar\/index.php\/2012\/10\/11\/el-clasico-de-tornquist-compacto-del-partido-y-opiniones\/\"},\"wordCount\":767,\"publisher\":{\"@id\":\"https:\/\/www.celttv.com.ar\/#organization\"},\"articleSection\":[\"Deporte\",\"Destacadas\",\"Videos Destacados\"],\"inLanguage\":\"es\"},{\"@type\":\"WebPage\",\"@id\":\"https:\/\/www.celttv.com.ar\/index.php\/2012\/10\/11\/el-clasico-de-tornquist-compacto-del-partido-y-opiniones\/\",\"url\":\"https:\/\/www.celttv.com.ar\/index.php\/2012\/10\/11\/el-clasico-de-tornquist-compacto-del-partido-y-opiniones\/\",\"name\":\"EL CLASICO DE TORNQUIST: COMPACTO DEL PARTIDO Y OPINIONES - CELTTV\",\"isPartOf\":{\"@id\":\"https:\/\/www.celttv.com.ar\/#website\"},\"datePublished\":\"2012-10-11T20:59:44+00:00\",\"dateModified\":\"2012-10-11T20:59:44+00:00\",\"description\":\"Sitio web de noticias de la localidad de Tornquist, provincia de Buenos Aires, Rep\u00fablica Argentina. Contenido propio originado por periodistas de CELTTV, el canal de TV local de la Cooperativa El\u00e9ctrica de Tornquist. Turismo, Pol\u00edtica, Sociedad, Deporte, Cultura y todo el contenido de inter\u00e9s general que la gente del pueblo y la regi\u00f3n debe conocer.\",\"breadcrumb\":{\"@id\":\"https:\/\/www.celttv.com.ar\/index.php\/2012\/10\/11\/el-clasico-de-tornquist-compacto-del-partido-y-opiniones\/#breadcrumb\"},\"inLanguage\":\"es\",\"potentialAction\":[{\"@type\":\"ReadAction\",\"target\":[\"https:\/\/www.celttv.com.ar\/index.php\/2012\/10\/11\/el-clasico-de-tornquist-compacto-del-partido-y-opiniones\/\"]}]},{\"@type\":\"BreadcrumbList\",\"@id\":\"https:\/\/www.celttv.com.ar\/index.php\/2012\/10\/11\/el-clasico-de-tornquist-compacto-del-partido-y-opiniones\/#breadcrumb\",\"itemListElement\":[{\"@type\":\"ListItem\",\"position\":1,\"name\":\"Inicio\",\"item\":\"https:\/\/www.celttv.com.ar\/\"},{\"@type\":\"ListItem\",\"position\":2,\"name\":\"EL CLASICO DE TORNQUIST: COMPACTO DEL PARTIDO Y OPINIONES\"}]},{\"@type\":\"WebSite\",\"@id\":\"https:\/\/www.celttv.com.ar\/#website\",\"url\":\"https:\/\/www.celttv.com.ar\/\",\"name\":\"CELTTV\",\"description\":\"Cooperativa El\u00e9ctrica de Tornquist\",\"publisher\":{\"@id\":\"https:\/\/www.celttv.com.ar\/#organization\"},\"potentialAction\":[{\"@type\":\"SearchAction\",\"target\":{\"@type\":\"EntryPoint\",\"urlTemplate\":\"https:\/\/www.celttv.com.ar\/?s={search_term_string}\"},\"query-input\":\"required name=search_term_string\"}],\"inLanguage\":\"es\"},{\"@type\":\"Organization\",\"@id\":\"https:\/\/www.celttv.com.ar\/#organization\",\"name\":\"CELTTV\",\"url\":\"https:\/\/www.celttv.com.ar\/\",\"sameAs\":[\"https:\/\/www.youtube.com\/channel\/UCz_oIt8Hig64Ub-EmcNPIhg\",\"https:\/\/www.facebook.com\/celtTV\/\"],\"logo\":{\"@type\":\"ImageObject\",\"inLanguage\":\"es\",\"@id\":\"https:\/\/www.celttv.com.ar\/#\/schema\/logo\/image\/\",\"url\":\"http:\/\/www.celttv.com.ar\/wp-content\/uploads\/2022\/08\/logo-1.png\",\"contentUrl\":\"http:\/\/www.celttv.com.ar\/wp-content\/uploads\/2022\/08\/logo-1.png\",\"width\":461,\"height\":159,\"caption\":\"CELTTV\"},\"image\":{\"@id\":\"https:\/\/www.celttv.com.ar\/#\/schema\/logo\/image\/\"}},{\"@type\":\"Person\",\"@id\":\"https:\/\/www.celttv.com.ar\/#\/schema\/person\/6d99c072dba59953809c81446e9d0ace\",\"name\":\"ulises\",\"image\":{\"@type\":\"ImageObject\",\"inLanguage\":\"es\",\"@id\":\"https:\/\/www.celttv.com.ar\/#\/schema\/person\/image\/\",\"url\":\"https:\/\/secure.gravatar.com\/avatar\/7f2c48bdc33b30088f941fb6082e555f2874c98e20cb159d7b92b50eadfce793?s=96&d=mm&r=g\",\"contentUrl\":\"https:\/\/secure.gravatar.com\/avatar\/7f2c48bdc33b30088f941fb6082e555f2874c98e20cb159d7b92b50eadfce793?s=96&d=mm&r=g\",\"caption\":\"ulises\"},\"sameAs\":[\"http:\/\/www.celttv.com.ar\"]}]}<\/script>\n<!-- \/ Yoast SEO plugin. -->","yoast_head_json":{"title":"EL CLASICO DE TORNQUIST: COMPACTO DEL PARTIDO Y OPINIONES - CELTTV","description":"Sitio web de noticias de la localidad de Tornquist, provincia de Buenos Aires, Rep\u00fablica Argentina. Contenido propio originado por periodistas de CELTTV, el canal de TV local de la Cooperativa El\u00e9ctrica de Tornquist. Turismo, Pol\u00edtica, Sociedad, Deporte, Cultura y todo el contenido de inter\u00e9s general que la gente del pueblo y la regi\u00f3n debe conocer.","robots":{"index":"index","follow":"follow","max-snippet":"max-snippet:-1","max-image-preview":"max-image-preview:large","max-video-preview":"max-video-preview:-1"},"canonical":"https:\/\/www.celttv.com.ar\/index.php\/2012\/10\/11\/el-clasico-de-tornquist-compacto-del-partido-y-opiniones\/","og_locale":"es_ES","og_type":"article","og_title":"EL CLASICO DE TORNQUIST: COMPACTO DEL PARTIDO Y OPINIONES - CELTTV","og_description":"Sitio web de noticias de la localidad de Tornquist, provincia de Buenos Aires, Rep\u00fablica Argentina. Contenido propio originado por periodistas de CELTTV, el canal de TV local de la Cooperativa El\u00e9ctrica de Tornquist. Turismo, Pol\u00edtica, Sociedad, Deporte, Cultura y todo el contenido de inter\u00e9s general que la gente del pueblo y la regi\u00f3n debe conocer.","og_url":"https:\/\/www.celttv.com.ar\/index.php\/2012\/10\/11\/el-clasico-de-tornquist-compacto-del-partido-y-opiniones\/","og_site_name":"CELTTV","article_publisher":"https:\/\/www.facebook.com\/celtTV\/","article_published_time":"2012-10-11T20:59:44+00:00","author":"ulises","twitter_card":"summary_large_image","twitter_misc":{"Escrito por":"ulises","Tiempo de lectura":"4 minutos"},"schema":{"@context":"https:\/\/schema.org","@graph":[{"@type":"NewsArticle","@id":"https:\/\/www.celttv.com.ar\/index.php\/2012\/10\/11\/el-clasico-de-tornquist-compacto-del-partido-y-opiniones\/#article","isPartOf":{"@id":"https:\/\/www.celttv.com.ar\/index.php\/2012\/10\/11\/el-clasico-de-tornquist-compacto-del-partido-y-opiniones\/"},"author":{"name":"ulises","@id":"https:\/\/www.celttv.com.ar\/#\/schema\/person\/6d99c072dba59953809c81446e9d0ace"},"headline":"EL CLASICO DE TORNQUIST: COMPACTO DEL PARTIDO Y OPINIONES","datePublished":"2012-10-11T20:59:44+00:00","dateModified":"2012-10-11T20:59:44+00:00","mainEntityOfPage":{"@id":"https:\/\/www.celttv.com.ar\/index.php\/2012\/10\/11\/el-clasico-de-tornquist-compacto-del-partido-y-opiniones\/"},"wordCount":767,"publisher":{"@id":"https:\/\/www.celttv.com.ar\/#organization"},"articleSection":["Deporte","Destacadas","Videos Destacados"],"inLanguage":"es"},{"@type":"WebPage","@id":"https:\/\/www.celttv.com.ar\/index.php\/2012\/10\/11\/el-clasico-de-tornquist-compacto-del-partido-y-opiniones\/","url":"https:\/\/www.celttv.com.ar\/index.php\/2012\/10\/11\/el-clasico-de-tornquist-compacto-del-partido-y-opiniones\/","name":"EL CLASICO DE TORNQUIST: COMPACTO DEL PARTIDO Y OPINIONES - CELTTV","isPartOf":{"@id":"https:\/\/www.celttv.com.ar\/#website"},"datePublished":"2012-10-11T20:59:44+00:00","dateModified":"2012-10-11T20:59:44+00:00","description":"Sitio web de noticias de la localidad de Tornquist, provincia de Buenos Aires, Rep\u00fablica Argentina. Contenido propio originado por periodistas de CELTTV, el canal de TV local de la Cooperativa El\u00e9ctrica de Tornquist. Turismo, Pol\u00edtica, Sociedad, Deporte, Cultura y todo el contenido de inter\u00e9s general que la gente del pueblo y la regi\u00f3n debe conocer.","breadcrumb":{"@id":"https:\/\/www.celttv.com.ar\/index.php\/2012\/10\/11\/el-clasico-de-tornquist-compacto-del-partido-y-opiniones\/#breadcrumb"},"inLanguage":"es","potentialAction":[{"@type":"ReadAction","target":["https:\/\/www.celttv.com.ar\/index.php\/2012\/10\/11\/el-clasico-de-tornquist-compacto-del-partido-y-opiniones\/"]}]},{"@type":"BreadcrumbList","@id":"https:\/\/www.celttv.com.ar\/index.php\/2012\/10\/11\/el-clasico-de-tornquist-compacto-del-partido-y-opiniones\/#breadcrumb","itemListElement":[{"@type":"ListItem","position":1,"name":"Inicio","item":"https:\/\/www.celttv.com.ar\/"},{"@type":"ListItem","position":2,"name":"EL CLASICO DE TORNQUIST: COMPACTO DEL PARTIDO Y OPINIONES"}]},{"@type":"WebSite","@id":"https:\/\/www.celttv.com.ar\/#website","url":"https:\/\/www.celttv.com.ar\/","name":"CELTTV","description":"Cooperativa El\u00e9ctrica de Tornquist","publisher":{"@id":"https:\/\/www.celttv.com.ar\/#organization"},"potentialAction":[{"@type":"SearchAction","target":{"@type":"EntryPoint","urlTemplate":"https:\/\/www.celttv.com.ar\/?s={search_term_string}"},"query-input":"required name=search_term_string"}],"inLanguage":"es"},{"@type":"Organization","@id":"https:\/\/www.celttv.com.ar\/#organization","name":"CELTTV","url":"https:\/\/www.celttv.com.ar\/","sameAs":["https:\/\/www.youtube.com\/channel\/UCz_oIt8Hig64Ub-EmcNPIhg","https:\/\/www.facebook.com\/celtTV\/"],"logo":{"@type":"ImageObject","inLanguage":"es","@id":"https:\/\/www.celttv.com.ar\/#\/schema\/logo\/image\/","url":"http:\/\/www.celttv.com.ar\/wp-content\/uploads\/2022\/08\/logo-1.png","contentUrl":"http:\/\/www.celttv.com.ar\/wp-content\/uploads\/2022\/08\/logo-1.png","width":461,"height":159,"caption":"CELTTV"},"image":{"@id":"https:\/\/www.celttv.com.ar\/#\/schema\/logo\/image\/"}},{"@type":"Person","@id":"https:\/\/www.celttv.com.ar\/#\/schema\/person\/6d99c072dba59953809c81446e9d0ace","name":"ulises","image":{"@type":"ImageObject","inLanguage":"es","@id":"https:\/\/www.celttv.com.ar\/#\/schema\/person\/image\/","url":"https:\/\/secure.gravatar.com\/avatar\/7f2c48bdc33b30088f941fb6082e555f2874c98e20cb159d7b92b50eadfce793?s=96&d=mm&r=g","contentUrl":"https:\/\/secure.gravatar.com\/avatar\/7f2c48bdc33b30088f941fb6082e555f2874c98e20cb159d7b92b50eadfce793?s=96&d=mm&r=g","caption":"ulises"},"sameAs":["http:\/\/www.celttv.com.ar"]}]}},"_links":{"self":[{"href":"https:\/\/www.celttv.com.ar\/index.php\/wp-json\/wp\/v2\/posts\/8475","targetHints":{"allow":["GET"]}}],"collection":[{"href":"https:\/\/www.celttv.com.ar\/index.php\/wp-json\/wp\/v2\/posts"}],"about":[{"href":"https:\/\/www.celttv.com.ar\/index.php\/wp-json\/wp\/v2\/types\/post"}],"author":[{"embeddable":true,"href":"https:\/\/www.celttv.com.ar\/index.php\/wp-json\/wp\/v2\/users\/1"}],"replies":[{"embeddable":true,"href":"https:\/\/www.celttv.com.ar\/index.php\/wp-json\/wp\/v2\/comments?post=8475"}],"version-history":[{"count":0,"href":"https:\/\/www.celttv.com.ar\/index.php\/wp-json\/wp\/v2\/posts\/8475\/revisions"}],"wp:attachment":[{"href":"https:\/\/www.celttv.com.ar\/index.php\/wp-json\/wp\/v2\/media?parent=8475"}],"wp:term":[{"taxonomy":"category","embeddable":true,"href":"https:\/\/www.celttv.com.ar\/index.php\/wp-json\/wp\/v2\/categories?post=8475"},{"taxonomy":"post_tag","embeddable":true,"href":"https:\/\/www.celttv.com.ar\/index.php\/wp-json\/wp\/v2\/tags?post=8475"}],"curies":[{"name":"wp","href":"https:\/\/api.w.org\/{rel}","templated":true}]}}