{"id":8481,"date":"2012-10-11T21:32:41","date_gmt":"2012-10-11T21:32:41","guid":{"rendered":"http:\/\/www.tvcnoticias.com.ar\/?p=8481"},"modified":"2012-10-11T21:32:41","modified_gmt":"2012-10-11T21:32:41","slug":"accidente-fatal-en-la-ruta-33-video","status":"publish","type":"post","link":"https:\/\/www.celttv.com.ar\/index.php\/2012\/10\/11\/accidente-fatal-en-la-ruta-33-video\/","title":{"rendered":"ACCIDENTE FATAL EN LA RUTA 76 (video)"},"content":{"rendered":"<p><a href=\"http:\/\/www.youtube.com\/watch?v=xlgGPVq68jA\">httpv:\/\/www.youtube.com\/watch?v=xlgGPVq68jA<\/a><\/p>\n<div><span style=\"font-size: xx-small;\">l efectivo policial de nuestra ciudad perdi\u00f3 la vida en la ma\u00f1ana del pasado domingo, como consecuencia de las grav\u00edsimas lesiones sufridas cuando el autom\u00f3vil que conduc\u00eda se incrust\u00f3 contra una de las barandas de un puente, emplazado sobre la ruta provincial 76, en cercan\u00edas al Parque Provincial Ernesto Tornquist.<\/span><\/div>\n<p><span style=\"font-size: xx-small;\">El accidente ocurri\u00f3 aproximadamente a las 6.40, en el kil\u00f3metro 223 de la carretera, en proximidades del acceso al complejo El Mirador del Abra de la Ventana, y result\u00f3 v\u00edctima Jos\u00e9 Luis Gallo (31), quien era oriundo de nuestra localidad.<br \/>\nGallo conduc\u00eda, en el sentido Villa Ventana-Tornquist, un Ford Escort negro, patente SWV 048, de modelo antiguo, que por causas desconocidas se cruz\u00f3 al carril contrario y colision\u00f3 contra una baranda del puente.<br \/>\nEl veh\u00edculo termin\u00f3 destrozado y dos ca\u00f1os que conformaban la baranda del puente, atravesaron de lado a lado el habit\u00e1culo.<br \/>\nA ra\u00edz del accidente concurrieron al lugar los Bomberos Voluntarios de Tornquist y la polic\u00eda de Seguridad Vial, as\u00ed como una ambulancia del Hospital Municipal Doctor Alberto Castro.<br \/>\nTambi\u00e9n fueron convocados los peritos de la Polic\u00eda Cient\u00edfica de Bah\u00eda Blanca, quienes trabajaron en la b\u00fasqueda de datos tendientes a establecer las causas del accidente.<br \/>\nFalleci\u00f3 en el acto.<br \/>\nEl comisario Osvaldo Guillermo Retamozo, titular de la Polic\u00eda Comunal de Tornquist, confirm\u00f3 a la prensa que Gallo qued\u00f3 atrapado entre los hierros retorcidos del rodado y habr\u00eda fallecido en el acto, principalmente por las heridas en la cabeza.<br \/>\n&#8220;La v\u00edctima ten\u00eda 31 a\u00f1os, era oriunda de Tornquist y se desempe\u00f1aba como oficial subayudante (en la seccional local), con una antig\u00fcedad de cuatro a\u00f1os&#8221;, agreg\u00f3 el titular de la polic\u00eda de Tornquist.<br \/>\nSe\u00f1al\u00f3 que alrededor de las 6.20 &#8220;viajaba de Sierra de la Ventana a Tornquist, y a 20 kil\u00f3metros de esta \u00faltima localidad no pudo controlar su veh\u00edculo; primero peg\u00f3 contra un guard-rail y despu\u00e9s choc\u00f3 contra la baranda de un puente&#8221;.<br \/>\n&#8220;Ah\u00ed el veh\u00edculo se incrust\u00f3 en una parte del puente y (Gallo) qued\u00f3 aprisionado por la misma carrocer\u00eda del auto. La v\u00edctima fatal era propietaria de un Ford Escort, modelo 1995, con el cual tuvo el accidente. El hombre viajaba solo al momento del hecho&#8221;.<br \/>\nSeg\u00fan indic\u00f3, la causa est\u00e1 caratulada como &#8220;accidente&#8221; y la instrucci\u00f3n se halla a cargo de la fiscal\u00eda en turno de Bah\u00eda Blanca.<br \/>\n&#8220;Cuando sacaron el cuerpo de adentro del coche, estaba muy golpeado en la parte de la cabeza&#8221;, dijo Retamozo, quien agreg\u00f3 que Gallo era padre de un hijo.<br \/>\n<\/span><\/p>\n","protected":false},"excerpt":{"rendered":"<p>httpv:\/\/www.youtube.com\/watch?v=xlgGPVq68jA l efectivo policial de nuestra ciudad perdi\u00f3 la vida en la ma\u00f1ana del pasado domingo, como consecuencia de las grav\u00edsimas lesiones sufridas cuando el autom\u00f3vil que conduc\u00eda se incrust\u00f3 contra una de las barandas de un puente, emplazado sobre la ruta provincial 76, en cercan\u00edas al Parque Provincial Ernesto Tornquist. El accidente ocurri\u00f3 aproximadamente [&hellip;]<\/p>\n","protected":false},"author":1,"featured_media":0,"comment_status":"closed","ping_status":"open","sticky":false,"template":"","format":"standard","meta":{"footnotes":""},"categories":[52,61,64],"tags":[],"class_list":["post-8481","post","type-post","status-publish","format-standard","hentry","category-destacadas","category-policiales","category-videos-destacados"],"yoast_head":"<!-- This site is optimized with the Yoast SEO plugin v19.7.1 - https:\/\/yoast.com\/wordpress\/plugins\/seo\/ -->\n<title>ACCIDENTE FATAL EN LA RUTA 76 (video) - CELTTV<\/title>\n<meta name=\"description\" content=\"Sitio web de noticias de la localidad de Tornquist, provincia de Buenos Aires, Rep\u00fablica Argentina. Contenido propio originado por periodistas de CELTTV, el canal de TV local de la Cooperativa El\u00e9ctrica de Tornquist. Turismo, Pol\u00edtica, Sociedad, Deporte, Cultura y todo el contenido de inter\u00e9s general que la gente del pueblo y la regi\u00f3n debe conocer.\" \/>\n<meta name=\"robots\" content=\"index, follow, max-snippet:-1, max-image-preview:large, max-video-preview:-1\" \/>\n<link rel=\"canonical\" href=\"https:\/\/www.celttv.com.ar\/index.php\/2012\/10\/11\/accidente-fatal-en-la-ruta-33-video\/\" \/>\n<meta property=\"og:locale\" content=\"es_ES\" \/>\n<meta property=\"og:type\" content=\"article\" \/>\n<meta property=\"og:title\" content=\"ACCIDENTE FATAL EN LA RUTA 76 (video) - CELTTV\" \/>\n<meta property=\"og:description\" content=\"Sitio web de noticias de la localidad de Tornquist, provincia de Buenos Aires, Rep\u00fablica Argentina. Contenido propio originado por periodistas de CELTTV, el canal de TV local de la Cooperativa El\u00e9ctrica de Tornquist. Turismo, Pol\u00edtica, Sociedad, Deporte, Cultura y todo el contenido de inter\u00e9s general que la gente del pueblo y la regi\u00f3n debe conocer.\" \/>\n<meta property=\"og:url\" content=\"https:\/\/www.celttv.com.ar\/index.php\/2012\/10\/11\/accidente-fatal-en-la-ruta-33-video\/\" \/>\n<meta property=\"og:site_name\" content=\"CELTTV\" \/>\n<meta property=\"article:publisher\" content=\"https:\/\/www.facebook.com\/celtTV\/\" \/>\n<meta property=\"article:published_time\" content=\"2012-10-11T21:32:41+00:00\" \/>\n<meta name=\"author\" content=\"ulises\" \/>\n<meta name=\"twitter:card\" content=\"summary_large_image\" \/>\n<meta name=\"twitter:label1\" content=\"Escrito por\" \/>\n\t<meta name=\"twitter:data1\" content=\"ulises\" \/>\n\t<meta name=\"twitter:label2\" content=\"Tiempo de lectura\" \/>\n\t<meta name=\"twitter:data2\" content=\"2 minutos\" \/>\n<script type=\"application\/ld+json\" class=\"yoast-schema-graph\">{\"@context\":\"https:\/\/schema.org\",\"@graph\":[{\"@type\":\"NewsArticle\",\"@id\":\"https:\/\/www.celttv.com.ar\/index.php\/2012\/10\/11\/accidente-fatal-en-la-ruta-33-video\/#article\",\"isPartOf\":{\"@id\":\"https:\/\/www.celttv.com.ar\/index.php\/2012\/10\/11\/accidente-fatal-en-la-ruta-33-video\/\"},\"author\":{\"name\":\"ulises\",\"@id\":\"https:\/\/www.celttv.com.ar\/#\/schema\/person\/6d99c072dba59953809c81446e9d0ace\"},\"headline\":\"ACCIDENTE FATAL EN LA RUTA 76 (video)\",\"datePublished\":\"2012-10-11T21:32:41+00:00\",\"dateModified\":\"2012-10-11T21:32:41+00:00\",\"mainEntityOfPage\":{\"@id\":\"https:\/\/www.celttv.com.ar\/index.php\/2012\/10\/11\/accidente-fatal-en-la-ruta-33-video\/\"},\"wordCount\":453,\"publisher\":{\"@id\":\"https:\/\/www.celttv.com.ar\/#organization\"},\"articleSection\":[\"Destacadas\",\"Policiales\",\"Videos Destacados\"],\"inLanguage\":\"es\"},{\"@type\":\"WebPage\",\"@id\":\"https:\/\/www.celttv.com.ar\/index.php\/2012\/10\/11\/accidente-fatal-en-la-ruta-33-video\/\",\"url\":\"https:\/\/www.celttv.com.ar\/index.php\/2012\/10\/11\/accidente-fatal-en-la-ruta-33-video\/\",\"name\":\"ACCIDENTE FATAL EN LA RUTA 76 (video) - CELTTV\",\"isPartOf\":{\"@id\":\"https:\/\/www.celttv.com.ar\/#website\"},\"datePublished\":\"2012-10-11T21:32:41+00:00\",\"dateModified\":\"2012-10-11T21:32:41+00:00\",\"description\":\"Sitio web de noticias de la localidad de Tornquist, provincia de Buenos Aires, Rep\u00fablica Argentina. Contenido propio originado por periodistas de CELTTV, el canal de TV local de la Cooperativa El\u00e9ctrica de Tornquist. Turismo, Pol\u00edtica, Sociedad, Deporte, Cultura y todo el contenido de inter\u00e9s general que la gente del pueblo y la regi\u00f3n debe conocer.\",\"breadcrumb\":{\"@id\":\"https:\/\/www.celttv.com.ar\/index.php\/2012\/10\/11\/accidente-fatal-en-la-ruta-33-video\/#breadcrumb\"},\"inLanguage\":\"es\",\"potentialAction\":[{\"@type\":\"ReadAction\",\"target\":[\"https:\/\/www.celttv.com.ar\/index.php\/2012\/10\/11\/accidente-fatal-en-la-ruta-33-video\/\"]}]},{\"@type\":\"BreadcrumbList\",\"@id\":\"https:\/\/www.celttv.com.ar\/index.php\/2012\/10\/11\/accidente-fatal-en-la-ruta-33-video\/#breadcrumb\",\"itemListElement\":[{\"@type\":\"ListItem\",\"position\":1,\"name\":\"Inicio\",\"item\":\"https:\/\/www.celttv.com.ar\/\"},{\"@type\":\"ListItem\",\"position\":2,\"name\":\"ACCIDENTE FATAL EN LA RUTA 76 (video)\"}]},{\"@type\":\"WebSite\",\"@id\":\"https:\/\/www.celttv.com.ar\/#website\",\"url\":\"https:\/\/www.celttv.com.ar\/\",\"name\":\"CELTTV\",\"description\":\"Cooperativa El\u00e9ctrica de Tornquist\",\"publisher\":{\"@id\":\"https:\/\/www.celttv.com.ar\/#organization\"},\"potentialAction\":[{\"@type\":\"SearchAction\",\"target\":{\"@type\":\"EntryPoint\",\"urlTemplate\":\"https:\/\/www.celttv.com.ar\/?s={search_term_string}\"},\"query-input\":\"required name=search_term_string\"}],\"inLanguage\":\"es\"},{\"@type\":\"Organization\",\"@id\":\"https:\/\/www.celttv.com.ar\/#organization\",\"name\":\"CELTTV\",\"url\":\"https:\/\/www.celttv.com.ar\/\",\"sameAs\":[\"https:\/\/www.youtube.com\/channel\/UCz_oIt8Hig64Ub-EmcNPIhg\",\"https:\/\/www.facebook.com\/celtTV\/\"],\"logo\":{\"@type\":\"ImageObject\",\"inLanguage\":\"es\",\"@id\":\"https:\/\/www.celttv.com.ar\/#\/schema\/logo\/image\/\",\"url\":\"http:\/\/www.celttv.com.ar\/wp-content\/uploads\/2022\/08\/logo-1.png\",\"contentUrl\":\"http:\/\/www.celttv.com.ar\/wp-content\/uploads\/2022\/08\/logo-1.png\",\"width\":461,\"height\":159,\"caption\":\"CELTTV\"},\"image\":{\"@id\":\"https:\/\/www.celttv.com.ar\/#\/schema\/logo\/image\/\"}},{\"@type\":\"Person\",\"@id\":\"https:\/\/www.celttv.com.ar\/#\/schema\/person\/6d99c072dba59953809c81446e9d0ace\",\"name\":\"ulises\",\"image\":{\"@type\":\"ImageObject\",\"inLanguage\":\"es\",\"@id\":\"https:\/\/www.celttv.com.ar\/#\/schema\/person\/image\/\",\"url\":\"https:\/\/secure.gravatar.com\/avatar\/7f2c48bdc33b30088f941fb6082e555f2874c98e20cb159d7b92b50eadfce793?s=96&d=mm&r=g\",\"contentUrl\":\"https:\/\/secure.gravatar.com\/avatar\/7f2c48bdc33b30088f941fb6082e555f2874c98e20cb159d7b92b50eadfce793?s=96&d=mm&r=g\",\"caption\":\"ulises\"},\"sameAs\":[\"http:\/\/www.celttv.com.ar\"]}]}<\/script>\n<!-- \/ Yoast SEO plugin. -->","yoast_head_json":{"title":"ACCIDENTE FATAL EN LA RUTA 76 (video) - CELTTV","description":"Sitio web de noticias de la localidad de Tornquist, provincia de Buenos Aires, Rep\u00fablica Argentina. Contenido propio originado por periodistas de CELTTV, el canal de TV local de la Cooperativa El\u00e9ctrica de Tornquist. Turismo, Pol\u00edtica, Sociedad, Deporte, Cultura y todo el contenido de inter\u00e9s general que la gente del pueblo y la regi\u00f3n debe conocer.","robots":{"index":"index","follow":"follow","max-snippet":"max-snippet:-1","max-image-preview":"max-image-preview:large","max-video-preview":"max-video-preview:-1"},"canonical":"https:\/\/www.celttv.com.ar\/index.php\/2012\/10\/11\/accidente-fatal-en-la-ruta-33-video\/","og_locale":"es_ES","og_type":"article","og_title":"ACCIDENTE FATAL EN LA RUTA 76 (video) - CELTTV","og_description":"Sitio web de noticias de la localidad de Tornquist, provincia de Buenos Aires, Rep\u00fablica Argentina. Contenido propio originado por periodistas de CELTTV, el canal de TV local de la Cooperativa El\u00e9ctrica de Tornquist. Turismo, Pol\u00edtica, Sociedad, Deporte, Cultura y todo el contenido de inter\u00e9s general que la gente del pueblo y la regi\u00f3n debe conocer.","og_url":"https:\/\/www.celttv.com.ar\/index.php\/2012\/10\/11\/accidente-fatal-en-la-ruta-33-video\/","og_site_name":"CELTTV","article_publisher":"https:\/\/www.facebook.com\/celtTV\/","article_published_time":"2012-10-11T21:32:41+00:00","author":"ulises","twitter_card":"summary_large_image","twitter_misc":{"Escrito por":"ulises","Tiempo de lectura":"2 minutos"},"schema":{"@context":"https:\/\/schema.org","@graph":[{"@type":"NewsArticle","@id":"https:\/\/www.celttv.com.ar\/index.php\/2012\/10\/11\/accidente-fatal-en-la-ruta-33-video\/#article","isPartOf":{"@id":"https:\/\/www.celttv.com.ar\/index.php\/2012\/10\/11\/accidente-fatal-en-la-ruta-33-video\/"},"author":{"name":"ulises","@id":"https:\/\/www.celttv.com.ar\/#\/schema\/person\/6d99c072dba59953809c81446e9d0ace"},"headline":"ACCIDENTE FATAL EN LA RUTA 76 (video)","datePublished":"2012-10-11T21:32:41+00:00","dateModified":"2012-10-11T21:32:41+00:00","mainEntityOfPage":{"@id":"https:\/\/www.celttv.com.ar\/index.php\/2012\/10\/11\/accidente-fatal-en-la-ruta-33-video\/"},"wordCount":453,"publisher":{"@id":"https:\/\/www.celttv.com.ar\/#organization"},"articleSection":["Destacadas","Policiales","Videos Destacados"],"inLanguage":"es"},{"@type":"WebPage","@id":"https:\/\/www.celttv.com.ar\/index.php\/2012\/10\/11\/accidente-fatal-en-la-ruta-33-video\/","url":"https:\/\/www.celttv.com.ar\/index.php\/2012\/10\/11\/accidente-fatal-en-la-ruta-33-video\/","name":"ACCIDENTE FATAL EN LA RUTA 76 (video) - CELTTV","isPartOf":{"@id":"https:\/\/www.celttv.com.ar\/#website"},"datePublished":"2012-10-11T21:32:41+00:00","dateModified":"2012-10-11T21:32:41+00:00","description":"Sitio web de noticias de la localidad de Tornquist, provincia de Buenos Aires, Rep\u00fablica Argentina. Contenido propio originado por periodistas de CELTTV, el canal de TV local de la Cooperativa El\u00e9ctrica de Tornquist. Turismo, Pol\u00edtica, Sociedad, Deporte, Cultura y todo el contenido de inter\u00e9s general que la gente del pueblo y la regi\u00f3n debe conocer.","breadcrumb":{"@id":"https:\/\/www.celttv.com.ar\/index.php\/2012\/10\/11\/accidente-fatal-en-la-ruta-33-video\/#breadcrumb"},"inLanguage":"es","potentialAction":[{"@type":"ReadAction","target":["https:\/\/www.celttv.com.ar\/index.php\/2012\/10\/11\/accidente-fatal-en-la-ruta-33-video\/"]}]},{"@type":"BreadcrumbList","@id":"https:\/\/www.celttv.com.ar\/index.php\/2012\/10\/11\/accidente-fatal-en-la-ruta-33-video\/#breadcrumb","itemListElement":[{"@type":"ListItem","position":1,"name":"Inicio","item":"https:\/\/www.celttv.com.ar\/"},{"@type":"ListItem","position":2,"name":"ACCIDENTE FATAL EN LA RUTA 76 (video)"}]},{"@type":"WebSite","@id":"https:\/\/www.celttv.com.ar\/#website","url":"https:\/\/www.celttv.com.ar\/","name":"CELTTV","description":"Cooperativa El\u00e9ctrica de Tornquist","publisher":{"@id":"https:\/\/www.celttv.com.ar\/#organization"},"potentialAction":[{"@type":"SearchAction","target":{"@type":"EntryPoint","urlTemplate":"https:\/\/www.celttv.com.ar\/?s={search_term_string}"},"query-input":"required name=search_term_string"}],"inLanguage":"es"},{"@type":"Organization","@id":"https:\/\/www.celttv.com.ar\/#organization","name":"CELTTV","url":"https:\/\/www.celttv.com.ar\/","sameAs":["https:\/\/www.youtube.com\/channel\/UCz_oIt8Hig64Ub-EmcNPIhg","https:\/\/www.facebook.com\/celtTV\/"],"logo":{"@type":"ImageObject","inLanguage":"es","@id":"https:\/\/www.celttv.com.ar\/#\/schema\/logo\/image\/","url":"http:\/\/www.celttv.com.ar\/wp-content\/uploads\/2022\/08\/logo-1.png","contentUrl":"http:\/\/www.celttv.com.ar\/wp-content\/uploads\/2022\/08\/logo-1.png","width":461,"height":159,"caption":"CELTTV"},"image":{"@id":"https:\/\/www.celttv.com.ar\/#\/schema\/logo\/image\/"}},{"@type":"Person","@id":"https:\/\/www.celttv.com.ar\/#\/schema\/person\/6d99c072dba59953809c81446e9d0ace","name":"ulises","image":{"@type":"ImageObject","inLanguage":"es","@id":"https:\/\/www.celttv.com.ar\/#\/schema\/person\/image\/","url":"https:\/\/secure.gravatar.com\/avatar\/7f2c48bdc33b30088f941fb6082e555f2874c98e20cb159d7b92b50eadfce793?s=96&d=mm&r=g","contentUrl":"https:\/\/secure.gravatar.com\/avatar\/7f2c48bdc33b30088f941fb6082e555f2874c98e20cb159d7b92b50eadfce793?s=96&d=mm&r=g","caption":"ulises"},"sameAs":["http:\/\/www.celttv.com.ar"]}]}},"_links":{"self":[{"href":"https:\/\/www.celttv.com.ar\/index.php\/wp-json\/wp\/v2\/posts\/8481","targetHints":{"allow":["GET"]}}],"collection":[{"href":"https:\/\/www.celttv.com.ar\/index.php\/wp-json\/wp\/v2\/posts"}],"about":[{"href":"https:\/\/www.celttv.com.ar\/index.php\/wp-json\/wp\/v2\/types\/post"}],"author":[{"embeddable":true,"href":"https:\/\/www.celttv.com.ar\/index.php\/wp-json\/wp\/v2\/users\/1"}],"replies":[{"embeddable":true,"href":"https:\/\/www.celttv.com.ar\/index.php\/wp-json\/wp\/v2\/comments?post=8481"}],"version-history":[{"count":0,"href":"https:\/\/www.celttv.com.ar\/index.php\/wp-json\/wp\/v2\/posts\/8481\/revisions"}],"wp:attachment":[{"href":"https:\/\/www.celttv.com.ar\/index.php\/wp-json\/wp\/v2\/media?parent=8481"}],"wp:term":[{"taxonomy":"category","embeddable":true,"href":"https:\/\/www.celttv.com.ar\/index.php\/wp-json\/wp\/v2\/categories?post=8481"},{"taxonomy":"post_tag","embeddable":true,"href":"https:\/\/www.celttv.com.ar\/index.php\/wp-json\/wp\/v2\/tags?post=8481"}],"curies":[{"name":"wp","href":"https:\/\/api.w.org\/{rel}","templated":true}]}}