{"id":84971,"date":"2024-07-08T19:21:16","date_gmt":"2024-07-08T22:21:16","guid":{"rendered":"https:\/\/www.celttv.com.ar\/?p=84971"},"modified":"2024-07-08T19:21:16","modified_gmt":"2024-07-08T22:21:16","slug":"proyecto-juntos-ucr-beneficio-para-trabajadores-municipales","status":"publish","type":"post","link":"https:\/\/www.celttv.com.ar\/index.php\/2024\/07\/08\/proyecto-juntos-ucr-beneficio-para-trabajadores-municipales\/","title":{"rendered":"Proyecto JUNTOS-UCR.: Beneficio para trabajadores municipales"},"content":{"rendered":"<p><strong><u>\u00a0<\/u><\/strong><\/p>\n<p><strong><u>VISTO:<\/u><\/strong><\/p>\n<p>Los Art. N\u00b0 14bis y 16 de la Constituci\u00f3n Nacional;<\/p>\n<p>La Ley Provincial N\u00b0 14.656;<\/p>\n<p>Las Ordenanzas Municipales N\u00b0 2816\/16 (Estatuto para el personal de la Municipalidad de Tornquist) y 2857\/16, y;<\/p>\n<p><strong><u>\u00a0<\/u><\/strong><\/p>\n<p><strong><u>CONSIDERANDO: <\/u><\/strong><\/p>\n<p>Que las normativas mencionadas reconocen el DERECHO del personal municipal a percibir una bonificaci\u00f3n por t\u00edtulo (secundario, terciario y\/o universitario);<\/p>\n<p>Que no se pueden vulnerar los derechos de los trabajadores;<\/p>\n<p>Que no puede existir discrecionalidad en la aplicaci\u00f3n de la norma;<\/p>\n<p>Que la discrecionalidad mencionada genera un marco de desigualdad entre los agentes municipales;<\/p>\n<p>Que creemos fundamental el reconocimiento y la profesionalizaci\u00f3n de los agentes municipales;<\/p>\n<p>Por ello:<\/p>\n<p><strong><u>LOS BLOQUES DE JUNTOS Y JUNTOS POR EL CAMBIO<\/u><\/strong><\/p>\n<p><strong><u>PROPONEN EL SIGUIENTE<\/u><\/strong><\/p>\n<p><strong><u>PROYECTO DE RESOLUCI\u00d3N<\/u><\/strong><\/p>\n<p><strong><u>\u00a0<\/u><\/strong><\/p>\n<p><strong><u>ARTICULO 1\u00b0:<\/u><\/strong> Solicitar al Departamento Ejecutivo que d\u00e9 cumplimiento en su totalidad con la Ordenanza Municipal N\u00b0 2857\/16, Art. 2\u00ba, que modific\u00f3 el Art.27\u00ba inciso C del Estatuto para el personal de la Municipalidad de Tornquist.<\/p>\n<p><strong><u>\u00a0<\/u><\/strong><\/p>\n<p><strong><u>ARTICULO 2\u00b0:<\/u><\/strong> Proponer al Departamento Ejecutivo, contemple la posibilidad de agregar un<strong><em> \u201cplus extra por aplicaci\u00f3n del t\u00edtulo\u201d<\/em><\/strong> para todos los empleados del Municipio.<\/p>\n<p><strong><u>\u00a0<\/u><\/strong><\/p>\n<p><strong><u>ARTICULO 3<\/u><\/strong>\u00b0: De forma.<\/p>\n<p>&nbsp;<\/p>\n<p><img loading=\"lazy\" decoding=\"async\" class=\"alignnone wp-image-84972 size-full\" src=\"https:\/\/www.celttv.com.ar\/wp-content\/uploads\/2024\/07\/RESOLUCION-BENEFICIO-TRABAJADORES-MUNICIPALES.png\" alt=\"\" width=\"940\" height=\"788\" srcset=\"https:\/\/www.celttv.com.ar\/wp-content\/uploads\/2024\/07\/RESOLUCION-BENEFICIO-TRABAJADORES-MUNICIPALES.png 940w, https:\/\/www.celttv.com.ar\/wp-content\/uploads\/2024\/07\/RESOLUCION-BENEFICIO-TRABAJADORES-MUNICIPALES-300x251.png 300w, https:\/\/www.celttv.com.ar\/wp-content\/uploads\/2024\/07\/RESOLUCION-BENEFICIO-TRABAJADORES-MUNICIPALES-768x644.png 768w, https:\/\/www.celttv.com.ar\/wp-content\/uploads\/2024\/07\/RESOLUCION-BENEFICIO-TRABAJADORES-MUNICIPALES-750x629.png 750w\" sizes=\"auto, (max-width: 940px) 100vw, 940px\" \/><\/p>\n","protected":false},"excerpt":{"rendered":"<p>\u00a0 VISTO: Los Art. N\u00b0 14bis y 16 de la Constituci\u00f3n Nacional; La Ley Provincial N\u00b0 14.656; Las Ordenanzas Municipales N\u00b0 2816\/16 (Estatuto para el personal de la Municipalidad de Tornquist) y 2857\/16, y; \u00a0 CONSIDERANDO: Que las normativas mencionadas reconocen el DERECHO del personal municipal a percibir una bonificaci\u00f3n por t\u00edtulo (secundario, terciario y\/o [&hellip;]<\/p>\n","protected":false},"author":5,"featured_media":84972,"comment_status":"closed","ping_status":"closed","sticky":false,"template":"","format":"standard","meta":{"footnotes":""},"categories":[53],"tags":[],"class_list":["post-84971","post","type-post","status-publish","format-standard","has-post-thumbnail","hentry","category-politica"],"yoast_head":"<!-- This site is optimized with the Yoast SEO plugin v19.7.1 - https:\/\/yoast.com\/wordpress\/plugins\/seo\/ -->\n<title>Proyecto JUNTOS-UCR.: Beneficio para trabajadores municipales - CELTTV<\/title>\n<meta name=\"description\" content=\"Sitio web de noticias de la localidad de Tornquist, provincia de Buenos Aires, Rep\u00fablica Argentina. Contenido propio originado por periodistas de CELTTV, el canal de TV local de la Cooperativa El\u00e9ctrica de Tornquist. Turismo, Pol\u00edtica, Sociedad, Deporte, Cultura y todo el contenido de inter\u00e9s general que la gente del pueblo y la regi\u00f3n debe conocer.\" \/>\n<meta name=\"robots\" content=\"index, follow, max-snippet:-1, max-image-preview:large, max-video-preview:-1\" \/>\n<link rel=\"canonical\" href=\"https:\/\/www.celttv.com.ar\/index.php\/2024\/07\/08\/proyecto-juntos-ucr-beneficio-para-trabajadores-municipales\/\" \/>\n<meta property=\"og:locale\" content=\"es_ES\" \/>\n<meta property=\"og:type\" content=\"article\" \/>\n<meta property=\"og:title\" content=\"Proyecto JUNTOS-UCR.: Beneficio para trabajadores municipales - CELTTV\" \/>\n<meta property=\"og:description\" content=\"Sitio web de noticias de la localidad de Tornquist, provincia de Buenos Aires, Rep\u00fablica Argentina. Contenido propio originado por periodistas de CELTTV, el canal de TV local de la Cooperativa El\u00e9ctrica de Tornquist. Turismo, Pol\u00edtica, Sociedad, Deporte, Cultura y todo el contenido de inter\u00e9s general que la gente del pueblo y la regi\u00f3n debe conocer.\" \/>\n<meta property=\"og:url\" content=\"https:\/\/www.celttv.com.ar\/index.php\/2024\/07\/08\/proyecto-juntos-ucr-beneficio-para-trabajadores-municipales\/\" \/>\n<meta property=\"og:site_name\" content=\"CELTTV\" \/>\n<meta property=\"article:publisher\" content=\"https:\/\/www.facebook.com\/celtTV\/\" \/>\n<meta property=\"article:published_time\" content=\"2024-07-08T22:21:16+00:00\" \/>\n<meta property=\"og:image\" content=\"https:\/\/www.celttv.com.ar\/wp-content\/uploads\/2024\/07\/RESOLUCION-BENEFICIO-TRABAJADORES-MUNICIPALES.png\" \/>\n\t<meta property=\"og:image:width\" content=\"940\" \/>\n\t<meta property=\"og:image:height\" content=\"788\" \/>\n\t<meta property=\"og:image:type\" content=\"image\/png\" \/>\n<meta name=\"author\" content=\"Miguel Herrada\" \/>\n<meta name=\"twitter:card\" content=\"summary_large_image\" \/>\n<meta name=\"twitter:label1\" content=\"Escrito por\" \/>\n\t<meta name=\"twitter:data1\" content=\"Miguel Herrada\" \/>\n\t<meta name=\"twitter:label2\" content=\"Tiempo de lectura\" \/>\n\t<meta name=\"twitter:data2\" content=\"1 minuto\" \/>\n<script type=\"application\/ld+json\" class=\"yoast-schema-graph\">{\"@context\":\"https:\/\/schema.org\",\"@graph\":[{\"@type\":\"NewsArticle\",\"@id\":\"https:\/\/www.celttv.com.ar\/index.php\/2024\/07\/08\/proyecto-juntos-ucr-beneficio-para-trabajadores-municipales\/#article\",\"isPartOf\":{\"@id\":\"https:\/\/www.celttv.com.ar\/index.php\/2024\/07\/08\/proyecto-juntos-ucr-beneficio-para-trabajadores-municipales\/\"},\"author\":{\"name\":\"Miguel Herrada\",\"@id\":\"https:\/\/www.celttv.com.ar\/#\/schema\/person\/9059dc91dc7204ef4182cdb65225f07d\"},\"headline\":\"Proyecto JUNTOS-UCR.: Beneficio para trabajadores municipales\",\"datePublished\":\"2024-07-08T22:21:16+00:00\",\"dateModified\":\"2024-07-08T22:21:16+00:00\",\"mainEntityOfPage\":{\"@id\":\"https:\/\/www.celttv.com.ar\/index.php\/2024\/07\/08\/proyecto-juntos-ucr-beneficio-para-trabajadores-municipales\/\"},\"wordCount\":188,\"publisher\":{\"@id\":\"https:\/\/www.celttv.com.ar\/#organization\"},\"articleSection\":[\"Pol\u00edtica\"],\"inLanguage\":\"es\"},{\"@type\":\"WebPage\",\"@id\":\"https:\/\/www.celttv.com.ar\/index.php\/2024\/07\/08\/proyecto-juntos-ucr-beneficio-para-trabajadores-municipales\/\",\"url\":\"https:\/\/www.celttv.com.ar\/index.php\/2024\/07\/08\/proyecto-juntos-ucr-beneficio-para-trabajadores-municipales\/\",\"name\":\"Proyecto JUNTOS-UCR.: Beneficio para trabajadores municipales - CELTTV\",\"isPartOf\":{\"@id\":\"https:\/\/www.celttv.com.ar\/#website\"},\"datePublished\":\"2024-07-08T22:21:16+00:00\",\"dateModified\":\"2024-07-08T22:21:16+00:00\",\"description\":\"Sitio web de noticias de la localidad de Tornquist, provincia de Buenos Aires, Rep\u00fablica Argentina. Contenido propio originado por periodistas de CELTTV, el canal de TV local de la Cooperativa El\u00e9ctrica de Tornquist. Turismo, Pol\u00edtica, Sociedad, Deporte, Cultura y todo el contenido de inter\u00e9s general que la gente del pueblo y la regi\u00f3n debe conocer.\",\"breadcrumb\":{\"@id\":\"https:\/\/www.celttv.com.ar\/index.php\/2024\/07\/08\/proyecto-juntos-ucr-beneficio-para-trabajadores-municipales\/#breadcrumb\"},\"inLanguage\":\"es\",\"potentialAction\":[{\"@type\":\"ReadAction\",\"target\":[\"https:\/\/www.celttv.com.ar\/index.php\/2024\/07\/08\/proyecto-juntos-ucr-beneficio-para-trabajadores-municipales\/\"]}]},{\"@type\":\"BreadcrumbList\",\"@id\":\"https:\/\/www.celttv.com.ar\/index.php\/2024\/07\/08\/proyecto-juntos-ucr-beneficio-para-trabajadores-municipales\/#breadcrumb\",\"itemListElement\":[{\"@type\":\"ListItem\",\"position\":1,\"name\":\"Inicio\",\"item\":\"https:\/\/www.celttv.com.ar\/\"},{\"@type\":\"ListItem\",\"position\":2,\"name\":\"Proyecto JUNTOS-UCR.: Beneficio para trabajadores municipales\"}]},{\"@type\":\"WebSite\",\"@id\":\"https:\/\/www.celttv.com.ar\/#website\",\"url\":\"https:\/\/www.celttv.com.ar\/\",\"name\":\"CELTTV\",\"description\":\"Cooperativa El\u00e9ctrica de Tornquist\",\"publisher\":{\"@id\":\"https:\/\/www.celttv.com.ar\/#organization\"},\"potentialAction\":[{\"@type\":\"SearchAction\",\"target\":{\"@type\":\"EntryPoint\",\"urlTemplate\":\"https:\/\/www.celttv.com.ar\/?s={search_term_string}\"},\"query-input\":\"required name=search_term_string\"}],\"inLanguage\":\"es\"},{\"@type\":\"Organization\",\"@id\":\"https:\/\/www.celttv.com.ar\/#organization\",\"name\":\"CELTTV\",\"url\":\"https:\/\/www.celttv.com.ar\/\",\"sameAs\":[\"https:\/\/www.youtube.com\/channel\/UCz_oIt8Hig64Ub-EmcNPIhg\",\"https:\/\/www.facebook.com\/celtTV\/\"],\"logo\":{\"@type\":\"ImageObject\",\"inLanguage\":\"es\",\"@id\":\"https:\/\/www.celttv.com.ar\/#\/schema\/logo\/image\/\",\"url\":\"http:\/\/www.celttv.com.ar\/wp-content\/uploads\/2022\/08\/logo-1.png\",\"contentUrl\":\"http:\/\/www.celttv.com.ar\/wp-content\/uploads\/2022\/08\/logo-1.png\",\"width\":461,\"height\":159,\"caption\":\"CELTTV\"},\"image\":{\"@id\":\"https:\/\/www.celttv.com.ar\/#\/schema\/logo\/image\/\"}},{\"@type\":\"Person\",\"@id\":\"https:\/\/www.celttv.com.ar\/#\/schema\/person\/9059dc91dc7204ef4182cdb65225f07d\",\"name\":\"Miguel Herrada\",\"image\":{\"@type\":\"ImageObject\",\"inLanguage\":\"es\",\"@id\":\"https:\/\/www.celttv.com.ar\/#\/schema\/person\/image\/\",\"url\":\"https:\/\/secure.gravatar.com\/avatar\/67724d5b3c716623ffd76bec7e45841a442ac3b456e914dbba90b0fad2b8e0b1?s=96&d=mm&r=g\",\"contentUrl\":\"https:\/\/secure.gravatar.com\/avatar\/67724d5b3c716623ffd76bec7e45841a442ac3b456e914dbba90b0fad2b8e0b1?s=96&d=mm&r=g\",\"caption\":\"Miguel Herrada\"}}]}<\/script>\n<!-- \/ Yoast SEO plugin. -->","yoast_head_json":{"title":"Proyecto JUNTOS-UCR.: Beneficio para trabajadores municipales - CELTTV","description":"Sitio web de noticias de la localidad de Tornquist, provincia de Buenos Aires, Rep\u00fablica Argentina. Contenido propio originado por periodistas de CELTTV, el canal de TV local de la Cooperativa El\u00e9ctrica de Tornquist. Turismo, Pol\u00edtica, Sociedad, Deporte, Cultura y todo el contenido de inter\u00e9s general que la gente del pueblo y la regi\u00f3n debe conocer.","robots":{"index":"index","follow":"follow","max-snippet":"max-snippet:-1","max-image-preview":"max-image-preview:large","max-video-preview":"max-video-preview:-1"},"canonical":"https:\/\/www.celttv.com.ar\/index.php\/2024\/07\/08\/proyecto-juntos-ucr-beneficio-para-trabajadores-municipales\/","og_locale":"es_ES","og_type":"article","og_title":"Proyecto JUNTOS-UCR.: Beneficio para trabajadores municipales - CELTTV","og_description":"Sitio web de noticias de la localidad de Tornquist, provincia de Buenos Aires, Rep\u00fablica Argentina. Contenido propio originado por periodistas de CELTTV, el canal de TV local de la Cooperativa El\u00e9ctrica de Tornquist. Turismo, Pol\u00edtica, Sociedad, Deporte, Cultura y todo el contenido de inter\u00e9s general que la gente del pueblo y la regi\u00f3n debe conocer.","og_url":"https:\/\/www.celttv.com.ar\/index.php\/2024\/07\/08\/proyecto-juntos-ucr-beneficio-para-trabajadores-municipales\/","og_site_name":"CELTTV","article_publisher":"https:\/\/www.facebook.com\/celtTV\/","article_published_time":"2024-07-08T22:21:16+00:00","og_image":[{"width":940,"height":788,"url":"https:\/\/www.celttv.com.ar\/wp-content\/uploads\/2024\/07\/RESOLUCION-BENEFICIO-TRABAJADORES-MUNICIPALES.png","type":"image\/png"}],"author":"Miguel Herrada","twitter_card":"summary_large_image","twitter_misc":{"Escrito por":"Miguel Herrada","Tiempo de lectura":"1 minuto"},"schema":{"@context":"https:\/\/schema.org","@graph":[{"@type":"NewsArticle","@id":"https:\/\/www.celttv.com.ar\/index.php\/2024\/07\/08\/proyecto-juntos-ucr-beneficio-para-trabajadores-municipales\/#article","isPartOf":{"@id":"https:\/\/www.celttv.com.ar\/index.php\/2024\/07\/08\/proyecto-juntos-ucr-beneficio-para-trabajadores-municipales\/"},"author":{"name":"Miguel Herrada","@id":"https:\/\/www.celttv.com.ar\/#\/schema\/person\/9059dc91dc7204ef4182cdb65225f07d"},"headline":"Proyecto JUNTOS-UCR.: Beneficio para trabajadores municipales","datePublished":"2024-07-08T22:21:16+00:00","dateModified":"2024-07-08T22:21:16+00:00","mainEntityOfPage":{"@id":"https:\/\/www.celttv.com.ar\/index.php\/2024\/07\/08\/proyecto-juntos-ucr-beneficio-para-trabajadores-municipales\/"},"wordCount":188,"publisher":{"@id":"https:\/\/www.celttv.com.ar\/#organization"},"articleSection":["Pol\u00edtica"],"inLanguage":"es"},{"@type":"WebPage","@id":"https:\/\/www.celttv.com.ar\/index.php\/2024\/07\/08\/proyecto-juntos-ucr-beneficio-para-trabajadores-municipales\/","url":"https:\/\/www.celttv.com.ar\/index.php\/2024\/07\/08\/proyecto-juntos-ucr-beneficio-para-trabajadores-municipales\/","name":"Proyecto JUNTOS-UCR.: Beneficio para trabajadores municipales - CELTTV","isPartOf":{"@id":"https:\/\/www.celttv.com.ar\/#website"},"datePublished":"2024-07-08T22:21:16+00:00","dateModified":"2024-07-08T22:21:16+00:00","description":"Sitio web de noticias de la localidad de Tornquist, provincia de Buenos Aires, Rep\u00fablica Argentina. Contenido propio originado por periodistas de CELTTV, el canal de TV local de la Cooperativa El\u00e9ctrica de Tornquist. Turismo, Pol\u00edtica, Sociedad, Deporte, Cultura y todo el contenido de inter\u00e9s general que la gente del pueblo y la regi\u00f3n debe conocer.","breadcrumb":{"@id":"https:\/\/www.celttv.com.ar\/index.php\/2024\/07\/08\/proyecto-juntos-ucr-beneficio-para-trabajadores-municipales\/#breadcrumb"},"inLanguage":"es","potentialAction":[{"@type":"ReadAction","target":["https:\/\/www.celttv.com.ar\/index.php\/2024\/07\/08\/proyecto-juntos-ucr-beneficio-para-trabajadores-municipales\/"]}]},{"@type":"BreadcrumbList","@id":"https:\/\/www.celttv.com.ar\/index.php\/2024\/07\/08\/proyecto-juntos-ucr-beneficio-para-trabajadores-municipales\/#breadcrumb","itemListElement":[{"@type":"ListItem","position":1,"name":"Inicio","item":"https:\/\/www.celttv.com.ar\/"},{"@type":"ListItem","position":2,"name":"Proyecto JUNTOS-UCR.: Beneficio para trabajadores municipales"}]},{"@type":"WebSite","@id":"https:\/\/www.celttv.com.ar\/#website","url":"https:\/\/www.celttv.com.ar\/","name":"CELTTV","description":"Cooperativa El\u00e9ctrica de Tornquist","publisher":{"@id":"https:\/\/www.celttv.com.ar\/#organization"},"potentialAction":[{"@type":"SearchAction","target":{"@type":"EntryPoint","urlTemplate":"https:\/\/www.celttv.com.ar\/?s={search_term_string}"},"query-input":"required name=search_term_string"}],"inLanguage":"es"},{"@type":"Organization","@id":"https:\/\/www.celttv.com.ar\/#organization","name":"CELTTV","url":"https:\/\/www.celttv.com.ar\/","sameAs":["https:\/\/www.youtube.com\/channel\/UCz_oIt8Hig64Ub-EmcNPIhg","https:\/\/www.facebook.com\/celtTV\/"],"logo":{"@type":"ImageObject","inLanguage":"es","@id":"https:\/\/www.celttv.com.ar\/#\/schema\/logo\/image\/","url":"http:\/\/www.celttv.com.ar\/wp-content\/uploads\/2022\/08\/logo-1.png","contentUrl":"http:\/\/www.celttv.com.ar\/wp-content\/uploads\/2022\/08\/logo-1.png","width":461,"height":159,"caption":"CELTTV"},"image":{"@id":"https:\/\/www.celttv.com.ar\/#\/schema\/logo\/image\/"}},{"@type":"Person","@id":"https:\/\/www.celttv.com.ar\/#\/schema\/person\/9059dc91dc7204ef4182cdb65225f07d","name":"Miguel Herrada","image":{"@type":"ImageObject","inLanguage":"es","@id":"https:\/\/www.celttv.com.ar\/#\/schema\/person\/image\/","url":"https:\/\/secure.gravatar.com\/avatar\/67724d5b3c716623ffd76bec7e45841a442ac3b456e914dbba90b0fad2b8e0b1?s=96&d=mm&r=g","contentUrl":"https:\/\/secure.gravatar.com\/avatar\/67724d5b3c716623ffd76bec7e45841a442ac3b456e914dbba90b0fad2b8e0b1?s=96&d=mm&r=g","caption":"Miguel Herrada"}}]}},"_links":{"self":[{"href":"https:\/\/www.celttv.com.ar\/index.php\/wp-json\/wp\/v2\/posts\/84971","targetHints":{"allow":["GET"]}}],"collection":[{"href":"https:\/\/www.celttv.com.ar\/index.php\/wp-json\/wp\/v2\/posts"}],"about":[{"href":"https:\/\/www.celttv.com.ar\/index.php\/wp-json\/wp\/v2\/types\/post"}],"author":[{"embeddable":true,"href":"https:\/\/www.celttv.com.ar\/index.php\/wp-json\/wp\/v2\/users\/5"}],"replies":[{"embeddable":true,"href":"https:\/\/www.celttv.com.ar\/index.php\/wp-json\/wp\/v2\/comments?post=84971"}],"version-history":[{"count":1,"href":"https:\/\/www.celttv.com.ar\/index.php\/wp-json\/wp\/v2\/posts\/84971\/revisions"}],"predecessor-version":[{"id":84973,"href":"https:\/\/www.celttv.com.ar\/index.php\/wp-json\/wp\/v2\/posts\/84971\/revisions\/84973"}],"wp:featuredmedia":[{"embeddable":true,"href":"https:\/\/www.celttv.com.ar\/index.php\/wp-json\/wp\/v2\/media\/84972"}],"wp:attachment":[{"href":"https:\/\/www.celttv.com.ar\/index.php\/wp-json\/wp\/v2\/media?parent=84971"}],"wp:term":[{"taxonomy":"category","embeddable":true,"href":"https:\/\/www.celttv.com.ar\/index.php\/wp-json\/wp\/v2\/categories?post=84971"},{"taxonomy":"post_tag","embeddable":true,"href":"https:\/\/www.celttv.com.ar\/index.php\/wp-json\/wp\/v2\/tags?post=84971"}],"curies":[{"name":"wp","href":"https:\/\/api.w.org\/{rel}","templated":true}]}}