{"id":85036,"date":"2024-07-10T17:23:23","date_gmt":"2024-07-10T20:23:23","guid":{"rendered":"https:\/\/www.celttv.com.ar\/?p=85036"},"modified":"2024-07-10T17:38:51","modified_gmt":"2024-07-10T20:38:51","slug":"juntos-y-ucr-pedido-de-informe-restos-oseos-humanos-en-el-basural-de-tornquist","status":"publish","type":"post","link":"https:\/\/www.celttv.com.ar\/index.php\/2024\/07\/10\/juntos-y-ucr-pedido-de-informe-restos-oseos-humanos-en-el-basural-de-tornquist\/","title":{"rendered":"JUNTOS Y UCR.: Pedido de informe: \u00bfRestos \u00f3seos humanos en el basural de Tornquist?"},"content":{"rendered":"<div>\n<div dir=\"auto\">\u00bfRESTOS \u00d3SEOS HUMANOS EN EL BASURAL MUNICIPAL DE TORNQUIST?\u00a0<img loading=\"lazy\" decoding=\"async\" class=\"CToWUd\" src=\"https:\/\/ci3.googleusercontent.com\/meips\/ADKq_Nax1IrDiuEwlAOTWLgL6kvC7TqtbBJmpPyE5-wa7-ljHCP-Gcb3-dC3HjyNTqXKBoNzgIX0vupoa6Yoto9on3YSFkwQ_mwV2fl4WOCWXEXMOxux1YqAgw=s0-d-e1-ft#https:\/\/static.xx.fbcdn.net\/images\/emoji.php\/v9\/tdc\/1\/16\/26a0.png\" alt=\"\u26a0\ufe0f\" width=\"16\" height=\"16\" data-bit=\"iit\" \/><\/div>\n<\/div>\n<div>\n<div dir=\"auto\">Los bloques de Juntos y UCR. presentamos un Pedido de Informe solicitando informaci\u00f3n al Ejecutivo Municipal, en referencia al supuesto hallazgo de restos \u00f3seos humanos en el basural de Tornquist. de confirmarse el hecho resultar\u00eda un cap\u00edtulo m\u00e1s que se suma al alarmante desmanejo del basural municipal.<\/div>\n<\/div>\n<div>\n<div dir=\"auto\">Informaci\u00f3n solicitada:<\/div>\n<div dir=\"auto\"><img loading=\"lazy\" decoding=\"async\" class=\"CToWUd\" src=\"https:\/\/ci3.googleusercontent.com\/meips\/ADKq_NY2fmIk1ppuIoHDrD0bDc2Fts84-iNyD6psNOJjzcgnmFwt6CfaIT5kxXxmWWOgUO0wY6F8ZEOqgyFgCFbeTzVsO8h1AfciJfSWvHRTn_i0wN-_j8xMhg=s0-d-e1-ft#https:\/\/static.xx.fbcdn.net\/images\/emoji.php\/v9\/t9e\/1\/16\/27a1.png\" alt=\"\u27a1\ufe0f\" width=\"16\" height=\"16\" data-bit=\"iit\" \/>\u00a0\u00bfTienen conocimiento del acontecimiento mencionado?<\/div>\n<div dir=\"auto\"><img loading=\"lazy\" decoding=\"async\" class=\"CToWUd\" src=\"https:\/\/ci3.googleusercontent.com\/meips\/ADKq_NY2fmIk1ppuIoHDrD0bDc2Fts84-iNyD6psNOJjzcgnmFwt6CfaIT5kxXxmWWOgUO0wY6F8ZEOqgyFgCFbeTzVsO8h1AfciJfSWvHRTn_i0wN-_j8xMhg=s0-d-e1-ft#https:\/\/static.xx.fbcdn.net\/images\/emoji.php\/v9\/t9e\/1\/16\/27a1.png\" alt=\"\u27a1\ufe0f\" width=\"16\" height=\"16\" data-bit=\"iit\" \/>\u00a0Acciones llevadas adelante en funci\u00f3n del esclarecimiento.<\/div>\n<div dir=\"auto\"><img loading=\"lazy\" decoding=\"async\" class=\"CToWUd\" src=\"https:\/\/ci3.googleusercontent.com\/meips\/ADKq_NY2fmIk1ppuIoHDrD0bDc2Fts84-iNyD6psNOJjzcgnmFwt6CfaIT5kxXxmWWOgUO0wY6F8ZEOqgyFgCFbeTzVsO8h1AfciJfSWvHRTn_i0wN-_j8xMhg=s0-d-e1-ft#https:\/\/static.xx.fbcdn.net\/images\/emoji.php\/v9\/t9e\/1\/16\/27a1.png\" alt=\"\u27a1\ufe0f\" width=\"16\" height=\"16\" data-bit=\"iit\" \/>\u00a0Recaudos tomados para que, en caso de haberse producido el hecho mencionado, no vuelva a suceder.<\/div>\n<\/div>\n<div dir=\"auto\"><\/div>\n<div dir=\"auto\">\n<p><strong><u>VISTO:<\/u><\/strong><\/p>\n<p>El supuesto hallazgo de restos \u00f3seos humanos en el basural de Tornquist, y;<\/p>\n<p><strong><u>\u00a0<\/u><\/strong><\/p>\n<p><strong><u>CONSIDERANDO:<\/u><\/strong><\/p>\n<p>Que contamos con informaci\u00f3n de que se habr\u00edan encontrado restos \u00f3seos humanos en el basural ubicado en la ciudad de Tornquist;<\/p>\n<p>&nbsp;<\/p>\n<p>Que ser\u00eda una situaci\u00f3n an\u00f3mala que merece esclarecimiento;<\/p>\n<p>&nbsp;<\/p>\n<p>Que de confirmarse el hecho resultar\u00eda un cap\u00edtulo m\u00e1s que se suma al alarmante desmanejo del basural municipal;<\/p>\n<p>&nbsp;<\/p>\n<p>Que, de ser cierto lo se\u00f1alado, el esclarecimiento de \u00e9ste hecho aportar\u00eda tranquilidad a los vecinos;<\/p>\n<p>Por ellos:<\/p>\n<p><strong><u>LOS BLOQUES DE JUNTOS Y JUNTOS POR EL CAMBIO<\/u><\/strong><\/p>\n<p><strong><u>PROPONEN EL SIGUIENTE<\/u><\/strong><\/p>\n<p><strong><u>PEDIDO DE INFORME<\/u><\/strong><\/p>\n<p>&nbsp;<\/p>\n<p><strong><u>\u00a0<\/u><\/strong><\/p>\n<p><strong><u>ARTICULO 1\u00b0:<\/u><\/strong> Solicitar al Departamento Ejecutivo Municipal informe con preferente despacho los siguientes puntos:<\/p>\n<ul>\n<li>Si tiene conocimiento del acontecimiento de marras.<\/li>\n<li>Acciones llevadas adelante en funci\u00f3n del esclarecimiento.<\/li>\n<li>Recaudos tomados para que, en caso de haberse producido el hecho mencionado, no vuelva a suceder.<\/li>\n<\/ul>\n<p><strong><u>\u00a0<\/u><\/strong><\/p>\n<p><strong><u>ARTICULO 2\u00b0:<\/u><\/strong> De forma.<\/p>\n<p>&nbsp;<\/p>\n<p><img loading=\"lazy\" decoding=\"async\" class=\"alignnone wp-image-85037 size-full\" src=\"https:\/\/www.celttv.com.ar\/wp-content\/uploads\/2024\/07\/PEDIDO-DE-INFORME-RESTOS-OSEOS-HUMANOS-BASURAL.png\" alt=\"\" width=\"940\" height=\"788\" srcset=\"https:\/\/www.celttv.com.ar\/wp-content\/uploads\/2024\/07\/PEDIDO-DE-INFORME-RESTOS-OSEOS-HUMANOS-BASURAL.png 940w, https:\/\/www.celttv.com.ar\/wp-content\/uploads\/2024\/07\/PEDIDO-DE-INFORME-RESTOS-OSEOS-HUMANOS-BASURAL-300x251.png 300w, https:\/\/www.celttv.com.ar\/wp-content\/uploads\/2024\/07\/PEDIDO-DE-INFORME-RESTOS-OSEOS-HUMANOS-BASURAL-768x644.png 768w, https:\/\/www.celttv.com.ar\/wp-content\/uploads\/2024\/07\/PEDIDO-DE-INFORME-RESTOS-OSEOS-HUMANOS-BASURAL-750x629.png 750w\" sizes=\"auto, (max-width: 940px) 100vw, 940px\" \/><\/p>\n<\/div>\n","protected":false},"excerpt":{"rendered":"<p>\u00bfRESTOS \u00d3SEOS HUMANOS EN EL BASURAL MUNICIPAL DE TORNQUIST?\u00a0 Los bloques de Juntos y UCR. presentamos un Pedido de Informe solicitando informaci\u00f3n al Ejecutivo Municipal, en referencia al supuesto hallazgo de restos \u00f3seos humanos en el basural de Tornquist. de confirmarse el hecho resultar\u00eda un cap\u00edtulo m\u00e1s que se suma al alarmante desmanejo del basural [&hellip;]<\/p>\n","protected":false},"author":5,"featured_media":85037,"comment_status":"closed","ping_status":"closed","sticky":false,"template":"","format":"standard","meta":{"footnotes":""},"categories":[53],"tags":[],"class_list":["post-85036","post","type-post","status-publish","format-standard","has-post-thumbnail","hentry","category-politica"],"yoast_head":"<!-- This site is optimized with the Yoast SEO plugin v19.7.1 - https:\/\/yoast.com\/wordpress\/plugins\/seo\/ -->\n<title>JUNTOS Y UCR.: Pedido de informe: \u00bfRestos \u00f3seos humanos en el basural de Tornquist? - CELTTV<\/title>\n<meta name=\"description\" content=\"Sitio web de noticias de la localidad de Tornquist, provincia de Buenos Aires, Rep\u00fablica Argentina. Contenido propio originado por periodistas de CELTTV, el canal de TV local de la Cooperativa El\u00e9ctrica de Tornquist. Turismo, Pol\u00edtica, Sociedad, Deporte, Cultura y todo el contenido de inter\u00e9s general que la gente del pueblo y la regi\u00f3n debe conocer.\" \/>\n<meta name=\"robots\" content=\"index, follow, max-snippet:-1, max-image-preview:large, max-video-preview:-1\" \/>\n<link rel=\"canonical\" href=\"https:\/\/www.celttv.com.ar\/index.php\/2024\/07\/10\/juntos-y-ucr-pedido-de-informe-restos-oseos-humanos-en-el-basural-de-tornquist\/\" \/>\n<meta property=\"og:locale\" content=\"es_ES\" \/>\n<meta property=\"og:type\" content=\"article\" \/>\n<meta property=\"og:title\" content=\"JUNTOS Y UCR.: Pedido de informe: \u00bfRestos \u00f3seos humanos en el basural de Tornquist? - CELTTV\" \/>\n<meta property=\"og:description\" content=\"Sitio web de noticias de la localidad de Tornquist, provincia de Buenos Aires, Rep\u00fablica Argentina. Contenido propio originado por periodistas de CELTTV, el canal de TV local de la Cooperativa El\u00e9ctrica de Tornquist. Turismo, Pol\u00edtica, Sociedad, Deporte, Cultura y todo el contenido de inter\u00e9s general que la gente del pueblo y la regi\u00f3n debe conocer.\" \/>\n<meta property=\"og:url\" content=\"https:\/\/www.celttv.com.ar\/index.php\/2024\/07\/10\/juntos-y-ucr-pedido-de-informe-restos-oseos-humanos-en-el-basural-de-tornquist\/\" \/>\n<meta property=\"og:site_name\" content=\"CELTTV\" \/>\n<meta property=\"article:publisher\" content=\"https:\/\/www.facebook.com\/celtTV\/\" \/>\n<meta property=\"article:published_time\" content=\"2024-07-10T20:23:23+00:00\" \/>\n<meta property=\"article:modified_time\" content=\"2024-07-10T20:38:51+00:00\" \/>\n<meta property=\"og:image\" content=\"https:\/\/www.celttv.com.ar\/wp-content\/uploads\/2024\/07\/PEDIDO-DE-INFORME-RESTOS-OSEOS-HUMANOS-BASURAL.png\" \/>\n\t<meta property=\"og:image:width\" content=\"940\" \/>\n\t<meta property=\"og:image:height\" content=\"788\" \/>\n\t<meta property=\"og:image:type\" content=\"image\/png\" \/>\n<meta name=\"author\" content=\"Miguel Herrada\" \/>\n<meta name=\"twitter:card\" content=\"summary_large_image\" \/>\n<meta name=\"twitter:label1\" content=\"Escrito por\" \/>\n\t<meta name=\"twitter:data1\" content=\"Miguel Herrada\" \/>\n\t<meta name=\"twitter:label2\" content=\"Tiempo de lectura\" \/>\n\t<meta name=\"twitter:data2\" content=\"1 minuto\" \/>\n<script type=\"application\/ld+json\" class=\"yoast-schema-graph\">{\"@context\":\"https:\/\/schema.org\",\"@graph\":[{\"@type\":\"NewsArticle\",\"@id\":\"https:\/\/www.celttv.com.ar\/index.php\/2024\/07\/10\/juntos-y-ucr-pedido-de-informe-restos-oseos-humanos-en-el-basural-de-tornquist\/#article\",\"isPartOf\":{\"@id\":\"https:\/\/www.celttv.com.ar\/index.php\/2024\/07\/10\/juntos-y-ucr-pedido-de-informe-restos-oseos-humanos-en-el-basural-de-tornquist\/\"},\"author\":{\"name\":\"Miguel Herrada\",\"@id\":\"https:\/\/www.celttv.com.ar\/#\/schema\/person\/9059dc91dc7204ef4182cdb65225f07d\"},\"headline\":\"JUNTOS Y UCR.: Pedido de informe: \u00bfRestos \u00f3seos humanos en el basural de Tornquist?\",\"datePublished\":\"2024-07-10T20:23:23+00:00\",\"dateModified\":\"2024-07-10T20:38:51+00:00\",\"mainEntityOfPage\":{\"@id\":\"https:\/\/www.celttv.com.ar\/index.php\/2024\/07\/10\/juntos-y-ucr-pedido-de-informe-restos-oseos-humanos-en-el-basural-de-tornquist\/\"},\"wordCount\":263,\"publisher\":{\"@id\":\"https:\/\/www.celttv.com.ar\/#organization\"},\"articleSection\":[\"Pol\u00edtica\"],\"inLanguage\":\"es\"},{\"@type\":\"WebPage\",\"@id\":\"https:\/\/www.celttv.com.ar\/index.php\/2024\/07\/10\/juntos-y-ucr-pedido-de-informe-restos-oseos-humanos-en-el-basural-de-tornquist\/\",\"url\":\"https:\/\/www.celttv.com.ar\/index.php\/2024\/07\/10\/juntos-y-ucr-pedido-de-informe-restos-oseos-humanos-en-el-basural-de-tornquist\/\",\"name\":\"JUNTOS Y UCR.: Pedido de informe: \u00bfRestos \u00f3seos humanos en el basural de Tornquist? - CELTTV\",\"isPartOf\":{\"@id\":\"https:\/\/www.celttv.com.ar\/#website\"},\"datePublished\":\"2024-07-10T20:23:23+00:00\",\"dateModified\":\"2024-07-10T20:38:51+00:00\",\"description\":\"Sitio web de noticias de la localidad de Tornquist, provincia de Buenos Aires, Rep\u00fablica Argentina. Contenido propio originado por periodistas de CELTTV, el canal de TV local de la Cooperativa El\u00e9ctrica de Tornquist. Turismo, Pol\u00edtica, Sociedad, Deporte, Cultura y todo el contenido de inter\u00e9s general que la gente del pueblo y la regi\u00f3n debe conocer.\",\"breadcrumb\":{\"@id\":\"https:\/\/www.celttv.com.ar\/index.php\/2024\/07\/10\/juntos-y-ucr-pedido-de-informe-restos-oseos-humanos-en-el-basural-de-tornquist\/#breadcrumb\"},\"inLanguage\":\"es\",\"potentialAction\":[{\"@type\":\"ReadAction\",\"target\":[\"https:\/\/www.celttv.com.ar\/index.php\/2024\/07\/10\/juntos-y-ucr-pedido-de-informe-restos-oseos-humanos-en-el-basural-de-tornquist\/\"]}]},{\"@type\":\"BreadcrumbList\",\"@id\":\"https:\/\/www.celttv.com.ar\/index.php\/2024\/07\/10\/juntos-y-ucr-pedido-de-informe-restos-oseos-humanos-en-el-basural-de-tornquist\/#breadcrumb\",\"itemListElement\":[{\"@type\":\"ListItem\",\"position\":1,\"name\":\"Inicio\",\"item\":\"https:\/\/www.celttv.com.ar\/\"},{\"@type\":\"ListItem\",\"position\":2,\"name\":\"JUNTOS Y UCR.: Pedido de informe: \u00bfRestos \u00f3seos humanos en el basural de Tornquist?\"}]},{\"@type\":\"WebSite\",\"@id\":\"https:\/\/www.celttv.com.ar\/#website\",\"url\":\"https:\/\/www.celttv.com.ar\/\",\"name\":\"CELTTV\",\"description\":\"Cooperativa El\u00e9ctrica de Tornquist\",\"publisher\":{\"@id\":\"https:\/\/www.celttv.com.ar\/#organization\"},\"potentialAction\":[{\"@type\":\"SearchAction\",\"target\":{\"@type\":\"EntryPoint\",\"urlTemplate\":\"https:\/\/www.celttv.com.ar\/?s={search_term_string}\"},\"query-input\":\"required name=search_term_string\"}],\"inLanguage\":\"es\"},{\"@type\":\"Organization\",\"@id\":\"https:\/\/www.celttv.com.ar\/#organization\",\"name\":\"CELTTV\",\"url\":\"https:\/\/www.celttv.com.ar\/\",\"sameAs\":[\"https:\/\/www.youtube.com\/channel\/UCz_oIt8Hig64Ub-EmcNPIhg\",\"https:\/\/www.facebook.com\/celtTV\/\"],\"logo\":{\"@type\":\"ImageObject\",\"inLanguage\":\"es\",\"@id\":\"https:\/\/www.celttv.com.ar\/#\/schema\/logo\/image\/\",\"url\":\"http:\/\/www.celttv.com.ar\/wp-content\/uploads\/2022\/08\/logo-1.png\",\"contentUrl\":\"http:\/\/www.celttv.com.ar\/wp-content\/uploads\/2022\/08\/logo-1.png\",\"width\":461,\"height\":159,\"caption\":\"CELTTV\"},\"image\":{\"@id\":\"https:\/\/www.celttv.com.ar\/#\/schema\/logo\/image\/\"}},{\"@type\":\"Person\",\"@id\":\"https:\/\/www.celttv.com.ar\/#\/schema\/person\/9059dc91dc7204ef4182cdb65225f07d\",\"name\":\"Miguel Herrada\",\"image\":{\"@type\":\"ImageObject\",\"inLanguage\":\"es\",\"@id\":\"https:\/\/www.celttv.com.ar\/#\/schema\/person\/image\/\",\"url\":\"https:\/\/secure.gravatar.com\/avatar\/67724d5b3c716623ffd76bec7e45841a442ac3b456e914dbba90b0fad2b8e0b1?s=96&d=mm&r=g\",\"contentUrl\":\"https:\/\/secure.gravatar.com\/avatar\/67724d5b3c716623ffd76bec7e45841a442ac3b456e914dbba90b0fad2b8e0b1?s=96&d=mm&r=g\",\"caption\":\"Miguel Herrada\"}}]}<\/script>\n<!-- \/ Yoast SEO plugin. -->","yoast_head_json":{"title":"JUNTOS Y UCR.: Pedido de informe: \u00bfRestos \u00f3seos humanos en el basural de Tornquist? - CELTTV","description":"Sitio web de noticias de la localidad de Tornquist, provincia de Buenos Aires, Rep\u00fablica Argentina. Contenido propio originado por periodistas de CELTTV, el canal de TV local de la Cooperativa El\u00e9ctrica de Tornquist. Turismo, Pol\u00edtica, Sociedad, Deporte, Cultura y todo el contenido de inter\u00e9s general que la gente del pueblo y la regi\u00f3n debe conocer.","robots":{"index":"index","follow":"follow","max-snippet":"max-snippet:-1","max-image-preview":"max-image-preview:large","max-video-preview":"max-video-preview:-1"},"canonical":"https:\/\/www.celttv.com.ar\/index.php\/2024\/07\/10\/juntos-y-ucr-pedido-de-informe-restos-oseos-humanos-en-el-basural-de-tornquist\/","og_locale":"es_ES","og_type":"article","og_title":"JUNTOS Y UCR.: Pedido de informe: \u00bfRestos \u00f3seos humanos en el basural de Tornquist? - CELTTV","og_description":"Sitio web de noticias de la localidad de Tornquist, provincia de Buenos Aires, Rep\u00fablica Argentina. Contenido propio originado por periodistas de CELTTV, el canal de TV local de la Cooperativa El\u00e9ctrica de Tornquist. Turismo, Pol\u00edtica, Sociedad, Deporte, Cultura y todo el contenido de inter\u00e9s general que la gente del pueblo y la regi\u00f3n debe conocer.","og_url":"https:\/\/www.celttv.com.ar\/index.php\/2024\/07\/10\/juntos-y-ucr-pedido-de-informe-restos-oseos-humanos-en-el-basural-de-tornquist\/","og_site_name":"CELTTV","article_publisher":"https:\/\/www.facebook.com\/celtTV\/","article_published_time":"2024-07-10T20:23:23+00:00","article_modified_time":"2024-07-10T20:38:51+00:00","og_image":[{"width":940,"height":788,"url":"https:\/\/www.celttv.com.ar\/wp-content\/uploads\/2024\/07\/PEDIDO-DE-INFORME-RESTOS-OSEOS-HUMANOS-BASURAL.png","type":"image\/png"}],"author":"Miguel Herrada","twitter_card":"summary_large_image","twitter_misc":{"Escrito por":"Miguel Herrada","Tiempo de lectura":"1 minuto"},"schema":{"@context":"https:\/\/schema.org","@graph":[{"@type":"NewsArticle","@id":"https:\/\/www.celttv.com.ar\/index.php\/2024\/07\/10\/juntos-y-ucr-pedido-de-informe-restos-oseos-humanos-en-el-basural-de-tornquist\/#article","isPartOf":{"@id":"https:\/\/www.celttv.com.ar\/index.php\/2024\/07\/10\/juntos-y-ucr-pedido-de-informe-restos-oseos-humanos-en-el-basural-de-tornquist\/"},"author":{"name":"Miguel Herrada","@id":"https:\/\/www.celttv.com.ar\/#\/schema\/person\/9059dc91dc7204ef4182cdb65225f07d"},"headline":"JUNTOS Y UCR.: Pedido de informe: \u00bfRestos \u00f3seos humanos en el basural de Tornquist?","datePublished":"2024-07-10T20:23:23+00:00","dateModified":"2024-07-10T20:38:51+00:00","mainEntityOfPage":{"@id":"https:\/\/www.celttv.com.ar\/index.php\/2024\/07\/10\/juntos-y-ucr-pedido-de-informe-restos-oseos-humanos-en-el-basural-de-tornquist\/"},"wordCount":263,"publisher":{"@id":"https:\/\/www.celttv.com.ar\/#organization"},"articleSection":["Pol\u00edtica"],"inLanguage":"es"},{"@type":"WebPage","@id":"https:\/\/www.celttv.com.ar\/index.php\/2024\/07\/10\/juntos-y-ucr-pedido-de-informe-restos-oseos-humanos-en-el-basural-de-tornquist\/","url":"https:\/\/www.celttv.com.ar\/index.php\/2024\/07\/10\/juntos-y-ucr-pedido-de-informe-restos-oseos-humanos-en-el-basural-de-tornquist\/","name":"JUNTOS Y UCR.: Pedido de informe: \u00bfRestos \u00f3seos humanos en el basural de Tornquist? - CELTTV","isPartOf":{"@id":"https:\/\/www.celttv.com.ar\/#website"},"datePublished":"2024-07-10T20:23:23+00:00","dateModified":"2024-07-10T20:38:51+00:00","description":"Sitio web de noticias de la localidad de Tornquist, provincia de Buenos Aires, Rep\u00fablica Argentina. Contenido propio originado por periodistas de CELTTV, el canal de TV local de la Cooperativa El\u00e9ctrica de Tornquist. Turismo, Pol\u00edtica, Sociedad, Deporte, Cultura y todo el contenido de inter\u00e9s general que la gente del pueblo y la regi\u00f3n debe conocer.","breadcrumb":{"@id":"https:\/\/www.celttv.com.ar\/index.php\/2024\/07\/10\/juntos-y-ucr-pedido-de-informe-restos-oseos-humanos-en-el-basural-de-tornquist\/#breadcrumb"},"inLanguage":"es","potentialAction":[{"@type":"ReadAction","target":["https:\/\/www.celttv.com.ar\/index.php\/2024\/07\/10\/juntos-y-ucr-pedido-de-informe-restos-oseos-humanos-en-el-basural-de-tornquist\/"]}]},{"@type":"BreadcrumbList","@id":"https:\/\/www.celttv.com.ar\/index.php\/2024\/07\/10\/juntos-y-ucr-pedido-de-informe-restos-oseos-humanos-en-el-basural-de-tornquist\/#breadcrumb","itemListElement":[{"@type":"ListItem","position":1,"name":"Inicio","item":"https:\/\/www.celttv.com.ar\/"},{"@type":"ListItem","position":2,"name":"JUNTOS Y UCR.: Pedido de informe: \u00bfRestos \u00f3seos humanos en el basural de Tornquist?"}]},{"@type":"WebSite","@id":"https:\/\/www.celttv.com.ar\/#website","url":"https:\/\/www.celttv.com.ar\/","name":"CELTTV","description":"Cooperativa El\u00e9ctrica de Tornquist","publisher":{"@id":"https:\/\/www.celttv.com.ar\/#organization"},"potentialAction":[{"@type":"SearchAction","target":{"@type":"EntryPoint","urlTemplate":"https:\/\/www.celttv.com.ar\/?s={search_term_string}"},"query-input":"required name=search_term_string"}],"inLanguage":"es"},{"@type":"Organization","@id":"https:\/\/www.celttv.com.ar\/#organization","name":"CELTTV","url":"https:\/\/www.celttv.com.ar\/","sameAs":["https:\/\/www.youtube.com\/channel\/UCz_oIt8Hig64Ub-EmcNPIhg","https:\/\/www.facebook.com\/celtTV\/"],"logo":{"@type":"ImageObject","inLanguage":"es","@id":"https:\/\/www.celttv.com.ar\/#\/schema\/logo\/image\/","url":"http:\/\/www.celttv.com.ar\/wp-content\/uploads\/2022\/08\/logo-1.png","contentUrl":"http:\/\/www.celttv.com.ar\/wp-content\/uploads\/2022\/08\/logo-1.png","width":461,"height":159,"caption":"CELTTV"},"image":{"@id":"https:\/\/www.celttv.com.ar\/#\/schema\/logo\/image\/"}},{"@type":"Person","@id":"https:\/\/www.celttv.com.ar\/#\/schema\/person\/9059dc91dc7204ef4182cdb65225f07d","name":"Miguel Herrada","image":{"@type":"ImageObject","inLanguage":"es","@id":"https:\/\/www.celttv.com.ar\/#\/schema\/person\/image\/","url":"https:\/\/secure.gravatar.com\/avatar\/67724d5b3c716623ffd76bec7e45841a442ac3b456e914dbba90b0fad2b8e0b1?s=96&d=mm&r=g","contentUrl":"https:\/\/secure.gravatar.com\/avatar\/67724d5b3c716623ffd76bec7e45841a442ac3b456e914dbba90b0fad2b8e0b1?s=96&d=mm&r=g","caption":"Miguel Herrada"}}]}},"_links":{"self":[{"href":"https:\/\/www.celttv.com.ar\/index.php\/wp-json\/wp\/v2\/posts\/85036","targetHints":{"allow":["GET"]}}],"collection":[{"href":"https:\/\/www.celttv.com.ar\/index.php\/wp-json\/wp\/v2\/posts"}],"about":[{"href":"https:\/\/www.celttv.com.ar\/index.php\/wp-json\/wp\/v2\/types\/post"}],"author":[{"embeddable":true,"href":"https:\/\/www.celttv.com.ar\/index.php\/wp-json\/wp\/v2\/users\/5"}],"replies":[{"embeddable":true,"href":"https:\/\/www.celttv.com.ar\/index.php\/wp-json\/wp\/v2\/comments?post=85036"}],"version-history":[{"count":1,"href":"https:\/\/www.celttv.com.ar\/index.php\/wp-json\/wp\/v2\/posts\/85036\/revisions"}],"predecessor-version":[{"id":85038,"href":"https:\/\/www.celttv.com.ar\/index.php\/wp-json\/wp\/v2\/posts\/85036\/revisions\/85038"}],"wp:featuredmedia":[{"embeddable":true,"href":"https:\/\/www.celttv.com.ar\/index.php\/wp-json\/wp\/v2\/media\/85037"}],"wp:attachment":[{"href":"https:\/\/www.celttv.com.ar\/index.php\/wp-json\/wp\/v2\/media?parent=85036"}],"wp:term":[{"taxonomy":"category","embeddable":true,"href":"https:\/\/www.celttv.com.ar\/index.php\/wp-json\/wp\/v2\/categories?post=85036"},{"taxonomy":"post_tag","embeddable":true,"href":"https:\/\/www.celttv.com.ar\/index.php\/wp-json\/wp\/v2\/tags?post=85036"}],"curies":[{"name":"wp","href":"https:\/\/api.w.org\/{rel}","templated":true}]}}