{"id":85176,"date":"2024-07-17T17:58:57","date_gmt":"2024-07-17T20:58:57","guid":{"rendered":"https:\/\/www.celttv.com.ar\/?p=85176"},"modified":"2024-07-17T17:58:57","modified_gmt":"2024-07-17T20:58:57","slug":"con-la-presencia-de-la-ministra-de-ambiente-este-jueves-se-inaugurara-el-parque-ambiental-de-tornquist","status":"publish","type":"post","link":"https:\/\/www.celttv.com.ar\/index.php\/2024\/07\/17\/con-la-presencia-de-la-ministra-de-ambiente-este-jueves-se-inaugurara-el-parque-ambiental-de-tornquist\/","title":{"rendered":"Con la presencia de la Ministra de Ambiente este jueves se inaugurar\u00e1 el Parque Ambiental de Tornquist"},"content":{"rendered":"<p>Con la visita de la Ministra de Ambiente de la Provincia de Buenos Aires, Daniela Vilar, este jueves 18 a las 14.30hs, se inaugurar\u00e1 oficialmente el Parque Ambiental de Tornquist, ubicado en Av. Lavalle al 900.<\/p>\n<p>La jornada, que contar\u00e1 con la presencia de la intendenta interina, EstefaniaBordoni, y miembros del gabinete ejecutivo, se desarrollar\u00e1 en el marco de \u2018Ambiente en tu Barrio\u2019, que se llevar\u00e1 adelante durante cuatro d\u00edas con talleres de reciclaje, compostaje y huerta org\u00e1nica.<\/p>\n<p>Durante los d\u00edas 18 y 19, la actividad se concentrar\u00e1 en el Parque Ambiental, mientras que el 20 y el 21, tendr\u00e1 lugar en el Parque Provincial \u2018Ernesto Tornquist\u2019.<\/p>\n<p>\u2018Ambiente en tu Barrio\u2019 es una propuesta dise\u00f1ada para acercar la educaci\u00f3n ambiental a todos los barrios de la provincia. Con un stand interactivo, cuenta con propuestas y talleres para que los vecinos y vecinas tengan la posibilidad de conocer y experimentar con nuevos h\u00e1bitos y pr\u00e1cticas m\u00e1s amigables con el ambiente.<\/p>\n<p>Desde un muestrario de pl\u00e1sticos, huertas, plantas nativas, alimentaci\u00f3n saludable, hasta los talleres de compost y separaci\u00f3n en origen, todos y todas, desde los m\u00e1s chicos hasta los m\u00e1s grandes, tienen cosas que aprender. Por eso, con distintos abordajes y modalidades, se pretende acercar la educaci\u00f3n ambiental desde el encuentro y el disfrute.<\/p>\n<p>Cronograma de actividades:<\/p>\n<p>Jueves 18<\/p>\n<p>-11 hs: Taller de Humedales (Aula Ambiental).<\/p>\n<p>-14 hs: Taller de Compost (Aula Ambiental).<\/p>\n<p>-14.30hs: Inauguraci\u00f3n Parque<\/p>\n<p>Viernes 19<\/p>\n<p>-11 hs: Taller de Energ\u00edas Limpias (Aula Ambiental).<\/p>\n<p>-14 hs Taller de Nativas (Aula Ambiental).<\/p>\n<p>S\u00e1bado 20 (Parque Provincial)<\/p>\n<p>\u2060-11 hs: Taller de Energ\u00edas Limpias.<\/p>\n<p>-14 hs: Taller sobre RSU (Separaci\u00f3n de Residuos en Origen)<\/p>\n<p>Domingo 21 (Parque Provincial)<\/p>\n<p>\u2060-11 hs: Taller de Energ\u00edas Limpias.<\/p>\n<p>\u2060-14 hs: Taller sobre RSU (Separaci\u00f3n de Residuos en Origen)<\/p>\n<p><img loading=\"lazy\" decoding=\"async\" class=\"alignnone wp-image-85177 size-large\" src=\"https:\/\/www.celttv.com.ar\/wp-content\/uploads\/2024\/07\/Inauguracion-Parque-Ambiental-734x1024.jpeg\" alt=\"\" width=\"734\" height=\"1024\" srcset=\"https:\/\/www.celttv.com.ar\/wp-content\/uploads\/2024\/07\/Inauguracion-Parque-Ambiental-734x1024.jpeg 734w, https:\/\/www.celttv.com.ar\/wp-content\/uploads\/2024\/07\/Inauguracion-Parque-Ambiental-215x300.jpeg 215w, https:\/\/www.celttv.com.ar\/wp-content\/uploads\/2024\/07\/Inauguracion-Parque-Ambiental-768x1072.jpeg 768w, https:\/\/www.celttv.com.ar\/wp-content\/uploads\/2024\/07\/Inauguracion-Parque-Ambiental-750x1047.jpeg 750w, https:\/\/www.celttv.com.ar\/wp-content\/uploads\/2024\/07\/Inauguracion-Parque-Ambiental.jpeg 917w\" sizes=\"auto, (max-width: 734px) 100vw, 734px\" \/><\/p>\n","protected":false},"excerpt":{"rendered":"<p>Con la visita de la Ministra de Ambiente de la Provincia de Buenos Aires, Daniela Vilar, este jueves 18 a las 14.30hs, se inaugurar\u00e1 oficialmente el Parque Ambiental de Tornquist, ubicado en Av. Lavalle al 900. La jornada, que contar\u00e1 con la presencia de la intendenta interina, EstefaniaBordoni, y miembros del gabinete ejecutivo, se desarrollar\u00e1 [&hellip;]<\/p>\n","protected":false},"author":5,"featured_media":85177,"comment_status":"closed","ping_status":"closed","sticky":false,"template":"","format":"standard","meta":{"footnotes":""},"categories":[1],"tags":[],"class_list":["post-85176","post","type-post","status-publish","format-standard","has-post-thumbnail","hentry","category-sin-categoria"],"yoast_head":"<!-- This site is optimized with the Yoast SEO plugin v19.7.1 - https:\/\/yoast.com\/wordpress\/plugins\/seo\/ -->\n<title>Con la presencia de la Ministra de Ambiente este jueves se inaugurar\u00e1 el Parque Ambiental de Tornquist - CELTTV<\/title>\n<meta name=\"description\" content=\"Sitio web de noticias de la localidad de Tornquist, provincia de Buenos Aires, Rep\u00fablica Argentina. Contenido propio originado por periodistas de CELTTV, el canal de TV local de la Cooperativa El\u00e9ctrica de Tornquist. Turismo, Pol\u00edtica, Sociedad, Deporte, Cultura y todo el contenido de inter\u00e9s general que la gente del pueblo y la regi\u00f3n debe conocer.\" \/>\n<meta name=\"robots\" content=\"index, follow, max-snippet:-1, max-image-preview:large, max-video-preview:-1\" \/>\n<link rel=\"canonical\" href=\"https:\/\/www.celttv.com.ar\/index.php\/2024\/07\/17\/con-la-presencia-de-la-ministra-de-ambiente-este-jueves-se-inaugurara-el-parque-ambiental-de-tornquist\/\" \/>\n<meta property=\"og:locale\" content=\"es_ES\" \/>\n<meta property=\"og:type\" content=\"article\" \/>\n<meta property=\"og:title\" content=\"Con la presencia de la Ministra de Ambiente este jueves se inaugurar\u00e1 el Parque Ambiental de Tornquist - CELTTV\" \/>\n<meta property=\"og:description\" content=\"Sitio web de noticias de la localidad de Tornquist, provincia de Buenos Aires, Rep\u00fablica Argentina. Contenido propio originado por periodistas de CELTTV, el canal de TV local de la Cooperativa El\u00e9ctrica de Tornquist. Turismo, Pol\u00edtica, Sociedad, Deporte, Cultura y todo el contenido de inter\u00e9s general que la gente del pueblo y la regi\u00f3n debe conocer.\" \/>\n<meta property=\"og:url\" content=\"https:\/\/www.celttv.com.ar\/index.php\/2024\/07\/17\/con-la-presencia-de-la-ministra-de-ambiente-este-jueves-se-inaugurara-el-parque-ambiental-de-tornquist\/\" \/>\n<meta property=\"og:site_name\" content=\"CELTTV\" \/>\n<meta property=\"article:publisher\" content=\"https:\/\/www.facebook.com\/celtTV\/\" \/>\n<meta property=\"article:published_time\" content=\"2024-07-17T20:58:57+00:00\" \/>\n<meta property=\"og:image\" content=\"https:\/\/www.celttv.com.ar\/wp-content\/uploads\/2024\/07\/Inauguracion-Parque-Ambiental.jpeg\" \/>\n\t<meta property=\"og:image:width\" content=\"917\" \/>\n\t<meta property=\"og:image:height\" content=\"1280\" \/>\n\t<meta property=\"og:image:type\" content=\"image\/jpeg\" \/>\n<meta name=\"author\" content=\"Miguel Herrada\" \/>\n<meta name=\"twitter:card\" content=\"summary_large_image\" \/>\n<meta name=\"twitter:label1\" content=\"Escrito por\" \/>\n\t<meta name=\"twitter:data1\" content=\"Miguel Herrada\" \/>\n\t<meta name=\"twitter:label2\" content=\"Tiempo de lectura\" \/>\n\t<meta name=\"twitter:data2\" content=\"2 minutos\" \/>\n<script type=\"application\/ld+json\" class=\"yoast-schema-graph\">{\"@context\":\"https:\/\/schema.org\",\"@graph\":[{\"@type\":\"NewsArticle\",\"@id\":\"https:\/\/www.celttv.com.ar\/index.php\/2024\/07\/17\/con-la-presencia-de-la-ministra-de-ambiente-este-jueves-se-inaugurara-el-parque-ambiental-de-tornquist\/#article\",\"isPartOf\":{\"@id\":\"https:\/\/www.celttv.com.ar\/index.php\/2024\/07\/17\/con-la-presencia-de-la-ministra-de-ambiente-este-jueves-se-inaugurara-el-parque-ambiental-de-tornquist\/\"},\"author\":{\"name\":\"Miguel Herrada\",\"@id\":\"https:\/\/www.celttv.com.ar\/#\/schema\/person\/9059dc91dc7204ef4182cdb65225f07d\"},\"headline\":\"Con la presencia de la Ministra de Ambiente este jueves se inaugurar\u00e1 el Parque Ambiental de Tornquist\",\"datePublished\":\"2024-07-17T20:58:57+00:00\",\"dateModified\":\"2024-07-17T20:58:57+00:00\",\"mainEntityOfPage\":{\"@id\":\"https:\/\/www.celttv.com.ar\/index.php\/2024\/07\/17\/con-la-presencia-de-la-ministra-de-ambiente-este-jueves-se-inaugurara-el-parque-ambiental-de-tornquist\/\"},\"wordCount\":320,\"publisher\":{\"@id\":\"https:\/\/www.celttv.com.ar\/#organization\"},\"inLanguage\":\"es\"},{\"@type\":\"WebPage\",\"@id\":\"https:\/\/www.celttv.com.ar\/index.php\/2024\/07\/17\/con-la-presencia-de-la-ministra-de-ambiente-este-jueves-se-inaugurara-el-parque-ambiental-de-tornquist\/\",\"url\":\"https:\/\/www.celttv.com.ar\/index.php\/2024\/07\/17\/con-la-presencia-de-la-ministra-de-ambiente-este-jueves-se-inaugurara-el-parque-ambiental-de-tornquist\/\",\"name\":\"Con la presencia de la Ministra de Ambiente este jueves se inaugurar\u00e1 el Parque Ambiental de Tornquist - CELTTV\",\"isPartOf\":{\"@id\":\"https:\/\/www.celttv.com.ar\/#website\"},\"datePublished\":\"2024-07-17T20:58:57+00:00\",\"dateModified\":\"2024-07-17T20:58:57+00:00\",\"description\":\"Sitio web de noticias de la localidad de Tornquist, provincia de Buenos Aires, Rep\u00fablica Argentina. Contenido propio originado por periodistas de CELTTV, el canal de TV local de la Cooperativa El\u00e9ctrica de Tornquist. Turismo, Pol\u00edtica, Sociedad, Deporte, Cultura y todo el contenido de inter\u00e9s general que la gente del pueblo y la regi\u00f3n debe conocer.\",\"breadcrumb\":{\"@id\":\"https:\/\/www.celttv.com.ar\/index.php\/2024\/07\/17\/con-la-presencia-de-la-ministra-de-ambiente-este-jueves-se-inaugurara-el-parque-ambiental-de-tornquist\/#breadcrumb\"},\"inLanguage\":\"es\",\"potentialAction\":[{\"@type\":\"ReadAction\",\"target\":[\"https:\/\/www.celttv.com.ar\/index.php\/2024\/07\/17\/con-la-presencia-de-la-ministra-de-ambiente-este-jueves-se-inaugurara-el-parque-ambiental-de-tornquist\/\"]}]},{\"@type\":\"BreadcrumbList\",\"@id\":\"https:\/\/www.celttv.com.ar\/index.php\/2024\/07\/17\/con-la-presencia-de-la-ministra-de-ambiente-este-jueves-se-inaugurara-el-parque-ambiental-de-tornquist\/#breadcrumb\",\"itemListElement\":[{\"@type\":\"ListItem\",\"position\":1,\"name\":\"Inicio\",\"item\":\"https:\/\/www.celttv.com.ar\/\"},{\"@type\":\"ListItem\",\"position\":2,\"name\":\"Con la presencia de la Ministra de Ambiente este jueves se inaugurar\u00e1 el Parque Ambiental de Tornquist\"}]},{\"@type\":\"WebSite\",\"@id\":\"https:\/\/www.celttv.com.ar\/#website\",\"url\":\"https:\/\/www.celttv.com.ar\/\",\"name\":\"CELTTV\",\"description\":\"Cooperativa El\u00e9ctrica de Tornquist\",\"publisher\":{\"@id\":\"https:\/\/www.celttv.com.ar\/#organization\"},\"potentialAction\":[{\"@type\":\"SearchAction\",\"target\":{\"@type\":\"EntryPoint\",\"urlTemplate\":\"https:\/\/www.celttv.com.ar\/?s={search_term_string}\"},\"query-input\":\"required name=search_term_string\"}],\"inLanguage\":\"es\"},{\"@type\":\"Organization\",\"@id\":\"https:\/\/www.celttv.com.ar\/#organization\",\"name\":\"CELTTV\",\"url\":\"https:\/\/www.celttv.com.ar\/\",\"sameAs\":[\"https:\/\/www.youtube.com\/channel\/UCz_oIt8Hig64Ub-EmcNPIhg\",\"https:\/\/www.facebook.com\/celtTV\/\"],\"logo\":{\"@type\":\"ImageObject\",\"inLanguage\":\"es\",\"@id\":\"https:\/\/www.celttv.com.ar\/#\/schema\/logo\/image\/\",\"url\":\"http:\/\/www.celttv.com.ar\/wp-content\/uploads\/2022\/08\/logo-1.png\",\"contentUrl\":\"http:\/\/www.celttv.com.ar\/wp-content\/uploads\/2022\/08\/logo-1.png\",\"width\":461,\"height\":159,\"caption\":\"CELTTV\"},\"image\":{\"@id\":\"https:\/\/www.celttv.com.ar\/#\/schema\/logo\/image\/\"}},{\"@type\":\"Person\",\"@id\":\"https:\/\/www.celttv.com.ar\/#\/schema\/person\/9059dc91dc7204ef4182cdb65225f07d\",\"name\":\"Miguel Herrada\",\"image\":{\"@type\":\"ImageObject\",\"inLanguage\":\"es\",\"@id\":\"https:\/\/www.celttv.com.ar\/#\/schema\/person\/image\/\",\"url\":\"https:\/\/secure.gravatar.com\/avatar\/67724d5b3c716623ffd76bec7e45841a442ac3b456e914dbba90b0fad2b8e0b1?s=96&d=mm&r=g\",\"contentUrl\":\"https:\/\/secure.gravatar.com\/avatar\/67724d5b3c716623ffd76bec7e45841a442ac3b456e914dbba90b0fad2b8e0b1?s=96&d=mm&r=g\",\"caption\":\"Miguel Herrada\"}}]}<\/script>\n<!-- \/ Yoast SEO plugin. -->","yoast_head_json":{"title":"Con la presencia de la Ministra de Ambiente este jueves se inaugurar\u00e1 el Parque Ambiental de Tornquist - CELTTV","description":"Sitio web de noticias de la localidad de Tornquist, provincia de Buenos Aires, Rep\u00fablica Argentina. Contenido propio originado por periodistas de CELTTV, el canal de TV local de la Cooperativa El\u00e9ctrica de Tornquist. Turismo, Pol\u00edtica, Sociedad, Deporte, Cultura y todo el contenido de inter\u00e9s general que la gente del pueblo y la regi\u00f3n debe conocer.","robots":{"index":"index","follow":"follow","max-snippet":"max-snippet:-1","max-image-preview":"max-image-preview:large","max-video-preview":"max-video-preview:-1"},"canonical":"https:\/\/www.celttv.com.ar\/index.php\/2024\/07\/17\/con-la-presencia-de-la-ministra-de-ambiente-este-jueves-se-inaugurara-el-parque-ambiental-de-tornquist\/","og_locale":"es_ES","og_type":"article","og_title":"Con la presencia de la Ministra de Ambiente este jueves se inaugurar\u00e1 el Parque Ambiental de Tornquist - CELTTV","og_description":"Sitio web de noticias de la localidad de Tornquist, provincia de Buenos Aires, Rep\u00fablica Argentina. Contenido propio originado por periodistas de CELTTV, el canal de TV local de la Cooperativa El\u00e9ctrica de Tornquist. Turismo, Pol\u00edtica, Sociedad, Deporte, Cultura y todo el contenido de inter\u00e9s general que la gente del pueblo y la regi\u00f3n debe conocer.","og_url":"https:\/\/www.celttv.com.ar\/index.php\/2024\/07\/17\/con-la-presencia-de-la-ministra-de-ambiente-este-jueves-se-inaugurara-el-parque-ambiental-de-tornquist\/","og_site_name":"CELTTV","article_publisher":"https:\/\/www.facebook.com\/celtTV\/","article_published_time":"2024-07-17T20:58:57+00:00","og_image":[{"width":917,"height":1280,"url":"https:\/\/www.celttv.com.ar\/wp-content\/uploads\/2024\/07\/Inauguracion-Parque-Ambiental.jpeg","type":"image\/jpeg"}],"author":"Miguel Herrada","twitter_card":"summary_large_image","twitter_misc":{"Escrito por":"Miguel Herrada","Tiempo de lectura":"2 minutos"},"schema":{"@context":"https:\/\/schema.org","@graph":[{"@type":"NewsArticle","@id":"https:\/\/www.celttv.com.ar\/index.php\/2024\/07\/17\/con-la-presencia-de-la-ministra-de-ambiente-este-jueves-se-inaugurara-el-parque-ambiental-de-tornquist\/#article","isPartOf":{"@id":"https:\/\/www.celttv.com.ar\/index.php\/2024\/07\/17\/con-la-presencia-de-la-ministra-de-ambiente-este-jueves-se-inaugurara-el-parque-ambiental-de-tornquist\/"},"author":{"name":"Miguel Herrada","@id":"https:\/\/www.celttv.com.ar\/#\/schema\/person\/9059dc91dc7204ef4182cdb65225f07d"},"headline":"Con la presencia de la Ministra de Ambiente este jueves se inaugurar\u00e1 el Parque Ambiental de Tornquist","datePublished":"2024-07-17T20:58:57+00:00","dateModified":"2024-07-17T20:58:57+00:00","mainEntityOfPage":{"@id":"https:\/\/www.celttv.com.ar\/index.php\/2024\/07\/17\/con-la-presencia-de-la-ministra-de-ambiente-este-jueves-se-inaugurara-el-parque-ambiental-de-tornquist\/"},"wordCount":320,"publisher":{"@id":"https:\/\/www.celttv.com.ar\/#organization"},"inLanguage":"es"},{"@type":"WebPage","@id":"https:\/\/www.celttv.com.ar\/index.php\/2024\/07\/17\/con-la-presencia-de-la-ministra-de-ambiente-este-jueves-se-inaugurara-el-parque-ambiental-de-tornquist\/","url":"https:\/\/www.celttv.com.ar\/index.php\/2024\/07\/17\/con-la-presencia-de-la-ministra-de-ambiente-este-jueves-se-inaugurara-el-parque-ambiental-de-tornquist\/","name":"Con la presencia de la Ministra de Ambiente este jueves se inaugurar\u00e1 el Parque Ambiental de Tornquist - CELTTV","isPartOf":{"@id":"https:\/\/www.celttv.com.ar\/#website"},"datePublished":"2024-07-17T20:58:57+00:00","dateModified":"2024-07-17T20:58:57+00:00","description":"Sitio web de noticias de la localidad de Tornquist, provincia de Buenos Aires, Rep\u00fablica Argentina. Contenido propio originado por periodistas de CELTTV, el canal de TV local de la Cooperativa El\u00e9ctrica de Tornquist. Turismo, Pol\u00edtica, Sociedad, Deporte, Cultura y todo el contenido de inter\u00e9s general que la gente del pueblo y la regi\u00f3n debe conocer.","breadcrumb":{"@id":"https:\/\/www.celttv.com.ar\/index.php\/2024\/07\/17\/con-la-presencia-de-la-ministra-de-ambiente-este-jueves-se-inaugurara-el-parque-ambiental-de-tornquist\/#breadcrumb"},"inLanguage":"es","potentialAction":[{"@type":"ReadAction","target":["https:\/\/www.celttv.com.ar\/index.php\/2024\/07\/17\/con-la-presencia-de-la-ministra-de-ambiente-este-jueves-se-inaugurara-el-parque-ambiental-de-tornquist\/"]}]},{"@type":"BreadcrumbList","@id":"https:\/\/www.celttv.com.ar\/index.php\/2024\/07\/17\/con-la-presencia-de-la-ministra-de-ambiente-este-jueves-se-inaugurara-el-parque-ambiental-de-tornquist\/#breadcrumb","itemListElement":[{"@type":"ListItem","position":1,"name":"Inicio","item":"https:\/\/www.celttv.com.ar\/"},{"@type":"ListItem","position":2,"name":"Con la presencia de la Ministra de Ambiente este jueves se inaugurar\u00e1 el Parque Ambiental de Tornquist"}]},{"@type":"WebSite","@id":"https:\/\/www.celttv.com.ar\/#website","url":"https:\/\/www.celttv.com.ar\/","name":"CELTTV","description":"Cooperativa El\u00e9ctrica de Tornquist","publisher":{"@id":"https:\/\/www.celttv.com.ar\/#organization"},"potentialAction":[{"@type":"SearchAction","target":{"@type":"EntryPoint","urlTemplate":"https:\/\/www.celttv.com.ar\/?s={search_term_string}"},"query-input":"required name=search_term_string"}],"inLanguage":"es"},{"@type":"Organization","@id":"https:\/\/www.celttv.com.ar\/#organization","name":"CELTTV","url":"https:\/\/www.celttv.com.ar\/","sameAs":["https:\/\/www.youtube.com\/channel\/UCz_oIt8Hig64Ub-EmcNPIhg","https:\/\/www.facebook.com\/celtTV\/"],"logo":{"@type":"ImageObject","inLanguage":"es","@id":"https:\/\/www.celttv.com.ar\/#\/schema\/logo\/image\/","url":"http:\/\/www.celttv.com.ar\/wp-content\/uploads\/2022\/08\/logo-1.png","contentUrl":"http:\/\/www.celttv.com.ar\/wp-content\/uploads\/2022\/08\/logo-1.png","width":461,"height":159,"caption":"CELTTV"},"image":{"@id":"https:\/\/www.celttv.com.ar\/#\/schema\/logo\/image\/"}},{"@type":"Person","@id":"https:\/\/www.celttv.com.ar\/#\/schema\/person\/9059dc91dc7204ef4182cdb65225f07d","name":"Miguel Herrada","image":{"@type":"ImageObject","inLanguage":"es","@id":"https:\/\/www.celttv.com.ar\/#\/schema\/person\/image\/","url":"https:\/\/secure.gravatar.com\/avatar\/67724d5b3c716623ffd76bec7e45841a442ac3b456e914dbba90b0fad2b8e0b1?s=96&d=mm&r=g","contentUrl":"https:\/\/secure.gravatar.com\/avatar\/67724d5b3c716623ffd76bec7e45841a442ac3b456e914dbba90b0fad2b8e0b1?s=96&d=mm&r=g","caption":"Miguel Herrada"}}]}},"_links":{"self":[{"href":"https:\/\/www.celttv.com.ar\/index.php\/wp-json\/wp\/v2\/posts\/85176","targetHints":{"allow":["GET"]}}],"collection":[{"href":"https:\/\/www.celttv.com.ar\/index.php\/wp-json\/wp\/v2\/posts"}],"about":[{"href":"https:\/\/www.celttv.com.ar\/index.php\/wp-json\/wp\/v2\/types\/post"}],"author":[{"embeddable":true,"href":"https:\/\/www.celttv.com.ar\/index.php\/wp-json\/wp\/v2\/users\/5"}],"replies":[{"embeddable":true,"href":"https:\/\/www.celttv.com.ar\/index.php\/wp-json\/wp\/v2\/comments?post=85176"}],"version-history":[{"count":2,"href":"https:\/\/www.celttv.com.ar\/index.php\/wp-json\/wp\/v2\/posts\/85176\/revisions"}],"predecessor-version":[{"id":85179,"href":"https:\/\/www.celttv.com.ar\/index.php\/wp-json\/wp\/v2\/posts\/85176\/revisions\/85179"}],"wp:featuredmedia":[{"embeddable":true,"href":"https:\/\/www.celttv.com.ar\/index.php\/wp-json\/wp\/v2\/media\/85177"}],"wp:attachment":[{"href":"https:\/\/www.celttv.com.ar\/index.php\/wp-json\/wp\/v2\/media?parent=85176"}],"wp:term":[{"taxonomy":"category","embeddable":true,"href":"https:\/\/www.celttv.com.ar\/index.php\/wp-json\/wp\/v2\/categories?post=85176"},{"taxonomy":"post_tag","embeddable":true,"href":"https:\/\/www.celttv.com.ar\/index.php\/wp-json\/wp\/v2\/tags?post=85176"}],"curies":[{"name":"wp","href":"https:\/\/api.w.org\/{rel}","templated":true}]}}