{"id":85192,"date":"2024-07-18T18:34:33","date_gmt":"2024-07-18T21:34:33","guid":{"rendered":"https:\/\/www.celttv.com.ar\/?p=85192"},"modified":"2024-07-18T18:35:22","modified_gmt":"2024-07-18T21:35:22","slug":"se-inauguro-el-parque-ambiental-y-se-recupero-un-gran-espacio-para-la-comunidad","status":"publish","type":"post","link":"https:\/\/www.celttv.com.ar\/index.php\/2024\/07\/18\/se-inauguro-el-parque-ambiental-y-se-recupero-un-gran-espacio-para-la-comunidad\/","title":{"rendered":"Se inaugur\u00f3 el parque ambiental y se recuper\u00f3 un gran espacio para la comunidad"},"content":{"rendered":"<div class=\"adelanto\">\n<p>Viaj\u00f3 para la puesta en marcha la Ministra de ambiente Daniela Vilar.<\/p>\n<\/div>\n<div class=\"text\">\n<p>Este jueves como estaba previsto, se dejo inaugurado el Parque ambiental en nuestra ciudad. Este espacio ubicado en el Barrio Sur qued\u00f3 totalmente remozado y preparado para el disfrute de la familia y los diferentes talleres que se brindar\u00e1n en el aula &#8220;domo ambiental&#8221; constr\u00faido.<\/p>\n<p>La jornada, que cont\u00f3 con la presencia de la intendenta interina,\u00a0<strong>Estefania Bordoni<\/strong>, el Intendente municipal\u00a0<strong>Sergio Bordoni<\/strong>\u00a0, La titular de ambiente\u00a0 Lic.\u00a0<strong>Melisa Herrada,<\/strong>\u00a0miembros del gabinete ejecutivo y la ministra de ambiente de la provincia de Buenos Aires\u00a0<strong>Daniela Vilar.<\/strong><\/p>\n<p>Adem\u00e1s para el corte de cinta, se invit\u00f3 a uno de los precursores del lugar\u00a0<strong>Juan Carlos Brugniere<\/strong>\u00a0que se sorprendi\u00f3 al escuchar las palabras de Estefan\u00eda Bordoni en conjunto con el bloque del frente de todos que elaborar\u00e1n una ordenanza para que el lugar lleve su nombre.<\/p>\n<p>Esta jornada se desarrolla en el marco de \u2018Ambiente en tu Barrio\u2019, que se lleva adelante durante cuatro d\u00edas con talleres de reciclaje, compostaje y huerta org\u00e1nica.<\/p>\n<p>Es una propuesta dise\u00f1ada para acercar la educaci\u00f3n ambiental a todos los barrios de la provincia. Con un stand interactivo, cuenta con propuestas y talleres para que los vecinos y vecinas tengan la posibilidad de conocer y experimentar con nuevos h\u00e1bitos y pr\u00e1cticas m\u00e1s amigables con el ambiente.<\/p>\n<p>Desde un muestrario de pl\u00e1sticos, huertas, plantas nativas, alimentaci\u00f3n saludable, hasta los talleres de compost y separaci\u00f3n en origen, todos y todas, desde los m\u00e1s chicos hasta los m\u00e1s grandes, tienen cosas que aprender. Por eso, con distintos abordajes y modalidades, se pretende acercar la educaci\u00f3n ambiental desde el encuentro y el disfrute.<\/p>\n<p>La ministra Daniela Vilar, recorri\u00f3 el lugar y se sorprendi\u00f3 por las excelentes instalaciones y el entorno en un lugar natural y rodeado de sierras con su cascada y lago.<\/p>\n<p><strong>Los funcionarios dejaron algunos conceptos<\/strong><\/p>\n<p><strong>Estefan\u00eda Bordoni<\/strong><\/p>\n<p>\u201cEstamos muy contentos de recibir nuevamente a la ministra y todo su equipo, contentos tambi\u00e9n porque trajo Ambiente en Tu Barrio que es hermoso para la gente de Tornquist, esto es un logro gracias al ministerio que trabaja muy bien\u201d.<\/p>\n<p><strong>Daniela Vilar\u00a0<\/strong><\/p>\n<p><strong>Importancia de los parques ambientales\u00a0<\/strong><\/p>\n<p>\u201cEs un d\u00eda muy importante para todo el equipo del ministerio de la provincia de Buenos Aires donde podemos compartir con Estefan\u00eda en su rol de intendenta la inauguraci\u00f3n de este parque ambiental, esto es un hito mas para el recorrido del ministerio y para la pol\u00edtica ambiental de la provincia. Es un ministerio que se crea por definici\u00f3n de nuestro gobernador Axel Kicillof hace dos a\u00f1os y medio atr\u00e1s\u201d.<\/p>\n<p><strong>En referencia a la gesti\u00f3n municipal de Tornquist\u00a0<\/strong><\/p>\n<p>\u201cTener un parque ambiental instalado en el sur de la provincia de Buenos Aires es muy bueno, ni hablar de la gesti\u00f3n integral que se hace en Tornquist y del trabajo que vienen haciendo Sergio y Estefan\u00eda. No hace falta que yo diga que este es un lugar hermoso, se nota en los ni\u00f1os y en las familias que est\u00e1n todos reunidos, y obviamente Juan Carlos Brugniere que tanto cuid\u00f3 este predio y hoy est\u00e1 disfrutando de esta maravilla\u201d.<\/p>\n<p>\u201cNosotros buscamos incorporarle a la comunidad las herramientas de la pol\u00edtica p\u00fablica para poder lograr el buen vivir de todos y todas. Adem\u00e1s, ac\u00e1 hay un equipo municipal muy exigente que est\u00e1 todo el tiempo interactuando con el equipo del ministerio para poder traer mas y mejores pol\u00edticas p\u00fablicas al distrito de Tornquist\u201d.<\/p>\n<p><strong>Concientizaci\u00f3n<\/strong><\/p>\n<p>\u201cVenimos instalando mas de 30 parques en distintos distritos de la provincia y lo que buscan es poner en valor un espacio verde valorado por la ciudadan\u00eda como lo es este caso, pero adem\u00e1s de esto, se busca traer las distintas l\u00edneas de pol\u00edtica p\u00fablica del ministerio a un espacio donde puedan acceder y estar en contacto los ciudadanos y las ciudadanas\u201d<\/p>\n<p><strong>En referencia al parque ambiental de Tornquist\u00a0<\/strong><\/p>\n<p>\u201cLos juegos que instal\u00f3 el municipio son juegos sustentables, es decir que se construyeron con material sustentable, tambi\u00e9n est\u00e1 la huerta agroecol\u00f3gica educativa para que los chicos y chicas puedan venir a sembrar y luego cosechar. La forestaci\u00f3n est\u00e1 hecha con nativas, nosotros trabajamos mucho en la forestaci\u00f3n de nativas porque tiene que ver con la identidad y tambi\u00e9n con la biodiversidad de los lugares. Luego est\u00e1 el domo que es lo que nosotros lo propusimos para que se hagan charlas y que tiene una infraestructura hermosa, es el m\u00e1s lindo de todos los que fuimos instalando\u201d.<\/p>\n<p><strong>La importancia de que los distritos acompa\u00f1en con estas pol\u00edticas<\/strong><\/p>\n<p>\u201cEst\u00e1 pasando que todos los distritos buscan fortalecer sus pol\u00edticas ambientales, se debe a una cuesti\u00f3n global porque la crisis clim\u00e1tica es agenda del mundo, a pesar de que Milei la niegue, nuestro pa\u00eds est\u00e1 yendo a contramano, pero la provincia no. Seguimos construyendo herramienta de pol\u00edtica publica y ambientalismo popular para que la gente la tome y la haga propia para poder construir un buen vivir para todos y todas\u201d.<\/p>\n<p>&nbsp;<\/p>\n<p><strong>Sergio Bordoni<\/strong><\/p>\n<p>\u201cRecuperamos un espacio que hace mucho tiempo estaba perdido, ahora estamos colaborando con el medioambiente y tratando de hacer pol\u00edticas ambientales que contribuyan a mejorar el destino de nuestros j\u00f3venes\u201d.<\/p>\n<p>\u201cTenemos un gobierno provincial que apoya a todos los intendentes, sin mirar en los colores pol\u00edticos y que adem\u00e1s camina la provincia. Estamos en una encrucijada donde el gobierno nacional dice que lo ambiental no existe, pero la realidad es esta, este es el planeta real y despu\u00e9s est\u00e1 el planeta del presidente de la naci\u00f3n que es nunca jam\u00e1s\u201d.<\/p>\n<p>\u201cLa ministra ve la cantidad de j\u00f3venes que tengo dentro del gabinete y que le ponen mucha impronta. Somos muy insistentes en los pedidos y los j\u00f3venes han copiado mucho de lo que yo he hecho, obviamente de los aciertos, de los errores se aprenden porque tambi\u00e9n nos hemos equivocado\u201d.<\/p>\n<p>Culmin\u00f3 diciendo; \u201cTengo un equipo muy joven y valiente, con ganas de trabajar en el distrito y seguir cambi\u00e1ndolo\u201d. Finaliz\u00f3.<\/p>\n<p>Noticias Tornquist &#8211; CELTTV<\/p>\n<p>Ampliaremos con videos<\/p>\n<p><img loading=\"lazy\" decoding=\"async\" class=\"alignnone wp-image-85193 size-large\" src=\"https:\/\/www.celttv.com.ar\/wp-content\/uploads\/2024\/07\/dsc0004-copy.jpg_1600-1024x683.jpg\" alt=\"\" width=\"1024\" height=\"683\" srcset=\"https:\/\/www.celttv.com.ar\/wp-content\/uploads\/2024\/07\/dsc0004-copy.jpg_1600-1024x683.jpg 1024w, https:\/\/www.celttv.com.ar\/wp-content\/uploads\/2024\/07\/dsc0004-copy.jpg_1600-300x200.jpg 300w, https:\/\/www.celttv.com.ar\/wp-content\/uploads\/2024\/07\/dsc0004-copy.jpg_1600-768x512.jpg 768w, https:\/\/www.celttv.com.ar\/wp-content\/uploads\/2024\/07\/dsc0004-copy.jpg_1600-1536x1024.jpg 1536w, https:\/\/www.celttv.com.ar\/wp-content\/uploads\/2024\/07\/dsc0004-copy.jpg_1600-750x500.jpg 750w, https:\/\/www.celttv.com.ar\/wp-content\/uploads\/2024\/07\/dsc0004-copy.jpg_1600-1140x760.jpg 1140w, https:\/\/www.celttv.com.ar\/wp-content\/uploads\/2024\/07\/dsc0004-copy.jpg_1600.jpg 1600w\" sizes=\"auto, (max-width: 1024px) 100vw, 1024px\" \/> <img loading=\"lazy\" decoding=\"async\" class=\"alignnone wp-image-85194 size-large\" src=\"https:\/\/www.celttv.com.ar\/wp-content\/uploads\/2024\/07\/dsc0054-copy.jpg_1600-1024x683.jpg\" alt=\"\" width=\"1024\" height=\"683\" srcset=\"https:\/\/www.celttv.com.ar\/wp-content\/uploads\/2024\/07\/dsc0054-copy.jpg_1600-1024x683.jpg 1024w, https:\/\/www.celttv.com.ar\/wp-content\/uploads\/2024\/07\/dsc0054-copy.jpg_1600-300x200.jpg 300w, https:\/\/www.celttv.com.ar\/wp-content\/uploads\/2024\/07\/dsc0054-copy.jpg_1600-768x512.jpg 768w, https:\/\/www.celttv.com.ar\/wp-content\/uploads\/2024\/07\/dsc0054-copy.jpg_1600-1536x1024.jpg 1536w, https:\/\/www.celttv.com.ar\/wp-content\/uploads\/2024\/07\/dsc0054-copy.jpg_1600-750x500.jpg 750w, https:\/\/www.celttv.com.ar\/wp-content\/uploads\/2024\/07\/dsc0054-copy.jpg_1600-1140x760.jpg 1140w, https:\/\/www.celttv.com.ar\/wp-content\/uploads\/2024\/07\/dsc0054-copy.jpg_1600.jpg 1600w\" sizes=\"auto, (max-width: 1024px) 100vw, 1024px\" \/> <img loading=\"lazy\" decoding=\"async\" class=\"alignnone wp-image-85195 size-large\" src=\"https:\/\/www.celttv.com.ar\/wp-content\/uploads\/2024\/07\/dsc0067-copy.jpg_1600-1024x683.jpg\" alt=\"\" width=\"1024\" height=\"683\" srcset=\"https:\/\/www.celttv.com.ar\/wp-content\/uploads\/2024\/07\/dsc0067-copy.jpg_1600-1024x683.jpg 1024w, https:\/\/www.celttv.com.ar\/wp-content\/uploads\/2024\/07\/dsc0067-copy.jpg_1600-300x200.jpg 300w, https:\/\/www.celttv.com.ar\/wp-content\/uploads\/2024\/07\/dsc0067-copy.jpg_1600-768x512.jpg 768w, https:\/\/www.celttv.com.ar\/wp-content\/uploads\/2024\/07\/dsc0067-copy.jpg_1600-1536x1024.jpg 1536w, https:\/\/www.celttv.com.ar\/wp-content\/uploads\/2024\/07\/dsc0067-copy.jpg_1600-750x500.jpg 750w, https:\/\/www.celttv.com.ar\/wp-content\/uploads\/2024\/07\/dsc0067-copy.jpg_1600-1140x760.jpg 1140w, https:\/\/www.celttv.com.ar\/wp-content\/uploads\/2024\/07\/dsc0067-copy.jpg_1600.jpg 1600w\" sizes=\"auto, (max-width: 1024px) 100vw, 1024px\" \/> <img loading=\"lazy\" decoding=\"async\" class=\"alignnone wp-image-85196 size-large\" src=\"https:\/\/www.celttv.com.ar\/wp-content\/uploads\/2024\/07\/dsc0077-copy.jpg_1600-1024x683.jpg\" alt=\"\" width=\"1024\" height=\"683\" srcset=\"https:\/\/www.celttv.com.ar\/wp-content\/uploads\/2024\/07\/dsc0077-copy.jpg_1600-1024x683.jpg 1024w, https:\/\/www.celttv.com.ar\/wp-content\/uploads\/2024\/07\/dsc0077-copy.jpg_1600-300x200.jpg 300w, https:\/\/www.celttv.com.ar\/wp-content\/uploads\/2024\/07\/dsc0077-copy.jpg_1600-768x512.jpg 768w, https:\/\/www.celttv.com.ar\/wp-content\/uploads\/2024\/07\/dsc0077-copy.jpg_1600-1536x1024.jpg 1536w, https:\/\/www.celttv.com.ar\/wp-content\/uploads\/2024\/07\/dsc0077-copy.jpg_1600-750x500.jpg 750w, https:\/\/www.celttv.com.ar\/wp-content\/uploads\/2024\/07\/dsc0077-copy.jpg_1600-1140x760.jpg 1140w, https:\/\/www.celttv.com.ar\/wp-content\/uploads\/2024\/07\/dsc0077-copy.jpg_1600.jpg 1600w\" sizes=\"auto, (max-width: 1024px) 100vw, 1024px\" \/> <img loading=\"lazy\" decoding=\"async\" class=\"alignnone wp-image-85197 size-large\" src=\"https:\/\/www.celttv.com.ar\/wp-content\/uploads\/2024\/07\/dsc0084-copy.jpg_1600-1024x683.jpg\" alt=\"\" width=\"1024\" height=\"683\" srcset=\"https:\/\/www.celttv.com.ar\/wp-content\/uploads\/2024\/07\/dsc0084-copy.jpg_1600-1024x683.jpg 1024w, https:\/\/www.celttv.com.ar\/wp-content\/uploads\/2024\/07\/dsc0084-copy.jpg_1600-300x200.jpg 300w, https:\/\/www.celttv.com.ar\/wp-content\/uploads\/2024\/07\/dsc0084-copy.jpg_1600-768x512.jpg 768w, https:\/\/www.celttv.com.ar\/wp-content\/uploads\/2024\/07\/dsc0084-copy.jpg_1600-1536x1024.jpg 1536w, https:\/\/www.celttv.com.ar\/wp-content\/uploads\/2024\/07\/dsc0084-copy.jpg_1600-750x500.jpg 750w, https:\/\/www.celttv.com.ar\/wp-content\/uploads\/2024\/07\/dsc0084-copy.jpg_1600-1140x760.jpg 1140w, https:\/\/www.celttv.com.ar\/wp-content\/uploads\/2024\/07\/dsc0084-copy.jpg_1600.jpg 1600w\" sizes=\"auto, (max-width: 1024px) 100vw, 1024px\" \/> <img loading=\"lazy\" decoding=\"async\" class=\"alignnone wp-image-85198 size-large\" src=\"https:\/\/www.celttv.com.ar\/wp-content\/uploads\/2024\/07\/dsc0088-copy.jpg_1600-1024x683.jpg\" alt=\"\" width=\"1024\" height=\"683\" srcset=\"https:\/\/www.celttv.com.ar\/wp-content\/uploads\/2024\/07\/dsc0088-copy.jpg_1600-1024x683.jpg 1024w, https:\/\/www.celttv.com.ar\/wp-content\/uploads\/2024\/07\/dsc0088-copy.jpg_1600-300x200.jpg 300w, https:\/\/www.celttv.com.ar\/wp-content\/uploads\/2024\/07\/dsc0088-copy.jpg_1600-768x512.jpg 768w, https:\/\/www.celttv.com.ar\/wp-content\/uploads\/2024\/07\/dsc0088-copy.jpg_1600-1536x1024.jpg 1536w, https:\/\/www.celttv.com.ar\/wp-content\/uploads\/2024\/07\/dsc0088-copy.jpg_1600-750x500.jpg 750w, https:\/\/www.celttv.com.ar\/wp-content\/uploads\/2024\/07\/dsc0088-copy.jpg_1600-1140x760.jpg 1140w, https:\/\/www.celttv.com.ar\/wp-content\/uploads\/2024\/07\/dsc0088-copy.jpg_1600.jpg 1600w\" sizes=\"auto, (max-width: 1024px) 100vw, 1024px\" \/> <img loading=\"lazy\" decoding=\"async\" class=\"alignnone wp-image-85199 size-large\" src=\"https:\/\/www.celttv.com.ar\/wp-content\/uploads\/2024\/07\/dsc0107-copy.jpg_1600-1024x683.jpg\" alt=\"\" width=\"1024\" height=\"683\" srcset=\"https:\/\/www.celttv.com.ar\/wp-content\/uploads\/2024\/07\/dsc0107-copy.jpg_1600-1024x683.jpg 1024w, https:\/\/www.celttv.com.ar\/wp-content\/uploads\/2024\/07\/dsc0107-copy.jpg_1600-300x200.jpg 300w, https:\/\/www.celttv.com.ar\/wp-content\/uploads\/2024\/07\/dsc0107-copy.jpg_1600-768x512.jpg 768w, https:\/\/www.celttv.com.ar\/wp-content\/uploads\/2024\/07\/dsc0107-copy.jpg_1600-1536x1024.jpg 1536w, https:\/\/www.celttv.com.ar\/wp-content\/uploads\/2024\/07\/dsc0107-copy.jpg_1600-750x500.jpg 750w, https:\/\/www.celttv.com.ar\/wp-content\/uploads\/2024\/07\/dsc0107-copy.jpg_1600-1140x760.jpg 1140w, https:\/\/www.celttv.com.ar\/wp-content\/uploads\/2024\/07\/dsc0107-copy.jpg_1600.jpg 1600w\" sizes=\"auto, (max-width: 1024px) 100vw, 1024px\" \/> <img loading=\"lazy\" decoding=\"async\" class=\"alignnone wp-image-85200 size-large\" src=\"https:\/\/www.celttv.com.ar\/wp-content\/uploads\/2024\/07\/dsc9987-copy.jpg_1600-1024x683.jpg\" alt=\"\" width=\"1024\" height=\"683\" srcset=\"https:\/\/www.celttv.com.ar\/wp-content\/uploads\/2024\/07\/dsc9987-copy.jpg_1600-1024x683.jpg 1024w, https:\/\/www.celttv.com.ar\/wp-content\/uploads\/2024\/07\/dsc9987-copy.jpg_1600-300x200.jpg 300w, https:\/\/www.celttv.com.ar\/wp-content\/uploads\/2024\/07\/dsc9987-copy.jpg_1600-768x512.jpg 768w, https:\/\/www.celttv.com.ar\/wp-content\/uploads\/2024\/07\/dsc9987-copy.jpg_1600-1536x1024.jpg 1536w, https:\/\/www.celttv.com.ar\/wp-content\/uploads\/2024\/07\/dsc9987-copy.jpg_1600-750x500.jpg 750w, https:\/\/www.celttv.com.ar\/wp-content\/uploads\/2024\/07\/dsc9987-copy.jpg_1600-1140x760.jpg 1140w, https:\/\/www.celttv.com.ar\/wp-content\/uploads\/2024\/07\/dsc9987-copy.jpg_1600.jpg 1600w\" sizes=\"auto, (max-width: 1024px) 100vw, 1024px\" \/> <img loading=\"lazy\" decoding=\"async\" class=\"alignnone wp-image-85201 size-large\" src=\"https:\/\/www.celttv.com.ar\/wp-content\/uploads\/2024\/07\/dsc9991-copy.jpg_1600-1024x683.jpg\" alt=\"\" width=\"1024\" height=\"683\" srcset=\"https:\/\/www.celttv.com.ar\/wp-content\/uploads\/2024\/07\/dsc9991-copy.jpg_1600-1024x683.jpg 1024w, https:\/\/www.celttv.com.ar\/wp-content\/uploads\/2024\/07\/dsc9991-copy.jpg_1600-300x200.jpg 300w, https:\/\/www.celttv.com.ar\/wp-content\/uploads\/2024\/07\/dsc9991-copy.jpg_1600-768x512.jpg 768w, https:\/\/www.celttv.com.ar\/wp-content\/uploads\/2024\/07\/dsc9991-copy.jpg_1600-1536x1024.jpg 1536w, https:\/\/www.celttv.com.ar\/wp-content\/uploads\/2024\/07\/dsc9991-copy.jpg_1600-750x500.jpg 750w, https:\/\/www.celttv.com.ar\/wp-content\/uploads\/2024\/07\/dsc9991-copy.jpg_1600-1140x760.jpg 1140w, https:\/\/www.celttv.com.ar\/wp-content\/uploads\/2024\/07\/dsc9991-copy.jpg_1600.jpg 1600w\" sizes=\"auto, (max-width: 1024px) 100vw, 1024px\" \/><\/p>\n<\/div>\n","protected":false},"excerpt":{"rendered":"<p>Viaj\u00f3 para la puesta en marcha la Ministra de ambiente Daniela Vilar. Este jueves como estaba previsto, se dejo inaugurado el Parque ambiental en nuestra ciudad. Este espacio ubicado en el Barrio Sur qued\u00f3 totalmente remozado y preparado para el disfrute de la familia y los diferentes talleres que se brindar\u00e1n en el aula &#8220;domo [&hellip;]<\/p>\n","protected":false},"author":5,"featured_media":85194,"comment_status":"closed","ping_status":"closed","sticky":false,"template":"","format":"standard","meta":{"footnotes":""},"categories":[59,65],"tags":[],"class_list":["post-85192","post","type-post","status-publish","format-standard","has-post-thumbnail","hentry","category-municipales","category-produccion"],"yoast_head":"<!-- This site is optimized with the Yoast SEO plugin v19.7.1 - https:\/\/yoast.com\/wordpress\/plugins\/seo\/ -->\n<title>Se inaugur\u00f3 el parque ambiental y se recuper\u00f3 un gran espacio para la comunidad - CELTTV<\/title>\n<meta name=\"description\" content=\"Sitio web de noticias de la localidad de Tornquist, provincia de Buenos Aires, Rep\u00fablica Argentina. Contenido propio originado por periodistas de CELTTV, el canal de TV local de la Cooperativa El\u00e9ctrica de Tornquist. Turismo, Pol\u00edtica, Sociedad, Deporte, Cultura y todo el contenido de inter\u00e9s general que la gente del pueblo y la regi\u00f3n debe conocer.\" \/>\n<meta name=\"robots\" content=\"index, follow, max-snippet:-1, max-image-preview:large, max-video-preview:-1\" \/>\n<link rel=\"canonical\" href=\"https:\/\/www.celttv.com.ar\/index.php\/2024\/07\/18\/se-inauguro-el-parque-ambiental-y-se-recupero-un-gran-espacio-para-la-comunidad\/\" \/>\n<meta property=\"og:locale\" content=\"es_ES\" \/>\n<meta property=\"og:type\" content=\"article\" \/>\n<meta property=\"og:title\" content=\"Se inaugur\u00f3 el parque ambiental y se recuper\u00f3 un gran espacio para la comunidad - CELTTV\" \/>\n<meta property=\"og:description\" content=\"Sitio web de noticias de la localidad de Tornquist, provincia de Buenos Aires, Rep\u00fablica Argentina. Contenido propio originado por periodistas de CELTTV, el canal de TV local de la Cooperativa El\u00e9ctrica de Tornquist. Turismo, Pol\u00edtica, Sociedad, Deporte, Cultura y todo el contenido de inter\u00e9s general que la gente del pueblo y la regi\u00f3n debe conocer.\" \/>\n<meta property=\"og:url\" content=\"https:\/\/www.celttv.com.ar\/index.php\/2024\/07\/18\/se-inauguro-el-parque-ambiental-y-se-recupero-un-gran-espacio-para-la-comunidad\/\" \/>\n<meta property=\"og:site_name\" content=\"CELTTV\" \/>\n<meta property=\"article:publisher\" content=\"https:\/\/www.facebook.com\/celtTV\/\" \/>\n<meta property=\"article:published_time\" content=\"2024-07-18T21:34:33+00:00\" \/>\n<meta property=\"article:modified_time\" content=\"2024-07-18T21:35:22+00:00\" \/>\n<meta property=\"og:image\" content=\"https:\/\/www.celttv.com.ar\/wp-content\/uploads\/2024\/07\/dsc0054-copy.jpg_1600.jpg\" \/>\n\t<meta property=\"og:image:width\" content=\"1600\" \/>\n\t<meta property=\"og:image:height\" content=\"1067\" \/>\n\t<meta property=\"og:image:type\" content=\"image\/jpeg\" \/>\n<meta name=\"author\" content=\"Miguel Herrada\" \/>\n<meta name=\"twitter:card\" content=\"summary_large_image\" \/>\n<meta name=\"twitter:label1\" content=\"Escrito por\" \/>\n\t<meta name=\"twitter:data1\" content=\"Miguel Herrada\" \/>\n\t<meta name=\"twitter:label2\" content=\"Tiempo de lectura\" \/>\n\t<meta name=\"twitter:data2\" content=\"5 minutos\" \/>\n<script type=\"application\/ld+json\" class=\"yoast-schema-graph\">{\"@context\":\"https:\/\/schema.org\",\"@graph\":[{\"@type\":\"NewsArticle\",\"@id\":\"https:\/\/www.celttv.com.ar\/index.php\/2024\/07\/18\/se-inauguro-el-parque-ambiental-y-se-recupero-un-gran-espacio-para-la-comunidad\/#article\",\"isPartOf\":{\"@id\":\"https:\/\/www.celttv.com.ar\/index.php\/2024\/07\/18\/se-inauguro-el-parque-ambiental-y-se-recupero-un-gran-espacio-para-la-comunidad\/\"},\"author\":{\"name\":\"Miguel Herrada\",\"@id\":\"https:\/\/www.celttv.com.ar\/#\/schema\/person\/9059dc91dc7204ef4182cdb65225f07d\"},\"headline\":\"Se inaugur\u00f3 el parque ambiental y se recuper\u00f3 un gran espacio para la comunidad\",\"datePublished\":\"2024-07-18T21:34:33+00:00\",\"dateModified\":\"2024-07-18T21:35:22+00:00\",\"mainEntityOfPage\":{\"@id\":\"https:\/\/www.celttv.com.ar\/index.php\/2024\/07\/18\/se-inauguro-el-parque-ambiental-y-se-recupero-un-gran-espacio-para-la-comunidad\/\"},\"wordCount\":1067,\"publisher\":{\"@id\":\"https:\/\/www.celttv.com.ar\/#organization\"},\"articleSection\":[\"Municipales\",\"Producci\u00f3n y Medio Ambiente\"],\"inLanguage\":\"es\"},{\"@type\":\"WebPage\",\"@id\":\"https:\/\/www.celttv.com.ar\/index.php\/2024\/07\/18\/se-inauguro-el-parque-ambiental-y-se-recupero-un-gran-espacio-para-la-comunidad\/\",\"url\":\"https:\/\/www.celttv.com.ar\/index.php\/2024\/07\/18\/se-inauguro-el-parque-ambiental-y-se-recupero-un-gran-espacio-para-la-comunidad\/\",\"name\":\"Se inaugur\u00f3 el parque ambiental y se recuper\u00f3 un gran espacio para la comunidad - CELTTV\",\"isPartOf\":{\"@id\":\"https:\/\/www.celttv.com.ar\/#website\"},\"datePublished\":\"2024-07-18T21:34:33+00:00\",\"dateModified\":\"2024-07-18T21:35:22+00:00\",\"description\":\"Sitio web de noticias de la localidad de Tornquist, provincia de Buenos Aires, Rep\u00fablica Argentina. Contenido propio originado por periodistas de CELTTV, el canal de TV local de la Cooperativa El\u00e9ctrica de Tornquist. Turismo, Pol\u00edtica, Sociedad, Deporte, Cultura y todo el contenido de inter\u00e9s general que la gente del pueblo y la regi\u00f3n debe conocer.\",\"breadcrumb\":{\"@id\":\"https:\/\/www.celttv.com.ar\/index.php\/2024\/07\/18\/se-inauguro-el-parque-ambiental-y-se-recupero-un-gran-espacio-para-la-comunidad\/#breadcrumb\"},\"inLanguage\":\"es\",\"potentialAction\":[{\"@type\":\"ReadAction\",\"target\":[\"https:\/\/www.celttv.com.ar\/index.php\/2024\/07\/18\/se-inauguro-el-parque-ambiental-y-se-recupero-un-gran-espacio-para-la-comunidad\/\"]}]},{\"@type\":\"BreadcrumbList\",\"@id\":\"https:\/\/www.celttv.com.ar\/index.php\/2024\/07\/18\/se-inauguro-el-parque-ambiental-y-se-recupero-un-gran-espacio-para-la-comunidad\/#breadcrumb\",\"itemListElement\":[{\"@type\":\"ListItem\",\"position\":1,\"name\":\"Inicio\",\"item\":\"https:\/\/www.celttv.com.ar\/\"},{\"@type\":\"ListItem\",\"position\":2,\"name\":\"Se inaugur\u00f3 el parque ambiental y se recuper\u00f3 un gran espacio para la comunidad\"}]},{\"@type\":\"WebSite\",\"@id\":\"https:\/\/www.celttv.com.ar\/#website\",\"url\":\"https:\/\/www.celttv.com.ar\/\",\"name\":\"CELTTV\",\"description\":\"Cooperativa El\u00e9ctrica de Tornquist\",\"publisher\":{\"@id\":\"https:\/\/www.celttv.com.ar\/#organization\"},\"potentialAction\":[{\"@type\":\"SearchAction\",\"target\":{\"@type\":\"EntryPoint\",\"urlTemplate\":\"https:\/\/www.celttv.com.ar\/?s={search_term_string}\"},\"query-input\":\"required name=search_term_string\"}],\"inLanguage\":\"es\"},{\"@type\":\"Organization\",\"@id\":\"https:\/\/www.celttv.com.ar\/#organization\",\"name\":\"CELTTV\",\"url\":\"https:\/\/www.celttv.com.ar\/\",\"sameAs\":[\"https:\/\/www.youtube.com\/channel\/UCz_oIt8Hig64Ub-EmcNPIhg\",\"https:\/\/www.facebook.com\/celtTV\/\"],\"logo\":{\"@type\":\"ImageObject\",\"inLanguage\":\"es\",\"@id\":\"https:\/\/www.celttv.com.ar\/#\/schema\/logo\/image\/\",\"url\":\"http:\/\/www.celttv.com.ar\/wp-content\/uploads\/2022\/08\/logo-1.png\",\"contentUrl\":\"http:\/\/www.celttv.com.ar\/wp-content\/uploads\/2022\/08\/logo-1.png\",\"width\":461,\"height\":159,\"caption\":\"CELTTV\"},\"image\":{\"@id\":\"https:\/\/www.celttv.com.ar\/#\/schema\/logo\/image\/\"}},{\"@type\":\"Person\",\"@id\":\"https:\/\/www.celttv.com.ar\/#\/schema\/person\/9059dc91dc7204ef4182cdb65225f07d\",\"name\":\"Miguel Herrada\",\"image\":{\"@type\":\"ImageObject\",\"inLanguage\":\"es\",\"@id\":\"https:\/\/www.celttv.com.ar\/#\/schema\/person\/image\/\",\"url\":\"https:\/\/secure.gravatar.com\/avatar\/67724d5b3c716623ffd76bec7e45841a442ac3b456e914dbba90b0fad2b8e0b1?s=96&d=mm&r=g\",\"contentUrl\":\"https:\/\/secure.gravatar.com\/avatar\/67724d5b3c716623ffd76bec7e45841a442ac3b456e914dbba90b0fad2b8e0b1?s=96&d=mm&r=g\",\"caption\":\"Miguel Herrada\"}}]}<\/script>\n<!-- \/ Yoast SEO plugin. -->","yoast_head_json":{"title":"Se inaugur\u00f3 el parque ambiental y se recuper\u00f3 un gran espacio para la comunidad - CELTTV","description":"Sitio web de noticias de la localidad de Tornquist, provincia de Buenos Aires, Rep\u00fablica Argentina. Contenido propio originado por periodistas de CELTTV, el canal de TV local de la Cooperativa El\u00e9ctrica de Tornquist. Turismo, Pol\u00edtica, Sociedad, Deporte, Cultura y todo el contenido de inter\u00e9s general que la gente del pueblo y la regi\u00f3n debe conocer.","robots":{"index":"index","follow":"follow","max-snippet":"max-snippet:-1","max-image-preview":"max-image-preview:large","max-video-preview":"max-video-preview:-1"},"canonical":"https:\/\/www.celttv.com.ar\/index.php\/2024\/07\/18\/se-inauguro-el-parque-ambiental-y-se-recupero-un-gran-espacio-para-la-comunidad\/","og_locale":"es_ES","og_type":"article","og_title":"Se inaugur\u00f3 el parque ambiental y se recuper\u00f3 un gran espacio para la comunidad - CELTTV","og_description":"Sitio web de noticias de la localidad de Tornquist, provincia de Buenos Aires, Rep\u00fablica Argentina. Contenido propio originado por periodistas de CELTTV, el canal de TV local de la Cooperativa El\u00e9ctrica de Tornquist. Turismo, Pol\u00edtica, Sociedad, Deporte, Cultura y todo el contenido de inter\u00e9s general que la gente del pueblo y la regi\u00f3n debe conocer.","og_url":"https:\/\/www.celttv.com.ar\/index.php\/2024\/07\/18\/se-inauguro-el-parque-ambiental-y-se-recupero-un-gran-espacio-para-la-comunidad\/","og_site_name":"CELTTV","article_publisher":"https:\/\/www.facebook.com\/celtTV\/","article_published_time":"2024-07-18T21:34:33+00:00","article_modified_time":"2024-07-18T21:35:22+00:00","og_image":[{"width":1600,"height":1067,"url":"https:\/\/www.celttv.com.ar\/wp-content\/uploads\/2024\/07\/dsc0054-copy.jpg_1600.jpg","type":"image\/jpeg"}],"author":"Miguel Herrada","twitter_card":"summary_large_image","twitter_misc":{"Escrito por":"Miguel Herrada","Tiempo de lectura":"5 minutos"},"schema":{"@context":"https:\/\/schema.org","@graph":[{"@type":"NewsArticle","@id":"https:\/\/www.celttv.com.ar\/index.php\/2024\/07\/18\/se-inauguro-el-parque-ambiental-y-se-recupero-un-gran-espacio-para-la-comunidad\/#article","isPartOf":{"@id":"https:\/\/www.celttv.com.ar\/index.php\/2024\/07\/18\/se-inauguro-el-parque-ambiental-y-se-recupero-un-gran-espacio-para-la-comunidad\/"},"author":{"name":"Miguel Herrada","@id":"https:\/\/www.celttv.com.ar\/#\/schema\/person\/9059dc91dc7204ef4182cdb65225f07d"},"headline":"Se inaugur\u00f3 el parque ambiental y se recuper\u00f3 un gran espacio para la comunidad","datePublished":"2024-07-18T21:34:33+00:00","dateModified":"2024-07-18T21:35:22+00:00","mainEntityOfPage":{"@id":"https:\/\/www.celttv.com.ar\/index.php\/2024\/07\/18\/se-inauguro-el-parque-ambiental-y-se-recupero-un-gran-espacio-para-la-comunidad\/"},"wordCount":1067,"publisher":{"@id":"https:\/\/www.celttv.com.ar\/#organization"},"articleSection":["Municipales","Producci\u00f3n y Medio Ambiente"],"inLanguage":"es"},{"@type":"WebPage","@id":"https:\/\/www.celttv.com.ar\/index.php\/2024\/07\/18\/se-inauguro-el-parque-ambiental-y-se-recupero-un-gran-espacio-para-la-comunidad\/","url":"https:\/\/www.celttv.com.ar\/index.php\/2024\/07\/18\/se-inauguro-el-parque-ambiental-y-se-recupero-un-gran-espacio-para-la-comunidad\/","name":"Se inaugur\u00f3 el parque ambiental y se recuper\u00f3 un gran espacio para la comunidad - CELTTV","isPartOf":{"@id":"https:\/\/www.celttv.com.ar\/#website"},"datePublished":"2024-07-18T21:34:33+00:00","dateModified":"2024-07-18T21:35:22+00:00","description":"Sitio web de noticias de la localidad de Tornquist, provincia de Buenos Aires, Rep\u00fablica Argentina. Contenido propio originado por periodistas de CELTTV, el canal de TV local de la Cooperativa El\u00e9ctrica de Tornquist. Turismo, Pol\u00edtica, Sociedad, Deporte, Cultura y todo el contenido de inter\u00e9s general que la gente del pueblo y la regi\u00f3n debe conocer.","breadcrumb":{"@id":"https:\/\/www.celttv.com.ar\/index.php\/2024\/07\/18\/se-inauguro-el-parque-ambiental-y-se-recupero-un-gran-espacio-para-la-comunidad\/#breadcrumb"},"inLanguage":"es","potentialAction":[{"@type":"ReadAction","target":["https:\/\/www.celttv.com.ar\/index.php\/2024\/07\/18\/se-inauguro-el-parque-ambiental-y-se-recupero-un-gran-espacio-para-la-comunidad\/"]}]},{"@type":"BreadcrumbList","@id":"https:\/\/www.celttv.com.ar\/index.php\/2024\/07\/18\/se-inauguro-el-parque-ambiental-y-se-recupero-un-gran-espacio-para-la-comunidad\/#breadcrumb","itemListElement":[{"@type":"ListItem","position":1,"name":"Inicio","item":"https:\/\/www.celttv.com.ar\/"},{"@type":"ListItem","position":2,"name":"Se inaugur\u00f3 el parque ambiental y se recuper\u00f3 un gran espacio para la comunidad"}]},{"@type":"WebSite","@id":"https:\/\/www.celttv.com.ar\/#website","url":"https:\/\/www.celttv.com.ar\/","name":"CELTTV","description":"Cooperativa El\u00e9ctrica de Tornquist","publisher":{"@id":"https:\/\/www.celttv.com.ar\/#organization"},"potentialAction":[{"@type":"SearchAction","target":{"@type":"EntryPoint","urlTemplate":"https:\/\/www.celttv.com.ar\/?s={search_term_string}"},"query-input":"required name=search_term_string"}],"inLanguage":"es"},{"@type":"Organization","@id":"https:\/\/www.celttv.com.ar\/#organization","name":"CELTTV","url":"https:\/\/www.celttv.com.ar\/","sameAs":["https:\/\/www.youtube.com\/channel\/UCz_oIt8Hig64Ub-EmcNPIhg","https:\/\/www.facebook.com\/celtTV\/"],"logo":{"@type":"ImageObject","inLanguage":"es","@id":"https:\/\/www.celttv.com.ar\/#\/schema\/logo\/image\/","url":"http:\/\/www.celttv.com.ar\/wp-content\/uploads\/2022\/08\/logo-1.png","contentUrl":"http:\/\/www.celttv.com.ar\/wp-content\/uploads\/2022\/08\/logo-1.png","width":461,"height":159,"caption":"CELTTV"},"image":{"@id":"https:\/\/www.celttv.com.ar\/#\/schema\/logo\/image\/"}},{"@type":"Person","@id":"https:\/\/www.celttv.com.ar\/#\/schema\/person\/9059dc91dc7204ef4182cdb65225f07d","name":"Miguel Herrada","image":{"@type":"ImageObject","inLanguage":"es","@id":"https:\/\/www.celttv.com.ar\/#\/schema\/person\/image\/","url":"https:\/\/secure.gravatar.com\/avatar\/67724d5b3c716623ffd76bec7e45841a442ac3b456e914dbba90b0fad2b8e0b1?s=96&d=mm&r=g","contentUrl":"https:\/\/secure.gravatar.com\/avatar\/67724d5b3c716623ffd76bec7e45841a442ac3b456e914dbba90b0fad2b8e0b1?s=96&d=mm&r=g","caption":"Miguel Herrada"}}]}},"_links":{"self":[{"href":"https:\/\/www.celttv.com.ar\/index.php\/wp-json\/wp\/v2\/posts\/85192","targetHints":{"allow":["GET"]}}],"collection":[{"href":"https:\/\/www.celttv.com.ar\/index.php\/wp-json\/wp\/v2\/posts"}],"about":[{"href":"https:\/\/www.celttv.com.ar\/index.php\/wp-json\/wp\/v2\/types\/post"}],"author":[{"embeddable":true,"href":"https:\/\/www.celttv.com.ar\/index.php\/wp-json\/wp\/v2\/users\/5"}],"replies":[{"embeddable":true,"href":"https:\/\/www.celttv.com.ar\/index.php\/wp-json\/wp\/v2\/comments?post=85192"}],"version-history":[{"count":2,"href":"https:\/\/www.celttv.com.ar\/index.php\/wp-json\/wp\/v2\/posts\/85192\/revisions"}],"predecessor-version":[{"id":85203,"href":"https:\/\/www.celttv.com.ar\/index.php\/wp-json\/wp\/v2\/posts\/85192\/revisions\/85203"}],"wp:featuredmedia":[{"embeddable":true,"href":"https:\/\/www.celttv.com.ar\/index.php\/wp-json\/wp\/v2\/media\/85194"}],"wp:attachment":[{"href":"https:\/\/www.celttv.com.ar\/index.php\/wp-json\/wp\/v2\/media?parent=85192"}],"wp:term":[{"taxonomy":"category","embeddable":true,"href":"https:\/\/www.celttv.com.ar\/index.php\/wp-json\/wp\/v2\/categories?post=85192"},{"taxonomy":"post_tag","embeddable":true,"href":"https:\/\/www.celttv.com.ar\/index.php\/wp-json\/wp\/v2\/tags?post=85192"}],"curies":[{"name":"wp","href":"https:\/\/api.w.org\/{rel}","templated":true}]}}