{"id":85219,"date":"2024-07-21T19:17:16","date_gmt":"2024-07-21T22:17:16","guid":{"rendered":"https:\/\/www.celttv.com.ar\/?p=85219"},"modified":"2024-07-21T21:35:15","modified_gmt":"2024-07-22T00:35:15","slug":"exitosa-fiesta-del-dia-del-amigo-en-el-club-union","status":"publish","type":"post","link":"https:\/\/www.celttv.com.ar\/index.php\/2024\/07\/21\/exitosa-fiesta-del-dia-del-amigo-en-el-club-union\/","title":{"rendered":"EXITOSA FIESTA DEL DIA DEL AMIGO EN EL CLUB UNION"},"content":{"rendered":"<p>Importante marco de p\u00fablico para otra gran Fiesta del D\u00eda del Amigo del Club Uni\u00f3n realizada \u00e9ste s\u00e1bado en el sal\u00f3n de la Sociedad Italiana.<\/p>\n<p>El joven presidente del Club Uni\u00f3n Branko De Sabarte se encarg\u00f3 de dar la bienvenida a los presentes, agradeciendo el esfuerzo de todos quienes aportaron su trabajo, no solo para la fiesta, sino para el sostenimiento y crecimiento permanente de la instituci\u00f3n.<\/p>\n<p>De Sabarthe tambi\u00e9n destac\u00f3 la presencia del intendente municipal Sergio Bordoni y la intendente interina Estefan\u00eda Bordoni.<\/p>\n<p>Seguidamente ingresaron los mozos con el excelente servicio de catering del Club Uni\u00f3n<\/p>\n<p>Desde las &#8220;bandejas&#8221; Ro Pettinari y Blas Piedrabuena comenzaron a ponerle ritmo a la pista que en pocos minutos se vio poblada.<\/p>\n<p><strong>LOS AMIGOS RECONOCIDOS ESTE A\u00d1O<\/strong><\/p>\n<p>Y lleg\u00f3 el momento mas emotivo de la noche y como todos los a\u00f1os la entidad verde realiz\u00f3 reconocimientos a tres personas que siempre dicen presentes colaborando de manera incondicional con la instituci\u00f3n.<\/p>\n<p>En esta oportunidad fueron reconocidos <strong>Lorena Bauer, Uriel Barragan y Teresa Millaqueo<\/strong> quienes recibieron un presente entregado por directivos de la instituci\u00f3n.<\/p>\n<div class=\"jnews_inline_related_post_wrapper left\">\n<div class=\"jnews_inline_related_post\">\n<div class=\"jeg_postblock_21 jeg_postblock jeg_module_hook jeg_pagination_nextprev jeg_col_2o3 jnews_module_85099_0_669d7b000aa7d \" data-unique=\"jnews_module_85099_0_669d7b000aa7d\">\n<div class=\"jeg_block_heading jeg_block_heading_5 jeg_subcat_right\">\n<p>Luego la fiesta continu\u00f3 con m\u00fasica y baile con la actuaci\u00f3n de Fabio Gonzalez y &#8220;La Contra&#8221; el plato fuerte de la noche.<\/p>\n<p>Fotos gentileza de <strong>Lucas Muscillo<\/strong><\/p>\n<p>Notas e im\u00e1genes pr\u00f3ximamente en<strong> CELTTV NOTICIAS.<\/strong><\/p>\n<p>&nbsp;<\/p>\n<p><img loading=\"lazy\" decoding=\"async\" class=\"alignnone wp-image-85221 size-large\" src=\"https:\/\/www.celttv.com.ar\/wp-content\/uploads\/2024\/07\/1-4-1024x710.jpg\" alt=\"\" width=\"1024\" height=\"710\" srcset=\"https:\/\/www.celttv.com.ar\/wp-content\/uploads\/2024\/07\/1-4-1024x710.jpg 1024w, https:\/\/www.celttv.com.ar\/wp-content\/uploads\/2024\/07\/1-4-300x208.jpg 300w, https:\/\/www.celttv.com.ar\/wp-content\/uploads\/2024\/07\/1-4-768x532.jpg 768w, https:\/\/www.celttv.com.ar\/wp-content\/uploads\/2024\/07\/1-4-750x520.jpg 750w, https:\/\/www.celttv.com.ar\/wp-content\/uploads\/2024\/07\/1-4-1140x790.jpg 1140w, https:\/\/www.celttv.com.ar\/wp-content\/uploads\/2024\/07\/1-4.jpg 1200w\" sizes=\"auto, (max-width: 1024px) 100vw, 1024px\" \/> <img loading=\"lazy\" decoding=\"async\" class=\"alignnone wp-image-85222 size-full\" src=\"https:\/\/www.celttv.com.ar\/wp-content\/uploads\/2024\/07\/2-3.jpg\" alt=\"\" width=\"579\" height=\"383\" srcset=\"https:\/\/www.celttv.com.ar\/wp-content\/uploads\/2024\/07\/2-3.jpg 579w, https:\/\/www.celttv.com.ar\/wp-content\/uploads\/2024\/07\/2-3-300x198.jpg 300w\" sizes=\"auto, (max-width: 579px) 100vw, 579px\" \/> <img loading=\"lazy\" decoding=\"async\" class=\"alignnone wp-image-85223 size-full\" src=\"https:\/\/www.celttv.com.ar\/wp-content\/uploads\/2024\/07\/3-3.jpg\" alt=\"\" width=\"770\" height=\"616\" srcset=\"https:\/\/www.celttv.com.ar\/wp-content\/uploads\/2024\/07\/3-3.jpg 770w, https:\/\/www.celttv.com.ar\/wp-content\/uploads\/2024\/07\/3-3-300x240.jpg 300w, https:\/\/www.celttv.com.ar\/wp-content\/uploads\/2024\/07\/3-3-768x614.jpg 768w, https:\/\/www.celttv.com.ar\/wp-content\/uploads\/2024\/07\/3-3-750x600.jpg 750w\" sizes=\"auto, (max-width: 770px) 100vw, 770px\" \/> <img loading=\"lazy\" decoding=\"async\" class=\"alignnone wp-image-85224 size-full\" src=\"https:\/\/www.celttv.com.ar\/wp-content\/uploads\/2024\/07\/4-2.jpg\" alt=\"\" width=\"541\" height=\"412\" srcset=\"https:\/\/www.celttv.com.ar\/wp-content\/uploads\/2024\/07\/4-2.jpg 541w, https:\/\/www.celttv.com.ar\/wp-content\/uploads\/2024\/07\/4-2-300x228.jpg 300w\" sizes=\"auto, (max-width: 541px) 100vw, 541px\" \/><\/p>\n<\/div>\n<\/div>\n<\/div>\n<\/div>\n","protected":false},"excerpt":{"rendered":"<p>Importante marco de p\u00fablico para otra gran Fiesta del D\u00eda del Amigo del Club Uni\u00f3n realizada \u00e9ste s\u00e1bado en el sal\u00f3n de la Sociedad Italiana. El joven presidente del Club Uni\u00f3n Branko De Sabarte se encarg\u00f3 de dar la bienvenida a los presentes, agradeciendo el esfuerzo de todos quienes aportaron su trabajo, no solo para [&hellip;]<\/p>\n","protected":false},"author":5,"featured_media":85222,"comment_status":"closed","ping_status":"closed","sticky":false,"template":"","format":"standard","meta":{"footnotes":""},"categories":[52,56,1],"tags":[],"class_list":["post-85219","post","type-post","status-publish","format-standard","has-post-thumbnail","hentry","category-destacadas","category-espectaculos","category-sin-categoria"],"yoast_head":"<!-- This site is optimized with the Yoast SEO plugin v19.7.1 - https:\/\/yoast.com\/wordpress\/plugins\/seo\/ -->\n<title>EXITOSA FIESTA DEL DIA DEL AMIGO EN EL CLUB UNION - CELTTV<\/title>\n<meta name=\"description\" content=\"Sitio web de noticias de la localidad de Tornquist, provincia de Buenos Aires, Rep\u00fablica Argentina. Contenido propio originado por periodistas de CELTTV, el canal de TV local de la Cooperativa El\u00e9ctrica de Tornquist. Turismo, Pol\u00edtica, Sociedad, Deporte, Cultura y todo el contenido de inter\u00e9s general que la gente del pueblo y la regi\u00f3n debe conocer.\" \/>\n<meta name=\"robots\" content=\"index, follow, max-snippet:-1, max-image-preview:large, max-video-preview:-1\" \/>\n<link rel=\"canonical\" href=\"https:\/\/www.celttv.com.ar\/index.php\/2024\/07\/21\/exitosa-fiesta-del-dia-del-amigo-en-el-club-union\/\" \/>\n<meta property=\"og:locale\" content=\"es_ES\" \/>\n<meta property=\"og:type\" content=\"article\" \/>\n<meta property=\"og:title\" content=\"EXITOSA FIESTA DEL DIA DEL AMIGO EN EL CLUB UNION - CELTTV\" \/>\n<meta property=\"og:description\" content=\"Sitio web de noticias de la localidad de Tornquist, provincia de Buenos Aires, Rep\u00fablica Argentina. Contenido propio originado por periodistas de CELTTV, el canal de TV local de la Cooperativa El\u00e9ctrica de Tornquist. Turismo, Pol\u00edtica, Sociedad, Deporte, Cultura y todo el contenido de inter\u00e9s general que la gente del pueblo y la regi\u00f3n debe conocer.\" \/>\n<meta property=\"og:url\" content=\"https:\/\/www.celttv.com.ar\/index.php\/2024\/07\/21\/exitosa-fiesta-del-dia-del-amigo-en-el-club-union\/\" \/>\n<meta property=\"og:site_name\" content=\"CELTTV\" \/>\n<meta property=\"article:publisher\" content=\"https:\/\/www.facebook.com\/celtTV\/\" \/>\n<meta property=\"article:published_time\" content=\"2024-07-21T22:17:16+00:00\" \/>\n<meta property=\"article:modified_time\" content=\"2024-07-22T00:35:15+00:00\" \/>\n<meta property=\"og:image\" content=\"https:\/\/www.celttv.com.ar\/wp-content\/uploads\/2024\/07\/2-3.jpg\" \/>\n\t<meta property=\"og:image:width\" content=\"579\" \/>\n\t<meta property=\"og:image:height\" content=\"383\" \/>\n\t<meta property=\"og:image:type\" content=\"image\/jpeg\" \/>\n<meta name=\"author\" content=\"Miguel Herrada\" \/>\n<meta name=\"twitter:card\" content=\"summary_large_image\" \/>\n<meta name=\"twitter:label1\" content=\"Escrito por\" \/>\n\t<meta name=\"twitter:data1\" content=\"Miguel Herrada\" \/>\n\t<meta name=\"twitter:label2\" content=\"Tiempo de lectura\" \/>\n\t<meta name=\"twitter:data2\" content=\"1 minuto\" \/>\n<script type=\"application\/ld+json\" class=\"yoast-schema-graph\">{\"@context\":\"https:\/\/schema.org\",\"@graph\":[{\"@type\":\"NewsArticle\",\"@id\":\"https:\/\/www.celttv.com.ar\/index.php\/2024\/07\/21\/exitosa-fiesta-del-dia-del-amigo-en-el-club-union\/#article\",\"isPartOf\":{\"@id\":\"https:\/\/www.celttv.com.ar\/index.php\/2024\/07\/21\/exitosa-fiesta-del-dia-del-amigo-en-el-club-union\/\"},\"author\":{\"name\":\"Miguel Herrada\",\"@id\":\"https:\/\/www.celttv.com.ar\/#\/schema\/person\/9059dc91dc7204ef4182cdb65225f07d\"},\"headline\":\"EXITOSA FIESTA DEL DIA DEL AMIGO EN EL CLUB UNION\",\"datePublished\":\"2024-07-21T22:17:16+00:00\",\"dateModified\":\"2024-07-22T00:35:15+00:00\",\"mainEntityOfPage\":{\"@id\":\"https:\/\/www.celttv.com.ar\/index.php\/2024\/07\/21\/exitosa-fiesta-del-dia-del-amigo-en-el-club-union\/\"},\"wordCount\":243,\"publisher\":{\"@id\":\"https:\/\/www.celttv.com.ar\/#organization\"},\"articleSection\":[\"Destacadas\",\"Espect\u00e1culos\"],\"inLanguage\":\"es\"},{\"@type\":\"WebPage\",\"@id\":\"https:\/\/www.celttv.com.ar\/index.php\/2024\/07\/21\/exitosa-fiesta-del-dia-del-amigo-en-el-club-union\/\",\"url\":\"https:\/\/www.celttv.com.ar\/index.php\/2024\/07\/21\/exitosa-fiesta-del-dia-del-amigo-en-el-club-union\/\",\"name\":\"EXITOSA FIESTA DEL DIA DEL AMIGO EN EL CLUB UNION - CELTTV\",\"isPartOf\":{\"@id\":\"https:\/\/www.celttv.com.ar\/#website\"},\"datePublished\":\"2024-07-21T22:17:16+00:00\",\"dateModified\":\"2024-07-22T00:35:15+00:00\",\"description\":\"Sitio web de noticias de la localidad de Tornquist, provincia de Buenos Aires, Rep\u00fablica Argentina. Contenido propio originado por periodistas de CELTTV, el canal de TV local de la Cooperativa El\u00e9ctrica de Tornquist. Turismo, Pol\u00edtica, Sociedad, Deporte, Cultura y todo el contenido de inter\u00e9s general que la gente del pueblo y la regi\u00f3n debe conocer.\",\"breadcrumb\":{\"@id\":\"https:\/\/www.celttv.com.ar\/index.php\/2024\/07\/21\/exitosa-fiesta-del-dia-del-amigo-en-el-club-union\/#breadcrumb\"},\"inLanguage\":\"es\",\"potentialAction\":[{\"@type\":\"ReadAction\",\"target\":[\"https:\/\/www.celttv.com.ar\/index.php\/2024\/07\/21\/exitosa-fiesta-del-dia-del-amigo-en-el-club-union\/\"]}]},{\"@type\":\"BreadcrumbList\",\"@id\":\"https:\/\/www.celttv.com.ar\/index.php\/2024\/07\/21\/exitosa-fiesta-del-dia-del-amigo-en-el-club-union\/#breadcrumb\",\"itemListElement\":[{\"@type\":\"ListItem\",\"position\":1,\"name\":\"Inicio\",\"item\":\"https:\/\/www.celttv.com.ar\/\"},{\"@type\":\"ListItem\",\"position\":2,\"name\":\"EXITOSA FIESTA DEL DIA DEL AMIGO EN EL CLUB UNION\"}]},{\"@type\":\"WebSite\",\"@id\":\"https:\/\/www.celttv.com.ar\/#website\",\"url\":\"https:\/\/www.celttv.com.ar\/\",\"name\":\"CELTTV\",\"description\":\"Cooperativa El\u00e9ctrica de Tornquist\",\"publisher\":{\"@id\":\"https:\/\/www.celttv.com.ar\/#organization\"},\"potentialAction\":[{\"@type\":\"SearchAction\",\"target\":{\"@type\":\"EntryPoint\",\"urlTemplate\":\"https:\/\/www.celttv.com.ar\/?s={search_term_string}\"},\"query-input\":\"required name=search_term_string\"}],\"inLanguage\":\"es\"},{\"@type\":\"Organization\",\"@id\":\"https:\/\/www.celttv.com.ar\/#organization\",\"name\":\"CELTTV\",\"url\":\"https:\/\/www.celttv.com.ar\/\",\"sameAs\":[\"https:\/\/www.youtube.com\/channel\/UCz_oIt8Hig64Ub-EmcNPIhg\",\"https:\/\/www.facebook.com\/celtTV\/\"],\"logo\":{\"@type\":\"ImageObject\",\"inLanguage\":\"es\",\"@id\":\"https:\/\/www.celttv.com.ar\/#\/schema\/logo\/image\/\",\"url\":\"http:\/\/www.celttv.com.ar\/wp-content\/uploads\/2022\/08\/logo-1.png\",\"contentUrl\":\"http:\/\/www.celttv.com.ar\/wp-content\/uploads\/2022\/08\/logo-1.png\",\"width\":461,\"height\":159,\"caption\":\"CELTTV\"},\"image\":{\"@id\":\"https:\/\/www.celttv.com.ar\/#\/schema\/logo\/image\/\"}},{\"@type\":\"Person\",\"@id\":\"https:\/\/www.celttv.com.ar\/#\/schema\/person\/9059dc91dc7204ef4182cdb65225f07d\",\"name\":\"Miguel Herrada\",\"image\":{\"@type\":\"ImageObject\",\"inLanguage\":\"es\",\"@id\":\"https:\/\/www.celttv.com.ar\/#\/schema\/person\/image\/\",\"url\":\"https:\/\/secure.gravatar.com\/avatar\/67724d5b3c716623ffd76bec7e45841a442ac3b456e914dbba90b0fad2b8e0b1?s=96&d=mm&r=g\",\"contentUrl\":\"https:\/\/secure.gravatar.com\/avatar\/67724d5b3c716623ffd76bec7e45841a442ac3b456e914dbba90b0fad2b8e0b1?s=96&d=mm&r=g\",\"caption\":\"Miguel Herrada\"}}]}<\/script>\n<!-- \/ Yoast SEO plugin. -->","yoast_head_json":{"title":"EXITOSA FIESTA DEL DIA DEL AMIGO EN EL CLUB UNION - CELTTV","description":"Sitio web de noticias de la localidad de Tornquist, provincia de Buenos Aires, Rep\u00fablica Argentina. Contenido propio originado por periodistas de CELTTV, el canal de TV local de la Cooperativa El\u00e9ctrica de Tornquist. Turismo, Pol\u00edtica, Sociedad, Deporte, Cultura y todo el contenido de inter\u00e9s general que la gente del pueblo y la regi\u00f3n debe conocer.","robots":{"index":"index","follow":"follow","max-snippet":"max-snippet:-1","max-image-preview":"max-image-preview:large","max-video-preview":"max-video-preview:-1"},"canonical":"https:\/\/www.celttv.com.ar\/index.php\/2024\/07\/21\/exitosa-fiesta-del-dia-del-amigo-en-el-club-union\/","og_locale":"es_ES","og_type":"article","og_title":"EXITOSA FIESTA DEL DIA DEL AMIGO EN EL CLUB UNION - CELTTV","og_description":"Sitio web de noticias de la localidad de Tornquist, provincia de Buenos Aires, Rep\u00fablica Argentina. Contenido propio originado por periodistas de CELTTV, el canal de TV local de la Cooperativa El\u00e9ctrica de Tornquist. Turismo, Pol\u00edtica, Sociedad, Deporte, Cultura y todo el contenido de inter\u00e9s general que la gente del pueblo y la regi\u00f3n debe conocer.","og_url":"https:\/\/www.celttv.com.ar\/index.php\/2024\/07\/21\/exitosa-fiesta-del-dia-del-amigo-en-el-club-union\/","og_site_name":"CELTTV","article_publisher":"https:\/\/www.facebook.com\/celtTV\/","article_published_time":"2024-07-21T22:17:16+00:00","article_modified_time":"2024-07-22T00:35:15+00:00","og_image":[{"width":579,"height":383,"url":"https:\/\/www.celttv.com.ar\/wp-content\/uploads\/2024\/07\/2-3.jpg","type":"image\/jpeg"}],"author":"Miguel Herrada","twitter_card":"summary_large_image","twitter_misc":{"Escrito por":"Miguel Herrada","Tiempo de lectura":"1 minuto"},"schema":{"@context":"https:\/\/schema.org","@graph":[{"@type":"NewsArticle","@id":"https:\/\/www.celttv.com.ar\/index.php\/2024\/07\/21\/exitosa-fiesta-del-dia-del-amigo-en-el-club-union\/#article","isPartOf":{"@id":"https:\/\/www.celttv.com.ar\/index.php\/2024\/07\/21\/exitosa-fiesta-del-dia-del-amigo-en-el-club-union\/"},"author":{"name":"Miguel Herrada","@id":"https:\/\/www.celttv.com.ar\/#\/schema\/person\/9059dc91dc7204ef4182cdb65225f07d"},"headline":"EXITOSA FIESTA DEL DIA DEL AMIGO EN EL CLUB UNION","datePublished":"2024-07-21T22:17:16+00:00","dateModified":"2024-07-22T00:35:15+00:00","mainEntityOfPage":{"@id":"https:\/\/www.celttv.com.ar\/index.php\/2024\/07\/21\/exitosa-fiesta-del-dia-del-amigo-en-el-club-union\/"},"wordCount":243,"publisher":{"@id":"https:\/\/www.celttv.com.ar\/#organization"},"articleSection":["Destacadas","Espect\u00e1culos"],"inLanguage":"es"},{"@type":"WebPage","@id":"https:\/\/www.celttv.com.ar\/index.php\/2024\/07\/21\/exitosa-fiesta-del-dia-del-amigo-en-el-club-union\/","url":"https:\/\/www.celttv.com.ar\/index.php\/2024\/07\/21\/exitosa-fiesta-del-dia-del-amigo-en-el-club-union\/","name":"EXITOSA FIESTA DEL DIA DEL AMIGO EN EL CLUB UNION - CELTTV","isPartOf":{"@id":"https:\/\/www.celttv.com.ar\/#website"},"datePublished":"2024-07-21T22:17:16+00:00","dateModified":"2024-07-22T00:35:15+00:00","description":"Sitio web de noticias de la localidad de Tornquist, provincia de Buenos Aires, Rep\u00fablica Argentina. Contenido propio originado por periodistas de CELTTV, el canal de TV local de la Cooperativa El\u00e9ctrica de Tornquist. Turismo, Pol\u00edtica, Sociedad, Deporte, Cultura y todo el contenido de inter\u00e9s general que la gente del pueblo y la regi\u00f3n debe conocer.","breadcrumb":{"@id":"https:\/\/www.celttv.com.ar\/index.php\/2024\/07\/21\/exitosa-fiesta-del-dia-del-amigo-en-el-club-union\/#breadcrumb"},"inLanguage":"es","potentialAction":[{"@type":"ReadAction","target":["https:\/\/www.celttv.com.ar\/index.php\/2024\/07\/21\/exitosa-fiesta-del-dia-del-amigo-en-el-club-union\/"]}]},{"@type":"BreadcrumbList","@id":"https:\/\/www.celttv.com.ar\/index.php\/2024\/07\/21\/exitosa-fiesta-del-dia-del-amigo-en-el-club-union\/#breadcrumb","itemListElement":[{"@type":"ListItem","position":1,"name":"Inicio","item":"https:\/\/www.celttv.com.ar\/"},{"@type":"ListItem","position":2,"name":"EXITOSA FIESTA DEL DIA DEL AMIGO EN EL CLUB UNION"}]},{"@type":"WebSite","@id":"https:\/\/www.celttv.com.ar\/#website","url":"https:\/\/www.celttv.com.ar\/","name":"CELTTV","description":"Cooperativa El\u00e9ctrica de Tornquist","publisher":{"@id":"https:\/\/www.celttv.com.ar\/#organization"},"potentialAction":[{"@type":"SearchAction","target":{"@type":"EntryPoint","urlTemplate":"https:\/\/www.celttv.com.ar\/?s={search_term_string}"},"query-input":"required name=search_term_string"}],"inLanguage":"es"},{"@type":"Organization","@id":"https:\/\/www.celttv.com.ar\/#organization","name":"CELTTV","url":"https:\/\/www.celttv.com.ar\/","sameAs":["https:\/\/www.youtube.com\/channel\/UCz_oIt8Hig64Ub-EmcNPIhg","https:\/\/www.facebook.com\/celtTV\/"],"logo":{"@type":"ImageObject","inLanguage":"es","@id":"https:\/\/www.celttv.com.ar\/#\/schema\/logo\/image\/","url":"http:\/\/www.celttv.com.ar\/wp-content\/uploads\/2022\/08\/logo-1.png","contentUrl":"http:\/\/www.celttv.com.ar\/wp-content\/uploads\/2022\/08\/logo-1.png","width":461,"height":159,"caption":"CELTTV"},"image":{"@id":"https:\/\/www.celttv.com.ar\/#\/schema\/logo\/image\/"}},{"@type":"Person","@id":"https:\/\/www.celttv.com.ar\/#\/schema\/person\/9059dc91dc7204ef4182cdb65225f07d","name":"Miguel Herrada","image":{"@type":"ImageObject","inLanguage":"es","@id":"https:\/\/www.celttv.com.ar\/#\/schema\/person\/image\/","url":"https:\/\/secure.gravatar.com\/avatar\/67724d5b3c716623ffd76bec7e45841a442ac3b456e914dbba90b0fad2b8e0b1?s=96&d=mm&r=g","contentUrl":"https:\/\/secure.gravatar.com\/avatar\/67724d5b3c716623ffd76bec7e45841a442ac3b456e914dbba90b0fad2b8e0b1?s=96&d=mm&r=g","caption":"Miguel Herrada"}}]}},"_links":{"self":[{"href":"https:\/\/www.celttv.com.ar\/index.php\/wp-json\/wp\/v2\/posts\/85219","targetHints":{"allow":["GET"]}}],"collection":[{"href":"https:\/\/www.celttv.com.ar\/index.php\/wp-json\/wp\/v2\/posts"}],"about":[{"href":"https:\/\/www.celttv.com.ar\/index.php\/wp-json\/wp\/v2\/types\/post"}],"author":[{"embeddable":true,"href":"https:\/\/www.celttv.com.ar\/index.php\/wp-json\/wp\/v2\/users\/5"}],"replies":[{"embeddable":true,"href":"https:\/\/www.celttv.com.ar\/index.php\/wp-json\/wp\/v2\/comments?post=85219"}],"version-history":[{"count":3,"href":"https:\/\/www.celttv.com.ar\/index.php\/wp-json\/wp\/v2\/posts\/85219\/revisions"}],"predecessor-version":[{"id":85226,"href":"https:\/\/www.celttv.com.ar\/index.php\/wp-json\/wp\/v2\/posts\/85219\/revisions\/85226"}],"wp:featuredmedia":[{"embeddable":true,"href":"https:\/\/www.celttv.com.ar\/index.php\/wp-json\/wp\/v2\/media\/85222"}],"wp:attachment":[{"href":"https:\/\/www.celttv.com.ar\/index.php\/wp-json\/wp\/v2\/media?parent=85219"}],"wp:term":[{"taxonomy":"category","embeddable":true,"href":"https:\/\/www.celttv.com.ar\/index.php\/wp-json\/wp\/v2\/categories?post=85219"},{"taxonomy":"post_tag","embeddable":true,"href":"https:\/\/www.celttv.com.ar\/index.php\/wp-json\/wp\/v2\/tags?post=85219"}],"curies":[{"name":"wp","href":"https:\/\/api.w.org\/{rel}","templated":true}]}}