{"id":85332,"date":"2024-07-30T21:16:57","date_gmt":"2024-07-31T00:16:57","guid":{"rendered":"https:\/\/www.celttv.com.ar\/?p=85332"},"modified":"2024-07-30T21:16:57","modified_gmt":"2024-07-31T00:16:57","slug":"visitara-el-colegio-nuestra-senora-de-lujan-la-madre-general-hna-benedicta","status":"publish","type":"post","link":"https:\/\/www.celttv.com.ar\/index.php\/2024\/07\/30\/visitara-el-colegio-nuestra-senora-de-lujan-la-madre-general-hna-benedicta\/","title":{"rendered":"Visitar\u00e1 el Colegio Nuestra Se\u00f1ora de Luj\u00e1n la Madre General Hna. Benedicta"},"content":{"rendered":"<p>&#8220;Para nosotros es un gran acontecimiento, porque desde antes de la pandemia que no hemos tenido la visita de la Madre General. Es la primera visita que nos hace la hermana Benedicta como Madre General, porque nos estuvo visitando como religiosa&#8221; se\u00f1al\u00f3 la\u00a0 Hermana Marta Allaltuni.<\/p>\n<p>&#8220;Para toda la comunidad del colegio es una gran alegr\u00eda y ojal\u00e1 que puedan compartir un ratito con ella, aunque nosotros no hablamos alem\u00e1n,\u00a0 pero dicen que las dos religiosas que vienen hablan bastante castellano&#8221; adelant\u00f3 la hermana Marta al tiempo que invit\u00f3 a quien pueda ofrecerse para oficiar de traductor.<\/p>\n<p>Respecto a las actividades previstas para vivir y compartir la alegr\u00eda de recibir a la hermana Benedicta, Madre General que vendr\u00e1 acompa\u00f1ada de la Hna. Annie, Ec\u00f3noma General, para \u00e9ste jueves est\u00e1 prevista una misa de bienvenida en el SUM. de la escuela a las 10:30 hs. y a las 21:00 hs. una cena familiar en el comedor del colegio donde actuar\u00e1 Fabio Gonzalez y la Escuela Folkl\u00f3rica Municipal.<\/p>\n<p>&nbsp;<\/p>\n<p><iframe loading=\"lazy\" title=\"2024 07 30 NOTA MARTA ALLALTUNI 1 VISITA MADRE GENERAL\" width=\"500\" height=\"281\" src=\"https:\/\/www.youtube.com\/embed\/EF7REVeBny0?feature=oembed\" frameborder=\"0\" allow=\"accelerometer; autoplay; clipboard-write; encrypted-media; gyroscope; picture-in-picture; web-share\" referrerpolicy=\"strict-origin-when-cross-origin\" allowfullscreen><\/iframe><\/p>\n<p><iframe loading=\"lazy\" title=\"2024 07 30 NOTA MARTA ALLALTUNI 2 ACTUALIDAD INSTITUCIONAL\" width=\"500\" height=\"281\" src=\"https:\/\/www.youtube.com\/embed\/ltu7yoHyerY?feature=oembed\" frameborder=\"0\" allow=\"accelerometer; autoplay; clipboard-write; encrypted-media; gyroscope; picture-in-picture; web-share\" referrerpolicy=\"strict-origin-when-cross-origin\" allowfullscreen><\/iframe><\/p>\n","protected":false},"excerpt":{"rendered":"<p>&#8220;Para nosotros es un gran acontecimiento, porque desde antes de la pandemia que no hemos tenido la visita de la Madre General. Es la primera visita que nos hace la hermana Benedicta como Madre General, porque nos estuvo visitando como religiosa&#8221; se\u00f1al\u00f3 la\u00a0 Hermana Marta Allaltuni. &#8220;Para toda la comunidad del colegio es una gran [&hellip;]<\/p>\n","protected":false},"author":5,"featured_media":85334,"comment_status":"closed","ping_status":"closed","sticky":false,"template":"","format":"standard","meta":{"footnotes":""},"categories":[51,1],"tags":[],"class_list":["post-85332","post","type-post","status-publish","format-standard","has-post-thumbnail","hentry","category-comunidad","category-sin-categoria"],"yoast_head":"<!-- This site is optimized with the Yoast SEO plugin v19.7.1 - https:\/\/yoast.com\/wordpress\/plugins\/seo\/ -->\n<title>Visitar\u00e1 el Colegio Nuestra Se\u00f1ora de Luj\u00e1n la Madre General Hna. Benedicta - CELTTV<\/title>\n<meta name=\"description\" content=\"Sitio web de noticias de la localidad de Tornquist, provincia de Buenos Aires, Rep\u00fablica Argentina. Contenido propio originado por periodistas de CELTTV, el canal de TV local de la Cooperativa El\u00e9ctrica de Tornquist. Turismo, Pol\u00edtica, Sociedad, Deporte, Cultura y todo el contenido de inter\u00e9s general que la gente del pueblo y la regi\u00f3n debe conocer.\" \/>\n<meta name=\"robots\" content=\"index, follow, max-snippet:-1, max-image-preview:large, max-video-preview:-1\" \/>\n<link rel=\"canonical\" href=\"https:\/\/www.celttv.com.ar\/index.php\/2024\/07\/30\/visitara-el-colegio-nuestra-senora-de-lujan-la-madre-general-hna-benedicta\/\" \/>\n<meta property=\"og:locale\" content=\"es_ES\" \/>\n<meta property=\"og:type\" content=\"article\" \/>\n<meta property=\"og:title\" content=\"Visitar\u00e1 el Colegio Nuestra Se\u00f1ora de Luj\u00e1n la Madre General Hna. Benedicta - CELTTV\" \/>\n<meta property=\"og:description\" content=\"Sitio web de noticias de la localidad de Tornquist, provincia de Buenos Aires, Rep\u00fablica Argentina. Contenido propio originado por periodistas de CELTTV, el canal de TV local de la Cooperativa El\u00e9ctrica de Tornquist. Turismo, Pol\u00edtica, Sociedad, Deporte, Cultura y todo el contenido de inter\u00e9s general que la gente del pueblo y la regi\u00f3n debe conocer.\" \/>\n<meta property=\"og:url\" content=\"https:\/\/www.celttv.com.ar\/index.php\/2024\/07\/30\/visitara-el-colegio-nuestra-senora-de-lujan-la-madre-general-hna-benedicta\/\" \/>\n<meta property=\"og:site_name\" content=\"CELTTV\" \/>\n<meta property=\"article:publisher\" content=\"https:\/\/www.facebook.com\/celtTV\/\" \/>\n<meta property=\"article:published_time\" content=\"2024-07-31T00:16:57+00:00\" \/>\n<meta property=\"og:image\" content=\"https:\/\/www.celttv.com.ar\/wp-content\/uploads\/2024\/07\/marta-hna.jpg\" \/>\n\t<meta property=\"og:image:width\" content=\"851\" \/>\n\t<meta property=\"og:image:height\" content=\"618\" \/>\n\t<meta property=\"og:image:type\" content=\"image\/jpeg\" \/>\n<meta name=\"author\" content=\"Miguel Herrada\" \/>\n<meta name=\"twitter:card\" content=\"summary_large_image\" \/>\n<meta name=\"twitter:label1\" content=\"Escrito por\" \/>\n\t<meta name=\"twitter:data1\" content=\"Miguel Herrada\" \/>\n\t<meta name=\"twitter:label2\" content=\"Tiempo de lectura\" \/>\n\t<meta name=\"twitter:data2\" content=\"1 minuto\" \/>\n<script type=\"application\/ld+json\" class=\"yoast-schema-graph\">{\"@context\":\"https:\/\/schema.org\",\"@graph\":[{\"@type\":\"NewsArticle\",\"@id\":\"https:\/\/www.celttv.com.ar\/index.php\/2024\/07\/30\/visitara-el-colegio-nuestra-senora-de-lujan-la-madre-general-hna-benedicta\/#article\",\"isPartOf\":{\"@id\":\"https:\/\/www.celttv.com.ar\/index.php\/2024\/07\/30\/visitara-el-colegio-nuestra-senora-de-lujan-la-madre-general-hna-benedicta\/\"},\"author\":{\"name\":\"Miguel Herrada\",\"@id\":\"https:\/\/www.celttv.com.ar\/#\/schema\/person\/9059dc91dc7204ef4182cdb65225f07d\"},\"headline\":\"Visitar\u00e1 el Colegio Nuestra Se\u00f1ora de Luj\u00e1n la Madre General Hna. Benedicta\",\"datePublished\":\"2024-07-31T00:16:57+00:00\",\"dateModified\":\"2024-07-31T00:16:57+00:00\",\"mainEntityOfPage\":{\"@id\":\"https:\/\/www.celttv.com.ar\/index.php\/2024\/07\/30\/visitara-el-colegio-nuestra-senora-de-lujan-la-madre-general-hna-benedicta\/\"},\"wordCount\":196,\"publisher\":{\"@id\":\"https:\/\/www.celttv.com.ar\/#organization\"},\"articleSection\":[\"Comunidad\"],\"inLanguage\":\"es\"},{\"@type\":\"WebPage\",\"@id\":\"https:\/\/www.celttv.com.ar\/index.php\/2024\/07\/30\/visitara-el-colegio-nuestra-senora-de-lujan-la-madre-general-hna-benedicta\/\",\"url\":\"https:\/\/www.celttv.com.ar\/index.php\/2024\/07\/30\/visitara-el-colegio-nuestra-senora-de-lujan-la-madre-general-hna-benedicta\/\",\"name\":\"Visitar\u00e1 el Colegio Nuestra Se\u00f1ora de Luj\u00e1n la Madre General Hna. Benedicta - CELTTV\",\"isPartOf\":{\"@id\":\"https:\/\/www.celttv.com.ar\/#website\"},\"datePublished\":\"2024-07-31T00:16:57+00:00\",\"dateModified\":\"2024-07-31T00:16:57+00:00\",\"description\":\"Sitio web de noticias de la localidad de Tornquist, provincia de Buenos Aires, Rep\u00fablica Argentina. Contenido propio originado por periodistas de CELTTV, el canal de TV local de la Cooperativa El\u00e9ctrica de Tornquist. Turismo, Pol\u00edtica, Sociedad, Deporte, Cultura y todo el contenido de inter\u00e9s general que la gente del pueblo y la regi\u00f3n debe conocer.\",\"breadcrumb\":{\"@id\":\"https:\/\/www.celttv.com.ar\/index.php\/2024\/07\/30\/visitara-el-colegio-nuestra-senora-de-lujan-la-madre-general-hna-benedicta\/#breadcrumb\"},\"inLanguage\":\"es\",\"potentialAction\":[{\"@type\":\"ReadAction\",\"target\":[\"https:\/\/www.celttv.com.ar\/index.php\/2024\/07\/30\/visitara-el-colegio-nuestra-senora-de-lujan-la-madre-general-hna-benedicta\/\"]}]},{\"@type\":\"BreadcrumbList\",\"@id\":\"https:\/\/www.celttv.com.ar\/index.php\/2024\/07\/30\/visitara-el-colegio-nuestra-senora-de-lujan-la-madre-general-hna-benedicta\/#breadcrumb\",\"itemListElement\":[{\"@type\":\"ListItem\",\"position\":1,\"name\":\"Inicio\",\"item\":\"https:\/\/www.celttv.com.ar\/\"},{\"@type\":\"ListItem\",\"position\":2,\"name\":\"Visitar\u00e1 el Colegio Nuestra Se\u00f1ora de Luj\u00e1n la Madre General Hna. Benedicta\"}]},{\"@type\":\"WebSite\",\"@id\":\"https:\/\/www.celttv.com.ar\/#website\",\"url\":\"https:\/\/www.celttv.com.ar\/\",\"name\":\"CELTTV\",\"description\":\"Cooperativa El\u00e9ctrica de Tornquist\",\"publisher\":{\"@id\":\"https:\/\/www.celttv.com.ar\/#organization\"},\"potentialAction\":[{\"@type\":\"SearchAction\",\"target\":{\"@type\":\"EntryPoint\",\"urlTemplate\":\"https:\/\/www.celttv.com.ar\/?s={search_term_string}\"},\"query-input\":\"required name=search_term_string\"}],\"inLanguage\":\"es\"},{\"@type\":\"Organization\",\"@id\":\"https:\/\/www.celttv.com.ar\/#organization\",\"name\":\"CELTTV\",\"url\":\"https:\/\/www.celttv.com.ar\/\",\"sameAs\":[\"https:\/\/www.youtube.com\/channel\/UCz_oIt8Hig64Ub-EmcNPIhg\",\"https:\/\/www.facebook.com\/celtTV\/\"],\"logo\":{\"@type\":\"ImageObject\",\"inLanguage\":\"es\",\"@id\":\"https:\/\/www.celttv.com.ar\/#\/schema\/logo\/image\/\",\"url\":\"http:\/\/www.celttv.com.ar\/wp-content\/uploads\/2022\/08\/logo-1.png\",\"contentUrl\":\"http:\/\/www.celttv.com.ar\/wp-content\/uploads\/2022\/08\/logo-1.png\",\"width\":461,\"height\":159,\"caption\":\"CELTTV\"},\"image\":{\"@id\":\"https:\/\/www.celttv.com.ar\/#\/schema\/logo\/image\/\"}},{\"@type\":\"Person\",\"@id\":\"https:\/\/www.celttv.com.ar\/#\/schema\/person\/9059dc91dc7204ef4182cdb65225f07d\",\"name\":\"Miguel Herrada\",\"image\":{\"@type\":\"ImageObject\",\"inLanguage\":\"es\",\"@id\":\"https:\/\/www.celttv.com.ar\/#\/schema\/person\/image\/\",\"url\":\"https:\/\/secure.gravatar.com\/avatar\/67724d5b3c716623ffd76bec7e45841a442ac3b456e914dbba90b0fad2b8e0b1?s=96&d=mm&r=g\",\"contentUrl\":\"https:\/\/secure.gravatar.com\/avatar\/67724d5b3c716623ffd76bec7e45841a442ac3b456e914dbba90b0fad2b8e0b1?s=96&d=mm&r=g\",\"caption\":\"Miguel Herrada\"}}]}<\/script>\n<!-- \/ Yoast SEO plugin. -->","yoast_head_json":{"title":"Visitar\u00e1 el Colegio Nuestra Se\u00f1ora de Luj\u00e1n la Madre General Hna. Benedicta - CELTTV","description":"Sitio web de noticias de la localidad de Tornquist, provincia de Buenos Aires, Rep\u00fablica Argentina. Contenido propio originado por periodistas de CELTTV, el canal de TV local de la Cooperativa El\u00e9ctrica de Tornquist. Turismo, Pol\u00edtica, Sociedad, Deporte, Cultura y todo el contenido de inter\u00e9s general que la gente del pueblo y la regi\u00f3n debe conocer.","robots":{"index":"index","follow":"follow","max-snippet":"max-snippet:-1","max-image-preview":"max-image-preview:large","max-video-preview":"max-video-preview:-1"},"canonical":"https:\/\/www.celttv.com.ar\/index.php\/2024\/07\/30\/visitara-el-colegio-nuestra-senora-de-lujan-la-madre-general-hna-benedicta\/","og_locale":"es_ES","og_type":"article","og_title":"Visitar\u00e1 el Colegio Nuestra Se\u00f1ora de Luj\u00e1n la Madre General Hna. Benedicta - CELTTV","og_description":"Sitio web de noticias de la localidad de Tornquist, provincia de Buenos Aires, Rep\u00fablica Argentina. Contenido propio originado por periodistas de CELTTV, el canal de TV local de la Cooperativa El\u00e9ctrica de Tornquist. Turismo, Pol\u00edtica, Sociedad, Deporte, Cultura y todo el contenido de inter\u00e9s general que la gente del pueblo y la regi\u00f3n debe conocer.","og_url":"https:\/\/www.celttv.com.ar\/index.php\/2024\/07\/30\/visitara-el-colegio-nuestra-senora-de-lujan-la-madre-general-hna-benedicta\/","og_site_name":"CELTTV","article_publisher":"https:\/\/www.facebook.com\/celtTV\/","article_published_time":"2024-07-31T00:16:57+00:00","og_image":[{"width":851,"height":618,"url":"https:\/\/www.celttv.com.ar\/wp-content\/uploads\/2024\/07\/marta-hna.jpg","type":"image\/jpeg"}],"author":"Miguel Herrada","twitter_card":"summary_large_image","twitter_misc":{"Escrito por":"Miguel Herrada","Tiempo de lectura":"1 minuto"},"schema":{"@context":"https:\/\/schema.org","@graph":[{"@type":"NewsArticle","@id":"https:\/\/www.celttv.com.ar\/index.php\/2024\/07\/30\/visitara-el-colegio-nuestra-senora-de-lujan-la-madre-general-hna-benedicta\/#article","isPartOf":{"@id":"https:\/\/www.celttv.com.ar\/index.php\/2024\/07\/30\/visitara-el-colegio-nuestra-senora-de-lujan-la-madre-general-hna-benedicta\/"},"author":{"name":"Miguel Herrada","@id":"https:\/\/www.celttv.com.ar\/#\/schema\/person\/9059dc91dc7204ef4182cdb65225f07d"},"headline":"Visitar\u00e1 el Colegio Nuestra Se\u00f1ora de Luj\u00e1n la Madre General Hna. Benedicta","datePublished":"2024-07-31T00:16:57+00:00","dateModified":"2024-07-31T00:16:57+00:00","mainEntityOfPage":{"@id":"https:\/\/www.celttv.com.ar\/index.php\/2024\/07\/30\/visitara-el-colegio-nuestra-senora-de-lujan-la-madre-general-hna-benedicta\/"},"wordCount":196,"publisher":{"@id":"https:\/\/www.celttv.com.ar\/#organization"},"articleSection":["Comunidad"],"inLanguage":"es"},{"@type":"WebPage","@id":"https:\/\/www.celttv.com.ar\/index.php\/2024\/07\/30\/visitara-el-colegio-nuestra-senora-de-lujan-la-madre-general-hna-benedicta\/","url":"https:\/\/www.celttv.com.ar\/index.php\/2024\/07\/30\/visitara-el-colegio-nuestra-senora-de-lujan-la-madre-general-hna-benedicta\/","name":"Visitar\u00e1 el Colegio Nuestra Se\u00f1ora de Luj\u00e1n la Madre General Hna. Benedicta - CELTTV","isPartOf":{"@id":"https:\/\/www.celttv.com.ar\/#website"},"datePublished":"2024-07-31T00:16:57+00:00","dateModified":"2024-07-31T00:16:57+00:00","description":"Sitio web de noticias de la localidad de Tornquist, provincia de Buenos Aires, Rep\u00fablica Argentina. Contenido propio originado por periodistas de CELTTV, el canal de TV local de la Cooperativa El\u00e9ctrica de Tornquist. Turismo, Pol\u00edtica, Sociedad, Deporte, Cultura y todo el contenido de inter\u00e9s general que la gente del pueblo y la regi\u00f3n debe conocer.","breadcrumb":{"@id":"https:\/\/www.celttv.com.ar\/index.php\/2024\/07\/30\/visitara-el-colegio-nuestra-senora-de-lujan-la-madre-general-hna-benedicta\/#breadcrumb"},"inLanguage":"es","potentialAction":[{"@type":"ReadAction","target":["https:\/\/www.celttv.com.ar\/index.php\/2024\/07\/30\/visitara-el-colegio-nuestra-senora-de-lujan-la-madre-general-hna-benedicta\/"]}]},{"@type":"BreadcrumbList","@id":"https:\/\/www.celttv.com.ar\/index.php\/2024\/07\/30\/visitara-el-colegio-nuestra-senora-de-lujan-la-madre-general-hna-benedicta\/#breadcrumb","itemListElement":[{"@type":"ListItem","position":1,"name":"Inicio","item":"https:\/\/www.celttv.com.ar\/"},{"@type":"ListItem","position":2,"name":"Visitar\u00e1 el Colegio Nuestra Se\u00f1ora de Luj\u00e1n la Madre General Hna. Benedicta"}]},{"@type":"WebSite","@id":"https:\/\/www.celttv.com.ar\/#website","url":"https:\/\/www.celttv.com.ar\/","name":"CELTTV","description":"Cooperativa El\u00e9ctrica de Tornquist","publisher":{"@id":"https:\/\/www.celttv.com.ar\/#organization"},"potentialAction":[{"@type":"SearchAction","target":{"@type":"EntryPoint","urlTemplate":"https:\/\/www.celttv.com.ar\/?s={search_term_string}"},"query-input":"required name=search_term_string"}],"inLanguage":"es"},{"@type":"Organization","@id":"https:\/\/www.celttv.com.ar\/#organization","name":"CELTTV","url":"https:\/\/www.celttv.com.ar\/","sameAs":["https:\/\/www.youtube.com\/channel\/UCz_oIt8Hig64Ub-EmcNPIhg","https:\/\/www.facebook.com\/celtTV\/"],"logo":{"@type":"ImageObject","inLanguage":"es","@id":"https:\/\/www.celttv.com.ar\/#\/schema\/logo\/image\/","url":"http:\/\/www.celttv.com.ar\/wp-content\/uploads\/2022\/08\/logo-1.png","contentUrl":"http:\/\/www.celttv.com.ar\/wp-content\/uploads\/2022\/08\/logo-1.png","width":461,"height":159,"caption":"CELTTV"},"image":{"@id":"https:\/\/www.celttv.com.ar\/#\/schema\/logo\/image\/"}},{"@type":"Person","@id":"https:\/\/www.celttv.com.ar\/#\/schema\/person\/9059dc91dc7204ef4182cdb65225f07d","name":"Miguel Herrada","image":{"@type":"ImageObject","inLanguage":"es","@id":"https:\/\/www.celttv.com.ar\/#\/schema\/person\/image\/","url":"https:\/\/secure.gravatar.com\/avatar\/67724d5b3c716623ffd76bec7e45841a442ac3b456e914dbba90b0fad2b8e0b1?s=96&d=mm&r=g","contentUrl":"https:\/\/secure.gravatar.com\/avatar\/67724d5b3c716623ffd76bec7e45841a442ac3b456e914dbba90b0fad2b8e0b1?s=96&d=mm&r=g","caption":"Miguel Herrada"}}]}},"_links":{"self":[{"href":"https:\/\/www.celttv.com.ar\/index.php\/wp-json\/wp\/v2\/posts\/85332","targetHints":{"allow":["GET"]}}],"collection":[{"href":"https:\/\/www.celttv.com.ar\/index.php\/wp-json\/wp\/v2\/posts"}],"about":[{"href":"https:\/\/www.celttv.com.ar\/index.php\/wp-json\/wp\/v2\/types\/post"}],"author":[{"embeddable":true,"href":"https:\/\/www.celttv.com.ar\/index.php\/wp-json\/wp\/v2\/users\/5"}],"replies":[{"embeddable":true,"href":"https:\/\/www.celttv.com.ar\/index.php\/wp-json\/wp\/v2\/comments?post=85332"}],"version-history":[{"count":2,"href":"https:\/\/www.celttv.com.ar\/index.php\/wp-json\/wp\/v2\/posts\/85332\/revisions"}],"predecessor-version":[{"id":85335,"href":"https:\/\/www.celttv.com.ar\/index.php\/wp-json\/wp\/v2\/posts\/85332\/revisions\/85335"}],"wp:featuredmedia":[{"embeddable":true,"href":"https:\/\/www.celttv.com.ar\/index.php\/wp-json\/wp\/v2\/media\/85334"}],"wp:attachment":[{"href":"https:\/\/www.celttv.com.ar\/index.php\/wp-json\/wp\/v2\/media?parent=85332"}],"wp:term":[{"taxonomy":"category","embeddable":true,"href":"https:\/\/www.celttv.com.ar\/index.php\/wp-json\/wp\/v2\/categories?post=85332"},{"taxonomy":"post_tag","embeddable":true,"href":"https:\/\/www.celttv.com.ar\/index.php\/wp-json\/wp\/v2\/tags?post=85332"}],"curies":[{"name":"wp","href":"https:\/\/api.w.org\/{rel}","templated":true}]}}