{"id":85336,"date":"2024-07-30T21:26:29","date_gmt":"2024-07-31T00:26:29","guid":{"rendered":"https:\/\/www.celttv.com.ar\/?p=85336"},"modified":"2024-07-30T21:26:29","modified_gmt":"2024-07-31T00:26:29","slug":"con-imperdibles-shows-sorteos-y-regalos-se-viene-el-24-festival-regional-union-del-nino","status":"publish","type":"post","link":"https:\/\/www.celttv.com.ar\/index.php\/2024\/07\/30\/con-imperdibles-shows-sorteos-y-regalos-se-viene-el-24-festival-regional-union-del-nino\/","title":{"rendered":"Con imperdibles shows, sorteos y regalos, se viene el 24\u00b0 Festival Regional Uni\u00f3n del Ni\u00f1o"},"content":{"rendered":"<p>El domingo 11 de agosto se realizar\u00e1 el 24\u00b0 Festival Regional \u2018Uni\u00f3n del Ni\u00f1o\u2019, el evento en el que cada a\u00f1o el Club Uni\u00f3n de Tornquist agasaja a todos los ni\u00f1os y ni\u00f1as de la localidad en su d\u00eda.<\/p>\n<p>El festival tendr\u00e1 lugar desde las 14 hs en el Gimnasio \u2018Mariano Morteo\u2019 de la instituci\u00f3n, con shows en vivo, una gran cantidad de sorteos y regalos.<\/p>\n<p>Sobre el escenario se presentar\u00e1n Clap Producciones con su espect\u00e1culo infantil, el humor de \u2018Fede y Tito\u2019 y el cuadro musical \u2018Si eres un Addams\u2019, del taller de Comedia Musical para ni\u00f1os de CoopArte.<\/p>\n<p>Durante la jornada, adem\u00e1s, los presentes participar\u00e1n de todos los sorteos de bicicletas y juguetes que se realizar\u00e1n a lo largo de la tarde, y se llevar\u00e1n su tradicional bolsita de golosinas una vez finalizada la fiesta.<\/p>\n<p>La entrada para los ni\u00f1os y ni\u00f1as ser\u00e1 gratis, mientras que para los mayores tendr\u00e1 un m\u00f3dico valor.<\/p>\n<p>Cabe recordar que, en el marco de la organizaci\u00f3n, se encuentra a la venta un bono contribuci\u00f3n, cuyo valor es de $500 y que entregar\u00e1 como premio una gran torta. Tambi\u00e9n, quienes deseen hacer colaboraciones en dinero, pueden realizar una transferencia al alias de Mercado Pago club.union.tornquist o acercar su donaci\u00f3n a la Secretar\u00eda (Av. Belgrano y 12 de Octubre) de lunes a viernes de 17.30 a 20.30 hs.<\/p>\n<p><img loading=\"lazy\" decoding=\"async\" class=\"alignnone wp-image-85337 size-large\" src=\"https:\/\/www.celttv.com.ar\/wp-content\/uploads\/2024\/07\/Festival-DDD-1024x576.jpg\" alt=\"\" width=\"1024\" height=\"576\" srcset=\"https:\/\/www.celttv.com.ar\/wp-content\/uploads\/2024\/07\/Festival-DDD-1024x576.jpg 1024w, https:\/\/www.celttv.com.ar\/wp-content\/uploads\/2024\/07\/Festival-DDD-300x169.jpg 300w, https:\/\/www.celttv.com.ar\/wp-content\/uploads\/2024\/07\/Festival-DDD-768x432.jpg 768w, https:\/\/www.celttv.com.ar\/wp-content\/uploads\/2024\/07\/Festival-DDD-750x422.jpg 750w, https:\/\/www.celttv.com.ar\/wp-content\/uploads\/2024\/07\/Festival-DDD-1140x641.jpg 1140w, https:\/\/www.celttv.com.ar\/wp-content\/uploads\/2024\/07\/Festival-DDD.jpg 1200w\" sizes=\"auto, (max-width: 1024px) 100vw, 1024px\" \/><\/p>\n<p><img loading=\"lazy\" decoding=\"async\" class=\"alignnone wp-image-85338 size-full\" src=\"https:\/\/www.celttv.com.ar\/wp-content\/uploads\/2024\/07\/festival-regional-union-del-nino.jpg\" alt=\"\" width=\"881\" height=\"882\" srcset=\"https:\/\/www.celttv.com.ar\/wp-content\/uploads\/2024\/07\/festival-regional-union-del-nino.jpg 881w, https:\/\/www.celttv.com.ar\/wp-content\/uploads\/2024\/07\/festival-regional-union-del-nino-300x300.jpg 300w, https:\/\/www.celttv.com.ar\/wp-content\/uploads\/2024\/07\/festival-regional-union-del-nino-150x150.jpg 150w, https:\/\/www.celttv.com.ar\/wp-content\/uploads\/2024\/07\/festival-regional-union-del-nino-768x769.jpg 768w, https:\/\/www.celttv.com.ar\/wp-content\/uploads\/2024\/07\/festival-regional-union-del-nino-75x75.jpg 75w, https:\/\/www.celttv.com.ar\/wp-content\/uploads\/2024\/07\/festival-regional-union-del-nino-750x751.jpg 750w\" sizes=\"auto, (max-width: 881px) 100vw, 881px\" \/><\/p>\n","protected":false},"excerpt":{"rendered":"<p>El domingo 11 de agosto se realizar\u00e1 el 24\u00b0 Festival Regional \u2018Uni\u00f3n del Ni\u00f1o\u2019, el evento en el que cada a\u00f1o el Club Uni\u00f3n de Tornquist agasaja a todos los ni\u00f1os y ni\u00f1as de la localidad en su d\u00eda. El festival tendr\u00e1 lugar desde las 14 hs en el Gimnasio \u2018Mariano Morteo\u2019 de la instituci\u00f3n, [&hellip;]<\/p>\n","protected":false},"author":5,"featured_media":85338,"comment_status":"closed","ping_status":"closed","sticky":false,"template":"","format":"standard","meta":{"footnotes":""},"categories":[56],"tags":[],"class_list":["post-85336","post","type-post","status-publish","format-standard","has-post-thumbnail","hentry","category-espectaculos"],"yoast_head":"<!-- This site is optimized with the Yoast SEO plugin v19.7.1 - https:\/\/yoast.com\/wordpress\/plugins\/seo\/ -->\n<title>Con imperdibles shows, sorteos y regalos, se viene el 24\u00b0 Festival Regional Uni\u00f3n del Ni\u00f1o - CELTTV<\/title>\n<meta name=\"description\" content=\"Sitio web de noticias de la localidad de Tornquist, provincia de Buenos Aires, Rep\u00fablica Argentina. Contenido propio originado por periodistas de CELTTV, el canal de TV local de la Cooperativa El\u00e9ctrica de Tornquist. Turismo, Pol\u00edtica, Sociedad, Deporte, Cultura y todo el contenido de inter\u00e9s general que la gente del pueblo y la regi\u00f3n debe conocer.\" \/>\n<meta name=\"robots\" content=\"index, follow, max-snippet:-1, max-image-preview:large, max-video-preview:-1\" \/>\n<link rel=\"canonical\" href=\"https:\/\/www.celttv.com.ar\/index.php\/2024\/07\/30\/con-imperdibles-shows-sorteos-y-regalos-se-viene-el-24-festival-regional-union-del-nino\/\" \/>\n<meta property=\"og:locale\" content=\"es_ES\" \/>\n<meta property=\"og:type\" content=\"article\" \/>\n<meta property=\"og:title\" content=\"Con imperdibles shows, sorteos y regalos, se viene el 24\u00b0 Festival Regional Uni\u00f3n del Ni\u00f1o - CELTTV\" \/>\n<meta property=\"og:description\" content=\"Sitio web de noticias de la localidad de Tornquist, provincia de Buenos Aires, Rep\u00fablica Argentina. Contenido propio originado por periodistas de CELTTV, el canal de TV local de la Cooperativa El\u00e9ctrica de Tornquist. Turismo, Pol\u00edtica, Sociedad, Deporte, Cultura y todo el contenido de inter\u00e9s general que la gente del pueblo y la regi\u00f3n debe conocer.\" \/>\n<meta property=\"og:url\" content=\"https:\/\/www.celttv.com.ar\/index.php\/2024\/07\/30\/con-imperdibles-shows-sorteos-y-regalos-se-viene-el-24-festival-regional-union-del-nino\/\" \/>\n<meta property=\"og:site_name\" content=\"CELTTV\" \/>\n<meta property=\"article:publisher\" content=\"https:\/\/www.facebook.com\/celtTV\/\" \/>\n<meta property=\"article:published_time\" content=\"2024-07-31T00:26:29+00:00\" \/>\n<meta property=\"og:image\" content=\"https:\/\/www.celttv.com.ar\/wp-content\/uploads\/2024\/07\/festival-regional-union-del-nino.jpg\" \/>\n\t<meta property=\"og:image:width\" content=\"881\" \/>\n\t<meta property=\"og:image:height\" content=\"882\" \/>\n\t<meta property=\"og:image:type\" content=\"image\/jpeg\" \/>\n<meta name=\"author\" content=\"Miguel Herrada\" \/>\n<meta name=\"twitter:card\" content=\"summary_large_image\" \/>\n<meta name=\"twitter:label1\" content=\"Escrito por\" \/>\n\t<meta name=\"twitter:data1\" content=\"Miguel Herrada\" \/>\n\t<meta name=\"twitter:label2\" content=\"Tiempo de lectura\" \/>\n\t<meta name=\"twitter:data2\" content=\"1 minuto\" \/>\n<script type=\"application\/ld+json\" class=\"yoast-schema-graph\">{\"@context\":\"https:\/\/schema.org\",\"@graph\":[{\"@type\":\"NewsArticle\",\"@id\":\"https:\/\/www.celttv.com.ar\/index.php\/2024\/07\/30\/con-imperdibles-shows-sorteos-y-regalos-se-viene-el-24-festival-regional-union-del-nino\/#article\",\"isPartOf\":{\"@id\":\"https:\/\/www.celttv.com.ar\/index.php\/2024\/07\/30\/con-imperdibles-shows-sorteos-y-regalos-se-viene-el-24-festival-regional-union-del-nino\/\"},\"author\":{\"name\":\"Miguel Herrada\",\"@id\":\"https:\/\/www.celttv.com.ar\/#\/schema\/person\/9059dc91dc7204ef4182cdb65225f07d\"},\"headline\":\"Con imperdibles shows, sorteos y regalos, se viene el 24\u00b0 Festival Regional Uni\u00f3n del Ni\u00f1o\",\"datePublished\":\"2024-07-31T00:26:29+00:00\",\"dateModified\":\"2024-07-31T00:26:29+00:00\",\"mainEntityOfPage\":{\"@id\":\"https:\/\/www.celttv.com.ar\/index.php\/2024\/07\/30\/con-imperdibles-shows-sorteos-y-regalos-se-viene-el-24-festival-regional-union-del-nino\/\"},\"wordCount\":258,\"publisher\":{\"@id\":\"https:\/\/www.celttv.com.ar\/#organization\"},\"articleSection\":[\"Espect\u00e1culos\"],\"inLanguage\":\"es\"},{\"@type\":\"WebPage\",\"@id\":\"https:\/\/www.celttv.com.ar\/index.php\/2024\/07\/30\/con-imperdibles-shows-sorteos-y-regalos-se-viene-el-24-festival-regional-union-del-nino\/\",\"url\":\"https:\/\/www.celttv.com.ar\/index.php\/2024\/07\/30\/con-imperdibles-shows-sorteos-y-regalos-se-viene-el-24-festival-regional-union-del-nino\/\",\"name\":\"Con imperdibles shows, sorteos y regalos, se viene el 24\u00b0 Festival Regional Uni\u00f3n del Ni\u00f1o - CELTTV\",\"isPartOf\":{\"@id\":\"https:\/\/www.celttv.com.ar\/#website\"},\"datePublished\":\"2024-07-31T00:26:29+00:00\",\"dateModified\":\"2024-07-31T00:26:29+00:00\",\"description\":\"Sitio web de noticias de la localidad de Tornquist, provincia de Buenos Aires, Rep\u00fablica Argentina. Contenido propio originado por periodistas de CELTTV, el canal de TV local de la Cooperativa El\u00e9ctrica de Tornquist. Turismo, Pol\u00edtica, Sociedad, Deporte, Cultura y todo el contenido de inter\u00e9s general que la gente del pueblo y la regi\u00f3n debe conocer.\",\"breadcrumb\":{\"@id\":\"https:\/\/www.celttv.com.ar\/index.php\/2024\/07\/30\/con-imperdibles-shows-sorteos-y-regalos-se-viene-el-24-festival-regional-union-del-nino\/#breadcrumb\"},\"inLanguage\":\"es\",\"potentialAction\":[{\"@type\":\"ReadAction\",\"target\":[\"https:\/\/www.celttv.com.ar\/index.php\/2024\/07\/30\/con-imperdibles-shows-sorteos-y-regalos-se-viene-el-24-festival-regional-union-del-nino\/\"]}]},{\"@type\":\"BreadcrumbList\",\"@id\":\"https:\/\/www.celttv.com.ar\/index.php\/2024\/07\/30\/con-imperdibles-shows-sorteos-y-regalos-se-viene-el-24-festival-regional-union-del-nino\/#breadcrumb\",\"itemListElement\":[{\"@type\":\"ListItem\",\"position\":1,\"name\":\"Inicio\",\"item\":\"https:\/\/www.celttv.com.ar\/\"},{\"@type\":\"ListItem\",\"position\":2,\"name\":\"Con imperdibles shows, sorteos y regalos, se viene el 24\u00b0 Festival Regional Uni\u00f3n del Ni\u00f1o\"}]},{\"@type\":\"WebSite\",\"@id\":\"https:\/\/www.celttv.com.ar\/#website\",\"url\":\"https:\/\/www.celttv.com.ar\/\",\"name\":\"CELTTV\",\"description\":\"Cooperativa El\u00e9ctrica de Tornquist\",\"publisher\":{\"@id\":\"https:\/\/www.celttv.com.ar\/#organization\"},\"potentialAction\":[{\"@type\":\"SearchAction\",\"target\":{\"@type\":\"EntryPoint\",\"urlTemplate\":\"https:\/\/www.celttv.com.ar\/?s={search_term_string}\"},\"query-input\":\"required name=search_term_string\"}],\"inLanguage\":\"es\"},{\"@type\":\"Organization\",\"@id\":\"https:\/\/www.celttv.com.ar\/#organization\",\"name\":\"CELTTV\",\"url\":\"https:\/\/www.celttv.com.ar\/\",\"sameAs\":[\"https:\/\/www.youtube.com\/channel\/UCz_oIt8Hig64Ub-EmcNPIhg\",\"https:\/\/www.facebook.com\/celtTV\/\"],\"logo\":{\"@type\":\"ImageObject\",\"inLanguage\":\"es\",\"@id\":\"https:\/\/www.celttv.com.ar\/#\/schema\/logo\/image\/\",\"url\":\"http:\/\/www.celttv.com.ar\/wp-content\/uploads\/2022\/08\/logo-1.png\",\"contentUrl\":\"http:\/\/www.celttv.com.ar\/wp-content\/uploads\/2022\/08\/logo-1.png\",\"width\":461,\"height\":159,\"caption\":\"CELTTV\"},\"image\":{\"@id\":\"https:\/\/www.celttv.com.ar\/#\/schema\/logo\/image\/\"}},{\"@type\":\"Person\",\"@id\":\"https:\/\/www.celttv.com.ar\/#\/schema\/person\/9059dc91dc7204ef4182cdb65225f07d\",\"name\":\"Miguel Herrada\",\"image\":{\"@type\":\"ImageObject\",\"inLanguage\":\"es\",\"@id\":\"https:\/\/www.celttv.com.ar\/#\/schema\/person\/image\/\",\"url\":\"https:\/\/secure.gravatar.com\/avatar\/67724d5b3c716623ffd76bec7e45841a442ac3b456e914dbba90b0fad2b8e0b1?s=96&d=mm&r=g\",\"contentUrl\":\"https:\/\/secure.gravatar.com\/avatar\/67724d5b3c716623ffd76bec7e45841a442ac3b456e914dbba90b0fad2b8e0b1?s=96&d=mm&r=g\",\"caption\":\"Miguel Herrada\"}}]}<\/script>\n<!-- \/ Yoast SEO plugin. -->","yoast_head_json":{"title":"Con imperdibles shows, sorteos y regalos, se viene el 24\u00b0 Festival Regional Uni\u00f3n del Ni\u00f1o - CELTTV","description":"Sitio web de noticias de la localidad de Tornquist, provincia de Buenos Aires, Rep\u00fablica Argentina. Contenido propio originado por periodistas de CELTTV, el canal de TV local de la Cooperativa El\u00e9ctrica de Tornquist. Turismo, Pol\u00edtica, Sociedad, Deporte, Cultura y todo el contenido de inter\u00e9s general que la gente del pueblo y la regi\u00f3n debe conocer.","robots":{"index":"index","follow":"follow","max-snippet":"max-snippet:-1","max-image-preview":"max-image-preview:large","max-video-preview":"max-video-preview:-1"},"canonical":"https:\/\/www.celttv.com.ar\/index.php\/2024\/07\/30\/con-imperdibles-shows-sorteos-y-regalos-se-viene-el-24-festival-regional-union-del-nino\/","og_locale":"es_ES","og_type":"article","og_title":"Con imperdibles shows, sorteos y regalos, se viene el 24\u00b0 Festival Regional Uni\u00f3n del Ni\u00f1o - CELTTV","og_description":"Sitio web de noticias de la localidad de Tornquist, provincia de Buenos Aires, Rep\u00fablica Argentina. Contenido propio originado por periodistas de CELTTV, el canal de TV local de la Cooperativa El\u00e9ctrica de Tornquist. Turismo, Pol\u00edtica, Sociedad, Deporte, Cultura y todo el contenido de inter\u00e9s general que la gente del pueblo y la regi\u00f3n debe conocer.","og_url":"https:\/\/www.celttv.com.ar\/index.php\/2024\/07\/30\/con-imperdibles-shows-sorteos-y-regalos-se-viene-el-24-festival-regional-union-del-nino\/","og_site_name":"CELTTV","article_publisher":"https:\/\/www.facebook.com\/celtTV\/","article_published_time":"2024-07-31T00:26:29+00:00","og_image":[{"width":881,"height":882,"url":"https:\/\/www.celttv.com.ar\/wp-content\/uploads\/2024\/07\/festival-regional-union-del-nino.jpg","type":"image\/jpeg"}],"author":"Miguel Herrada","twitter_card":"summary_large_image","twitter_misc":{"Escrito por":"Miguel Herrada","Tiempo de lectura":"1 minuto"},"schema":{"@context":"https:\/\/schema.org","@graph":[{"@type":"NewsArticle","@id":"https:\/\/www.celttv.com.ar\/index.php\/2024\/07\/30\/con-imperdibles-shows-sorteos-y-regalos-se-viene-el-24-festival-regional-union-del-nino\/#article","isPartOf":{"@id":"https:\/\/www.celttv.com.ar\/index.php\/2024\/07\/30\/con-imperdibles-shows-sorteos-y-regalos-se-viene-el-24-festival-regional-union-del-nino\/"},"author":{"name":"Miguel Herrada","@id":"https:\/\/www.celttv.com.ar\/#\/schema\/person\/9059dc91dc7204ef4182cdb65225f07d"},"headline":"Con imperdibles shows, sorteos y regalos, se viene el 24\u00b0 Festival Regional Uni\u00f3n del Ni\u00f1o","datePublished":"2024-07-31T00:26:29+00:00","dateModified":"2024-07-31T00:26:29+00:00","mainEntityOfPage":{"@id":"https:\/\/www.celttv.com.ar\/index.php\/2024\/07\/30\/con-imperdibles-shows-sorteos-y-regalos-se-viene-el-24-festival-regional-union-del-nino\/"},"wordCount":258,"publisher":{"@id":"https:\/\/www.celttv.com.ar\/#organization"},"articleSection":["Espect\u00e1culos"],"inLanguage":"es"},{"@type":"WebPage","@id":"https:\/\/www.celttv.com.ar\/index.php\/2024\/07\/30\/con-imperdibles-shows-sorteos-y-regalos-se-viene-el-24-festival-regional-union-del-nino\/","url":"https:\/\/www.celttv.com.ar\/index.php\/2024\/07\/30\/con-imperdibles-shows-sorteos-y-regalos-se-viene-el-24-festival-regional-union-del-nino\/","name":"Con imperdibles shows, sorteos y regalos, se viene el 24\u00b0 Festival Regional Uni\u00f3n del Ni\u00f1o - CELTTV","isPartOf":{"@id":"https:\/\/www.celttv.com.ar\/#website"},"datePublished":"2024-07-31T00:26:29+00:00","dateModified":"2024-07-31T00:26:29+00:00","description":"Sitio web de noticias de la localidad de Tornquist, provincia de Buenos Aires, Rep\u00fablica Argentina. Contenido propio originado por periodistas de CELTTV, el canal de TV local de la Cooperativa El\u00e9ctrica de Tornquist. Turismo, Pol\u00edtica, Sociedad, Deporte, Cultura y todo el contenido de inter\u00e9s general que la gente del pueblo y la regi\u00f3n debe conocer.","breadcrumb":{"@id":"https:\/\/www.celttv.com.ar\/index.php\/2024\/07\/30\/con-imperdibles-shows-sorteos-y-regalos-se-viene-el-24-festival-regional-union-del-nino\/#breadcrumb"},"inLanguage":"es","potentialAction":[{"@type":"ReadAction","target":["https:\/\/www.celttv.com.ar\/index.php\/2024\/07\/30\/con-imperdibles-shows-sorteos-y-regalos-se-viene-el-24-festival-regional-union-del-nino\/"]}]},{"@type":"BreadcrumbList","@id":"https:\/\/www.celttv.com.ar\/index.php\/2024\/07\/30\/con-imperdibles-shows-sorteos-y-regalos-se-viene-el-24-festival-regional-union-del-nino\/#breadcrumb","itemListElement":[{"@type":"ListItem","position":1,"name":"Inicio","item":"https:\/\/www.celttv.com.ar\/"},{"@type":"ListItem","position":2,"name":"Con imperdibles shows, sorteos y regalos, se viene el 24\u00b0 Festival Regional Uni\u00f3n del Ni\u00f1o"}]},{"@type":"WebSite","@id":"https:\/\/www.celttv.com.ar\/#website","url":"https:\/\/www.celttv.com.ar\/","name":"CELTTV","description":"Cooperativa El\u00e9ctrica de Tornquist","publisher":{"@id":"https:\/\/www.celttv.com.ar\/#organization"},"potentialAction":[{"@type":"SearchAction","target":{"@type":"EntryPoint","urlTemplate":"https:\/\/www.celttv.com.ar\/?s={search_term_string}"},"query-input":"required name=search_term_string"}],"inLanguage":"es"},{"@type":"Organization","@id":"https:\/\/www.celttv.com.ar\/#organization","name":"CELTTV","url":"https:\/\/www.celttv.com.ar\/","sameAs":["https:\/\/www.youtube.com\/channel\/UCz_oIt8Hig64Ub-EmcNPIhg","https:\/\/www.facebook.com\/celtTV\/"],"logo":{"@type":"ImageObject","inLanguage":"es","@id":"https:\/\/www.celttv.com.ar\/#\/schema\/logo\/image\/","url":"http:\/\/www.celttv.com.ar\/wp-content\/uploads\/2022\/08\/logo-1.png","contentUrl":"http:\/\/www.celttv.com.ar\/wp-content\/uploads\/2022\/08\/logo-1.png","width":461,"height":159,"caption":"CELTTV"},"image":{"@id":"https:\/\/www.celttv.com.ar\/#\/schema\/logo\/image\/"}},{"@type":"Person","@id":"https:\/\/www.celttv.com.ar\/#\/schema\/person\/9059dc91dc7204ef4182cdb65225f07d","name":"Miguel Herrada","image":{"@type":"ImageObject","inLanguage":"es","@id":"https:\/\/www.celttv.com.ar\/#\/schema\/person\/image\/","url":"https:\/\/secure.gravatar.com\/avatar\/67724d5b3c716623ffd76bec7e45841a442ac3b456e914dbba90b0fad2b8e0b1?s=96&d=mm&r=g","contentUrl":"https:\/\/secure.gravatar.com\/avatar\/67724d5b3c716623ffd76bec7e45841a442ac3b456e914dbba90b0fad2b8e0b1?s=96&d=mm&r=g","caption":"Miguel Herrada"}}]}},"_links":{"self":[{"href":"https:\/\/www.celttv.com.ar\/index.php\/wp-json\/wp\/v2\/posts\/85336","targetHints":{"allow":["GET"]}}],"collection":[{"href":"https:\/\/www.celttv.com.ar\/index.php\/wp-json\/wp\/v2\/posts"}],"about":[{"href":"https:\/\/www.celttv.com.ar\/index.php\/wp-json\/wp\/v2\/types\/post"}],"author":[{"embeddable":true,"href":"https:\/\/www.celttv.com.ar\/index.php\/wp-json\/wp\/v2\/users\/5"}],"replies":[{"embeddable":true,"href":"https:\/\/www.celttv.com.ar\/index.php\/wp-json\/wp\/v2\/comments?post=85336"}],"version-history":[{"count":1,"href":"https:\/\/www.celttv.com.ar\/index.php\/wp-json\/wp\/v2\/posts\/85336\/revisions"}],"predecessor-version":[{"id":85339,"href":"https:\/\/www.celttv.com.ar\/index.php\/wp-json\/wp\/v2\/posts\/85336\/revisions\/85339"}],"wp:featuredmedia":[{"embeddable":true,"href":"https:\/\/www.celttv.com.ar\/index.php\/wp-json\/wp\/v2\/media\/85338"}],"wp:attachment":[{"href":"https:\/\/www.celttv.com.ar\/index.php\/wp-json\/wp\/v2\/media?parent=85336"}],"wp:term":[{"taxonomy":"category","embeddable":true,"href":"https:\/\/www.celttv.com.ar\/index.php\/wp-json\/wp\/v2\/categories?post=85336"},{"taxonomy":"post_tag","embeddable":true,"href":"https:\/\/www.celttv.com.ar\/index.php\/wp-json\/wp\/v2\/tags?post=85336"}],"curies":[{"name":"wp","href":"https:\/\/api.w.org\/{rel}","templated":true}]}}