{"id":85380,"date":"2024-08-03T11:27:19","date_gmt":"2024-08-03T14:27:19","guid":{"rendered":"https:\/\/www.celttv.com.ar\/?p=85380"},"modified":"2024-08-03T11:33:23","modified_gmt":"2024-08-03T14:33:23","slug":"tornquist-busca-generar-una-industria-ecologica-con-el-residuo-de-la-esquila","status":"publish","type":"post","link":"https:\/\/www.celttv.com.ar\/index.php\/2024\/08\/03\/tornquist-busca-generar-una-industria-ecologica-con-el-residuo-de-la-esquila\/","title":{"rendered":"Tornquist busca generar una industria ecol\u00f3gica con el residuo de la esquila"},"content":{"rendered":"<p>Un novedoso proyecto de reciclado de lana de esquila para la confecci\u00f3n de aislantes t\u00e9rmicos se est\u00e1 elaborando desde el municipio de Tornquist, con la idea de generar un polo industrial que recolecte y utilice la materia prima de los productores locales, para fabricar estos elementos y, luego, utilizarlos en forma local o bien venderlos.<\/p>\n<p>La iniciativa es impulsada por la comuna serrana, en conjunto con la Universidad Provincial del Sudoeste y el ministerio de Desarrollo Agrario bonaerense.<\/p>\n<p><img loading=\"lazy\" decoding=\"async\" class=\"alignnone wp-image-85381 size-full\" src=\"https:\/\/www.celttv.com.ar\/wp-content\/uploads\/2024\/08\/LANA-4.jpg\" alt=\"\" width=\"775\" height=\"482\" srcset=\"https:\/\/www.celttv.com.ar\/wp-content\/uploads\/2024\/08\/LANA-4.jpg 775w, https:\/\/www.celttv.com.ar\/wp-content\/uploads\/2024\/08\/LANA-4-300x187.jpg 300w, https:\/\/www.celttv.com.ar\/wp-content\/uploads\/2024\/08\/LANA-4-768x478.jpg 768w, https:\/\/www.celttv.com.ar\/wp-content\/uploads\/2024\/08\/LANA-4-750x466.jpg 750w\" sizes=\"auto, (max-width: 775px) 100vw, 775px\" \/><\/p>\n<p>Por ahora, la idea se encuentra en pa\u00f1ales, en plena etapa de recabado de informaci\u00f3n, sobre todo para saber con cu\u00e1nta materia prima \u2013ll\u00e1mese lana de esquila- se cuenta en el distrito, mientras se avanza en otras cuestiones como la locaci\u00f3n del lugar del procesamiento. La intenci\u00f3n\u00a0del municipio es desarrollarlo con fondos propios y que sea un emprendimiento- que comience en el distrito y despu\u00e9s se centre en toda la regi\u00f3n.<\/p>\n<p>Ya con el material generado, llegar\u00eda la fase de su utilizaci\u00f3n. En un primer momento se emplear\u00eda en forma local, ya sea para viviendas sociales o instituciones, por ejemplo, de manera de dar a conocer el material. En una segunda etapa, la idea es comercializarlo como un producto tornquistense.<\/p>\n<p>&nbsp;<\/p>\n<p>La producci\u00f3n, aseguran desde la comuna, es ecol\u00f3gica por donde se la mire. No solamente eso, sino que permitir\u00eda la generaci\u00f3n de puestos de trabajo en dos localidades del distrito serrano donde se ubicar\u00edan los centros de proceso: la cabecera y una segunda que, por el momento podr\u00eda ser Chasic\u00f3.<\/p>\n<p>La lana, aclaran, estar\u00eda asegurada: los ovinos de nuestra regi\u00f3n se producen esencialmente para carne y la lana obtenida no es de calidad para la industria textil. De acuerdo a relevamientos que se est\u00e1n llevando a cabo e informaci\u00f3n oficial, existen los suficientes ovinos en el distrito como para dar el puntapi\u00e9 inicial, y despu\u00e9s se avanzar\u00eda en acuerdos similares con otros territorios de la zona. De hecho, explican que muchos productores no saben qu\u00e9 hacer con la lana que obligadamente deben esquilar y que usualmente terminan quemando, enterrando, malvendiendo o almacenando en galpones.<\/p>\n<p>El producto final es un material similar a la lana de vidrio, pero sin sus caracter\u00edsticas negativas, ya que se trata de un elemento ecol\u00f3gico que no se deshace con el paso del tiempo. Tampoco \u2013aseguran- genera problemas para la salud.<\/p>\n<p><img loading=\"lazy\" decoding=\"async\" class=\"alignnone wp-image-85382 size-full\" src=\"https:\/\/www.celttv.com.ar\/wp-content\/uploads\/2024\/08\/LANA-1.jpg\" alt=\"\" width=\"807\" height=\"454\" srcset=\"https:\/\/www.celttv.com.ar\/wp-content\/uploads\/2024\/08\/LANA-1.jpg 807w, https:\/\/www.celttv.com.ar\/wp-content\/uploads\/2024\/08\/LANA-1-300x169.jpg 300w, https:\/\/www.celttv.com.ar\/wp-content\/uploads\/2024\/08\/LANA-1-768x432.jpg 768w, https:\/\/www.celttv.com.ar\/wp-content\/uploads\/2024\/08\/LANA-1-750x422.jpg 750w\" sizes=\"auto, (max-width: 807px) 100vw, 807px\" \/><\/p>\n<p>El primer puntapi\u00e9 ya fue dado: d\u00edas atr\u00e1s se llev\u00f3 a cabo una reuni\u00f3n con productores, en la que se present\u00f3 el material a confeccionar, elaborado en forma local por la docente Carla Golbek, de la UPSO. El inter\u00e9s fue muy grande, sobre todo cuando se piensa que podr\u00eda tratarse de una industria novedosa, nacida en el seno del distrito serrano.<\/p>\n<p>\u201cHablamos particularmente de Tornquist, pero obviamente pensando en escalar el proyecto a toda la regi\u00f3n \u2013resume el secretario de Producci\u00f3n municipal, V\u00edctor Ant\u00f3n-. Ac\u00e1 hay muchos ovinos que se utilizan para carne, y la lana termina siendo un residuo para el productor, que tiene que pagar la esquila y no le genera nada; en muchas oportunidades la queman y, en otras, la entierran\u201d.<\/p>\n<p>A partir de este material, la idea es confeccionar algo similar a la lana de vidrio. En nuestro pa\u00eds, ya se est\u00e1n haciendo algunos experimentos similares, pero desde la comuna se proyecta que este distrito sea el epicentro de esta potencial industria a nivel regional.<\/p>\n<p>\u201cQueremos que Tornquist sea el epicentro de toda esta movida: es decir, utilizar esa lana, lavarla, acondicionarla y hacer el fieltro. Servir\u00eda para aislar techos y paredes, sobre todo ahora que est\u00e1n muy de moda el steel framing y la construcci\u00f3n en seco. Permitir\u00eda reemplazar a la lana de vidrio y no tendr\u00eda este problema de desgastarse con el tiempo\u201d, explica.<\/p>\n<p><img loading=\"lazy\" decoding=\"async\" class=\"alignnone wp-image-85383 size-full\" src=\"https:\/\/www.celttv.com.ar\/wp-content\/uploads\/2024\/08\/LANA-2.jpg\" alt=\"\" width=\"807\" height=\"908\" srcset=\"https:\/\/www.celttv.com.ar\/wp-content\/uploads\/2024\/08\/LANA-2.jpg 807w, https:\/\/www.celttv.com.ar\/wp-content\/uploads\/2024\/08\/LANA-2-267x300.jpg 267w, https:\/\/www.celttv.com.ar\/wp-content\/uploads\/2024\/08\/LANA-2-768x864.jpg 768w, https:\/\/www.celttv.com.ar\/wp-content\/uploads\/2024\/08\/LANA-2-750x844.jpg 750w\" sizes=\"auto, (max-width: 807px) 100vw, 807px\" \/><\/p>\n<p>Para ello, ya se est\u00e1 haciendo el relevamiento del n\u00famero de animales que podr\u00edan aportar lana en este distrito y en otros: hubo llamados desde Puan, Pig\u00fc\u00e9, Magdalena y hasta de Trelew, en Chubut, desde donde ya se est\u00e1 llevando a cabo un proceso similar y est\u00e1n exportando el producto terminado a Chile.<\/p>\n<p>\u201cYa estamos hablando con los productores informales que hay en el distrito para tener una idea de cantidades, para saber con cu\u00e1nta lana vamos a contar. Tambi\u00e9n estamos en comunicaci\u00f3n con la gente del ministerio de Desarrollo Agrario de la Provincia y de la Chacra Experimental de Barrow, donde est\u00e1n haciendo una peque\u00f1a experiencia con esto, con la idea de arrancar el proyecto\u201d, sostiene.<\/p>\n<p>Luego llegar\u00e1 el momento del proceso industrial. Desde el municipio hablan de \u201cir de a poco para usar algo que es un residuo, poder industrializarlo y hacerlo en Tornquist\u201d.<\/p>\n<p>\u201cEn principio, si uno quiere hacerlo de forma artesanal, se puede empezar a lavar lana con bateas. Luego, el proceso de secado es al sol y posteriormente viene el armado de los pa\u00f1os con una herramienta de carda similar a las que se utilizan para hacer los trapos de piso\u201d, cuenta.<\/p>\n<p>Luego, la lana se lava con sales de boro \u2013b\u00f3rax- en una disoluci\u00f3n m\u00ednima. Gran parte de los elementos empleados en el proceso se pueden reutilizar.<\/p>\n<p>\u201dEs un proceso que es ecol\u00f3gico, porque la lana no se apolilla. El producto terminado tiene una eficiencia t\u00e9rmica muy parecida a la lana de vidrio. En cuanto al precio, hoy es algo m\u00e1s caro que la lana de vidrio, pero porque no hay disponibilidad en el mercado; no hay nadie que lo haga\u201d, aclara.<\/p>\n<p>Ant\u00f3n indica que es muy temprano para hablar de tiempos, ya que todav\u00eda hay que terminar con el relevamiento de chacareros y animales.<\/p>\n<p>\u201cMuchos productores tienen lana y no saben qu\u00e9 hacer con ella. Es decir, el recurso est\u00e1, pero hay que movilizarlo y acordar el precio con la gente. Todos sabemos que el productor tiene que pagar s\u00ed o s\u00ed la esquila, pero con esto despu\u00e9s podr\u00eda conseguir ingresos por algo que hasta ahora quema o entierra\u201d, explica.<\/p>\n<p>Por ello, en un inicio se comenzar\u00eda a negociar con los productores m\u00e1s chicos, proponi\u00e9ndoles absorber el costo de la esquila.<\/p>\n<p>\u201cEn principio, la idea ser\u00eda hacer dos centros de acopio y proceso, generando entre cinco y siete puestos de trabajo, que podr\u00edan estar ubicados en Tornquist y en una segunda localidad, como Chasic\u00f3. Nosotros apuntamos a nuestro sector industrial planificado y a los galpones del ferrocarril\u201d, sostiene.<\/p>\n<p><strong>\u00bfCarne o lana?<\/strong><\/p>\n<p>Seg\u00fan se explica desde la Provincia, las razas ovinas preparadas para la producci\u00f3n de carne tienen una lana gruesa y r\u00fastica, que no se puede emplear en la industria textil.<\/p>\n<p>Sin embargo, esto no implica que los animales no deban ser esquilados anualmente, ya que esto generar\u00eda inconvenientes en su desarrollo y su salud. Esta cuesti\u00f3n termina siendo un problema para los chacareros, que deben deshacerse de la lana sobrante \u2013por ahora inservible- quem\u00e1ndola, enterr\u00e1ndola o d\u00e1ndola como una m\u00f3dica parte de pago de la esquila.<\/p>\n<p>A partir de datos oficiales de Senasa, en la provincia de Buenos Aires se tratar\u00eda de unos 3,8 millones de kilos que se podr\u00edan reunir a\u00f1o a a\u00f1o. En ese sentido, el 97% de esta lana pertenece a peque\u00f1as unidades productivas que, solo en territorio bonaerense, son aproximadamente 24 mil.<\/p>\n<p>Se entiende que la utilizaci\u00f3n de este material actualmente desperdiciado, para producir mantos termo-ac\u00fasticos, generar\u00eda en un beneficio directo para este sector.<\/p>\n<p>Fuente: LA NUEVA.COM<\/p>\n<p>&nbsp;<\/p>\n","protected":false},"excerpt":{"rendered":"<p>Un novedoso proyecto de reciclado de lana de esquila para la confecci\u00f3n de aislantes t\u00e9rmicos se est\u00e1 elaborando desde el municipio de Tornquist, con la idea de generar un polo industrial que recolecte y utilice la materia prima de los productores locales, para fabricar estos elementos y, luego, utilizarlos en forma local o bien venderlos. [&hellip;]<\/p>\n","protected":false},"author":5,"featured_media":85381,"comment_status":"closed","ping_status":"closed","sticky":false,"template":"","format":"standard","meta":{"footnotes":""},"categories":[65],"tags":[],"class_list":["post-85380","post","type-post","status-publish","format-standard","has-post-thumbnail","hentry","category-produccion"],"yoast_head":"<!-- This site is optimized with the Yoast SEO plugin v19.7.1 - https:\/\/yoast.com\/wordpress\/plugins\/seo\/ -->\n<title>Tornquist busca generar una industria ecol\u00f3gica con el residuo de la esquila - CELTTV<\/title>\n<meta name=\"description\" content=\"Sitio web de noticias de la localidad de Tornquist, provincia de Buenos Aires, Rep\u00fablica Argentina. Contenido propio originado por periodistas de CELTTV, el canal de TV local de la Cooperativa El\u00e9ctrica de Tornquist. Turismo, Pol\u00edtica, Sociedad, Deporte, Cultura y todo el contenido de inter\u00e9s general que la gente del pueblo y la regi\u00f3n debe conocer.\" \/>\n<meta name=\"robots\" content=\"index, follow, max-snippet:-1, max-image-preview:large, max-video-preview:-1\" \/>\n<link rel=\"canonical\" href=\"https:\/\/www.celttv.com.ar\/index.php\/2024\/08\/03\/tornquist-busca-generar-una-industria-ecologica-con-el-residuo-de-la-esquila\/\" \/>\n<meta property=\"og:locale\" content=\"es_ES\" \/>\n<meta property=\"og:type\" content=\"article\" \/>\n<meta property=\"og:title\" content=\"Tornquist busca generar una industria ecol\u00f3gica con el residuo de la esquila - CELTTV\" \/>\n<meta property=\"og:description\" content=\"Sitio web de noticias de la localidad de Tornquist, provincia de Buenos Aires, Rep\u00fablica Argentina. Contenido propio originado por periodistas de CELTTV, el canal de TV local de la Cooperativa El\u00e9ctrica de Tornquist. Turismo, Pol\u00edtica, Sociedad, Deporte, Cultura y todo el contenido de inter\u00e9s general que la gente del pueblo y la regi\u00f3n debe conocer.\" \/>\n<meta property=\"og:url\" content=\"https:\/\/www.celttv.com.ar\/index.php\/2024\/08\/03\/tornquist-busca-generar-una-industria-ecologica-con-el-residuo-de-la-esquila\/\" \/>\n<meta property=\"og:site_name\" content=\"CELTTV\" \/>\n<meta property=\"article:publisher\" content=\"https:\/\/www.facebook.com\/celtTV\/\" \/>\n<meta property=\"article:published_time\" content=\"2024-08-03T14:27:19+00:00\" \/>\n<meta property=\"article:modified_time\" content=\"2024-08-03T14:33:23+00:00\" \/>\n<meta property=\"og:image\" content=\"https:\/\/www.celttv.com.ar\/wp-content\/uploads\/2024\/08\/LANA-4.jpg\" \/>\n\t<meta property=\"og:image:width\" content=\"775\" \/>\n\t<meta property=\"og:image:height\" content=\"482\" \/>\n\t<meta property=\"og:image:type\" content=\"image\/jpeg\" \/>\n<meta name=\"author\" content=\"Miguel Herrada\" \/>\n<meta name=\"twitter:card\" content=\"summary_large_image\" \/>\n<meta name=\"twitter:label1\" content=\"Escrito por\" \/>\n\t<meta name=\"twitter:data1\" content=\"Miguel Herrada\" \/>\n\t<meta name=\"twitter:label2\" content=\"Tiempo de lectura\" \/>\n\t<meta name=\"twitter:data2\" content=\"6 minutos\" \/>\n<script type=\"application\/ld+json\" class=\"yoast-schema-graph\">{\"@context\":\"https:\/\/schema.org\",\"@graph\":[{\"@type\":\"NewsArticle\",\"@id\":\"https:\/\/www.celttv.com.ar\/index.php\/2024\/08\/03\/tornquist-busca-generar-una-industria-ecologica-con-el-residuo-de-la-esquila\/#article\",\"isPartOf\":{\"@id\":\"https:\/\/www.celttv.com.ar\/index.php\/2024\/08\/03\/tornquist-busca-generar-una-industria-ecologica-con-el-residuo-de-la-esquila\/\"},\"author\":{\"name\":\"Miguel Herrada\",\"@id\":\"https:\/\/www.celttv.com.ar\/#\/schema\/person\/9059dc91dc7204ef4182cdb65225f07d\"},\"headline\":\"Tornquist busca generar una industria ecol\u00f3gica con el residuo de la esquila\",\"datePublished\":\"2024-08-03T14:27:19+00:00\",\"dateModified\":\"2024-08-03T14:33:23+00:00\",\"mainEntityOfPage\":{\"@id\":\"https:\/\/www.celttv.com.ar\/index.php\/2024\/08\/03\/tornquist-busca-generar-una-industria-ecologica-con-el-residuo-de-la-esquila\/\"},\"wordCount\":1300,\"publisher\":{\"@id\":\"https:\/\/www.celttv.com.ar\/#organization\"},\"articleSection\":[\"Producci\u00f3n y Medio Ambiente\"],\"inLanguage\":\"es\"},{\"@type\":\"WebPage\",\"@id\":\"https:\/\/www.celttv.com.ar\/index.php\/2024\/08\/03\/tornquist-busca-generar-una-industria-ecologica-con-el-residuo-de-la-esquila\/\",\"url\":\"https:\/\/www.celttv.com.ar\/index.php\/2024\/08\/03\/tornquist-busca-generar-una-industria-ecologica-con-el-residuo-de-la-esquila\/\",\"name\":\"Tornquist busca generar una industria ecol\u00f3gica con el residuo de la esquila - CELTTV\",\"isPartOf\":{\"@id\":\"https:\/\/www.celttv.com.ar\/#website\"},\"datePublished\":\"2024-08-03T14:27:19+00:00\",\"dateModified\":\"2024-08-03T14:33:23+00:00\",\"description\":\"Sitio web de noticias de la localidad de Tornquist, provincia de Buenos Aires, Rep\u00fablica Argentina. Contenido propio originado por periodistas de CELTTV, el canal de TV local de la Cooperativa El\u00e9ctrica de Tornquist. Turismo, Pol\u00edtica, Sociedad, Deporte, Cultura y todo el contenido de inter\u00e9s general que la gente del pueblo y la regi\u00f3n debe conocer.\",\"breadcrumb\":{\"@id\":\"https:\/\/www.celttv.com.ar\/index.php\/2024\/08\/03\/tornquist-busca-generar-una-industria-ecologica-con-el-residuo-de-la-esquila\/#breadcrumb\"},\"inLanguage\":\"es\",\"potentialAction\":[{\"@type\":\"ReadAction\",\"target\":[\"https:\/\/www.celttv.com.ar\/index.php\/2024\/08\/03\/tornquist-busca-generar-una-industria-ecologica-con-el-residuo-de-la-esquila\/\"]}]},{\"@type\":\"BreadcrumbList\",\"@id\":\"https:\/\/www.celttv.com.ar\/index.php\/2024\/08\/03\/tornquist-busca-generar-una-industria-ecologica-con-el-residuo-de-la-esquila\/#breadcrumb\",\"itemListElement\":[{\"@type\":\"ListItem\",\"position\":1,\"name\":\"Inicio\",\"item\":\"https:\/\/www.celttv.com.ar\/\"},{\"@type\":\"ListItem\",\"position\":2,\"name\":\"Tornquist busca generar una industria ecol\u00f3gica con el residuo de la esquila\"}]},{\"@type\":\"WebSite\",\"@id\":\"https:\/\/www.celttv.com.ar\/#website\",\"url\":\"https:\/\/www.celttv.com.ar\/\",\"name\":\"CELTTV\",\"description\":\"Cooperativa El\u00e9ctrica de Tornquist\",\"publisher\":{\"@id\":\"https:\/\/www.celttv.com.ar\/#organization\"},\"potentialAction\":[{\"@type\":\"SearchAction\",\"target\":{\"@type\":\"EntryPoint\",\"urlTemplate\":\"https:\/\/www.celttv.com.ar\/?s={search_term_string}\"},\"query-input\":\"required name=search_term_string\"}],\"inLanguage\":\"es\"},{\"@type\":\"Organization\",\"@id\":\"https:\/\/www.celttv.com.ar\/#organization\",\"name\":\"CELTTV\",\"url\":\"https:\/\/www.celttv.com.ar\/\",\"sameAs\":[\"https:\/\/www.youtube.com\/channel\/UCz_oIt8Hig64Ub-EmcNPIhg\",\"https:\/\/www.facebook.com\/celtTV\/\"],\"logo\":{\"@type\":\"ImageObject\",\"inLanguage\":\"es\",\"@id\":\"https:\/\/www.celttv.com.ar\/#\/schema\/logo\/image\/\",\"url\":\"http:\/\/www.celttv.com.ar\/wp-content\/uploads\/2022\/08\/logo-1.png\",\"contentUrl\":\"http:\/\/www.celttv.com.ar\/wp-content\/uploads\/2022\/08\/logo-1.png\",\"width\":461,\"height\":159,\"caption\":\"CELTTV\"},\"image\":{\"@id\":\"https:\/\/www.celttv.com.ar\/#\/schema\/logo\/image\/\"}},{\"@type\":\"Person\",\"@id\":\"https:\/\/www.celttv.com.ar\/#\/schema\/person\/9059dc91dc7204ef4182cdb65225f07d\",\"name\":\"Miguel Herrada\",\"image\":{\"@type\":\"ImageObject\",\"inLanguage\":\"es\",\"@id\":\"https:\/\/www.celttv.com.ar\/#\/schema\/person\/image\/\",\"url\":\"https:\/\/secure.gravatar.com\/avatar\/67724d5b3c716623ffd76bec7e45841a442ac3b456e914dbba90b0fad2b8e0b1?s=96&d=mm&r=g\",\"contentUrl\":\"https:\/\/secure.gravatar.com\/avatar\/67724d5b3c716623ffd76bec7e45841a442ac3b456e914dbba90b0fad2b8e0b1?s=96&d=mm&r=g\",\"caption\":\"Miguel Herrada\"}}]}<\/script>\n<!-- \/ Yoast SEO plugin. -->","yoast_head_json":{"title":"Tornquist busca generar una industria ecol\u00f3gica con el residuo de la esquila - CELTTV","description":"Sitio web de noticias de la localidad de Tornquist, provincia de Buenos Aires, Rep\u00fablica Argentina. Contenido propio originado por periodistas de CELTTV, el canal de TV local de la Cooperativa El\u00e9ctrica de Tornquist. Turismo, Pol\u00edtica, Sociedad, Deporte, Cultura y todo el contenido de inter\u00e9s general que la gente del pueblo y la regi\u00f3n debe conocer.","robots":{"index":"index","follow":"follow","max-snippet":"max-snippet:-1","max-image-preview":"max-image-preview:large","max-video-preview":"max-video-preview:-1"},"canonical":"https:\/\/www.celttv.com.ar\/index.php\/2024\/08\/03\/tornquist-busca-generar-una-industria-ecologica-con-el-residuo-de-la-esquila\/","og_locale":"es_ES","og_type":"article","og_title":"Tornquist busca generar una industria ecol\u00f3gica con el residuo de la esquila - CELTTV","og_description":"Sitio web de noticias de la localidad de Tornquist, provincia de Buenos Aires, Rep\u00fablica Argentina. Contenido propio originado por periodistas de CELTTV, el canal de TV local de la Cooperativa El\u00e9ctrica de Tornquist. Turismo, Pol\u00edtica, Sociedad, Deporte, Cultura y todo el contenido de inter\u00e9s general que la gente del pueblo y la regi\u00f3n debe conocer.","og_url":"https:\/\/www.celttv.com.ar\/index.php\/2024\/08\/03\/tornquist-busca-generar-una-industria-ecologica-con-el-residuo-de-la-esquila\/","og_site_name":"CELTTV","article_publisher":"https:\/\/www.facebook.com\/celtTV\/","article_published_time":"2024-08-03T14:27:19+00:00","article_modified_time":"2024-08-03T14:33:23+00:00","og_image":[{"width":775,"height":482,"url":"https:\/\/www.celttv.com.ar\/wp-content\/uploads\/2024\/08\/LANA-4.jpg","type":"image\/jpeg"}],"author":"Miguel Herrada","twitter_card":"summary_large_image","twitter_misc":{"Escrito por":"Miguel Herrada","Tiempo de lectura":"6 minutos"},"schema":{"@context":"https:\/\/schema.org","@graph":[{"@type":"NewsArticle","@id":"https:\/\/www.celttv.com.ar\/index.php\/2024\/08\/03\/tornquist-busca-generar-una-industria-ecologica-con-el-residuo-de-la-esquila\/#article","isPartOf":{"@id":"https:\/\/www.celttv.com.ar\/index.php\/2024\/08\/03\/tornquist-busca-generar-una-industria-ecologica-con-el-residuo-de-la-esquila\/"},"author":{"name":"Miguel Herrada","@id":"https:\/\/www.celttv.com.ar\/#\/schema\/person\/9059dc91dc7204ef4182cdb65225f07d"},"headline":"Tornquist busca generar una industria ecol\u00f3gica con el residuo de la esquila","datePublished":"2024-08-03T14:27:19+00:00","dateModified":"2024-08-03T14:33:23+00:00","mainEntityOfPage":{"@id":"https:\/\/www.celttv.com.ar\/index.php\/2024\/08\/03\/tornquist-busca-generar-una-industria-ecologica-con-el-residuo-de-la-esquila\/"},"wordCount":1300,"publisher":{"@id":"https:\/\/www.celttv.com.ar\/#organization"},"articleSection":["Producci\u00f3n y Medio Ambiente"],"inLanguage":"es"},{"@type":"WebPage","@id":"https:\/\/www.celttv.com.ar\/index.php\/2024\/08\/03\/tornquist-busca-generar-una-industria-ecologica-con-el-residuo-de-la-esquila\/","url":"https:\/\/www.celttv.com.ar\/index.php\/2024\/08\/03\/tornquist-busca-generar-una-industria-ecologica-con-el-residuo-de-la-esquila\/","name":"Tornquist busca generar una industria ecol\u00f3gica con el residuo de la esquila - CELTTV","isPartOf":{"@id":"https:\/\/www.celttv.com.ar\/#website"},"datePublished":"2024-08-03T14:27:19+00:00","dateModified":"2024-08-03T14:33:23+00:00","description":"Sitio web de noticias de la localidad de Tornquist, provincia de Buenos Aires, Rep\u00fablica Argentina. Contenido propio originado por periodistas de CELTTV, el canal de TV local de la Cooperativa El\u00e9ctrica de Tornquist. Turismo, Pol\u00edtica, Sociedad, Deporte, Cultura y todo el contenido de inter\u00e9s general que la gente del pueblo y la regi\u00f3n debe conocer.","breadcrumb":{"@id":"https:\/\/www.celttv.com.ar\/index.php\/2024\/08\/03\/tornquist-busca-generar-una-industria-ecologica-con-el-residuo-de-la-esquila\/#breadcrumb"},"inLanguage":"es","potentialAction":[{"@type":"ReadAction","target":["https:\/\/www.celttv.com.ar\/index.php\/2024\/08\/03\/tornquist-busca-generar-una-industria-ecologica-con-el-residuo-de-la-esquila\/"]}]},{"@type":"BreadcrumbList","@id":"https:\/\/www.celttv.com.ar\/index.php\/2024\/08\/03\/tornquist-busca-generar-una-industria-ecologica-con-el-residuo-de-la-esquila\/#breadcrumb","itemListElement":[{"@type":"ListItem","position":1,"name":"Inicio","item":"https:\/\/www.celttv.com.ar\/"},{"@type":"ListItem","position":2,"name":"Tornquist busca generar una industria ecol\u00f3gica con el residuo de la esquila"}]},{"@type":"WebSite","@id":"https:\/\/www.celttv.com.ar\/#website","url":"https:\/\/www.celttv.com.ar\/","name":"CELTTV","description":"Cooperativa El\u00e9ctrica de Tornquist","publisher":{"@id":"https:\/\/www.celttv.com.ar\/#organization"},"potentialAction":[{"@type":"SearchAction","target":{"@type":"EntryPoint","urlTemplate":"https:\/\/www.celttv.com.ar\/?s={search_term_string}"},"query-input":"required name=search_term_string"}],"inLanguage":"es"},{"@type":"Organization","@id":"https:\/\/www.celttv.com.ar\/#organization","name":"CELTTV","url":"https:\/\/www.celttv.com.ar\/","sameAs":["https:\/\/www.youtube.com\/channel\/UCz_oIt8Hig64Ub-EmcNPIhg","https:\/\/www.facebook.com\/celtTV\/"],"logo":{"@type":"ImageObject","inLanguage":"es","@id":"https:\/\/www.celttv.com.ar\/#\/schema\/logo\/image\/","url":"http:\/\/www.celttv.com.ar\/wp-content\/uploads\/2022\/08\/logo-1.png","contentUrl":"http:\/\/www.celttv.com.ar\/wp-content\/uploads\/2022\/08\/logo-1.png","width":461,"height":159,"caption":"CELTTV"},"image":{"@id":"https:\/\/www.celttv.com.ar\/#\/schema\/logo\/image\/"}},{"@type":"Person","@id":"https:\/\/www.celttv.com.ar\/#\/schema\/person\/9059dc91dc7204ef4182cdb65225f07d","name":"Miguel Herrada","image":{"@type":"ImageObject","inLanguage":"es","@id":"https:\/\/www.celttv.com.ar\/#\/schema\/person\/image\/","url":"https:\/\/secure.gravatar.com\/avatar\/67724d5b3c716623ffd76bec7e45841a442ac3b456e914dbba90b0fad2b8e0b1?s=96&d=mm&r=g","contentUrl":"https:\/\/secure.gravatar.com\/avatar\/67724d5b3c716623ffd76bec7e45841a442ac3b456e914dbba90b0fad2b8e0b1?s=96&d=mm&r=g","caption":"Miguel Herrada"}}]}},"_links":{"self":[{"href":"https:\/\/www.celttv.com.ar\/index.php\/wp-json\/wp\/v2\/posts\/85380","targetHints":{"allow":["GET"]}}],"collection":[{"href":"https:\/\/www.celttv.com.ar\/index.php\/wp-json\/wp\/v2\/posts"}],"about":[{"href":"https:\/\/www.celttv.com.ar\/index.php\/wp-json\/wp\/v2\/types\/post"}],"author":[{"embeddable":true,"href":"https:\/\/www.celttv.com.ar\/index.php\/wp-json\/wp\/v2\/users\/5"}],"replies":[{"embeddable":true,"href":"https:\/\/www.celttv.com.ar\/index.php\/wp-json\/wp\/v2\/comments?post=85380"}],"version-history":[{"count":3,"href":"https:\/\/www.celttv.com.ar\/index.php\/wp-json\/wp\/v2\/posts\/85380\/revisions"}],"predecessor-version":[{"id":85386,"href":"https:\/\/www.celttv.com.ar\/index.php\/wp-json\/wp\/v2\/posts\/85380\/revisions\/85386"}],"wp:featuredmedia":[{"embeddable":true,"href":"https:\/\/www.celttv.com.ar\/index.php\/wp-json\/wp\/v2\/media\/85381"}],"wp:attachment":[{"href":"https:\/\/www.celttv.com.ar\/index.php\/wp-json\/wp\/v2\/media?parent=85380"}],"wp:term":[{"taxonomy":"category","embeddable":true,"href":"https:\/\/www.celttv.com.ar\/index.php\/wp-json\/wp\/v2\/categories?post=85380"},{"taxonomy":"post_tag","embeddable":true,"href":"https:\/\/www.celttv.com.ar\/index.php\/wp-json\/wp\/v2\/tags?post=85380"}],"curies":[{"name":"wp","href":"https:\/\/api.w.org\/{rel}","templated":true}]}}