{"id":85409,"date":"2024-08-05T22:52:44","date_gmt":"2024-08-06T01:52:44","guid":{"rendered":"https:\/\/www.celttv.com.ar\/?p=85409"},"modified":"2024-08-05T22:52:44","modified_gmt":"2024-08-06T01:52:44","slug":"sergio-massa-retomara-la-actividad-politica-este-sabado-en-sierra-de-la-ventana","status":"publish","type":"post","link":"https:\/\/www.celttv.com.ar\/index.php\/2024\/08\/05\/sergio-massa-retomara-la-actividad-politica-este-sabado-en-sierra-de-la-ventana\/","title":{"rendered":"Sergio Massa retomar\u00e1 la actividad pol\u00edtica este s\u00e1bado en Sierra de la Ventana"},"content":{"rendered":"<p>A 270 d\u00edas del balotaje que lo dej\u00f3 en las puertas de alcanzar la Presidencia de la Naci\u00f3n, Sergio Massa retomar\u00e1 la actividad pol\u00edtica -presencial, al menos- este s\u00e1bado, en Sierra de la Ventana, durante la reuni\u00f3n de la mesa provincial del Frente Renovador.<\/p>\n<p>Massa viene amagando con presentarse en p\u00fablico desde hace varios meses. De hecho su mesa chica bosqueja una estrategia apropiada para la presentaci\u00f3n de un libro en el que plantear\u00e1 su visi\u00f3n de pa\u00eds y su experiencia desde el ministerio de Econom\u00eda, y que saldr\u00e1 a la calle el 1 de septiembre.<\/p>\n<p>Acaso como una estaci\u00f3n intermedia, Massa romper\u00e1 el silencio ante los propios. Se espera que hable del delicado momento que atraviesa el peronismo, que sostiene una unidad plagada de desconfianzas y no consolida un liderazgo que pueda oponerse al de Javier Milei. Una fuente le dijo a este portal que el mensaje vendr\u00e1 en clave de &#8220;autocr\u00edtica&#8221;.<\/p>\n<p>Massa y los suyos, cabe recordar, se mostraron prescindentes en los \u00faltimos actos del Frente de Todos, por caso el acto que se llev\u00f3 a cabo en San Vicente para recordar el 50\u00ba aniversario del general Juan Per\u00f3n.<\/p>\n<p>Javier Milei y el &#8220;sacrificio in\u00fatil&#8221;<\/p>\n<p>Las cr\u00edticas no apuntar\u00e1n \u00fanicamente a la trinchera propia. Sergio Massa se guarda municiones para el presidente Javier Milei y su manejo de la econom\u00eda.<\/p>\n<p>En ese sentido, trascendi\u00f3 que plantear\u00e1 la idea del &#8220;sacrificio in\u00fatil&#8221; al que, asegura, el Gobierno somete al pueblo argentino, y de un porvenir venturoso para el peronismo de la mano del crecimiento econ\u00f3mico.<\/p>\n<p>La intervenci\u00f3n del ex candidato presidencial se dar\u00e1 sobre el final del encuentro y contendr\u00e1 adem\u00e1s una mirada sobre pol\u00edtica exterior, un tema que acaba de retomar con la crisis en Venezuela.<\/p>\n<p>La renovaci\u00f3n del Frente Renovador<\/p>\n<p>No s\u00f3lo el l\u00edder Renovador tomar\u00e1 la palabra. De hecho, Massa viene promoviendo una suerte de trasvasamiento generacional en su partido, que renov\u00f3 autoridades recientemente abri\u00e9ndole paso a la juventud.<\/p>\n<p>El evento del s\u00e1bado retoma esa agenda, en la b\u00fasqueda de promover &#8220;figuras j\u00f3venes&#8221; de generar liderazgos &#8220;regionales&#8221; y estrategias para pelearle al ej\u00e9rcito libertario la hegemon\u00eda en el universo de las redes sociales.<\/p>\n<p>Distintos dirigentes bonaerenses del FR tomar\u00e1n la palabra y expondr\u00e1n sobre temas en los que se han especializado y a partir de los cuales intentan construir agenda.<\/p>\n<p>Los apuntados son el ex intendente de San Andr\u00e9s de Giles y actual diputado bonaerense, Carlos Puglielli, que disertar\u00e1 sobre el uso de las pistolas taser; la diputada Luciana Padulo propondr\u00e1 la eliminaci\u00f3n de la suspensi\u00f3n de la repitencia en las escuelas.<\/p>\n<p>Luis Andreotti, ex intendente de San Fernando, hablar\u00e1 de las polic\u00edas municipales, mientras que el anfitri\u00f3n Sergio Bordoni, intendente de Tornquist, hablar\u00e1 de la descentralizaci\u00f3n y autonom\u00eda regional.<\/p>\n<p>Las diputadas nacionales Marcela Passo y M\u00f3nica Litza llevar\u00e1n por su parte una propuesta de financiamiento a municipios. y una idea de gobierno para el \u00e1rea metropolitana, respectivamente.<\/p>\n<p>Micaela Moran propondr\u00e1 un sistema de identificacion facial contra la base del Renaper para limitar el juego on line y presencial; mientras que Eduardo Setti, Lisandro Cleri y Agust\u00edn Gerez van a hablar de la macroeconom\u00eda y Jos\u00e9 de Mendiguren y Natalia Del Cogliano de la micro.<\/p>\n<p>Fuente: Infocielo.<\/p>\n<p>&nbsp;<\/p>\n","protected":false},"excerpt":{"rendered":"<p>A 270 d\u00edas del balotaje que lo dej\u00f3 en las puertas de alcanzar la Presidencia de la Naci\u00f3n, Sergio Massa retomar\u00e1 la actividad pol\u00edtica -presencial, al menos- este s\u00e1bado, en Sierra de la Ventana, durante la reuni\u00f3n de la mesa provincial del Frente Renovador. Massa viene amagando con presentarse en p\u00fablico desde hace varios meses. [&hellip;]<\/p>\n","protected":false},"author":5,"featured_media":85410,"comment_status":"closed","ping_status":"closed","sticky":false,"template":"","format":"standard","meta":{"footnotes":""},"categories":[53],"tags":[],"class_list":["post-85409","post","type-post","status-publish","format-standard","has-post-thumbnail","hentry","category-politica"],"yoast_head":"<!-- This site is optimized with the Yoast SEO plugin v19.7.1 - https:\/\/yoast.com\/wordpress\/plugins\/seo\/ -->\n<title>Sergio Massa retomar\u00e1 la actividad pol\u00edtica este s\u00e1bado en Sierra de la Ventana - CELTTV<\/title>\n<meta name=\"description\" content=\"Sitio web de noticias de la localidad de Tornquist, provincia de Buenos Aires, Rep\u00fablica Argentina. Contenido propio originado por periodistas de CELTTV, el canal de TV local de la Cooperativa El\u00e9ctrica de Tornquist. Turismo, Pol\u00edtica, Sociedad, Deporte, Cultura y todo el contenido de inter\u00e9s general que la gente del pueblo y la regi\u00f3n debe conocer.\" \/>\n<meta name=\"robots\" content=\"index, follow, max-snippet:-1, max-image-preview:large, max-video-preview:-1\" \/>\n<link rel=\"canonical\" href=\"https:\/\/www.celttv.com.ar\/index.php\/2024\/08\/05\/sergio-massa-retomara-la-actividad-politica-este-sabado-en-sierra-de-la-ventana\/\" \/>\n<meta property=\"og:locale\" content=\"es_ES\" \/>\n<meta property=\"og:type\" content=\"article\" \/>\n<meta property=\"og:title\" content=\"Sergio Massa retomar\u00e1 la actividad pol\u00edtica este s\u00e1bado en Sierra de la Ventana - CELTTV\" \/>\n<meta property=\"og:description\" content=\"Sitio web de noticias de la localidad de Tornquist, provincia de Buenos Aires, Rep\u00fablica Argentina. Contenido propio originado por periodistas de CELTTV, el canal de TV local de la Cooperativa El\u00e9ctrica de Tornquist. Turismo, Pol\u00edtica, Sociedad, Deporte, Cultura y todo el contenido de inter\u00e9s general que la gente del pueblo y la regi\u00f3n debe conocer.\" \/>\n<meta property=\"og:url\" content=\"https:\/\/www.celttv.com.ar\/index.php\/2024\/08\/05\/sergio-massa-retomara-la-actividad-politica-este-sabado-en-sierra-de-la-ventana\/\" \/>\n<meta property=\"og:site_name\" content=\"CELTTV\" \/>\n<meta property=\"article:publisher\" content=\"https:\/\/www.facebook.com\/celtTV\/\" \/>\n<meta property=\"article:published_time\" content=\"2024-08-06T01:52:44+00:00\" \/>\n<meta property=\"og:image\" content=\"https:\/\/www.celttv.com.ar\/wp-content\/uploads\/2024\/08\/Sergio-Massa.jpg\" \/>\n\t<meta property=\"og:image:width\" content=\"940\" \/>\n\t<meta property=\"og:image:height\" content=\"529\" \/>\n\t<meta property=\"og:image:type\" content=\"image\/jpeg\" \/>\n<meta name=\"author\" content=\"Miguel Herrada\" \/>\n<meta name=\"twitter:card\" content=\"summary_large_image\" \/>\n<meta name=\"twitter:label1\" content=\"Escrito por\" \/>\n\t<meta name=\"twitter:data1\" content=\"Miguel Herrada\" \/>\n\t<meta name=\"twitter:label2\" content=\"Tiempo de lectura\" \/>\n\t<meta name=\"twitter:data2\" content=\"3 minutos\" \/>\n<script type=\"application\/ld+json\" class=\"yoast-schema-graph\">{\"@context\":\"https:\/\/schema.org\",\"@graph\":[{\"@type\":\"NewsArticle\",\"@id\":\"https:\/\/www.celttv.com.ar\/index.php\/2024\/08\/05\/sergio-massa-retomara-la-actividad-politica-este-sabado-en-sierra-de-la-ventana\/#article\",\"isPartOf\":{\"@id\":\"https:\/\/www.celttv.com.ar\/index.php\/2024\/08\/05\/sergio-massa-retomara-la-actividad-politica-este-sabado-en-sierra-de-la-ventana\/\"},\"author\":{\"name\":\"Miguel Herrada\",\"@id\":\"https:\/\/www.celttv.com.ar\/#\/schema\/person\/9059dc91dc7204ef4182cdb65225f07d\"},\"headline\":\"Sergio Massa retomar\u00e1 la actividad pol\u00edtica este s\u00e1bado en Sierra de la Ventana\",\"datePublished\":\"2024-08-06T01:52:44+00:00\",\"dateModified\":\"2024-08-06T01:52:44+00:00\",\"mainEntityOfPage\":{\"@id\":\"https:\/\/www.celttv.com.ar\/index.php\/2024\/08\/05\/sergio-massa-retomara-la-actividad-politica-este-sabado-en-sierra-de-la-ventana\/\"},\"wordCount\":588,\"publisher\":{\"@id\":\"https:\/\/www.celttv.com.ar\/#organization\"},\"articleSection\":[\"Pol\u00edtica\"],\"inLanguage\":\"es\"},{\"@type\":\"WebPage\",\"@id\":\"https:\/\/www.celttv.com.ar\/index.php\/2024\/08\/05\/sergio-massa-retomara-la-actividad-politica-este-sabado-en-sierra-de-la-ventana\/\",\"url\":\"https:\/\/www.celttv.com.ar\/index.php\/2024\/08\/05\/sergio-massa-retomara-la-actividad-politica-este-sabado-en-sierra-de-la-ventana\/\",\"name\":\"Sergio Massa retomar\u00e1 la actividad pol\u00edtica este s\u00e1bado en Sierra de la Ventana - CELTTV\",\"isPartOf\":{\"@id\":\"https:\/\/www.celttv.com.ar\/#website\"},\"datePublished\":\"2024-08-06T01:52:44+00:00\",\"dateModified\":\"2024-08-06T01:52:44+00:00\",\"description\":\"Sitio web de noticias de la localidad de Tornquist, provincia de Buenos Aires, Rep\u00fablica Argentina. Contenido propio originado por periodistas de CELTTV, el canal de TV local de la Cooperativa El\u00e9ctrica de Tornquist. Turismo, Pol\u00edtica, Sociedad, Deporte, Cultura y todo el contenido de inter\u00e9s general que la gente del pueblo y la regi\u00f3n debe conocer.\",\"breadcrumb\":{\"@id\":\"https:\/\/www.celttv.com.ar\/index.php\/2024\/08\/05\/sergio-massa-retomara-la-actividad-politica-este-sabado-en-sierra-de-la-ventana\/#breadcrumb\"},\"inLanguage\":\"es\",\"potentialAction\":[{\"@type\":\"ReadAction\",\"target\":[\"https:\/\/www.celttv.com.ar\/index.php\/2024\/08\/05\/sergio-massa-retomara-la-actividad-politica-este-sabado-en-sierra-de-la-ventana\/\"]}]},{\"@type\":\"BreadcrumbList\",\"@id\":\"https:\/\/www.celttv.com.ar\/index.php\/2024\/08\/05\/sergio-massa-retomara-la-actividad-politica-este-sabado-en-sierra-de-la-ventana\/#breadcrumb\",\"itemListElement\":[{\"@type\":\"ListItem\",\"position\":1,\"name\":\"Inicio\",\"item\":\"https:\/\/www.celttv.com.ar\/\"},{\"@type\":\"ListItem\",\"position\":2,\"name\":\"Sergio Massa retomar\u00e1 la actividad pol\u00edtica este s\u00e1bado en Sierra de la Ventana\"}]},{\"@type\":\"WebSite\",\"@id\":\"https:\/\/www.celttv.com.ar\/#website\",\"url\":\"https:\/\/www.celttv.com.ar\/\",\"name\":\"CELTTV\",\"description\":\"Cooperativa El\u00e9ctrica de Tornquist\",\"publisher\":{\"@id\":\"https:\/\/www.celttv.com.ar\/#organization\"},\"potentialAction\":[{\"@type\":\"SearchAction\",\"target\":{\"@type\":\"EntryPoint\",\"urlTemplate\":\"https:\/\/www.celttv.com.ar\/?s={search_term_string}\"},\"query-input\":\"required name=search_term_string\"}],\"inLanguage\":\"es\"},{\"@type\":\"Organization\",\"@id\":\"https:\/\/www.celttv.com.ar\/#organization\",\"name\":\"CELTTV\",\"url\":\"https:\/\/www.celttv.com.ar\/\",\"sameAs\":[\"https:\/\/www.youtube.com\/channel\/UCz_oIt8Hig64Ub-EmcNPIhg\",\"https:\/\/www.facebook.com\/celtTV\/\"],\"logo\":{\"@type\":\"ImageObject\",\"inLanguage\":\"es\",\"@id\":\"https:\/\/www.celttv.com.ar\/#\/schema\/logo\/image\/\",\"url\":\"http:\/\/www.celttv.com.ar\/wp-content\/uploads\/2022\/08\/logo-1.png\",\"contentUrl\":\"http:\/\/www.celttv.com.ar\/wp-content\/uploads\/2022\/08\/logo-1.png\",\"width\":461,\"height\":159,\"caption\":\"CELTTV\"},\"image\":{\"@id\":\"https:\/\/www.celttv.com.ar\/#\/schema\/logo\/image\/\"}},{\"@type\":\"Person\",\"@id\":\"https:\/\/www.celttv.com.ar\/#\/schema\/person\/9059dc91dc7204ef4182cdb65225f07d\",\"name\":\"Miguel Herrada\",\"image\":{\"@type\":\"ImageObject\",\"inLanguage\":\"es\",\"@id\":\"https:\/\/www.celttv.com.ar\/#\/schema\/person\/image\/\",\"url\":\"https:\/\/secure.gravatar.com\/avatar\/67724d5b3c716623ffd76bec7e45841a442ac3b456e914dbba90b0fad2b8e0b1?s=96&d=mm&r=g\",\"contentUrl\":\"https:\/\/secure.gravatar.com\/avatar\/67724d5b3c716623ffd76bec7e45841a442ac3b456e914dbba90b0fad2b8e0b1?s=96&d=mm&r=g\",\"caption\":\"Miguel Herrada\"}}]}<\/script>\n<!-- \/ Yoast SEO plugin. -->","yoast_head_json":{"title":"Sergio Massa retomar\u00e1 la actividad pol\u00edtica este s\u00e1bado en Sierra de la Ventana - CELTTV","description":"Sitio web de noticias de la localidad de Tornquist, provincia de Buenos Aires, Rep\u00fablica Argentina. Contenido propio originado por periodistas de CELTTV, el canal de TV local de la Cooperativa El\u00e9ctrica de Tornquist. Turismo, Pol\u00edtica, Sociedad, Deporte, Cultura y todo el contenido de inter\u00e9s general que la gente del pueblo y la regi\u00f3n debe conocer.","robots":{"index":"index","follow":"follow","max-snippet":"max-snippet:-1","max-image-preview":"max-image-preview:large","max-video-preview":"max-video-preview:-1"},"canonical":"https:\/\/www.celttv.com.ar\/index.php\/2024\/08\/05\/sergio-massa-retomara-la-actividad-politica-este-sabado-en-sierra-de-la-ventana\/","og_locale":"es_ES","og_type":"article","og_title":"Sergio Massa retomar\u00e1 la actividad pol\u00edtica este s\u00e1bado en Sierra de la Ventana - CELTTV","og_description":"Sitio web de noticias de la localidad de Tornquist, provincia de Buenos Aires, Rep\u00fablica Argentina. Contenido propio originado por periodistas de CELTTV, el canal de TV local de la Cooperativa El\u00e9ctrica de Tornquist. Turismo, Pol\u00edtica, Sociedad, Deporte, Cultura y todo el contenido de inter\u00e9s general que la gente del pueblo y la regi\u00f3n debe conocer.","og_url":"https:\/\/www.celttv.com.ar\/index.php\/2024\/08\/05\/sergio-massa-retomara-la-actividad-politica-este-sabado-en-sierra-de-la-ventana\/","og_site_name":"CELTTV","article_publisher":"https:\/\/www.facebook.com\/celtTV\/","article_published_time":"2024-08-06T01:52:44+00:00","og_image":[{"width":940,"height":529,"url":"https:\/\/www.celttv.com.ar\/wp-content\/uploads\/2024\/08\/Sergio-Massa.jpg","type":"image\/jpeg"}],"author":"Miguel Herrada","twitter_card":"summary_large_image","twitter_misc":{"Escrito por":"Miguel Herrada","Tiempo de lectura":"3 minutos"},"schema":{"@context":"https:\/\/schema.org","@graph":[{"@type":"NewsArticle","@id":"https:\/\/www.celttv.com.ar\/index.php\/2024\/08\/05\/sergio-massa-retomara-la-actividad-politica-este-sabado-en-sierra-de-la-ventana\/#article","isPartOf":{"@id":"https:\/\/www.celttv.com.ar\/index.php\/2024\/08\/05\/sergio-massa-retomara-la-actividad-politica-este-sabado-en-sierra-de-la-ventana\/"},"author":{"name":"Miguel Herrada","@id":"https:\/\/www.celttv.com.ar\/#\/schema\/person\/9059dc91dc7204ef4182cdb65225f07d"},"headline":"Sergio Massa retomar\u00e1 la actividad pol\u00edtica este s\u00e1bado en Sierra de la Ventana","datePublished":"2024-08-06T01:52:44+00:00","dateModified":"2024-08-06T01:52:44+00:00","mainEntityOfPage":{"@id":"https:\/\/www.celttv.com.ar\/index.php\/2024\/08\/05\/sergio-massa-retomara-la-actividad-politica-este-sabado-en-sierra-de-la-ventana\/"},"wordCount":588,"publisher":{"@id":"https:\/\/www.celttv.com.ar\/#organization"},"articleSection":["Pol\u00edtica"],"inLanguage":"es"},{"@type":"WebPage","@id":"https:\/\/www.celttv.com.ar\/index.php\/2024\/08\/05\/sergio-massa-retomara-la-actividad-politica-este-sabado-en-sierra-de-la-ventana\/","url":"https:\/\/www.celttv.com.ar\/index.php\/2024\/08\/05\/sergio-massa-retomara-la-actividad-politica-este-sabado-en-sierra-de-la-ventana\/","name":"Sergio Massa retomar\u00e1 la actividad pol\u00edtica este s\u00e1bado en Sierra de la Ventana - CELTTV","isPartOf":{"@id":"https:\/\/www.celttv.com.ar\/#website"},"datePublished":"2024-08-06T01:52:44+00:00","dateModified":"2024-08-06T01:52:44+00:00","description":"Sitio web de noticias de la localidad de Tornquist, provincia de Buenos Aires, Rep\u00fablica Argentina. Contenido propio originado por periodistas de CELTTV, el canal de TV local de la Cooperativa El\u00e9ctrica de Tornquist. Turismo, Pol\u00edtica, Sociedad, Deporte, Cultura y todo el contenido de inter\u00e9s general que la gente del pueblo y la regi\u00f3n debe conocer.","breadcrumb":{"@id":"https:\/\/www.celttv.com.ar\/index.php\/2024\/08\/05\/sergio-massa-retomara-la-actividad-politica-este-sabado-en-sierra-de-la-ventana\/#breadcrumb"},"inLanguage":"es","potentialAction":[{"@type":"ReadAction","target":["https:\/\/www.celttv.com.ar\/index.php\/2024\/08\/05\/sergio-massa-retomara-la-actividad-politica-este-sabado-en-sierra-de-la-ventana\/"]}]},{"@type":"BreadcrumbList","@id":"https:\/\/www.celttv.com.ar\/index.php\/2024\/08\/05\/sergio-massa-retomara-la-actividad-politica-este-sabado-en-sierra-de-la-ventana\/#breadcrumb","itemListElement":[{"@type":"ListItem","position":1,"name":"Inicio","item":"https:\/\/www.celttv.com.ar\/"},{"@type":"ListItem","position":2,"name":"Sergio Massa retomar\u00e1 la actividad pol\u00edtica este s\u00e1bado en Sierra de la Ventana"}]},{"@type":"WebSite","@id":"https:\/\/www.celttv.com.ar\/#website","url":"https:\/\/www.celttv.com.ar\/","name":"CELTTV","description":"Cooperativa El\u00e9ctrica de Tornquist","publisher":{"@id":"https:\/\/www.celttv.com.ar\/#organization"},"potentialAction":[{"@type":"SearchAction","target":{"@type":"EntryPoint","urlTemplate":"https:\/\/www.celttv.com.ar\/?s={search_term_string}"},"query-input":"required name=search_term_string"}],"inLanguage":"es"},{"@type":"Organization","@id":"https:\/\/www.celttv.com.ar\/#organization","name":"CELTTV","url":"https:\/\/www.celttv.com.ar\/","sameAs":["https:\/\/www.youtube.com\/channel\/UCz_oIt8Hig64Ub-EmcNPIhg","https:\/\/www.facebook.com\/celtTV\/"],"logo":{"@type":"ImageObject","inLanguage":"es","@id":"https:\/\/www.celttv.com.ar\/#\/schema\/logo\/image\/","url":"http:\/\/www.celttv.com.ar\/wp-content\/uploads\/2022\/08\/logo-1.png","contentUrl":"http:\/\/www.celttv.com.ar\/wp-content\/uploads\/2022\/08\/logo-1.png","width":461,"height":159,"caption":"CELTTV"},"image":{"@id":"https:\/\/www.celttv.com.ar\/#\/schema\/logo\/image\/"}},{"@type":"Person","@id":"https:\/\/www.celttv.com.ar\/#\/schema\/person\/9059dc91dc7204ef4182cdb65225f07d","name":"Miguel Herrada","image":{"@type":"ImageObject","inLanguage":"es","@id":"https:\/\/www.celttv.com.ar\/#\/schema\/person\/image\/","url":"https:\/\/secure.gravatar.com\/avatar\/67724d5b3c716623ffd76bec7e45841a442ac3b456e914dbba90b0fad2b8e0b1?s=96&d=mm&r=g","contentUrl":"https:\/\/secure.gravatar.com\/avatar\/67724d5b3c716623ffd76bec7e45841a442ac3b456e914dbba90b0fad2b8e0b1?s=96&d=mm&r=g","caption":"Miguel Herrada"}}]}},"_links":{"self":[{"href":"https:\/\/www.celttv.com.ar\/index.php\/wp-json\/wp\/v2\/posts\/85409","targetHints":{"allow":["GET"]}}],"collection":[{"href":"https:\/\/www.celttv.com.ar\/index.php\/wp-json\/wp\/v2\/posts"}],"about":[{"href":"https:\/\/www.celttv.com.ar\/index.php\/wp-json\/wp\/v2\/types\/post"}],"author":[{"embeddable":true,"href":"https:\/\/www.celttv.com.ar\/index.php\/wp-json\/wp\/v2\/users\/5"}],"replies":[{"embeddable":true,"href":"https:\/\/www.celttv.com.ar\/index.php\/wp-json\/wp\/v2\/comments?post=85409"}],"version-history":[{"count":1,"href":"https:\/\/www.celttv.com.ar\/index.php\/wp-json\/wp\/v2\/posts\/85409\/revisions"}],"predecessor-version":[{"id":85411,"href":"https:\/\/www.celttv.com.ar\/index.php\/wp-json\/wp\/v2\/posts\/85409\/revisions\/85411"}],"wp:featuredmedia":[{"embeddable":true,"href":"https:\/\/www.celttv.com.ar\/index.php\/wp-json\/wp\/v2\/media\/85410"}],"wp:attachment":[{"href":"https:\/\/www.celttv.com.ar\/index.php\/wp-json\/wp\/v2\/media?parent=85409"}],"wp:term":[{"taxonomy":"category","embeddable":true,"href":"https:\/\/www.celttv.com.ar\/index.php\/wp-json\/wp\/v2\/categories?post=85409"},{"taxonomy":"post_tag","embeddable":true,"href":"https:\/\/www.celttv.com.ar\/index.php\/wp-json\/wp\/v2\/tags?post=85409"}],"curies":[{"name":"wp","href":"https:\/\/api.w.org\/{rel}","templated":true}]}}