{"id":85412,"date":"2024-08-05T23:07:22","date_gmt":"2024-08-06T02:07:22","guid":{"rendered":"https:\/\/www.celttv.com.ar\/?p=85412"},"modified":"2024-08-05T23:07:22","modified_gmt":"2024-08-06T02:07:22","slug":"el-servicio-meteorologico-emitio-un-alerta-amarillo-por-viento-y-lluvias-para-toda-la-region","status":"publish","type":"post","link":"https:\/\/www.celttv.com.ar\/index.php\/2024\/08\/05\/el-servicio-meteorologico-emitio-un-alerta-amarillo-por-viento-y-lluvias-para-toda-la-region\/","title":{"rendered":"El Servicio Meteorol\u00f3gico emiti\u00f3 un alerta amarillo por viento y lluvias para toda la regi\u00f3n"},"content":{"rendered":"<p>El Servicio Meteorol\u00f3gico Nacional (SMN) emiti\u00f3 esta noche un alerta amarilla por viento y lluvia en\u00a0Bah\u00eda Blanca y parte del sudoeste bonaerense durante buena parte de este mi\u00e9rcoles 7 de agosto.<\/p>\n<p>De acuerdo con el reporte del organismo, el \u00e1rea afectada por ambos fen\u00f3menos abarcar\u00e1 la zona denominada como &#8220;Costa de Bah\u00eda Blanca &#8211; Costa de Coronel Dorrego &#8211; Costa de Coronel de Marina Leonardo Rosales &#8211; Costa de Villarino &#8211; Monte Hermoso&#8221;.<\/p>\n<p>En tanto, la advertencia \u00fanicamente por vientos\u00a0afectar\u00e1 el sector comprendido por &#8220;Norte de Bah\u00eda Blanca &#8211; Oeste de Patagones &#8211; Oeste de Villarino &#8211; Puan &#8211; Zona baja de Coronel Pringles &#8211; Zona baja de Coronel Su\u00e1rez &#8211; Zona baja de Saavedra &#8211; Zona baja de Tornquist&#8221;.<\/p>\n<p>&#8220;El \u00e1rea ser\u00e1 afectada por vientos del sector sur con velocidades entre 35 y 50 km\/h y r\u00e1fagas que pueden alcanzar los 70 km\/h, pudiendo ser superados en forma puntual&#8221;, indica el SMN.<\/p>\n<p>&#8220;Se espera que ocurra desde la ma\u00f1ana del mi\u00e9rcoles en zonas costgeras y desde la tarde en el resto del \u00e1rea&#8221;, agrega el reporte.<\/p>\n<p>Respecto de las lluvias pronosticadas, alerta que &#8220;ser\u00e1n persistentes de intensidad moderada, con algunas per\u00edodos fuertes durante la ma\u00f1ana y tarde del mi\u00e9rcoles&#8221;.<\/p>\n<p>&#8220;Se estiman valores de precipitaci\u00f3n acumulado entre 15 y 30 mm, pudiendo ser superadas en forma puntual&#8221;, completa.<\/p>\n<p>Entre las recomendaciones habituales, el SMN sugiere evitar\u00a0actividades al aire libre, no sacar la basura, asegurar los elementos que puedan volarse y quedarse lejos de zonas costeras y ribere\u00f1as.<\/p>\n<p><img loading=\"lazy\" decoding=\"async\" class=\"alignnone wp-image-85413 size-full\" src=\"https:\/\/www.celttv.com.ar\/wp-content\/uploads\/2024\/08\/alerta-1.jpeg\" alt=\"\" width=\"807\" height=\"947\" srcset=\"https:\/\/www.celttv.com.ar\/wp-content\/uploads\/2024\/08\/alerta-1.jpeg 807w, https:\/\/www.celttv.com.ar\/wp-content\/uploads\/2024\/08\/alerta-1-256x300.jpeg 256w, https:\/\/www.celttv.com.ar\/wp-content\/uploads\/2024\/08\/alerta-1-768x901.jpeg 768w, https:\/\/www.celttv.com.ar\/wp-content\/uploads\/2024\/08\/alerta-1-750x880.jpeg 750w\" sizes=\"auto, (max-width: 807px) 100vw, 807px\" \/> <img loading=\"lazy\" decoding=\"async\" class=\"alignnone wp-image-85414 size-full\" src=\"https:\/\/www.celttv.com.ar\/wp-content\/uploads\/2024\/08\/alerta-2.jpeg\" alt=\"\" width=\"807\" height=\"945\" srcset=\"https:\/\/www.celttv.com.ar\/wp-content\/uploads\/2024\/08\/alerta-2.jpeg 807w, https:\/\/www.celttv.com.ar\/wp-content\/uploads\/2024\/08\/alerta-2-256x300.jpeg 256w, https:\/\/www.celttv.com.ar\/wp-content\/uploads\/2024\/08\/alerta-2-768x899.jpeg 768w, https:\/\/www.celttv.com.ar\/wp-content\/uploads\/2024\/08\/alerta-2-750x878.jpeg 750w\" sizes=\"auto, (max-width: 807px) 100vw, 807px\" \/><\/p>\n","protected":false},"excerpt":{"rendered":"<p>El Servicio Meteorol\u00f3gico Nacional (SMN) emiti\u00f3 esta noche un alerta amarilla por viento y lluvia en\u00a0Bah\u00eda Blanca y parte del sudoeste bonaerense durante buena parte de este mi\u00e9rcoles 7 de agosto. De acuerdo con el reporte del organismo, el \u00e1rea afectada por ambos fen\u00f3menos abarcar\u00e1 la zona denominada como &#8220;Costa de Bah\u00eda Blanca &#8211; Costa [&hellip;]<\/p>\n","protected":false},"author":5,"featured_media":85413,"comment_status":"closed","ping_status":"closed","sticky":false,"template":"","format":"standard","meta":{"footnotes":""},"categories":[51],"tags":[],"class_list":["post-85412","post","type-post","status-publish","format-standard","has-post-thumbnail","hentry","category-comunidad"],"yoast_head":"<!-- This site is optimized with the Yoast SEO plugin v19.7.1 - https:\/\/yoast.com\/wordpress\/plugins\/seo\/ -->\n<title>El Servicio Meteorol\u00f3gico emiti\u00f3 un alerta amarillo por viento y lluvias para toda la regi\u00f3n - CELTTV<\/title>\n<meta name=\"description\" content=\"Sitio web de noticias de la localidad de Tornquist, provincia de Buenos Aires, Rep\u00fablica Argentina. Contenido propio originado por periodistas de CELTTV, el canal de TV local de la Cooperativa El\u00e9ctrica de Tornquist. Turismo, Pol\u00edtica, Sociedad, Deporte, Cultura y todo el contenido de inter\u00e9s general que la gente del pueblo y la regi\u00f3n debe conocer.\" \/>\n<meta name=\"robots\" content=\"index, follow, max-snippet:-1, max-image-preview:large, max-video-preview:-1\" \/>\n<link rel=\"canonical\" href=\"https:\/\/www.celttv.com.ar\/index.php\/2024\/08\/05\/el-servicio-meteorologico-emitio-un-alerta-amarillo-por-viento-y-lluvias-para-toda-la-region\/\" \/>\n<meta property=\"og:locale\" content=\"es_ES\" \/>\n<meta property=\"og:type\" content=\"article\" \/>\n<meta property=\"og:title\" content=\"El Servicio Meteorol\u00f3gico emiti\u00f3 un alerta amarillo por viento y lluvias para toda la regi\u00f3n - CELTTV\" \/>\n<meta property=\"og:description\" content=\"Sitio web de noticias de la localidad de Tornquist, provincia de Buenos Aires, Rep\u00fablica Argentina. Contenido propio originado por periodistas de CELTTV, el canal de TV local de la Cooperativa El\u00e9ctrica de Tornquist. Turismo, Pol\u00edtica, Sociedad, Deporte, Cultura y todo el contenido de inter\u00e9s general que la gente del pueblo y la regi\u00f3n debe conocer.\" \/>\n<meta property=\"og:url\" content=\"https:\/\/www.celttv.com.ar\/index.php\/2024\/08\/05\/el-servicio-meteorologico-emitio-un-alerta-amarillo-por-viento-y-lluvias-para-toda-la-region\/\" \/>\n<meta property=\"og:site_name\" content=\"CELTTV\" \/>\n<meta property=\"article:publisher\" content=\"https:\/\/www.facebook.com\/celtTV\/\" \/>\n<meta property=\"article:published_time\" content=\"2024-08-06T02:07:22+00:00\" \/>\n<meta property=\"og:image\" content=\"https:\/\/www.celttv.com.ar\/wp-content\/uploads\/2024\/08\/alerta-1.jpeg\" \/>\n\t<meta property=\"og:image:width\" content=\"807\" \/>\n\t<meta property=\"og:image:height\" content=\"947\" \/>\n\t<meta property=\"og:image:type\" content=\"image\/jpeg\" \/>\n<meta name=\"author\" content=\"Miguel Herrada\" \/>\n<meta name=\"twitter:card\" content=\"summary_large_image\" \/>\n<meta name=\"twitter:label1\" content=\"Escrito por\" \/>\n\t<meta name=\"twitter:data1\" content=\"Miguel Herrada\" \/>\n\t<meta name=\"twitter:label2\" content=\"Tiempo de lectura\" \/>\n\t<meta name=\"twitter:data2\" content=\"1 minuto\" \/>\n<script type=\"application\/ld+json\" class=\"yoast-schema-graph\">{\"@context\":\"https:\/\/schema.org\",\"@graph\":[{\"@type\":\"NewsArticle\",\"@id\":\"https:\/\/www.celttv.com.ar\/index.php\/2024\/08\/05\/el-servicio-meteorologico-emitio-un-alerta-amarillo-por-viento-y-lluvias-para-toda-la-region\/#article\",\"isPartOf\":{\"@id\":\"https:\/\/www.celttv.com.ar\/index.php\/2024\/08\/05\/el-servicio-meteorologico-emitio-un-alerta-amarillo-por-viento-y-lluvias-para-toda-la-region\/\"},\"author\":{\"name\":\"Miguel Herrada\",\"@id\":\"https:\/\/www.celttv.com.ar\/#\/schema\/person\/9059dc91dc7204ef4182cdb65225f07d\"},\"headline\":\"El Servicio Meteorol\u00f3gico emiti\u00f3 un alerta amarillo por viento y lluvias para toda la regi\u00f3n\",\"datePublished\":\"2024-08-06T02:07:22+00:00\",\"dateModified\":\"2024-08-06T02:07:22+00:00\",\"mainEntityOfPage\":{\"@id\":\"https:\/\/www.celttv.com.ar\/index.php\/2024\/08\/05\/el-servicio-meteorologico-emitio-un-alerta-amarillo-por-viento-y-lluvias-para-toda-la-region\/\"},\"wordCount\":279,\"publisher\":{\"@id\":\"https:\/\/www.celttv.com.ar\/#organization\"},\"articleSection\":[\"Comunidad\"],\"inLanguage\":\"es\"},{\"@type\":\"WebPage\",\"@id\":\"https:\/\/www.celttv.com.ar\/index.php\/2024\/08\/05\/el-servicio-meteorologico-emitio-un-alerta-amarillo-por-viento-y-lluvias-para-toda-la-region\/\",\"url\":\"https:\/\/www.celttv.com.ar\/index.php\/2024\/08\/05\/el-servicio-meteorologico-emitio-un-alerta-amarillo-por-viento-y-lluvias-para-toda-la-region\/\",\"name\":\"El Servicio Meteorol\u00f3gico emiti\u00f3 un alerta amarillo por viento y lluvias para toda la regi\u00f3n - CELTTV\",\"isPartOf\":{\"@id\":\"https:\/\/www.celttv.com.ar\/#website\"},\"datePublished\":\"2024-08-06T02:07:22+00:00\",\"dateModified\":\"2024-08-06T02:07:22+00:00\",\"description\":\"Sitio web de noticias de la localidad de Tornquist, provincia de Buenos Aires, Rep\u00fablica Argentina. Contenido propio originado por periodistas de CELTTV, el canal de TV local de la Cooperativa El\u00e9ctrica de Tornquist. Turismo, Pol\u00edtica, Sociedad, Deporte, Cultura y todo el contenido de inter\u00e9s general que la gente del pueblo y la regi\u00f3n debe conocer.\",\"breadcrumb\":{\"@id\":\"https:\/\/www.celttv.com.ar\/index.php\/2024\/08\/05\/el-servicio-meteorologico-emitio-un-alerta-amarillo-por-viento-y-lluvias-para-toda-la-region\/#breadcrumb\"},\"inLanguage\":\"es\",\"potentialAction\":[{\"@type\":\"ReadAction\",\"target\":[\"https:\/\/www.celttv.com.ar\/index.php\/2024\/08\/05\/el-servicio-meteorologico-emitio-un-alerta-amarillo-por-viento-y-lluvias-para-toda-la-region\/\"]}]},{\"@type\":\"BreadcrumbList\",\"@id\":\"https:\/\/www.celttv.com.ar\/index.php\/2024\/08\/05\/el-servicio-meteorologico-emitio-un-alerta-amarillo-por-viento-y-lluvias-para-toda-la-region\/#breadcrumb\",\"itemListElement\":[{\"@type\":\"ListItem\",\"position\":1,\"name\":\"Inicio\",\"item\":\"https:\/\/www.celttv.com.ar\/\"},{\"@type\":\"ListItem\",\"position\":2,\"name\":\"El Servicio Meteorol\u00f3gico emiti\u00f3 un alerta amarillo por viento y lluvias para toda la regi\u00f3n\"}]},{\"@type\":\"WebSite\",\"@id\":\"https:\/\/www.celttv.com.ar\/#website\",\"url\":\"https:\/\/www.celttv.com.ar\/\",\"name\":\"CELTTV\",\"description\":\"Cooperativa El\u00e9ctrica de Tornquist\",\"publisher\":{\"@id\":\"https:\/\/www.celttv.com.ar\/#organization\"},\"potentialAction\":[{\"@type\":\"SearchAction\",\"target\":{\"@type\":\"EntryPoint\",\"urlTemplate\":\"https:\/\/www.celttv.com.ar\/?s={search_term_string}\"},\"query-input\":\"required name=search_term_string\"}],\"inLanguage\":\"es\"},{\"@type\":\"Organization\",\"@id\":\"https:\/\/www.celttv.com.ar\/#organization\",\"name\":\"CELTTV\",\"url\":\"https:\/\/www.celttv.com.ar\/\",\"sameAs\":[\"https:\/\/www.youtube.com\/channel\/UCz_oIt8Hig64Ub-EmcNPIhg\",\"https:\/\/www.facebook.com\/celtTV\/\"],\"logo\":{\"@type\":\"ImageObject\",\"inLanguage\":\"es\",\"@id\":\"https:\/\/www.celttv.com.ar\/#\/schema\/logo\/image\/\",\"url\":\"http:\/\/www.celttv.com.ar\/wp-content\/uploads\/2022\/08\/logo-1.png\",\"contentUrl\":\"http:\/\/www.celttv.com.ar\/wp-content\/uploads\/2022\/08\/logo-1.png\",\"width\":461,\"height\":159,\"caption\":\"CELTTV\"},\"image\":{\"@id\":\"https:\/\/www.celttv.com.ar\/#\/schema\/logo\/image\/\"}},{\"@type\":\"Person\",\"@id\":\"https:\/\/www.celttv.com.ar\/#\/schema\/person\/9059dc91dc7204ef4182cdb65225f07d\",\"name\":\"Miguel Herrada\",\"image\":{\"@type\":\"ImageObject\",\"inLanguage\":\"es\",\"@id\":\"https:\/\/www.celttv.com.ar\/#\/schema\/person\/image\/\",\"url\":\"https:\/\/secure.gravatar.com\/avatar\/67724d5b3c716623ffd76bec7e45841a442ac3b456e914dbba90b0fad2b8e0b1?s=96&d=mm&r=g\",\"contentUrl\":\"https:\/\/secure.gravatar.com\/avatar\/67724d5b3c716623ffd76bec7e45841a442ac3b456e914dbba90b0fad2b8e0b1?s=96&d=mm&r=g\",\"caption\":\"Miguel Herrada\"}}]}<\/script>\n<!-- \/ Yoast SEO plugin. -->","yoast_head_json":{"title":"El Servicio Meteorol\u00f3gico emiti\u00f3 un alerta amarillo por viento y lluvias para toda la regi\u00f3n - CELTTV","description":"Sitio web de noticias de la localidad de Tornquist, provincia de Buenos Aires, Rep\u00fablica Argentina. Contenido propio originado por periodistas de CELTTV, el canal de TV local de la Cooperativa El\u00e9ctrica de Tornquist. Turismo, Pol\u00edtica, Sociedad, Deporte, Cultura y todo el contenido de inter\u00e9s general que la gente del pueblo y la regi\u00f3n debe conocer.","robots":{"index":"index","follow":"follow","max-snippet":"max-snippet:-1","max-image-preview":"max-image-preview:large","max-video-preview":"max-video-preview:-1"},"canonical":"https:\/\/www.celttv.com.ar\/index.php\/2024\/08\/05\/el-servicio-meteorologico-emitio-un-alerta-amarillo-por-viento-y-lluvias-para-toda-la-region\/","og_locale":"es_ES","og_type":"article","og_title":"El Servicio Meteorol\u00f3gico emiti\u00f3 un alerta amarillo por viento y lluvias para toda la regi\u00f3n - CELTTV","og_description":"Sitio web de noticias de la localidad de Tornquist, provincia de Buenos Aires, Rep\u00fablica Argentina. Contenido propio originado por periodistas de CELTTV, el canal de TV local de la Cooperativa El\u00e9ctrica de Tornquist. Turismo, Pol\u00edtica, Sociedad, Deporte, Cultura y todo el contenido de inter\u00e9s general que la gente del pueblo y la regi\u00f3n debe conocer.","og_url":"https:\/\/www.celttv.com.ar\/index.php\/2024\/08\/05\/el-servicio-meteorologico-emitio-un-alerta-amarillo-por-viento-y-lluvias-para-toda-la-region\/","og_site_name":"CELTTV","article_publisher":"https:\/\/www.facebook.com\/celtTV\/","article_published_time":"2024-08-06T02:07:22+00:00","og_image":[{"width":807,"height":947,"url":"https:\/\/www.celttv.com.ar\/wp-content\/uploads\/2024\/08\/alerta-1.jpeg","type":"image\/jpeg"}],"author":"Miguel Herrada","twitter_card":"summary_large_image","twitter_misc":{"Escrito por":"Miguel Herrada","Tiempo de lectura":"1 minuto"},"schema":{"@context":"https:\/\/schema.org","@graph":[{"@type":"NewsArticle","@id":"https:\/\/www.celttv.com.ar\/index.php\/2024\/08\/05\/el-servicio-meteorologico-emitio-un-alerta-amarillo-por-viento-y-lluvias-para-toda-la-region\/#article","isPartOf":{"@id":"https:\/\/www.celttv.com.ar\/index.php\/2024\/08\/05\/el-servicio-meteorologico-emitio-un-alerta-amarillo-por-viento-y-lluvias-para-toda-la-region\/"},"author":{"name":"Miguel Herrada","@id":"https:\/\/www.celttv.com.ar\/#\/schema\/person\/9059dc91dc7204ef4182cdb65225f07d"},"headline":"El Servicio Meteorol\u00f3gico emiti\u00f3 un alerta amarillo por viento y lluvias para toda la regi\u00f3n","datePublished":"2024-08-06T02:07:22+00:00","dateModified":"2024-08-06T02:07:22+00:00","mainEntityOfPage":{"@id":"https:\/\/www.celttv.com.ar\/index.php\/2024\/08\/05\/el-servicio-meteorologico-emitio-un-alerta-amarillo-por-viento-y-lluvias-para-toda-la-region\/"},"wordCount":279,"publisher":{"@id":"https:\/\/www.celttv.com.ar\/#organization"},"articleSection":["Comunidad"],"inLanguage":"es"},{"@type":"WebPage","@id":"https:\/\/www.celttv.com.ar\/index.php\/2024\/08\/05\/el-servicio-meteorologico-emitio-un-alerta-amarillo-por-viento-y-lluvias-para-toda-la-region\/","url":"https:\/\/www.celttv.com.ar\/index.php\/2024\/08\/05\/el-servicio-meteorologico-emitio-un-alerta-amarillo-por-viento-y-lluvias-para-toda-la-region\/","name":"El Servicio Meteorol\u00f3gico emiti\u00f3 un alerta amarillo por viento y lluvias para toda la regi\u00f3n - CELTTV","isPartOf":{"@id":"https:\/\/www.celttv.com.ar\/#website"},"datePublished":"2024-08-06T02:07:22+00:00","dateModified":"2024-08-06T02:07:22+00:00","description":"Sitio web de noticias de la localidad de Tornquist, provincia de Buenos Aires, Rep\u00fablica Argentina. Contenido propio originado por periodistas de CELTTV, el canal de TV local de la Cooperativa El\u00e9ctrica de Tornquist. Turismo, Pol\u00edtica, Sociedad, Deporte, Cultura y todo el contenido de inter\u00e9s general que la gente del pueblo y la regi\u00f3n debe conocer.","breadcrumb":{"@id":"https:\/\/www.celttv.com.ar\/index.php\/2024\/08\/05\/el-servicio-meteorologico-emitio-un-alerta-amarillo-por-viento-y-lluvias-para-toda-la-region\/#breadcrumb"},"inLanguage":"es","potentialAction":[{"@type":"ReadAction","target":["https:\/\/www.celttv.com.ar\/index.php\/2024\/08\/05\/el-servicio-meteorologico-emitio-un-alerta-amarillo-por-viento-y-lluvias-para-toda-la-region\/"]}]},{"@type":"BreadcrumbList","@id":"https:\/\/www.celttv.com.ar\/index.php\/2024\/08\/05\/el-servicio-meteorologico-emitio-un-alerta-amarillo-por-viento-y-lluvias-para-toda-la-region\/#breadcrumb","itemListElement":[{"@type":"ListItem","position":1,"name":"Inicio","item":"https:\/\/www.celttv.com.ar\/"},{"@type":"ListItem","position":2,"name":"El Servicio Meteorol\u00f3gico emiti\u00f3 un alerta amarillo por viento y lluvias para toda la regi\u00f3n"}]},{"@type":"WebSite","@id":"https:\/\/www.celttv.com.ar\/#website","url":"https:\/\/www.celttv.com.ar\/","name":"CELTTV","description":"Cooperativa El\u00e9ctrica de Tornquist","publisher":{"@id":"https:\/\/www.celttv.com.ar\/#organization"},"potentialAction":[{"@type":"SearchAction","target":{"@type":"EntryPoint","urlTemplate":"https:\/\/www.celttv.com.ar\/?s={search_term_string}"},"query-input":"required name=search_term_string"}],"inLanguage":"es"},{"@type":"Organization","@id":"https:\/\/www.celttv.com.ar\/#organization","name":"CELTTV","url":"https:\/\/www.celttv.com.ar\/","sameAs":["https:\/\/www.youtube.com\/channel\/UCz_oIt8Hig64Ub-EmcNPIhg","https:\/\/www.facebook.com\/celtTV\/"],"logo":{"@type":"ImageObject","inLanguage":"es","@id":"https:\/\/www.celttv.com.ar\/#\/schema\/logo\/image\/","url":"http:\/\/www.celttv.com.ar\/wp-content\/uploads\/2022\/08\/logo-1.png","contentUrl":"http:\/\/www.celttv.com.ar\/wp-content\/uploads\/2022\/08\/logo-1.png","width":461,"height":159,"caption":"CELTTV"},"image":{"@id":"https:\/\/www.celttv.com.ar\/#\/schema\/logo\/image\/"}},{"@type":"Person","@id":"https:\/\/www.celttv.com.ar\/#\/schema\/person\/9059dc91dc7204ef4182cdb65225f07d","name":"Miguel Herrada","image":{"@type":"ImageObject","inLanguage":"es","@id":"https:\/\/www.celttv.com.ar\/#\/schema\/person\/image\/","url":"https:\/\/secure.gravatar.com\/avatar\/67724d5b3c716623ffd76bec7e45841a442ac3b456e914dbba90b0fad2b8e0b1?s=96&d=mm&r=g","contentUrl":"https:\/\/secure.gravatar.com\/avatar\/67724d5b3c716623ffd76bec7e45841a442ac3b456e914dbba90b0fad2b8e0b1?s=96&d=mm&r=g","caption":"Miguel Herrada"}}]}},"_links":{"self":[{"href":"https:\/\/www.celttv.com.ar\/index.php\/wp-json\/wp\/v2\/posts\/85412","targetHints":{"allow":["GET"]}}],"collection":[{"href":"https:\/\/www.celttv.com.ar\/index.php\/wp-json\/wp\/v2\/posts"}],"about":[{"href":"https:\/\/www.celttv.com.ar\/index.php\/wp-json\/wp\/v2\/types\/post"}],"author":[{"embeddable":true,"href":"https:\/\/www.celttv.com.ar\/index.php\/wp-json\/wp\/v2\/users\/5"}],"replies":[{"embeddable":true,"href":"https:\/\/www.celttv.com.ar\/index.php\/wp-json\/wp\/v2\/comments?post=85412"}],"version-history":[{"count":1,"href":"https:\/\/www.celttv.com.ar\/index.php\/wp-json\/wp\/v2\/posts\/85412\/revisions"}],"predecessor-version":[{"id":85415,"href":"https:\/\/www.celttv.com.ar\/index.php\/wp-json\/wp\/v2\/posts\/85412\/revisions\/85415"}],"wp:featuredmedia":[{"embeddable":true,"href":"https:\/\/www.celttv.com.ar\/index.php\/wp-json\/wp\/v2\/media\/85413"}],"wp:attachment":[{"href":"https:\/\/www.celttv.com.ar\/index.php\/wp-json\/wp\/v2\/media?parent=85412"}],"wp:term":[{"taxonomy":"category","embeddable":true,"href":"https:\/\/www.celttv.com.ar\/index.php\/wp-json\/wp\/v2\/categories?post=85412"},{"taxonomy":"post_tag","embeddable":true,"href":"https:\/\/www.celttv.com.ar\/index.php\/wp-json\/wp\/v2\/tags?post=85412"}],"curies":[{"name":"wp","href":"https:\/\/api.w.org\/{rel}","templated":true}]}}