{"id":85416,"date":"2024-08-06T11:17:46","date_gmt":"2024-08-06T14:17:46","guid":{"rendered":"https:\/\/www.celttv.com.ar\/?p=85416"},"modified":"2024-08-06T11:17:46","modified_gmt":"2024-08-06T14:17:46","slug":"jovenes-radicales-de-la-sexta-participaron-de-un-encuentro-provincial-en-la-plata","status":"publish","type":"post","link":"https:\/\/www.celttv.com.ar\/index.php\/2024\/08\/06\/jovenes-radicales-de-la-sexta-participaron-de-un-encuentro-provincial-en-la-plata\/","title":{"rendered":"J\u00f3venes radicales de la Sexta participaron de un encuentro provincial en La Plata"},"content":{"rendered":"<p style=\"font-weight: 400;\">Con el objetivo de trabajar sobre distintos ejes vinculados a los j\u00f3venes en la gesti\u00f3n local, m\u00e1s de 250 integrantes de la Juventud Radical de Adelante Buenos Aires, llegados desde las ocho secciones y representando a m\u00e1s de 70 distritos de la Provincia, se reunieron el pasado s\u00e1bado en la capital bonaerense.<\/p>\n<p style=\"font-weight: 400;\">Este fin de semana la ciudad de La Plata fue sede de una jornada de formaci\u00f3n y debate que llev\u00f3 a cabo la Juventud Radical de Adelante Buenos Aires, y que reuni\u00f3 a m\u00e1s de 250 j\u00f3venes de toda la Provincia, y del que formaron parte los j\u00f3venes militantes de la juventud de la Sexta secci\u00f3n.<\/p>\n<p style=\"font-weight: 400;\">Tambi\u00e9n estuvieron presentes la diputada nacional Karina Banfi, los senadores provinciales\u00a0 Ariel Mart\u00ednez Bordaisco, Nerina Neumann Losada y Eugenia Gil, y los diputados bonaerenses, Diego Garciarena, y Emiliano Balb\u00edn.<\/p>\n<p style=\"font-weight: 400;\">Luego de la apertura realizada por los legisladores presentes y un representante de cada secci\u00f3n, comenz\u00f3 el trabajo de formaci\u00f3n que tuvo como protagonistas a las nuevas dirigencias.<\/p>\n<p style=\"font-weight: 400;\">Se comenz\u00f3 con un Panel de Intendentes j\u00f3venes donde estuvieron convocados Emilio Codonnier (Ayacucho), Sof\u00eda Gambier (Pellegrini), Lisandro Hourcade (Magdalena), Rom\u00e1n Bouvier (Rojas), Erica Revilla (General Arenales) y Nahuel Guardia (General Lavalle).<\/p>\n<p style=\"font-weight: 400;\">Luego fue el momento para que funcionarios municipales surgidos de las filas de la JR expusieran sobre\u00a0<em>c\u00f3mo la impronta radical est\u00e1 presente en cada acci\u00f3n de gesti\u00f3n<\/em>, y sobre\u00a0<em>la importancia de haberse formado pol\u00edticamente antes de ocupar el cargo<\/em>, cuesti\u00f3n que les permite tener una visi\u00f3n generalizada e integrada con otras a\u00e9reas de gobierno, potenciando de esa forma su labor dentro de los gabinetes municipales.<\/p>\n<p style=\"font-weight: 400;\">Para finalizar se intercambiaron experiencias de trabajo en los concejos deliberantes y consejos escolares. Esta tem\u00e1tica se llev\u00f3 adelante mediante mesas de trabajo donde experimentados concejales y consejeros escolares, junto a j\u00f3venes radicales que ocupan dichos cargos, intercambiaron experiencias exitosas y debatieron sobre las dificultades que hoy atraviesan dichos cuerpos electivos para desarrollar su funci\u00f3n.<\/p>\n<p style=\"font-weight: 400;\">Al finalizar el encuentro el presidente de la Juventud Radical de Bah\u00eda Blanca, Juan Cruz Lissarrague, manifest\u00f3: \u201ctenemos un partido vivo, con una juventud pujante que va para adelante y busca visibilizar y renovar la dirigencia, no solo en el \u00e1mbito provincial, sino en cada una de las gestiones locales. Es nuestro trabajo mostrar esos perfiles, y tenemos el desaf\u00edo de alzar la voz de los j\u00f3venes, para representarlos mejor en estos tiempos tan dif\u00edciles para quienes hacemos pol\u00edtica\u201d.<\/p>\n<p style=\"font-weight: 400;\">Adem\u00e1s agreg\u00f3: \u201cen estos momentos la sociedad nos pide evitar rivalidades y nos exige que fomentemos canales de comunicaci\u00f3n y di\u00e1logo para generar los puentes necesarios para construir colectiva entre distintos espacios\u201d.<\/p>\n<p style=\"font-weight: 400;\">Por su parte Lucas Br\u00edtez, joven Consejero Escolar de Tres Arroyos, afirm\u00f3: \u201dla crisis que est\u00e1 viviendo el sistema pol\u00edtico argentino nos da la oportunidad de construir un Partido acorde a los tiempos que vivimos, por eso es fundamental estos espacios de trabajo de formaci\u00f3n e intercambio de experiencias\u201d.<\/p>\n<p style=\"font-weight: 400;\"><img loading=\"lazy\" decoding=\"async\" class=\"alignnone wp-image-85418 size-large\" src=\"https:\/\/www.celttv.com.ar\/wp-content\/uploads\/2024\/08\/UCR-foto-grupal-1024x511.jpg\" alt=\"\" width=\"1024\" height=\"511\" srcset=\"https:\/\/www.celttv.com.ar\/wp-content\/uploads\/2024\/08\/UCR-foto-grupal-1024x511.jpg 1024w, https:\/\/www.celttv.com.ar\/wp-content\/uploads\/2024\/08\/UCR-foto-grupal-300x150.jpg 300w, https:\/\/www.celttv.com.ar\/wp-content\/uploads\/2024\/08\/UCR-foto-grupal-768x383.jpg 768w, https:\/\/www.celttv.com.ar\/wp-content\/uploads\/2024\/08\/UCR-foto-grupal-1536x766.jpg 1536w, https:\/\/www.celttv.com.ar\/wp-content\/uploads\/2024\/08\/UCR-foto-grupal-2048x1022.jpg 2048w, https:\/\/www.celttv.com.ar\/wp-content\/uploads\/2024\/08\/UCR-foto-grupal-360x180.jpg 360w, https:\/\/www.celttv.com.ar\/wp-content\/uploads\/2024\/08\/UCR-foto-grupal-750x374.jpg 750w, https:\/\/www.celttv.com.ar\/wp-content\/uploads\/2024\/08\/UCR-foto-grupal-1140x569.jpg 1140w\" sizes=\"auto, (max-width: 1024px) 100vw, 1024px\" \/><\/p>\n","protected":false},"excerpt":{"rendered":"<p>Con el objetivo de trabajar sobre distintos ejes vinculados a los j\u00f3venes en la gesti\u00f3n local, m\u00e1s de 250 integrantes de la Juventud Radical de Adelante Buenos Aires, llegados desde las ocho secciones y representando a m\u00e1s de 70 distritos de la Provincia, se reunieron el pasado s\u00e1bado en la capital bonaerense. Este fin de [&hellip;]<\/p>\n","protected":false},"author":5,"featured_media":85418,"comment_status":"closed","ping_status":"closed","sticky":false,"template":"","format":"standard","meta":{"footnotes":""},"categories":[53,31],"tags":[],"class_list":["post-85416","post","type-post","status-publish","format-standard","has-post-thumbnail","hentry","category-politica","category-politics"],"yoast_head":"<!-- This site is optimized with the Yoast SEO plugin v19.7.1 - https:\/\/yoast.com\/wordpress\/plugins\/seo\/ -->\n<title>J\u00f3venes radicales de la Sexta participaron de un encuentro provincial en La Plata - CELTTV<\/title>\n<meta name=\"description\" content=\"Sitio web de noticias de la localidad de Tornquist, provincia de Buenos Aires, Rep\u00fablica Argentina. Contenido propio originado por periodistas de CELTTV, el canal de TV local de la Cooperativa El\u00e9ctrica de Tornquist. Turismo, Pol\u00edtica, Sociedad, Deporte, Cultura y todo el contenido de inter\u00e9s general que la gente del pueblo y la regi\u00f3n debe conocer.\" \/>\n<meta name=\"robots\" content=\"index, follow, max-snippet:-1, max-image-preview:large, max-video-preview:-1\" \/>\n<link rel=\"canonical\" href=\"https:\/\/www.celttv.com.ar\/index.php\/2024\/08\/06\/jovenes-radicales-de-la-sexta-participaron-de-un-encuentro-provincial-en-la-plata\/\" \/>\n<meta property=\"og:locale\" content=\"es_ES\" \/>\n<meta property=\"og:type\" content=\"article\" \/>\n<meta property=\"og:title\" content=\"J\u00f3venes radicales de la Sexta participaron de un encuentro provincial en La Plata - CELTTV\" \/>\n<meta property=\"og:description\" content=\"Sitio web de noticias de la localidad de Tornquist, provincia de Buenos Aires, Rep\u00fablica Argentina. Contenido propio originado por periodistas de CELTTV, el canal de TV local de la Cooperativa El\u00e9ctrica de Tornquist. Turismo, Pol\u00edtica, Sociedad, Deporte, Cultura y todo el contenido de inter\u00e9s general que la gente del pueblo y la regi\u00f3n debe conocer.\" \/>\n<meta property=\"og:url\" content=\"https:\/\/www.celttv.com.ar\/index.php\/2024\/08\/06\/jovenes-radicales-de-la-sexta-participaron-de-un-encuentro-provincial-en-la-plata\/\" \/>\n<meta property=\"og:site_name\" content=\"CELTTV\" \/>\n<meta property=\"article:publisher\" content=\"https:\/\/www.facebook.com\/celtTV\/\" \/>\n<meta property=\"article:published_time\" content=\"2024-08-06T14:17:46+00:00\" \/>\n<meta property=\"og:image\" content=\"https:\/\/www.celttv.com.ar\/wp-content\/uploads\/2024\/08\/UCR-foto-grupal-scaled.jpg\" \/>\n\t<meta property=\"og:image:width\" content=\"2560\" \/>\n\t<meta property=\"og:image:height\" content=\"1277\" \/>\n\t<meta property=\"og:image:type\" content=\"image\/jpeg\" \/>\n<meta name=\"author\" content=\"Miguel Herrada\" \/>\n<meta name=\"twitter:card\" content=\"summary_large_image\" \/>\n<meta name=\"twitter:label1\" content=\"Escrito por\" \/>\n\t<meta name=\"twitter:data1\" content=\"Miguel Herrada\" \/>\n\t<meta name=\"twitter:label2\" content=\"Tiempo de lectura\" \/>\n\t<meta name=\"twitter:data2\" content=\"3 minutos\" \/>\n<script type=\"application\/ld+json\" class=\"yoast-schema-graph\">{\"@context\":\"https:\/\/schema.org\",\"@graph\":[{\"@type\":\"NewsArticle\",\"@id\":\"https:\/\/www.celttv.com.ar\/index.php\/2024\/08\/06\/jovenes-radicales-de-la-sexta-participaron-de-un-encuentro-provincial-en-la-plata\/#article\",\"isPartOf\":{\"@id\":\"https:\/\/www.celttv.com.ar\/index.php\/2024\/08\/06\/jovenes-radicales-de-la-sexta-participaron-de-un-encuentro-provincial-en-la-plata\/\"},\"author\":{\"name\":\"Miguel Herrada\",\"@id\":\"https:\/\/www.celttv.com.ar\/#\/schema\/person\/9059dc91dc7204ef4182cdb65225f07d\"},\"headline\":\"J\u00f3venes radicales de la Sexta participaron de un encuentro provincial en La Plata\",\"datePublished\":\"2024-08-06T14:17:46+00:00\",\"dateModified\":\"2024-08-06T14:17:46+00:00\",\"mainEntityOfPage\":{\"@id\":\"https:\/\/www.celttv.com.ar\/index.php\/2024\/08\/06\/jovenes-radicales-de-la-sexta-participaron-de-un-encuentro-provincial-en-la-plata\/\"},\"wordCount\":529,\"publisher\":{\"@id\":\"https:\/\/www.celttv.com.ar\/#organization\"},\"articleSection\":[\"Pol\u00edtica\",\"Politics\"],\"inLanguage\":\"es\"},{\"@type\":\"WebPage\",\"@id\":\"https:\/\/www.celttv.com.ar\/index.php\/2024\/08\/06\/jovenes-radicales-de-la-sexta-participaron-de-un-encuentro-provincial-en-la-plata\/\",\"url\":\"https:\/\/www.celttv.com.ar\/index.php\/2024\/08\/06\/jovenes-radicales-de-la-sexta-participaron-de-un-encuentro-provincial-en-la-plata\/\",\"name\":\"J\u00f3venes radicales de la Sexta participaron de un encuentro provincial en La Plata - CELTTV\",\"isPartOf\":{\"@id\":\"https:\/\/www.celttv.com.ar\/#website\"},\"datePublished\":\"2024-08-06T14:17:46+00:00\",\"dateModified\":\"2024-08-06T14:17:46+00:00\",\"description\":\"Sitio web de noticias de la localidad de Tornquist, provincia de Buenos Aires, Rep\u00fablica Argentina. Contenido propio originado por periodistas de CELTTV, el canal de TV local de la Cooperativa El\u00e9ctrica de Tornquist. Turismo, Pol\u00edtica, Sociedad, Deporte, Cultura y todo el contenido de inter\u00e9s general que la gente del pueblo y la regi\u00f3n debe conocer.\",\"breadcrumb\":{\"@id\":\"https:\/\/www.celttv.com.ar\/index.php\/2024\/08\/06\/jovenes-radicales-de-la-sexta-participaron-de-un-encuentro-provincial-en-la-plata\/#breadcrumb\"},\"inLanguage\":\"es\",\"potentialAction\":[{\"@type\":\"ReadAction\",\"target\":[\"https:\/\/www.celttv.com.ar\/index.php\/2024\/08\/06\/jovenes-radicales-de-la-sexta-participaron-de-un-encuentro-provincial-en-la-plata\/\"]}]},{\"@type\":\"BreadcrumbList\",\"@id\":\"https:\/\/www.celttv.com.ar\/index.php\/2024\/08\/06\/jovenes-radicales-de-la-sexta-participaron-de-un-encuentro-provincial-en-la-plata\/#breadcrumb\",\"itemListElement\":[{\"@type\":\"ListItem\",\"position\":1,\"name\":\"Inicio\",\"item\":\"https:\/\/www.celttv.com.ar\/\"},{\"@type\":\"ListItem\",\"position\":2,\"name\":\"J\u00f3venes radicales de la Sexta participaron de un encuentro provincial en La Plata\"}]},{\"@type\":\"WebSite\",\"@id\":\"https:\/\/www.celttv.com.ar\/#website\",\"url\":\"https:\/\/www.celttv.com.ar\/\",\"name\":\"CELTTV\",\"description\":\"Cooperativa El\u00e9ctrica de Tornquist\",\"publisher\":{\"@id\":\"https:\/\/www.celttv.com.ar\/#organization\"},\"potentialAction\":[{\"@type\":\"SearchAction\",\"target\":{\"@type\":\"EntryPoint\",\"urlTemplate\":\"https:\/\/www.celttv.com.ar\/?s={search_term_string}\"},\"query-input\":\"required name=search_term_string\"}],\"inLanguage\":\"es\"},{\"@type\":\"Organization\",\"@id\":\"https:\/\/www.celttv.com.ar\/#organization\",\"name\":\"CELTTV\",\"url\":\"https:\/\/www.celttv.com.ar\/\",\"sameAs\":[\"https:\/\/www.youtube.com\/channel\/UCz_oIt8Hig64Ub-EmcNPIhg\",\"https:\/\/www.facebook.com\/celtTV\/\"],\"logo\":{\"@type\":\"ImageObject\",\"inLanguage\":\"es\",\"@id\":\"https:\/\/www.celttv.com.ar\/#\/schema\/logo\/image\/\",\"url\":\"http:\/\/www.celttv.com.ar\/wp-content\/uploads\/2022\/08\/logo-1.png\",\"contentUrl\":\"http:\/\/www.celttv.com.ar\/wp-content\/uploads\/2022\/08\/logo-1.png\",\"width\":461,\"height\":159,\"caption\":\"CELTTV\"},\"image\":{\"@id\":\"https:\/\/www.celttv.com.ar\/#\/schema\/logo\/image\/\"}},{\"@type\":\"Person\",\"@id\":\"https:\/\/www.celttv.com.ar\/#\/schema\/person\/9059dc91dc7204ef4182cdb65225f07d\",\"name\":\"Miguel Herrada\",\"image\":{\"@type\":\"ImageObject\",\"inLanguage\":\"es\",\"@id\":\"https:\/\/www.celttv.com.ar\/#\/schema\/person\/image\/\",\"url\":\"https:\/\/secure.gravatar.com\/avatar\/67724d5b3c716623ffd76bec7e45841a442ac3b456e914dbba90b0fad2b8e0b1?s=96&d=mm&r=g\",\"contentUrl\":\"https:\/\/secure.gravatar.com\/avatar\/67724d5b3c716623ffd76bec7e45841a442ac3b456e914dbba90b0fad2b8e0b1?s=96&d=mm&r=g\",\"caption\":\"Miguel Herrada\"}}]}<\/script>\n<!-- \/ Yoast SEO plugin. -->","yoast_head_json":{"title":"J\u00f3venes radicales de la Sexta participaron de un encuentro provincial en La Plata - CELTTV","description":"Sitio web de noticias de la localidad de Tornquist, provincia de Buenos Aires, Rep\u00fablica Argentina. Contenido propio originado por periodistas de CELTTV, el canal de TV local de la Cooperativa El\u00e9ctrica de Tornquist. Turismo, Pol\u00edtica, Sociedad, Deporte, Cultura y todo el contenido de inter\u00e9s general que la gente del pueblo y la regi\u00f3n debe conocer.","robots":{"index":"index","follow":"follow","max-snippet":"max-snippet:-1","max-image-preview":"max-image-preview:large","max-video-preview":"max-video-preview:-1"},"canonical":"https:\/\/www.celttv.com.ar\/index.php\/2024\/08\/06\/jovenes-radicales-de-la-sexta-participaron-de-un-encuentro-provincial-en-la-plata\/","og_locale":"es_ES","og_type":"article","og_title":"J\u00f3venes radicales de la Sexta participaron de un encuentro provincial en La Plata - CELTTV","og_description":"Sitio web de noticias de la localidad de Tornquist, provincia de Buenos Aires, Rep\u00fablica Argentina. Contenido propio originado por periodistas de CELTTV, el canal de TV local de la Cooperativa El\u00e9ctrica de Tornquist. Turismo, Pol\u00edtica, Sociedad, Deporte, Cultura y todo el contenido de inter\u00e9s general que la gente del pueblo y la regi\u00f3n debe conocer.","og_url":"https:\/\/www.celttv.com.ar\/index.php\/2024\/08\/06\/jovenes-radicales-de-la-sexta-participaron-de-un-encuentro-provincial-en-la-plata\/","og_site_name":"CELTTV","article_publisher":"https:\/\/www.facebook.com\/celtTV\/","article_published_time":"2024-08-06T14:17:46+00:00","og_image":[{"width":2560,"height":1277,"url":"https:\/\/www.celttv.com.ar\/wp-content\/uploads\/2024\/08\/UCR-foto-grupal-scaled.jpg","type":"image\/jpeg"}],"author":"Miguel Herrada","twitter_card":"summary_large_image","twitter_misc":{"Escrito por":"Miguel Herrada","Tiempo de lectura":"3 minutos"},"schema":{"@context":"https:\/\/schema.org","@graph":[{"@type":"NewsArticle","@id":"https:\/\/www.celttv.com.ar\/index.php\/2024\/08\/06\/jovenes-radicales-de-la-sexta-participaron-de-un-encuentro-provincial-en-la-plata\/#article","isPartOf":{"@id":"https:\/\/www.celttv.com.ar\/index.php\/2024\/08\/06\/jovenes-radicales-de-la-sexta-participaron-de-un-encuentro-provincial-en-la-plata\/"},"author":{"name":"Miguel Herrada","@id":"https:\/\/www.celttv.com.ar\/#\/schema\/person\/9059dc91dc7204ef4182cdb65225f07d"},"headline":"J\u00f3venes radicales de la Sexta participaron de un encuentro provincial en La Plata","datePublished":"2024-08-06T14:17:46+00:00","dateModified":"2024-08-06T14:17:46+00:00","mainEntityOfPage":{"@id":"https:\/\/www.celttv.com.ar\/index.php\/2024\/08\/06\/jovenes-radicales-de-la-sexta-participaron-de-un-encuentro-provincial-en-la-plata\/"},"wordCount":529,"publisher":{"@id":"https:\/\/www.celttv.com.ar\/#organization"},"articleSection":["Pol\u00edtica","Politics"],"inLanguage":"es"},{"@type":"WebPage","@id":"https:\/\/www.celttv.com.ar\/index.php\/2024\/08\/06\/jovenes-radicales-de-la-sexta-participaron-de-un-encuentro-provincial-en-la-plata\/","url":"https:\/\/www.celttv.com.ar\/index.php\/2024\/08\/06\/jovenes-radicales-de-la-sexta-participaron-de-un-encuentro-provincial-en-la-plata\/","name":"J\u00f3venes radicales de la Sexta participaron de un encuentro provincial en La Plata - CELTTV","isPartOf":{"@id":"https:\/\/www.celttv.com.ar\/#website"},"datePublished":"2024-08-06T14:17:46+00:00","dateModified":"2024-08-06T14:17:46+00:00","description":"Sitio web de noticias de la localidad de Tornquist, provincia de Buenos Aires, Rep\u00fablica Argentina. Contenido propio originado por periodistas de CELTTV, el canal de TV local de la Cooperativa El\u00e9ctrica de Tornquist. Turismo, Pol\u00edtica, Sociedad, Deporte, Cultura y todo el contenido de inter\u00e9s general que la gente del pueblo y la regi\u00f3n debe conocer.","breadcrumb":{"@id":"https:\/\/www.celttv.com.ar\/index.php\/2024\/08\/06\/jovenes-radicales-de-la-sexta-participaron-de-un-encuentro-provincial-en-la-plata\/#breadcrumb"},"inLanguage":"es","potentialAction":[{"@type":"ReadAction","target":["https:\/\/www.celttv.com.ar\/index.php\/2024\/08\/06\/jovenes-radicales-de-la-sexta-participaron-de-un-encuentro-provincial-en-la-plata\/"]}]},{"@type":"BreadcrumbList","@id":"https:\/\/www.celttv.com.ar\/index.php\/2024\/08\/06\/jovenes-radicales-de-la-sexta-participaron-de-un-encuentro-provincial-en-la-plata\/#breadcrumb","itemListElement":[{"@type":"ListItem","position":1,"name":"Inicio","item":"https:\/\/www.celttv.com.ar\/"},{"@type":"ListItem","position":2,"name":"J\u00f3venes radicales de la Sexta participaron de un encuentro provincial en La Plata"}]},{"@type":"WebSite","@id":"https:\/\/www.celttv.com.ar\/#website","url":"https:\/\/www.celttv.com.ar\/","name":"CELTTV","description":"Cooperativa El\u00e9ctrica de Tornquist","publisher":{"@id":"https:\/\/www.celttv.com.ar\/#organization"},"potentialAction":[{"@type":"SearchAction","target":{"@type":"EntryPoint","urlTemplate":"https:\/\/www.celttv.com.ar\/?s={search_term_string}"},"query-input":"required name=search_term_string"}],"inLanguage":"es"},{"@type":"Organization","@id":"https:\/\/www.celttv.com.ar\/#organization","name":"CELTTV","url":"https:\/\/www.celttv.com.ar\/","sameAs":["https:\/\/www.youtube.com\/channel\/UCz_oIt8Hig64Ub-EmcNPIhg","https:\/\/www.facebook.com\/celtTV\/"],"logo":{"@type":"ImageObject","inLanguage":"es","@id":"https:\/\/www.celttv.com.ar\/#\/schema\/logo\/image\/","url":"http:\/\/www.celttv.com.ar\/wp-content\/uploads\/2022\/08\/logo-1.png","contentUrl":"http:\/\/www.celttv.com.ar\/wp-content\/uploads\/2022\/08\/logo-1.png","width":461,"height":159,"caption":"CELTTV"},"image":{"@id":"https:\/\/www.celttv.com.ar\/#\/schema\/logo\/image\/"}},{"@type":"Person","@id":"https:\/\/www.celttv.com.ar\/#\/schema\/person\/9059dc91dc7204ef4182cdb65225f07d","name":"Miguel Herrada","image":{"@type":"ImageObject","inLanguage":"es","@id":"https:\/\/www.celttv.com.ar\/#\/schema\/person\/image\/","url":"https:\/\/secure.gravatar.com\/avatar\/67724d5b3c716623ffd76bec7e45841a442ac3b456e914dbba90b0fad2b8e0b1?s=96&d=mm&r=g","contentUrl":"https:\/\/secure.gravatar.com\/avatar\/67724d5b3c716623ffd76bec7e45841a442ac3b456e914dbba90b0fad2b8e0b1?s=96&d=mm&r=g","caption":"Miguel Herrada"}}]}},"_links":{"self":[{"href":"https:\/\/www.celttv.com.ar\/index.php\/wp-json\/wp\/v2\/posts\/85416","targetHints":{"allow":["GET"]}}],"collection":[{"href":"https:\/\/www.celttv.com.ar\/index.php\/wp-json\/wp\/v2\/posts"}],"about":[{"href":"https:\/\/www.celttv.com.ar\/index.php\/wp-json\/wp\/v2\/types\/post"}],"author":[{"embeddable":true,"href":"https:\/\/www.celttv.com.ar\/index.php\/wp-json\/wp\/v2\/users\/5"}],"replies":[{"embeddable":true,"href":"https:\/\/www.celttv.com.ar\/index.php\/wp-json\/wp\/v2\/comments?post=85416"}],"version-history":[{"count":1,"href":"https:\/\/www.celttv.com.ar\/index.php\/wp-json\/wp\/v2\/posts\/85416\/revisions"}],"predecessor-version":[{"id":85419,"href":"https:\/\/www.celttv.com.ar\/index.php\/wp-json\/wp\/v2\/posts\/85416\/revisions\/85419"}],"wp:featuredmedia":[{"embeddable":true,"href":"https:\/\/www.celttv.com.ar\/index.php\/wp-json\/wp\/v2\/media\/85418"}],"wp:attachment":[{"href":"https:\/\/www.celttv.com.ar\/index.php\/wp-json\/wp\/v2\/media?parent=85416"}],"wp:term":[{"taxonomy":"category","embeddable":true,"href":"https:\/\/www.celttv.com.ar\/index.php\/wp-json\/wp\/v2\/categories?post=85416"},{"taxonomy":"post_tag","embeddable":true,"href":"https:\/\/www.celttv.com.ar\/index.php\/wp-json\/wp\/v2\/tags?post=85416"}],"curies":[{"name":"wp","href":"https:\/\/api.w.org\/{rel}","templated":true}]}}