{"id":85429,"date":"2024-08-06T18:24:15","date_gmt":"2024-08-06T21:24:15","guid":{"rendered":"https:\/\/www.celttv.com.ar\/?p=85429"},"modified":"2024-08-06T18:24:15","modified_gmt":"2024-08-06T21:24:15","slug":"miercoles-7-de-agosto-misa-en-honor-a-san-cayetano","status":"publish","type":"post","link":"https:\/\/www.celttv.com.ar\/index.php\/2024\/08\/06\/miercoles-7-de-agosto-misa-en-honor-a-san-cayetano\/","title":{"rendered":"Mi\u00e8rcoles 7 de agosto: Misa en honor a San Cayetano"},"content":{"rendered":"<p>Este mi\u00e9rcoles 07 de agosto el Padre Norberto celebrar\u00e1 la eucarist\u00eda en honor de San Cayetano patrono del Pan y Trabajo. Ser\u00e1 a las 17:30 hs. en el SUM del Barrio Sur.<\/p>\n<p>En esta oportunidad pedimos como gesto solidario que traigan un alimento que ser\u00e1 destinado a nuestros hermanos que pasan necesidades.<\/p>\n<p>Los esperamos a todos para pedir por intersecci\u00f3n de San Cayetano por Pan, Paz, Trabajo y la construcci\u00f3n de la Capilla.<\/p>\n<p><img loading=\"lazy\" decoding=\"async\" class=\"alignnone wp-image-85430 size-full\" src=\"https:\/\/www.celttv.com.ar\/wp-content\/uploads\/2024\/08\/san-cayetano.jpg\" alt=\"\" width=\"615\" height=\"456\" srcset=\"https:\/\/www.celttv.com.ar\/wp-content\/uploads\/2024\/08\/san-cayetano.jpg 615w, https:\/\/www.celttv.com.ar\/wp-content\/uploads\/2024\/08\/san-cayetano-300x222.jpg 300w\" sizes=\"auto, (max-width: 615px) 100vw, 615px\" \/><\/p>\n","protected":false},"excerpt":{"rendered":"<p>Este mi\u00e9rcoles 07 de agosto el Padre Norberto celebrar\u00e1 la eucarist\u00eda en honor de San Cayetano patrono del Pan y Trabajo. Ser\u00e1 a las 17:30 hs. en el SUM del Barrio Sur. En esta oportunidad pedimos como gesto solidario que traigan un alimento que ser\u00e1 destinado a nuestros hermanos que pasan necesidades. Los esperamos a [&hellip;]<\/p>\n","protected":false},"author":5,"featured_media":85430,"comment_status":"closed","ping_status":"closed","sticky":false,"template":"","format":"standard","meta":{"footnotes":""},"categories":[51],"tags":[],"class_list":["post-85429","post","type-post","status-publish","format-standard","has-post-thumbnail","hentry","category-comunidad"],"yoast_head":"<!-- This site is optimized with the Yoast SEO plugin v19.7.1 - https:\/\/yoast.com\/wordpress\/plugins\/seo\/ -->\n<title>Mi\u00e8rcoles 7 de agosto: Misa en honor a San Cayetano - CELTTV<\/title>\n<meta name=\"description\" content=\"Sitio web de noticias de la localidad de Tornquist, provincia de Buenos Aires, Rep\u00fablica Argentina. Contenido propio originado por periodistas de CELTTV, el canal de TV local de la Cooperativa El\u00e9ctrica de Tornquist. Turismo, Pol\u00edtica, Sociedad, Deporte, Cultura y todo el contenido de inter\u00e9s general que la gente del pueblo y la regi\u00f3n debe conocer.\" \/>\n<meta name=\"robots\" content=\"index, follow, max-snippet:-1, max-image-preview:large, max-video-preview:-1\" \/>\n<link rel=\"canonical\" href=\"https:\/\/www.celttv.com.ar\/index.php\/2024\/08\/06\/miercoles-7-de-agosto-misa-en-honor-a-san-cayetano\/\" \/>\n<meta property=\"og:locale\" content=\"es_ES\" \/>\n<meta property=\"og:type\" content=\"article\" \/>\n<meta property=\"og:title\" content=\"Mi\u00e8rcoles 7 de agosto: Misa en honor a San Cayetano - CELTTV\" \/>\n<meta property=\"og:description\" content=\"Sitio web de noticias de la localidad de Tornquist, provincia de Buenos Aires, Rep\u00fablica Argentina. Contenido propio originado por periodistas de CELTTV, el canal de TV local de la Cooperativa El\u00e9ctrica de Tornquist. Turismo, Pol\u00edtica, Sociedad, Deporte, Cultura y todo el contenido de inter\u00e9s general que la gente del pueblo y la regi\u00f3n debe conocer.\" \/>\n<meta property=\"og:url\" content=\"https:\/\/www.celttv.com.ar\/index.php\/2024\/08\/06\/miercoles-7-de-agosto-misa-en-honor-a-san-cayetano\/\" \/>\n<meta property=\"og:site_name\" content=\"CELTTV\" \/>\n<meta property=\"article:publisher\" content=\"https:\/\/www.facebook.com\/celtTV\/\" \/>\n<meta property=\"article:published_time\" content=\"2024-08-06T21:24:15+00:00\" \/>\n<meta property=\"og:image\" content=\"https:\/\/www.celttv.com.ar\/wp-content\/uploads\/2024\/08\/san-cayetano.jpg\" \/>\n\t<meta property=\"og:image:width\" content=\"615\" \/>\n\t<meta property=\"og:image:height\" content=\"456\" \/>\n\t<meta property=\"og:image:type\" content=\"image\/jpeg\" \/>\n<meta name=\"author\" content=\"Miguel Herrada\" \/>\n<meta name=\"twitter:card\" content=\"summary_large_image\" \/>\n<meta name=\"twitter:label1\" content=\"Escrito por\" \/>\n\t<meta name=\"twitter:data1\" content=\"Miguel Herrada\" \/>\n<script type=\"application\/ld+json\" class=\"yoast-schema-graph\">{\"@context\":\"https:\/\/schema.org\",\"@graph\":[{\"@type\":\"NewsArticle\",\"@id\":\"https:\/\/www.celttv.com.ar\/index.php\/2024\/08\/06\/miercoles-7-de-agosto-misa-en-honor-a-san-cayetano\/#article\",\"isPartOf\":{\"@id\":\"https:\/\/www.celttv.com.ar\/index.php\/2024\/08\/06\/miercoles-7-de-agosto-misa-en-honor-a-san-cayetano\/\"},\"author\":{\"name\":\"Miguel Herrada\",\"@id\":\"https:\/\/www.celttv.com.ar\/#\/schema\/person\/9059dc91dc7204ef4182cdb65225f07d\"},\"headline\":\"Mi\u00e8rcoles 7 de agosto: Misa en honor a San Cayetano\",\"datePublished\":\"2024-08-06T21:24:15+00:00\",\"dateModified\":\"2024-08-06T21:24:15+00:00\",\"mainEntityOfPage\":{\"@id\":\"https:\/\/www.celttv.com.ar\/index.php\/2024\/08\/06\/miercoles-7-de-agosto-misa-en-honor-a-san-cayetano\/\"},\"wordCount\":85,\"publisher\":{\"@id\":\"https:\/\/www.celttv.com.ar\/#organization\"},\"articleSection\":[\"Comunidad\"],\"inLanguage\":\"es\"},{\"@type\":\"WebPage\",\"@id\":\"https:\/\/www.celttv.com.ar\/index.php\/2024\/08\/06\/miercoles-7-de-agosto-misa-en-honor-a-san-cayetano\/\",\"url\":\"https:\/\/www.celttv.com.ar\/index.php\/2024\/08\/06\/miercoles-7-de-agosto-misa-en-honor-a-san-cayetano\/\",\"name\":\"Mi\u00e8rcoles 7 de agosto: Misa en honor a San Cayetano - CELTTV\",\"isPartOf\":{\"@id\":\"https:\/\/www.celttv.com.ar\/#website\"},\"datePublished\":\"2024-08-06T21:24:15+00:00\",\"dateModified\":\"2024-08-06T21:24:15+00:00\",\"description\":\"Sitio web de noticias de la localidad de Tornquist, provincia de Buenos Aires, Rep\u00fablica Argentina. Contenido propio originado por periodistas de CELTTV, el canal de TV local de la Cooperativa El\u00e9ctrica de Tornquist. Turismo, Pol\u00edtica, Sociedad, Deporte, Cultura y todo el contenido de inter\u00e9s general que la gente del pueblo y la regi\u00f3n debe conocer.\",\"breadcrumb\":{\"@id\":\"https:\/\/www.celttv.com.ar\/index.php\/2024\/08\/06\/miercoles-7-de-agosto-misa-en-honor-a-san-cayetano\/#breadcrumb\"},\"inLanguage\":\"es\",\"potentialAction\":[{\"@type\":\"ReadAction\",\"target\":[\"https:\/\/www.celttv.com.ar\/index.php\/2024\/08\/06\/miercoles-7-de-agosto-misa-en-honor-a-san-cayetano\/\"]}]},{\"@type\":\"BreadcrumbList\",\"@id\":\"https:\/\/www.celttv.com.ar\/index.php\/2024\/08\/06\/miercoles-7-de-agosto-misa-en-honor-a-san-cayetano\/#breadcrumb\",\"itemListElement\":[{\"@type\":\"ListItem\",\"position\":1,\"name\":\"Inicio\",\"item\":\"https:\/\/www.celttv.com.ar\/\"},{\"@type\":\"ListItem\",\"position\":2,\"name\":\"Mi\u00e8rcoles 7 de agosto: Misa en honor a San Cayetano\"}]},{\"@type\":\"WebSite\",\"@id\":\"https:\/\/www.celttv.com.ar\/#website\",\"url\":\"https:\/\/www.celttv.com.ar\/\",\"name\":\"CELTTV\",\"description\":\"Cooperativa El\u00e9ctrica de Tornquist\",\"publisher\":{\"@id\":\"https:\/\/www.celttv.com.ar\/#organization\"},\"potentialAction\":[{\"@type\":\"SearchAction\",\"target\":{\"@type\":\"EntryPoint\",\"urlTemplate\":\"https:\/\/www.celttv.com.ar\/?s={search_term_string}\"},\"query-input\":\"required name=search_term_string\"}],\"inLanguage\":\"es\"},{\"@type\":\"Organization\",\"@id\":\"https:\/\/www.celttv.com.ar\/#organization\",\"name\":\"CELTTV\",\"url\":\"https:\/\/www.celttv.com.ar\/\",\"sameAs\":[\"https:\/\/www.youtube.com\/channel\/UCz_oIt8Hig64Ub-EmcNPIhg\",\"https:\/\/www.facebook.com\/celtTV\/\"],\"logo\":{\"@type\":\"ImageObject\",\"inLanguage\":\"es\",\"@id\":\"https:\/\/www.celttv.com.ar\/#\/schema\/logo\/image\/\",\"url\":\"http:\/\/www.celttv.com.ar\/wp-content\/uploads\/2022\/08\/logo-1.png\",\"contentUrl\":\"http:\/\/www.celttv.com.ar\/wp-content\/uploads\/2022\/08\/logo-1.png\",\"width\":461,\"height\":159,\"caption\":\"CELTTV\"},\"image\":{\"@id\":\"https:\/\/www.celttv.com.ar\/#\/schema\/logo\/image\/\"}},{\"@type\":\"Person\",\"@id\":\"https:\/\/www.celttv.com.ar\/#\/schema\/person\/9059dc91dc7204ef4182cdb65225f07d\",\"name\":\"Miguel Herrada\",\"image\":{\"@type\":\"ImageObject\",\"inLanguage\":\"es\",\"@id\":\"https:\/\/www.celttv.com.ar\/#\/schema\/person\/image\/\",\"url\":\"https:\/\/secure.gravatar.com\/avatar\/67724d5b3c716623ffd76bec7e45841a442ac3b456e914dbba90b0fad2b8e0b1?s=96&d=mm&r=g\",\"contentUrl\":\"https:\/\/secure.gravatar.com\/avatar\/67724d5b3c716623ffd76bec7e45841a442ac3b456e914dbba90b0fad2b8e0b1?s=96&d=mm&r=g\",\"caption\":\"Miguel Herrada\"}}]}<\/script>\n<!-- \/ Yoast SEO plugin. -->","yoast_head_json":{"title":"Mi\u00e8rcoles 7 de agosto: Misa en honor a San Cayetano - CELTTV","description":"Sitio web de noticias de la localidad de Tornquist, provincia de Buenos Aires, Rep\u00fablica Argentina. Contenido propio originado por periodistas de CELTTV, el canal de TV local de la Cooperativa El\u00e9ctrica de Tornquist. Turismo, Pol\u00edtica, Sociedad, Deporte, Cultura y todo el contenido de inter\u00e9s general que la gente del pueblo y la regi\u00f3n debe conocer.","robots":{"index":"index","follow":"follow","max-snippet":"max-snippet:-1","max-image-preview":"max-image-preview:large","max-video-preview":"max-video-preview:-1"},"canonical":"https:\/\/www.celttv.com.ar\/index.php\/2024\/08\/06\/miercoles-7-de-agosto-misa-en-honor-a-san-cayetano\/","og_locale":"es_ES","og_type":"article","og_title":"Mi\u00e8rcoles 7 de agosto: Misa en honor a San Cayetano - CELTTV","og_description":"Sitio web de noticias de la localidad de Tornquist, provincia de Buenos Aires, Rep\u00fablica Argentina. Contenido propio originado por periodistas de CELTTV, el canal de TV local de la Cooperativa El\u00e9ctrica de Tornquist. Turismo, Pol\u00edtica, Sociedad, Deporte, Cultura y todo el contenido de inter\u00e9s general que la gente del pueblo y la regi\u00f3n debe conocer.","og_url":"https:\/\/www.celttv.com.ar\/index.php\/2024\/08\/06\/miercoles-7-de-agosto-misa-en-honor-a-san-cayetano\/","og_site_name":"CELTTV","article_publisher":"https:\/\/www.facebook.com\/celtTV\/","article_published_time":"2024-08-06T21:24:15+00:00","og_image":[{"width":615,"height":456,"url":"https:\/\/www.celttv.com.ar\/wp-content\/uploads\/2024\/08\/san-cayetano.jpg","type":"image\/jpeg"}],"author":"Miguel Herrada","twitter_card":"summary_large_image","twitter_misc":{"Escrito por":"Miguel Herrada"},"schema":{"@context":"https:\/\/schema.org","@graph":[{"@type":"NewsArticle","@id":"https:\/\/www.celttv.com.ar\/index.php\/2024\/08\/06\/miercoles-7-de-agosto-misa-en-honor-a-san-cayetano\/#article","isPartOf":{"@id":"https:\/\/www.celttv.com.ar\/index.php\/2024\/08\/06\/miercoles-7-de-agosto-misa-en-honor-a-san-cayetano\/"},"author":{"name":"Miguel Herrada","@id":"https:\/\/www.celttv.com.ar\/#\/schema\/person\/9059dc91dc7204ef4182cdb65225f07d"},"headline":"Mi\u00e8rcoles 7 de agosto: Misa en honor a San Cayetano","datePublished":"2024-08-06T21:24:15+00:00","dateModified":"2024-08-06T21:24:15+00:00","mainEntityOfPage":{"@id":"https:\/\/www.celttv.com.ar\/index.php\/2024\/08\/06\/miercoles-7-de-agosto-misa-en-honor-a-san-cayetano\/"},"wordCount":85,"publisher":{"@id":"https:\/\/www.celttv.com.ar\/#organization"},"articleSection":["Comunidad"],"inLanguage":"es"},{"@type":"WebPage","@id":"https:\/\/www.celttv.com.ar\/index.php\/2024\/08\/06\/miercoles-7-de-agosto-misa-en-honor-a-san-cayetano\/","url":"https:\/\/www.celttv.com.ar\/index.php\/2024\/08\/06\/miercoles-7-de-agosto-misa-en-honor-a-san-cayetano\/","name":"Mi\u00e8rcoles 7 de agosto: Misa en honor a San Cayetano - CELTTV","isPartOf":{"@id":"https:\/\/www.celttv.com.ar\/#website"},"datePublished":"2024-08-06T21:24:15+00:00","dateModified":"2024-08-06T21:24:15+00:00","description":"Sitio web de noticias de la localidad de Tornquist, provincia de Buenos Aires, Rep\u00fablica Argentina. Contenido propio originado por periodistas de CELTTV, el canal de TV local de la Cooperativa El\u00e9ctrica de Tornquist. Turismo, Pol\u00edtica, Sociedad, Deporte, Cultura y todo el contenido de inter\u00e9s general que la gente del pueblo y la regi\u00f3n debe conocer.","breadcrumb":{"@id":"https:\/\/www.celttv.com.ar\/index.php\/2024\/08\/06\/miercoles-7-de-agosto-misa-en-honor-a-san-cayetano\/#breadcrumb"},"inLanguage":"es","potentialAction":[{"@type":"ReadAction","target":["https:\/\/www.celttv.com.ar\/index.php\/2024\/08\/06\/miercoles-7-de-agosto-misa-en-honor-a-san-cayetano\/"]}]},{"@type":"BreadcrumbList","@id":"https:\/\/www.celttv.com.ar\/index.php\/2024\/08\/06\/miercoles-7-de-agosto-misa-en-honor-a-san-cayetano\/#breadcrumb","itemListElement":[{"@type":"ListItem","position":1,"name":"Inicio","item":"https:\/\/www.celttv.com.ar\/"},{"@type":"ListItem","position":2,"name":"Mi\u00e8rcoles 7 de agosto: Misa en honor a San Cayetano"}]},{"@type":"WebSite","@id":"https:\/\/www.celttv.com.ar\/#website","url":"https:\/\/www.celttv.com.ar\/","name":"CELTTV","description":"Cooperativa El\u00e9ctrica de Tornquist","publisher":{"@id":"https:\/\/www.celttv.com.ar\/#organization"},"potentialAction":[{"@type":"SearchAction","target":{"@type":"EntryPoint","urlTemplate":"https:\/\/www.celttv.com.ar\/?s={search_term_string}"},"query-input":"required name=search_term_string"}],"inLanguage":"es"},{"@type":"Organization","@id":"https:\/\/www.celttv.com.ar\/#organization","name":"CELTTV","url":"https:\/\/www.celttv.com.ar\/","sameAs":["https:\/\/www.youtube.com\/channel\/UCz_oIt8Hig64Ub-EmcNPIhg","https:\/\/www.facebook.com\/celtTV\/"],"logo":{"@type":"ImageObject","inLanguage":"es","@id":"https:\/\/www.celttv.com.ar\/#\/schema\/logo\/image\/","url":"http:\/\/www.celttv.com.ar\/wp-content\/uploads\/2022\/08\/logo-1.png","contentUrl":"http:\/\/www.celttv.com.ar\/wp-content\/uploads\/2022\/08\/logo-1.png","width":461,"height":159,"caption":"CELTTV"},"image":{"@id":"https:\/\/www.celttv.com.ar\/#\/schema\/logo\/image\/"}},{"@type":"Person","@id":"https:\/\/www.celttv.com.ar\/#\/schema\/person\/9059dc91dc7204ef4182cdb65225f07d","name":"Miguel Herrada","image":{"@type":"ImageObject","inLanguage":"es","@id":"https:\/\/www.celttv.com.ar\/#\/schema\/person\/image\/","url":"https:\/\/secure.gravatar.com\/avatar\/67724d5b3c716623ffd76bec7e45841a442ac3b456e914dbba90b0fad2b8e0b1?s=96&d=mm&r=g","contentUrl":"https:\/\/secure.gravatar.com\/avatar\/67724d5b3c716623ffd76bec7e45841a442ac3b456e914dbba90b0fad2b8e0b1?s=96&d=mm&r=g","caption":"Miguel Herrada"}}]}},"_links":{"self":[{"href":"https:\/\/www.celttv.com.ar\/index.php\/wp-json\/wp\/v2\/posts\/85429","targetHints":{"allow":["GET"]}}],"collection":[{"href":"https:\/\/www.celttv.com.ar\/index.php\/wp-json\/wp\/v2\/posts"}],"about":[{"href":"https:\/\/www.celttv.com.ar\/index.php\/wp-json\/wp\/v2\/types\/post"}],"author":[{"embeddable":true,"href":"https:\/\/www.celttv.com.ar\/index.php\/wp-json\/wp\/v2\/users\/5"}],"replies":[{"embeddable":true,"href":"https:\/\/www.celttv.com.ar\/index.php\/wp-json\/wp\/v2\/comments?post=85429"}],"version-history":[{"count":1,"href":"https:\/\/www.celttv.com.ar\/index.php\/wp-json\/wp\/v2\/posts\/85429\/revisions"}],"predecessor-version":[{"id":85431,"href":"https:\/\/www.celttv.com.ar\/index.php\/wp-json\/wp\/v2\/posts\/85429\/revisions\/85431"}],"wp:featuredmedia":[{"embeddable":true,"href":"https:\/\/www.celttv.com.ar\/index.php\/wp-json\/wp\/v2\/media\/85430"}],"wp:attachment":[{"href":"https:\/\/www.celttv.com.ar\/index.php\/wp-json\/wp\/v2\/media?parent=85429"}],"wp:term":[{"taxonomy":"category","embeddable":true,"href":"https:\/\/www.celttv.com.ar\/index.php\/wp-json\/wp\/v2\/categories?post=85429"},{"taxonomy":"post_tag","embeddable":true,"href":"https:\/\/www.celttv.com.ar\/index.php\/wp-json\/wp\/v2\/tags?post=85429"}],"curies":[{"name":"wp","href":"https:\/\/api.w.org\/{rel}","templated":true}]}}