{"id":85456,"date":"2024-08-08T19:44:28","date_gmt":"2024-08-08T22:44:28","guid":{"rendered":"https:\/\/www.celttv.com.ar\/?p=85456"},"modified":"2024-08-08T19:45:31","modified_gmt":"2024-08-08T22:45:31","slug":"perdida-mente-una-obra-de-teatro-para-reir-y-reflexionar-llega-al-teatro-funke","status":"publish","type":"post","link":"https:\/\/www.celttv.com.ar\/index.php\/2024\/08\/08\/perdida-mente-una-obra-de-teatro-para-reir-y-reflexionar-llega-al-teatro-funke\/","title":{"rendered":"\u201cPerdida Mente\u201d, una obra de teatro para re\u00edr y reflexionar, llega al Teatro Funke (Nota con Jos\u00e9 Mar\u00eda Muscari)"},"content":{"rendered":"<p>El 18 de agosto a las 20,30 hs. se presenta en Tornquist \u201cPerdida Mente\u201d, la consagrada comedia dram\u00e1tica dirigida por Jos\u00e9 Mar\u00eda Muscari, con libreto del propio Muscari y Mariela Asensio y un elenco de prestigio: Leonor Benedetto, Ana Mar\u00eda Picchio, Iliana Calabr\u00f3, Emilia Mazer y Mirta Wons, quienes van a deleitar a los espectadores con sus maravillosas actuaciones que les valieron aplausos y felicitaciones del p\u00fablico de todo el pa\u00eds.<\/p>\n<p>Para adelantar algunos detalles de la puesta en escena en el Teatro Rodolfo Funke, CELTTV Noticias convers\u00f3 este mediod\u00eda con el reconocido director Jos\u00e9 Mar\u00eda Muscari que visitar\u00e1 nuestra ciudad con un gran elenco el pr\u00f3ximo 18 de agosto.<\/p>\n<p><iframe loading=\"lazy\" title=\"2024 08 08 COMUNICACION VIA ZOOM CON JOSE MARIA MUSCARI\" width=\"500\" height=\"281\" src=\"https:\/\/www.youtube.com\/embed\/UKyobPcyJAc?feature=oembed\" frameborder=\"0\" allow=\"accelerometer; autoplay; clipboard-write; encrypted-media; gyroscope; picture-in-picture; web-share\" referrerpolicy=\"strict-origin-when-cross-origin\" allowfullscreen><\/iframe><\/p>\n<p><img loading=\"lazy\" decoding=\"async\" class=\"alignnone wp-image-85459 size-full\" src=\"https:\/\/www.celttv.com.ar\/wp-content\/uploads\/2024\/08\/PERDIDAMENTE.jpg\" alt=\"\" width=\"654\" height=\"653\" srcset=\"https:\/\/www.celttv.com.ar\/wp-content\/uploads\/2024\/08\/PERDIDAMENTE.jpg 654w, https:\/\/www.celttv.com.ar\/wp-content\/uploads\/2024\/08\/PERDIDAMENTE-300x300.jpg 300w, https:\/\/www.celttv.com.ar\/wp-content\/uploads\/2024\/08\/PERDIDAMENTE-150x150.jpg 150w, https:\/\/www.celttv.com.ar\/wp-content\/uploads\/2024\/08\/PERDIDAMENTE-75x75.jpg 75w\" sizes=\"auto, (max-width: 654px) 100vw, 654px\" \/><\/p>\n","protected":false},"excerpt":{"rendered":"<p>El 18 de agosto a las 20,30 hs. se presenta en Tornquist \u201cPerdida Mente\u201d, la consagrada comedia dram\u00e1tica dirigida por Jos\u00e9 Mar\u00eda Muscari, con libreto del propio Muscari y Mariela Asensio y un elenco de prestigio: Leonor Benedetto, Ana Mar\u00eda Picchio, Iliana Calabr\u00f3, Emilia Mazer y Mirta Wons, quienes van a deleitar a los espectadores [&hellip;]<\/p>\n","protected":false},"author":5,"featured_media":85459,"comment_status":"closed","ping_status":"closed","sticky":false,"template":"","format":"standard","meta":{"footnotes":""},"categories":[56,1],"tags":[],"class_list":["post-85456","post","type-post","status-publish","format-standard","has-post-thumbnail","hentry","category-espectaculos","category-sin-categoria"],"yoast_head":"<!-- This site is optimized with the Yoast SEO plugin v19.7.1 - https:\/\/yoast.com\/wordpress\/plugins\/seo\/ -->\n<title>\u201cPerdida Mente\u201d, una obra de teatro para re\u00edr y reflexionar, llega al Teatro Funke (Nota con Jos\u00e9 Mar\u00eda Muscari) - CELTTV<\/title>\n<meta name=\"description\" content=\"Sitio web de noticias de la localidad de Tornquist, provincia de Buenos Aires, Rep\u00fablica Argentina. Contenido propio originado por periodistas de CELTTV, el canal de TV local de la Cooperativa El\u00e9ctrica de Tornquist. Turismo, Pol\u00edtica, Sociedad, Deporte, Cultura y todo el contenido de inter\u00e9s general que la gente del pueblo y la regi\u00f3n debe conocer.\" \/>\n<meta name=\"robots\" content=\"index, follow, max-snippet:-1, max-image-preview:large, max-video-preview:-1\" \/>\n<link rel=\"canonical\" href=\"https:\/\/www.celttv.com.ar\/index.php\/2024\/08\/08\/perdida-mente-una-obra-de-teatro-para-reir-y-reflexionar-llega-al-teatro-funke\/\" \/>\n<meta property=\"og:locale\" content=\"es_ES\" \/>\n<meta property=\"og:type\" content=\"article\" \/>\n<meta property=\"og:title\" content=\"\u201cPerdida Mente\u201d, una obra de teatro para re\u00edr y reflexionar, llega al Teatro Funke (Nota con Jos\u00e9 Mar\u00eda Muscari) - CELTTV\" \/>\n<meta property=\"og:description\" content=\"Sitio web de noticias de la localidad de Tornquist, provincia de Buenos Aires, Rep\u00fablica Argentina. Contenido propio originado por periodistas de CELTTV, el canal de TV local de la Cooperativa El\u00e9ctrica de Tornquist. Turismo, Pol\u00edtica, Sociedad, Deporte, Cultura y todo el contenido de inter\u00e9s general que la gente del pueblo y la regi\u00f3n debe conocer.\" \/>\n<meta property=\"og:url\" content=\"https:\/\/www.celttv.com.ar\/index.php\/2024\/08\/08\/perdida-mente-una-obra-de-teatro-para-reir-y-reflexionar-llega-al-teatro-funke\/\" \/>\n<meta property=\"og:site_name\" content=\"CELTTV\" \/>\n<meta property=\"article:publisher\" content=\"https:\/\/www.facebook.com\/celtTV\/\" \/>\n<meta property=\"article:published_time\" content=\"2024-08-08T22:44:28+00:00\" \/>\n<meta property=\"article:modified_time\" content=\"2024-08-08T22:45:31+00:00\" \/>\n<meta property=\"og:image\" content=\"https:\/\/www.celttv.com.ar\/wp-content\/uploads\/2024\/08\/PERDIDAMENTE.jpg\" \/>\n\t<meta property=\"og:image:width\" content=\"654\" \/>\n\t<meta property=\"og:image:height\" content=\"653\" \/>\n\t<meta property=\"og:image:type\" content=\"image\/jpeg\" \/>\n<meta name=\"author\" content=\"Miguel Herrada\" \/>\n<meta name=\"twitter:card\" content=\"summary_large_image\" \/>\n<meta name=\"twitter:label1\" content=\"Escrito por\" \/>\n\t<meta name=\"twitter:data1\" content=\"Miguel Herrada\" \/>\n\t<meta name=\"twitter:label2\" content=\"Tiempo de lectura\" \/>\n\t<meta name=\"twitter:data2\" content=\"1 minuto\" \/>\n<script type=\"application\/ld+json\" class=\"yoast-schema-graph\">{\"@context\":\"https:\/\/schema.org\",\"@graph\":[{\"@type\":\"NewsArticle\",\"@id\":\"https:\/\/www.celttv.com.ar\/index.php\/2024\/08\/08\/perdida-mente-una-obra-de-teatro-para-reir-y-reflexionar-llega-al-teatro-funke\/#article\",\"isPartOf\":{\"@id\":\"https:\/\/www.celttv.com.ar\/index.php\/2024\/08\/08\/perdida-mente-una-obra-de-teatro-para-reir-y-reflexionar-llega-al-teatro-funke\/\"},\"author\":{\"name\":\"Miguel Herrada\",\"@id\":\"https:\/\/www.celttv.com.ar\/#\/schema\/person\/9059dc91dc7204ef4182cdb65225f07d\"},\"headline\":\"\u201cPerdida Mente\u201d, una obra de teatro para re\u00edr y reflexionar, llega al Teatro Funke (Nota con Jos\u00e9 Mar\u00eda Muscari)\",\"datePublished\":\"2024-08-08T22:44:28+00:00\",\"dateModified\":\"2024-08-08T22:45:31+00:00\",\"mainEntityOfPage\":{\"@id\":\"https:\/\/www.celttv.com.ar\/index.php\/2024\/08\/08\/perdida-mente-una-obra-de-teatro-para-reir-y-reflexionar-llega-al-teatro-funke\/\"},\"wordCount\":140,\"publisher\":{\"@id\":\"https:\/\/www.celttv.com.ar\/#organization\"},\"articleSection\":[\"Espect\u00e1culos\"],\"inLanguage\":\"es\"},{\"@type\":\"WebPage\",\"@id\":\"https:\/\/www.celttv.com.ar\/index.php\/2024\/08\/08\/perdida-mente-una-obra-de-teatro-para-reir-y-reflexionar-llega-al-teatro-funke\/\",\"url\":\"https:\/\/www.celttv.com.ar\/index.php\/2024\/08\/08\/perdida-mente-una-obra-de-teatro-para-reir-y-reflexionar-llega-al-teatro-funke\/\",\"name\":\"\u201cPerdida Mente\u201d, una obra de teatro para re\u00edr y reflexionar, llega al Teatro Funke (Nota con Jos\u00e9 Mar\u00eda Muscari) - CELTTV\",\"isPartOf\":{\"@id\":\"https:\/\/www.celttv.com.ar\/#website\"},\"datePublished\":\"2024-08-08T22:44:28+00:00\",\"dateModified\":\"2024-08-08T22:45:31+00:00\",\"description\":\"Sitio web de noticias de la localidad de Tornquist, provincia de Buenos Aires, Rep\u00fablica Argentina. Contenido propio originado por periodistas de CELTTV, el canal de TV local de la Cooperativa El\u00e9ctrica de Tornquist. Turismo, Pol\u00edtica, Sociedad, Deporte, Cultura y todo el contenido de inter\u00e9s general que la gente del pueblo y la regi\u00f3n debe conocer.\",\"breadcrumb\":{\"@id\":\"https:\/\/www.celttv.com.ar\/index.php\/2024\/08\/08\/perdida-mente-una-obra-de-teatro-para-reir-y-reflexionar-llega-al-teatro-funke\/#breadcrumb\"},\"inLanguage\":\"es\",\"potentialAction\":[{\"@type\":\"ReadAction\",\"target\":[\"https:\/\/www.celttv.com.ar\/index.php\/2024\/08\/08\/perdida-mente-una-obra-de-teatro-para-reir-y-reflexionar-llega-al-teatro-funke\/\"]}]},{\"@type\":\"BreadcrumbList\",\"@id\":\"https:\/\/www.celttv.com.ar\/index.php\/2024\/08\/08\/perdida-mente-una-obra-de-teatro-para-reir-y-reflexionar-llega-al-teatro-funke\/#breadcrumb\",\"itemListElement\":[{\"@type\":\"ListItem\",\"position\":1,\"name\":\"Inicio\",\"item\":\"https:\/\/www.celttv.com.ar\/\"},{\"@type\":\"ListItem\",\"position\":2,\"name\":\"\u201cPerdida Mente\u201d, una obra de teatro para re\u00edr y reflexionar, llega al Teatro Funke (Nota con Jos\u00e9 Mar\u00eda Muscari)\"}]},{\"@type\":\"WebSite\",\"@id\":\"https:\/\/www.celttv.com.ar\/#website\",\"url\":\"https:\/\/www.celttv.com.ar\/\",\"name\":\"CELTTV\",\"description\":\"Cooperativa El\u00e9ctrica de Tornquist\",\"publisher\":{\"@id\":\"https:\/\/www.celttv.com.ar\/#organization\"},\"potentialAction\":[{\"@type\":\"SearchAction\",\"target\":{\"@type\":\"EntryPoint\",\"urlTemplate\":\"https:\/\/www.celttv.com.ar\/?s={search_term_string}\"},\"query-input\":\"required name=search_term_string\"}],\"inLanguage\":\"es\"},{\"@type\":\"Organization\",\"@id\":\"https:\/\/www.celttv.com.ar\/#organization\",\"name\":\"CELTTV\",\"url\":\"https:\/\/www.celttv.com.ar\/\",\"sameAs\":[\"https:\/\/www.youtube.com\/channel\/UCz_oIt8Hig64Ub-EmcNPIhg\",\"https:\/\/www.facebook.com\/celtTV\/\"],\"logo\":{\"@type\":\"ImageObject\",\"inLanguage\":\"es\",\"@id\":\"https:\/\/www.celttv.com.ar\/#\/schema\/logo\/image\/\",\"url\":\"http:\/\/www.celttv.com.ar\/wp-content\/uploads\/2022\/08\/logo-1.png\",\"contentUrl\":\"http:\/\/www.celttv.com.ar\/wp-content\/uploads\/2022\/08\/logo-1.png\",\"width\":461,\"height\":159,\"caption\":\"CELTTV\"},\"image\":{\"@id\":\"https:\/\/www.celttv.com.ar\/#\/schema\/logo\/image\/\"}},{\"@type\":\"Person\",\"@id\":\"https:\/\/www.celttv.com.ar\/#\/schema\/person\/9059dc91dc7204ef4182cdb65225f07d\",\"name\":\"Miguel Herrada\",\"image\":{\"@type\":\"ImageObject\",\"inLanguage\":\"es\",\"@id\":\"https:\/\/www.celttv.com.ar\/#\/schema\/person\/image\/\",\"url\":\"https:\/\/secure.gravatar.com\/avatar\/67724d5b3c716623ffd76bec7e45841a442ac3b456e914dbba90b0fad2b8e0b1?s=96&d=mm&r=g\",\"contentUrl\":\"https:\/\/secure.gravatar.com\/avatar\/67724d5b3c716623ffd76bec7e45841a442ac3b456e914dbba90b0fad2b8e0b1?s=96&d=mm&r=g\",\"caption\":\"Miguel Herrada\"}}]}<\/script>\n<!-- \/ Yoast SEO plugin. -->","yoast_head_json":{"title":"\u201cPerdida Mente\u201d, una obra de teatro para re\u00edr y reflexionar, llega al Teatro Funke (Nota con Jos\u00e9 Mar\u00eda Muscari) - CELTTV","description":"Sitio web de noticias de la localidad de Tornquist, provincia de Buenos Aires, Rep\u00fablica Argentina. Contenido propio originado por periodistas de CELTTV, el canal de TV local de la Cooperativa El\u00e9ctrica de Tornquist. Turismo, Pol\u00edtica, Sociedad, Deporte, Cultura y todo el contenido de inter\u00e9s general que la gente del pueblo y la regi\u00f3n debe conocer.","robots":{"index":"index","follow":"follow","max-snippet":"max-snippet:-1","max-image-preview":"max-image-preview:large","max-video-preview":"max-video-preview:-1"},"canonical":"https:\/\/www.celttv.com.ar\/index.php\/2024\/08\/08\/perdida-mente-una-obra-de-teatro-para-reir-y-reflexionar-llega-al-teatro-funke\/","og_locale":"es_ES","og_type":"article","og_title":"\u201cPerdida Mente\u201d, una obra de teatro para re\u00edr y reflexionar, llega al Teatro Funke (Nota con Jos\u00e9 Mar\u00eda Muscari) - CELTTV","og_description":"Sitio web de noticias de la localidad de Tornquist, provincia de Buenos Aires, Rep\u00fablica Argentina. Contenido propio originado por periodistas de CELTTV, el canal de TV local de la Cooperativa El\u00e9ctrica de Tornquist. Turismo, Pol\u00edtica, Sociedad, Deporte, Cultura y todo el contenido de inter\u00e9s general que la gente del pueblo y la regi\u00f3n debe conocer.","og_url":"https:\/\/www.celttv.com.ar\/index.php\/2024\/08\/08\/perdida-mente-una-obra-de-teatro-para-reir-y-reflexionar-llega-al-teatro-funke\/","og_site_name":"CELTTV","article_publisher":"https:\/\/www.facebook.com\/celtTV\/","article_published_time":"2024-08-08T22:44:28+00:00","article_modified_time":"2024-08-08T22:45:31+00:00","og_image":[{"width":654,"height":653,"url":"https:\/\/www.celttv.com.ar\/wp-content\/uploads\/2024\/08\/PERDIDAMENTE.jpg","type":"image\/jpeg"}],"author":"Miguel Herrada","twitter_card":"summary_large_image","twitter_misc":{"Escrito por":"Miguel Herrada","Tiempo de lectura":"1 minuto"},"schema":{"@context":"https:\/\/schema.org","@graph":[{"@type":"NewsArticle","@id":"https:\/\/www.celttv.com.ar\/index.php\/2024\/08\/08\/perdida-mente-una-obra-de-teatro-para-reir-y-reflexionar-llega-al-teatro-funke\/#article","isPartOf":{"@id":"https:\/\/www.celttv.com.ar\/index.php\/2024\/08\/08\/perdida-mente-una-obra-de-teatro-para-reir-y-reflexionar-llega-al-teatro-funke\/"},"author":{"name":"Miguel Herrada","@id":"https:\/\/www.celttv.com.ar\/#\/schema\/person\/9059dc91dc7204ef4182cdb65225f07d"},"headline":"\u201cPerdida Mente\u201d, una obra de teatro para re\u00edr y reflexionar, llega al Teatro Funke (Nota con Jos\u00e9 Mar\u00eda Muscari)","datePublished":"2024-08-08T22:44:28+00:00","dateModified":"2024-08-08T22:45:31+00:00","mainEntityOfPage":{"@id":"https:\/\/www.celttv.com.ar\/index.php\/2024\/08\/08\/perdida-mente-una-obra-de-teatro-para-reir-y-reflexionar-llega-al-teatro-funke\/"},"wordCount":140,"publisher":{"@id":"https:\/\/www.celttv.com.ar\/#organization"},"articleSection":["Espect\u00e1culos"],"inLanguage":"es"},{"@type":"WebPage","@id":"https:\/\/www.celttv.com.ar\/index.php\/2024\/08\/08\/perdida-mente-una-obra-de-teatro-para-reir-y-reflexionar-llega-al-teatro-funke\/","url":"https:\/\/www.celttv.com.ar\/index.php\/2024\/08\/08\/perdida-mente-una-obra-de-teatro-para-reir-y-reflexionar-llega-al-teatro-funke\/","name":"\u201cPerdida Mente\u201d, una obra de teatro para re\u00edr y reflexionar, llega al Teatro Funke (Nota con Jos\u00e9 Mar\u00eda Muscari) - CELTTV","isPartOf":{"@id":"https:\/\/www.celttv.com.ar\/#website"},"datePublished":"2024-08-08T22:44:28+00:00","dateModified":"2024-08-08T22:45:31+00:00","description":"Sitio web de noticias de la localidad de Tornquist, provincia de Buenos Aires, Rep\u00fablica Argentina. Contenido propio originado por periodistas de CELTTV, el canal de TV local de la Cooperativa El\u00e9ctrica de Tornquist. Turismo, Pol\u00edtica, Sociedad, Deporte, Cultura y todo el contenido de inter\u00e9s general que la gente del pueblo y la regi\u00f3n debe conocer.","breadcrumb":{"@id":"https:\/\/www.celttv.com.ar\/index.php\/2024\/08\/08\/perdida-mente-una-obra-de-teatro-para-reir-y-reflexionar-llega-al-teatro-funke\/#breadcrumb"},"inLanguage":"es","potentialAction":[{"@type":"ReadAction","target":["https:\/\/www.celttv.com.ar\/index.php\/2024\/08\/08\/perdida-mente-una-obra-de-teatro-para-reir-y-reflexionar-llega-al-teatro-funke\/"]}]},{"@type":"BreadcrumbList","@id":"https:\/\/www.celttv.com.ar\/index.php\/2024\/08\/08\/perdida-mente-una-obra-de-teatro-para-reir-y-reflexionar-llega-al-teatro-funke\/#breadcrumb","itemListElement":[{"@type":"ListItem","position":1,"name":"Inicio","item":"https:\/\/www.celttv.com.ar\/"},{"@type":"ListItem","position":2,"name":"\u201cPerdida Mente\u201d, una obra de teatro para re\u00edr y reflexionar, llega al Teatro Funke (Nota con Jos\u00e9 Mar\u00eda Muscari)"}]},{"@type":"WebSite","@id":"https:\/\/www.celttv.com.ar\/#website","url":"https:\/\/www.celttv.com.ar\/","name":"CELTTV","description":"Cooperativa El\u00e9ctrica de Tornquist","publisher":{"@id":"https:\/\/www.celttv.com.ar\/#organization"},"potentialAction":[{"@type":"SearchAction","target":{"@type":"EntryPoint","urlTemplate":"https:\/\/www.celttv.com.ar\/?s={search_term_string}"},"query-input":"required name=search_term_string"}],"inLanguage":"es"},{"@type":"Organization","@id":"https:\/\/www.celttv.com.ar\/#organization","name":"CELTTV","url":"https:\/\/www.celttv.com.ar\/","sameAs":["https:\/\/www.youtube.com\/channel\/UCz_oIt8Hig64Ub-EmcNPIhg","https:\/\/www.facebook.com\/celtTV\/"],"logo":{"@type":"ImageObject","inLanguage":"es","@id":"https:\/\/www.celttv.com.ar\/#\/schema\/logo\/image\/","url":"http:\/\/www.celttv.com.ar\/wp-content\/uploads\/2022\/08\/logo-1.png","contentUrl":"http:\/\/www.celttv.com.ar\/wp-content\/uploads\/2022\/08\/logo-1.png","width":461,"height":159,"caption":"CELTTV"},"image":{"@id":"https:\/\/www.celttv.com.ar\/#\/schema\/logo\/image\/"}},{"@type":"Person","@id":"https:\/\/www.celttv.com.ar\/#\/schema\/person\/9059dc91dc7204ef4182cdb65225f07d","name":"Miguel Herrada","image":{"@type":"ImageObject","inLanguage":"es","@id":"https:\/\/www.celttv.com.ar\/#\/schema\/person\/image\/","url":"https:\/\/secure.gravatar.com\/avatar\/67724d5b3c716623ffd76bec7e45841a442ac3b456e914dbba90b0fad2b8e0b1?s=96&d=mm&r=g","contentUrl":"https:\/\/secure.gravatar.com\/avatar\/67724d5b3c716623ffd76bec7e45841a442ac3b456e914dbba90b0fad2b8e0b1?s=96&d=mm&r=g","caption":"Miguel Herrada"}}]}},"_links":{"self":[{"href":"https:\/\/www.celttv.com.ar\/index.php\/wp-json\/wp\/v2\/posts\/85456","targetHints":{"allow":["GET"]}}],"collection":[{"href":"https:\/\/www.celttv.com.ar\/index.php\/wp-json\/wp\/v2\/posts"}],"about":[{"href":"https:\/\/www.celttv.com.ar\/index.php\/wp-json\/wp\/v2\/types\/post"}],"author":[{"embeddable":true,"href":"https:\/\/www.celttv.com.ar\/index.php\/wp-json\/wp\/v2\/users\/5"}],"replies":[{"embeddable":true,"href":"https:\/\/www.celttv.com.ar\/index.php\/wp-json\/wp\/v2\/comments?post=85456"}],"version-history":[{"count":4,"href":"https:\/\/www.celttv.com.ar\/index.php\/wp-json\/wp\/v2\/posts\/85456\/revisions"}],"predecessor-version":[{"id":85461,"href":"https:\/\/www.celttv.com.ar\/index.php\/wp-json\/wp\/v2\/posts\/85456\/revisions\/85461"}],"wp:featuredmedia":[{"embeddable":true,"href":"https:\/\/www.celttv.com.ar\/index.php\/wp-json\/wp\/v2\/media\/85459"}],"wp:attachment":[{"href":"https:\/\/www.celttv.com.ar\/index.php\/wp-json\/wp\/v2\/media?parent=85456"}],"wp:term":[{"taxonomy":"category","embeddable":true,"href":"https:\/\/www.celttv.com.ar\/index.php\/wp-json\/wp\/v2\/categories?post=85456"},{"taxonomy":"post_tag","embeddable":true,"href":"https:\/\/www.celttv.com.ar\/index.php\/wp-json\/wp\/v2\/tags?post=85456"}],"curies":[{"name":"wp","href":"https:\/\/api.w.org\/{rel}","templated":true}]}}