{"id":8547,"date":"2012-10-17T12:27:49","date_gmt":"2012-10-17T12:27:49","guid":{"rendered":"http:\/\/www.tvcnoticias.com.ar\/?p=8547"},"modified":"2012-10-17T12:27:49","modified_gmt":"2012-10-17T12:27:49","slug":"continua-la-agenda-del-intendente-trankels-en-china","status":"publish","type":"post","link":"https:\/\/www.celttv.com.ar\/index.php\/2012\/10\/17\/continua-la-agenda-del-intendente-trankels-en-china\/","title":{"rendered":"CONTINUA LA AGENDA DEL INTENDENTE TRANKELS EN CHINA"},"content":{"rendered":"<p><br \/>\nEn lo que result\u00f3 la segunda jornada de trabajo, el intendente municipal, licenciado Gustavo Trankels, encabez\u00f3 la delegaci\u00f3n argentina que se dirigi\u00f3 al Memorial del Primer Congreso Nacional del Partido Comunista Chino, acompa\u00f1ada por funcionarios del Departamento Internacional de la Ciudad de Shangh\u00e1i.<br \/>\n\u00a0\u00a0 \u00a0En este sitio hist\u00f3rico, se recuerda aquel primer encuentro fundacional acontecido en esta ciudad entre el 23 y el 30 de julio de 1921. Hubo una recorrida hist\u00f3rica a trav\u00e9s de los or\u00edgenes del partido, con homenajes a sus fundadores, especialmente a la figura de Mao Ts\u00e9Tung. Se entregaron y recibieron presentes en agradecimiento.<br \/>\n\u00a0\u00a0 M\u00e1s tarde, se visit\u00f3 el Museo de Planificaci\u00f3n de la Ciudad de Shangh\u00e1i, donde se conocieron las pol\u00edticas de mediano y largo plazo llevadas a cabo en la metr\u00f3polis, como la red de transportes, obras estrat\u00e9gicas en puertos y aeropuertos, construcciones, etc. Aqu\u00ed se hace visible el planeamiento estrat\u00e9gico de la ciudad en los \u00faltimos 25 a\u00f1os, as\u00ed como la proyecci\u00f3n para las pr\u00f3ximas dos d\u00e9cadas, principalmente como resultado del proceso de apertura y reforma aplicado por Deng Xaoping.<br \/>\n\u00a0\u00a0 Luego, la delegaci\u00f3n recorri\u00f3 las instalaciones del Proyecto Nueva Pu Dong, donde se puede observar el crecimiento de uno de los distritos m\u00e1s importantes de la Ciudad de Shangh\u00e1i.<br \/>\n\u00a0\u00a0 \u00a0Pu Dong es un barrio de urbanizaci\u00f3n reciente que, 30 a\u00f1os atr\u00e1s, era una regi\u00f3n de explotaci\u00f3n agropecuaria. Hoy, este barrio posee una zona franca que alberga a 300 de las m\u00e1s importantes empresas del mundo, as\u00ed como al mayor aeropuerto y al puerto m\u00e1s grande de China. Actualmente, cuenta con una poblaci\u00f3n de 5,7 millones y la producci\u00f3n abarca desde dibujos animados hasta aviaci\u00f3n civil, pasando por actividades portuarias, desarrollo de software, producci\u00f3n automotriz y farmac\u00e9utica, y proyectos de energ\u00edas alternativas, entre otras.<br \/>\n\u00a0\u00a0 Finalmente, la delegaci\u00f3n argentina se dirigi\u00f3 el Palacio de Artes de China, un museo de bellas artes nacionales cuya estructura fue sede de la Exposici\u00f3n Mundial de Shangh\u00e1i en 2010. All\u00ed conocieron obras de los principales exponentes de la pintura china, desde sus inicios hasta la contemporaneidad, pasando por grandes artistas como Zhang Daqian y Wang Shiyan.<\/p>\n","protected":false},"excerpt":{"rendered":"<p>En lo que result\u00f3 la segunda jornada de trabajo, el intendente municipal, licenciado Gustavo Trankels, encabez\u00f3 la delegaci\u00f3n argentina que se dirigi\u00f3 al Memorial del Primer Congreso Nacional del Partido Comunista Chino, acompa\u00f1ada por funcionarios del Departamento Internacional de la Ciudad de Shangh\u00e1i. \u00a0\u00a0 \u00a0En este sitio hist\u00f3rico, se recuerda aquel primer encuentro fundacional acontecido [&hellip;]<\/p>\n","protected":false},"author":1,"featured_media":0,"comment_status":"closed","ping_status":"open","sticky":false,"template":"","format":"standard","meta":{"footnotes":""},"categories":[51,52,53],"tags":[],"class_list":["post-8547","post","type-post","status-publish","format-standard","hentry","category-comunidad","category-destacadas","category-politica"],"yoast_head":"<!-- This site is optimized with the Yoast SEO plugin v19.7.1 - https:\/\/yoast.com\/wordpress\/plugins\/seo\/ -->\n<title>CONTINUA LA AGENDA DEL INTENDENTE TRANKELS EN CHINA - CELTTV<\/title>\n<meta name=\"description\" content=\"Sitio web de noticias de la localidad de Tornquist, provincia de Buenos Aires, Rep\u00fablica Argentina. Contenido propio originado por periodistas de CELTTV, el canal de TV local de la Cooperativa El\u00e9ctrica de Tornquist. Turismo, Pol\u00edtica, Sociedad, Deporte, Cultura y todo el contenido de inter\u00e9s general que la gente del pueblo y la regi\u00f3n debe conocer.\" \/>\n<meta name=\"robots\" content=\"index, follow, max-snippet:-1, max-image-preview:large, max-video-preview:-1\" \/>\n<link rel=\"canonical\" href=\"https:\/\/www.celttv.com.ar\/index.php\/2012\/10\/17\/continua-la-agenda-del-intendente-trankels-en-china\/\" \/>\n<meta property=\"og:locale\" content=\"es_ES\" \/>\n<meta property=\"og:type\" content=\"article\" \/>\n<meta property=\"og:title\" content=\"CONTINUA LA AGENDA DEL INTENDENTE TRANKELS EN CHINA - CELTTV\" \/>\n<meta property=\"og:description\" content=\"Sitio web de noticias de la localidad de Tornquist, provincia de Buenos Aires, Rep\u00fablica Argentina. Contenido propio originado por periodistas de CELTTV, el canal de TV local de la Cooperativa El\u00e9ctrica de Tornquist. Turismo, Pol\u00edtica, Sociedad, Deporte, Cultura y todo el contenido de inter\u00e9s general que la gente del pueblo y la regi\u00f3n debe conocer.\" \/>\n<meta property=\"og:url\" content=\"https:\/\/www.celttv.com.ar\/index.php\/2012\/10\/17\/continua-la-agenda-del-intendente-trankels-en-china\/\" \/>\n<meta property=\"og:site_name\" content=\"CELTTV\" \/>\n<meta property=\"article:publisher\" content=\"https:\/\/www.facebook.com\/celtTV\/\" \/>\n<meta property=\"article:published_time\" content=\"2012-10-17T12:27:49+00:00\" \/>\n<meta name=\"author\" content=\"ulises\" \/>\n<meta name=\"twitter:card\" content=\"summary_large_image\" \/>\n<meta name=\"twitter:label1\" content=\"Escrito por\" \/>\n\t<meta name=\"twitter:data1\" content=\"ulises\" \/>\n\t<meta name=\"twitter:label2\" content=\"Tiempo de lectura\" \/>\n\t<meta name=\"twitter:data2\" content=\"2 minutos\" \/>\n<script type=\"application\/ld+json\" class=\"yoast-schema-graph\">{\"@context\":\"https:\/\/schema.org\",\"@graph\":[{\"@type\":\"NewsArticle\",\"@id\":\"https:\/\/www.celttv.com.ar\/index.php\/2012\/10\/17\/continua-la-agenda-del-intendente-trankels-en-china\/#article\",\"isPartOf\":{\"@id\":\"https:\/\/www.celttv.com.ar\/index.php\/2012\/10\/17\/continua-la-agenda-del-intendente-trankels-en-china\/\"},\"author\":{\"name\":\"ulises\",\"@id\":\"https:\/\/www.celttv.com.ar\/#\/schema\/person\/6d99c072dba59953809c81446e9d0ace\"},\"headline\":\"CONTINUA LA AGENDA DEL INTENDENTE TRANKELS EN CHINA\",\"datePublished\":\"2012-10-17T12:27:49+00:00\",\"dateModified\":\"2012-10-17T12:27:49+00:00\",\"mainEntityOfPage\":{\"@id\":\"https:\/\/www.celttv.com.ar\/index.php\/2012\/10\/17\/continua-la-agenda-del-intendente-trankels-en-china\/\"},\"wordCount\":388,\"publisher\":{\"@id\":\"https:\/\/www.celttv.com.ar\/#organization\"},\"articleSection\":[\"Comunidad\",\"Destacadas\",\"Pol\u00edtica\"],\"inLanguage\":\"es\"},{\"@type\":\"WebPage\",\"@id\":\"https:\/\/www.celttv.com.ar\/index.php\/2012\/10\/17\/continua-la-agenda-del-intendente-trankels-en-china\/\",\"url\":\"https:\/\/www.celttv.com.ar\/index.php\/2012\/10\/17\/continua-la-agenda-del-intendente-trankels-en-china\/\",\"name\":\"CONTINUA LA AGENDA DEL INTENDENTE TRANKELS EN CHINA - CELTTV\",\"isPartOf\":{\"@id\":\"https:\/\/www.celttv.com.ar\/#website\"},\"datePublished\":\"2012-10-17T12:27:49+00:00\",\"dateModified\":\"2012-10-17T12:27:49+00:00\",\"description\":\"Sitio web de noticias de la localidad de Tornquist, provincia de Buenos Aires, Rep\u00fablica Argentina. Contenido propio originado por periodistas de CELTTV, el canal de TV local de la Cooperativa El\u00e9ctrica de Tornquist. Turismo, Pol\u00edtica, Sociedad, Deporte, Cultura y todo el contenido de inter\u00e9s general que la gente del pueblo y la regi\u00f3n debe conocer.\",\"breadcrumb\":{\"@id\":\"https:\/\/www.celttv.com.ar\/index.php\/2012\/10\/17\/continua-la-agenda-del-intendente-trankels-en-china\/#breadcrumb\"},\"inLanguage\":\"es\",\"potentialAction\":[{\"@type\":\"ReadAction\",\"target\":[\"https:\/\/www.celttv.com.ar\/index.php\/2012\/10\/17\/continua-la-agenda-del-intendente-trankels-en-china\/\"]}]},{\"@type\":\"BreadcrumbList\",\"@id\":\"https:\/\/www.celttv.com.ar\/index.php\/2012\/10\/17\/continua-la-agenda-del-intendente-trankels-en-china\/#breadcrumb\",\"itemListElement\":[{\"@type\":\"ListItem\",\"position\":1,\"name\":\"Inicio\",\"item\":\"https:\/\/www.celttv.com.ar\/\"},{\"@type\":\"ListItem\",\"position\":2,\"name\":\"CONTINUA LA AGENDA DEL INTENDENTE TRANKELS EN CHINA\"}]},{\"@type\":\"WebSite\",\"@id\":\"https:\/\/www.celttv.com.ar\/#website\",\"url\":\"https:\/\/www.celttv.com.ar\/\",\"name\":\"CELTTV\",\"description\":\"Cooperativa El\u00e9ctrica de Tornquist\",\"publisher\":{\"@id\":\"https:\/\/www.celttv.com.ar\/#organization\"},\"potentialAction\":[{\"@type\":\"SearchAction\",\"target\":{\"@type\":\"EntryPoint\",\"urlTemplate\":\"https:\/\/www.celttv.com.ar\/?s={search_term_string}\"},\"query-input\":\"required name=search_term_string\"}],\"inLanguage\":\"es\"},{\"@type\":\"Organization\",\"@id\":\"https:\/\/www.celttv.com.ar\/#organization\",\"name\":\"CELTTV\",\"url\":\"https:\/\/www.celttv.com.ar\/\",\"sameAs\":[\"https:\/\/www.youtube.com\/channel\/UCz_oIt8Hig64Ub-EmcNPIhg\",\"https:\/\/www.facebook.com\/celtTV\/\"],\"logo\":{\"@type\":\"ImageObject\",\"inLanguage\":\"es\",\"@id\":\"https:\/\/www.celttv.com.ar\/#\/schema\/logo\/image\/\",\"url\":\"http:\/\/www.celttv.com.ar\/wp-content\/uploads\/2022\/08\/logo-1.png\",\"contentUrl\":\"http:\/\/www.celttv.com.ar\/wp-content\/uploads\/2022\/08\/logo-1.png\",\"width\":461,\"height\":159,\"caption\":\"CELTTV\"},\"image\":{\"@id\":\"https:\/\/www.celttv.com.ar\/#\/schema\/logo\/image\/\"}},{\"@type\":\"Person\",\"@id\":\"https:\/\/www.celttv.com.ar\/#\/schema\/person\/6d99c072dba59953809c81446e9d0ace\",\"name\":\"ulises\",\"image\":{\"@type\":\"ImageObject\",\"inLanguage\":\"es\",\"@id\":\"https:\/\/www.celttv.com.ar\/#\/schema\/person\/image\/\",\"url\":\"https:\/\/secure.gravatar.com\/avatar\/7f2c48bdc33b30088f941fb6082e555f2874c98e20cb159d7b92b50eadfce793?s=96&d=mm&r=g\",\"contentUrl\":\"https:\/\/secure.gravatar.com\/avatar\/7f2c48bdc33b30088f941fb6082e555f2874c98e20cb159d7b92b50eadfce793?s=96&d=mm&r=g\",\"caption\":\"ulises\"},\"sameAs\":[\"http:\/\/www.celttv.com.ar\"]}]}<\/script>\n<!-- \/ Yoast SEO plugin. -->","yoast_head_json":{"title":"CONTINUA LA AGENDA DEL INTENDENTE TRANKELS EN CHINA - CELTTV","description":"Sitio web de noticias de la localidad de Tornquist, provincia de Buenos Aires, Rep\u00fablica Argentina. Contenido propio originado por periodistas de CELTTV, el canal de TV local de la Cooperativa El\u00e9ctrica de Tornquist. Turismo, Pol\u00edtica, Sociedad, Deporte, Cultura y todo el contenido de inter\u00e9s general que la gente del pueblo y la regi\u00f3n debe conocer.","robots":{"index":"index","follow":"follow","max-snippet":"max-snippet:-1","max-image-preview":"max-image-preview:large","max-video-preview":"max-video-preview:-1"},"canonical":"https:\/\/www.celttv.com.ar\/index.php\/2012\/10\/17\/continua-la-agenda-del-intendente-trankels-en-china\/","og_locale":"es_ES","og_type":"article","og_title":"CONTINUA LA AGENDA DEL INTENDENTE TRANKELS EN CHINA - CELTTV","og_description":"Sitio web de noticias de la localidad de Tornquist, provincia de Buenos Aires, Rep\u00fablica Argentina. Contenido propio originado por periodistas de CELTTV, el canal de TV local de la Cooperativa El\u00e9ctrica de Tornquist. Turismo, Pol\u00edtica, Sociedad, Deporte, Cultura y todo el contenido de inter\u00e9s general que la gente del pueblo y la regi\u00f3n debe conocer.","og_url":"https:\/\/www.celttv.com.ar\/index.php\/2012\/10\/17\/continua-la-agenda-del-intendente-trankels-en-china\/","og_site_name":"CELTTV","article_publisher":"https:\/\/www.facebook.com\/celtTV\/","article_published_time":"2012-10-17T12:27:49+00:00","author":"ulises","twitter_card":"summary_large_image","twitter_misc":{"Escrito por":"ulises","Tiempo de lectura":"2 minutos"},"schema":{"@context":"https:\/\/schema.org","@graph":[{"@type":"NewsArticle","@id":"https:\/\/www.celttv.com.ar\/index.php\/2012\/10\/17\/continua-la-agenda-del-intendente-trankels-en-china\/#article","isPartOf":{"@id":"https:\/\/www.celttv.com.ar\/index.php\/2012\/10\/17\/continua-la-agenda-del-intendente-trankels-en-china\/"},"author":{"name":"ulises","@id":"https:\/\/www.celttv.com.ar\/#\/schema\/person\/6d99c072dba59953809c81446e9d0ace"},"headline":"CONTINUA LA AGENDA DEL INTENDENTE TRANKELS EN CHINA","datePublished":"2012-10-17T12:27:49+00:00","dateModified":"2012-10-17T12:27:49+00:00","mainEntityOfPage":{"@id":"https:\/\/www.celttv.com.ar\/index.php\/2012\/10\/17\/continua-la-agenda-del-intendente-trankels-en-china\/"},"wordCount":388,"publisher":{"@id":"https:\/\/www.celttv.com.ar\/#organization"},"articleSection":["Comunidad","Destacadas","Pol\u00edtica"],"inLanguage":"es"},{"@type":"WebPage","@id":"https:\/\/www.celttv.com.ar\/index.php\/2012\/10\/17\/continua-la-agenda-del-intendente-trankels-en-china\/","url":"https:\/\/www.celttv.com.ar\/index.php\/2012\/10\/17\/continua-la-agenda-del-intendente-trankels-en-china\/","name":"CONTINUA LA AGENDA DEL INTENDENTE TRANKELS EN CHINA - CELTTV","isPartOf":{"@id":"https:\/\/www.celttv.com.ar\/#website"},"datePublished":"2012-10-17T12:27:49+00:00","dateModified":"2012-10-17T12:27:49+00:00","description":"Sitio web de noticias de la localidad de Tornquist, provincia de Buenos Aires, Rep\u00fablica Argentina. Contenido propio originado por periodistas de CELTTV, el canal de TV local de la Cooperativa El\u00e9ctrica de Tornquist. Turismo, Pol\u00edtica, Sociedad, Deporte, Cultura y todo el contenido de inter\u00e9s general que la gente del pueblo y la regi\u00f3n debe conocer.","breadcrumb":{"@id":"https:\/\/www.celttv.com.ar\/index.php\/2012\/10\/17\/continua-la-agenda-del-intendente-trankels-en-china\/#breadcrumb"},"inLanguage":"es","potentialAction":[{"@type":"ReadAction","target":["https:\/\/www.celttv.com.ar\/index.php\/2012\/10\/17\/continua-la-agenda-del-intendente-trankels-en-china\/"]}]},{"@type":"BreadcrumbList","@id":"https:\/\/www.celttv.com.ar\/index.php\/2012\/10\/17\/continua-la-agenda-del-intendente-trankels-en-china\/#breadcrumb","itemListElement":[{"@type":"ListItem","position":1,"name":"Inicio","item":"https:\/\/www.celttv.com.ar\/"},{"@type":"ListItem","position":2,"name":"CONTINUA LA AGENDA DEL INTENDENTE TRANKELS EN CHINA"}]},{"@type":"WebSite","@id":"https:\/\/www.celttv.com.ar\/#website","url":"https:\/\/www.celttv.com.ar\/","name":"CELTTV","description":"Cooperativa El\u00e9ctrica de Tornquist","publisher":{"@id":"https:\/\/www.celttv.com.ar\/#organization"},"potentialAction":[{"@type":"SearchAction","target":{"@type":"EntryPoint","urlTemplate":"https:\/\/www.celttv.com.ar\/?s={search_term_string}"},"query-input":"required name=search_term_string"}],"inLanguage":"es"},{"@type":"Organization","@id":"https:\/\/www.celttv.com.ar\/#organization","name":"CELTTV","url":"https:\/\/www.celttv.com.ar\/","sameAs":["https:\/\/www.youtube.com\/channel\/UCz_oIt8Hig64Ub-EmcNPIhg","https:\/\/www.facebook.com\/celtTV\/"],"logo":{"@type":"ImageObject","inLanguage":"es","@id":"https:\/\/www.celttv.com.ar\/#\/schema\/logo\/image\/","url":"http:\/\/www.celttv.com.ar\/wp-content\/uploads\/2022\/08\/logo-1.png","contentUrl":"http:\/\/www.celttv.com.ar\/wp-content\/uploads\/2022\/08\/logo-1.png","width":461,"height":159,"caption":"CELTTV"},"image":{"@id":"https:\/\/www.celttv.com.ar\/#\/schema\/logo\/image\/"}},{"@type":"Person","@id":"https:\/\/www.celttv.com.ar\/#\/schema\/person\/6d99c072dba59953809c81446e9d0ace","name":"ulises","image":{"@type":"ImageObject","inLanguage":"es","@id":"https:\/\/www.celttv.com.ar\/#\/schema\/person\/image\/","url":"https:\/\/secure.gravatar.com\/avatar\/7f2c48bdc33b30088f941fb6082e555f2874c98e20cb159d7b92b50eadfce793?s=96&d=mm&r=g","contentUrl":"https:\/\/secure.gravatar.com\/avatar\/7f2c48bdc33b30088f941fb6082e555f2874c98e20cb159d7b92b50eadfce793?s=96&d=mm&r=g","caption":"ulises"},"sameAs":["http:\/\/www.celttv.com.ar"]}]}},"_links":{"self":[{"href":"https:\/\/www.celttv.com.ar\/index.php\/wp-json\/wp\/v2\/posts\/8547","targetHints":{"allow":["GET"]}}],"collection":[{"href":"https:\/\/www.celttv.com.ar\/index.php\/wp-json\/wp\/v2\/posts"}],"about":[{"href":"https:\/\/www.celttv.com.ar\/index.php\/wp-json\/wp\/v2\/types\/post"}],"author":[{"embeddable":true,"href":"https:\/\/www.celttv.com.ar\/index.php\/wp-json\/wp\/v2\/users\/1"}],"replies":[{"embeddable":true,"href":"https:\/\/www.celttv.com.ar\/index.php\/wp-json\/wp\/v2\/comments?post=8547"}],"version-history":[{"count":0,"href":"https:\/\/www.celttv.com.ar\/index.php\/wp-json\/wp\/v2\/posts\/8547\/revisions"}],"wp:attachment":[{"href":"https:\/\/www.celttv.com.ar\/index.php\/wp-json\/wp\/v2\/media?parent=8547"}],"wp:term":[{"taxonomy":"category","embeddable":true,"href":"https:\/\/www.celttv.com.ar\/index.php\/wp-json\/wp\/v2\/categories?post=8547"},{"taxonomy":"post_tag","embeddable":true,"href":"https:\/\/www.celttv.com.ar\/index.php\/wp-json\/wp\/v2\/tags?post=8547"}],"curies":[{"name":"wp","href":"https:\/\/api.w.org\/{rel}","templated":true}]}}