{"id":85564,"date":"2024-08-13T19:35:42","date_gmt":"2024-08-13T22:35:42","guid":{"rendered":"https:\/\/www.celttv.com.ar\/?p=85564"},"modified":"2024-08-13T19:39:10","modified_gmt":"2024-08-13T22:39:10","slug":"la-libertad-avanza-confirmo-la-designacion-de-la-lic-cecilia-quiroga-al-frente-de-jefe-distrital-de-pami","status":"publish","type":"post","link":"https:\/\/www.celttv.com.ar\/index.php\/2024\/08\/13\/la-libertad-avanza-confirmo-la-designacion-de-la-lic-cecilia-quiroga-al-frente-de-jefe-distrital-de-pami\/","title":{"rendered":"La Libertad Avanza confirm\u00f3 la designaci\u00f3n de la Lic. Cecilia Quiroga al frente de la Jefatura Distrital de PAMI."},"content":{"rendered":"<div class=\"x11i5rnm xat24cr x1mh8g0r x1vvkbs xtlvy1s x126k92a\">\n<div dir=\"auto\">&#8220;Desde la Libertad Avanza Tornquist anunciamos nueva designaci\u00f3n en PAMI&#8221; es el t\u00edtulo del comunicado emitido hoy por esa rama pol\u00edtica.<\/div>\n<div dir=\"auto\">&#8220;Estamos muy felices de anunciar que la Lic. Cecilia Quiroga ha sido designada como Jefe Distrital de PAMI en el distrito de Tornquist. Esta es una muy linda oportunidad para trabajar en el fortalecimiento de la atenci\u00f3n y los servicios que hay que brindarle a nuestros jubilados y personas con discapacidad&#8221;<\/div>\n<\/div>\n<div class=\"x11i5rnm xat24cr x1mh8g0r x1vvkbs xtlvy1s x126k92a\">\n<div dir=\"auto\">Gracias por la confianza a Sebasti\u00e1n Pareja, Juanes Osaba, Franca Grippo Harrington y Mario Rodr\u00edguez.<\/div>\n<\/div>\n<div class=\"x11i5rnm xat24cr x1mh8g0r x1vvkbs xtlvy1s x126k92a\">\n<div dir=\"auto\">El liderazgo de la Lic. Quiroga har\u00e1 que todo funcione muy bien y que se mejore la calidad de vida de quienes dependen de estos servicios.<\/div>\n<\/div>\n<div class=\"x11i5rnm xat24cr x1mh8g0r x1vvkbs xtlvy1s x126k92a\">\n<div dir=\"auto\">&#8220;La Libertad Avanza jam\u00e1s dej\u00f3 de trabajar, seguimos pensando en el futuro y ayudando a qui\u00e9nes nos necesiten!<\/div>\n<\/div>\n<div class=\"x11i5rnm xat24cr x1mh8g0r x1vvkbs xtlvy1s x126k92a\">\n<div dir=\"auto\"><span class=\"html-span xexx8yu x4uap5 x18d9i69 xkhd6sd x1hl2dhg x16tdsg8 x1vvkbs x3nfvp2 x1j61x8r x1fcty0u xdj266r xat24cr xgzva0m xhhsvwb xxymvpz xlup9mm x1kky2od\"><img loading=\"lazy\" decoding=\"async\" class=\"xz74otr\" src=\"https:\/\/static.xx.fbcdn.net\/images\/emoji.php\/v9\/t99\/1\/16\/1fa77.png\" alt=\"\ud83e\ude77\" width=\"16\" height=\"16\" \/><\/span> Felicidades Ceci <span class=\"html-span xexx8yu x4uap5 x18d9i69 xkhd6sd x1hl2dhg x16tdsg8 x1vvkbs x3nfvp2 x1j61x8r x1fcty0u xdj266r xat24cr xgzva0m xhhsvwb xxymvpz xlup9mm x1kky2od\"><img loading=\"lazy\" decoding=\"async\" class=\"xz74otr\" src=\"https:\/\/static.xx.fbcdn.net\/images\/emoji.php\/v9\/t99\/1\/16\/1fa77.png\" alt=\"\ud83e\ude77\" width=\"16\" height=\"16\" \/>&#8221; concluye el comunicado.<\/span><\/div>\n<div dir=\"auto\"><img loading=\"lazy\" decoding=\"async\" class=\"alignnone wp-image-85565 size-full\" src=\"https:\/\/www.celttv.com.ar\/wp-content\/uploads\/2024\/08\/DELEGADA-PAMI.jpg\" alt=\"\" width=\"526\" height=\"936\" srcset=\"https:\/\/www.celttv.com.ar\/wp-content\/uploads\/2024\/08\/DELEGADA-PAMI.jpg 526w, https:\/\/www.celttv.com.ar\/wp-content\/uploads\/2024\/08\/DELEGADA-PAMI-169x300.jpg 169w\" sizes=\"auto, (max-width: 526px) 100vw, 526px\" \/><\/div>\n<\/div>\n","protected":false},"excerpt":{"rendered":"<p>&#8220;Desde la Libertad Avanza Tornquist anunciamos nueva designaci\u00f3n en PAMI&#8221; es el t\u00edtulo del comunicado emitido hoy por esa rama pol\u00edtica. &#8220;Estamos muy felices de anunciar que la Lic. Cecilia Quiroga ha sido designada como Jefe Distrital de PAMI en el distrito de Tornquist. Esta es una muy linda oportunidad para trabajar en el fortalecimiento [&hellip;]<\/p>\n","protected":false},"author":5,"featured_media":85567,"comment_status":"closed","ping_status":"closed","sticky":false,"template":"","format":"standard","meta":{"footnotes":""},"categories":[51],"tags":[],"class_list":["post-85564","post","type-post","status-publish","format-standard","has-post-thumbnail","hentry","category-comunidad"],"yoast_head":"<!-- This site is optimized with the Yoast SEO plugin v19.7.1 - https:\/\/yoast.com\/wordpress\/plugins\/seo\/ -->\n<title>La Libertad Avanza confirm\u00f3 la designaci\u00f3n de la Lic. Cecilia Quiroga al frente de la Jefatura Distrital de PAMI. - CELTTV<\/title>\n<meta name=\"description\" content=\"Sitio web de noticias de la localidad de Tornquist, provincia de Buenos Aires, Rep\u00fablica Argentina. Contenido propio originado por periodistas de CELTTV, el canal de TV local de la Cooperativa El\u00e9ctrica de Tornquist. Turismo, Pol\u00edtica, Sociedad, Deporte, Cultura y todo el contenido de inter\u00e9s general que la gente del pueblo y la regi\u00f3n debe conocer.\" \/>\n<meta name=\"robots\" content=\"index, follow, max-snippet:-1, max-image-preview:large, max-video-preview:-1\" \/>\n<link rel=\"canonical\" href=\"https:\/\/www.celttv.com.ar\/index.php\/2024\/08\/13\/la-libertad-avanza-confirmo-la-designacion-de-la-lic-cecilia-quiroga-al-frente-de-jefe-distrital-de-pami\/\" \/>\n<meta property=\"og:locale\" content=\"es_ES\" \/>\n<meta property=\"og:type\" content=\"article\" \/>\n<meta property=\"og:title\" content=\"La Libertad Avanza confirm\u00f3 la designaci\u00f3n de la Lic. Cecilia Quiroga al frente de la Jefatura Distrital de PAMI. - CELTTV\" \/>\n<meta property=\"og:description\" content=\"Sitio web de noticias de la localidad de Tornquist, provincia de Buenos Aires, Rep\u00fablica Argentina. Contenido propio originado por periodistas de CELTTV, el canal de TV local de la Cooperativa El\u00e9ctrica de Tornquist. Turismo, Pol\u00edtica, Sociedad, Deporte, Cultura y todo el contenido de inter\u00e9s general que la gente del pueblo y la regi\u00f3n debe conocer.\" \/>\n<meta property=\"og:url\" content=\"https:\/\/www.celttv.com.ar\/index.php\/2024\/08\/13\/la-libertad-avanza-confirmo-la-designacion-de-la-lic-cecilia-quiroga-al-frente-de-jefe-distrital-de-pami\/\" \/>\n<meta property=\"og:site_name\" content=\"CELTTV\" \/>\n<meta property=\"article:publisher\" content=\"https:\/\/www.facebook.com\/celtTV\/\" \/>\n<meta property=\"article:published_time\" content=\"2024-08-13T22:35:42+00:00\" \/>\n<meta property=\"article:modified_time\" content=\"2024-08-13T22:39:10+00:00\" \/>\n<meta property=\"og:image\" content=\"https:\/\/www.celttv.com.ar\/wp-content\/uploads\/2024\/08\/DELEGADA-PAMI-1.jpg\" \/>\n\t<meta property=\"og:image:width\" content=\"526\" \/>\n\t<meta property=\"og:image:height\" content=\"548\" \/>\n\t<meta property=\"og:image:type\" content=\"image\/jpeg\" \/>\n<meta name=\"author\" content=\"Miguel Herrada\" \/>\n<meta name=\"twitter:card\" content=\"summary_large_image\" \/>\n<meta name=\"twitter:label1\" content=\"Escrito por\" \/>\n\t<meta name=\"twitter:data1\" content=\"Miguel Herrada\" \/>\n\t<meta name=\"twitter:label2\" content=\"Tiempo de lectura\" \/>\n\t<meta name=\"twitter:data2\" content=\"1 minuto\" \/>\n<script type=\"application\/ld+json\" class=\"yoast-schema-graph\">{\"@context\":\"https:\/\/schema.org\",\"@graph\":[{\"@type\":\"NewsArticle\",\"@id\":\"https:\/\/www.celttv.com.ar\/index.php\/2024\/08\/13\/la-libertad-avanza-confirmo-la-designacion-de-la-lic-cecilia-quiroga-al-frente-de-jefe-distrital-de-pami\/#article\",\"isPartOf\":{\"@id\":\"https:\/\/www.celttv.com.ar\/index.php\/2024\/08\/13\/la-libertad-avanza-confirmo-la-designacion-de-la-lic-cecilia-quiroga-al-frente-de-jefe-distrital-de-pami\/\"},\"author\":{\"name\":\"Miguel Herrada\",\"@id\":\"https:\/\/www.celttv.com.ar\/#\/schema\/person\/9059dc91dc7204ef4182cdb65225f07d\"},\"headline\":\"La Libertad Avanza confirm\u00f3 la designaci\u00f3n de la Lic. Cecilia Quiroga al frente de la Jefatura Distrital de PAMI.\",\"datePublished\":\"2024-08-13T22:35:42+00:00\",\"dateModified\":\"2024-08-13T22:39:10+00:00\",\"mainEntityOfPage\":{\"@id\":\"https:\/\/www.celttv.com.ar\/index.php\/2024\/08\/13\/la-libertad-avanza-confirmo-la-designacion-de-la-lic-cecilia-quiroga-al-frente-de-jefe-distrital-de-pami\/\"},\"wordCount\":164,\"publisher\":{\"@id\":\"https:\/\/www.celttv.com.ar\/#organization\"},\"articleSection\":[\"Comunidad\"],\"inLanguage\":\"es\"},{\"@type\":\"WebPage\",\"@id\":\"https:\/\/www.celttv.com.ar\/index.php\/2024\/08\/13\/la-libertad-avanza-confirmo-la-designacion-de-la-lic-cecilia-quiroga-al-frente-de-jefe-distrital-de-pami\/\",\"url\":\"https:\/\/www.celttv.com.ar\/index.php\/2024\/08\/13\/la-libertad-avanza-confirmo-la-designacion-de-la-lic-cecilia-quiroga-al-frente-de-jefe-distrital-de-pami\/\",\"name\":\"La Libertad Avanza confirm\u00f3 la designaci\u00f3n de la Lic. Cecilia Quiroga al frente de la Jefatura Distrital de PAMI. - CELTTV\",\"isPartOf\":{\"@id\":\"https:\/\/www.celttv.com.ar\/#website\"},\"datePublished\":\"2024-08-13T22:35:42+00:00\",\"dateModified\":\"2024-08-13T22:39:10+00:00\",\"description\":\"Sitio web de noticias de la localidad de Tornquist, provincia de Buenos Aires, Rep\u00fablica Argentina. Contenido propio originado por periodistas de CELTTV, el canal de TV local de la Cooperativa El\u00e9ctrica de Tornquist. Turismo, Pol\u00edtica, Sociedad, Deporte, Cultura y todo el contenido de inter\u00e9s general que la gente del pueblo y la regi\u00f3n debe conocer.\",\"breadcrumb\":{\"@id\":\"https:\/\/www.celttv.com.ar\/index.php\/2024\/08\/13\/la-libertad-avanza-confirmo-la-designacion-de-la-lic-cecilia-quiroga-al-frente-de-jefe-distrital-de-pami\/#breadcrumb\"},\"inLanguage\":\"es\",\"potentialAction\":[{\"@type\":\"ReadAction\",\"target\":[\"https:\/\/www.celttv.com.ar\/index.php\/2024\/08\/13\/la-libertad-avanza-confirmo-la-designacion-de-la-lic-cecilia-quiroga-al-frente-de-jefe-distrital-de-pami\/\"]}]},{\"@type\":\"BreadcrumbList\",\"@id\":\"https:\/\/www.celttv.com.ar\/index.php\/2024\/08\/13\/la-libertad-avanza-confirmo-la-designacion-de-la-lic-cecilia-quiroga-al-frente-de-jefe-distrital-de-pami\/#breadcrumb\",\"itemListElement\":[{\"@type\":\"ListItem\",\"position\":1,\"name\":\"Inicio\",\"item\":\"https:\/\/www.celttv.com.ar\/\"},{\"@type\":\"ListItem\",\"position\":2,\"name\":\"La Libertad Avanza confirm\u00f3 la designaci\u00f3n de la Lic. Cecilia Quiroga al frente de la Jefatura Distrital de PAMI.\"}]},{\"@type\":\"WebSite\",\"@id\":\"https:\/\/www.celttv.com.ar\/#website\",\"url\":\"https:\/\/www.celttv.com.ar\/\",\"name\":\"CELTTV\",\"description\":\"Cooperativa El\u00e9ctrica de Tornquist\",\"publisher\":{\"@id\":\"https:\/\/www.celttv.com.ar\/#organization\"},\"potentialAction\":[{\"@type\":\"SearchAction\",\"target\":{\"@type\":\"EntryPoint\",\"urlTemplate\":\"https:\/\/www.celttv.com.ar\/?s={search_term_string}\"},\"query-input\":\"required name=search_term_string\"}],\"inLanguage\":\"es\"},{\"@type\":\"Organization\",\"@id\":\"https:\/\/www.celttv.com.ar\/#organization\",\"name\":\"CELTTV\",\"url\":\"https:\/\/www.celttv.com.ar\/\",\"sameAs\":[\"https:\/\/www.youtube.com\/channel\/UCz_oIt8Hig64Ub-EmcNPIhg\",\"https:\/\/www.facebook.com\/celtTV\/\"],\"logo\":{\"@type\":\"ImageObject\",\"inLanguage\":\"es\",\"@id\":\"https:\/\/www.celttv.com.ar\/#\/schema\/logo\/image\/\",\"url\":\"http:\/\/www.celttv.com.ar\/wp-content\/uploads\/2022\/08\/logo-1.png\",\"contentUrl\":\"http:\/\/www.celttv.com.ar\/wp-content\/uploads\/2022\/08\/logo-1.png\",\"width\":461,\"height\":159,\"caption\":\"CELTTV\"},\"image\":{\"@id\":\"https:\/\/www.celttv.com.ar\/#\/schema\/logo\/image\/\"}},{\"@type\":\"Person\",\"@id\":\"https:\/\/www.celttv.com.ar\/#\/schema\/person\/9059dc91dc7204ef4182cdb65225f07d\",\"name\":\"Miguel Herrada\",\"image\":{\"@type\":\"ImageObject\",\"inLanguage\":\"es\",\"@id\":\"https:\/\/www.celttv.com.ar\/#\/schema\/person\/image\/\",\"url\":\"https:\/\/secure.gravatar.com\/avatar\/67724d5b3c716623ffd76bec7e45841a442ac3b456e914dbba90b0fad2b8e0b1?s=96&d=mm&r=g\",\"contentUrl\":\"https:\/\/secure.gravatar.com\/avatar\/67724d5b3c716623ffd76bec7e45841a442ac3b456e914dbba90b0fad2b8e0b1?s=96&d=mm&r=g\",\"caption\":\"Miguel Herrada\"}}]}<\/script>\n<!-- \/ Yoast SEO plugin. -->","yoast_head_json":{"title":"La Libertad Avanza confirm\u00f3 la designaci\u00f3n de la Lic. Cecilia Quiroga al frente de la Jefatura Distrital de PAMI. - CELTTV","description":"Sitio web de noticias de la localidad de Tornquist, provincia de Buenos Aires, Rep\u00fablica Argentina. Contenido propio originado por periodistas de CELTTV, el canal de TV local de la Cooperativa El\u00e9ctrica de Tornquist. Turismo, Pol\u00edtica, Sociedad, Deporte, Cultura y todo el contenido de inter\u00e9s general que la gente del pueblo y la regi\u00f3n debe conocer.","robots":{"index":"index","follow":"follow","max-snippet":"max-snippet:-1","max-image-preview":"max-image-preview:large","max-video-preview":"max-video-preview:-1"},"canonical":"https:\/\/www.celttv.com.ar\/index.php\/2024\/08\/13\/la-libertad-avanza-confirmo-la-designacion-de-la-lic-cecilia-quiroga-al-frente-de-jefe-distrital-de-pami\/","og_locale":"es_ES","og_type":"article","og_title":"La Libertad Avanza confirm\u00f3 la designaci\u00f3n de la Lic. Cecilia Quiroga al frente de la Jefatura Distrital de PAMI. - CELTTV","og_description":"Sitio web de noticias de la localidad de Tornquist, provincia de Buenos Aires, Rep\u00fablica Argentina. Contenido propio originado por periodistas de CELTTV, el canal de TV local de la Cooperativa El\u00e9ctrica de Tornquist. Turismo, Pol\u00edtica, Sociedad, Deporte, Cultura y todo el contenido de inter\u00e9s general que la gente del pueblo y la regi\u00f3n debe conocer.","og_url":"https:\/\/www.celttv.com.ar\/index.php\/2024\/08\/13\/la-libertad-avanza-confirmo-la-designacion-de-la-lic-cecilia-quiroga-al-frente-de-jefe-distrital-de-pami\/","og_site_name":"CELTTV","article_publisher":"https:\/\/www.facebook.com\/celtTV\/","article_published_time":"2024-08-13T22:35:42+00:00","article_modified_time":"2024-08-13T22:39:10+00:00","og_image":[{"width":526,"height":548,"url":"https:\/\/www.celttv.com.ar\/wp-content\/uploads\/2024\/08\/DELEGADA-PAMI-1.jpg","type":"image\/jpeg"}],"author":"Miguel Herrada","twitter_card":"summary_large_image","twitter_misc":{"Escrito por":"Miguel Herrada","Tiempo de lectura":"1 minuto"},"schema":{"@context":"https:\/\/schema.org","@graph":[{"@type":"NewsArticle","@id":"https:\/\/www.celttv.com.ar\/index.php\/2024\/08\/13\/la-libertad-avanza-confirmo-la-designacion-de-la-lic-cecilia-quiroga-al-frente-de-jefe-distrital-de-pami\/#article","isPartOf":{"@id":"https:\/\/www.celttv.com.ar\/index.php\/2024\/08\/13\/la-libertad-avanza-confirmo-la-designacion-de-la-lic-cecilia-quiroga-al-frente-de-jefe-distrital-de-pami\/"},"author":{"name":"Miguel Herrada","@id":"https:\/\/www.celttv.com.ar\/#\/schema\/person\/9059dc91dc7204ef4182cdb65225f07d"},"headline":"La Libertad Avanza confirm\u00f3 la designaci\u00f3n de la Lic. Cecilia Quiroga al frente de la Jefatura Distrital de PAMI.","datePublished":"2024-08-13T22:35:42+00:00","dateModified":"2024-08-13T22:39:10+00:00","mainEntityOfPage":{"@id":"https:\/\/www.celttv.com.ar\/index.php\/2024\/08\/13\/la-libertad-avanza-confirmo-la-designacion-de-la-lic-cecilia-quiroga-al-frente-de-jefe-distrital-de-pami\/"},"wordCount":164,"publisher":{"@id":"https:\/\/www.celttv.com.ar\/#organization"},"articleSection":["Comunidad"],"inLanguage":"es"},{"@type":"WebPage","@id":"https:\/\/www.celttv.com.ar\/index.php\/2024\/08\/13\/la-libertad-avanza-confirmo-la-designacion-de-la-lic-cecilia-quiroga-al-frente-de-jefe-distrital-de-pami\/","url":"https:\/\/www.celttv.com.ar\/index.php\/2024\/08\/13\/la-libertad-avanza-confirmo-la-designacion-de-la-lic-cecilia-quiroga-al-frente-de-jefe-distrital-de-pami\/","name":"La Libertad Avanza confirm\u00f3 la designaci\u00f3n de la Lic. Cecilia Quiroga al frente de la Jefatura Distrital de PAMI. - CELTTV","isPartOf":{"@id":"https:\/\/www.celttv.com.ar\/#website"},"datePublished":"2024-08-13T22:35:42+00:00","dateModified":"2024-08-13T22:39:10+00:00","description":"Sitio web de noticias de la localidad de Tornquist, provincia de Buenos Aires, Rep\u00fablica Argentina. Contenido propio originado por periodistas de CELTTV, el canal de TV local de la Cooperativa El\u00e9ctrica de Tornquist. Turismo, Pol\u00edtica, Sociedad, Deporte, Cultura y todo el contenido de inter\u00e9s general que la gente del pueblo y la regi\u00f3n debe conocer.","breadcrumb":{"@id":"https:\/\/www.celttv.com.ar\/index.php\/2024\/08\/13\/la-libertad-avanza-confirmo-la-designacion-de-la-lic-cecilia-quiroga-al-frente-de-jefe-distrital-de-pami\/#breadcrumb"},"inLanguage":"es","potentialAction":[{"@type":"ReadAction","target":["https:\/\/www.celttv.com.ar\/index.php\/2024\/08\/13\/la-libertad-avanza-confirmo-la-designacion-de-la-lic-cecilia-quiroga-al-frente-de-jefe-distrital-de-pami\/"]}]},{"@type":"BreadcrumbList","@id":"https:\/\/www.celttv.com.ar\/index.php\/2024\/08\/13\/la-libertad-avanza-confirmo-la-designacion-de-la-lic-cecilia-quiroga-al-frente-de-jefe-distrital-de-pami\/#breadcrumb","itemListElement":[{"@type":"ListItem","position":1,"name":"Inicio","item":"https:\/\/www.celttv.com.ar\/"},{"@type":"ListItem","position":2,"name":"La Libertad Avanza confirm\u00f3 la designaci\u00f3n de la Lic. Cecilia Quiroga al frente de la Jefatura Distrital de PAMI."}]},{"@type":"WebSite","@id":"https:\/\/www.celttv.com.ar\/#website","url":"https:\/\/www.celttv.com.ar\/","name":"CELTTV","description":"Cooperativa El\u00e9ctrica de Tornquist","publisher":{"@id":"https:\/\/www.celttv.com.ar\/#organization"},"potentialAction":[{"@type":"SearchAction","target":{"@type":"EntryPoint","urlTemplate":"https:\/\/www.celttv.com.ar\/?s={search_term_string}"},"query-input":"required name=search_term_string"}],"inLanguage":"es"},{"@type":"Organization","@id":"https:\/\/www.celttv.com.ar\/#organization","name":"CELTTV","url":"https:\/\/www.celttv.com.ar\/","sameAs":["https:\/\/www.youtube.com\/channel\/UCz_oIt8Hig64Ub-EmcNPIhg","https:\/\/www.facebook.com\/celtTV\/"],"logo":{"@type":"ImageObject","inLanguage":"es","@id":"https:\/\/www.celttv.com.ar\/#\/schema\/logo\/image\/","url":"http:\/\/www.celttv.com.ar\/wp-content\/uploads\/2022\/08\/logo-1.png","contentUrl":"http:\/\/www.celttv.com.ar\/wp-content\/uploads\/2022\/08\/logo-1.png","width":461,"height":159,"caption":"CELTTV"},"image":{"@id":"https:\/\/www.celttv.com.ar\/#\/schema\/logo\/image\/"}},{"@type":"Person","@id":"https:\/\/www.celttv.com.ar\/#\/schema\/person\/9059dc91dc7204ef4182cdb65225f07d","name":"Miguel Herrada","image":{"@type":"ImageObject","inLanguage":"es","@id":"https:\/\/www.celttv.com.ar\/#\/schema\/person\/image\/","url":"https:\/\/secure.gravatar.com\/avatar\/67724d5b3c716623ffd76bec7e45841a442ac3b456e914dbba90b0fad2b8e0b1?s=96&d=mm&r=g","contentUrl":"https:\/\/secure.gravatar.com\/avatar\/67724d5b3c716623ffd76bec7e45841a442ac3b456e914dbba90b0fad2b8e0b1?s=96&d=mm&r=g","caption":"Miguel Herrada"}}]}},"_links":{"self":[{"href":"https:\/\/www.celttv.com.ar\/index.php\/wp-json\/wp\/v2\/posts\/85564","targetHints":{"allow":["GET"]}}],"collection":[{"href":"https:\/\/www.celttv.com.ar\/index.php\/wp-json\/wp\/v2\/posts"}],"about":[{"href":"https:\/\/www.celttv.com.ar\/index.php\/wp-json\/wp\/v2\/types\/post"}],"author":[{"embeddable":true,"href":"https:\/\/www.celttv.com.ar\/index.php\/wp-json\/wp\/v2\/users\/5"}],"replies":[{"embeddable":true,"href":"https:\/\/www.celttv.com.ar\/index.php\/wp-json\/wp\/v2\/comments?post=85564"}],"version-history":[{"count":2,"href":"https:\/\/www.celttv.com.ar\/index.php\/wp-json\/wp\/v2\/posts\/85564\/revisions"}],"predecessor-version":[{"id":85568,"href":"https:\/\/www.celttv.com.ar\/index.php\/wp-json\/wp\/v2\/posts\/85564\/revisions\/85568"}],"wp:featuredmedia":[{"embeddable":true,"href":"https:\/\/www.celttv.com.ar\/index.php\/wp-json\/wp\/v2\/media\/85567"}],"wp:attachment":[{"href":"https:\/\/www.celttv.com.ar\/index.php\/wp-json\/wp\/v2\/media?parent=85564"}],"wp:term":[{"taxonomy":"category","embeddable":true,"href":"https:\/\/www.celttv.com.ar\/index.php\/wp-json\/wp\/v2\/categories?post=85564"},{"taxonomy":"post_tag","embeddable":true,"href":"https:\/\/www.celttv.com.ar\/index.php\/wp-json\/wp\/v2\/tags?post=85564"}],"curies":[{"name":"wp","href":"https:\/\/api.w.org\/{rel}","templated":true}]}}