{"id":85744,"date":"2024-08-23T14:26:25","date_gmt":"2024-08-23T17:26:25","guid":{"rendered":"https:\/\/www.celttv.com.ar\/?p=85744"},"modified":"2024-08-23T14:26:25","modified_gmt":"2024-08-23T17:26:25","slug":"el-30-de-agosto-se-inaugurara-la-capilla-de-adoracion-permanente-en-tornquist-video","status":"publish","type":"post","link":"https:\/\/www.celttv.com.ar\/index.php\/2024\/08\/23\/el-30-de-agosto-se-inaugurara-la-capilla-de-adoracion-permanente-en-tornquist-video\/","title":{"rendered":"El 30 de Agosto se inaugurar\u00e1 la Capilla de Adoraci\u00f3n permanente en Tornquist (Video)"},"content":{"rendered":"<p>Con mucha expectativa se aguarda la culminaci\u00f3n de obra de la Capilla de Adoraci\u00f3n, la cual ser\u00e1 inaugurada el 30 de agosto pr\u00f3ximo, en el marco de la Fiestas Patronales de Tornquist.<\/p>\n<p>Graciela Gruccio y Claudia Marcolini, integrantes del grupo de adoradores, estuvieron en el programa CELTTV NOTICIAS donde confirmaron que la inauguraci\u00f3n de la Capilla se llevar\u00e1 a cabo el viernes 30.<\/p>\n<p>El evento, hist\u00f3rico para la comunidad, estar\u00e1 acompa\u00f1ado por el arzobispo de Bah\u00eda Blanca, Carlos Azpiroz Costa.<\/p>\n<p>A su vez, se realizar\u00e1 una Santa Misa por las Fiestas Patronales y una cena a la canasta tras la culminaci\u00f3n de la actividad en el sal\u00f3n parroquial.<\/p>\n<p><iframe loading=\"lazy\" title=\"2024 08 22 NOTA A GRACIELA GRUCCIO Y CLAUDIA MARCOLINI\" width=\"500\" height=\"281\" src=\"https:\/\/www.youtube.com\/embed\/1-oHTo3OXl4?feature=oembed\" frameborder=\"0\" allow=\"accelerometer; autoplay; clipboard-write; encrypted-media; gyroscope; picture-in-picture; web-share\" referrerpolicy=\"strict-origin-when-cross-origin\" allowfullscreen><\/iframe><\/p>\n","protected":false},"excerpt":{"rendered":"<p>Con mucha expectativa se aguarda la culminaci\u00f3n de obra de la Capilla de Adoraci\u00f3n, la cual ser\u00e1 inaugurada el 30 de agosto pr\u00f3ximo, en el marco de la Fiestas Patronales de Tornquist. Graciela Gruccio y Claudia Marcolini, integrantes del grupo de adoradores, estuvieron en el programa CELTTV NOTICIAS donde confirmaron que la inauguraci\u00f3n de la [&hellip;]<\/p>\n","protected":false},"author":3,"featured_media":85757,"comment_status":"closed","ping_status":"closed","sticky":false,"template":"","format":"standard","meta":{"footnotes":""},"categories":[55,1],"tags":[],"class_list":["post-85744","post","type-post","status-publish","format-standard","has-post-thumbnail","hentry","category-celt-tv-noticias","category-sin-categoria"],"yoast_head":"<!-- This site is optimized with the Yoast SEO plugin v19.7.1 - https:\/\/yoast.com\/wordpress\/plugins\/seo\/ -->\n<title>El 30 de Agosto se inaugurar\u00e1 la Capilla de Adoraci\u00f3n permanente en Tornquist (Video) - CELTTV<\/title>\n<meta name=\"description\" content=\"Sitio web de noticias de la localidad de Tornquist, provincia de Buenos Aires, Rep\u00fablica Argentina. Contenido propio originado por periodistas de CELTTV, el canal de TV local de la Cooperativa El\u00e9ctrica de Tornquist. Turismo, Pol\u00edtica, Sociedad, Deporte, Cultura y todo el contenido de inter\u00e9s general que la gente del pueblo y la regi\u00f3n debe conocer.\" \/>\n<meta name=\"robots\" content=\"index, follow, max-snippet:-1, max-image-preview:large, max-video-preview:-1\" \/>\n<link rel=\"canonical\" href=\"https:\/\/www.celttv.com.ar\/index.php\/2024\/08\/23\/el-30-de-agosto-se-inaugurara-la-capilla-de-adoracion-permanente-en-tornquist-video\/\" \/>\n<meta property=\"og:locale\" content=\"es_ES\" \/>\n<meta property=\"og:type\" content=\"article\" \/>\n<meta property=\"og:title\" content=\"El 30 de Agosto se inaugurar\u00e1 la Capilla de Adoraci\u00f3n permanente en Tornquist (Video) - CELTTV\" \/>\n<meta property=\"og:description\" content=\"Sitio web de noticias de la localidad de Tornquist, provincia de Buenos Aires, Rep\u00fablica Argentina. Contenido propio originado por periodistas de CELTTV, el canal de TV local de la Cooperativa El\u00e9ctrica de Tornquist. Turismo, Pol\u00edtica, Sociedad, Deporte, Cultura y todo el contenido de inter\u00e9s general que la gente del pueblo y la regi\u00f3n debe conocer.\" \/>\n<meta property=\"og:url\" content=\"https:\/\/www.celttv.com.ar\/index.php\/2024\/08\/23\/el-30-de-agosto-se-inaugurara-la-capilla-de-adoracion-permanente-en-tornquist-video\/\" \/>\n<meta property=\"og:site_name\" content=\"CELTTV\" \/>\n<meta property=\"article:publisher\" content=\"https:\/\/www.facebook.com\/celtTV\/\" \/>\n<meta property=\"article:published_time\" content=\"2024-08-23T17:26:25+00:00\" \/>\n<meta property=\"og:image\" content=\"https:\/\/www.celttv.com.ar\/wp-content\/uploads\/2024\/08\/GRUCCIO-MARCOLINI.jpg\" \/>\n\t<meta property=\"og:image:width\" content=\"1280\" \/>\n\t<meta property=\"og:image:height\" content=\"720\" \/>\n\t<meta property=\"og:image:type\" content=\"image\/jpeg\" \/>\n<meta name=\"author\" content=\"Rodrigo Sgammini\" \/>\n<meta name=\"twitter:card\" content=\"summary_large_image\" \/>\n<meta name=\"twitter:label1\" content=\"Escrito por\" \/>\n\t<meta name=\"twitter:data1\" content=\"Rodrigo Sgammini\" \/>\n\t<meta name=\"twitter:label2\" content=\"Tiempo de lectura\" \/>\n\t<meta name=\"twitter:data2\" content=\"1 minuto\" \/>\n<script type=\"application\/ld+json\" class=\"yoast-schema-graph\">{\"@context\":\"https:\/\/schema.org\",\"@graph\":[{\"@type\":\"NewsArticle\",\"@id\":\"https:\/\/www.celttv.com.ar\/index.php\/2024\/08\/23\/el-30-de-agosto-se-inaugurara-la-capilla-de-adoracion-permanente-en-tornquist-video\/#article\",\"isPartOf\":{\"@id\":\"https:\/\/www.celttv.com.ar\/index.php\/2024\/08\/23\/el-30-de-agosto-se-inaugurara-la-capilla-de-adoracion-permanente-en-tornquist-video\/\"},\"author\":{\"name\":\"Rodrigo Sgammini\",\"@id\":\"https:\/\/www.celttv.com.ar\/#\/schema\/person\/495be51d064edd971d8457f8f64eb172\"},\"headline\":\"El 30 de Agosto se inaugurar\u00e1 la Capilla de Adoraci\u00f3n permanente en Tornquist (Video)\",\"datePublished\":\"2024-08-23T17:26:25+00:00\",\"dateModified\":\"2024-08-23T17:26:25+00:00\",\"mainEntityOfPage\":{\"@id\":\"https:\/\/www.celttv.com.ar\/index.php\/2024\/08\/23\/el-30-de-agosto-se-inaugurara-la-capilla-de-adoracion-permanente-en-tornquist-video\/\"},\"wordCount\":138,\"publisher\":{\"@id\":\"https:\/\/www.celttv.com.ar\/#organization\"},\"articleSection\":[\"Celt TV Noticias\"],\"inLanguage\":\"es\"},{\"@type\":\"WebPage\",\"@id\":\"https:\/\/www.celttv.com.ar\/index.php\/2024\/08\/23\/el-30-de-agosto-se-inaugurara-la-capilla-de-adoracion-permanente-en-tornquist-video\/\",\"url\":\"https:\/\/www.celttv.com.ar\/index.php\/2024\/08\/23\/el-30-de-agosto-se-inaugurara-la-capilla-de-adoracion-permanente-en-tornquist-video\/\",\"name\":\"El 30 de Agosto se inaugurar\u00e1 la Capilla de Adoraci\u00f3n permanente en Tornquist (Video) - CELTTV\",\"isPartOf\":{\"@id\":\"https:\/\/www.celttv.com.ar\/#website\"},\"datePublished\":\"2024-08-23T17:26:25+00:00\",\"dateModified\":\"2024-08-23T17:26:25+00:00\",\"description\":\"Sitio web de noticias de la localidad de Tornquist, provincia de Buenos Aires, Rep\u00fablica Argentina. Contenido propio originado por periodistas de CELTTV, el canal de TV local de la Cooperativa El\u00e9ctrica de Tornquist. Turismo, Pol\u00edtica, Sociedad, Deporte, Cultura y todo el contenido de inter\u00e9s general que la gente del pueblo y la regi\u00f3n debe conocer.\",\"breadcrumb\":{\"@id\":\"https:\/\/www.celttv.com.ar\/index.php\/2024\/08\/23\/el-30-de-agosto-se-inaugurara-la-capilla-de-adoracion-permanente-en-tornquist-video\/#breadcrumb\"},\"inLanguage\":\"es\",\"potentialAction\":[{\"@type\":\"ReadAction\",\"target\":[\"https:\/\/www.celttv.com.ar\/index.php\/2024\/08\/23\/el-30-de-agosto-se-inaugurara-la-capilla-de-adoracion-permanente-en-tornquist-video\/\"]}]},{\"@type\":\"BreadcrumbList\",\"@id\":\"https:\/\/www.celttv.com.ar\/index.php\/2024\/08\/23\/el-30-de-agosto-se-inaugurara-la-capilla-de-adoracion-permanente-en-tornquist-video\/#breadcrumb\",\"itemListElement\":[{\"@type\":\"ListItem\",\"position\":1,\"name\":\"Inicio\",\"item\":\"https:\/\/www.celttv.com.ar\/\"},{\"@type\":\"ListItem\",\"position\":2,\"name\":\"El 30 de Agosto se inaugurar\u00e1 la Capilla de Adoraci\u00f3n permanente en Tornquist (Video)\"}]},{\"@type\":\"WebSite\",\"@id\":\"https:\/\/www.celttv.com.ar\/#website\",\"url\":\"https:\/\/www.celttv.com.ar\/\",\"name\":\"CELTTV\",\"description\":\"Cooperativa El\u00e9ctrica de Tornquist\",\"publisher\":{\"@id\":\"https:\/\/www.celttv.com.ar\/#organization\"},\"potentialAction\":[{\"@type\":\"SearchAction\",\"target\":{\"@type\":\"EntryPoint\",\"urlTemplate\":\"https:\/\/www.celttv.com.ar\/?s={search_term_string}\"},\"query-input\":\"required name=search_term_string\"}],\"inLanguage\":\"es\"},{\"@type\":\"Organization\",\"@id\":\"https:\/\/www.celttv.com.ar\/#organization\",\"name\":\"CELTTV\",\"url\":\"https:\/\/www.celttv.com.ar\/\",\"sameAs\":[\"https:\/\/www.youtube.com\/channel\/UCz_oIt8Hig64Ub-EmcNPIhg\",\"https:\/\/www.facebook.com\/celtTV\/\"],\"logo\":{\"@type\":\"ImageObject\",\"inLanguage\":\"es\",\"@id\":\"https:\/\/www.celttv.com.ar\/#\/schema\/logo\/image\/\",\"url\":\"http:\/\/www.celttv.com.ar\/wp-content\/uploads\/2022\/08\/logo-1.png\",\"contentUrl\":\"http:\/\/www.celttv.com.ar\/wp-content\/uploads\/2022\/08\/logo-1.png\",\"width\":461,\"height\":159,\"caption\":\"CELTTV\"},\"image\":{\"@id\":\"https:\/\/www.celttv.com.ar\/#\/schema\/logo\/image\/\"}},{\"@type\":\"Person\",\"@id\":\"https:\/\/www.celttv.com.ar\/#\/schema\/person\/495be51d064edd971d8457f8f64eb172\",\"name\":\"Rodrigo Sgammini\",\"image\":{\"@type\":\"ImageObject\",\"inLanguage\":\"es\",\"@id\":\"https:\/\/www.celttv.com.ar\/#\/schema\/person\/image\/\",\"url\":\"https:\/\/secure.gravatar.com\/avatar\/68f7848d42735e7a9276b47cd6e606327d88f521c51ae39d88888b76902e2987?s=96&d=mm&r=g\",\"contentUrl\":\"https:\/\/secure.gravatar.com\/avatar\/68f7848d42735e7a9276b47cd6e606327d88f521c51ae39d88888b76902e2987?s=96&d=mm&r=g\",\"caption\":\"Rodrigo Sgammini\"}}]}<\/script>\n<!-- \/ Yoast SEO plugin. -->","yoast_head_json":{"title":"El 30 de Agosto se inaugurar\u00e1 la Capilla de Adoraci\u00f3n permanente en Tornquist (Video) - CELTTV","description":"Sitio web de noticias de la localidad de Tornquist, provincia de Buenos Aires, Rep\u00fablica Argentina. Contenido propio originado por periodistas de CELTTV, el canal de TV local de la Cooperativa El\u00e9ctrica de Tornquist. Turismo, Pol\u00edtica, Sociedad, Deporte, Cultura y todo el contenido de inter\u00e9s general que la gente del pueblo y la regi\u00f3n debe conocer.","robots":{"index":"index","follow":"follow","max-snippet":"max-snippet:-1","max-image-preview":"max-image-preview:large","max-video-preview":"max-video-preview:-1"},"canonical":"https:\/\/www.celttv.com.ar\/index.php\/2024\/08\/23\/el-30-de-agosto-se-inaugurara-la-capilla-de-adoracion-permanente-en-tornquist-video\/","og_locale":"es_ES","og_type":"article","og_title":"El 30 de Agosto se inaugurar\u00e1 la Capilla de Adoraci\u00f3n permanente en Tornquist (Video) - CELTTV","og_description":"Sitio web de noticias de la localidad de Tornquist, provincia de Buenos Aires, Rep\u00fablica Argentina. Contenido propio originado por periodistas de CELTTV, el canal de TV local de la Cooperativa El\u00e9ctrica de Tornquist. Turismo, Pol\u00edtica, Sociedad, Deporte, Cultura y todo el contenido de inter\u00e9s general que la gente del pueblo y la regi\u00f3n debe conocer.","og_url":"https:\/\/www.celttv.com.ar\/index.php\/2024\/08\/23\/el-30-de-agosto-se-inaugurara-la-capilla-de-adoracion-permanente-en-tornquist-video\/","og_site_name":"CELTTV","article_publisher":"https:\/\/www.facebook.com\/celtTV\/","article_published_time":"2024-08-23T17:26:25+00:00","og_image":[{"width":1280,"height":720,"url":"https:\/\/www.celttv.com.ar\/wp-content\/uploads\/2024\/08\/GRUCCIO-MARCOLINI.jpg","type":"image\/jpeg"}],"author":"Rodrigo Sgammini","twitter_card":"summary_large_image","twitter_misc":{"Escrito por":"Rodrigo Sgammini","Tiempo de lectura":"1 minuto"},"schema":{"@context":"https:\/\/schema.org","@graph":[{"@type":"NewsArticle","@id":"https:\/\/www.celttv.com.ar\/index.php\/2024\/08\/23\/el-30-de-agosto-se-inaugurara-la-capilla-de-adoracion-permanente-en-tornquist-video\/#article","isPartOf":{"@id":"https:\/\/www.celttv.com.ar\/index.php\/2024\/08\/23\/el-30-de-agosto-se-inaugurara-la-capilla-de-adoracion-permanente-en-tornquist-video\/"},"author":{"name":"Rodrigo Sgammini","@id":"https:\/\/www.celttv.com.ar\/#\/schema\/person\/495be51d064edd971d8457f8f64eb172"},"headline":"El 30 de Agosto se inaugurar\u00e1 la Capilla de Adoraci\u00f3n permanente en Tornquist (Video)","datePublished":"2024-08-23T17:26:25+00:00","dateModified":"2024-08-23T17:26:25+00:00","mainEntityOfPage":{"@id":"https:\/\/www.celttv.com.ar\/index.php\/2024\/08\/23\/el-30-de-agosto-se-inaugurara-la-capilla-de-adoracion-permanente-en-tornquist-video\/"},"wordCount":138,"publisher":{"@id":"https:\/\/www.celttv.com.ar\/#organization"},"articleSection":["Celt TV Noticias"],"inLanguage":"es"},{"@type":"WebPage","@id":"https:\/\/www.celttv.com.ar\/index.php\/2024\/08\/23\/el-30-de-agosto-se-inaugurara-la-capilla-de-adoracion-permanente-en-tornquist-video\/","url":"https:\/\/www.celttv.com.ar\/index.php\/2024\/08\/23\/el-30-de-agosto-se-inaugurara-la-capilla-de-adoracion-permanente-en-tornquist-video\/","name":"El 30 de Agosto se inaugurar\u00e1 la Capilla de Adoraci\u00f3n permanente en Tornquist (Video) - CELTTV","isPartOf":{"@id":"https:\/\/www.celttv.com.ar\/#website"},"datePublished":"2024-08-23T17:26:25+00:00","dateModified":"2024-08-23T17:26:25+00:00","description":"Sitio web de noticias de la localidad de Tornquist, provincia de Buenos Aires, Rep\u00fablica Argentina. Contenido propio originado por periodistas de CELTTV, el canal de TV local de la Cooperativa El\u00e9ctrica de Tornquist. Turismo, Pol\u00edtica, Sociedad, Deporte, Cultura y todo el contenido de inter\u00e9s general que la gente del pueblo y la regi\u00f3n debe conocer.","breadcrumb":{"@id":"https:\/\/www.celttv.com.ar\/index.php\/2024\/08\/23\/el-30-de-agosto-se-inaugurara-la-capilla-de-adoracion-permanente-en-tornquist-video\/#breadcrumb"},"inLanguage":"es","potentialAction":[{"@type":"ReadAction","target":["https:\/\/www.celttv.com.ar\/index.php\/2024\/08\/23\/el-30-de-agosto-se-inaugurara-la-capilla-de-adoracion-permanente-en-tornquist-video\/"]}]},{"@type":"BreadcrumbList","@id":"https:\/\/www.celttv.com.ar\/index.php\/2024\/08\/23\/el-30-de-agosto-se-inaugurara-la-capilla-de-adoracion-permanente-en-tornquist-video\/#breadcrumb","itemListElement":[{"@type":"ListItem","position":1,"name":"Inicio","item":"https:\/\/www.celttv.com.ar\/"},{"@type":"ListItem","position":2,"name":"El 30 de Agosto se inaugurar\u00e1 la Capilla de Adoraci\u00f3n permanente en Tornquist (Video)"}]},{"@type":"WebSite","@id":"https:\/\/www.celttv.com.ar\/#website","url":"https:\/\/www.celttv.com.ar\/","name":"CELTTV","description":"Cooperativa El\u00e9ctrica de Tornquist","publisher":{"@id":"https:\/\/www.celttv.com.ar\/#organization"},"potentialAction":[{"@type":"SearchAction","target":{"@type":"EntryPoint","urlTemplate":"https:\/\/www.celttv.com.ar\/?s={search_term_string}"},"query-input":"required name=search_term_string"}],"inLanguage":"es"},{"@type":"Organization","@id":"https:\/\/www.celttv.com.ar\/#organization","name":"CELTTV","url":"https:\/\/www.celttv.com.ar\/","sameAs":["https:\/\/www.youtube.com\/channel\/UCz_oIt8Hig64Ub-EmcNPIhg","https:\/\/www.facebook.com\/celtTV\/"],"logo":{"@type":"ImageObject","inLanguage":"es","@id":"https:\/\/www.celttv.com.ar\/#\/schema\/logo\/image\/","url":"http:\/\/www.celttv.com.ar\/wp-content\/uploads\/2022\/08\/logo-1.png","contentUrl":"http:\/\/www.celttv.com.ar\/wp-content\/uploads\/2022\/08\/logo-1.png","width":461,"height":159,"caption":"CELTTV"},"image":{"@id":"https:\/\/www.celttv.com.ar\/#\/schema\/logo\/image\/"}},{"@type":"Person","@id":"https:\/\/www.celttv.com.ar\/#\/schema\/person\/495be51d064edd971d8457f8f64eb172","name":"Rodrigo Sgammini","image":{"@type":"ImageObject","inLanguage":"es","@id":"https:\/\/www.celttv.com.ar\/#\/schema\/person\/image\/","url":"https:\/\/secure.gravatar.com\/avatar\/68f7848d42735e7a9276b47cd6e606327d88f521c51ae39d88888b76902e2987?s=96&d=mm&r=g","contentUrl":"https:\/\/secure.gravatar.com\/avatar\/68f7848d42735e7a9276b47cd6e606327d88f521c51ae39d88888b76902e2987?s=96&d=mm&r=g","caption":"Rodrigo Sgammini"}}]}},"_links":{"self":[{"href":"https:\/\/www.celttv.com.ar\/index.php\/wp-json\/wp\/v2\/posts\/85744","targetHints":{"allow":["GET"]}}],"collection":[{"href":"https:\/\/www.celttv.com.ar\/index.php\/wp-json\/wp\/v2\/posts"}],"about":[{"href":"https:\/\/www.celttv.com.ar\/index.php\/wp-json\/wp\/v2\/types\/post"}],"author":[{"embeddable":true,"href":"https:\/\/www.celttv.com.ar\/index.php\/wp-json\/wp\/v2\/users\/3"}],"replies":[{"embeddable":true,"href":"https:\/\/www.celttv.com.ar\/index.php\/wp-json\/wp\/v2\/comments?post=85744"}],"version-history":[{"count":3,"href":"https:\/\/www.celttv.com.ar\/index.php\/wp-json\/wp\/v2\/posts\/85744\/revisions"}],"predecessor-version":[{"id":85758,"href":"https:\/\/www.celttv.com.ar\/index.php\/wp-json\/wp\/v2\/posts\/85744\/revisions\/85758"}],"wp:featuredmedia":[{"embeddable":true,"href":"https:\/\/www.celttv.com.ar\/index.php\/wp-json\/wp\/v2\/media\/85757"}],"wp:attachment":[{"href":"https:\/\/www.celttv.com.ar\/index.php\/wp-json\/wp\/v2\/media?parent=85744"}],"wp:term":[{"taxonomy":"category","embeddable":true,"href":"https:\/\/www.celttv.com.ar\/index.php\/wp-json\/wp\/v2\/categories?post=85744"},{"taxonomy":"post_tag","embeddable":true,"href":"https:\/\/www.celttv.com.ar\/index.php\/wp-json\/wp\/v2\/tags?post=85744"}],"curies":[{"name":"wp","href":"https:\/\/api.w.org\/{rel}","templated":true}]}}